{"id":42501,"date":"2022-09-09T09:36:09","date_gmt":"2022-09-09T12:36:09","guid":{"rendered":"https:\/\/noticiasemdestaque.com\/cd\/?p=42501"},"modified":"2022-09-09T09:36:09","modified_gmt":"2022-09-09T12:36:09","slug":"fim-dos-lixoes-prefeito-souzinha-assina-acordo-para-encerramento-do-lixao-em-serra-branca","status":"publish","type":"post","link":"https:\/\/noticiasemdestaque.com\/cd\/?p=42501","title":{"rendered":"FIM DOS LIX\u00d5ES: Prefeito Souzinha assina acordo para encerramento do lix\u00e3o em Serra Branca"},"content":{"rendered":"<p>O procurador-geral de Justi\u00e7a, Ant\u00f4nio Hort\u00eancio Rocha Neto, e o prefeito de Serra Branca, Vicente Fialho, assinaram um acordo de n\u00e3o persecu\u00e7\u00e3o penal (ANPP), na manh\u00e3 desta \u00faltima quinta-feira (08\/09), para o encerramento do lix\u00e3o do munic\u00edpio. Conforme o documento, o gestor se comprometeu a parar de destinar os res\u00edduos s\u00f3lidos para lix\u00e3o at\u00e9 o dia 08 de janeiro de 2023.<\/p>\n<p>A assinatura ocorreu durante reuni\u00e3o realizada na sede do Minist\u00e9rio P\u00fablico da Para\u00edba, em Jo\u00e3o Pessoa. Participaram o coordenador da Comiss\u00e3o de Combate aos Crimes de Responsabilidade e \u00e0 Improbidade Administrativa (Ccrimp), Eduardo de Freitas Torres; a coordenadora do Centro de Apoio Operacional do Meio Ambiente, Fabiana Lobo; e o secret\u00e1rio do Meio Ambiente de Serra Branca, Thalles Chateaubriand.<\/p>\n<figure class=\"wp-block-image aligncenter size-full is-resized\"><img fetchpriority=\"high\" decoding=\"async\" class=\"wp-image-113478\" src=\"http:\/\/deolhonocariri.com.br\/wp-content\/uploads\/2022\/09\/08-09-2022-serra-branca2.jpeg\" sizes=\"(max-width: 564px) 100vw, 564px\" srcset=\"https:\/\/deolhonocariri.com.br\/wp-content\/uploads\/2022\/09\/08-09-2022-serra-branca2.jpeg 1024w, https:\/\/deolhonocariri.com.br\/wp-content\/uploads\/2022\/09\/08-09-2022-serra-branca2-600x450.jpeg 600w, https:\/\/deolhonocariri.com.br\/wp-content\/uploads\/2022\/09\/08-09-2022-serra-branca2-400x300.jpeg 400w, https:\/\/deolhonocariri.com.br\/wp-content\/uploads\/2022\/09\/08-09-2022-serra-branca2-768x576.jpeg 768w\" alt=\"\" width=\"564\" height=\"423\" \/><\/figure>\n<p>O procurador-geral destacou que o Minist\u00e9rio P\u00fablico da Para\u00edba tem buscado o di\u00e1logo com os prefeitos para a resolu\u00e7\u00e3o do problema dos lix\u00f5es no estado e que a meta \u00e9 chegar aos 100% de munic\u00edpios paraibanos com destina\u00e7\u00e3o correta dos res\u00edduos s\u00f3lidos.<\/p>\n<p>Na reuni\u00e3o, o promotor Eduardo Torres contextualizou o projeto \u201cFim dos Lix\u00f5es\u201d, que teve in\u00edcio em 2018, e que atingiu, at\u00e9 2022, cerca de 90% dos munic\u00edpios sem destinar seus res\u00edduos para lix\u00f5es, por meio da assinatura de acordos de n\u00e3o persecu\u00e7\u00e3o penal e de termos de ajustamento de conduta. Ele tamb\u00e9m explicou que o MP est\u00e1 \u00e0 disposi\u00e7\u00e3o para contribuir com o munic\u00edpio na resolu\u00e7\u00e3o do problema.<\/p>\n<p>Os representantes da Prefeitura de Serra Branca informaram as medidas que j\u00e1 est\u00e3o sendo tomadas para garantir a solu\u00e7\u00e3o do problema, entre elas a elabora\u00e7\u00e3o do Plano de Gest\u00e3o Integrada de Res\u00edduos S\u00f3lidos e do Plano de Recupera\u00e7\u00e3o da \u00c1rea Degradada.<\/p>\n<p><strong>Noticias em Destaque<\/strong><\/p>\n<p style=\"text-align: right;\"><em>Fonte: De Olho no Cariri<\/em><strong>\/<\/strong><em>Ascom MPPB<\/em><\/p>\n","protected":false},"excerpt":{"rendered":"<p>O procurador-geral de Justi\u00e7a, Ant\u00f4nio Hort\u00eancio Rocha Neto, e o prefeito de Serra Branca, Vicente Fialho, assinaram um acordo de n\u00e3o persecu\u00e7\u00e3o penal (ANPP), na manh\u00e3 desta \u00faltima quinta-feira (08\/09), para o encerramento do lix\u00e3o do munic\u00edpio. Conforme o documento, o gestor se comprometeu a parar de destinar os res\u00edduos s\u00f3lidos para lix\u00e3o at\u00e9 o dia 08 de janeiro de 2023. A assinatura ocorreu durante reuni\u00e3o realizada na sede do Minist\u00e9rio P\u00fablico da Para\u00edba, em Jo\u00e3o Pessoa. Participaram o coordenador da Comiss\u00e3o de Combate aos Crimes de Responsabilidade e \u00e0 Improbidade Administrativa (Ccrimp), Eduardo de Freitas Torres; a coordenadora do Centro de Apoio Operacional do Meio Ambiente, Fabiana Lobo; e o secret\u00e1rio do Meio Ambiente de Serra Branca, Thalles Chateaubriand. O procurador-geral destacou que o Minist\u00e9rio P\u00fablico da Para\u00edba tem buscado o di\u00e1logo com os prefeitos para a resolu\u00e7\u00e3o do problema dos lix\u00f5es no estado e que a meta \u00e9 chegar aos 100% de munic\u00edpios paraibanos com destina\u00e7\u00e3o correta dos res\u00edduos s\u00f3lidos. Na reuni\u00e3o, o promotor Eduardo Torres contextualizou o projeto \u201cFim dos Lix\u00f5es\u201d, que teve in\u00edcio em 2018, e que atingiu, at\u00e9 2022, cerca de 90% dos munic\u00edpios sem destinar seus res\u00edduos para lix\u00f5es, por meio da assinatura de acordos de n\u00e3o persecu\u00e7\u00e3o penal e de termos de ajustamento de conduta. Ele tamb\u00e9m explicou que o MP est\u00e1 \u00e0 disposi\u00e7\u00e3o para contribuir com o munic\u00edpio na resolu\u00e7\u00e3o do problema. Os representantes da Prefeitura de Serra Branca informaram as medidas que j\u00e1 est\u00e3o sendo tomadas para garantir a solu\u00e7\u00e3o do problema, entre elas a elabora\u00e7\u00e3o do Plano de Gest\u00e3o Integrada de Res\u00edduos S\u00f3lidos e do Plano de Recupera\u00e7\u00e3o da \u00c1rea Degradada. Noticias em Destaque Fonte: De Olho no Cariri\/Ascom MPPB<\/p>\n","protected":false},"author":2,"featured_media":42502,"comment_status":"closed","ping_status":"open","sticky":false,"template":"","format":"standard","meta":{"_eb_attr":"","_jetpack_memberships_contains_paid_content":false,"footnotes":""},"categories":[3],"tags":[],"class_list":["post-42501","post","type-post","status-publish","format-standard","has-post-thumbnail","hentry","category-cidades"],"yoast_head":"<!-- This site is optimized with the Yoast SEO plugin v26.5 - https:\/\/yoast.com\/wordpress\/plugins\/seo\/ -->\n<title>FIM DOS LIX\u00d5ES: Prefeito Souzinha assina acordo para encerramento do lix\u00e3o em Serra Branca - Not&iacute;cias em Destaque<\/title>\n<meta name=\"robots\" content=\"index, follow, max-snippet:-1, max-image-preview:large, max-video-preview:-1\" \/>\n<link rel=\"canonical\" href=\"https:\/\/noticiasemdestaque.com\/cd\/?p=42501\" \/>\n<meta property=\"og:locale\" content=\"pt_BR\" \/>\n<meta property=\"og:type\" content=\"article\" \/>\n<meta property=\"og:title\" content=\"FIM DOS LIX\u00d5ES: Prefeito Souzinha assina acordo para encerramento do lix\u00e3o em Serra Branca - Not&iacute;cias em Destaque\" \/>\n<meta property=\"og:description\" content=\"O procurador-geral de Justi\u00e7a, Ant\u00f4nio Hort\u00eancio Rocha Neto, e o prefeito de Serra Branca, Vicente Fialho, assinaram um acordo de n\u00e3o persecu\u00e7\u00e3o penal (ANPP), na manh\u00e3 desta \u00faltima quinta-feira (08\/09), para o encerramento do lix\u00e3o do munic\u00edpio. Conforme o documento, o gestor se comprometeu a parar de destinar os res\u00edduos s\u00f3lidos para lix\u00e3o at\u00e9 o dia 08 de janeiro de 2023. A assinatura ocorreu durante reuni\u00e3o realizada na sede do Minist\u00e9rio P\u00fablico da Para\u00edba, em Jo\u00e3o Pessoa. Participaram o coordenador da Comiss\u00e3o de Combate aos Crimes de Responsabilidade e \u00e0 Improbidade Administrativa (Ccrimp), Eduardo de Freitas Torres; a coordenadora do Centro de Apoio Operacional do Meio Ambiente, Fabiana Lobo; e o secret\u00e1rio do Meio Ambiente de Serra Branca, Thalles Chateaubriand. O procurador-geral destacou que o Minist\u00e9rio P\u00fablico da Para\u00edba tem buscado o di\u00e1logo com os prefeitos para a resolu\u00e7\u00e3o do problema dos lix\u00f5es no estado e que a meta \u00e9 chegar aos 100% de munic\u00edpios paraibanos com destina\u00e7\u00e3o correta dos res\u00edduos s\u00f3lidos. Na reuni\u00e3o, o promotor Eduardo Torres contextualizou o projeto \u201cFim dos Lix\u00f5es\u201d, que teve in\u00edcio em 2018, e que atingiu, at\u00e9 2022, cerca de 90% dos munic\u00edpios sem destinar seus res\u00edduos para lix\u00f5es, por meio da assinatura de acordos de n\u00e3o persecu\u00e7\u00e3o penal e de termos de ajustamento de conduta. Ele tamb\u00e9m explicou que o MP est\u00e1 \u00e0 disposi\u00e7\u00e3o para contribuir com o munic\u00edpio na resolu\u00e7\u00e3o do problema. Os representantes da Prefeitura de Serra Branca informaram as medidas que j\u00e1 est\u00e3o sendo tomadas para garantir a solu\u00e7\u00e3o do problema, entre elas a elabora\u00e7\u00e3o do Plano de Gest\u00e3o Integrada de Res\u00edduos S\u00f3lidos e do Plano de Recupera\u00e7\u00e3o da \u00c1rea Degradada. Noticias em Destaque Fonte: De Olho no Cariri\/Ascom MPPB\" \/>\n<meta property=\"og:url\" content=\"https:\/\/noticiasemdestaque.com\/cd\/?p=42501\" \/>\n<meta property=\"og:site_name\" content=\"Not&iacute;cias em Destaque\" \/>\n<meta property=\"article:published_time\" content=\"2022-09-09T12:36:09+00:00\" \/>\n<meta property=\"og:image\" content=\"https:\/\/noticiasemdestaque.com\/cd\/wp-content\/uploads\/2022\/09\/08-09-2022-serra-branca1.png\" \/>\n\t<meta property=\"og:image:width\" content=\"591\" \/>\n\t<meta property=\"og:image:height\" content=\"404\" \/>\n\t<meta property=\"og:image:type\" content=\"image\/png\" \/>\n<meta name=\"author\" content=\"Not\u00edcias em Destaque\" \/>\n<meta name=\"twitter:card\" content=\"summary_large_image\" \/>\n<meta name=\"twitter:label1\" content=\"Escrito por\" \/>\n\t<meta name=\"twitter:data1\" content=\"Not\u00edcias em Destaque\" \/>\n\t<meta name=\"twitter:label2\" content=\"Est. tempo de leitura\" \/>\n\t<meta name=\"twitter:data2\" content=\"2 minutos\" \/>\n<script type=\"application\/ld+json\" class=\"yoast-schema-graph\">{\"@context\":\"https:\/\/schema.org\",\"@graph\":[{\"@type\":\"Article\",\"@id\":\"https:\/\/noticiasemdestaque.com\/cd\/?p=42501#article\",\"isPartOf\":{\"@id\":\"https:\/\/noticiasemdestaque.com\/cd\/?p=42501\"},\"author\":{\"name\":\"Not\u00edcias em Destaque\",\"@id\":\"https:\/\/noticiasemdestaque.com\/cd\/#\/schema\/person\/4a81fb71f77579d059c3045891fa1786\"},\"headline\":\"FIM DOS LIX\u00d5ES: Prefeito Souzinha assina acordo para encerramento do lix\u00e3o em Serra Branca\",\"datePublished\":\"2022-09-09T12:36:09+00:00\",\"mainEntityOfPage\":{\"@id\":\"https:\/\/noticiasemdestaque.com\/cd\/?p=42501\"},\"wordCount\":333,\"publisher\":{\"@id\":\"https:\/\/noticiasemdestaque.com\/cd\/#organization\"},\"image\":{\"@id\":\"https:\/\/noticiasemdestaque.com\/cd\/?p=42501#primaryimage\"},\"thumbnailUrl\":\"https:\/\/noticiasemdestaque.com\/cd\/wp-content\/uploads\/2022\/09\/08-09-2022-serra-branca1.png\",\"articleSection\":[\"Cidades\"],\"inLanguage\":\"pt-BR\"},{\"@type\":\"WebPage\",\"@id\":\"https:\/\/noticiasemdestaque.com\/cd\/?p=42501\",\"url\":\"https:\/\/noticiasemdestaque.com\/cd\/?p=42501\",\"name\":\"FIM DOS LIX\u00d5ES: Prefeito Souzinha assina acordo para encerramento do lix\u00e3o em Serra Branca - Not&iacute;cias em Destaque\",\"isPartOf\":{\"@id\":\"https:\/\/noticiasemdestaque.com\/cd\/#website\"},\"primaryImageOfPage\":{\"@id\":\"https:\/\/noticiasemdestaque.com\/cd\/?p=42501#primaryimage\"},\"image\":{\"@id\":\"https:\/\/noticiasemdestaque.com\/cd\/?p=42501#primaryimage\"},\"thumbnailUrl\":\"https:\/\/noticiasemdestaque.com\/cd\/wp-content\/uploads\/2022\/09\/08-09-2022-serra-branca1.png\",\"datePublished\":\"2022-09-09T12:36:09+00:00\",\"breadcrumb\":{\"@id\":\"https:\/\/noticiasemdestaque.com\/cd\/?p=42501#breadcrumb\"},\"inLanguage\":\"pt-BR\",\"potentialAction\":[{\"@type\":\"ReadAction\",\"target\":[\"https:\/\/noticiasemdestaque.com\/cd\/?p=42501\"]}]},{\"@type\":\"ImageObject\",\"inLanguage\":\"pt-BR\",\"@id\":\"https:\/\/noticiasemdestaque.com\/cd\/?p=42501#primaryimage\",\"url\":\"https:\/\/noticiasemdestaque.com\/cd\/wp-content\/uploads\/2022\/09\/08-09-2022-serra-branca1.png\",\"contentUrl\":\"https:\/\/noticiasemdestaque.com\/cd\/wp-content\/uploads\/2022\/09\/08-09-2022-serra-branca1.png\",\"width\":591,\"height\":404},{\"@type\":\"BreadcrumbList\",\"@id\":\"https:\/\/noticiasemdestaque.com\/cd\/?p=42501#breadcrumb\",\"itemListElement\":[{\"@type\":\"ListItem\",\"position\":1,\"name\":\"In\u00edcio\",\"item\":\"https:\/\/noticiasemdestaque.com\/cd\/\"},{\"@type\":\"ListItem\",\"position\":2,\"name\":\"FIM DOS LIX\u00d5ES: Prefeito Souzinha assina acordo para encerramento do lix\u00e3o em Serra Branca\"}]},{\"@type\":\"WebSite\",\"@id\":\"https:\/\/noticiasemdestaque.com\/cd\/#website\",\"url\":\"https:\/\/noticiasemdestaque.com\/cd\/\",\"name\":\"Not&iacute;cias em Destaque\",\"description\":\"\",\"publisher\":{\"@id\":\"https:\/\/noticiasemdestaque.com\/cd\/#organization\"},\"potentialAction\":[{\"@type\":\"SearchAction\",\"target\":{\"@type\":\"EntryPoint\",\"urlTemplate\":\"https:\/\/noticiasemdestaque.com\/cd\/?s={search_term_string}\"},\"query-input\":{\"@type\":\"PropertyValueSpecification\",\"valueRequired\":true,\"valueName\":\"search_term_string\"}}],\"inLanguage\":\"pt-BR\"},{\"@type\":\"Organization\",\"@id\":\"https:\/\/noticiasemdestaque.com\/cd\/#organization\",\"name\":\"Not\u00edcias em Destaque\",\"url\":\"https:\/\/noticiasemdestaque.com\/cd\/\",\"logo\":{\"@type\":\"ImageObject\",\"inLanguage\":\"pt-BR\",\"@id\":\"https:\/\/noticiasemdestaque.com\/cd\/#\/schema\/logo\/image\/\",\"url\":\"https:\/\/noticiasemdestaque.com\/cd\/wp-content\/uploads\/2022\/05\/imagem-base-noticiasemdestaque.png\",\"contentUrl\":\"https:\/\/noticiasemdestaque.com\/cd\/wp-content\/uploads\/2022\/05\/imagem-base-noticiasemdestaque.png\",\"width\":1200,\"height\":630,\"caption\":\"Not\u00edcias em Destaque\"},\"image\":{\"@id\":\"https:\/\/noticiasemdestaque.com\/cd\/#\/schema\/logo\/image\/\"}},{\"@type\":\"Person\",\"@id\":\"https:\/\/noticiasemdestaque.com\/cd\/#\/schema\/person\/4a81fb71f77579d059c3045891fa1786\",\"name\":\"Not\u00edcias em Destaque\",\"url\":\"https:\/\/noticiasemdestaque.com\/cd\/?author=2\"}]}<\/script>\n<!-- \/ Yoast SEO plugin. -->","yoast_head_json":{"title":"FIM DOS LIX\u00d5ES: Prefeito Souzinha assina acordo para encerramento do lix\u00e3o em Serra Branca - Not&iacute;cias em Destaque","robots":{"index":"index","follow":"follow","max-snippet":"max-snippet:-1","max-image-preview":"max-image-preview:large","max-video-preview":"max-video-preview:-1"},"canonical":"https:\/\/noticiasemdestaque.com\/cd\/?p=42501","og_locale":"pt_BR","og_type":"article","og_title":"FIM DOS LIX\u00d5ES: Prefeito Souzinha assina acordo para encerramento do lix\u00e3o em Serra Branca - Not&iacute;cias em Destaque","og_description":"O procurador-geral de Justi\u00e7a, Ant\u00f4nio Hort\u00eancio Rocha Neto, e o prefeito de Serra Branca, Vicente Fialho, assinaram um acordo de n\u00e3o persecu\u00e7\u00e3o penal (ANPP), na manh\u00e3 desta \u00faltima quinta-feira (08\/09), para o encerramento do lix\u00e3o do munic\u00edpio. Conforme o documento, o gestor se comprometeu a parar de destinar os res\u00edduos s\u00f3lidos para lix\u00e3o at\u00e9 o dia 08 de janeiro de 2023. A assinatura ocorreu durante reuni\u00e3o realizada na sede do Minist\u00e9rio P\u00fablico da Para\u00edba, em Jo\u00e3o Pessoa. Participaram o coordenador da Comiss\u00e3o de Combate aos Crimes de Responsabilidade e \u00e0 Improbidade Administrativa (Ccrimp), Eduardo de Freitas Torres; a coordenadora do Centro de Apoio Operacional do Meio Ambiente, Fabiana Lobo; e o secret\u00e1rio do Meio Ambiente de Serra Branca, Thalles Chateaubriand. O procurador-geral destacou que o Minist\u00e9rio P\u00fablico da Para\u00edba tem buscado o di\u00e1logo com os prefeitos para a resolu\u00e7\u00e3o do problema dos lix\u00f5es no estado e que a meta \u00e9 chegar aos 100% de munic\u00edpios paraibanos com destina\u00e7\u00e3o correta dos res\u00edduos s\u00f3lidos. Na reuni\u00e3o, o promotor Eduardo Torres contextualizou o projeto \u201cFim dos Lix\u00f5es\u201d, que teve in\u00edcio em 2018, e que atingiu, at\u00e9 2022, cerca de 90% dos munic\u00edpios sem destinar seus res\u00edduos para lix\u00f5es, por meio da assinatura de acordos de n\u00e3o persecu\u00e7\u00e3o penal e de termos de ajustamento de conduta. Ele tamb\u00e9m explicou que o MP est\u00e1 \u00e0 disposi\u00e7\u00e3o para contribuir com o munic\u00edpio na resolu\u00e7\u00e3o do problema. Os representantes da Prefeitura de Serra Branca informaram as medidas que j\u00e1 est\u00e3o sendo tomadas para garantir a solu\u00e7\u00e3o do problema, entre elas a elabora\u00e7\u00e3o do Plano de Gest\u00e3o Integrada de Res\u00edduos S\u00f3lidos e do Plano de Recupera\u00e7\u00e3o da \u00c1rea Degradada. Noticias em Destaque Fonte: De Olho no Cariri\/Ascom MPPB","og_url":"https:\/\/noticiasemdestaque.com\/cd\/?p=42501","og_site_name":"Not&iacute;cias em Destaque","article_published_time":"2022-09-09T12:36:09+00:00","og_image":[{"width":591,"height":404,"url":"https:\/\/noticiasemdestaque.com\/cd\/wp-content\/uploads\/2022\/09\/08-09-2022-serra-branca1.png","type":"image\/png"}],"author":"Not\u00edcias em Destaque","twitter_card":"summary_large_image","twitter_misc":{"Escrito por":"Not\u00edcias em Destaque","Est. tempo de leitura":"2 minutos"},"schema":{"@context":"https:\/\/schema.org","@graph":[{"@type":"Article","@id":"https:\/\/noticiasemdestaque.com\/cd\/?p=42501#article","isPartOf":{"@id":"https:\/\/noticiasemdestaque.com\/cd\/?p=42501"},"author":{"name":"Not\u00edcias em Destaque","@id":"https:\/\/noticiasemdestaque.com\/cd\/#\/schema\/person\/4a81fb71f77579d059c3045891fa1786"},"headline":"FIM DOS LIX\u00d5ES: Prefeito Souzinha assina acordo para encerramento do lix\u00e3o em Serra Branca","datePublished":"2022-09-09T12:36:09+00:00","mainEntityOfPage":{"@id":"https:\/\/noticiasemdestaque.com\/cd\/?p=42501"},"wordCount":333,"publisher":{"@id":"https:\/\/noticiasemdestaque.com\/cd\/#organization"},"image":{"@id":"https:\/\/noticiasemdestaque.com\/cd\/?p=42501#primaryimage"},"thumbnailUrl":"https:\/\/noticiasemdestaque.com\/cd\/wp-content\/uploads\/2022\/09\/08-09-2022-serra-branca1.png","articleSection":["Cidades"],"inLanguage":"pt-BR"},{"@type":"WebPage","@id":"https:\/\/noticiasemdestaque.com\/cd\/?p=42501","url":"https:\/\/noticiasemdestaque.com\/cd\/?p=42501","name":"FIM DOS LIX\u00d5ES: Prefeito Souzinha assina acordo para encerramento do lix\u00e3o em Serra Branca - Not&iacute;cias em Destaque","isPartOf":{"@id":"https:\/\/noticiasemdestaque.com\/cd\/#website"},"primaryImageOfPage":{"@id":"https:\/\/noticiasemdestaque.com\/cd\/?p=42501#primaryimage"},"image":{"@id":"https:\/\/noticiasemdestaque.com\/cd\/?p=42501#primaryimage"},"thumbnailUrl":"https:\/\/noticiasemdestaque.com\/cd\/wp-content\/uploads\/2022\/09\/08-09-2022-serra-branca1.png","datePublished":"2022-09-09T12:36:09+00:00","breadcrumb":{"@id":"https:\/\/noticiasemdestaque.com\/cd\/?p=42501#breadcrumb"},"inLanguage":"pt-BR","potentialAction":[{"@type":"ReadAction","target":["https:\/\/noticiasemdestaque.com\/cd\/?p=42501"]}]},{"@type":"ImageObject","inLanguage":"pt-BR","@id":"https:\/\/noticiasemdestaque.com\/cd\/?p=42501#primaryimage","url":"https:\/\/noticiasemdestaque.com\/cd\/wp-content\/uploads\/2022\/09\/08-09-2022-serra-branca1.png","contentUrl":"https:\/\/noticiasemdestaque.com\/cd\/wp-content\/uploads\/2022\/09\/08-09-2022-serra-branca1.png","width":591,"height":404},{"@type":"BreadcrumbList","@id":"https:\/\/noticiasemdestaque.com\/cd\/?p=42501#breadcrumb","itemListElement":[{"@type":"ListItem","position":1,"name":"In\u00edcio","item":"https:\/\/noticiasemdestaque.com\/cd\/"},{"@type":"ListItem","position":2,"name":"FIM DOS LIX\u00d5ES: Prefeito Souzinha assina acordo para encerramento do lix\u00e3o em Serra Branca"}]},{"@type":"WebSite","@id":"https:\/\/noticiasemdestaque.com\/cd\/#website","url":"https:\/\/noticiasemdestaque.com\/cd\/","name":"Not&iacute;cias em Destaque","description":"","publisher":{"@id":"https:\/\/noticiasemdestaque.com\/cd\/#organization"},"potentialAction":[{"@type":"SearchAction","target":{"@type":"EntryPoint","urlTemplate":"https:\/\/noticiasemdestaque.com\/cd\/?s={search_term_string}"},"query-input":{"@type":"PropertyValueSpecification","valueRequired":true,"valueName":"search_term_string"}}],"inLanguage":"pt-BR"},{"@type":"Organization","@id":"https:\/\/noticiasemdestaque.com\/cd\/#organization","name":"Not\u00edcias em Destaque","url":"https:\/\/noticiasemdestaque.com\/cd\/","logo":{"@type":"ImageObject","inLanguage":"pt-BR","@id":"https:\/\/noticiasemdestaque.com\/cd\/#\/schema\/logo\/image\/","url":"https:\/\/noticiasemdestaque.com\/cd\/wp-content\/uploads\/2022\/05\/imagem-base-noticiasemdestaque.png","contentUrl":"https:\/\/noticiasemdestaque.com\/cd\/wp-content\/uploads\/2022\/05\/imagem-base-noticiasemdestaque.png","width":1200,"height":630,"caption":"Not\u00edcias em Destaque"},"image":{"@id":"https:\/\/noticiasemdestaque.com\/cd\/#\/schema\/logo\/image\/"}},{"@type":"Person","@id":"https:\/\/noticiasemdestaque.com\/cd\/#\/schema\/person\/4a81fb71f77579d059c3045891fa1786","name":"Not\u00edcias em Destaque","url":"https:\/\/noticiasemdestaque.com\/cd\/?author=2"}]}},"jetpack_featured_media_url":"https:\/\/noticiasemdestaque.com\/cd\/wp-content\/uploads\/2022\/09\/08-09-2022-serra-branca1.png","jetpack_sharing_enabled":true,"_links":{"self":[{"href":"https:\/\/noticiasemdestaque.com\/cd\/index.php?rest_route=\/wp\/v2\/posts\/42501","targetHints":{"allow":["GET"]}}],"collection":[{"href":"https:\/\/noticiasemdestaque.com\/cd\/index.php?rest_route=\/wp\/v2\/posts"}],"about":[{"href":"https:\/\/noticiasemdestaque.com\/cd\/index.php?rest_route=\/wp\/v2\/types\/post"}],"author":[{"embeddable":true,"href":"https:\/\/noticiasemdestaque.com\/cd\/index.php?rest_route=\/wp\/v2\/users\/2"}],"replies":[{"embeddable":true,"href":"https:\/\/noticiasemdestaque.com\/cd\/index.php?rest_route=%2Fwp%2Fv2%2Fcomments&post=42501"}],"version-history":[{"count":1,"href":"https:\/\/noticiasemdestaque.com\/cd\/index.php?rest_route=\/wp\/v2\/posts\/42501\/revisions"}],"predecessor-version":[{"id":42503,"href":"https:\/\/noticiasemdestaque.com\/cd\/index.php?rest_route=\/wp\/v2\/posts\/42501\/revisions\/42503"}],"wp:featuredmedia":[{"embeddable":true,"href":"https:\/\/noticiasemdestaque.com\/cd\/index.php?rest_route=\/wp\/v2\/media\/42502"}],"wp:attachment":[{"href":"https:\/\/noticiasemdestaque.com\/cd\/index.php?rest_route=%2Fwp%2Fv2%2Fmedia&parent=42501"}],"wp:term":[{"taxonomy":"category","embeddable":true,"href":"https:\/\/noticiasemdestaque.com\/cd\/index.php?rest_route=%2Fwp%2Fv2%2Fcategories&post=42501"},{"taxonomy":"post_tag","embeddable":true,"href":"https:\/\/noticiasemdestaque.com\/cd\/index.php?rest_route=%2Fwp%2Fv2%2Ftags&post=42501"}],"curies":[{"name":"wp","href":"https:\/\/api.w.org\/{rel}","templated":true}]}}