{"id":42498,"date":"2022-09-09T09:10:54","date_gmt":"2022-09-09T12:10:54","guid":{"rendered":"https:\/\/noticiasemdestaque.com\/cd\/?p=42498"},"modified":"2022-09-09T09:10:54","modified_gmt":"2022-09-09T12:10:54","slug":"confira-a-agenda-dos-candidatos-ao-governo-da-paraiba-nesta-sexta-feira","status":"publish","type":"post","link":"https:\/\/noticiasemdestaque.com\/cd\/?p=42498","title":{"rendered":"Confira a agenda dos candidatos ao Governo da Para\u00edba nesta sexta-feira"},"content":{"rendered":"<p><a href=\"https:\/\/noticiasemdestaque.com\/cd\/wp-content\/uploads\/2022\/09\/001-governadores-1.jpg\"><img fetchpriority=\"high\" decoding=\"async\" class=\"alignnone  wp-image-42499\" src=\"https:\/\/noticiasemdestaque.com\/cd\/wp-content\/uploads\/2022\/09\/001-governadores-1-300x200.jpg\" alt=\"\" width=\"864\" height=\"576\" srcset=\"https:\/\/noticiasemdestaque.com\/cd\/wp-content\/uploads\/2022\/09\/001-governadores-1-300x200.jpg 300w, https:\/\/noticiasemdestaque.com\/cd\/wp-content\/uploads\/2022\/09\/001-governadores-1-768x513.jpg 768w, https:\/\/noticiasemdestaque.com\/cd\/wp-content\/uploads\/2022\/09\/001-governadores-1-18x12.jpg 18w, https:\/\/noticiasemdestaque.com\/cd\/wp-content\/uploads\/2022\/09\/001-governadores-1.jpg 876w\" sizes=\"(max-width: 864px) 100vw, 864px\" \/><\/a><\/p>\n<p>Os candidatos ao Governo do Estado participam nesta sexta-feira (9)\u00a0de reuni\u00f5es, caravanas e com\u00edcios entre outras atividades. O ClickPB diariamente publica a agenda dos candidatos que disputam a vaga de chefe do Executivo do Estado da Para\u00edba.<\/p>\n<p>O ClickPB disponibiliza o endere\u00e7o de e-mail redacao@clickpb.com.br para receber a agenda di\u00e1ria dos candidatos a governador da Para\u00edba.<\/p>\n<p><strong>Adjany Simpl\u00edcio (PSOL)<\/strong><\/p>\n<p>10h &#8211; Caminhada pelo centro de Patos<\/p>\n<p>14h &#8211; Reuni\u00e3o com apoiadore<\/p>\n<p>16h &#8211; Grava\u00e7\u00e3o de guia<\/p>\n<p>20h &#8211; Debate entre govern\u00e1veis na TV SOL<\/p>\n<p><strong>Adriano Trajano (PCO)<\/strong><\/p>\n<p>10 horas entrevista \u00e0 TV Mana\u00edra, final\u00a0 da tarde panfletagem na Lagoa.<\/p>\n<p><strong>Jo\u00e3o Azev\u00eado (PSB)<\/strong><\/p>\n<p>Manh\u00e3<\/p>\n<p>&#8211; 10h &#8211; Caravana 40<\/p>\n<p>&#8211; S\u00e3o Mamede<br \/>\n&#8211; Quixaba<br \/>\n&#8211; Cacimba de Areia<br \/>\n&#8211; Passagem<br \/>\n&#8211; Areia de Bara\u00fana<br \/>\n&#8211; Salgadinho<br \/>\n&#8211; Assun\u00e7\u00e3o<br \/>\n&#8211; Tapero\u00e1 &#8211;<br \/>\n&#8211; Junco do Serid\u00f3<br \/>\n&#8211; Ten\u00f3rio<\/p>\n<p>Noite<\/p>\n<p>&#8211; Com\u00edcio em Juazeirinho<\/p>\n<p><strong>Major Fabio (PRTB)<\/strong><\/p>\n<p>Manh\u00e3 e tarde: Visita apoiadores em Patos.<br \/>\nNoite: Debate TV Sol, Patos.<\/p>\n<p><strong>Nascimento (PSTU)\u00a0<\/strong><\/p>\n<p>&#8211; Reuni\u00e3o com apoiadores \u00e0s 19h<\/p>\n<p><strong>Nilvan Ferreira (PL)<\/strong><\/p>\n<p>A equipe do candidato ainda n\u00e3o enviou a agenda oficial ao ClickPB.<\/p>\n<p><strong>Pedro Cunha Lima (PSDB)<\/strong><\/p>\n<p>MANH\u00c3<br \/>\n\u2022 Encontra popula\u00e7\u00e3o de Cachoeira dos \u00cdndios<\/p>\n<p>TARDE<br \/>\n\u2022 A\u00e7\u00e3o 45 no Jardim Verdejante em Campina Grande<br \/>\n\u2022 Grava guia eleitoral<\/p>\n<p>NOITE<br \/>\n\u2022 Reuni\u00e3o com equipe de campanha<\/p>\n<p><strong>Veneziano (MDB)<\/strong><\/p>\n<p>MANH\u00c3<\/p>\n<p>Participa de Encontro da Articula\u00e7\u00e3o do Semi\u00e1rido &#8211; ASA, na AABB, em Campina Grande, a partir das 9h<\/p>\n<p>TARDE<\/p>\n<p>Faz grava\u00e7\u00f5es para o guia eleitoral de r\u00e1dio e de TV e conte\u00fados para as redes sociais em Jo\u00e3o Pessoa<\/p>\n<p>NOITE<\/p>\n<p>Participa de Caminhada em Santa Rita, com concentra\u00e7\u00e3o na Pra\u00e7a da Vit\u00f3ria, a partir das 19:15h<\/p>\n<p><strong>Noticias em Destaque<\/strong><\/p>\n<p style=\"text-align: right;\"><em>Fonte: Click PB<\/em><\/p>\n","protected":false},"excerpt":{"rendered":"<p>Os candidatos ao Governo do Estado participam nesta sexta-feira (9)\u00a0de reuni\u00f5es, caravanas e com\u00edcios entre outras atividades. O ClickPB diariamente publica a agenda dos candidatos que disputam a vaga de chefe do Executivo do Estado da Para\u00edba. O ClickPB disponibiliza o endere\u00e7o de e-mail redacao@clickpb.com.br para receber a agenda di\u00e1ria dos candidatos a governador da Para\u00edba. Adjany Simpl\u00edcio (PSOL) 10h &#8211; Caminhada pelo centro de Patos 14h &#8211; Reuni\u00e3o com apoiadore 16h &#8211; Grava\u00e7\u00e3o de guia 20h &#8211; Debate entre govern\u00e1veis na TV SOL Adriano Trajano (PCO) 10 horas entrevista \u00e0 TV Mana\u00edra, final\u00a0 da tarde panfletagem na Lagoa. Jo\u00e3o Azev\u00eado (PSB) Manh\u00e3 &#8211; 10h &#8211; Caravana 40 &#8211; S\u00e3o Mamede &#8211; Quixaba &#8211; Cacimba de Areia &#8211; Passagem &#8211; Areia de Bara\u00fana &#8211; Salgadinho &#8211; Assun\u00e7\u00e3o &#8211; Tapero\u00e1 &#8211; &#8211; Junco do Serid\u00f3 &#8211; Ten\u00f3rio Noite &#8211; Com\u00edcio em Juazeirinho Major Fabio (PRTB) Manh\u00e3 e tarde: Visita apoiadores em Patos. Noite: Debate TV Sol, Patos. Nascimento (PSTU)\u00a0 &#8211; Reuni\u00e3o com apoiadores \u00e0s 19h Nilvan Ferreira (PL) A equipe do candidato ainda n\u00e3o enviou a agenda oficial ao ClickPB. Pedro Cunha Lima (PSDB) MANH\u00c3 \u2022 Encontra popula\u00e7\u00e3o de Cachoeira dos \u00cdndios TARDE \u2022 A\u00e7\u00e3o 45 no Jardim Verdejante em Campina Grande \u2022 Grava guia eleitoral NOITE \u2022 Reuni\u00e3o com equipe de campanha Veneziano (MDB) MANH\u00c3 Participa de Encontro da Articula\u00e7\u00e3o do Semi\u00e1rido &#8211; ASA, na AABB, em Campina Grande, a partir das 9h TARDE Faz grava\u00e7\u00f5es para o guia eleitoral de r\u00e1dio e de TV e conte\u00fados para as redes sociais em Jo\u00e3o Pessoa NOITE Participa de Caminhada em Santa Rita, com concentra\u00e7\u00e3o na Pra\u00e7a da Vit\u00f3ria, a partir das 19:15h Noticias em Destaque Fonte: Click PB<\/p>\n","protected":false},"author":2,"featured_media":42499,"comment_status":"closed","ping_status":"open","sticky":false,"template":"","format":"standard","meta":{"_eb_attr":"","_jetpack_memberships_contains_paid_content":false,"footnotes":""},"categories":[4],"tags":[],"class_list":["post-42498","post","type-post","status-publish","format-standard","has-post-thumbnail","hentry","category-politica"],"yoast_head":"<!-- This site is optimized with the Yoast SEO plugin v26.5 - https:\/\/yoast.com\/wordpress\/plugins\/seo\/ -->\n<title>Confira a agenda dos candidatos ao Governo da Para\u00edba nesta sexta-feira - Not&iacute;cias em Destaque<\/title>\n<meta name=\"robots\" content=\"index, follow, max-snippet:-1, max-image-preview:large, max-video-preview:-1\" \/>\n<link rel=\"canonical\" href=\"https:\/\/noticiasemdestaque.com\/cd\/?p=42498\" \/>\n<meta property=\"og:locale\" content=\"pt_BR\" \/>\n<meta property=\"og:type\" content=\"article\" \/>\n<meta property=\"og:title\" content=\"Confira a agenda dos candidatos ao Governo da Para\u00edba nesta sexta-feira - Not&iacute;cias em Destaque\" \/>\n<meta property=\"og:description\" content=\"Os candidatos ao Governo do Estado participam nesta sexta-feira (9)\u00a0de reuni\u00f5es, caravanas e com\u00edcios entre outras atividades. O ClickPB diariamente publica a agenda dos candidatos que disputam a vaga de chefe do Executivo do Estado da Para\u00edba. O ClickPB disponibiliza o endere\u00e7o de e-mail redacao@clickpb.com.br para receber a agenda di\u00e1ria dos candidatos a governador da Para\u00edba. Adjany Simpl\u00edcio (PSOL) 10h &#8211; Caminhada pelo centro de Patos 14h &#8211; Reuni\u00e3o com apoiadore 16h &#8211; Grava\u00e7\u00e3o de guia 20h &#8211; Debate entre govern\u00e1veis na TV SOL Adriano Trajano (PCO) 10 horas entrevista \u00e0 TV Mana\u00edra, final\u00a0 da tarde panfletagem na Lagoa. Jo\u00e3o Azev\u00eado (PSB) Manh\u00e3 &#8211; 10h &#8211; Caravana 40 &#8211; S\u00e3o Mamede &#8211; Quixaba &#8211; Cacimba de Areia &#8211; Passagem &#8211; Areia de Bara\u00fana &#8211; Salgadinho &#8211; Assun\u00e7\u00e3o &#8211; Tapero\u00e1 &#8211; &#8211; Junco do Serid\u00f3 &#8211; Ten\u00f3rio Noite &#8211; Com\u00edcio em Juazeirinho Major Fabio (PRTB) Manh\u00e3 e tarde: Visita apoiadores em Patos. Noite: Debate TV Sol, Patos. Nascimento (PSTU)\u00a0 &#8211; Reuni\u00e3o com apoiadores \u00e0s 19h Nilvan Ferreira (PL) A equipe do candidato ainda n\u00e3o enviou a agenda oficial ao ClickPB. Pedro Cunha Lima (PSDB) MANH\u00c3 \u2022 Encontra popula\u00e7\u00e3o de Cachoeira dos \u00cdndios TARDE \u2022 A\u00e7\u00e3o 45 no Jardim Verdejante em Campina Grande \u2022 Grava guia eleitoral NOITE \u2022 Reuni\u00e3o com equipe de campanha Veneziano (MDB) MANH\u00c3 Participa de Encontro da Articula\u00e7\u00e3o do Semi\u00e1rido &#8211; ASA, na AABB, em Campina Grande, a partir das 9h TARDE Faz grava\u00e7\u00f5es para o guia eleitoral de r\u00e1dio e de TV e conte\u00fados para as redes sociais em Jo\u00e3o Pessoa NOITE Participa de Caminhada em Santa Rita, com concentra\u00e7\u00e3o na Pra\u00e7a da Vit\u00f3ria, a partir das 19:15h Noticias em Destaque Fonte: Click PB\" \/>\n<meta property=\"og:url\" content=\"https:\/\/noticiasemdestaque.com\/cd\/?p=42498\" \/>\n<meta property=\"og:site_name\" content=\"Not&iacute;cias em Destaque\" \/>\n<meta property=\"article:published_time\" content=\"2022-09-09T12:10:54+00:00\" \/>\n<meta property=\"og:image\" content=\"https:\/\/noticiasemdestaque.com\/cd\/wp-content\/uploads\/2022\/09\/001-governadores-1.jpg\" \/>\n\t<meta property=\"og:image:width\" content=\"876\" \/>\n\t<meta property=\"og:image:height\" content=\"585\" \/>\n\t<meta property=\"og:image:type\" content=\"image\/jpeg\" \/>\n<meta name=\"author\" content=\"Not\u00edcias em Destaque\" \/>\n<meta name=\"twitter:card\" content=\"summary_large_image\" \/>\n<meta name=\"twitter:label1\" content=\"Escrito por\" \/>\n\t<meta name=\"twitter:data1\" content=\"Not\u00edcias em Destaque\" \/>\n\t<meta name=\"twitter:label2\" content=\"Est. tempo de leitura\" \/>\n\t<meta name=\"twitter:data2\" content=\"2 minutos\" \/>\n<script type=\"application\/ld+json\" class=\"yoast-schema-graph\">{\"@context\":\"https:\/\/schema.org\",\"@graph\":[{\"@type\":\"Article\",\"@id\":\"https:\/\/noticiasemdestaque.com\/cd\/?p=42498#article\",\"isPartOf\":{\"@id\":\"https:\/\/noticiasemdestaque.com\/cd\/?p=42498\"},\"author\":{\"name\":\"Not\u00edcias em Destaque\",\"@id\":\"https:\/\/noticiasemdestaque.com\/cd\/#\/schema\/person\/4a81fb71f77579d059c3045891fa1786\"},\"headline\":\"Confira a agenda dos candidatos ao Governo da Para\u00edba nesta sexta-feira\",\"datePublished\":\"2022-09-09T12:10:54+00:00\",\"mainEntityOfPage\":{\"@id\":\"https:\/\/noticiasemdestaque.com\/cd\/?p=42498\"},\"wordCount\":316,\"publisher\":{\"@id\":\"https:\/\/noticiasemdestaque.com\/cd\/#organization\"},\"image\":{\"@id\":\"https:\/\/noticiasemdestaque.com\/cd\/?p=42498#primaryimage\"},\"thumbnailUrl\":\"https:\/\/noticiasemdestaque.com\/cd\/wp-content\/uploads\/2022\/09\/001-governadores-1.jpg\",\"articleSection\":[\"Pol\u00edtica\"],\"inLanguage\":\"pt-BR\"},{\"@type\":\"WebPage\",\"@id\":\"https:\/\/noticiasemdestaque.com\/cd\/?p=42498\",\"url\":\"https:\/\/noticiasemdestaque.com\/cd\/?p=42498\",\"name\":\"Confira a agenda dos candidatos ao Governo da Para\u00edba nesta sexta-feira - Not&iacute;cias em Destaque\",\"isPartOf\":{\"@id\":\"https:\/\/noticiasemdestaque.com\/cd\/#website\"},\"primaryImageOfPage\":{\"@id\":\"https:\/\/noticiasemdestaque.com\/cd\/?p=42498#primaryimage\"},\"image\":{\"@id\":\"https:\/\/noticiasemdestaque.com\/cd\/?p=42498#primaryimage\"},\"thumbnailUrl\":\"https:\/\/noticiasemdestaque.com\/cd\/wp-content\/uploads\/2022\/09\/001-governadores-1.jpg\",\"datePublished\":\"2022-09-09T12:10:54+00:00\",\"breadcrumb\":{\"@id\":\"https:\/\/noticiasemdestaque.com\/cd\/?p=42498#breadcrumb\"},\"inLanguage\":\"pt-BR\",\"potentialAction\":[{\"@type\":\"ReadAction\",\"target\":[\"https:\/\/noticiasemdestaque.com\/cd\/?p=42498\"]}]},{\"@type\":\"ImageObject\",\"inLanguage\":\"pt-BR\",\"@id\":\"https:\/\/noticiasemdestaque.com\/cd\/?p=42498#primaryimage\",\"url\":\"https:\/\/noticiasemdestaque.com\/cd\/wp-content\/uploads\/2022\/09\/001-governadores-1.jpg\",\"contentUrl\":\"https:\/\/noticiasemdestaque.com\/cd\/wp-content\/uploads\/2022\/09\/001-governadores-1.jpg\",\"width\":876,\"height\":585},{\"@type\":\"BreadcrumbList\",\"@id\":\"https:\/\/noticiasemdestaque.com\/cd\/?p=42498#breadcrumb\",\"itemListElement\":[{\"@type\":\"ListItem\",\"position\":1,\"name\":\"In\u00edcio\",\"item\":\"https:\/\/noticiasemdestaque.com\/cd\/\"},{\"@type\":\"ListItem\",\"position\":2,\"name\":\"Confira a agenda dos candidatos ao Governo da Para\u00edba nesta sexta-feira\"}]},{\"@type\":\"WebSite\",\"@id\":\"https:\/\/noticiasemdestaque.com\/cd\/#website\",\"url\":\"https:\/\/noticiasemdestaque.com\/cd\/\",\"name\":\"Not&iacute;cias em Destaque\",\"description\":\"\",\"publisher\":{\"@id\":\"https:\/\/noticiasemdestaque.com\/cd\/#organization\"},\"potentialAction\":[{\"@type\":\"SearchAction\",\"target\":{\"@type\":\"EntryPoint\",\"urlTemplate\":\"https:\/\/noticiasemdestaque.com\/cd\/?s={search_term_string}\"},\"query-input\":{\"@type\":\"PropertyValueSpecification\",\"valueRequired\":true,\"valueName\":\"search_term_string\"}}],\"inLanguage\":\"pt-BR\"},{\"@type\":\"Organization\",\"@id\":\"https:\/\/noticiasemdestaque.com\/cd\/#organization\",\"name\":\"Not\u00edcias em Destaque\",\"url\":\"https:\/\/noticiasemdestaque.com\/cd\/\",\"logo\":{\"@type\":\"ImageObject\",\"inLanguage\":\"pt-BR\",\"@id\":\"https:\/\/noticiasemdestaque.com\/cd\/#\/schema\/logo\/image\/\",\"url\":\"https:\/\/noticiasemdestaque.com\/cd\/wp-content\/uploads\/2022\/05\/imagem-base-noticiasemdestaque.png\",\"contentUrl\":\"https:\/\/noticiasemdestaque.com\/cd\/wp-content\/uploads\/2022\/05\/imagem-base-noticiasemdestaque.png\",\"width\":1200,\"height\":630,\"caption\":\"Not\u00edcias em Destaque\"},\"image\":{\"@id\":\"https:\/\/noticiasemdestaque.com\/cd\/#\/schema\/logo\/image\/\"}},{\"@type\":\"Person\",\"@id\":\"https:\/\/noticiasemdestaque.com\/cd\/#\/schema\/person\/4a81fb71f77579d059c3045891fa1786\",\"name\":\"Not\u00edcias em Destaque\",\"url\":\"https:\/\/noticiasemdestaque.com\/cd\/?author=2\"}]}<\/script>\n<!-- \/ Yoast SEO plugin. -->","yoast_head_json":{"title":"Confira a agenda dos candidatos ao Governo da Para\u00edba nesta sexta-feira - Not&iacute;cias em Destaque","robots":{"index":"index","follow":"follow","max-snippet":"max-snippet:-1","max-image-preview":"max-image-preview:large","max-video-preview":"max-video-preview:-1"},"canonical":"https:\/\/noticiasemdestaque.com\/cd\/?p=42498","og_locale":"pt_BR","og_type":"article","og_title":"Confira a agenda dos candidatos ao Governo da Para\u00edba nesta sexta-feira - Not&iacute;cias em Destaque","og_description":"Os candidatos ao Governo do Estado participam nesta sexta-feira (9)\u00a0de reuni\u00f5es, caravanas e com\u00edcios entre outras atividades. O ClickPB diariamente publica a agenda dos candidatos que disputam a vaga de chefe do Executivo do Estado da Para\u00edba. O ClickPB disponibiliza o endere\u00e7o de e-mail redacao@clickpb.com.br para receber a agenda di\u00e1ria dos candidatos a governador da Para\u00edba. Adjany Simpl\u00edcio (PSOL) 10h &#8211; Caminhada pelo centro de Patos 14h &#8211; Reuni\u00e3o com apoiadore 16h &#8211; Grava\u00e7\u00e3o de guia 20h &#8211; Debate entre govern\u00e1veis na TV SOL Adriano Trajano (PCO) 10 horas entrevista \u00e0 TV Mana\u00edra, final\u00a0 da tarde panfletagem na Lagoa. Jo\u00e3o Azev\u00eado (PSB) Manh\u00e3 &#8211; 10h &#8211; Caravana 40 &#8211; S\u00e3o Mamede &#8211; Quixaba &#8211; Cacimba de Areia &#8211; Passagem &#8211; Areia de Bara\u00fana &#8211; Salgadinho &#8211; Assun\u00e7\u00e3o &#8211; Tapero\u00e1 &#8211; &#8211; Junco do Serid\u00f3 &#8211; Ten\u00f3rio Noite &#8211; Com\u00edcio em Juazeirinho Major Fabio (PRTB) Manh\u00e3 e tarde: Visita apoiadores em Patos. Noite: Debate TV Sol, Patos. Nascimento (PSTU)\u00a0 &#8211; Reuni\u00e3o com apoiadores \u00e0s 19h Nilvan Ferreira (PL) A equipe do candidato ainda n\u00e3o enviou a agenda oficial ao ClickPB. Pedro Cunha Lima (PSDB) MANH\u00c3 \u2022 Encontra popula\u00e7\u00e3o de Cachoeira dos \u00cdndios TARDE \u2022 A\u00e7\u00e3o 45 no Jardim Verdejante em Campina Grande \u2022 Grava guia eleitoral NOITE \u2022 Reuni\u00e3o com equipe de campanha Veneziano (MDB) MANH\u00c3 Participa de Encontro da Articula\u00e7\u00e3o do Semi\u00e1rido &#8211; ASA, na AABB, em Campina Grande, a partir das 9h TARDE Faz grava\u00e7\u00f5es para o guia eleitoral de r\u00e1dio e de TV e conte\u00fados para as redes sociais em Jo\u00e3o Pessoa NOITE Participa de Caminhada em Santa Rita, com concentra\u00e7\u00e3o na Pra\u00e7a da Vit\u00f3ria, a partir das 19:15h Noticias em Destaque Fonte: Click PB","og_url":"https:\/\/noticiasemdestaque.com\/cd\/?p=42498","og_site_name":"Not&iacute;cias em Destaque","article_published_time":"2022-09-09T12:10:54+00:00","og_image":[{"width":876,"height":585,"url":"https:\/\/noticiasemdestaque.com\/cd\/wp-content\/uploads\/2022\/09\/001-governadores-1.jpg","type":"image\/jpeg"}],"author":"Not\u00edcias em Destaque","twitter_card":"summary_large_image","twitter_misc":{"Escrito por":"Not\u00edcias em Destaque","Est. tempo de leitura":"2 minutos"},"schema":{"@context":"https:\/\/schema.org","@graph":[{"@type":"Article","@id":"https:\/\/noticiasemdestaque.com\/cd\/?p=42498#article","isPartOf":{"@id":"https:\/\/noticiasemdestaque.com\/cd\/?p=42498"},"author":{"name":"Not\u00edcias em Destaque","@id":"https:\/\/noticiasemdestaque.com\/cd\/#\/schema\/person\/4a81fb71f77579d059c3045891fa1786"},"headline":"Confira a agenda dos candidatos ao Governo da Para\u00edba nesta sexta-feira","datePublished":"2022-09-09T12:10:54+00:00","mainEntityOfPage":{"@id":"https:\/\/noticiasemdestaque.com\/cd\/?p=42498"},"wordCount":316,"publisher":{"@id":"https:\/\/noticiasemdestaque.com\/cd\/#organization"},"image":{"@id":"https:\/\/noticiasemdestaque.com\/cd\/?p=42498#primaryimage"},"thumbnailUrl":"https:\/\/noticiasemdestaque.com\/cd\/wp-content\/uploads\/2022\/09\/001-governadores-1.jpg","articleSection":["Pol\u00edtica"],"inLanguage":"pt-BR"},{"@type":"WebPage","@id":"https:\/\/noticiasemdestaque.com\/cd\/?p=42498","url":"https:\/\/noticiasemdestaque.com\/cd\/?p=42498","name":"Confira a agenda dos candidatos ao Governo da Para\u00edba nesta sexta-feira - Not&iacute;cias em Destaque","isPartOf":{"@id":"https:\/\/noticiasemdestaque.com\/cd\/#website"},"primaryImageOfPage":{"@id":"https:\/\/noticiasemdestaque.com\/cd\/?p=42498#primaryimage"},"image":{"@id":"https:\/\/noticiasemdestaque.com\/cd\/?p=42498#primaryimage"},"thumbnailUrl":"https:\/\/noticiasemdestaque.com\/cd\/wp-content\/uploads\/2022\/09\/001-governadores-1.jpg","datePublished":"2022-09-09T12:10:54+00:00","breadcrumb":{"@id":"https:\/\/noticiasemdestaque.com\/cd\/?p=42498#breadcrumb"},"inLanguage":"pt-BR","potentialAction":[{"@type":"ReadAction","target":["https:\/\/noticiasemdestaque.com\/cd\/?p=42498"]}]},{"@type":"ImageObject","inLanguage":"pt-BR","@id":"https:\/\/noticiasemdestaque.com\/cd\/?p=42498#primaryimage","url":"https:\/\/noticiasemdestaque.com\/cd\/wp-content\/uploads\/2022\/09\/001-governadores-1.jpg","contentUrl":"https:\/\/noticiasemdestaque.com\/cd\/wp-content\/uploads\/2022\/09\/001-governadores-1.jpg","width":876,"height":585},{"@type":"BreadcrumbList","@id":"https:\/\/noticiasemdestaque.com\/cd\/?p=42498#breadcrumb","itemListElement":[{"@type":"ListItem","position":1,"name":"In\u00edcio","item":"https:\/\/noticiasemdestaque.com\/cd\/"},{"@type":"ListItem","position":2,"name":"Confira a agenda dos candidatos ao Governo da Para\u00edba nesta sexta-feira"}]},{"@type":"WebSite","@id":"https:\/\/noticiasemdestaque.com\/cd\/#website","url":"https:\/\/noticiasemdestaque.com\/cd\/","name":"Not&iacute;cias em Destaque","description":"","publisher":{"@id":"https:\/\/noticiasemdestaque.com\/cd\/#organization"},"potentialAction":[{"@type":"SearchAction","target":{"@type":"EntryPoint","urlTemplate":"https:\/\/noticiasemdestaque.com\/cd\/?s={search_term_string}"},"query-input":{"@type":"PropertyValueSpecification","valueRequired":true,"valueName":"search_term_string"}}],"inLanguage":"pt-BR"},{"@type":"Organization","@id":"https:\/\/noticiasemdestaque.com\/cd\/#organization","name":"Not\u00edcias em Destaque","url":"https:\/\/noticiasemdestaque.com\/cd\/","logo":{"@type":"ImageObject","inLanguage":"pt-BR","@id":"https:\/\/noticiasemdestaque.com\/cd\/#\/schema\/logo\/image\/","url":"https:\/\/noticiasemdestaque.com\/cd\/wp-content\/uploads\/2022\/05\/imagem-base-noticiasemdestaque.png","contentUrl":"https:\/\/noticiasemdestaque.com\/cd\/wp-content\/uploads\/2022\/05\/imagem-base-noticiasemdestaque.png","width":1200,"height":630,"caption":"Not\u00edcias em Destaque"},"image":{"@id":"https:\/\/noticiasemdestaque.com\/cd\/#\/schema\/logo\/image\/"}},{"@type":"Person","@id":"https:\/\/noticiasemdestaque.com\/cd\/#\/schema\/person\/4a81fb71f77579d059c3045891fa1786","name":"Not\u00edcias em Destaque","url":"https:\/\/noticiasemdestaque.com\/cd\/?author=2"}]}},"jetpack_featured_media_url":"https:\/\/noticiasemdestaque.com\/cd\/wp-content\/uploads\/2022\/09\/001-governadores-1.jpg","jetpack_sharing_enabled":true,"_links":{"self":[{"href":"https:\/\/noticiasemdestaque.com\/cd\/index.php?rest_route=\/wp\/v2\/posts\/42498","targetHints":{"allow":["GET"]}}],"collection":[{"href":"https:\/\/noticiasemdestaque.com\/cd\/index.php?rest_route=\/wp\/v2\/posts"}],"about":[{"href":"https:\/\/noticiasemdestaque.com\/cd\/index.php?rest_route=\/wp\/v2\/types\/post"}],"author":[{"embeddable":true,"href":"https:\/\/noticiasemdestaque.com\/cd\/index.php?rest_route=\/wp\/v2\/users\/2"}],"replies":[{"embeddable":true,"href":"https:\/\/noticiasemdestaque.com\/cd\/index.php?rest_route=%2Fwp%2Fv2%2Fcomments&post=42498"}],"version-history":[{"count":1,"href":"https:\/\/noticiasemdestaque.com\/cd\/index.php?rest_route=\/wp\/v2\/posts\/42498\/revisions"}],"predecessor-version":[{"id":42500,"href":"https:\/\/noticiasemdestaque.com\/cd\/index.php?rest_route=\/wp\/v2\/posts\/42498\/revisions\/42500"}],"wp:featuredmedia":[{"embeddable":true,"href":"https:\/\/noticiasemdestaque.com\/cd\/index.php?rest_route=\/wp\/v2\/media\/42499"}],"wp:attachment":[{"href":"https:\/\/noticiasemdestaque.com\/cd\/index.php?rest_route=%2Fwp%2Fv2%2Fmedia&parent=42498"}],"wp:term":[{"taxonomy":"category","embeddable":true,"href":"https:\/\/noticiasemdestaque.com\/cd\/index.php?rest_route=%2Fwp%2Fv2%2Fcategories&post=42498"},{"taxonomy":"post_tag","embeddable":true,"href":"https:\/\/noticiasemdestaque.com\/cd\/index.php?rest_route=%2Fwp%2Fv2%2Ftags&post=42498"}],"curies":[{"name":"wp","href":"https:\/\/api.w.org\/{rel}","templated":true}]}}