{"id":42495,"date":"2022-09-09T09:00:40","date_gmt":"2022-09-09T12:00:40","guid":{"rendered":"https:\/\/noticiasemdestaque.com\/cd\/?p=42495"},"modified":"2022-09-09T09:00:40","modified_gmt":"2022-09-09T12:00:40","slug":"cantor-vicente-nery-sofre-acidente-de-carro-em-fortaleza","status":"publish","type":"post","link":"https:\/\/noticiasemdestaque.com\/cd\/?p=42495","title":{"rendered":"Cantor Vicente Nery sofre acidente de carro em Fortaleza"},"content":{"rendered":"<p>O cantor de forr\u00f3 Vicente Nery sofreu um acidente de carro e fraturou o bra\u00e7o, nesta quinta-feira (8), na Avenida Maestro Lisboa, no Bairro Sapiranga, em Fortaleza. O caso foi confirmado pelo irm\u00e3o e empres\u00e1rio do artista, Vilton Nery. A les\u00e3o atingiu tr\u00eas partes do bra\u00e7o e uma do antebra\u00e7o.<\/p>\n<p>Ele disse que Vicente estava voltando da Praia da Sabiaguaba, ap\u00f3s gravar v\u00eddeos para um DVD que ele est\u00e1 produzindo. Na volta, um motorista teria passado em alta velocidade, o que assustou o cantor. Com isto, ele perdeu o controle do carro, subiu o meio fio e o carro capotou.<\/p>\n<figure><img decoding=\"async\" src=\"https:\/\/www.clickpb.com.br\/media\/filer_public\/d6\/53\/d653c8ab-2795-4196-a507-6aa1a97dfdb1\/whatsapp-image-2022-09-08-at-183405-1-.webp\" data-image=\"197846\" \/><\/figure>\n<p><em>Cantor Vicente Nery sofre acidente de carro em Fortaleza. \u2014 Foto: Reprodu\u00e7\u00e3o<\/em><\/p>\n<p>Vicente Nery foi socorrido por um colega que passava pelo local, e reconheceu o artista ap\u00f3s o acidente. Ele foi levado ao Hospital Instituto Dr. Jos\u00e9 Frota, no Centro de Fortaleza, porque estava sentindo muitas dores.<\/p>\n<p>No carro com Vicente, estava ainda um guitarrista da banda dele, que teve cortes na m\u00e3o e n\u00e3o precisou ser hospitalizado.<\/p>\n<p>O cantor est\u00e1 consciente e espera transfer\u00eancia para um hospital particular, at\u00e9 a publica\u00e7\u00e3o desta reportagem.<\/p>\n<p><strong>Noticias em Destaque<\/strong><\/p>\n<p style=\"text-align: right;\"><em>Fonte: Click PB<\/em><\/p>\n","protected":false},"excerpt":{"rendered":"<p>O cantor de forr\u00f3 Vicente Nery sofreu um acidente de carro e fraturou o bra\u00e7o, nesta quinta-feira (8), na Avenida Maestro Lisboa, no Bairro Sapiranga, em Fortaleza. O caso foi confirmado pelo irm\u00e3o e empres\u00e1rio do artista, Vilton Nery. A les\u00e3o atingiu tr\u00eas partes do bra\u00e7o e uma do antebra\u00e7o. Ele disse que Vicente estava voltando da Praia da Sabiaguaba, ap\u00f3s gravar v\u00eddeos para um DVD que ele est\u00e1 produzindo. Na volta, um motorista teria passado em alta velocidade, o que assustou o cantor. Com isto, ele perdeu o controle do carro, subiu o meio fio e o carro capotou. Cantor Vicente Nery sofre acidente de carro em Fortaleza. \u2014 Foto: Reprodu\u00e7\u00e3o Vicente Nery foi socorrido por um colega que passava pelo local, e reconheceu o artista ap\u00f3s o acidente. Ele foi levado ao Hospital Instituto Dr. Jos\u00e9 Frota, no Centro de Fortaleza, porque estava sentindo muitas dores. No carro com Vicente, estava ainda um guitarrista da banda dele, que teve cortes na m\u00e3o e n\u00e3o precisou ser hospitalizado. O cantor est\u00e1 consciente e espera transfer\u00eancia para um hospital particular, at\u00e9 a publica\u00e7\u00e3o desta reportagem. Noticias em Destaque Fonte: Click PB<\/p>\n","protected":false},"author":2,"featured_media":42496,"comment_status":"closed","ping_status":"open","sticky":false,"template":"","format":"standard","meta":{"_eb_attr":"","_jetpack_memberships_contains_paid_content":false,"footnotes":""},"categories":[12],"tags":[],"class_list":["post-42495","post","type-post","status-publish","format-standard","has-post-thumbnail","hentry","category-geral"],"yoast_head":"<!-- This site is optimized with the Yoast SEO plugin v26.5 - https:\/\/yoast.com\/wordpress\/plugins\/seo\/ -->\n<title>Cantor Vicente Nery sofre acidente de carro em Fortaleza - Not&iacute;cias em Destaque<\/title>\n<meta name=\"robots\" content=\"index, follow, max-snippet:-1, max-image-preview:large, max-video-preview:-1\" \/>\n<link rel=\"canonical\" href=\"https:\/\/noticiasemdestaque.com\/cd\/?p=42495\" \/>\n<meta property=\"og:locale\" content=\"pt_BR\" \/>\n<meta property=\"og:type\" content=\"article\" \/>\n<meta property=\"og:title\" content=\"Cantor Vicente Nery sofre acidente de carro em Fortaleza - Not&iacute;cias em Destaque\" \/>\n<meta property=\"og:description\" content=\"O cantor de forr\u00f3 Vicente Nery sofreu um acidente de carro e fraturou o bra\u00e7o, nesta quinta-feira (8), na Avenida Maestro Lisboa, no Bairro Sapiranga, em Fortaleza. O caso foi confirmado pelo irm\u00e3o e empres\u00e1rio do artista, Vilton Nery. A les\u00e3o atingiu tr\u00eas partes do bra\u00e7o e uma do antebra\u00e7o. Ele disse que Vicente estava voltando da Praia da Sabiaguaba, ap\u00f3s gravar v\u00eddeos para um DVD que ele est\u00e1 produzindo. Na volta, um motorista teria passado em alta velocidade, o que assustou o cantor. Com isto, ele perdeu o controle do carro, subiu o meio fio e o carro capotou. Cantor Vicente Nery sofre acidente de carro em Fortaleza. \u2014 Foto: Reprodu\u00e7\u00e3o Vicente Nery foi socorrido por um colega que passava pelo local, e reconheceu o artista ap\u00f3s o acidente. Ele foi levado ao Hospital Instituto Dr. Jos\u00e9 Frota, no Centro de Fortaleza, porque estava sentindo muitas dores. No carro com Vicente, estava ainda um guitarrista da banda dele, que teve cortes na m\u00e3o e n\u00e3o precisou ser hospitalizado. O cantor est\u00e1 consciente e espera transfer\u00eancia para um hospital particular, at\u00e9 a publica\u00e7\u00e3o desta reportagem. Noticias em Destaque Fonte: Click PB\" \/>\n<meta property=\"og:url\" content=\"https:\/\/noticiasemdestaque.com\/cd\/?p=42495\" \/>\n<meta property=\"og:site_name\" content=\"Not&iacute;cias em Destaque\" \/>\n<meta property=\"article:published_time\" content=\"2022-09-09T12:00:40+00:00\" \/>\n<meta property=\"og:image\" content=\"https:\/\/noticiasemdestaque.com\/cd\/wp-content\/uploads\/2022\/09\/vivente_nery_credito_iza_coutinho3_lucn2on.jpg\" \/>\n\t<meta property=\"og:image:width\" content=\"876\" \/>\n\t<meta property=\"og:image:height\" content=\"585\" \/>\n\t<meta property=\"og:image:type\" content=\"image\/jpeg\" \/>\n<meta name=\"author\" content=\"Not\u00edcias em Destaque\" \/>\n<meta name=\"twitter:card\" content=\"summary_large_image\" \/>\n<meta name=\"twitter:label1\" content=\"Escrito por\" \/>\n\t<meta name=\"twitter:data1\" content=\"Not\u00edcias em Destaque\" \/>\n\t<meta name=\"twitter:label2\" content=\"Est. tempo de leitura\" \/>\n\t<meta name=\"twitter:data2\" content=\"2 minutos\" \/>\n<script type=\"application\/ld+json\" class=\"yoast-schema-graph\">{\"@context\":\"https:\/\/schema.org\",\"@graph\":[{\"@type\":\"Article\",\"@id\":\"https:\/\/noticiasemdestaque.com\/cd\/?p=42495#article\",\"isPartOf\":{\"@id\":\"https:\/\/noticiasemdestaque.com\/cd\/?p=42495\"},\"author\":{\"name\":\"Not\u00edcias em Destaque\",\"@id\":\"https:\/\/noticiasemdestaque.com\/cd\/#\/schema\/person\/4a81fb71f77579d059c3045891fa1786\"},\"headline\":\"Cantor Vicente Nery sofre acidente de carro em Fortaleza\",\"datePublished\":\"2022-09-09T12:00:40+00:00\",\"mainEntityOfPage\":{\"@id\":\"https:\/\/noticiasemdestaque.com\/cd\/?p=42495\"},\"wordCount\":213,\"publisher\":{\"@id\":\"https:\/\/noticiasemdestaque.com\/cd\/#organization\"},\"image\":{\"@id\":\"https:\/\/noticiasemdestaque.com\/cd\/?p=42495#primaryimage\"},\"thumbnailUrl\":\"https:\/\/noticiasemdestaque.com\/cd\/wp-content\/uploads\/2022\/09\/vivente_nery_credito_iza_coutinho3_lucn2on.jpg\",\"articleSection\":[\"Geral\"],\"inLanguage\":\"pt-BR\"},{\"@type\":\"WebPage\",\"@id\":\"https:\/\/noticiasemdestaque.com\/cd\/?p=42495\",\"url\":\"https:\/\/noticiasemdestaque.com\/cd\/?p=42495\",\"name\":\"Cantor Vicente Nery sofre acidente de carro em Fortaleza - Not&iacute;cias em Destaque\",\"isPartOf\":{\"@id\":\"https:\/\/noticiasemdestaque.com\/cd\/#website\"},\"primaryImageOfPage\":{\"@id\":\"https:\/\/noticiasemdestaque.com\/cd\/?p=42495#primaryimage\"},\"image\":{\"@id\":\"https:\/\/noticiasemdestaque.com\/cd\/?p=42495#primaryimage\"},\"thumbnailUrl\":\"https:\/\/noticiasemdestaque.com\/cd\/wp-content\/uploads\/2022\/09\/vivente_nery_credito_iza_coutinho3_lucn2on.jpg\",\"datePublished\":\"2022-09-09T12:00:40+00:00\",\"breadcrumb\":{\"@id\":\"https:\/\/noticiasemdestaque.com\/cd\/?p=42495#breadcrumb\"},\"inLanguage\":\"pt-BR\",\"potentialAction\":[{\"@type\":\"ReadAction\",\"target\":[\"https:\/\/noticiasemdestaque.com\/cd\/?p=42495\"]}]},{\"@type\":\"ImageObject\",\"inLanguage\":\"pt-BR\",\"@id\":\"https:\/\/noticiasemdestaque.com\/cd\/?p=42495#primaryimage\",\"url\":\"https:\/\/noticiasemdestaque.com\/cd\/wp-content\/uploads\/2022\/09\/vivente_nery_credito_iza_coutinho3_lucn2on.jpg\",\"contentUrl\":\"https:\/\/noticiasemdestaque.com\/cd\/wp-content\/uploads\/2022\/09\/vivente_nery_credito_iza_coutinho3_lucn2on.jpg\",\"width\":876,\"height\":585},{\"@type\":\"BreadcrumbList\",\"@id\":\"https:\/\/noticiasemdestaque.com\/cd\/?p=42495#breadcrumb\",\"itemListElement\":[{\"@type\":\"ListItem\",\"position\":1,\"name\":\"In\u00edcio\",\"item\":\"https:\/\/noticiasemdestaque.com\/cd\/\"},{\"@type\":\"ListItem\",\"position\":2,\"name\":\"Cantor Vicente Nery sofre acidente de carro em Fortaleza\"}]},{\"@type\":\"WebSite\",\"@id\":\"https:\/\/noticiasemdestaque.com\/cd\/#website\",\"url\":\"https:\/\/noticiasemdestaque.com\/cd\/\",\"name\":\"Not&iacute;cias em Destaque\",\"description\":\"\",\"publisher\":{\"@id\":\"https:\/\/noticiasemdestaque.com\/cd\/#organization\"},\"potentialAction\":[{\"@type\":\"SearchAction\",\"target\":{\"@type\":\"EntryPoint\",\"urlTemplate\":\"https:\/\/noticiasemdestaque.com\/cd\/?s={search_term_string}\"},\"query-input\":{\"@type\":\"PropertyValueSpecification\",\"valueRequired\":true,\"valueName\":\"search_term_string\"}}],\"inLanguage\":\"pt-BR\"},{\"@type\":\"Organization\",\"@id\":\"https:\/\/noticiasemdestaque.com\/cd\/#organization\",\"name\":\"Not\u00edcias em Destaque\",\"url\":\"https:\/\/noticiasemdestaque.com\/cd\/\",\"logo\":{\"@type\":\"ImageObject\",\"inLanguage\":\"pt-BR\",\"@id\":\"https:\/\/noticiasemdestaque.com\/cd\/#\/schema\/logo\/image\/\",\"url\":\"https:\/\/noticiasemdestaque.com\/cd\/wp-content\/uploads\/2022\/05\/imagem-base-noticiasemdestaque.png\",\"contentUrl\":\"https:\/\/noticiasemdestaque.com\/cd\/wp-content\/uploads\/2022\/05\/imagem-base-noticiasemdestaque.png\",\"width\":1200,\"height\":630,\"caption\":\"Not\u00edcias em Destaque\"},\"image\":{\"@id\":\"https:\/\/noticiasemdestaque.com\/cd\/#\/schema\/logo\/image\/\"}},{\"@type\":\"Person\",\"@id\":\"https:\/\/noticiasemdestaque.com\/cd\/#\/schema\/person\/4a81fb71f77579d059c3045891fa1786\",\"name\":\"Not\u00edcias em Destaque\",\"url\":\"https:\/\/noticiasemdestaque.com\/cd\/?author=2\"}]}<\/script>\n<!-- \/ Yoast SEO plugin. -->","yoast_head_json":{"title":"Cantor Vicente Nery sofre acidente de carro em Fortaleza - Not&iacute;cias em Destaque","robots":{"index":"index","follow":"follow","max-snippet":"max-snippet:-1","max-image-preview":"max-image-preview:large","max-video-preview":"max-video-preview:-1"},"canonical":"https:\/\/noticiasemdestaque.com\/cd\/?p=42495","og_locale":"pt_BR","og_type":"article","og_title":"Cantor Vicente Nery sofre acidente de carro em Fortaleza - Not&iacute;cias em Destaque","og_description":"O cantor de forr\u00f3 Vicente Nery sofreu um acidente de carro e fraturou o bra\u00e7o, nesta quinta-feira (8), na Avenida Maestro Lisboa, no Bairro Sapiranga, em Fortaleza. O caso foi confirmado pelo irm\u00e3o e empres\u00e1rio do artista, Vilton Nery. A les\u00e3o atingiu tr\u00eas partes do bra\u00e7o e uma do antebra\u00e7o. Ele disse que Vicente estava voltando da Praia da Sabiaguaba, ap\u00f3s gravar v\u00eddeos para um DVD que ele est\u00e1 produzindo. Na volta, um motorista teria passado em alta velocidade, o que assustou o cantor. Com isto, ele perdeu o controle do carro, subiu o meio fio e o carro capotou. Cantor Vicente Nery sofre acidente de carro em Fortaleza. \u2014 Foto: Reprodu\u00e7\u00e3o Vicente Nery foi socorrido por um colega que passava pelo local, e reconheceu o artista ap\u00f3s o acidente. Ele foi levado ao Hospital Instituto Dr. Jos\u00e9 Frota, no Centro de Fortaleza, porque estava sentindo muitas dores. No carro com Vicente, estava ainda um guitarrista da banda dele, que teve cortes na m\u00e3o e n\u00e3o precisou ser hospitalizado. O cantor est\u00e1 consciente e espera transfer\u00eancia para um hospital particular, at\u00e9 a publica\u00e7\u00e3o desta reportagem. Noticias em Destaque Fonte: Click PB","og_url":"https:\/\/noticiasemdestaque.com\/cd\/?p=42495","og_site_name":"Not&iacute;cias em Destaque","article_published_time":"2022-09-09T12:00:40+00:00","og_image":[{"width":876,"height":585,"url":"https:\/\/noticiasemdestaque.com\/cd\/wp-content\/uploads\/2022\/09\/vivente_nery_credito_iza_coutinho3_lucn2on.jpg","type":"image\/jpeg"}],"author":"Not\u00edcias em Destaque","twitter_card":"summary_large_image","twitter_misc":{"Escrito por":"Not\u00edcias em Destaque","Est. tempo de leitura":"2 minutos"},"schema":{"@context":"https:\/\/schema.org","@graph":[{"@type":"Article","@id":"https:\/\/noticiasemdestaque.com\/cd\/?p=42495#article","isPartOf":{"@id":"https:\/\/noticiasemdestaque.com\/cd\/?p=42495"},"author":{"name":"Not\u00edcias em Destaque","@id":"https:\/\/noticiasemdestaque.com\/cd\/#\/schema\/person\/4a81fb71f77579d059c3045891fa1786"},"headline":"Cantor Vicente Nery sofre acidente de carro em Fortaleza","datePublished":"2022-09-09T12:00:40+00:00","mainEntityOfPage":{"@id":"https:\/\/noticiasemdestaque.com\/cd\/?p=42495"},"wordCount":213,"publisher":{"@id":"https:\/\/noticiasemdestaque.com\/cd\/#organization"},"image":{"@id":"https:\/\/noticiasemdestaque.com\/cd\/?p=42495#primaryimage"},"thumbnailUrl":"https:\/\/noticiasemdestaque.com\/cd\/wp-content\/uploads\/2022\/09\/vivente_nery_credito_iza_coutinho3_lucn2on.jpg","articleSection":["Geral"],"inLanguage":"pt-BR"},{"@type":"WebPage","@id":"https:\/\/noticiasemdestaque.com\/cd\/?p=42495","url":"https:\/\/noticiasemdestaque.com\/cd\/?p=42495","name":"Cantor Vicente Nery sofre acidente de carro em Fortaleza - Not&iacute;cias em Destaque","isPartOf":{"@id":"https:\/\/noticiasemdestaque.com\/cd\/#website"},"primaryImageOfPage":{"@id":"https:\/\/noticiasemdestaque.com\/cd\/?p=42495#primaryimage"},"image":{"@id":"https:\/\/noticiasemdestaque.com\/cd\/?p=42495#primaryimage"},"thumbnailUrl":"https:\/\/noticiasemdestaque.com\/cd\/wp-content\/uploads\/2022\/09\/vivente_nery_credito_iza_coutinho3_lucn2on.jpg","datePublished":"2022-09-09T12:00:40+00:00","breadcrumb":{"@id":"https:\/\/noticiasemdestaque.com\/cd\/?p=42495#breadcrumb"},"inLanguage":"pt-BR","potentialAction":[{"@type":"ReadAction","target":["https:\/\/noticiasemdestaque.com\/cd\/?p=42495"]}]},{"@type":"ImageObject","inLanguage":"pt-BR","@id":"https:\/\/noticiasemdestaque.com\/cd\/?p=42495#primaryimage","url":"https:\/\/noticiasemdestaque.com\/cd\/wp-content\/uploads\/2022\/09\/vivente_nery_credito_iza_coutinho3_lucn2on.jpg","contentUrl":"https:\/\/noticiasemdestaque.com\/cd\/wp-content\/uploads\/2022\/09\/vivente_nery_credito_iza_coutinho3_lucn2on.jpg","width":876,"height":585},{"@type":"BreadcrumbList","@id":"https:\/\/noticiasemdestaque.com\/cd\/?p=42495#breadcrumb","itemListElement":[{"@type":"ListItem","position":1,"name":"In\u00edcio","item":"https:\/\/noticiasemdestaque.com\/cd\/"},{"@type":"ListItem","position":2,"name":"Cantor Vicente Nery sofre acidente de carro em Fortaleza"}]},{"@type":"WebSite","@id":"https:\/\/noticiasemdestaque.com\/cd\/#website","url":"https:\/\/noticiasemdestaque.com\/cd\/","name":"Not&iacute;cias em Destaque","description":"","publisher":{"@id":"https:\/\/noticiasemdestaque.com\/cd\/#organization"},"potentialAction":[{"@type":"SearchAction","target":{"@type":"EntryPoint","urlTemplate":"https:\/\/noticiasemdestaque.com\/cd\/?s={search_term_string}"},"query-input":{"@type":"PropertyValueSpecification","valueRequired":true,"valueName":"search_term_string"}}],"inLanguage":"pt-BR"},{"@type":"Organization","@id":"https:\/\/noticiasemdestaque.com\/cd\/#organization","name":"Not\u00edcias em Destaque","url":"https:\/\/noticiasemdestaque.com\/cd\/","logo":{"@type":"ImageObject","inLanguage":"pt-BR","@id":"https:\/\/noticiasemdestaque.com\/cd\/#\/schema\/logo\/image\/","url":"https:\/\/noticiasemdestaque.com\/cd\/wp-content\/uploads\/2022\/05\/imagem-base-noticiasemdestaque.png","contentUrl":"https:\/\/noticiasemdestaque.com\/cd\/wp-content\/uploads\/2022\/05\/imagem-base-noticiasemdestaque.png","width":1200,"height":630,"caption":"Not\u00edcias em Destaque"},"image":{"@id":"https:\/\/noticiasemdestaque.com\/cd\/#\/schema\/logo\/image\/"}},{"@type":"Person","@id":"https:\/\/noticiasemdestaque.com\/cd\/#\/schema\/person\/4a81fb71f77579d059c3045891fa1786","name":"Not\u00edcias em Destaque","url":"https:\/\/noticiasemdestaque.com\/cd\/?author=2"}]}},"jetpack_featured_media_url":"https:\/\/noticiasemdestaque.com\/cd\/wp-content\/uploads\/2022\/09\/vivente_nery_credito_iza_coutinho3_lucn2on.jpg","jetpack_sharing_enabled":true,"_links":{"self":[{"href":"https:\/\/noticiasemdestaque.com\/cd\/index.php?rest_route=\/wp\/v2\/posts\/42495","targetHints":{"allow":["GET"]}}],"collection":[{"href":"https:\/\/noticiasemdestaque.com\/cd\/index.php?rest_route=\/wp\/v2\/posts"}],"about":[{"href":"https:\/\/noticiasemdestaque.com\/cd\/index.php?rest_route=\/wp\/v2\/types\/post"}],"author":[{"embeddable":true,"href":"https:\/\/noticiasemdestaque.com\/cd\/index.php?rest_route=\/wp\/v2\/users\/2"}],"replies":[{"embeddable":true,"href":"https:\/\/noticiasemdestaque.com\/cd\/index.php?rest_route=%2Fwp%2Fv2%2Fcomments&post=42495"}],"version-history":[{"count":1,"href":"https:\/\/noticiasemdestaque.com\/cd\/index.php?rest_route=\/wp\/v2\/posts\/42495\/revisions"}],"predecessor-version":[{"id":42497,"href":"https:\/\/noticiasemdestaque.com\/cd\/index.php?rest_route=\/wp\/v2\/posts\/42495\/revisions\/42497"}],"wp:featuredmedia":[{"embeddable":true,"href":"https:\/\/noticiasemdestaque.com\/cd\/index.php?rest_route=\/wp\/v2\/media\/42496"}],"wp:attachment":[{"href":"https:\/\/noticiasemdestaque.com\/cd\/index.php?rest_route=%2Fwp%2Fv2%2Fmedia&parent=42495"}],"wp:term":[{"taxonomy":"category","embeddable":true,"href":"https:\/\/noticiasemdestaque.com\/cd\/index.php?rest_route=%2Fwp%2Fv2%2Fcategories&post=42495"},{"taxonomy":"post_tag","embeddable":true,"href":"https:\/\/noticiasemdestaque.com\/cd\/index.php?rest_route=%2Fwp%2Fv2%2Ftags&post=42495"}],"curies":[{"name":"wp","href":"https:\/\/api.w.org\/{rel}","templated":true}]}}