{"id":42487,"date":"2022-09-08T19:05:18","date_gmt":"2022-09-08T22:05:18","guid":{"rendered":"https:\/\/noticiasemdestaque.com\/cd\/?p=42487"},"modified":"2022-09-08T19:05:18","modified_gmt":"2022-09-08T22:05:18","slug":"divulgado-o-resultado-final-do-vestibular-para-o-curso-de-educacao-do-campo","status":"publish","type":"post","link":"https:\/\/noticiasemdestaque.com\/cd\/?p=42487","title":{"rendered":"Divulgado o resultado final do Vestibular para o curso de Educa\u00e7\u00e3o do Campo"},"content":{"rendered":"<p><a href=\"https:\/\/noticiasemdestaque.com\/cd\/wp-content\/uploads\/2019\/04\/cdsa-sume.jpg\"><img fetchpriority=\"high\" decoding=\"async\" class=\"size-medium wp-image-16794 aligncenter\" src=\"https:\/\/noticiasemdestaque.com\/cd\/wp-content\/uploads\/2019\/04\/cdsa-sume-300x169.jpg\" alt=\"\" width=\"300\" height=\"169\" srcset=\"https:\/\/noticiasemdestaque.com\/cd\/wp-content\/uploads\/2019\/04\/cdsa-sume-300x169.jpg 300w, https:\/\/noticiasemdestaque.com\/cd\/wp-content\/uploads\/2019\/04\/cdsa-sume-768x432.jpg 768w, https:\/\/noticiasemdestaque.com\/cd\/wp-content\/uploads\/2019\/04\/cdsa-sume.jpg 960w\" sizes=\"(max-width: 300px) 100vw, 300px\" \/><\/a><\/p>\n<p>Foi divulgado o resultado final do Vestibular para o\u00a0curso de Licenciatura Interdisciplinar em Educa\u00e7\u00e3o do Campo 2022.1, ministrado no Centro de Desenvolvimento Sustent\u00e1vel do Semi\u00e1rido da Universidade Federal de Campina Grande (UFCG),\u00a0Campus Sum\u00e9.<\/p>\n<p>Confira\u00a0<a href=\"https:\/\/comprov.ufcg.edu.br\/phocadownload\/userupload\/graduacao\/vestibular-educacao-campo\/2022.1\/Resultado%20Final%20Vestibular%20LeCampo%202022.docx.pdf\" target=\"_blank\" rel=\"noopener noreferrer\">aqui<\/a>\u00a0o resultado.<\/p>\n<p>O Formul\u00e1rio online para envio de documenta\u00e7\u00e3o dos candidatos convocados estar\u00e1\u00a0dispon\u00edvel de 8h do dia\u00a08 de setembro de 2022 \u00e0s 23h59min do dia\u00a09 de setembro de 2022, conforme predisposto no cronograma do Edital N\u00ba PRE N\u00ba 017\/2022. Acesse\u00a0<a href=\"https:\/\/pre.ufcg.edu.br:8443\/ControleAcademicoOnline\/identificaIngressante.jsp\" target=\"_blank\" rel=\"noopener noreferrer\">aqui<\/a>\u00a0o formul\u00e1rio.<\/p>\n<p>Veja\u00a0<a href=\"https:\/\/comprov.ufcg.edu.br\/graduacao\/112-vestibular-educacao-do-campo-2022-1.html\" target=\"_blank\" rel=\"noopener noreferrer\">aqui<\/a>\u00a0o edital e outras informa\u00e7\u00f5es sobre o Vestibular de Educa\u00e7\u00e3o do Campo.<\/p>\n<p>Assimp CDSA\/UFCG<\/p>\n","protected":false},"excerpt":{"rendered":"<p>Foi divulgado o resultado final do Vestibular para o\u00a0curso de Licenciatura Interdisciplinar em Educa\u00e7\u00e3o do Campo 2022.1, ministrado no Centro de Desenvolvimento Sustent\u00e1vel do Semi\u00e1rido da Universidade Federal de Campina Grande (UFCG),\u00a0Campus Sum\u00e9. Confira\u00a0aqui\u00a0o resultado. O Formul\u00e1rio online para envio de documenta\u00e7\u00e3o dos candidatos convocados estar\u00e1\u00a0dispon\u00edvel de 8h do dia\u00a08 de setembro de 2022 \u00e0s 23h59min do dia\u00a09 de setembro de 2022, conforme predisposto no cronograma do Edital N\u00ba PRE N\u00ba 017\/2022. Acesse\u00a0aqui\u00a0o formul\u00e1rio. Veja\u00a0aqui\u00a0o edital e outras informa\u00e7\u00f5es sobre o Vestibular de Educa\u00e7\u00e3o do Campo. Assimp CDSA\/UFCG<\/p>\n","protected":false},"author":2,"featured_media":16794,"comment_status":"closed","ping_status":"open","sticky":false,"template":"","format":"standard","meta":{"_eb_attr":"","_jetpack_memberships_contains_paid_content":false,"footnotes":""},"categories":[6],"tags":[],"class_list":["post-42487","post","type-post","status-publish","format-standard","has-post-thumbnail","hentry","category-educacao"],"yoast_head":"<!-- This site is optimized with the Yoast SEO plugin v26.5 - https:\/\/yoast.com\/wordpress\/plugins\/seo\/ -->\n<title>Divulgado o resultado final do Vestibular para o curso de Educa\u00e7\u00e3o do Campo - Not&iacute;cias em Destaque<\/title>\n<meta name=\"robots\" content=\"index, follow, max-snippet:-1, max-image-preview:large, max-video-preview:-1\" \/>\n<link rel=\"canonical\" href=\"https:\/\/noticiasemdestaque.com\/cd\/?p=42487\" \/>\n<meta property=\"og:locale\" content=\"pt_BR\" \/>\n<meta property=\"og:type\" content=\"article\" \/>\n<meta property=\"og:title\" content=\"Divulgado o resultado final do Vestibular para o curso de Educa\u00e7\u00e3o do Campo - Not&iacute;cias em Destaque\" \/>\n<meta property=\"og:description\" content=\"Foi divulgado o resultado final do Vestibular para o\u00a0curso de Licenciatura Interdisciplinar em Educa\u00e7\u00e3o do Campo 2022.1, ministrado no Centro de Desenvolvimento Sustent\u00e1vel do Semi\u00e1rido da Universidade Federal de Campina Grande (UFCG),\u00a0Campus Sum\u00e9. Confira\u00a0aqui\u00a0o resultado. O Formul\u00e1rio online para envio de documenta\u00e7\u00e3o dos candidatos convocados estar\u00e1\u00a0dispon\u00edvel de 8h do dia\u00a08 de setembro de 2022 \u00e0s 23h59min do dia\u00a09 de setembro de 2022, conforme predisposto no cronograma do Edital N\u00ba PRE N\u00ba 017\/2022. Acesse\u00a0aqui\u00a0o formul\u00e1rio. Veja\u00a0aqui\u00a0o edital e outras informa\u00e7\u00f5es sobre o Vestibular de Educa\u00e7\u00e3o do Campo. Assimp CDSA\/UFCG\" \/>\n<meta property=\"og:url\" content=\"https:\/\/noticiasemdestaque.com\/cd\/?p=42487\" \/>\n<meta property=\"og:site_name\" content=\"Not&iacute;cias em Destaque\" \/>\n<meta property=\"article:published_time\" content=\"2022-09-08T22:05:18+00:00\" \/>\n<meta property=\"og:image\" content=\"https:\/\/noticiasemdestaque.com\/cd\/wp-content\/uploads\/2019\/04\/cdsa-sume.jpg\" \/>\n\t<meta property=\"og:image:width\" content=\"960\" \/>\n\t<meta property=\"og:image:height\" content=\"540\" \/>\n\t<meta property=\"og:image:type\" content=\"image\/jpeg\" \/>\n<meta name=\"author\" content=\"Not\u00edcias em Destaque\" \/>\n<meta name=\"twitter:card\" content=\"summary_large_image\" \/>\n<meta name=\"twitter:label1\" content=\"Escrito por\" \/>\n\t<meta name=\"twitter:data1\" content=\"Not\u00edcias em Destaque\" \/>\n\t<meta name=\"twitter:label2\" content=\"Est. tempo de leitura\" \/>\n\t<meta name=\"twitter:data2\" content=\"1 minuto\" \/>\n<script type=\"application\/ld+json\" class=\"yoast-schema-graph\">{\"@context\":\"https:\/\/schema.org\",\"@graph\":[{\"@type\":\"Article\",\"@id\":\"https:\/\/noticiasemdestaque.com\/cd\/?p=42487#article\",\"isPartOf\":{\"@id\":\"https:\/\/noticiasemdestaque.com\/cd\/?p=42487\"},\"author\":{\"name\":\"Not\u00edcias em Destaque\",\"@id\":\"https:\/\/noticiasemdestaque.com\/cd\/#\/schema\/person\/4a81fb71f77579d059c3045891fa1786\"},\"headline\":\"Divulgado o resultado final do Vestibular para o curso de Educa\u00e7\u00e3o do Campo\",\"datePublished\":\"2022-09-08T22:05:18+00:00\",\"mainEntityOfPage\":{\"@id\":\"https:\/\/noticiasemdestaque.com\/cd\/?p=42487\"},\"wordCount\":118,\"publisher\":{\"@id\":\"https:\/\/noticiasemdestaque.com\/cd\/#organization\"},\"image\":{\"@id\":\"https:\/\/noticiasemdestaque.com\/cd\/?p=42487#primaryimage\"},\"thumbnailUrl\":\"https:\/\/noticiasemdestaque.com\/cd\/wp-content\/uploads\/2019\/04\/cdsa-sume.jpg\",\"articleSection\":[\"Educa\u00e7\u00e3o\"],\"inLanguage\":\"pt-BR\"},{\"@type\":\"WebPage\",\"@id\":\"https:\/\/noticiasemdestaque.com\/cd\/?p=42487\",\"url\":\"https:\/\/noticiasemdestaque.com\/cd\/?p=42487\",\"name\":\"Divulgado o resultado final do Vestibular para o curso de Educa\u00e7\u00e3o do Campo - Not&iacute;cias em Destaque\",\"isPartOf\":{\"@id\":\"https:\/\/noticiasemdestaque.com\/cd\/#website\"},\"primaryImageOfPage\":{\"@id\":\"https:\/\/noticiasemdestaque.com\/cd\/?p=42487#primaryimage\"},\"image\":{\"@id\":\"https:\/\/noticiasemdestaque.com\/cd\/?p=42487#primaryimage\"},\"thumbnailUrl\":\"https:\/\/noticiasemdestaque.com\/cd\/wp-content\/uploads\/2019\/04\/cdsa-sume.jpg\",\"datePublished\":\"2022-09-08T22:05:18+00:00\",\"breadcrumb\":{\"@id\":\"https:\/\/noticiasemdestaque.com\/cd\/?p=42487#breadcrumb\"},\"inLanguage\":\"pt-BR\",\"potentialAction\":[{\"@type\":\"ReadAction\",\"target\":[\"https:\/\/noticiasemdestaque.com\/cd\/?p=42487\"]}]},{\"@type\":\"ImageObject\",\"inLanguage\":\"pt-BR\",\"@id\":\"https:\/\/noticiasemdestaque.com\/cd\/?p=42487#primaryimage\",\"url\":\"https:\/\/noticiasemdestaque.com\/cd\/wp-content\/uploads\/2019\/04\/cdsa-sume.jpg\",\"contentUrl\":\"https:\/\/noticiasemdestaque.com\/cd\/wp-content\/uploads\/2019\/04\/cdsa-sume.jpg\",\"width\":960,\"height\":540},{\"@type\":\"BreadcrumbList\",\"@id\":\"https:\/\/noticiasemdestaque.com\/cd\/?p=42487#breadcrumb\",\"itemListElement\":[{\"@type\":\"ListItem\",\"position\":1,\"name\":\"In\u00edcio\",\"item\":\"https:\/\/noticiasemdestaque.com\/cd\/\"},{\"@type\":\"ListItem\",\"position\":2,\"name\":\"Divulgado o resultado final do Vestibular para o curso de Educa\u00e7\u00e3o do Campo\"}]},{\"@type\":\"WebSite\",\"@id\":\"https:\/\/noticiasemdestaque.com\/cd\/#website\",\"url\":\"https:\/\/noticiasemdestaque.com\/cd\/\",\"name\":\"Not&iacute;cias em Destaque\",\"description\":\"\",\"publisher\":{\"@id\":\"https:\/\/noticiasemdestaque.com\/cd\/#organization\"},\"potentialAction\":[{\"@type\":\"SearchAction\",\"target\":{\"@type\":\"EntryPoint\",\"urlTemplate\":\"https:\/\/noticiasemdestaque.com\/cd\/?s={search_term_string}\"},\"query-input\":{\"@type\":\"PropertyValueSpecification\",\"valueRequired\":true,\"valueName\":\"search_term_string\"}}],\"inLanguage\":\"pt-BR\"},{\"@type\":\"Organization\",\"@id\":\"https:\/\/noticiasemdestaque.com\/cd\/#organization\",\"name\":\"Not\u00edcias em Destaque\",\"url\":\"https:\/\/noticiasemdestaque.com\/cd\/\",\"logo\":{\"@type\":\"ImageObject\",\"inLanguage\":\"pt-BR\",\"@id\":\"https:\/\/noticiasemdestaque.com\/cd\/#\/schema\/logo\/image\/\",\"url\":\"https:\/\/noticiasemdestaque.com\/cd\/wp-content\/uploads\/2022\/05\/imagem-base-noticiasemdestaque.png\",\"contentUrl\":\"https:\/\/noticiasemdestaque.com\/cd\/wp-content\/uploads\/2022\/05\/imagem-base-noticiasemdestaque.png\",\"width\":1200,\"height\":630,\"caption\":\"Not\u00edcias em Destaque\"},\"image\":{\"@id\":\"https:\/\/noticiasemdestaque.com\/cd\/#\/schema\/logo\/image\/\"}},{\"@type\":\"Person\",\"@id\":\"https:\/\/noticiasemdestaque.com\/cd\/#\/schema\/person\/4a81fb71f77579d059c3045891fa1786\",\"name\":\"Not\u00edcias em Destaque\",\"url\":\"https:\/\/noticiasemdestaque.com\/cd\/?author=2\"}]}<\/script>\n<!-- \/ Yoast SEO plugin. -->","yoast_head_json":{"title":"Divulgado o resultado final do Vestibular para o curso de Educa\u00e7\u00e3o do Campo - Not&iacute;cias em Destaque","robots":{"index":"index","follow":"follow","max-snippet":"max-snippet:-1","max-image-preview":"max-image-preview:large","max-video-preview":"max-video-preview:-1"},"canonical":"https:\/\/noticiasemdestaque.com\/cd\/?p=42487","og_locale":"pt_BR","og_type":"article","og_title":"Divulgado o resultado final do Vestibular para o curso de Educa\u00e7\u00e3o do Campo - Not&iacute;cias em Destaque","og_description":"Foi divulgado o resultado final do Vestibular para o\u00a0curso de Licenciatura Interdisciplinar em Educa\u00e7\u00e3o do Campo 2022.1, ministrado no Centro de Desenvolvimento Sustent\u00e1vel do Semi\u00e1rido da Universidade Federal de Campina Grande (UFCG),\u00a0Campus Sum\u00e9. Confira\u00a0aqui\u00a0o resultado. O Formul\u00e1rio online para envio de documenta\u00e7\u00e3o dos candidatos convocados estar\u00e1\u00a0dispon\u00edvel de 8h do dia\u00a08 de setembro de 2022 \u00e0s 23h59min do dia\u00a09 de setembro de 2022, conforme predisposto no cronograma do Edital N\u00ba PRE N\u00ba 017\/2022. Acesse\u00a0aqui\u00a0o formul\u00e1rio. Veja\u00a0aqui\u00a0o edital e outras informa\u00e7\u00f5es sobre o Vestibular de Educa\u00e7\u00e3o do Campo. Assimp CDSA\/UFCG","og_url":"https:\/\/noticiasemdestaque.com\/cd\/?p=42487","og_site_name":"Not&iacute;cias em Destaque","article_published_time":"2022-09-08T22:05:18+00:00","og_image":[{"width":960,"height":540,"url":"https:\/\/noticiasemdestaque.com\/cd\/wp-content\/uploads\/2019\/04\/cdsa-sume.jpg","type":"image\/jpeg"}],"author":"Not\u00edcias em Destaque","twitter_card":"summary_large_image","twitter_misc":{"Escrito por":"Not\u00edcias em Destaque","Est. tempo de leitura":"1 minuto"},"schema":{"@context":"https:\/\/schema.org","@graph":[{"@type":"Article","@id":"https:\/\/noticiasemdestaque.com\/cd\/?p=42487#article","isPartOf":{"@id":"https:\/\/noticiasemdestaque.com\/cd\/?p=42487"},"author":{"name":"Not\u00edcias em Destaque","@id":"https:\/\/noticiasemdestaque.com\/cd\/#\/schema\/person\/4a81fb71f77579d059c3045891fa1786"},"headline":"Divulgado o resultado final do Vestibular para o curso de Educa\u00e7\u00e3o do Campo","datePublished":"2022-09-08T22:05:18+00:00","mainEntityOfPage":{"@id":"https:\/\/noticiasemdestaque.com\/cd\/?p=42487"},"wordCount":118,"publisher":{"@id":"https:\/\/noticiasemdestaque.com\/cd\/#organization"},"image":{"@id":"https:\/\/noticiasemdestaque.com\/cd\/?p=42487#primaryimage"},"thumbnailUrl":"https:\/\/noticiasemdestaque.com\/cd\/wp-content\/uploads\/2019\/04\/cdsa-sume.jpg","articleSection":["Educa\u00e7\u00e3o"],"inLanguage":"pt-BR"},{"@type":"WebPage","@id":"https:\/\/noticiasemdestaque.com\/cd\/?p=42487","url":"https:\/\/noticiasemdestaque.com\/cd\/?p=42487","name":"Divulgado o resultado final do Vestibular para o curso de Educa\u00e7\u00e3o do Campo - Not&iacute;cias em Destaque","isPartOf":{"@id":"https:\/\/noticiasemdestaque.com\/cd\/#website"},"primaryImageOfPage":{"@id":"https:\/\/noticiasemdestaque.com\/cd\/?p=42487#primaryimage"},"image":{"@id":"https:\/\/noticiasemdestaque.com\/cd\/?p=42487#primaryimage"},"thumbnailUrl":"https:\/\/noticiasemdestaque.com\/cd\/wp-content\/uploads\/2019\/04\/cdsa-sume.jpg","datePublished":"2022-09-08T22:05:18+00:00","breadcrumb":{"@id":"https:\/\/noticiasemdestaque.com\/cd\/?p=42487#breadcrumb"},"inLanguage":"pt-BR","potentialAction":[{"@type":"ReadAction","target":["https:\/\/noticiasemdestaque.com\/cd\/?p=42487"]}]},{"@type":"ImageObject","inLanguage":"pt-BR","@id":"https:\/\/noticiasemdestaque.com\/cd\/?p=42487#primaryimage","url":"https:\/\/noticiasemdestaque.com\/cd\/wp-content\/uploads\/2019\/04\/cdsa-sume.jpg","contentUrl":"https:\/\/noticiasemdestaque.com\/cd\/wp-content\/uploads\/2019\/04\/cdsa-sume.jpg","width":960,"height":540},{"@type":"BreadcrumbList","@id":"https:\/\/noticiasemdestaque.com\/cd\/?p=42487#breadcrumb","itemListElement":[{"@type":"ListItem","position":1,"name":"In\u00edcio","item":"https:\/\/noticiasemdestaque.com\/cd\/"},{"@type":"ListItem","position":2,"name":"Divulgado o resultado final do Vestibular para o curso de Educa\u00e7\u00e3o do Campo"}]},{"@type":"WebSite","@id":"https:\/\/noticiasemdestaque.com\/cd\/#website","url":"https:\/\/noticiasemdestaque.com\/cd\/","name":"Not&iacute;cias em Destaque","description":"","publisher":{"@id":"https:\/\/noticiasemdestaque.com\/cd\/#organization"},"potentialAction":[{"@type":"SearchAction","target":{"@type":"EntryPoint","urlTemplate":"https:\/\/noticiasemdestaque.com\/cd\/?s={search_term_string}"},"query-input":{"@type":"PropertyValueSpecification","valueRequired":true,"valueName":"search_term_string"}}],"inLanguage":"pt-BR"},{"@type":"Organization","@id":"https:\/\/noticiasemdestaque.com\/cd\/#organization","name":"Not\u00edcias em Destaque","url":"https:\/\/noticiasemdestaque.com\/cd\/","logo":{"@type":"ImageObject","inLanguage":"pt-BR","@id":"https:\/\/noticiasemdestaque.com\/cd\/#\/schema\/logo\/image\/","url":"https:\/\/noticiasemdestaque.com\/cd\/wp-content\/uploads\/2022\/05\/imagem-base-noticiasemdestaque.png","contentUrl":"https:\/\/noticiasemdestaque.com\/cd\/wp-content\/uploads\/2022\/05\/imagem-base-noticiasemdestaque.png","width":1200,"height":630,"caption":"Not\u00edcias em Destaque"},"image":{"@id":"https:\/\/noticiasemdestaque.com\/cd\/#\/schema\/logo\/image\/"}},{"@type":"Person","@id":"https:\/\/noticiasemdestaque.com\/cd\/#\/schema\/person\/4a81fb71f77579d059c3045891fa1786","name":"Not\u00edcias em Destaque","url":"https:\/\/noticiasemdestaque.com\/cd\/?author=2"}]}},"jetpack_featured_media_url":"https:\/\/noticiasemdestaque.com\/cd\/wp-content\/uploads\/2019\/04\/cdsa-sume.jpg","jetpack_sharing_enabled":true,"_links":{"self":[{"href":"https:\/\/noticiasemdestaque.com\/cd\/index.php?rest_route=\/wp\/v2\/posts\/42487","targetHints":{"allow":["GET"]}}],"collection":[{"href":"https:\/\/noticiasemdestaque.com\/cd\/index.php?rest_route=\/wp\/v2\/posts"}],"about":[{"href":"https:\/\/noticiasemdestaque.com\/cd\/index.php?rest_route=\/wp\/v2\/types\/post"}],"author":[{"embeddable":true,"href":"https:\/\/noticiasemdestaque.com\/cd\/index.php?rest_route=\/wp\/v2\/users\/2"}],"replies":[{"embeddable":true,"href":"https:\/\/noticiasemdestaque.com\/cd\/index.php?rest_route=%2Fwp%2Fv2%2Fcomments&post=42487"}],"version-history":[{"count":1,"href":"https:\/\/noticiasemdestaque.com\/cd\/index.php?rest_route=\/wp\/v2\/posts\/42487\/revisions"}],"predecessor-version":[{"id":42488,"href":"https:\/\/noticiasemdestaque.com\/cd\/index.php?rest_route=\/wp\/v2\/posts\/42487\/revisions\/42488"}],"wp:featuredmedia":[{"embeddable":true,"href":"https:\/\/noticiasemdestaque.com\/cd\/index.php?rest_route=\/wp\/v2\/media\/16794"}],"wp:attachment":[{"href":"https:\/\/noticiasemdestaque.com\/cd\/index.php?rest_route=%2Fwp%2Fv2%2Fmedia&parent=42487"}],"wp:term":[{"taxonomy":"category","embeddable":true,"href":"https:\/\/noticiasemdestaque.com\/cd\/index.php?rest_route=%2Fwp%2Fv2%2Fcategories&post=42487"},{"taxonomy":"post_tag","embeddable":true,"href":"https:\/\/noticiasemdestaque.com\/cd\/index.php?rest_route=%2Fwp%2Fv2%2Ftags&post=42487"}],"curies":[{"name":"wp","href":"https:\/\/api.w.org\/{rel}","templated":true}]}}