{"id":42485,"date":"2022-09-08T09:50:04","date_gmt":"2022-09-08T12:50:04","guid":{"rendered":"https:\/\/noticiasemdestaque.com\/cd\/?p=42485"},"modified":"2022-09-08T09:50:04","modified_gmt":"2022-09-08T12:50:04","slug":"secretaria-de-saude-de-sume-promove-happy-hour-da-vacinacao-nesta-quinta-feira","status":"publish","type":"post","link":"https:\/\/noticiasemdestaque.com\/cd\/?p=42485","title":{"rendered":"Secretaria de Sa\u00fade de Sum\u00e9 promove \u201cHappy Hour\u201d da vacina\u00e7\u00e3o nesta quinta-feira"},"content":{"rendered":"<p>A Prefeitura de Sum\u00e9, atrav\u00e9s da Secretaria de Sa\u00fade promover\u00e1 nesta quinta-feira, das 16h \u00e0s 20h, na Pra\u00e7a Jos\u00e9 Am\u00e9rico, uma atividade denominada \u201cHappy Hour\u201d da vacina\u00e7\u00e3o.<\/p>\n<p>O objetivo \u00e9 atrair os usu\u00e1rios em um hor\u00e1rio mais flex\u00edvel de trabalho, possibilitando, para aqueles que est\u00e3o com sua carteira de vacina\u00e7\u00e3o em atraso ou dos seus filhos e respons\u00e1veis, a regulariza\u00e7\u00e3o da caderneta.<br \/>\nNeste dia ser\u00e3o ofertadas as seguintes vacinas:<\/p>\n<p>\uf0a7 POLIOMIELITE\/PARALISIA INFANTIL: para crian\u00e7as de 1 \u00e0 menos de 5 anos (4 anos, 11 meses e 29 dias)<\/p>\n<p>\uf0a7 INFLUENZA\/GRIPE: para todos os p\u00fablicos<\/p>\n<p>\uf0a7 COVID19: todas as doses para quem ainda n\u00e3o tomou, de acordo com as idades e o intervalo entre uma e outra.<\/p>\n<p>As vacinas salvam vidas. Elas protegem adultos, meninas e meninos de todas as idades e em todos os lugares e s\u00e3o um direito de cada crian\u00e7a, por isso, a Secretaria de Sa\u00fade de Sum\u00e9 apela e alerta os pais e\/ou respons\u00e1veis para que atualizem a caderneta de vacina, principalmente dos menores de 5 anos, para que a paralisia infantil n\u00e3o volte a ser uma triste realidade.<\/p>\n<p><strong>Noticias em Destaque<\/strong><\/p>\n","protected":false},"excerpt":{"rendered":"<p>A Prefeitura de Sum\u00e9, atrav\u00e9s da Secretaria de Sa\u00fade promover\u00e1 nesta quinta-feira, das 16h \u00e0s 20h, na Pra\u00e7a Jos\u00e9 Am\u00e9rico, uma atividade denominada \u201cHappy Hour\u201d da vacina\u00e7\u00e3o. O objetivo \u00e9 atrair os usu\u00e1rios em um hor\u00e1rio mais flex\u00edvel de trabalho, possibilitando, para aqueles que est\u00e3o com sua carteira de vacina\u00e7\u00e3o em atraso ou dos seus filhos e respons\u00e1veis, a regulariza\u00e7\u00e3o da caderneta. Neste dia ser\u00e3o ofertadas as seguintes vacinas: \uf0a7 POLIOMIELITE\/PARALISIA INFANTIL: para crian\u00e7as de 1 \u00e0 menos de 5 anos (4 anos, 11 meses e 29 dias) \uf0a7 INFLUENZA\/GRIPE: para todos os p\u00fablicos \uf0a7 COVID19: todas as doses para quem ainda n\u00e3o tomou, de acordo com as idades e o intervalo entre uma e outra. As vacinas salvam vidas. Elas protegem adultos, meninas e meninos de todas as idades e em todos os lugares e s\u00e3o um direito de cada crian\u00e7a, por isso, a Secretaria de Sa\u00fade de Sum\u00e9 apela e alerta os pais e\/ou respons\u00e1veis para que atualizem a caderneta de vacina, principalmente dos menores de 5 anos, para que a paralisia infantil n\u00e3o volte a ser uma triste realidade. Noticias em Destaque<\/p>\n","protected":false},"author":2,"featured_media":42469,"comment_status":"closed","ping_status":"open","sticky":false,"template":"","format":"standard","meta":{"_eb_attr":"","_jetpack_memberships_contains_paid_content":false,"footnotes":""},"categories":[3],"tags":[],"class_list":["post-42485","post","type-post","status-publish","format-standard","has-post-thumbnail","hentry","category-cidades"],"yoast_head":"<!-- This site is optimized with the Yoast SEO plugin v26.5 - https:\/\/yoast.com\/wordpress\/plugins\/seo\/ -->\n<title>Secretaria de Sa\u00fade de Sum\u00e9 promove \u201cHappy Hour\u201d da vacina\u00e7\u00e3o nesta quinta-feira - Not&iacute;cias em Destaque<\/title>\n<meta name=\"robots\" content=\"index, follow, max-snippet:-1, max-image-preview:large, max-video-preview:-1\" \/>\n<link rel=\"canonical\" href=\"https:\/\/noticiasemdestaque.com\/cd\/?p=42485\" \/>\n<meta property=\"og:locale\" content=\"pt_BR\" \/>\n<meta property=\"og:type\" content=\"article\" \/>\n<meta property=\"og:title\" content=\"Secretaria de Sa\u00fade de Sum\u00e9 promove \u201cHappy Hour\u201d da vacina\u00e7\u00e3o nesta quinta-feira - Not&iacute;cias em Destaque\" \/>\n<meta property=\"og:description\" content=\"A Prefeitura de Sum\u00e9, atrav\u00e9s da Secretaria de Sa\u00fade promover\u00e1 nesta quinta-feira, das 16h \u00e0s 20h, na Pra\u00e7a Jos\u00e9 Am\u00e9rico, uma atividade denominada \u201cHappy Hour\u201d da vacina\u00e7\u00e3o. O objetivo \u00e9 atrair os usu\u00e1rios em um hor\u00e1rio mais flex\u00edvel de trabalho, possibilitando, para aqueles que est\u00e3o com sua carteira de vacina\u00e7\u00e3o em atraso ou dos seus filhos e respons\u00e1veis, a regulariza\u00e7\u00e3o da caderneta. Neste dia ser\u00e3o ofertadas as seguintes vacinas: \uf0a7 POLIOMIELITE\/PARALISIA INFANTIL: para crian\u00e7as de 1 \u00e0 menos de 5 anos (4 anos, 11 meses e 29 dias) \uf0a7 INFLUENZA\/GRIPE: para todos os p\u00fablicos \uf0a7 COVID19: todas as doses para quem ainda n\u00e3o tomou, de acordo com as idades e o intervalo entre uma e outra. As vacinas salvam vidas. Elas protegem adultos, meninas e meninos de todas as idades e em todos os lugares e s\u00e3o um direito de cada crian\u00e7a, por isso, a Secretaria de Sa\u00fade de Sum\u00e9 apela e alerta os pais e\/ou respons\u00e1veis para que atualizem a caderneta de vacina, principalmente dos menores de 5 anos, para que a paralisia infantil n\u00e3o volte a ser uma triste realidade. Noticias em Destaque\" \/>\n<meta property=\"og:url\" content=\"https:\/\/noticiasemdestaque.com\/cd\/?p=42485\" \/>\n<meta property=\"og:site_name\" content=\"Not&iacute;cias em Destaque\" \/>\n<meta property=\"article:published_time\" content=\"2022-09-08T12:50:04+00:00\" \/>\n<meta property=\"og:image\" content=\"https:\/\/noticiasemdestaque.com\/cd\/wp-content\/uploads\/2022\/09\/sume.jpg\" \/>\n\t<meta property=\"og:image:width\" content=\"735\" \/>\n\t<meta property=\"og:image:height\" content=\"450\" \/>\n\t<meta property=\"og:image:type\" content=\"image\/jpeg\" \/>\n<meta name=\"author\" content=\"Not\u00edcias em Destaque\" \/>\n<meta name=\"twitter:card\" content=\"summary_large_image\" \/>\n<meta name=\"twitter:label1\" content=\"Escrito por\" \/>\n\t<meta name=\"twitter:data1\" content=\"Not\u00edcias em Destaque\" \/>\n\t<meta name=\"twitter:label2\" content=\"Est. tempo de leitura\" \/>\n\t<meta name=\"twitter:data2\" content=\"2 minutos\" \/>\n<script type=\"application\/ld+json\" class=\"yoast-schema-graph\">{\"@context\":\"https:\/\/schema.org\",\"@graph\":[{\"@type\":\"Article\",\"@id\":\"https:\/\/noticiasemdestaque.com\/cd\/?p=42485#article\",\"isPartOf\":{\"@id\":\"https:\/\/noticiasemdestaque.com\/cd\/?p=42485\"},\"author\":{\"name\":\"Not\u00edcias em Destaque\",\"@id\":\"https:\/\/noticiasemdestaque.com\/cd\/#\/schema\/person\/4a81fb71f77579d059c3045891fa1786\"},\"headline\":\"Secretaria de Sa\u00fade de Sum\u00e9 promove \u201cHappy Hour\u201d da vacina\u00e7\u00e3o nesta quinta-feira\",\"datePublished\":\"2022-09-08T12:50:04+00:00\",\"mainEntityOfPage\":{\"@id\":\"https:\/\/noticiasemdestaque.com\/cd\/?p=42485\"},\"wordCount\":212,\"publisher\":{\"@id\":\"https:\/\/noticiasemdestaque.com\/cd\/#organization\"},\"image\":{\"@id\":\"https:\/\/noticiasemdestaque.com\/cd\/?p=42485#primaryimage\"},\"thumbnailUrl\":\"https:\/\/noticiasemdestaque.com\/cd\/wp-content\/uploads\/2022\/09\/sume.jpg\",\"articleSection\":[\"Cidades\"],\"inLanguage\":\"pt-BR\"},{\"@type\":\"WebPage\",\"@id\":\"https:\/\/noticiasemdestaque.com\/cd\/?p=42485\",\"url\":\"https:\/\/noticiasemdestaque.com\/cd\/?p=42485\",\"name\":\"Secretaria de Sa\u00fade de Sum\u00e9 promove \u201cHappy Hour\u201d da vacina\u00e7\u00e3o nesta quinta-feira - Not&iacute;cias em Destaque\",\"isPartOf\":{\"@id\":\"https:\/\/noticiasemdestaque.com\/cd\/#website\"},\"primaryImageOfPage\":{\"@id\":\"https:\/\/noticiasemdestaque.com\/cd\/?p=42485#primaryimage\"},\"image\":{\"@id\":\"https:\/\/noticiasemdestaque.com\/cd\/?p=42485#primaryimage\"},\"thumbnailUrl\":\"https:\/\/noticiasemdestaque.com\/cd\/wp-content\/uploads\/2022\/09\/sume.jpg\",\"datePublished\":\"2022-09-08T12:50:04+00:00\",\"breadcrumb\":{\"@id\":\"https:\/\/noticiasemdestaque.com\/cd\/?p=42485#breadcrumb\"},\"inLanguage\":\"pt-BR\",\"potentialAction\":[{\"@type\":\"ReadAction\",\"target\":[\"https:\/\/noticiasemdestaque.com\/cd\/?p=42485\"]}]},{\"@type\":\"ImageObject\",\"inLanguage\":\"pt-BR\",\"@id\":\"https:\/\/noticiasemdestaque.com\/cd\/?p=42485#primaryimage\",\"url\":\"https:\/\/noticiasemdestaque.com\/cd\/wp-content\/uploads\/2022\/09\/sume.jpg\",\"contentUrl\":\"https:\/\/noticiasemdestaque.com\/cd\/wp-content\/uploads\/2022\/09\/sume.jpg\",\"width\":735,\"height\":450},{\"@type\":\"BreadcrumbList\",\"@id\":\"https:\/\/noticiasemdestaque.com\/cd\/?p=42485#breadcrumb\",\"itemListElement\":[{\"@type\":\"ListItem\",\"position\":1,\"name\":\"In\u00edcio\",\"item\":\"https:\/\/noticiasemdestaque.com\/cd\/\"},{\"@type\":\"ListItem\",\"position\":2,\"name\":\"Secretaria de Sa\u00fade de Sum\u00e9 promove \u201cHappy Hour\u201d da vacina\u00e7\u00e3o nesta quinta-feira\"}]},{\"@type\":\"WebSite\",\"@id\":\"https:\/\/noticiasemdestaque.com\/cd\/#website\",\"url\":\"https:\/\/noticiasemdestaque.com\/cd\/\",\"name\":\"Not&iacute;cias em Destaque\",\"description\":\"\",\"publisher\":{\"@id\":\"https:\/\/noticiasemdestaque.com\/cd\/#organization\"},\"potentialAction\":[{\"@type\":\"SearchAction\",\"target\":{\"@type\":\"EntryPoint\",\"urlTemplate\":\"https:\/\/noticiasemdestaque.com\/cd\/?s={search_term_string}\"},\"query-input\":{\"@type\":\"PropertyValueSpecification\",\"valueRequired\":true,\"valueName\":\"search_term_string\"}}],\"inLanguage\":\"pt-BR\"},{\"@type\":\"Organization\",\"@id\":\"https:\/\/noticiasemdestaque.com\/cd\/#organization\",\"name\":\"Not\u00edcias em Destaque\",\"url\":\"https:\/\/noticiasemdestaque.com\/cd\/\",\"logo\":{\"@type\":\"ImageObject\",\"inLanguage\":\"pt-BR\",\"@id\":\"https:\/\/noticiasemdestaque.com\/cd\/#\/schema\/logo\/image\/\",\"url\":\"https:\/\/noticiasemdestaque.com\/cd\/wp-content\/uploads\/2022\/05\/imagem-base-noticiasemdestaque.png\",\"contentUrl\":\"https:\/\/noticiasemdestaque.com\/cd\/wp-content\/uploads\/2022\/05\/imagem-base-noticiasemdestaque.png\",\"width\":1200,\"height\":630,\"caption\":\"Not\u00edcias em Destaque\"},\"image\":{\"@id\":\"https:\/\/noticiasemdestaque.com\/cd\/#\/schema\/logo\/image\/\"}},{\"@type\":\"Person\",\"@id\":\"https:\/\/noticiasemdestaque.com\/cd\/#\/schema\/person\/4a81fb71f77579d059c3045891fa1786\",\"name\":\"Not\u00edcias em Destaque\",\"url\":\"https:\/\/noticiasemdestaque.com\/cd\/?author=2\"}]}<\/script>\n<!-- \/ Yoast SEO plugin. -->","yoast_head_json":{"title":"Secretaria de Sa\u00fade de Sum\u00e9 promove \u201cHappy Hour\u201d da vacina\u00e7\u00e3o nesta quinta-feira - Not&iacute;cias em Destaque","robots":{"index":"index","follow":"follow","max-snippet":"max-snippet:-1","max-image-preview":"max-image-preview:large","max-video-preview":"max-video-preview:-1"},"canonical":"https:\/\/noticiasemdestaque.com\/cd\/?p=42485","og_locale":"pt_BR","og_type":"article","og_title":"Secretaria de Sa\u00fade de Sum\u00e9 promove \u201cHappy Hour\u201d da vacina\u00e7\u00e3o nesta quinta-feira - Not&iacute;cias em Destaque","og_description":"A Prefeitura de Sum\u00e9, atrav\u00e9s da Secretaria de Sa\u00fade promover\u00e1 nesta quinta-feira, das 16h \u00e0s 20h, na Pra\u00e7a Jos\u00e9 Am\u00e9rico, uma atividade denominada \u201cHappy Hour\u201d da vacina\u00e7\u00e3o. O objetivo \u00e9 atrair os usu\u00e1rios em um hor\u00e1rio mais flex\u00edvel de trabalho, possibilitando, para aqueles que est\u00e3o com sua carteira de vacina\u00e7\u00e3o em atraso ou dos seus filhos e respons\u00e1veis, a regulariza\u00e7\u00e3o da caderneta. Neste dia ser\u00e3o ofertadas as seguintes vacinas: \uf0a7 POLIOMIELITE\/PARALISIA INFANTIL: para crian\u00e7as de 1 \u00e0 menos de 5 anos (4 anos, 11 meses e 29 dias) \uf0a7 INFLUENZA\/GRIPE: para todos os p\u00fablicos \uf0a7 COVID19: todas as doses para quem ainda n\u00e3o tomou, de acordo com as idades e o intervalo entre uma e outra. As vacinas salvam vidas. Elas protegem adultos, meninas e meninos de todas as idades e em todos os lugares e s\u00e3o um direito de cada crian\u00e7a, por isso, a Secretaria de Sa\u00fade de Sum\u00e9 apela e alerta os pais e\/ou respons\u00e1veis para que atualizem a caderneta de vacina, principalmente dos menores de 5 anos, para que a paralisia infantil n\u00e3o volte a ser uma triste realidade. Noticias em Destaque","og_url":"https:\/\/noticiasemdestaque.com\/cd\/?p=42485","og_site_name":"Not&iacute;cias em Destaque","article_published_time":"2022-09-08T12:50:04+00:00","og_image":[{"width":735,"height":450,"url":"https:\/\/noticiasemdestaque.com\/cd\/wp-content\/uploads\/2022\/09\/sume.jpg","type":"image\/jpeg"}],"author":"Not\u00edcias em Destaque","twitter_card":"summary_large_image","twitter_misc":{"Escrito por":"Not\u00edcias em Destaque","Est. tempo de leitura":"2 minutos"},"schema":{"@context":"https:\/\/schema.org","@graph":[{"@type":"Article","@id":"https:\/\/noticiasemdestaque.com\/cd\/?p=42485#article","isPartOf":{"@id":"https:\/\/noticiasemdestaque.com\/cd\/?p=42485"},"author":{"name":"Not\u00edcias em Destaque","@id":"https:\/\/noticiasemdestaque.com\/cd\/#\/schema\/person\/4a81fb71f77579d059c3045891fa1786"},"headline":"Secretaria de Sa\u00fade de Sum\u00e9 promove \u201cHappy Hour\u201d da vacina\u00e7\u00e3o nesta quinta-feira","datePublished":"2022-09-08T12:50:04+00:00","mainEntityOfPage":{"@id":"https:\/\/noticiasemdestaque.com\/cd\/?p=42485"},"wordCount":212,"publisher":{"@id":"https:\/\/noticiasemdestaque.com\/cd\/#organization"},"image":{"@id":"https:\/\/noticiasemdestaque.com\/cd\/?p=42485#primaryimage"},"thumbnailUrl":"https:\/\/noticiasemdestaque.com\/cd\/wp-content\/uploads\/2022\/09\/sume.jpg","articleSection":["Cidades"],"inLanguage":"pt-BR"},{"@type":"WebPage","@id":"https:\/\/noticiasemdestaque.com\/cd\/?p=42485","url":"https:\/\/noticiasemdestaque.com\/cd\/?p=42485","name":"Secretaria de Sa\u00fade de Sum\u00e9 promove \u201cHappy Hour\u201d da vacina\u00e7\u00e3o nesta quinta-feira - Not&iacute;cias em Destaque","isPartOf":{"@id":"https:\/\/noticiasemdestaque.com\/cd\/#website"},"primaryImageOfPage":{"@id":"https:\/\/noticiasemdestaque.com\/cd\/?p=42485#primaryimage"},"image":{"@id":"https:\/\/noticiasemdestaque.com\/cd\/?p=42485#primaryimage"},"thumbnailUrl":"https:\/\/noticiasemdestaque.com\/cd\/wp-content\/uploads\/2022\/09\/sume.jpg","datePublished":"2022-09-08T12:50:04+00:00","breadcrumb":{"@id":"https:\/\/noticiasemdestaque.com\/cd\/?p=42485#breadcrumb"},"inLanguage":"pt-BR","potentialAction":[{"@type":"ReadAction","target":["https:\/\/noticiasemdestaque.com\/cd\/?p=42485"]}]},{"@type":"ImageObject","inLanguage":"pt-BR","@id":"https:\/\/noticiasemdestaque.com\/cd\/?p=42485#primaryimage","url":"https:\/\/noticiasemdestaque.com\/cd\/wp-content\/uploads\/2022\/09\/sume.jpg","contentUrl":"https:\/\/noticiasemdestaque.com\/cd\/wp-content\/uploads\/2022\/09\/sume.jpg","width":735,"height":450},{"@type":"BreadcrumbList","@id":"https:\/\/noticiasemdestaque.com\/cd\/?p=42485#breadcrumb","itemListElement":[{"@type":"ListItem","position":1,"name":"In\u00edcio","item":"https:\/\/noticiasemdestaque.com\/cd\/"},{"@type":"ListItem","position":2,"name":"Secretaria de Sa\u00fade de Sum\u00e9 promove \u201cHappy Hour\u201d da vacina\u00e7\u00e3o nesta quinta-feira"}]},{"@type":"WebSite","@id":"https:\/\/noticiasemdestaque.com\/cd\/#website","url":"https:\/\/noticiasemdestaque.com\/cd\/","name":"Not&iacute;cias em Destaque","description":"","publisher":{"@id":"https:\/\/noticiasemdestaque.com\/cd\/#organization"},"potentialAction":[{"@type":"SearchAction","target":{"@type":"EntryPoint","urlTemplate":"https:\/\/noticiasemdestaque.com\/cd\/?s={search_term_string}"},"query-input":{"@type":"PropertyValueSpecification","valueRequired":true,"valueName":"search_term_string"}}],"inLanguage":"pt-BR"},{"@type":"Organization","@id":"https:\/\/noticiasemdestaque.com\/cd\/#organization","name":"Not\u00edcias em Destaque","url":"https:\/\/noticiasemdestaque.com\/cd\/","logo":{"@type":"ImageObject","inLanguage":"pt-BR","@id":"https:\/\/noticiasemdestaque.com\/cd\/#\/schema\/logo\/image\/","url":"https:\/\/noticiasemdestaque.com\/cd\/wp-content\/uploads\/2022\/05\/imagem-base-noticiasemdestaque.png","contentUrl":"https:\/\/noticiasemdestaque.com\/cd\/wp-content\/uploads\/2022\/05\/imagem-base-noticiasemdestaque.png","width":1200,"height":630,"caption":"Not\u00edcias em Destaque"},"image":{"@id":"https:\/\/noticiasemdestaque.com\/cd\/#\/schema\/logo\/image\/"}},{"@type":"Person","@id":"https:\/\/noticiasemdestaque.com\/cd\/#\/schema\/person\/4a81fb71f77579d059c3045891fa1786","name":"Not\u00edcias em Destaque","url":"https:\/\/noticiasemdestaque.com\/cd\/?author=2"}]}},"jetpack_featured_media_url":"https:\/\/noticiasemdestaque.com\/cd\/wp-content\/uploads\/2022\/09\/sume.jpg","jetpack_sharing_enabled":true,"_links":{"self":[{"href":"https:\/\/noticiasemdestaque.com\/cd\/index.php?rest_route=\/wp\/v2\/posts\/42485","targetHints":{"allow":["GET"]}}],"collection":[{"href":"https:\/\/noticiasemdestaque.com\/cd\/index.php?rest_route=\/wp\/v2\/posts"}],"about":[{"href":"https:\/\/noticiasemdestaque.com\/cd\/index.php?rest_route=\/wp\/v2\/types\/post"}],"author":[{"embeddable":true,"href":"https:\/\/noticiasemdestaque.com\/cd\/index.php?rest_route=\/wp\/v2\/users\/2"}],"replies":[{"embeddable":true,"href":"https:\/\/noticiasemdestaque.com\/cd\/index.php?rest_route=%2Fwp%2Fv2%2Fcomments&post=42485"}],"version-history":[{"count":1,"href":"https:\/\/noticiasemdestaque.com\/cd\/index.php?rest_route=\/wp\/v2\/posts\/42485\/revisions"}],"predecessor-version":[{"id":42486,"href":"https:\/\/noticiasemdestaque.com\/cd\/index.php?rest_route=\/wp\/v2\/posts\/42485\/revisions\/42486"}],"wp:featuredmedia":[{"embeddable":true,"href":"https:\/\/noticiasemdestaque.com\/cd\/index.php?rest_route=\/wp\/v2\/media\/42469"}],"wp:attachment":[{"href":"https:\/\/noticiasemdestaque.com\/cd\/index.php?rest_route=%2Fwp%2Fv2%2Fmedia&parent=42485"}],"wp:term":[{"taxonomy":"category","embeddable":true,"href":"https:\/\/noticiasemdestaque.com\/cd\/index.php?rest_route=%2Fwp%2Fv2%2Fcategories&post=42485"},{"taxonomy":"post_tag","embeddable":true,"href":"https:\/\/noticiasemdestaque.com\/cd\/index.php?rest_route=%2Fwp%2Fv2%2Ftags&post=42485"}],"curies":[{"name":"wp","href":"https:\/\/api.w.org\/{rel}","templated":true}]}}