{"id":42482,"date":"2022-09-08T09:43:45","date_gmt":"2022-09-08T12:43:45","guid":{"rendered":"https:\/\/noticiasemdestaque.com\/cd\/?p=42482"},"modified":"2022-09-08T09:43:45","modified_gmt":"2022-09-08T12:43:45","slug":"prefeitura-de-amparo-entrega-ambulancia-0km-para-a-populacao","status":"publish","type":"post","link":"https:\/\/noticiasemdestaque.com\/cd\/?p=42482","title":{"rendered":"Prefeitura de Amparo entrega Ambul\u00e2ncia 0km para a popula\u00e7\u00e3o"},"content":{"rendered":"<p><a href=\"https:\/\/noticiasemdestaque.com\/cd\/wp-content\/uploads\/2022\/09\/IMG_E0597.jpg\"><img fetchpriority=\"high\" decoding=\"async\" class=\"alignnone  wp-image-42483\" src=\"https:\/\/noticiasemdestaque.com\/cd\/wp-content\/uploads\/2022\/09\/IMG_E0597-300x169.jpg\" alt=\"\" width=\"856\" height=\"482\" srcset=\"https:\/\/noticiasemdestaque.com\/cd\/wp-content\/uploads\/2022\/09\/IMG_E0597-300x169.jpg 300w, https:\/\/noticiasemdestaque.com\/cd\/wp-content\/uploads\/2022\/09\/IMG_E0597-18x10.jpg 18w, https:\/\/noticiasemdestaque.com\/cd\/wp-content\/uploads\/2022\/09\/IMG_E0597.jpg 640w\" sizes=\"(max-width: 856px) 100vw, 856px\" \/><\/a><\/p>\n<p><span data-contrast=\"auto\">Na manh\u00e3 desta quarta-feira (07) o prefeito In\u00e1cio N\u00f3brega realizou a entrega de uma ambul\u00e2ncia 0km para atender a popula\u00e7\u00e3o Amparense.<\/span><span data-ccp-props=\"{&quot;201341983&quot;:0,&quot;335559739&quot;:160,&quot;335559740&quot;:259}\">\u00a0<\/span><span data-ccp-props=\"{&quot;201341983&quot;:0,&quot;335559739&quot;:160,&quot;335559740&quot;:259}\">\u00a0<\/span><\/p>\n<p><span data-contrast=\"auto\">A entrega aconteceu na pra\u00e7a Miguel Pereira e contou com a presen\u00e7a do vice-prefeito C\u00edcero Maciel, vereadores, secret\u00e1rios municipais e a popula\u00e7\u00e3o.<\/span><span data-ccp-props=\"{&quot;201341983&quot;:0,&quot;335559739&quot;:160,&quot;335559740&quot;:259}\">\u00a0<\/span><\/p>\n<p><span data-contrast=\"auto\">A entrega da chave do ve\u00edculo foi feita pelo prefeito In\u00e1cio e pelo secret\u00e1rio de Transporte Osmando Santos a Secret\u00e1ria de Sa\u00fade Ver\u00f4nica Rafael. O prefeito aproveitou para informar que ainda em 2022 estar\u00e1 entregando mais uma ambul\u00e2ncia para a popula\u00e7\u00e3o.<\/span><span data-ccp-props=\"{&quot;201341983&quot;:0,&quot;335559739&quot;:160,&quot;335559740&quot;:259}\">\u00a0<\/span><\/p>\n<div>\n<div class=\"separator\"><a href=\"https:\/\/blogger.googleusercontent.com\/img\/b\/R29vZ2xl\/AVvXsEjZSDdoF9hsMyLAV2UjxLIEaP0tcNTVEqeH26Ff8dW022Ln4_t6vzdl91KXELzx3Kx4jZrx_dJnUbARRP8JP3pFXi8Sx4GEXpDpncnQEi4LLAkMMhIDQ7X7uJEN2GmAfI_0fkY908u4CjkMLT35TAWt8-H_pip6u38LNOcE2aNkrX1ncd4KN5uZovK4\/s4032\/IMG_E0518.JPG\"><img decoding=\"async\" src=\"https:\/\/blogger.googleusercontent.com\/img\/b\/R29vZ2xl\/AVvXsEjZSDdoF9hsMyLAV2UjxLIEaP0tcNTVEqeH26Ff8dW022Ln4_t6vzdl91KXELzx3Kx4jZrx_dJnUbARRP8JP3pFXi8Sx4GEXpDpncnQEi4LLAkMMhIDQ7X7uJEN2GmAfI_0fkY908u4CjkMLT35TAWt8-H_pip6u38LNOcE2aNkrX1ncd4KN5uZovK4\/w640-h360\/IMG_E0518.JPG\" width=\"640\" height=\"360\" border=\"0\" data-original-height=\"2268\" data-original-width=\"4032\" \/><\/a><\/div>\n<\/div>\n<p>&nbsp;<\/p>\n<div class=\"separator\"><a href=\"https:\/\/blogger.googleusercontent.com\/img\/b\/R29vZ2xl\/AVvXsEgT4-NikDtADYjV0fe8dvSGpq4pIOeJBZicw_oDmdGDijg9KYedvyqvoE7HZDG5U4emr3o_gDgfx5Rb3IhXj5NxKARcIKy3uWLkARm_YbMVG4HDiyvS7giHVEC7DhXIeN1_OY20c771MdI2knAMCRSvF73XIKdsR1YyPR1m1nUjE78bmK3EjESmdjIK\/s4032\/IMG_E0519.JPG\"><img decoding=\"async\" src=\"https:\/\/blogger.googleusercontent.com\/img\/b\/R29vZ2xl\/AVvXsEgT4-NikDtADYjV0fe8dvSGpq4pIOeJBZicw_oDmdGDijg9KYedvyqvoE7HZDG5U4emr3o_gDgfx5Rb3IhXj5NxKARcIKy3uWLkARm_YbMVG4HDiyvS7giHVEC7DhXIeN1_OY20c771MdI2knAMCRSvF73XIKdsR1YyPR1m1nUjE78bmK3EjESmdjIK\/w640-h360\/IMG_E0519.JPG\" width=\"640\" height=\"360\" border=\"0\" data-original-height=\"2268\" data-original-width=\"4032\" \/><\/a><\/div>\n<p>&nbsp;<\/p>\n<div class=\"separator\"><a href=\"https:\/\/blogger.googleusercontent.com\/img\/b\/R29vZ2xl\/AVvXsEiquyDuNy2PedkmlpnsTpAtuvA6nkfg3zQP4WL85TKhwdKDGpjcW6j0PNwUzpKbvNRIXT1O5cKN8WSxahNVErUabjIvx73V0A78s8Re5oEQs-E9_zMdGtpXIdLD29DTPB7ScwurRdDBiGRtH2e4y8Z8dx6Pc3mCOK3FoU4egDU1Tlz89725fR674nrN\/s4032\/IMG_E0520.JPG\"><img loading=\"lazy\" decoding=\"async\" src=\"https:\/\/blogger.googleusercontent.com\/img\/b\/R29vZ2xl\/AVvXsEiquyDuNy2PedkmlpnsTpAtuvA6nkfg3zQP4WL85TKhwdKDGpjcW6j0PNwUzpKbvNRIXT1O5cKN8WSxahNVErUabjIvx73V0A78s8Re5oEQs-E9_zMdGtpXIdLD29DTPB7ScwurRdDBiGRtH2e4y8Z8dx6Pc3mCOK3FoU4egDU1Tlz89725fR674nrN\/w640-h360\/IMG_E0520.JPG\" width=\"640\" height=\"360\" border=\"0\" data-original-height=\"2268\" data-original-width=\"4032\" \/><\/a><\/div>\n<p>&nbsp;<\/p>\n<div class=\"separator\"><a href=\"https:\/\/blogger.googleusercontent.com\/img\/b\/R29vZ2xl\/AVvXsEgpkTA1u5UnPkbMbBOxFUG0NXrzfENuUT24baZOp7uwC7ftYOGmrSy1wFNG47xwa_z0y1POtShThHqTc9WSbMP4dq5LUbgW1Tn_6U1KggVDjOLXW2wQPlZVQzfQeYqoFKzLQEjWZCshB2s5YBSuV7N1kJ8Hef4DBE3HgXmH6tFqwgjQMlnsz79NZBXR\/s4032\/IMG_E0521.JPG\"><img loading=\"lazy\" decoding=\"async\" src=\"https:\/\/blogger.googleusercontent.com\/img\/b\/R29vZ2xl\/AVvXsEgpkTA1u5UnPkbMbBOxFUG0NXrzfENuUT24baZOp7uwC7ftYOGmrSy1wFNG47xwa_z0y1POtShThHqTc9WSbMP4dq5LUbgW1Tn_6U1KggVDjOLXW2wQPlZVQzfQeYqoFKzLQEjWZCshB2s5YBSuV7N1kJ8Hef4DBE3HgXmH6tFqwgjQMlnsz79NZBXR\/w640-h360\/IMG_E0521.JPG\" width=\"640\" height=\"360\" border=\"0\" data-original-height=\"2268\" data-original-width=\"4032\" \/><\/a><\/div>\n<p>&nbsp;<\/p>\n<div class=\"separator\"><a href=\"https:\/\/blogger.googleusercontent.com\/img\/b\/R29vZ2xl\/AVvXsEhl4INgdzgDjucrmZT_qlpK8lUknXVeVVVqZR_79PIhTfsPleH2kDqV5aBZpCIfZcf0tdcyQifwowQbe1WY1lIV9EfQopOuA3BTd0l6bpGu_0WXhLPh6i4O6o8hPcmmjfEhnTA2zCvnBjuY0knaVcZEeiejWP8Lup221y2mbigsMRBeWcGUxrhUKNuJ\/s4032\/IMG_E0522.JPG\"><img loading=\"lazy\" decoding=\"async\" src=\"https:\/\/blogger.googleusercontent.com\/img\/b\/R29vZ2xl\/AVvXsEhl4INgdzgDjucrmZT_qlpK8lUknXVeVVVqZR_79PIhTfsPleH2kDqV5aBZpCIfZcf0tdcyQifwowQbe1WY1lIV9EfQopOuA3BTd0l6bpGu_0WXhLPh6i4O6o8hPcmmjfEhnTA2zCvnBjuY0knaVcZEeiejWP8Lup221y2mbigsMRBeWcGUxrhUKNuJ\/w640-h360\/IMG_E0522.JPG\" width=\"640\" height=\"360\" border=\"0\" data-original-height=\"2268\" data-original-width=\"4032\" \/><\/a><\/div>\n<p>&nbsp;<\/p>\n<div class=\"separator\"><a href=\"https:\/\/blogger.googleusercontent.com\/img\/b\/R29vZ2xl\/AVvXsEh1rIvzyuvn3DgWhROtqBbX4vln4hqNkYxxUNfQswOFWIo9C6NIqCgJxBzF1BSY2gpxB0-e8XvA_6YXjr9JGC9jnwRqqMH1l0i5fDiTUbP9EL_Q9-4mhZiivuzfeNlvmvRAbW-47owopHInf7guGrU8xL8jmIFAB8H35ue0PwtwvpOsPOP8Ob6X2neJ\/s4032\/IMG_E0523.JPG\"><img loading=\"lazy\" decoding=\"async\" src=\"https:\/\/blogger.googleusercontent.com\/img\/b\/R29vZ2xl\/AVvXsEh1rIvzyuvn3DgWhROtqBbX4vln4hqNkYxxUNfQswOFWIo9C6NIqCgJxBzF1BSY2gpxB0-e8XvA_6YXjr9JGC9jnwRqqMH1l0i5fDiTUbP9EL_Q9-4mhZiivuzfeNlvmvRAbW-47owopHInf7guGrU8xL8jmIFAB8H35ue0PwtwvpOsPOP8Ob6X2neJ\/w640-h360\/IMG_E0523.JPG\" width=\"640\" height=\"360\" border=\"0\" data-original-height=\"2268\" data-original-width=\"4032\" \/><\/a><\/div>\n<p>&nbsp;<\/p>\n<div class=\"separator\"><a href=\"https:\/\/blogger.googleusercontent.com\/img\/b\/R29vZ2xl\/AVvXsEjDIETW7LtokF4hPqcTxToJNjS9dCPco7rz4dx4ILIMOPkOQAa6zvshb5IXUaFqwOJlSxEj1l5uZEVd0HsBCgm0e7I62m-vhwWDZxh8-Zx5U5WTT-MUEBlwcl3ZJHOSNJdFBn9PqxreRXz7lm71HRkbJO8cFjkn_dVyPyHoIuA4ZROT8tEHqFIuGp8Y\/s4032\/IMG_E0524.JPG\"><img loading=\"lazy\" decoding=\"async\" src=\"https:\/\/blogger.googleusercontent.com\/img\/b\/R29vZ2xl\/AVvXsEjDIETW7LtokF4hPqcTxToJNjS9dCPco7rz4dx4ILIMOPkOQAa6zvshb5IXUaFqwOJlSxEj1l5uZEVd0HsBCgm0e7I62m-vhwWDZxh8-Zx5U5WTT-MUEBlwcl3ZJHOSNJdFBn9PqxreRXz7lm71HRkbJO8cFjkn_dVyPyHoIuA4ZROT8tEHqFIuGp8Y\/w640-h360\/IMG_E0524.JPG\" width=\"640\" height=\"360\" border=\"0\" data-original-height=\"2268\" data-original-width=\"4032\" \/><\/a><\/div>\n<p>&nbsp;<\/p>\n<div class=\"separator\"><a href=\"https:\/\/blogger.googleusercontent.com\/img\/b\/R29vZ2xl\/AVvXsEioKCC35CM_IW6kHVvf6xWxB58cNyBdHVjA5LigNzqFWIHNrAe7xkTKDnQXGN9Yt3T_qk-pvTHiNZm0Zs072wJ6eZ4uCj3ZkLixT0tNhuZNJg-UnlBp1uzln5SUskJPR8T7VegfoZaxbE9kFhUcFSN6AfmJPJBnGe0QtanPZRMjygTY_CwTVWc_8F-9\/s4032\/IMG_E0529.JPG\"><img loading=\"lazy\" decoding=\"async\" src=\"https:\/\/blogger.googleusercontent.com\/img\/b\/R29vZ2xl\/AVvXsEioKCC35CM_IW6kHVvf6xWxB58cNyBdHVjA5LigNzqFWIHNrAe7xkTKDnQXGN9Yt3T_qk-pvTHiNZm0Zs072wJ6eZ4uCj3ZkLixT0tNhuZNJg-UnlBp1uzln5SUskJPR8T7VegfoZaxbE9kFhUcFSN6AfmJPJBnGe0QtanPZRMjygTY_CwTVWc_8F-9\/w640-h360\/IMG_E0529.JPG\" width=\"640\" height=\"360\" border=\"0\" data-original-height=\"2268\" data-original-width=\"4032\" \/><\/a><\/div>\n<p>&nbsp;<\/p>\n<div class=\"separator\"><a href=\"https:\/\/blogger.googleusercontent.com\/img\/b\/R29vZ2xl\/AVvXsEiNQ9F0BHinP5QZKU_l1kuR5j8h_hrqNdjQl4PmZIzCDkvGgpTAzXH3hPw-2y6Bt0InD1bnsspaJ0_Jj3nxeYxyUtxK9uDBMToP6avPIRW7E9mWcjHiKQWUs2GgUTnPY7S-damRKecSqvSfgWrmqyMq_KjxVom8uxMshtwOWoktFWyNP0KMnIfmuAQn\/s4032\/IMG_E0586.JPG\"><img loading=\"lazy\" decoding=\"async\" src=\"https:\/\/blogger.googleusercontent.com\/img\/b\/R29vZ2xl\/AVvXsEiNQ9F0BHinP5QZKU_l1kuR5j8h_hrqNdjQl4PmZIzCDkvGgpTAzXH3hPw-2y6Bt0InD1bnsspaJ0_Jj3nxeYxyUtxK9uDBMToP6avPIRW7E9mWcjHiKQWUs2GgUTnPY7S-damRKecSqvSfgWrmqyMq_KjxVom8uxMshtwOWoktFWyNP0KMnIfmuAQn\/w640-h360\/IMG_E0586.JPG\" width=\"640\" height=\"360\" border=\"0\" data-original-height=\"2268\" data-original-width=\"4032\" \/><\/a><\/div>\n<p>&nbsp;<\/p>\n<div class=\"separator\"><a href=\"https:\/\/blogger.googleusercontent.com\/img\/b\/R29vZ2xl\/AVvXsEhw0QP0XFl_jYwitakI8vEtvqlTZNoKkUM94v4ECLI28I0EKnEd0ajc9V7XlAJNSklG7y93dI3dwFVwGJ7-Hhv4sLu820kDZb7TTx5r03d4zjZujdp7iPI4aiFi1vKIsxMEMXsinq9LBziL3kIH-X-K5RjvXQskAIPbkcQtK3oBJGztXTcuiYNWXaxO\/s4032\/IMG_E0591.JPG\"><img loading=\"lazy\" decoding=\"async\" src=\"https:\/\/blogger.googleusercontent.com\/img\/b\/R29vZ2xl\/AVvXsEhw0QP0XFl_jYwitakI8vEtvqlTZNoKkUM94v4ECLI28I0EKnEd0ajc9V7XlAJNSklG7y93dI3dwFVwGJ7-Hhv4sLu820kDZb7TTx5r03d4zjZujdp7iPI4aiFi1vKIsxMEMXsinq9LBziL3kIH-X-K5RjvXQskAIPbkcQtK3oBJGztXTcuiYNWXaxO\/w640-h360\/IMG_E0591.JPG\" width=\"640\" height=\"360\" border=\"0\" data-original-height=\"2268\" data-original-width=\"4032\" \/><\/a><\/div>\n<p>&nbsp;<\/p>\n<div class=\"separator\"><a href=\"https:\/\/blogger.googleusercontent.com\/img\/b\/R29vZ2xl\/AVvXsEgnibKmVya79XmLrfgZ4TNn_tmfhYpL3XHdVTfbXhK-e94jMN0PFuojNp-hBaqEYvaLnDtwka3L92li-U8xt6n8ZduNlue_Kod-8ZenMBv8ocIj-L4vWNx2kWrBa45Jfg4yDqLV8MLTx9U5yDCBW-ZLy08i-B8cybYghGnCWcaIDD0kWAQ3ya0ghwGF\/s4032\/IMG_E0603.JPG\"><img loading=\"lazy\" decoding=\"async\" src=\"https:\/\/blogger.googleusercontent.com\/img\/b\/R29vZ2xl\/AVvXsEgnibKmVya79XmLrfgZ4TNn_tmfhYpL3XHdVTfbXhK-e94jMN0PFuojNp-hBaqEYvaLnDtwka3L92li-U8xt6n8ZduNlue_Kod-8ZenMBv8ocIj-L4vWNx2kWrBa45Jfg4yDqLV8MLTx9U5yDCBW-ZLy08i-B8cybYghGnCWcaIDD0kWAQ3ya0ghwGF\/w640-h360\/IMG_E0603.JPG\" width=\"640\" height=\"360\" border=\"0\" data-original-height=\"2268\" data-original-width=\"4032\" \/><\/a><\/div>\n<p>&nbsp;<\/p>\n<div class=\"separator\"><a href=\"https:\/\/blogger.googleusercontent.com\/img\/b\/R29vZ2xl\/AVvXsEgz6xr3JXXpfKFGht5kgmi9VXCuZwKVPA48ehYnWvjaihlQ8OsLj51UFDv2NXKYFZ9rmD_fjaTeyldhuRUw_2uIPyw36OesvMpcppxwOfZ8EK-YmxpRob4rZefXACkZlc72B39MinfL9t96p7ZEcJpctC6wV5iEzApunR96NFMk13vQpIPsG8msHfAJ\/s4032\/IMG_E0606.JPG\"><img loading=\"lazy\" decoding=\"async\" src=\"https:\/\/blogger.googleusercontent.com\/img\/b\/R29vZ2xl\/AVvXsEgz6xr3JXXpfKFGht5kgmi9VXCuZwKVPA48ehYnWvjaihlQ8OsLj51UFDv2NXKYFZ9rmD_fjaTeyldhuRUw_2uIPyw36OesvMpcppxwOfZ8EK-YmxpRob4rZefXACkZlc72B39MinfL9t96p7ZEcJpctC6wV5iEzApunR96NFMk13vQpIPsG8msHfAJ\/w640-h360\/IMG_E0606.JPG\" width=\"640\" height=\"360\" border=\"0\" data-original-height=\"2268\" data-original-width=\"4032\" \/><\/a><\/div>\n<div><strong>Noticias em Destaque<\/strong><\/div>\n<div style=\"text-align: right;\"><em>Fonte: Amparo Ligado<\/em><\/div>\n","protected":false},"excerpt":{"rendered":"<p>Na manh\u00e3 desta quarta-feira (07) o prefeito In\u00e1cio N\u00f3brega realizou a entrega de uma ambul\u00e2ncia 0km para atender a popula\u00e7\u00e3o Amparense.\u00a0\u00a0 A entrega aconteceu na pra\u00e7a Miguel Pereira e contou com a presen\u00e7a do vice-prefeito C\u00edcero Maciel, vereadores, secret\u00e1rios municipais e a popula\u00e7\u00e3o.\u00a0 A entrega da chave do ve\u00edculo foi feita pelo prefeito In\u00e1cio e pelo secret\u00e1rio de Transporte Osmando Santos a Secret\u00e1ria de Sa\u00fade Ver\u00f4nica Rafael. O prefeito aproveitou para informar que ainda em 2022 estar\u00e1 entregando mais uma ambul\u00e2ncia para a popula\u00e7\u00e3o.\u00a0 &nbsp; &nbsp; &nbsp; &nbsp; &nbsp; &nbsp; &nbsp; &nbsp; &nbsp; &nbsp; &nbsp; Noticias em Destaque Fonte: Amparo Ligado<\/p>\n","protected":false},"author":2,"featured_media":42483,"comment_status":"closed","ping_status":"open","sticky":false,"template":"","format":"standard","meta":{"_eb_attr":"","_jetpack_memberships_contains_paid_content":false,"footnotes":""},"categories":[3],"tags":[],"class_list":["post-42482","post","type-post","status-publish","format-standard","has-post-thumbnail","hentry","category-cidades"],"yoast_head":"<!-- This site is optimized with the Yoast SEO plugin v26.5 - https:\/\/yoast.com\/wordpress\/plugins\/seo\/ -->\n<title>Prefeitura de Amparo entrega Ambul\u00e2ncia 0km para a popula\u00e7\u00e3o - Not&iacute;cias em Destaque<\/title>\n<meta name=\"robots\" content=\"index, follow, max-snippet:-1, max-image-preview:large, max-video-preview:-1\" \/>\n<link rel=\"canonical\" href=\"https:\/\/noticiasemdestaque.com\/cd\/?p=42482\" \/>\n<meta property=\"og:locale\" content=\"pt_BR\" \/>\n<meta property=\"og:type\" content=\"article\" \/>\n<meta property=\"og:title\" content=\"Prefeitura de Amparo entrega Ambul\u00e2ncia 0km para a popula\u00e7\u00e3o - Not&iacute;cias em Destaque\" \/>\n<meta property=\"og:description\" content=\"Na manh\u00e3 desta quarta-feira (07) o prefeito In\u00e1cio N\u00f3brega realizou a entrega de uma ambul\u00e2ncia 0km para atender a popula\u00e7\u00e3o Amparense.\u00a0\u00a0 A entrega aconteceu na pra\u00e7a Miguel Pereira e contou com a presen\u00e7a do vice-prefeito C\u00edcero Maciel, vereadores, secret\u00e1rios municipais e a popula\u00e7\u00e3o.\u00a0 A entrega da chave do ve\u00edculo foi feita pelo prefeito In\u00e1cio e pelo secret\u00e1rio de Transporte Osmando Santos a Secret\u00e1ria de Sa\u00fade Ver\u00f4nica Rafael. O prefeito aproveitou para informar que ainda em 2022 estar\u00e1 entregando mais uma ambul\u00e2ncia para a popula\u00e7\u00e3o.\u00a0 &nbsp; &nbsp; &nbsp; &nbsp; &nbsp; &nbsp; &nbsp; &nbsp; &nbsp; &nbsp; &nbsp; Noticias em Destaque Fonte: Amparo Ligado\" \/>\n<meta property=\"og:url\" content=\"https:\/\/noticiasemdestaque.com\/cd\/?p=42482\" \/>\n<meta property=\"og:site_name\" content=\"Not&iacute;cias em Destaque\" \/>\n<meta property=\"article:published_time\" content=\"2022-09-08T12:43:45+00:00\" \/>\n<meta property=\"og:image\" content=\"https:\/\/noticiasemdestaque.com\/cd\/wp-content\/uploads\/2022\/09\/IMG_E0597.jpg\" \/>\n\t<meta property=\"og:image:width\" content=\"640\" \/>\n\t<meta property=\"og:image:height\" content=\"360\" \/>\n\t<meta property=\"og:image:type\" content=\"image\/jpeg\" \/>\n<meta name=\"author\" content=\"Not\u00edcias em Destaque\" \/>\n<meta name=\"twitter:card\" content=\"summary_large_image\" \/>\n<meta name=\"twitter:label1\" content=\"Escrito por\" \/>\n\t<meta name=\"twitter:data1\" content=\"Not\u00edcias em Destaque\" \/>\n\t<meta name=\"twitter:label2\" content=\"Est. tempo de leitura\" \/>\n\t<meta name=\"twitter:data2\" content=\"4 minutos\" \/>\n<script type=\"application\/ld+json\" class=\"yoast-schema-graph\">{\"@context\":\"https:\/\/schema.org\",\"@graph\":[{\"@type\":\"Article\",\"@id\":\"https:\/\/noticiasemdestaque.com\/cd\/?p=42482#article\",\"isPartOf\":{\"@id\":\"https:\/\/noticiasemdestaque.com\/cd\/?p=42482\"},\"author\":{\"name\":\"Not\u00edcias em Destaque\",\"@id\":\"https:\/\/noticiasemdestaque.com\/cd\/#\/schema\/person\/4a81fb71f77579d059c3045891fa1786\"},\"headline\":\"Prefeitura de Amparo entrega Ambul\u00e2ncia 0km para a popula\u00e7\u00e3o\",\"datePublished\":\"2022-09-08T12:43:45+00:00\",\"mainEntityOfPage\":{\"@id\":\"https:\/\/noticiasemdestaque.com\/cd\/?p=42482\"},\"wordCount\":127,\"publisher\":{\"@id\":\"https:\/\/noticiasemdestaque.com\/cd\/#organization\"},\"image\":{\"@id\":\"https:\/\/noticiasemdestaque.com\/cd\/?p=42482#primaryimage\"},\"thumbnailUrl\":\"https:\/\/noticiasemdestaque.com\/cd\/wp-content\/uploads\/2022\/09\/IMG_E0597.jpg\",\"articleSection\":[\"Cidades\"],\"inLanguage\":\"pt-BR\"},{\"@type\":\"WebPage\",\"@id\":\"https:\/\/noticiasemdestaque.com\/cd\/?p=42482\",\"url\":\"https:\/\/noticiasemdestaque.com\/cd\/?p=42482\",\"name\":\"Prefeitura de Amparo entrega Ambul\u00e2ncia 0km para a popula\u00e7\u00e3o - Not&iacute;cias em Destaque\",\"isPartOf\":{\"@id\":\"https:\/\/noticiasemdestaque.com\/cd\/#website\"},\"primaryImageOfPage\":{\"@id\":\"https:\/\/noticiasemdestaque.com\/cd\/?p=42482#primaryimage\"},\"image\":{\"@id\":\"https:\/\/noticiasemdestaque.com\/cd\/?p=42482#primaryimage\"},\"thumbnailUrl\":\"https:\/\/noticiasemdestaque.com\/cd\/wp-content\/uploads\/2022\/09\/IMG_E0597.jpg\",\"datePublished\":\"2022-09-08T12:43:45+00:00\",\"breadcrumb\":{\"@id\":\"https:\/\/noticiasemdestaque.com\/cd\/?p=42482#breadcrumb\"},\"inLanguage\":\"pt-BR\",\"potentialAction\":[{\"@type\":\"ReadAction\",\"target\":[\"https:\/\/noticiasemdestaque.com\/cd\/?p=42482\"]}]},{\"@type\":\"ImageObject\",\"inLanguage\":\"pt-BR\",\"@id\":\"https:\/\/noticiasemdestaque.com\/cd\/?p=42482#primaryimage\",\"url\":\"https:\/\/noticiasemdestaque.com\/cd\/wp-content\/uploads\/2022\/09\/IMG_E0597.jpg\",\"contentUrl\":\"https:\/\/noticiasemdestaque.com\/cd\/wp-content\/uploads\/2022\/09\/IMG_E0597.jpg\",\"width\":640,\"height\":360},{\"@type\":\"BreadcrumbList\",\"@id\":\"https:\/\/noticiasemdestaque.com\/cd\/?p=42482#breadcrumb\",\"itemListElement\":[{\"@type\":\"ListItem\",\"position\":1,\"name\":\"In\u00edcio\",\"item\":\"https:\/\/noticiasemdestaque.com\/cd\/\"},{\"@type\":\"ListItem\",\"position\":2,\"name\":\"Prefeitura de Amparo entrega Ambul\u00e2ncia 0km para a popula\u00e7\u00e3o\"}]},{\"@type\":\"WebSite\",\"@id\":\"https:\/\/noticiasemdestaque.com\/cd\/#website\",\"url\":\"https:\/\/noticiasemdestaque.com\/cd\/\",\"name\":\"Not&iacute;cias em Destaque\",\"description\":\"\",\"publisher\":{\"@id\":\"https:\/\/noticiasemdestaque.com\/cd\/#organization\"},\"potentialAction\":[{\"@type\":\"SearchAction\",\"target\":{\"@type\":\"EntryPoint\",\"urlTemplate\":\"https:\/\/noticiasemdestaque.com\/cd\/?s={search_term_string}\"},\"query-input\":{\"@type\":\"PropertyValueSpecification\",\"valueRequired\":true,\"valueName\":\"search_term_string\"}}],\"inLanguage\":\"pt-BR\"},{\"@type\":\"Organization\",\"@id\":\"https:\/\/noticiasemdestaque.com\/cd\/#organization\",\"name\":\"Not\u00edcias em Destaque\",\"url\":\"https:\/\/noticiasemdestaque.com\/cd\/\",\"logo\":{\"@type\":\"ImageObject\",\"inLanguage\":\"pt-BR\",\"@id\":\"https:\/\/noticiasemdestaque.com\/cd\/#\/schema\/logo\/image\/\",\"url\":\"https:\/\/noticiasemdestaque.com\/cd\/wp-content\/uploads\/2022\/05\/imagem-base-noticiasemdestaque.png\",\"contentUrl\":\"https:\/\/noticiasemdestaque.com\/cd\/wp-content\/uploads\/2022\/05\/imagem-base-noticiasemdestaque.png\",\"width\":1200,\"height\":630,\"caption\":\"Not\u00edcias em Destaque\"},\"image\":{\"@id\":\"https:\/\/noticiasemdestaque.com\/cd\/#\/schema\/logo\/image\/\"}},{\"@type\":\"Person\",\"@id\":\"https:\/\/noticiasemdestaque.com\/cd\/#\/schema\/person\/4a81fb71f77579d059c3045891fa1786\",\"name\":\"Not\u00edcias em Destaque\",\"url\":\"https:\/\/noticiasemdestaque.com\/cd\/?author=2\"}]}<\/script>\n<!-- \/ Yoast SEO plugin. -->","yoast_head_json":{"title":"Prefeitura de Amparo entrega Ambul\u00e2ncia 0km para a popula\u00e7\u00e3o - Not&iacute;cias em Destaque","robots":{"index":"index","follow":"follow","max-snippet":"max-snippet:-1","max-image-preview":"max-image-preview:large","max-video-preview":"max-video-preview:-1"},"canonical":"https:\/\/noticiasemdestaque.com\/cd\/?p=42482","og_locale":"pt_BR","og_type":"article","og_title":"Prefeitura de Amparo entrega Ambul\u00e2ncia 0km para a popula\u00e7\u00e3o - Not&iacute;cias em Destaque","og_description":"Na manh\u00e3 desta quarta-feira (07) o prefeito In\u00e1cio N\u00f3brega realizou a entrega de uma ambul\u00e2ncia 0km para atender a popula\u00e7\u00e3o Amparense.\u00a0\u00a0 A entrega aconteceu na pra\u00e7a Miguel Pereira e contou com a presen\u00e7a do vice-prefeito C\u00edcero Maciel, vereadores, secret\u00e1rios municipais e a popula\u00e7\u00e3o.\u00a0 A entrega da chave do ve\u00edculo foi feita pelo prefeito In\u00e1cio e pelo secret\u00e1rio de Transporte Osmando Santos a Secret\u00e1ria de Sa\u00fade Ver\u00f4nica Rafael. O prefeito aproveitou para informar que ainda em 2022 estar\u00e1 entregando mais uma ambul\u00e2ncia para a popula\u00e7\u00e3o.\u00a0 &nbsp; &nbsp; &nbsp; &nbsp; &nbsp; &nbsp; &nbsp; &nbsp; &nbsp; &nbsp; &nbsp; Noticias em Destaque Fonte: Amparo Ligado","og_url":"https:\/\/noticiasemdestaque.com\/cd\/?p=42482","og_site_name":"Not&iacute;cias em Destaque","article_published_time":"2022-09-08T12:43:45+00:00","og_image":[{"width":640,"height":360,"url":"https:\/\/noticiasemdestaque.com\/cd\/wp-content\/uploads\/2022\/09\/IMG_E0597.jpg","type":"image\/jpeg"}],"author":"Not\u00edcias em Destaque","twitter_card":"summary_large_image","twitter_misc":{"Escrito por":"Not\u00edcias em Destaque","Est. tempo de leitura":"4 minutos"},"schema":{"@context":"https:\/\/schema.org","@graph":[{"@type":"Article","@id":"https:\/\/noticiasemdestaque.com\/cd\/?p=42482#article","isPartOf":{"@id":"https:\/\/noticiasemdestaque.com\/cd\/?p=42482"},"author":{"name":"Not\u00edcias em Destaque","@id":"https:\/\/noticiasemdestaque.com\/cd\/#\/schema\/person\/4a81fb71f77579d059c3045891fa1786"},"headline":"Prefeitura de Amparo entrega Ambul\u00e2ncia 0km para a popula\u00e7\u00e3o","datePublished":"2022-09-08T12:43:45+00:00","mainEntityOfPage":{"@id":"https:\/\/noticiasemdestaque.com\/cd\/?p=42482"},"wordCount":127,"publisher":{"@id":"https:\/\/noticiasemdestaque.com\/cd\/#organization"},"image":{"@id":"https:\/\/noticiasemdestaque.com\/cd\/?p=42482#primaryimage"},"thumbnailUrl":"https:\/\/noticiasemdestaque.com\/cd\/wp-content\/uploads\/2022\/09\/IMG_E0597.jpg","articleSection":["Cidades"],"inLanguage":"pt-BR"},{"@type":"WebPage","@id":"https:\/\/noticiasemdestaque.com\/cd\/?p=42482","url":"https:\/\/noticiasemdestaque.com\/cd\/?p=42482","name":"Prefeitura de Amparo entrega Ambul\u00e2ncia 0km para a popula\u00e7\u00e3o - Not&iacute;cias em Destaque","isPartOf":{"@id":"https:\/\/noticiasemdestaque.com\/cd\/#website"},"primaryImageOfPage":{"@id":"https:\/\/noticiasemdestaque.com\/cd\/?p=42482#primaryimage"},"image":{"@id":"https:\/\/noticiasemdestaque.com\/cd\/?p=42482#primaryimage"},"thumbnailUrl":"https:\/\/noticiasemdestaque.com\/cd\/wp-content\/uploads\/2022\/09\/IMG_E0597.jpg","datePublished":"2022-09-08T12:43:45+00:00","breadcrumb":{"@id":"https:\/\/noticiasemdestaque.com\/cd\/?p=42482#breadcrumb"},"inLanguage":"pt-BR","potentialAction":[{"@type":"ReadAction","target":["https:\/\/noticiasemdestaque.com\/cd\/?p=42482"]}]},{"@type":"ImageObject","inLanguage":"pt-BR","@id":"https:\/\/noticiasemdestaque.com\/cd\/?p=42482#primaryimage","url":"https:\/\/noticiasemdestaque.com\/cd\/wp-content\/uploads\/2022\/09\/IMG_E0597.jpg","contentUrl":"https:\/\/noticiasemdestaque.com\/cd\/wp-content\/uploads\/2022\/09\/IMG_E0597.jpg","width":640,"height":360},{"@type":"BreadcrumbList","@id":"https:\/\/noticiasemdestaque.com\/cd\/?p=42482#breadcrumb","itemListElement":[{"@type":"ListItem","position":1,"name":"In\u00edcio","item":"https:\/\/noticiasemdestaque.com\/cd\/"},{"@type":"ListItem","position":2,"name":"Prefeitura de Amparo entrega Ambul\u00e2ncia 0km para a popula\u00e7\u00e3o"}]},{"@type":"WebSite","@id":"https:\/\/noticiasemdestaque.com\/cd\/#website","url":"https:\/\/noticiasemdestaque.com\/cd\/","name":"Not&iacute;cias em Destaque","description":"","publisher":{"@id":"https:\/\/noticiasemdestaque.com\/cd\/#organization"},"potentialAction":[{"@type":"SearchAction","target":{"@type":"EntryPoint","urlTemplate":"https:\/\/noticiasemdestaque.com\/cd\/?s={search_term_string}"},"query-input":{"@type":"PropertyValueSpecification","valueRequired":true,"valueName":"search_term_string"}}],"inLanguage":"pt-BR"},{"@type":"Organization","@id":"https:\/\/noticiasemdestaque.com\/cd\/#organization","name":"Not\u00edcias em Destaque","url":"https:\/\/noticiasemdestaque.com\/cd\/","logo":{"@type":"ImageObject","inLanguage":"pt-BR","@id":"https:\/\/noticiasemdestaque.com\/cd\/#\/schema\/logo\/image\/","url":"https:\/\/noticiasemdestaque.com\/cd\/wp-content\/uploads\/2022\/05\/imagem-base-noticiasemdestaque.png","contentUrl":"https:\/\/noticiasemdestaque.com\/cd\/wp-content\/uploads\/2022\/05\/imagem-base-noticiasemdestaque.png","width":1200,"height":630,"caption":"Not\u00edcias em Destaque"},"image":{"@id":"https:\/\/noticiasemdestaque.com\/cd\/#\/schema\/logo\/image\/"}},{"@type":"Person","@id":"https:\/\/noticiasemdestaque.com\/cd\/#\/schema\/person\/4a81fb71f77579d059c3045891fa1786","name":"Not\u00edcias em Destaque","url":"https:\/\/noticiasemdestaque.com\/cd\/?author=2"}]}},"jetpack_featured_media_url":"https:\/\/noticiasemdestaque.com\/cd\/wp-content\/uploads\/2022\/09\/IMG_E0597.jpg","jetpack_sharing_enabled":true,"_links":{"self":[{"href":"https:\/\/noticiasemdestaque.com\/cd\/index.php?rest_route=\/wp\/v2\/posts\/42482","targetHints":{"allow":["GET"]}}],"collection":[{"href":"https:\/\/noticiasemdestaque.com\/cd\/index.php?rest_route=\/wp\/v2\/posts"}],"about":[{"href":"https:\/\/noticiasemdestaque.com\/cd\/index.php?rest_route=\/wp\/v2\/types\/post"}],"author":[{"embeddable":true,"href":"https:\/\/noticiasemdestaque.com\/cd\/index.php?rest_route=\/wp\/v2\/users\/2"}],"replies":[{"embeddable":true,"href":"https:\/\/noticiasemdestaque.com\/cd\/index.php?rest_route=%2Fwp%2Fv2%2Fcomments&post=42482"}],"version-history":[{"count":1,"href":"https:\/\/noticiasemdestaque.com\/cd\/index.php?rest_route=\/wp\/v2\/posts\/42482\/revisions"}],"predecessor-version":[{"id":42484,"href":"https:\/\/noticiasemdestaque.com\/cd\/index.php?rest_route=\/wp\/v2\/posts\/42482\/revisions\/42484"}],"wp:featuredmedia":[{"embeddable":true,"href":"https:\/\/noticiasemdestaque.com\/cd\/index.php?rest_route=\/wp\/v2\/media\/42483"}],"wp:attachment":[{"href":"https:\/\/noticiasemdestaque.com\/cd\/index.php?rest_route=%2Fwp%2Fv2%2Fmedia&parent=42482"}],"wp:term":[{"taxonomy":"category","embeddable":true,"href":"https:\/\/noticiasemdestaque.com\/cd\/index.php?rest_route=%2Fwp%2Fv2%2Fcategories&post=42482"},{"taxonomy":"post_tag","embeddable":true,"href":"https:\/\/noticiasemdestaque.com\/cd\/index.php?rest_route=%2Fwp%2Fv2%2Ftags&post=42482"}],"curies":[{"name":"wp","href":"https:\/\/api.w.org\/{rel}","templated":true}]}}