{"id":42480,"date":"2022-09-08T09:01:40","date_gmt":"2022-09-08T12:01:40","guid":{"rendered":"https:\/\/noticiasemdestaque.com\/cd\/?p=42480"},"modified":"2022-09-08T09:01:40","modified_gmt":"2022-09-08T12:01:40","slug":"jovem-de-apenas-21-anos-e-assassinado-a-tiros-na-cidade-de-monteiro","status":"publish","type":"post","link":"https:\/\/noticiasemdestaque.com\/cd\/?p=42480","title":{"rendered":"Jovem de apenas 21 anos \u00e9 assassinado a tiros na cidade de Monteiro"},"content":{"rendered":"<p>Um jovem identificado por Daniel Matos Batista \u201cmudo\u201d de 21 anos, foi assassinado a tiros na noite desta quarta-feira (07) no s\u00edtio Garapa na zona rural de\u00a0Monteiro,\u00a0no Cariri Paraibano.<\/p>\n<p>De acordo com informa\u00e7\u00f5es, a v\u00edtima estaria em casa, no momento em que chegaram dois indiv\u00edduos, ainda n\u00e3o identificados, e chamaram a v\u00edtima pelo nome, que ao ir atender, foi alvejado por disparos de arma de fogo, vindo a \u00f3bito no local. Os criminosos fugiram com destino ignorado.<\/p>\n<figure class=\"wp-block-image aligncenter size-full is-resized\"><img fetchpriority=\"high\" decoding=\"async\" class=\"wp-image-113428\" src=\"https:\/\/deolhonocariri.com.br\/wp-content\/uploads\/2022\/09\/IMG-20220907-WA0366.jpg\" alt=\"\" width=\"297\" height=\"440\" \/><\/figure>\n<p>A pol\u00edcia militar foi acionada e realizou o isolamento do local.<\/p>\n<p><strong>Noticias em Destaque<\/strong><\/p>\n<p style=\"text-align: right;\"><em>Fonte: De Olho no Cariri\/O Pipoco<\/em><\/p>\n","protected":false},"excerpt":{"rendered":"<p>Um jovem identificado por Daniel Matos Batista \u201cmudo\u201d de 21 anos, foi assassinado a tiros na noite desta quarta-feira (07) no s\u00edtio Garapa na zona rural de\u00a0Monteiro,\u00a0no Cariri Paraibano. De acordo com informa\u00e7\u00f5es, a v\u00edtima estaria em casa, no momento em que chegaram dois indiv\u00edduos, ainda n\u00e3o identificados, e chamaram a v\u00edtima pelo nome, que ao ir atender, foi alvejado por disparos de arma de fogo, vindo a \u00f3bito no local. Os criminosos fugiram com destino ignorado. A pol\u00edcia militar foi acionada e realizou o isolamento do local. Noticias em Destaque Fonte: De Olho no Cariri\/O Pipoco<\/p>\n","protected":false},"author":2,"featured_media":42393,"comment_status":"closed","ping_status":"open","sticky":false,"template":"","format":"standard","meta":{"_eb_attr":"","_jetpack_memberships_contains_paid_content":false,"footnotes":""},"categories":[20],"tags":[],"class_list":["post-42480","post","type-post","status-publish","format-standard","has-post-thumbnail","hentry","category-policia"],"yoast_head":"<!-- This site is optimized with the Yoast SEO plugin v26.5 - https:\/\/yoast.com\/wordpress\/plugins\/seo\/ -->\n<title>Jovem de apenas 21 anos \u00e9 assassinado a tiros na cidade de Monteiro - Not&iacute;cias em Destaque<\/title>\n<meta name=\"robots\" content=\"index, follow, max-snippet:-1, max-image-preview:large, max-video-preview:-1\" \/>\n<link rel=\"canonical\" href=\"https:\/\/noticiasemdestaque.com\/cd\/?p=42480\" \/>\n<meta property=\"og:locale\" content=\"pt_BR\" \/>\n<meta property=\"og:type\" content=\"article\" \/>\n<meta property=\"og:title\" content=\"Jovem de apenas 21 anos \u00e9 assassinado a tiros na cidade de Monteiro - Not&iacute;cias em Destaque\" \/>\n<meta property=\"og:description\" content=\"Um jovem identificado por Daniel Matos Batista \u201cmudo\u201d de 21 anos, foi assassinado a tiros na noite desta quarta-feira (07) no s\u00edtio Garapa na zona rural de\u00a0Monteiro,\u00a0no Cariri Paraibano. De acordo com informa\u00e7\u00f5es, a v\u00edtima estaria em casa, no momento em que chegaram dois indiv\u00edduos, ainda n\u00e3o identificados, e chamaram a v\u00edtima pelo nome, que ao ir atender, foi alvejado por disparos de arma de fogo, vindo a \u00f3bito no local. Os criminosos fugiram com destino ignorado. A pol\u00edcia militar foi acionada e realizou o isolamento do local. Noticias em Destaque Fonte: De Olho no Cariri\/O Pipoco\" \/>\n<meta property=\"og:url\" content=\"https:\/\/noticiasemdestaque.com\/cd\/?p=42480\" \/>\n<meta property=\"og:site_name\" content=\"Not&iacute;cias em Destaque\" \/>\n<meta property=\"article:published_time\" content=\"2022-09-08T12:01:40+00:00\" \/>\n<meta property=\"og:image\" content=\"https:\/\/noticiasemdestaque.com\/cd\/wp-content\/uploads\/2022\/09\/sirene-policia-viatura-786x523-786x523-1.jpg\" \/>\n\t<meta property=\"og:image:width\" content=\"786\" \/>\n\t<meta property=\"og:image:height\" content=\"523\" \/>\n\t<meta property=\"og:image:type\" content=\"image\/jpeg\" \/>\n<meta name=\"author\" content=\"Not\u00edcias em Destaque\" \/>\n<meta name=\"twitter:card\" content=\"summary_large_image\" \/>\n<meta name=\"twitter:label1\" content=\"Escrito por\" \/>\n\t<meta name=\"twitter:data1\" content=\"Not\u00edcias em Destaque\" \/>\n\t<meta name=\"twitter:label2\" content=\"Est. tempo de leitura\" \/>\n\t<meta name=\"twitter:data2\" content=\"1 minuto\" \/>\n<script type=\"application\/ld+json\" class=\"yoast-schema-graph\">{\"@context\":\"https:\/\/schema.org\",\"@graph\":[{\"@type\":\"Article\",\"@id\":\"https:\/\/noticiasemdestaque.com\/cd\/?p=42480#article\",\"isPartOf\":{\"@id\":\"https:\/\/noticiasemdestaque.com\/cd\/?p=42480\"},\"author\":{\"name\":\"Not\u00edcias em Destaque\",\"@id\":\"https:\/\/noticiasemdestaque.com\/cd\/#\/schema\/person\/4a81fb71f77579d059c3045891fa1786\"},\"headline\":\"Jovem de apenas 21 anos \u00e9 assassinado a tiros na cidade de Monteiro\",\"datePublished\":\"2022-09-08T12:01:40+00:00\",\"mainEntityOfPage\":{\"@id\":\"https:\/\/noticiasemdestaque.com\/cd\/?p=42480\"},\"wordCount\":116,\"publisher\":{\"@id\":\"https:\/\/noticiasemdestaque.com\/cd\/#organization\"},\"image\":{\"@id\":\"https:\/\/noticiasemdestaque.com\/cd\/?p=42480#primaryimage\"},\"thumbnailUrl\":\"https:\/\/noticiasemdestaque.com\/cd\/wp-content\/uploads\/2022\/09\/sirene-policia-viatura-786x523-786x523-1.jpg\",\"articleSection\":[\"Pol\u00edcia\"],\"inLanguage\":\"pt-BR\"},{\"@type\":\"WebPage\",\"@id\":\"https:\/\/noticiasemdestaque.com\/cd\/?p=42480\",\"url\":\"https:\/\/noticiasemdestaque.com\/cd\/?p=42480\",\"name\":\"Jovem de apenas 21 anos \u00e9 assassinado a tiros na cidade de Monteiro - Not&iacute;cias em Destaque\",\"isPartOf\":{\"@id\":\"https:\/\/noticiasemdestaque.com\/cd\/#website\"},\"primaryImageOfPage\":{\"@id\":\"https:\/\/noticiasemdestaque.com\/cd\/?p=42480#primaryimage\"},\"image\":{\"@id\":\"https:\/\/noticiasemdestaque.com\/cd\/?p=42480#primaryimage\"},\"thumbnailUrl\":\"https:\/\/noticiasemdestaque.com\/cd\/wp-content\/uploads\/2022\/09\/sirene-policia-viatura-786x523-786x523-1.jpg\",\"datePublished\":\"2022-09-08T12:01:40+00:00\",\"breadcrumb\":{\"@id\":\"https:\/\/noticiasemdestaque.com\/cd\/?p=42480#breadcrumb\"},\"inLanguage\":\"pt-BR\",\"potentialAction\":[{\"@type\":\"ReadAction\",\"target\":[\"https:\/\/noticiasemdestaque.com\/cd\/?p=42480\"]}]},{\"@type\":\"ImageObject\",\"inLanguage\":\"pt-BR\",\"@id\":\"https:\/\/noticiasemdestaque.com\/cd\/?p=42480#primaryimage\",\"url\":\"https:\/\/noticiasemdestaque.com\/cd\/wp-content\/uploads\/2022\/09\/sirene-policia-viatura-786x523-786x523-1.jpg\",\"contentUrl\":\"https:\/\/noticiasemdestaque.com\/cd\/wp-content\/uploads\/2022\/09\/sirene-policia-viatura-786x523-786x523-1.jpg\",\"width\":786,\"height\":523},{\"@type\":\"BreadcrumbList\",\"@id\":\"https:\/\/noticiasemdestaque.com\/cd\/?p=42480#breadcrumb\",\"itemListElement\":[{\"@type\":\"ListItem\",\"position\":1,\"name\":\"In\u00edcio\",\"item\":\"https:\/\/noticiasemdestaque.com\/cd\/\"},{\"@type\":\"ListItem\",\"position\":2,\"name\":\"Jovem de apenas 21 anos \u00e9 assassinado a tiros na cidade de Monteiro\"}]},{\"@type\":\"WebSite\",\"@id\":\"https:\/\/noticiasemdestaque.com\/cd\/#website\",\"url\":\"https:\/\/noticiasemdestaque.com\/cd\/\",\"name\":\"Not&iacute;cias em Destaque\",\"description\":\"\",\"publisher\":{\"@id\":\"https:\/\/noticiasemdestaque.com\/cd\/#organization\"},\"potentialAction\":[{\"@type\":\"SearchAction\",\"target\":{\"@type\":\"EntryPoint\",\"urlTemplate\":\"https:\/\/noticiasemdestaque.com\/cd\/?s={search_term_string}\"},\"query-input\":{\"@type\":\"PropertyValueSpecification\",\"valueRequired\":true,\"valueName\":\"search_term_string\"}}],\"inLanguage\":\"pt-BR\"},{\"@type\":\"Organization\",\"@id\":\"https:\/\/noticiasemdestaque.com\/cd\/#organization\",\"name\":\"Not\u00edcias em Destaque\",\"url\":\"https:\/\/noticiasemdestaque.com\/cd\/\",\"logo\":{\"@type\":\"ImageObject\",\"inLanguage\":\"pt-BR\",\"@id\":\"https:\/\/noticiasemdestaque.com\/cd\/#\/schema\/logo\/image\/\",\"url\":\"https:\/\/noticiasemdestaque.com\/cd\/wp-content\/uploads\/2022\/05\/imagem-base-noticiasemdestaque.png\",\"contentUrl\":\"https:\/\/noticiasemdestaque.com\/cd\/wp-content\/uploads\/2022\/05\/imagem-base-noticiasemdestaque.png\",\"width\":1200,\"height\":630,\"caption\":\"Not\u00edcias em Destaque\"},\"image\":{\"@id\":\"https:\/\/noticiasemdestaque.com\/cd\/#\/schema\/logo\/image\/\"}},{\"@type\":\"Person\",\"@id\":\"https:\/\/noticiasemdestaque.com\/cd\/#\/schema\/person\/4a81fb71f77579d059c3045891fa1786\",\"name\":\"Not\u00edcias em Destaque\",\"url\":\"https:\/\/noticiasemdestaque.com\/cd\/?author=2\"}]}<\/script>\n<!-- \/ Yoast SEO plugin. -->","yoast_head_json":{"title":"Jovem de apenas 21 anos \u00e9 assassinado a tiros na cidade de Monteiro - Not&iacute;cias em Destaque","robots":{"index":"index","follow":"follow","max-snippet":"max-snippet:-1","max-image-preview":"max-image-preview:large","max-video-preview":"max-video-preview:-1"},"canonical":"https:\/\/noticiasemdestaque.com\/cd\/?p=42480","og_locale":"pt_BR","og_type":"article","og_title":"Jovem de apenas 21 anos \u00e9 assassinado a tiros na cidade de Monteiro - Not&iacute;cias em Destaque","og_description":"Um jovem identificado por Daniel Matos Batista \u201cmudo\u201d de 21 anos, foi assassinado a tiros na noite desta quarta-feira (07) no s\u00edtio Garapa na zona rural de\u00a0Monteiro,\u00a0no Cariri Paraibano. De acordo com informa\u00e7\u00f5es, a v\u00edtima estaria em casa, no momento em que chegaram dois indiv\u00edduos, ainda n\u00e3o identificados, e chamaram a v\u00edtima pelo nome, que ao ir atender, foi alvejado por disparos de arma de fogo, vindo a \u00f3bito no local. Os criminosos fugiram com destino ignorado. A pol\u00edcia militar foi acionada e realizou o isolamento do local. Noticias em Destaque Fonte: De Olho no Cariri\/O Pipoco","og_url":"https:\/\/noticiasemdestaque.com\/cd\/?p=42480","og_site_name":"Not&iacute;cias em Destaque","article_published_time":"2022-09-08T12:01:40+00:00","og_image":[{"width":786,"height":523,"url":"https:\/\/noticiasemdestaque.com\/cd\/wp-content\/uploads\/2022\/09\/sirene-policia-viatura-786x523-786x523-1.jpg","type":"image\/jpeg"}],"author":"Not\u00edcias em Destaque","twitter_card":"summary_large_image","twitter_misc":{"Escrito por":"Not\u00edcias em Destaque","Est. tempo de leitura":"1 minuto"},"schema":{"@context":"https:\/\/schema.org","@graph":[{"@type":"Article","@id":"https:\/\/noticiasemdestaque.com\/cd\/?p=42480#article","isPartOf":{"@id":"https:\/\/noticiasemdestaque.com\/cd\/?p=42480"},"author":{"name":"Not\u00edcias em Destaque","@id":"https:\/\/noticiasemdestaque.com\/cd\/#\/schema\/person\/4a81fb71f77579d059c3045891fa1786"},"headline":"Jovem de apenas 21 anos \u00e9 assassinado a tiros na cidade de Monteiro","datePublished":"2022-09-08T12:01:40+00:00","mainEntityOfPage":{"@id":"https:\/\/noticiasemdestaque.com\/cd\/?p=42480"},"wordCount":116,"publisher":{"@id":"https:\/\/noticiasemdestaque.com\/cd\/#organization"},"image":{"@id":"https:\/\/noticiasemdestaque.com\/cd\/?p=42480#primaryimage"},"thumbnailUrl":"https:\/\/noticiasemdestaque.com\/cd\/wp-content\/uploads\/2022\/09\/sirene-policia-viatura-786x523-786x523-1.jpg","articleSection":["Pol\u00edcia"],"inLanguage":"pt-BR"},{"@type":"WebPage","@id":"https:\/\/noticiasemdestaque.com\/cd\/?p=42480","url":"https:\/\/noticiasemdestaque.com\/cd\/?p=42480","name":"Jovem de apenas 21 anos \u00e9 assassinado a tiros na cidade de Monteiro - Not&iacute;cias em Destaque","isPartOf":{"@id":"https:\/\/noticiasemdestaque.com\/cd\/#website"},"primaryImageOfPage":{"@id":"https:\/\/noticiasemdestaque.com\/cd\/?p=42480#primaryimage"},"image":{"@id":"https:\/\/noticiasemdestaque.com\/cd\/?p=42480#primaryimage"},"thumbnailUrl":"https:\/\/noticiasemdestaque.com\/cd\/wp-content\/uploads\/2022\/09\/sirene-policia-viatura-786x523-786x523-1.jpg","datePublished":"2022-09-08T12:01:40+00:00","breadcrumb":{"@id":"https:\/\/noticiasemdestaque.com\/cd\/?p=42480#breadcrumb"},"inLanguage":"pt-BR","potentialAction":[{"@type":"ReadAction","target":["https:\/\/noticiasemdestaque.com\/cd\/?p=42480"]}]},{"@type":"ImageObject","inLanguage":"pt-BR","@id":"https:\/\/noticiasemdestaque.com\/cd\/?p=42480#primaryimage","url":"https:\/\/noticiasemdestaque.com\/cd\/wp-content\/uploads\/2022\/09\/sirene-policia-viatura-786x523-786x523-1.jpg","contentUrl":"https:\/\/noticiasemdestaque.com\/cd\/wp-content\/uploads\/2022\/09\/sirene-policia-viatura-786x523-786x523-1.jpg","width":786,"height":523},{"@type":"BreadcrumbList","@id":"https:\/\/noticiasemdestaque.com\/cd\/?p=42480#breadcrumb","itemListElement":[{"@type":"ListItem","position":1,"name":"In\u00edcio","item":"https:\/\/noticiasemdestaque.com\/cd\/"},{"@type":"ListItem","position":2,"name":"Jovem de apenas 21 anos \u00e9 assassinado a tiros na cidade de Monteiro"}]},{"@type":"WebSite","@id":"https:\/\/noticiasemdestaque.com\/cd\/#website","url":"https:\/\/noticiasemdestaque.com\/cd\/","name":"Not&iacute;cias em Destaque","description":"","publisher":{"@id":"https:\/\/noticiasemdestaque.com\/cd\/#organization"},"potentialAction":[{"@type":"SearchAction","target":{"@type":"EntryPoint","urlTemplate":"https:\/\/noticiasemdestaque.com\/cd\/?s={search_term_string}"},"query-input":{"@type":"PropertyValueSpecification","valueRequired":true,"valueName":"search_term_string"}}],"inLanguage":"pt-BR"},{"@type":"Organization","@id":"https:\/\/noticiasemdestaque.com\/cd\/#organization","name":"Not\u00edcias em Destaque","url":"https:\/\/noticiasemdestaque.com\/cd\/","logo":{"@type":"ImageObject","inLanguage":"pt-BR","@id":"https:\/\/noticiasemdestaque.com\/cd\/#\/schema\/logo\/image\/","url":"https:\/\/noticiasemdestaque.com\/cd\/wp-content\/uploads\/2022\/05\/imagem-base-noticiasemdestaque.png","contentUrl":"https:\/\/noticiasemdestaque.com\/cd\/wp-content\/uploads\/2022\/05\/imagem-base-noticiasemdestaque.png","width":1200,"height":630,"caption":"Not\u00edcias em Destaque"},"image":{"@id":"https:\/\/noticiasemdestaque.com\/cd\/#\/schema\/logo\/image\/"}},{"@type":"Person","@id":"https:\/\/noticiasemdestaque.com\/cd\/#\/schema\/person\/4a81fb71f77579d059c3045891fa1786","name":"Not\u00edcias em Destaque","url":"https:\/\/noticiasemdestaque.com\/cd\/?author=2"}]}},"jetpack_featured_media_url":"https:\/\/noticiasemdestaque.com\/cd\/wp-content\/uploads\/2022\/09\/sirene-policia-viatura-786x523-786x523-1.jpg","jetpack_sharing_enabled":true,"_links":{"self":[{"href":"https:\/\/noticiasemdestaque.com\/cd\/index.php?rest_route=\/wp\/v2\/posts\/42480","targetHints":{"allow":["GET"]}}],"collection":[{"href":"https:\/\/noticiasemdestaque.com\/cd\/index.php?rest_route=\/wp\/v2\/posts"}],"about":[{"href":"https:\/\/noticiasemdestaque.com\/cd\/index.php?rest_route=\/wp\/v2\/types\/post"}],"author":[{"embeddable":true,"href":"https:\/\/noticiasemdestaque.com\/cd\/index.php?rest_route=\/wp\/v2\/users\/2"}],"replies":[{"embeddable":true,"href":"https:\/\/noticiasemdestaque.com\/cd\/index.php?rest_route=%2Fwp%2Fv2%2Fcomments&post=42480"}],"version-history":[{"count":1,"href":"https:\/\/noticiasemdestaque.com\/cd\/index.php?rest_route=\/wp\/v2\/posts\/42480\/revisions"}],"predecessor-version":[{"id":42481,"href":"https:\/\/noticiasemdestaque.com\/cd\/index.php?rest_route=\/wp\/v2\/posts\/42480\/revisions\/42481"}],"wp:featuredmedia":[{"embeddable":true,"href":"https:\/\/noticiasemdestaque.com\/cd\/index.php?rest_route=\/wp\/v2\/media\/42393"}],"wp:attachment":[{"href":"https:\/\/noticiasemdestaque.com\/cd\/index.php?rest_route=%2Fwp%2Fv2%2Fmedia&parent=42480"}],"wp:term":[{"taxonomy":"category","embeddable":true,"href":"https:\/\/noticiasemdestaque.com\/cd\/index.php?rest_route=%2Fwp%2Fv2%2Fcategories&post=42480"},{"taxonomy":"post_tag","embeddable":true,"href":"https:\/\/noticiasemdestaque.com\/cd\/index.php?rest_route=%2Fwp%2Fv2%2Ftags&post=42480"}],"curies":[{"name":"wp","href":"https:\/\/api.w.org\/{rel}","templated":true}]}}