{"id":42477,"date":"2022-09-08T08:50:44","date_gmt":"2022-09-08T11:50:44","guid":{"rendered":"https:\/\/noticiasemdestaque.com\/cd\/?p=42477"},"modified":"2022-09-08T08:50:44","modified_gmt":"2022-09-08T11:50:44","slug":"confira-a-agenda-dos-candidatos-ao-governo-da-paraiba-nesta-quinta-feira","status":"publish","type":"post","link":"https:\/\/noticiasemdestaque.com\/cd\/?p=42477","title":{"rendered":"Confira a agenda dos candidatos ao Governo da Para\u00edba nesta quinta-feira"},"content":{"rendered":"<p><a href=\"https:\/\/noticiasemdestaque.com\/cd\/wp-content\/uploads\/2022\/09\/001-governadores.jpg\"><img fetchpriority=\"high\" decoding=\"async\" class=\"alignnone  wp-image-42478\" src=\"https:\/\/noticiasemdestaque.com\/cd\/wp-content\/uploads\/2022\/09\/001-governadores-300x200.jpg\" alt=\"\" width=\"845\" height=\"563\" srcset=\"https:\/\/noticiasemdestaque.com\/cd\/wp-content\/uploads\/2022\/09\/001-governadores-300x200.jpg 300w, https:\/\/noticiasemdestaque.com\/cd\/wp-content\/uploads\/2022\/09\/001-governadores-768x513.jpg 768w, https:\/\/noticiasemdestaque.com\/cd\/wp-content\/uploads\/2022\/09\/001-governadores-18x12.jpg 18w, https:\/\/noticiasemdestaque.com\/cd\/wp-content\/uploads\/2022\/09\/001-governadores.jpg 876w\" sizes=\"(max-width: 845px) 100vw, 845px\" \/><\/a><\/p>\n<p>Os candidatos ao Governo do Estado participam nesta quinta-feira (8) de reuni\u00f5es, caravanas e com\u00edcios entre outras atividades.<\/p>\n<p><strong>Adjany Simpl\u00edcio (PSOL)<\/strong><\/p>\n<p>8h &#8211; Panfletagem no centro de cajazeiras<\/p>\n<p>14h &#8211; Reuni\u00e3o com apoiadores<\/p>\n<p>16h &#8211; Grava\u00e7\u00e3o de guia eleitoral<\/p>\n<p>21h &#8211; Debate entre govern\u00e1veis na TV Di\u00e1rio<\/p>\n<p><strong>Adriano Trajano (PCO)<\/strong><\/p>\n<p>Adriano Trajano participar\u00e1 de um evento na Universidade de Campina Grande. \u00c0\u00a0 noite participa de um debate em Cajazeiras, TV Di\u00e1rio de Sert\u00e3o.\u00a0 21 horas<\/p>\n<p><strong>Jo\u00e3o Azev\u00eado (PSB)<\/strong><\/p>\n<p>Manh\u00e3<\/p>\n<p>&#8211; Agenda administrativa<\/p>\n<p>Tarde<\/p>\n<p>&#8211; Grava\u00e7\u00e3o para o guia eleitoral<\/p>\n<p>Noite<\/p>\n<p>&#8211; 21h &#8211; Debate da TV Di\u00e1rio do Sert\u00e3o, em Cajazeiras<\/p>\n<p><strong>Major Fabio (PRTB)<\/strong><\/p>\n<p>Manh\u00e3: Reuni\u00e3o com coordena\u00e7\u00e3o de campanha.<br \/>\nNoite: Debate TV Di\u00e1rio do Sert\u00e3o, Cajazeiras.<\/p>\n<p><strong>Nascimento (PSTU)\u00a0<\/strong><\/p>\n<p>&#8211; Debate na TV Di\u00e1rio do Sert\u00e3o de Cajazeiras canal 03 da tv a cabo<br \/>\ndas 21 h \u00e0s 23:30h.<\/p>\n<p><strong>Nilvan Ferreira (PL)<\/strong><\/p>\n<p>Manh\u00e3<br \/>\n09h &#8211; Participa de grava\u00e7\u00e3o para o guia eleitoral<br \/>\nNoite<br \/>\n19h &#8211; Participa de debate no Di\u00e1rio do Sert\u00e3o em Cajazeiras<\/p>\n<p><strong>Pedro Cunha Lima (PSDB)<\/strong><\/p>\n<p>MANH\u00c3<br \/>\n\u2022 Reuni\u00e3o equipe de campanha<\/p>\n<p>TARDE<br \/>\n\u2022 Entrevista R\u00e1dio Alto Piranhas<br \/>\n\u2022 Grava guia eleitoral<\/p>\n<p>NOITE<br \/>\n\u2022 Debate TV Di\u00e1rio do Sert\u00e3o em Cajazeiras<\/p>\n<p><strong>Veneziano (MDB)<\/strong><\/p>\n<p>MANH\u00c3<\/p>\n<p>Participa de reuni\u00e3o com lideran\u00e7as em Cajazeiras e regi\u00e3o<\/p>\n<p>TARDE<\/p>\n<p>Concede entrevista \u00e0 R\u00e1dio Difusora de Cajazeiras<\/p>\n<p>NOITE<\/p>\n<p>Participa de Debate na TV Di\u00e1rio do Sert\u00e3o, em Cajazeiras<\/p>\n<p><strong>Noticias em Destaque<\/strong><\/p>\n<p style=\"text-align: right;\"><em>Fonte: Click PB<\/em><\/p>\n","protected":false},"excerpt":{"rendered":"<p>Os candidatos ao Governo do Estado participam nesta quinta-feira (8) de reuni\u00f5es, caravanas e com\u00edcios entre outras atividades. Adjany Simpl\u00edcio (PSOL) 8h &#8211; Panfletagem no centro de cajazeiras 14h &#8211; Reuni\u00e3o com apoiadores 16h &#8211; Grava\u00e7\u00e3o de guia eleitoral 21h &#8211; Debate entre govern\u00e1veis na TV Di\u00e1rio Adriano Trajano (PCO) Adriano Trajano participar\u00e1 de um evento na Universidade de Campina Grande. \u00c0\u00a0 noite participa de um debate em Cajazeiras, TV Di\u00e1rio de Sert\u00e3o.\u00a0 21 horas Jo\u00e3o Azev\u00eado (PSB) Manh\u00e3 &#8211; Agenda administrativa Tarde &#8211; Grava\u00e7\u00e3o para o guia eleitoral Noite &#8211; 21h &#8211; Debate da TV Di\u00e1rio do Sert\u00e3o, em Cajazeiras Major Fabio (PRTB) Manh\u00e3: Reuni\u00e3o com coordena\u00e7\u00e3o de campanha. Noite: Debate TV Di\u00e1rio do Sert\u00e3o, Cajazeiras. Nascimento (PSTU)\u00a0 &#8211; Debate na TV Di\u00e1rio do Sert\u00e3o de Cajazeiras canal 03 da tv a cabo das 21 h \u00e0s 23:30h. Nilvan Ferreira (PL) Manh\u00e3 09h &#8211; Participa de grava\u00e7\u00e3o para o guia eleitoral Noite 19h &#8211; Participa de debate no Di\u00e1rio do Sert\u00e3o em Cajazeiras Pedro Cunha Lima (PSDB) MANH\u00c3 \u2022 Reuni\u00e3o equipe de campanha TARDE \u2022 Entrevista R\u00e1dio Alto Piranhas \u2022 Grava guia eleitoral NOITE \u2022 Debate TV Di\u00e1rio do Sert\u00e3o em Cajazeiras Veneziano (MDB) MANH\u00c3 Participa de reuni\u00e3o com lideran\u00e7as em Cajazeiras e regi\u00e3o TARDE Concede entrevista \u00e0 R\u00e1dio Difusora de Cajazeiras NOITE Participa de Debate na TV Di\u00e1rio do Sert\u00e3o, em Cajazeiras Noticias em Destaque Fonte: Click PB<\/p>\n","protected":false},"author":2,"featured_media":42478,"comment_status":"closed","ping_status":"open","sticky":false,"template":"","format":"standard","meta":{"_eb_attr":"","_jetpack_memberships_contains_paid_content":false,"footnotes":""},"categories":[4],"tags":[],"class_list":["post-42477","post","type-post","status-publish","format-standard","has-post-thumbnail","hentry","category-politica"],"yoast_head":"<!-- This site is optimized with the Yoast SEO plugin v26.5 - https:\/\/yoast.com\/wordpress\/plugins\/seo\/ -->\n<title>Confira a agenda dos candidatos ao Governo da Para\u00edba nesta quinta-feira - Not&iacute;cias em Destaque<\/title>\n<meta name=\"robots\" content=\"index, follow, max-snippet:-1, max-image-preview:large, max-video-preview:-1\" \/>\n<link rel=\"canonical\" href=\"https:\/\/noticiasemdestaque.com\/cd\/?p=42477\" \/>\n<meta property=\"og:locale\" content=\"pt_BR\" \/>\n<meta property=\"og:type\" content=\"article\" \/>\n<meta property=\"og:title\" content=\"Confira a agenda dos candidatos ao Governo da Para\u00edba nesta quinta-feira - Not&iacute;cias em Destaque\" \/>\n<meta property=\"og:description\" content=\"Os candidatos ao Governo do Estado participam nesta quinta-feira (8) de reuni\u00f5es, caravanas e com\u00edcios entre outras atividades. Adjany Simpl\u00edcio (PSOL) 8h &#8211; Panfletagem no centro de cajazeiras 14h &#8211; Reuni\u00e3o com apoiadores 16h &#8211; Grava\u00e7\u00e3o de guia eleitoral 21h &#8211; Debate entre govern\u00e1veis na TV Di\u00e1rio Adriano Trajano (PCO) Adriano Trajano participar\u00e1 de um evento na Universidade de Campina Grande. \u00c0\u00a0 noite participa de um debate em Cajazeiras, TV Di\u00e1rio de Sert\u00e3o.\u00a0 21 horas Jo\u00e3o Azev\u00eado (PSB) Manh\u00e3 &#8211; Agenda administrativa Tarde &#8211; Grava\u00e7\u00e3o para o guia eleitoral Noite &#8211; 21h &#8211; Debate da TV Di\u00e1rio do Sert\u00e3o, em Cajazeiras Major Fabio (PRTB) Manh\u00e3: Reuni\u00e3o com coordena\u00e7\u00e3o de campanha. Noite: Debate TV Di\u00e1rio do Sert\u00e3o, Cajazeiras. Nascimento (PSTU)\u00a0 &#8211; Debate na TV Di\u00e1rio do Sert\u00e3o de Cajazeiras canal 03 da tv a cabo das 21 h \u00e0s 23:30h. Nilvan Ferreira (PL) Manh\u00e3 09h &#8211; Participa de grava\u00e7\u00e3o para o guia eleitoral Noite 19h &#8211; Participa de debate no Di\u00e1rio do Sert\u00e3o em Cajazeiras Pedro Cunha Lima (PSDB) MANH\u00c3 \u2022 Reuni\u00e3o equipe de campanha TARDE \u2022 Entrevista R\u00e1dio Alto Piranhas \u2022 Grava guia eleitoral NOITE \u2022 Debate TV Di\u00e1rio do Sert\u00e3o em Cajazeiras Veneziano (MDB) MANH\u00c3 Participa de reuni\u00e3o com lideran\u00e7as em Cajazeiras e regi\u00e3o TARDE Concede entrevista \u00e0 R\u00e1dio Difusora de Cajazeiras NOITE Participa de Debate na TV Di\u00e1rio do Sert\u00e3o, em Cajazeiras Noticias em Destaque Fonte: Click PB\" \/>\n<meta property=\"og:url\" content=\"https:\/\/noticiasemdestaque.com\/cd\/?p=42477\" \/>\n<meta property=\"og:site_name\" content=\"Not&iacute;cias em Destaque\" \/>\n<meta property=\"article:published_time\" content=\"2022-09-08T11:50:44+00:00\" \/>\n<meta property=\"og:image\" content=\"https:\/\/noticiasemdestaque.com\/cd\/wp-content\/uploads\/2022\/09\/001-governadores.jpg\" \/>\n\t<meta property=\"og:image:width\" content=\"876\" \/>\n\t<meta property=\"og:image:height\" content=\"585\" \/>\n\t<meta property=\"og:image:type\" content=\"image\/jpeg\" \/>\n<meta name=\"author\" content=\"Not\u00edcias em Destaque\" \/>\n<meta name=\"twitter:card\" content=\"summary_large_image\" \/>\n<meta name=\"twitter:label1\" content=\"Escrito por\" \/>\n\t<meta name=\"twitter:data1\" content=\"Not\u00edcias em Destaque\" \/>\n\t<meta name=\"twitter:label2\" content=\"Est. tempo de leitura\" \/>\n\t<meta name=\"twitter:data2\" content=\"2 minutos\" \/>\n<script type=\"application\/ld+json\" class=\"yoast-schema-graph\">{\"@context\":\"https:\/\/schema.org\",\"@graph\":[{\"@type\":\"Article\",\"@id\":\"https:\/\/noticiasemdestaque.com\/cd\/?p=42477#article\",\"isPartOf\":{\"@id\":\"https:\/\/noticiasemdestaque.com\/cd\/?p=42477\"},\"author\":{\"name\":\"Not\u00edcias em Destaque\",\"@id\":\"https:\/\/noticiasemdestaque.com\/cd\/#\/schema\/person\/4a81fb71f77579d059c3045891fa1786\"},\"headline\":\"Confira a agenda dos candidatos ao Governo da Para\u00edba nesta quinta-feira\",\"datePublished\":\"2022-09-08T11:50:44+00:00\",\"mainEntityOfPage\":{\"@id\":\"https:\/\/noticiasemdestaque.com\/cd\/?p=42477\"},\"wordCount\":265,\"publisher\":{\"@id\":\"https:\/\/noticiasemdestaque.com\/cd\/#organization\"},\"image\":{\"@id\":\"https:\/\/noticiasemdestaque.com\/cd\/?p=42477#primaryimage\"},\"thumbnailUrl\":\"https:\/\/noticiasemdestaque.com\/cd\/wp-content\/uploads\/2022\/09\/001-governadores.jpg\",\"articleSection\":[\"Pol\u00edtica\"],\"inLanguage\":\"pt-BR\"},{\"@type\":\"WebPage\",\"@id\":\"https:\/\/noticiasemdestaque.com\/cd\/?p=42477\",\"url\":\"https:\/\/noticiasemdestaque.com\/cd\/?p=42477\",\"name\":\"Confira a agenda dos candidatos ao Governo da Para\u00edba nesta quinta-feira - Not&iacute;cias em Destaque\",\"isPartOf\":{\"@id\":\"https:\/\/noticiasemdestaque.com\/cd\/#website\"},\"primaryImageOfPage\":{\"@id\":\"https:\/\/noticiasemdestaque.com\/cd\/?p=42477#primaryimage\"},\"image\":{\"@id\":\"https:\/\/noticiasemdestaque.com\/cd\/?p=42477#primaryimage\"},\"thumbnailUrl\":\"https:\/\/noticiasemdestaque.com\/cd\/wp-content\/uploads\/2022\/09\/001-governadores.jpg\",\"datePublished\":\"2022-09-08T11:50:44+00:00\",\"breadcrumb\":{\"@id\":\"https:\/\/noticiasemdestaque.com\/cd\/?p=42477#breadcrumb\"},\"inLanguage\":\"pt-BR\",\"potentialAction\":[{\"@type\":\"ReadAction\",\"target\":[\"https:\/\/noticiasemdestaque.com\/cd\/?p=42477\"]}]},{\"@type\":\"ImageObject\",\"inLanguage\":\"pt-BR\",\"@id\":\"https:\/\/noticiasemdestaque.com\/cd\/?p=42477#primaryimage\",\"url\":\"https:\/\/noticiasemdestaque.com\/cd\/wp-content\/uploads\/2022\/09\/001-governadores.jpg\",\"contentUrl\":\"https:\/\/noticiasemdestaque.com\/cd\/wp-content\/uploads\/2022\/09\/001-governadores.jpg\",\"width\":876,\"height\":585},{\"@type\":\"BreadcrumbList\",\"@id\":\"https:\/\/noticiasemdestaque.com\/cd\/?p=42477#breadcrumb\",\"itemListElement\":[{\"@type\":\"ListItem\",\"position\":1,\"name\":\"In\u00edcio\",\"item\":\"https:\/\/noticiasemdestaque.com\/cd\/\"},{\"@type\":\"ListItem\",\"position\":2,\"name\":\"Confira a agenda dos candidatos ao Governo da Para\u00edba nesta quinta-feira\"}]},{\"@type\":\"WebSite\",\"@id\":\"https:\/\/noticiasemdestaque.com\/cd\/#website\",\"url\":\"https:\/\/noticiasemdestaque.com\/cd\/\",\"name\":\"Not&iacute;cias em Destaque\",\"description\":\"\",\"publisher\":{\"@id\":\"https:\/\/noticiasemdestaque.com\/cd\/#organization\"},\"potentialAction\":[{\"@type\":\"SearchAction\",\"target\":{\"@type\":\"EntryPoint\",\"urlTemplate\":\"https:\/\/noticiasemdestaque.com\/cd\/?s={search_term_string}\"},\"query-input\":{\"@type\":\"PropertyValueSpecification\",\"valueRequired\":true,\"valueName\":\"search_term_string\"}}],\"inLanguage\":\"pt-BR\"},{\"@type\":\"Organization\",\"@id\":\"https:\/\/noticiasemdestaque.com\/cd\/#organization\",\"name\":\"Not\u00edcias em Destaque\",\"url\":\"https:\/\/noticiasemdestaque.com\/cd\/\",\"logo\":{\"@type\":\"ImageObject\",\"inLanguage\":\"pt-BR\",\"@id\":\"https:\/\/noticiasemdestaque.com\/cd\/#\/schema\/logo\/image\/\",\"url\":\"https:\/\/noticiasemdestaque.com\/cd\/wp-content\/uploads\/2022\/05\/imagem-base-noticiasemdestaque.png\",\"contentUrl\":\"https:\/\/noticiasemdestaque.com\/cd\/wp-content\/uploads\/2022\/05\/imagem-base-noticiasemdestaque.png\",\"width\":1200,\"height\":630,\"caption\":\"Not\u00edcias em Destaque\"},\"image\":{\"@id\":\"https:\/\/noticiasemdestaque.com\/cd\/#\/schema\/logo\/image\/\"}},{\"@type\":\"Person\",\"@id\":\"https:\/\/noticiasemdestaque.com\/cd\/#\/schema\/person\/4a81fb71f77579d059c3045891fa1786\",\"name\":\"Not\u00edcias em Destaque\",\"url\":\"https:\/\/noticiasemdestaque.com\/cd\/?author=2\"}]}<\/script>\n<!-- \/ Yoast SEO plugin. -->","yoast_head_json":{"title":"Confira a agenda dos candidatos ao Governo da Para\u00edba nesta quinta-feira - Not&iacute;cias em Destaque","robots":{"index":"index","follow":"follow","max-snippet":"max-snippet:-1","max-image-preview":"max-image-preview:large","max-video-preview":"max-video-preview:-1"},"canonical":"https:\/\/noticiasemdestaque.com\/cd\/?p=42477","og_locale":"pt_BR","og_type":"article","og_title":"Confira a agenda dos candidatos ao Governo da Para\u00edba nesta quinta-feira - Not&iacute;cias em Destaque","og_description":"Os candidatos ao Governo do Estado participam nesta quinta-feira (8) de reuni\u00f5es, caravanas e com\u00edcios entre outras atividades. Adjany Simpl\u00edcio (PSOL) 8h &#8211; Panfletagem no centro de cajazeiras 14h &#8211; Reuni\u00e3o com apoiadores 16h &#8211; Grava\u00e7\u00e3o de guia eleitoral 21h &#8211; Debate entre govern\u00e1veis na TV Di\u00e1rio Adriano Trajano (PCO) Adriano Trajano participar\u00e1 de um evento na Universidade de Campina Grande. \u00c0\u00a0 noite participa de um debate em Cajazeiras, TV Di\u00e1rio de Sert\u00e3o.\u00a0 21 horas Jo\u00e3o Azev\u00eado (PSB) Manh\u00e3 &#8211; Agenda administrativa Tarde &#8211; Grava\u00e7\u00e3o para o guia eleitoral Noite &#8211; 21h &#8211; Debate da TV Di\u00e1rio do Sert\u00e3o, em Cajazeiras Major Fabio (PRTB) Manh\u00e3: Reuni\u00e3o com coordena\u00e7\u00e3o de campanha. Noite: Debate TV Di\u00e1rio do Sert\u00e3o, Cajazeiras. Nascimento (PSTU)\u00a0 &#8211; Debate na TV Di\u00e1rio do Sert\u00e3o de Cajazeiras canal 03 da tv a cabo das 21 h \u00e0s 23:30h. Nilvan Ferreira (PL) Manh\u00e3 09h &#8211; Participa de grava\u00e7\u00e3o para o guia eleitoral Noite 19h &#8211; Participa de debate no Di\u00e1rio do Sert\u00e3o em Cajazeiras Pedro Cunha Lima (PSDB) MANH\u00c3 \u2022 Reuni\u00e3o equipe de campanha TARDE \u2022 Entrevista R\u00e1dio Alto Piranhas \u2022 Grava guia eleitoral NOITE \u2022 Debate TV Di\u00e1rio do Sert\u00e3o em Cajazeiras Veneziano (MDB) MANH\u00c3 Participa de reuni\u00e3o com lideran\u00e7as em Cajazeiras e regi\u00e3o TARDE Concede entrevista \u00e0 R\u00e1dio Difusora de Cajazeiras NOITE Participa de Debate na TV Di\u00e1rio do Sert\u00e3o, em Cajazeiras Noticias em Destaque Fonte: Click PB","og_url":"https:\/\/noticiasemdestaque.com\/cd\/?p=42477","og_site_name":"Not&iacute;cias em Destaque","article_published_time":"2022-09-08T11:50:44+00:00","og_image":[{"width":876,"height":585,"url":"https:\/\/noticiasemdestaque.com\/cd\/wp-content\/uploads\/2022\/09\/001-governadores.jpg","type":"image\/jpeg"}],"author":"Not\u00edcias em Destaque","twitter_card":"summary_large_image","twitter_misc":{"Escrito por":"Not\u00edcias em Destaque","Est. tempo de leitura":"2 minutos"},"schema":{"@context":"https:\/\/schema.org","@graph":[{"@type":"Article","@id":"https:\/\/noticiasemdestaque.com\/cd\/?p=42477#article","isPartOf":{"@id":"https:\/\/noticiasemdestaque.com\/cd\/?p=42477"},"author":{"name":"Not\u00edcias em Destaque","@id":"https:\/\/noticiasemdestaque.com\/cd\/#\/schema\/person\/4a81fb71f77579d059c3045891fa1786"},"headline":"Confira a agenda dos candidatos ao Governo da Para\u00edba nesta quinta-feira","datePublished":"2022-09-08T11:50:44+00:00","mainEntityOfPage":{"@id":"https:\/\/noticiasemdestaque.com\/cd\/?p=42477"},"wordCount":265,"publisher":{"@id":"https:\/\/noticiasemdestaque.com\/cd\/#organization"},"image":{"@id":"https:\/\/noticiasemdestaque.com\/cd\/?p=42477#primaryimage"},"thumbnailUrl":"https:\/\/noticiasemdestaque.com\/cd\/wp-content\/uploads\/2022\/09\/001-governadores.jpg","articleSection":["Pol\u00edtica"],"inLanguage":"pt-BR"},{"@type":"WebPage","@id":"https:\/\/noticiasemdestaque.com\/cd\/?p=42477","url":"https:\/\/noticiasemdestaque.com\/cd\/?p=42477","name":"Confira a agenda dos candidatos ao Governo da Para\u00edba nesta quinta-feira - Not&iacute;cias em Destaque","isPartOf":{"@id":"https:\/\/noticiasemdestaque.com\/cd\/#website"},"primaryImageOfPage":{"@id":"https:\/\/noticiasemdestaque.com\/cd\/?p=42477#primaryimage"},"image":{"@id":"https:\/\/noticiasemdestaque.com\/cd\/?p=42477#primaryimage"},"thumbnailUrl":"https:\/\/noticiasemdestaque.com\/cd\/wp-content\/uploads\/2022\/09\/001-governadores.jpg","datePublished":"2022-09-08T11:50:44+00:00","breadcrumb":{"@id":"https:\/\/noticiasemdestaque.com\/cd\/?p=42477#breadcrumb"},"inLanguage":"pt-BR","potentialAction":[{"@type":"ReadAction","target":["https:\/\/noticiasemdestaque.com\/cd\/?p=42477"]}]},{"@type":"ImageObject","inLanguage":"pt-BR","@id":"https:\/\/noticiasemdestaque.com\/cd\/?p=42477#primaryimage","url":"https:\/\/noticiasemdestaque.com\/cd\/wp-content\/uploads\/2022\/09\/001-governadores.jpg","contentUrl":"https:\/\/noticiasemdestaque.com\/cd\/wp-content\/uploads\/2022\/09\/001-governadores.jpg","width":876,"height":585},{"@type":"BreadcrumbList","@id":"https:\/\/noticiasemdestaque.com\/cd\/?p=42477#breadcrumb","itemListElement":[{"@type":"ListItem","position":1,"name":"In\u00edcio","item":"https:\/\/noticiasemdestaque.com\/cd\/"},{"@type":"ListItem","position":2,"name":"Confira a agenda dos candidatos ao Governo da Para\u00edba nesta quinta-feira"}]},{"@type":"WebSite","@id":"https:\/\/noticiasemdestaque.com\/cd\/#website","url":"https:\/\/noticiasemdestaque.com\/cd\/","name":"Not&iacute;cias em Destaque","description":"","publisher":{"@id":"https:\/\/noticiasemdestaque.com\/cd\/#organization"},"potentialAction":[{"@type":"SearchAction","target":{"@type":"EntryPoint","urlTemplate":"https:\/\/noticiasemdestaque.com\/cd\/?s={search_term_string}"},"query-input":{"@type":"PropertyValueSpecification","valueRequired":true,"valueName":"search_term_string"}}],"inLanguage":"pt-BR"},{"@type":"Organization","@id":"https:\/\/noticiasemdestaque.com\/cd\/#organization","name":"Not\u00edcias em Destaque","url":"https:\/\/noticiasemdestaque.com\/cd\/","logo":{"@type":"ImageObject","inLanguage":"pt-BR","@id":"https:\/\/noticiasemdestaque.com\/cd\/#\/schema\/logo\/image\/","url":"https:\/\/noticiasemdestaque.com\/cd\/wp-content\/uploads\/2022\/05\/imagem-base-noticiasemdestaque.png","contentUrl":"https:\/\/noticiasemdestaque.com\/cd\/wp-content\/uploads\/2022\/05\/imagem-base-noticiasemdestaque.png","width":1200,"height":630,"caption":"Not\u00edcias em Destaque"},"image":{"@id":"https:\/\/noticiasemdestaque.com\/cd\/#\/schema\/logo\/image\/"}},{"@type":"Person","@id":"https:\/\/noticiasemdestaque.com\/cd\/#\/schema\/person\/4a81fb71f77579d059c3045891fa1786","name":"Not\u00edcias em Destaque","url":"https:\/\/noticiasemdestaque.com\/cd\/?author=2"}]}},"jetpack_featured_media_url":"https:\/\/noticiasemdestaque.com\/cd\/wp-content\/uploads\/2022\/09\/001-governadores.jpg","jetpack_sharing_enabled":true,"_links":{"self":[{"href":"https:\/\/noticiasemdestaque.com\/cd\/index.php?rest_route=\/wp\/v2\/posts\/42477","targetHints":{"allow":["GET"]}}],"collection":[{"href":"https:\/\/noticiasemdestaque.com\/cd\/index.php?rest_route=\/wp\/v2\/posts"}],"about":[{"href":"https:\/\/noticiasemdestaque.com\/cd\/index.php?rest_route=\/wp\/v2\/types\/post"}],"author":[{"embeddable":true,"href":"https:\/\/noticiasemdestaque.com\/cd\/index.php?rest_route=\/wp\/v2\/users\/2"}],"replies":[{"embeddable":true,"href":"https:\/\/noticiasemdestaque.com\/cd\/index.php?rest_route=%2Fwp%2Fv2%2Fcomments&post=42477"}],"version-history":[{"count":1,"href":"https:\/\/noticiasemdestaque.com\/cd\/index.php?rest_route=\/wp\/v2\/posts\/42477\/revisions"}],"predecessor-version":[{"id":42479,"href":"https:\/\/noticiasemdestaque.com\/cd\/index.php?rest_route=\/wp\/v2\/posts\/42477\/revisions\/42479"}],"wp:featuredmedia":[{"embeddable":true,"href":"https:\/\/noticiasemdestaque.com\/cd\/index.php?rest_route=\/wp\/v2\/media\/42478"}],"wp:attachment":[{"href":"https:\/\/noticiasemdestaque.com\/cd\/index.php?rest_route=%2Fwp%2Fv2%2Fmedia&parent=42477"}],"wp:term":[{"taxonomy":"category","embeddable":true,"href":"https:\/\/noticiasemdestaque.com\/cd\/index.php?rest_route=%2Fwp%2Fv2%2Fcategories&post=42477"},{"taxonomy":"post_tag","embeddable":true,"href":"https:\/\/noticiasemdestaque.com\/cd\/index.php?rest_route=%2Fwp%2Fv2%2Ftags&post=42477"}],"curies":[{"name":"wp","href":"https:\/\/api.w.org\/{rel}","templated":true}]}}