{"id":42471,"date":"2022-09-08T08:28:55","date_gmt":"2022-09-08T11:28:55","guid":{"rendered":"https:\/\/noticiasemdestaque.com\/cd\/?p=42471"},"modified":"2022-09-08T08:28:55","modified_gmt":"2022-09-08T11:28:55","slug":"flamengo-e-athletico-pr-disputam-5a-final-brasileira-da-libertadores","status":"publish","type":"post","link":"https:\/\/noticiasemdestaque.com\/cd\/?p=42471","title":{"rendered":"Flamengo e Athletico-PR disputam 5\u00aa final brasileira da Libertadores"},"content":{"rendered":"<p><a href=\"https:\/\/noticiasemdestaque.com\/cd\/wp-content\/uploads\/2022\/09\/liberta.jpg\"><img fetchpriority=\"high\" decoding=\"async\" class=\"alignnone  wp-image-42472\" src=\"https:\/\/noticiasemdestaque.com\/cd\/wp-content\/uploads\/2022\/09\/liberta-300x179.jpg\" alt=\"\" width=\"838\" height=\"500\" srcset=\"https:\/\/noticiasemdestaque.com\/cd\/wp-content\/uploads\/2022\/09\/liberta-300x179.jpg 300w, https:\/\/noticiasemdestaque.com\/cd\/wp-content\/uploads\/2022\/09\/liberta-768x459.jpg 768w, https:\/\/noticiasemdestaque.com\/cd\/wp-content\/uploads\/2022\/09\/liberta-18x12.jpg 18w, https:\/\/noticiasemdestaque.com\/cd\/wp-content\/uploads\/2022\/09\/liberta.jpg 1170w\" sizes=\"(max-width: 838px) 100vw, 838px\" \/><\/a><\/p>\n<p>A final da Libertadores da Am\u00e9rica entre Flamengo e Athletico-PR ser\u00e1 a quinta da hist\u00f3ria entre duas equipes do Brasil. Ap\u00f3s derrotar o V\u00e9lez Sarsfield (Argentina) por 2 a 1, na noite desta quarta-feira (7) no Maracan\u00e3, o Rubro-Negro e o Furac\u00e3o disputar\u00e3o o t\u00edtulo da competi\u00e7\u00e3o continental no dia 29 de outubro, no est\u00e1dio Monumental de Guayaquil (Equador).<img decoding=\"async\" src=\"https:\/\/agenciabrasil.ebc.com.br\/ebc.png?id=1481359&amp;o=node\" \/><img decoding=\"async\" src=\"https:\/\/agenciabrasil.ebc.com.br\/ebc.gif?id=1481359&amp;o=node\" \/><\/p>\n<div class=\"twitter-tweet twitter-tweet-rendered\"><iframe id=\"twitter-widget-0\" class=\"\" title=\"Twitter Tweet\" src=\"https:\/\/platform.twitter.com\/embed\/Tweet.html?creatorScreenName=agenciabrasil&amp;dnt=false&amp;embedId=twitter-widget-0&amp;features=eyJ0ZndfdGltZWxpbmVfbGlzdCI6eyJidWNrZXQiOlsibGlua3RyLmVlIiwidHIuZWUiXSwidmVyc2lvbiI6bnVsbH0sInRmd19ob3Jpem9uX3RpbWVsaW5lXzEyMDM0Ijp7ImJ1Y2tldCI6InRyZWF0bWVudCIsInZlcnNpb24iOm51bGx9LCJ0ZndfdHdlZXRfZWRpdF9iYWNrZW5kIjp7ImJ1Y2tldCI6Im9uIiwidmVyc2lvbiI6bnVsbH0sInRmd19yZWZzcmNfc2Vzc2lvbiI6eyJidWNrZXQiOiJvbiIsInZlcnNpb24iOm51bGx9LCJ0ZndfY2hpbl9waWxsc18xNDc0MSI6eyJidWNrZXQiOiJjb2xvcl9pY29ucyIsInZlcnNpb24iOm51bGx9LCJ0ZndfdHdlZXRfcmVzdWx0X21pZ3JhdGlvbl8xMzk3OSI6eyJidWNrZXQiOiJ0d2VldF9yZXN1bHQiLCJ2ZXJzaW9uIjpudWxsfSwidGZ3X3NlbnNpdGl2ZV9tZWRpYV9pbnRlcnN0aXRpYWxfMTM5NjMiOnsiYnVja2V0IjoiaW50ZXJzdGl0aWFsIiwidmVyc2lvbiI6bnVsbH0sInRmd19leHBlcmltZW50c19jb29raWVfZXhwaXJhdGlvbiI6eyJidWNrZXQiOjEyMDk2MDAsInZlcnNpb24iOm51bGx9LCJ0ZndfZHVwbGljYXRlX3NjcmliZXNfdG9fc2V0dGluZ3MiOnsiYnVja2V0Ijoib24iLCJ2ZXJzaW9uIjpudWxsfSwidGZ3X3R3ZWV0X2VkaXRfZnJvbnRlbmQiOnsiYnVja2V0Ijoib2ZmIiwidmVyc2lvbiI6bnVsbH19&amp;frame=false&amp;hideCard=false&amp;hideThread=false&amp;id=1567702965166694401&amp;lang=pt&amp;origin=https%3A%2F%2Fagenciabrasil.ebc.com.br%2Fesportes%2Fnoticia%2F2022-09%2Fflamengo-e-athletico-pr-disputam-5a-final-brasileira-da-libertadores&amp;sessionId=2d57d427709388b174e8df3d1612c61dc1f3c7f8&amp;siteScreenName=agenciabrasil&amp;theme=light&amp;widgetsVersion=1bfeb5c3714e8%3A1661975971032&amp;width=550px\" frameborder=\"0\" scrolling=\"no\" allowfullscreen=\"allowfullscreen\" data-tweet-id=\"1567702965166694401\" data-mce-fragment=\"1\"><\/iframe><\/div>\n<p>A \u00faltima decis\u00e3o continental entre dois brasileiros foi conquistada pelo Palmeiras, que derrotou o Flamengo por 2 a 1, na prorroga\u00e7\u00e3o, no dia 27 de novembro de 2021 no est\u00e1dio Centen\u00e1rio, em Montevid\u00e9u (Uruguai).<\/p>\n<p>Em 2020 o Verd\u00e3o tamb\u00e9m ficou com o t\u00edtulo, ao superar o Santos por 1 a 0 no est\u00e1dio do Maracan\u00e3.<\/p>\n<p>A primeira edi\u00e7\u00e3o da Libertadores com final brasileira foi em 2005, quando o S\u00e3o Paulo derrotou o Athletico-PR. Um ano depois o time do Morumbi voltou a buscar a conquista continental, mas o trof\u00e9u ficou com o Internacional.<\/p>\n<p><strong>Noticias em Destaque<br \/>\n<\/strong><\/p>\n<p style=\"text-align: right;\"><em>Fonte: Agencia Brasil<\/em><\/p>\n","protected":false},"excerpt":{"rendered":"<p>A final da Libertadores da Am\u00e9rica entre Flamengo e Athletico-PR ser\u00e1 a quinta da hist\u00f3ria entre duas equipes do Brasil. Ap\u00f3s derrotar o V\u00e9lez Sarsfield (Argentina) por 2 a 1, na noite desta quarta-feira (7) no Maracan\u00e3, o Rubro-Negro e o Furac\u00e3o disputar\u00e3o o t\u00edtulo da competi\u00e7\u00e3o continental no dia 29 de outubro, no est\u00e1dio Monumental de Guayaquil (Equador). A \u00faltima decis\u00e3o continental entre dois brasileiros foi conquistada pelo Palmeiras, que derrotou o Flamengo por 2 a 1, na prorroga\u00e7\u00e3o, no dia 27 de novembro de 2021 no est\u00e1dio Centen\u00e1rio, em Montevid\u00e9u (Uruguai). Em 2020 o Verd\u00e3o tamb\u00e9m ficou com o t\u00edtulo, ao superar o Santos por 1 a 0 no est\u00e1dio do Maracan\u00e3. A primeira edi\u00e7\u00e3o da Libertadores com final brasileira foi em 2005, quando o S\u00e3o Paulo derrotou o Athletico-PR. Um ano depois o time do Morumbi voltou a buscar a conquista continental, mas o trof\u00e9u ficou com o Internacional. Noticias em Destaque Fonte: Agencia Brasil<\/p>\n","protected":false},"author":2,"featured_media":42472,"comment_status":"closed","ping_status":"open","sticky":false,"template":"","format":"standard","meta":{"_eb_attr":"","_jetpack_memberships_contains_paid_content":false,"footnotes":""},"categories":[15],"tags":[],"class_list":["post-42471","post","type-post","status-publish","format-standard","has-post-thumbnail","hentry","category-esporte"],"yoast_head":"<!-- This site is optimized with the Yoast SEO plugin v26.5 - https:\/\/yoast.com\/wordpress\/plugins\/seo\/ -->\n<title>Flamengo e Athletico-PR disputam 5\u00aa final brasileira da Libertadores - Not&iacute;cias em Destaque<\/title>\n<meta name=\"robots\" content=\"index, follow, max-snippet:-1, max-image-preview:large, max-video-preview:-1\" \/>\n<link rel=\"canonical\" href=\"https:\/\/noticiasemdestaque.com\/cd\/?p=42471\" \/>\n<meta property=\"og:locale\" content=\"pt_BR\" \/>\n<meta property=\"og:type\" content=\"article\" \/>\n<meta property=\"og:title\" content=\"Flamengo e Athletico-PR disputam 5\u00aa final brasileira da Libertadores - Not&iacute;cias em Destaque\" \/>\n<meta property=\"og:description\" content=\"A final da Libertadores da Am\u00e9rica entre Flamengo e Athletico-PR ser\u00e1 a quinta da hist\u00f3ria entre duas equipes do Brasil. Ap\u00f3s derrotar o V\u00e9lez Sarsfield (Argentina) por 2 a 1, na noite desta quarta-feira (7) no Maracan\u00e3, o Rubro-Negro e o Furac\u00e3o disputar\u00e3o o t\u00edtulo da competi\u00e7\u00e3o continental no dia 29 de outubro, no est\u00e1dio Monumental de Guayaquil (Equador). A \u00faltima decis\u00e3o continental entre dois brasileiros foi conquistada pelo Palmeiras, que derrotou o Flamengo por 2 a 1, na prorroga\u00e7\u00e3o, no dia 27 de novembro de 2021 no est\u00e1dio Centen\u00e1rio, em Montevid\u00e9u (Uruguai). Em 2020 o Verd\u00e3o tamb\u00e9m ficou com o t\u00edtulo, ao superar o Santos por 1 a 0 no est\u00e1dio do Maracan\u00e3. A primeira edi\u00e7\u00e3o da Libertadores com final brasileira foi em 2005, quando o S\u00e3o Paulo derrotou o Athletico-PR. Um ano depois o time do Morumbi voltou a buscar a conquista continental, mas o trof\u00e9u ficou com o Internacional. Noticias em Destaque Fonte: Agencia Brasil\" \/>\n<meta property=\"og:url\" content=\"https:\/\/noticiasemdestaque.com\/cd\/?p=42471\" \/>\n<meta property=\"og:site_name\" content=\"Not&iacute;cias em Destaque\" \/>\n<meta property=\"article:published_time\" content=\"2022-09-08T11:28:55+00:00\" \/>\n<meta property=\"og:image\" content=\"https:\/\/noticiasemdestaque.com\/cd\/wp-content\/uploads\/2022\/09\/liberta.jpg\" \/>\n\t<meta property=\"og:image:width\" content=\"1170\" \/>\n\t<meta property=\"og:image:height\" content=\"700\" \/>\n\t<meta property=\"og:image:type\" content=\"image\/jpeg\" \/>\n<meta name=\"author\" content=\"Not\u00edcias em Destaque\" \/>\n<meta name=\"twitter:card\" content=\"summary_large_image\" \/>\n<meta name=\"twitter:label1\" content=\"Escrito por\" \/>\n\t<meta name=\"twitter:data1\" content=\"Not\u00edcias em Destaque\" \/>\n\t<meta name=\"twitter:label2\" content=\"Est. tempo de leitura\" \/>\n\t<meta name=\"twitter:data2\" content=\"2 minutos\" \/>\n<script type=\"application\/ld+json\" class=\"yoast-schema-graph\">{\"@context\":\"https:\/\/schema.org\",\"@graph\":[{\"@type\":\"Article\",\"@id\":\"https:\/\/noticiasemdestaque.com\/cd\/?p=42471#article\",\"isPartOf\":{\"@id\":\"https:\/\/noticiasemdestaque.com\/cd\/?p=42471\"},\"author\":{\"name\":\"Not\u00edcias em Destaque\",\"@id\":\"https:\/\/noticiasemdestaque.com\/cd\/#\/schema\/person\/4a81fb71f77579d059c3045891fa1786\"},\"headline\":\"Flamengo e Athletico-PR disputam 5\u00aa final brasileira da Libertadores\",\"datePublished\":\"2022-09-08T11:28:55+00:00\",\"mainEntityOfPage\":{\"@id\":\"https:\/\/noticiasemdestaque.com\/cd\/?p=42471\"},\"wordCount\":175,\"publisher\":{\"@id\":\"https:\/\/noticiasemdestaque.com\/cd\/#organization\"},\"image\":{\"@id\":\"https:\/\/noticiasemdestaque.com\/cd\/?p=42471#primaryimage\"},\"thumbnailUrl\":\"https:\/\/noticiasemdestaque.com\/cd\/wp-content\/uploads\/2022\/09\/liberta.jpg\",\"articleSection\":[\"Esporte\"],\"inLanguage\":\"pt-BR\"},{\"@type\":\"WebPage\",\"@id\":\"https:\/\/noticiasemdestaque.com\/cd\/?p=42471\",\"url\":\"https:\/\/noticiasemdestaque.com\/cd\/?p=42471\",\"name\":\"Flamengo e Athletico-PR disputam 5\u00aa final brasileira da Libertadores - Not&iacute;cias em Destaque\",\"isPartOf\":{\"@id\":\"https:\/\/noticiasemdestaque.com\/cd\/#website\"},\"primaryImageOfPage\":{\"@id\":\"https:\/\/noticiasemdestaque.com\/cd\/?p=42471#primaryimage\"},\"image\":{\"@id\":\"https:\/\/noticiasemdestaque.com\/cd\/?p=42471#primaryimage\"},\"thumbnailUrl\":\"https:\/\/noticiasemdestaque.com\/cd\/wp-content\/uploads\/2022\/09\/liberta.jpg\",\"datePublished\":\"2022-09-08T11:28:55+00:00\",\"breadcrumb\":{\"@id\":\"https:\/\/noticiasemdestaque.com\/cd\/?p=42471#breadcrumb\"},\"inLanguage\":\"pt-BR\",\"potentialAction\":[{\"@type\":\"ReadAction\",\"target\":[\"https:\/\/noticiasemdestaque.com\/cd\/?p=42471\"]}]},{\"@type\":\"ImageObject\",\"inLanguage\":\"pt-BR\",\"@id\":\"https:\/\/noticiasemdestaque.com\/cd\/?p=42471#primaryimage\",\"url\":\"https:\/\/noticiasemdestaque.com\/cd\/wp-content\/uploads\/2022\/09\/liberta.jpg\",\"contentUrl\":\"https:\/\/noticiasemdestaque.com\/cd\/wp-content\/uploads\/2022\/09\/liberta.jpg\",\"width\":1170,\"height\":700},{\"@type\":\"BreadcrumbList\",\"@id\":\"https:\/\/noticiasemdestaque.com\/cd\/?p=42471#breadcrumb\",\"itemListElement\":[{\"@type\":\"ListItem\",\"position\":1,\"name\":\"In\u00edcio\",\"item\":\"https:\/\/noticiasemdestaque.com\/cd\/\"},{\"@type\":\"ListItem\",\"position\":2,\"name\":\"Flamengo e Athletico-PR disputam 5\u00aa final brasileira da Libertadores\"}]},{\"@type\":\"WebSite\",\"@id\":\"https:\/\/noticiasemdestaque.com\/cd\/#website\",\"url\":\"https:\/\/noticiasemdestaque.com\/cd\/\",\"name\":\"Not&iacute;cias em Destaque\",\"description\":\"\",\"publisher\":{\"@id\":\"https:\/\/noticiasemdestaque.com\/cd\/#organization\"},\"potentialAction\":[{\"@type\":\"SearchAction\",\"target\":{\"@type\":\"EntryPoint\",\"urlTemplate\":\"https:\/\/noticiasemdestaque.com\/cd\/?s={search_term_string}\"},\"query-input\":{\"@type\":\"PropertyValueSpecification\",\"valueRequired\":true,\"valueName\":\"search_term_string\"}}],\"inLanguage\":\"pt-BR\"},{\"@type\":\"Organization\",\"@id\":\"https:\/\/noticiasemdestaque.com\/cd\/#organization\",\"name\":\"Not\u00edcias em Destaque\",\"url\":\"https:\/\/noticiasemdestaque.com\/cd\/\",\"logo\":{\"@type\":\"ImageObject\",\"inLanguage\":\"pt-BR\",\"@id\":\"https:\/\/noticiasemdestaque.com\/cd\/#\/schema\/logo\/image\/\",\"url\":\"https:\/\/noticiasemdestaque.com\/cd\/wp-content\/uploads\/2022\/05\/imagem-base-noticiasemdestaque.png\",\"contentUrl\":\"https:\/\/noticiasemdestaque.com\/cd\/wp-content\/uploads\/2022\/05\/imagem-base-noticiasemdestaque.png\",\"width\":1200,\"height\":630,\"caption\":\"Not\u00edcias em Destaque\"},\"image\":{\"@id\":\"https:\/\/noticiasemdestaque.com\/cd\/#\/schema\/logo\/image\/\"}},{\"@type\":\"Person\",\"@id\":\"https:\/\/noticiasemdestaque.com\/cd\/#\/schema\/person\/4a81fb71f77579d059c3045891fa1786\",\"name\":\"Not\u00edcias em Destaque\",\"url\":\"https:\/\/noticiasemdestaque.com\/cd\/?author=2\"}]}<\/script>\n<!-- \/ Yoast SEO plugin. -->","yoast_head_json":{"title":"Flamengo e Athletico-PR disputam 5\u00aa final brasileira da Libertadores - Not&iacute;cias em Destaque","robots":{"index":"index","follow":"follow","max-snippet":"max-snippet:-1","max-image-preview":"max-image-preview:large","max-video-preview":"max-video-preview:-1"},"canonical":"https:\/\/noticiasemdestaque.com\/cd\/?p=42471","og_locale":"pt_BR","og_type":"article","og_title":"Flamengo e Athletico-PR disputam 5\u00aa final brasileira da Libertadores - Not&iacute;cias em Destaque","og_description":"A final da Libertadores da Am\u00e9rica entre Flamengo e Athletico-PR ser\u00e1 a quinta da hist\u00f3ria entre duas equipes do Brasil. Ap\u00f3s derrotar o V\u00e9lez Sarsfield (Argentina) por 2 a 1, na noite desta quarta-feira (7) no Maracan\u00e3, o Rubro-Negro e o Furac\u00e3o disputar\u00e3o o t\u00edtulo da competi\u00e7\u00e3o continental no dia 29 de outubro, no est\u00e1dio Monumental de Guayaquil (Equador). A \u00faltima decis\u00e3o continental entre dois brasileiros foi conquistada pelo Palmeiras, que derrotou o Flamengo por 2 a 1, na prorroga\u00e7\u00e3o, no dia 27 de novembro de 2021 no est\u00e1dio Centen\u00e1rio, em Montevid\u00e9u (Uruguai). Em 2020 o Verd\u00e3o tamb\u00e9m ficou com o t\u00edtulo, ao superar o Santos por 1 a 0 no est\u00e1dio do Maracan\u00e3. A primeira edi\u00e7\u00e3o da Libertadores com final brasileira foi em 2005, quando o S\u00e3o Paulo derrotou o Athletico-PR. Um ano depois o time do Morumbi voltou a buscar a conquista continental, mas o trof\u00e9u ficou com o Internacional. Noticias em Destaque Fonte: Agencia Brasil","og_url":"https:\/\/noticiasemdestaque.com\/cd\/?p=42471","og_site_name":"Not&iacute;cias em Destaque","article_published_time":"2022-09-08T11:28:55+00:00","og_image":[{"width":1170,"height":700,"url":"https:\/\/noticiasemdestaque.com\/cd\/wp-content\/uploads\/2022\/09\/liberta.jpg","type":"image\/jpeg"}],"author":"Not\u00edcias em Destaque","twitter_card":"summary_large_image","twitter_misc":{"Escrito por":"Not\u00edcias em Destaque","Est. tempo de leitura":"2 minutos"},"schema":{"@context":"https:\/\/schema.org","@graph":[{"@type":"Article","@id":"https:\/\/noticiasemdestaque.com\/cd\/?p=42471#article","isPartOf":{"@id":"https:\/\/noticiasemdestaque.com\/cd\/?p=42471"},"author":{"name":"Not\u00edcias em Destaque","@id":"https:\/\/noticiasemdestaque.com\/cd\/#\/schema\/person\/4a81fb71f77579d059c3045891fa1786"},"headline":"Flamengo e Athletico-PR disputam 5\u00aa final brasileira da Libertadores","datePublished":"2022-09-08T11:28:55+00:00","mainEntityOfPage":{"@id":"https:\/\/noticiasemdestaque.com\/cd\/?p=42471"},"wordCount":175,"publisher":{"@id":"https:\/\/noticiasemdestaque.com\/cd\/#organization"},"image":{"@id":"https:\/\/noticiasemdestaque.com\/cd\/?p=42471#primaryimage"},"thumbnailUrl":"https:\/\/noticiasemdestaque.com\/cd\/wp-content\/uploads\/2022\/09\/liberta.jpg","articleSection":["Esporte"],"inLanguage":"pt-BR"},{"@type":"WebPage","@id":"https:\/\/noticiasemdestaque.com\/cd\/?p=42471","url":"https:\/\/noticiasemdestaque.com\/cd\/?p=42471","name":"Flamengo e Athletico-PR disputam 5\u00aa final brasileira da Libertadores - Not&iacute;cias em Destaque","isPartOf":{"@id":"https:\/\/noticiasemdestaque.com\/cd\/#website"},"primaryImageOfPage":{"@id":"https:\/\/noticiasemdestaque.com\/cd\/?p=42471#primaryimage"},"image":{"@id":"https:\/\/noticiasemdestaque.com\/cd\/?p=42471#primaryimage"},"thumbnailUrl":"https:\/\/noticiasemdestaque.com\/cd\/wp-content\/uploads\/2022\/09\/liberta.jpg","datePublished":"2022-09-08T11:28:55+00:00","breadcrumb":{"@id":"https:\/\/noticiasemdestaque.com\/cd\/?p=42471#breadcrumb"},"inLanguage":"pt-BR","potentialAction":[{"@type":"ReadAction","target":["https:\/\/noticiasemdestaque.com\/cd\/?p=42471"]}]},{"@type":"ImageObject","inLanguage":"pt-BR","@id":"https:\/\/noticiasemdestaque.com\/cd\/?p=42471#primaryimage","url":"https:\/\/noticiasemdestaque.com\/cd\/wp-content\/uploads\/2022\/09\/liberta.jpg","contentUrl":"https:\/\/noticiasemdestaque.com\/cd\/wp-content\/uploads\/2022\/09\/liberta.jpg","width":1170,"height":700},{"@type":"BreadcrumbList","@id":"https:\/\/noticiasemdestaque.com\/cd\/?p=42471#breadcrumb","itemListElement":[{"@type":"ListItem","position":1,"name":"In\u00edcio","item":"https:\/\/noticiasemdestaque.com\/cd\/"},{"@type":"ListItem","position":2,"name":"Flamengo e Athletico-PR disputam 5\u00aa final brasileira da Libertadores"}]},{"@type":"WebSite","@id":"https:\/\/noticiasemdestaque.com\/cd\/#website","url":"https:\/\/noticiasemdestaque.com\/cd\/","name":"Not&iacute;cias em Destaque","description":"","publisher":{"@id":"https:\/\/noticiasemdestaque.com\/cd\/#organization"},"potentialAction":[{"@type":"SearchAction","target":{"@type":"EntryPoint","urlTemplate":"https:\/\/noticiasemdestaque.com\/cd\/?s={search_term_string}"},"query-input":{"@type":"PropertyValueSpecification","valueRequired":true,"valueName":"search_term_string"}}],"inLanguage":"pt-BR"},{"@type":"Organization","@id":"https:\/\/noticiasemdestaque.com\/cd\/#organization","name":"Not\u00edcias em Destaque","url":"https:\/\/noticiasemdestaque.com\/cd\/","logo":{"@type":"ImageObject","inLanguage":"pt-BR","@id":"https:\/\/noticiasemdestaque.com\/cd\/#\/schema\/logo\/image\/","url":"https:\/\/noticiasemdestaque.com\/cd\/wp-content\/uploads\/2022\/05\/imagem-base-noticiasemdestaque.png","contentUrl":"https:\/\/noticiasemdestaque.com\/cd\/wp-content\/uploads\/2022\/05\/imagem-base-noticiasemdestaque.png","width":1200,"height":630,"caption":"Not\u00edcias em Destaque"},"image":{"@id":"https:\/\/noticiasemdestaque.com\/cd\/#\/schema\/logo\/image\/"}},{"@type":"Person","@id":"https:\/\/noticiasemdestaque.com\/cd\/#\/schema\/person\/4a81fb71f77579d059c3045891fa1786","name":"Not\u00edcias em Destaque","url":"https:\/\/noticiasemdestaque.com\/cd\/?author=2"}]}},"jetpack_featured_media_url":"https:\/\/noticiasemdestaque.com\/cd\/wp-content\/uploads\/2022\/09\/liberta.jpg","jetpack_sharing_enabled":true,"_links":{"self":[{"href":"https:\/\/noticiasemdestaque.com\/cd\/index.php?rest_route=\/wp\/v2\/posts\/42471","targetHints":{"allow":["GET"]}}],"collection":[{"href":"https:\/\/noticiasemdestaque.com\/cd\/index.php?rest_route=\/wp\/v2\/posts"}],"about":[{"href":"https:\/\/noticiasemdestaque.com\/cd\/index.php?rest_route=\/wp\/v2\/types\/post"}],"author":[{"embeddable":true,"href":"https:\/\/noticiasemdestaque.com\/cd\/index.php?rest_route=\/wp\/v2\/users\/2"}],"replies":[{"embeddable":true,"href":"https:\/\/noticiasemdestaque.com\/cd\/index.php?rest_route=%2Fwp%2Fv2%2Fcomments&post=42471"}],"version-history":[{"count":1,"href":"https:\/\/noticiasemdestaque.com\/cd\/index.php?rest_route=\/wp\/v2\/posts\/42471\/revisions"}],"predecessor-version":[{"id":42473,"href":"https:\/\/noticiasemdestaque.com\/cd\/index.php?rest_route=\/wp\/v2\/posts\/42471\/revisions\/42473"}],"wp:featuredmedia":[{"embeddable":true,"href":"https:\/\/noticiasemdestaque.com\/cd\/index.php?rest_route=\/wp\/v2\/media\/42472"}],"wp:attachment":[{"href":"https:\/\/noticiasemdestaque.com\/cd\/index.php?rest_route=%2Fwp%2Fv2%2Fmedia&parent=42471"}],"wp:term":[{"taxonomy":"category","embeddable":true,"href":"https:\/\/noticiasemdestaque.com\/cd\/index.php?rest_route=%2Fwp%2Fv2%2Fcategories&post=42471"},{"taxonomy":"post_tag","embeddable":true,"href":"https:\/\/noticiasemdestaque.com\/cd\/index.php?rest_route=%2Fwp%2Fv2%2Ftags&post=42471"}],"curies":[{"name":"wp","href":"https:\/\/api.w.org\/{rel}","templated":true}]}}