{"id":42468,"date":"2022-09-07T11:05:25","date_gmt":"2022-09-07T14:05:25","guid":{"rendered":"https:\/\/noticiasemdestaque.com\/cd\/?p=42468"},"modified":"2022-09-07T11:05:25","modified_gmt":"2022-09-07T14:05:25","slug":"apresentacoes-de-fanfarras-abrem-o-dia-7-de-setembro-no-municipio-de-sume","status":"publish","type":"post","link":"https:\/\/noticiasemdestaque.com\/cd\/?p=42468","title":{"rendered":"Apresenta\u00e7\u00f5es de fanfarras abrem o dia 7 de setembro no munic\u00edpio de Sum\u00e9"},"content":{"rendered":"<p><img fetchpriority=\"high\" decoding=\"async\" class=\"alignleft\" src=\"https:\/\/scontent.fcau26-1.fna.fbcdn.net\/v\/t39.30808-6\/301124873_382867930702300_725066177934007389_n.jpg?_nc_cat=107&amp;ccb=1-7&amp;_nc_sid=8bfeb9&amp;_nc_ohc=fvP-6qtcI50AX95eR8_&amp;_nc_ht=scontent.fcau26-1.fna&amp;oh=00_AT9pwAaCDO5LYcbijv_xx-j_J_6dLdyykIajU5ImMrYpyQ&amp;oe=631D909B\" alt=\"Pode ser uma imagem de 17 pessoas, pessoas em p\u00e9, ao ar livre e texto que diz &quot;NEGO&quot;\" width=\"334\" height=\"251\" \/>Hoje pela manh\u00e3 aconteceu o hasteamento das Bandeiras na Pra\u00e7a Adolfo Mayer com as presen\u00e7as do prefeito Eden Duarte, do presidente do Legislativo Ant\u00f4nio Carlos e do secret\u00e1rio da Educa\u00e7\u00e3o Bonilson Timoteo. Tamb\u00e9m participaram a Filarm\u00f4nica Municipal Maestro Ant\u00f4nio Josu\u00e9 de e Lima e dos Bombeiros Militar da 7\u00b0 Companhia Sum\u00e9.<\/p>\n<p>Em seguida, houve a apresenta\u00e7\u00e3o da Fanfarra\u00a0das Crian\u00e7as e Adolescentes que participam dos programas sociais da Secretaria de Assist\u00eancia Social. Logo ap\u00f3s, comemorando os 20 anos de atua\u00e7\u00e3o no munic\u00edpio de Sum\u00e9, a apresenta\u00e7\u00e3o da Fanfarra Jovem, do professor Adalberto Oliveira.<\/p>\n<div class=\"l7ghb35v kjdc1dyq kmwttqpk gh25dzvf jikcssrz n3t5jt4f\">\n<div dir=\"auto\">No per\u00edodo da tarde, a partir das <strong>16h<\/strong>, os desfiles ser\u00e3o das escolas particulares com o Instituto Educacional Pai Eterno e em seguida, a Escola Doce Encanto.<\/div>\n<div dir=\"auto\"><\/div>\n<\/div>\n<div class=\"l7ghb35v kjdc1dyq kmwttqpk gh25dzvf jikcssrz n3t5jt4f\">\n<div dir=\"auto\">Vale destacar que as escolas municipais est\u00e3o realizando atividades alusivas \u00e0 Independ\u00eancia do Brasil durante todo dia de hoje.<\/div>\n<\/div>\n<div class=\"l7ghb35v kjdc1dyq kmwttqpk gh25dzvf jikcssrz n3t5jt4f\">\n<div dir=\"auto\"><\/div>\n<div dir=\"auto\"><img decoding=\"async\" class=\"aligncenter\" src=\"https:\/\/scontent.fcau26-1.fna.fbcdn.net\/v\/t39.30808-6\/302431633_382867970702296_3481888295776140292_n.jpg?_nc_cat=101&amp;ccb=1-7&amp;_nc_sid=8bfeb9&amp;_nc_ohc=5Yw8ghjcCVsAX-wI43l&amp;tn=P8vSzFKdvv0E8UYj&amp;_nc_ht=scontent.fcau26-1.fna&amp;oh=00_AT-fJ8spbQQCgZb9yx63Js-fg6ZcmHGzbBrUO3ykHne5Tw&amp;oe=631CED9C\" alt=\"Pode ser uma imagem de 8 pessoas, pessoas tocando instrumentos musicais, pessoas em p\u00e9 e ao ar livre\" width=\"289\" height=\"217\" \/><\/div>\n<div dir=\"auto\"><img decoding=\"async\" class=\"alignleft\" src=\"https:\/\/scontent.fcau26-1.fna.fbcdn.net\/v\/t39.30808-6\/301230097_382868210702272_928480113719100722_n.jpg?_nc_cat=102&amp;ccb=1-7&amp;_nc_sid=8bfeb9&amp;_nc_ohc=7dnrlvkbPyUAX-Of0C2&amp;_nc_ht=scontent.fcau26-1.fna&amp;oh=00_AT-dVrLEbM50XBlDWthSCOC8COsh9S-kpvKVAnV8bt3Mgg&amp;oe=631DA059\" alt=\"Pode ser uma imagem de 11 pessoas, pessoas em p\u00e9 e ao ar livre\" width=\"294\" height=\"221\" \/><\/div>\n<div dir=\"auto\"><img loading=\"lazy\" decoding=\"async\" class=\"alignright\" src=\"https:\/\/scontent.fcau26-1.fna.fbcdn.net\/v\/t39.30808-6\/301701554_382868154035611_5979070582797718259_n.jpg?_nc_cat=106&amp;ccb=1-7&amp;_nc_sid=8bfeb9&amp;_nc_ohc=3eBI2Wt7Y7UAX_9NwdP&amp;_nc_ht=scontent.fcau26-1.fna&amp;oh=00_AT_FOZLR5WAO37JdHeNwmSUrGvEsfd3RKN-YgKIgVmGWbQ&amp;oe=631D4B91\" alt=\"Pode ser uma imagem de 9 pessoas, pessoas em p\u00e9 e ao ar livre\" width=\"287\" height=\"215\" \/><\/div>\n<p>&nbsp;<\/p>\n<\/div>\n<p>&nbsp;<\/p>\n<p>&nbsp;<\/p>\n<p>&nbsp;<\/p>\n<p>&nbsp;<\/p>\n<p>&nbsp;<\/p>\n<p><strong>Noticias em Destaque<\/strong><\/p>\n<p style=\"text-align: right;\"><em>Fonte: Prefeitura Municipal de Sum\u00e9<\/em><\/p>\n","protected":false},"excerpt":{"rendered":"<p>Hoje pela manh\u00e3 aconteceu o hasteamento das Bandeiras na Pra\u00e7a Adolfo Mayer com as presen\u00e7as do prefeito Eden Duarte, do presidente do Legislativo Ant\u00f4nio Carlos e do secret\u00e1rio da Educa\u00e7\u00e3o Bonilson Timoteo. Tamb\u00e9m participaram a Filarm\u00f4nica Municipal Maestro Ant\u00f4nio Josu\u00e9 de e Lima e dos Bombeiros Militar da 7\u00b0 Companhia Sum\u00e9. Em seguida, houve a apresenta\u00e7\u00e3o da Fanfarra\u00a0das Crian\u00e7as e Adolescentes que participam dos programas sociais da Secretaria de Assist\u00eancia Social. Logo ap\u00f3s, comemorando os 20 anos de atua\u00e7\u00e3o no munic\u00edpio de Sum\u00e9, a apresenta\u00e7\u00e3o da Fanfarra Jovem, do professor Adalberto Oliveira. No per\u00edodo da tarde, a partir das 16h, os desfiles ser\u00e3o das escolas particulares com o Instituto Educacional Pai Eterno e em seguida, a Escola Doce Encanto. Vale destacar que as escolas municipais est\u00e3o realizando atividades alusivas \u00e0 Independ\u00eancia do Brasil durante todo dia de hoje. &nbsp; &nbsp; &nbsp; &nbsp; &nbsp; &nbsp; Noticias em Destaque Fonte: Prefeitura Municipal de Sum\u00e9<\/p>\n","protected":false},"author":2,"featured_media":42469,"comment_status":"closed","ping_status":"open","sticky":false,"template":"","format":"standard","meta":{"_eb_attr":"","_jetpack_memberships_contains_paid_content":false,"footnotes":""},"categories":[3],"tags":[],"class_list":["post-42468","post","type-post","status-publish","format-standard","has-post-thumbnail","hentry","category-cidades"],"yoast_head":"<!-- This site is optimized with the Yoast SEO plugin v26.5 - https:\/\/yoast.com\/wordpress\/plugins\/seo\/ -->\n<title>Apresenta\u00e7\u00f5es de fanfarras abrem o dia 7 de setembro no munic\u00edpio de Sum\u00e9 - Not&iacute;cias em Destaque<\/title>\n<meta name=\"robots\" content=\"index, follow, max-snippet:-1, max-image-preview:large, max-video-preview:-1\" \/>\n<link rel=\"canonical\" href=\"https:\/\/noticiasemdestaque.com\/cd\/?p=42468\" \/>\n<meta property=\"og:locale\" content=\"pt_BR\" \/>\n<meta property=\"og:type\" content=\"article\" \/>\n<meta property=\"og:title\" content=\"Apresenta\u00e7\u00f5es de fanfarras abrem o dia 7 de setembro no munic\u00edpio de Sum\u00e9 - Not&iacute;cias em Destaque\" \/>\n<meta property=\"og:description\" content=\"Hoje pela manh\u00e3 aconteceu o hasteamento das Bandeiras na Pra\u00e7a Adolfo Mayer com as presen\u00e7as do prefeito Eden Duarte, do presidente do Legislativo Ant\u00f4nio Carlos e do secret\u00e1rio da Educa\u00e7\u00e3o Bonilson Timoteo. Tamb\u00e9m participaram a Filarm\u00f4nica Municipal Maestro Ant\u00f4nio Josu\u00e9 de e Lima e dos Bombeiros Militar da 7\u00b0 Companhia Sum\u00e9. Em seguida, houve a apresenta\u00e7\u00e3o da Fanfarra\u00a0das Crian\u00e7as e Adolescentes que participam dos programas sociais da Secretaria de Assist\u00eancia Social. Logo ap\u00f3s, comemorando os 20 anos de atua\u00e7\u00e3o no munic\u00edpio de Sum\u00e9, a apresenta\u00e7\u00e3o da Fanfarra Jovem, do professor Adalberto Oliveira. No per\u00edodo da tarde, a partir das 16h, os desfiles ser\u00e3o das escolas particulares com o Instituto Educacional Pai Eterno e em seguida, a Escola Doce Encanto. Vale destacar que as escolas municipais est\u00e3o realizando atividades alusivas \u00e0 Independ\u00eancia do Brasil durante todo dia de hoje. &nbsp; &nbsp; &nbsp; &nbsp; &nbsp; &nbsp; Noticias em Destaque Fonte: Prefeitura Municipal de Sum\u00e9\" \/>\n<meta property=\"og:url\" content=\"https:\/\/noticiasemdestaque.com\/cd\/?p=42468\" \/>\n<meta property=\"og:site_name\" content=\"Not&iacute;cias em Destaque\" \/>\n<meta property=\"article:published_time\" content=\"2022-09-07T14:05:25+00:00\" \/>\n<meta property=\"og:image\" content=\"https:\/\/noticiasemdestaque.com\/cd\/wp-content\/uploads\/2022\/09\/sume.jpg\" \/>\n\t<meta property=\"og:image:width\" content=\"735\" \/>\n\t<meta property=\"og:image:height\" content=\"450\" \/>\n\t<meta property=\"og:image:type\" content=\"image\/jpeg\" \/>\n<meta name=\"author\" content=\"Not\u00edcias em Destaque\" \/>\n<meta name=\"twitter:card\" content=\"summary_large_image\" \/>\n<meta name=\"twitter:label1\" content=\"Escrito por\" \/>\n\t<meta name=\"twitter:data1\" content=\"Not\u00edcias em Destaque\" \/>\n\t<meta name=\"twitter:label2\" content=\"Est. tempo de leitura\" \/>\n\t<meta name=\"twitter:data2\" content=\"2 minutos\" \/>\n<script type=\"application\/ld+json\" class=\"yoast-schema-graph\">{\"@context\":\"https:\/\/schema.org\",\"@graph\":[{\"@type\":\"Article\",\"@id\":\"https:\/\/noticiasemdestaque.com\/cd\/?p=42468#article\",\"isPartOf\":{\"@id\":\"https:\/\/noticiasemdestaque.com\/cd\/?p=42468\"},\"author\":{\"name\":\"Not\u00edcias em Destaque\",\"@id\":\"https:\/\/noticiasemdestaque.com\/cd\/#\/schema\/person\/4a81fb71f77579d059c3045891fa1786\"},\"headline\":\"Apresenta\u00e7\u00f5es de fanfarras abrem o dia 7 de setembro no munic\u00edpio de Sum\u00e9\",\"datePublished\":\"2022-09-07T14:05:25+00:00\",\"mainEntityOfPage\":{\"@id\":\"https:\/\/noticiasemdestaque.com\/cd\/?p=42468\"},\"wordCount\":183,\"publisher\":{\"@id\":\"https:\/\/noticiasemdestaque.com\/cd\/#organization\"},\"image\":{\"@id\":\"https:\/\/noticiasemdestaque.com\/cd\/?p=42468#primaryimage\"},\"thumbnailUrl\":\"https:\/\/noticiasemdestaque.com\/cd\/wp-content\/uploads\/2022\/09\/sume.jpg\",\"articleSection\":[\"Cidades\"],\"inLanguage\":\"pt-BR\"},{\"@type\":\"WebPage\",\"@id\":\"https:\/\/noticiasemdestaque.com\/cd\/?p=42468\",\"url\":\"https:\/\/noticiasemdestaque.com\/cd\/?p=42468\",\"name\":\"Apresenta\u00e7\u00f5es de fanfarras abrem o dia 7 de setembro no munic\u00edpio de Sum\u00e9 - Not&iacute;cias em Destaque\",\"isPartOf\":{\"@id\":\"https:\/\/noticiasemdestaque.com\/cd\/#website\"},\"primaryImageOfPage\":{\"@id\":\"https:\/\/noticiasemdestaque.com\/cd\/?p=42468#primaryimage\"},\"image\":{\"@id\":\"https:\/\/noticiasemdestaque.com\/cd\/?p=42468#primaryimage\"},\"thumbnailUrl\":\"https:\/\/noticiasemdestaque.com\/cd\/wp-content\/uploads\/2022\/09\/sume.jpg\",\"datePublished\":\"2022-09-07T14:05:25+00:00\",\"breadcrumb\":{\"@id\":\"https:\/\/noticiasemdestaque.com\/cd\/?p=42468#breadcrumb\"},\"inLanguage\":\"pt-BR\",\"potentialAction\":[{\"@type\":\"ReadAction\",\"target\":[\"https:\/\/noticiasemdestaque.com\/cd\/?p=42468\"]}]},{\"@type\":\"ImageObject\",\"inLanguage\":\"pt-BR\",\"@id\":\"https:\/\/noticiasemdestaque.com\/cd\/?p=42468#primaryimage\",\"url\":\"https:\/\/noticiasemdestaque.com\/cd\/wp-content\/uploads\/2022\/09\/sume.jpg\",\"contentUrl\":\"https:\/\/noticiasemdestaque.com\/cd\/wp-content\/uploads\/2022\/09\/sume.jpg\",\"width\":735,\"height\":450},{\"@type\":\"BreadcrumbList\",\"@id\":\"https:\/\/noticiasemdestaque.com\/cd\/?p=42468#breadcrumb\",\"itemListElement\":[{\"@type\":\"ListItem\",\"position\":1,\"name\":\"In\u00edcio\",\"item\":\"https:\/\/noticiasemdestaque.com\/cd\/\"},{\"@type\":\"ListItem\",\"position\":2,\"name\":\"Apresenta\u00e7\u00f5es de fanfarras abrem o dia 7 de setembro no munic\u00edpio de Sum\u00e9\"}]},{\"@type\":\"WebSite\",\"@id\":\"https:\/\/noticiasemdestaque.com\/cd\/#website\",\"url\":\"https:\/\/noticiasemdestaque.com\/cd\/\",\"name\":\"Not&iacute;cias em Destaque\",\"description\":\"\",\"publisher\":{\"@id\":\"https:\/\/noticiasemdestaque.com\/cd\/#organization\"},\"potentialAction\":[{\"@type\":\"SearchAction\",\"target\":{\"@type\":\"EntryPoint\",\"urlTemplate\":\"https:\/\/noticiasemdestaque.com\/cd\/?s={search_term_string}\"},\"query-input\":{\"@type\":\"PropertyValueSpecification\",\"valueRequired\":true,\"valueName\":\"search_term_string\"}}],\"inLanguage\":\"pt-BR\"},{\"@type\":\"Organization\",\"@id\":\"https:\/\/noticiasemdestaque.com\/cd\/#organization\",\"name\":\"Not\u00edcias em Destaque\",\"url\":\"https:\/\/noticiasemdestaque.com\/cd\/\",\"logo\":{\"@type\":\"ImageObject\",\"inLanguage\":\"pt-BR\",\"@id\":\"https:\/\/noticiasemdestaque.com\/cd\/#\/schema\/logo\/image\/\",\"url\":\"https:\/\/noticiasemdestaque.com\/cd\/wp-content\/uploads\/2022\/05\/imagem-base-noticiasemdestaque.png\",\"contentUrl\":\"https:\/\/noticiasemdestaque.com\/cd\/wp-content\/uploads\/2022\/05\/imagem-base-noticiasemdestaque.png\",\"width\":1200,\"height\":630,\"caption\":\"Not\u00edcias em Destaque\"},\"image\":{\"@id\":\"https:\/\/noticiasemdestaque.com\/cd\/#\/schema\/logo\/image\/\"}},{\"@type\":\"Person\",\"@id\":\"https:\/\/noticiasemdestaque.com\/cd\/#\/schema\/person\/4a81fb71f77579d059c3045891fa1786\",\"name\":\"Not\u00edcias em Destaque\",\"url\":\"https:\/\/noticiasemdestaque.com\/cd\/?author=2\"}]}<\/script>\n<!-- \/ Yoast SEO plugin. -->","yoast_head_json":{"title":"Apresenta\u00e7\u00f5es de fanfarras abrem o dia 7 de setembro no munic\u00edpio de Sum\u00e9 - Not&iacute;cias em Destaque","robots":{"index":"index","follow":"follow","max-snippet":"max-snippet:-1","max-image-preview":"max-image-preview:large","max-video-preview":"max-video-preview:-1"},"canonical":"https:\/\/noticiasemdestaque.com\/cd\/?p=42468","og_locale":"pt_BR","og_type":"article","og_title":"Apresenta\u00e7\u00f5es de fanfarras abrem o dia 7 de setembro no munic\u00edpio de Sum\u00e9 - Not&iacute;cias em Destaque","og_description":"Hoje pela manh\u00e3 aconteceu o hasteamento das Bandeiras na Pra\u00e7a Adolfo Mayer com as presen\u00e7as do prefeito Eden Duarte, do presidente do Legislativo Ant\u00f4nio Carlos e do secret\u00e1rio da Educa\u00e7\u00e3o Bonilson Timoteo. Tamb\u00e9m participaram a Filarm\u00f4nica Municipal Maestro Ant\u00f4nio Josu\u00e9 de e Lima e dos Bombeiros Militar da 7\u00b0 Companhia Sum\u00e9. Em seguida, houve a apresenta\u00e7\u00e3o da Fanfarra\u00a0das Crian\u00e7as e Adolescentes que participam dos programas sociais da Secretaria de Assist\u00eancia Social. Logo ap\u00f3s, comemorando os 20 anos de atua\u00e7\u00e3o no munic\u00edpio de Sum\u00e9, a apresenta\u00e7\u00e3o da Fanfarra Jovem, do professor Adalberto Oliveira. No per\u00edodo da tarde, a partir das 16h, os desfiles ser\u00e3o das escolas particulares com o Instituto Educacional Pai Eterno e em seguida, a Escola Doce Encanto. Vale destacar que as escolas municipais est\u00e3o realizando atividades alusivas \u00e0 Independ\u00eancia do Brasil durante todo dia de hoje. &nbsp; &nbsp; &nbsp; &nbsp; &nbsp; &nbsp; Noticias em Destaque Fonte: Prefeitura Municipal de Sum\u00e9","og_url":"https:\/\/noticiasemdestaque.com\/cd\/?p=42468","og_site_name":"Not&iacute;cias em Destaque","article_published_time":"2022-09-07T14:05:25+00:00","og_image":[{"width":735,"height":450,"url":"https:\/\/noticiasemdestaque.com\/cd\/wp-content\/uploads\/2022\/09\/sume.jpg","type":"image\/jpeg"}],"author":"Not\u00edcias em Destaque","twitter_card":"summary_large_image","twitter_misc":{"Escrito por":"Not\u00edcias em Destaque","Est. tempo de leitura":"2 minutos"},"schema":{"@context":"https:\/\/schema.org","@graph":[{"@type":"Article","@id":"https:\/\/noticiasemdestaque.com\/cd\/?p=42468#article","isPartOf":{"@id":"https:\/\/noticiasemdestaque.com\/cd\/?p=42468"},"author":{"name":"Not\u00edcias em Destaque","@id":"https:\/\/noticiasemdestaque.com\/cd\/#\/schema\/person\/4a81fb71f77579d059c3045891fa1786"},"headline":"Apresenta\u00e7\u00f5es de fanfarras abrem o dia 7 de setembro no munic\u00edpio de Sum\u00e9","datePublished":"2022-09-07T14:05:25+00:00","mainEntityOfPage":{"@id":"https:\/\/noticiasemdestaque.com\/cd\/?p=42468"},"wordCount":183,"publisher":{"@id":"https:\/\/noticiasemdestaque.com\/cd\/#organization"},"image":{"@id":"https:\/\/noticiasemdestaque.com\/cd\/?p=42468#primaryimage"},"thumbnailUrl":"https:\/\/noticiasemdestaque.com\/cd\/wp-content\/uploads\/2022\/09\/sume.jpg","articleSection":["Cidades"],"inLanguage":"pt-BR"},{"@type":"WebPage","@id":"https:\/\/noticiasemdestaque.com\/cd\/?p=42468","url":"https:\/\/noticiasemdestaque.com\/cd\/?p=42468","name":"Apresenta\u00e7\u00f5es de fanfarras abrem o dia 7 de setembro no munic\u00edpio de Sum\u00e9 - Not&iacute;cias em Destaque","isPartOf":{"@id":"https:\/\/noticiasemdestaque.com\/cd\/#website"},"primaryImageOfPage":{"@id":"https:\/\/noticiasemdestaque.com\/cd\/?p=42468#primaryimage"},"image":{"@id":"https:\/\/noticiasemdestaque.com\/cd\/?p=42468#primaryimage"},"thumbnailUrl":"https:\/\/noticiasemdestaque.com\/cd\/wp-content\/uploads\/2022\/09\/sume.jpg","datePublished":"2022-09-07T14:05:25+00:00","breadcrumb":{"@id":"https:\/\/noticiasemdestaque.com\/cd\/?p=42468#breadcrumb"},"inLanguage":"pt-BR","potentialAction":[{"@type":"ReadAction","target":["https:\/\/noticiasemdestaque.com\/cd\/?p=42468"]}]},{"@type":"ImageObject","inLanguage":"pt-BR","@id":"https:\/\/noticiasemdestaque.com\/cd\/?p=42468#primaryimage","url":"https:\/\/noticiasemdestaque.com\/cd\/wp-content\/uploads\/2022\/09\/sume.jpg","contentUrl":"https:\/\/noticiasemdestaque.com\/cd\/wp-content\/uploads\/2022\/09\/sume.jpg","width":735,"height":450},{"@type":"BreadcrumbList","@id":"https:\/\/noticiasemdestaque.com\/cd\/?p=42468#breadcrumb","itemListElement":[{"@type":"ListItem","position":1,"name":"In\u00edcio","item":"https:\/\/noticiasemdestaque.com\/cd\/"},{"@type":"ListItem","position":2,"name":"Apresenta\u00e7\u00f5es de fanfarras abrem o dia 7 de setembro no munic\u00edpio de Sum\u00e9"}]},{"@type":"WebSite","@id":"https:\/\/noticiasemdestaque.com\/cd\/#website","url":"https:\/\/noticiasemdestaque.com\/cd\/","name":"Not&iacute;cias em Destaque","description":"","publisher":{"@id":"https:\/\/noticiasemdestaque.com\/cd\/#organization"},"potentialAction":[{"@type":"SearchAction","target":{"@type":"EntryPoint","urlTemplate":"https:\/\/noticiasemdestaque.com\/cd\/?s={search_term_string}"},"query-input":{"@type":"PropertyValueSpecification","valueRequired":true,"valueName":"search_term_string"}}],"inLanguage":"pt-BR"},{"@type":"Organization","@id":"https:\/\/noticiasemdestaque.com\/cd\/#organization","name":"Not\u00edcias em Destaque","url":"https:\/\/noticiasemdestaque.com\/cd\/","logo":{"@type":"ImageObject","inLanguage":"pt-BR","@id":"https:\/\/noticiasemdestaque.com\/cd\/#\/schema\/logo\/image\/","url":"https:\/\/noticiasemdestaque.com\/cd\/wp-content\/uploads\/2022\/05\/imagem-base-noticiasemdestaque.png","contentUrl":"https:\/\/noticiasemdestaque.com\/cd\/wp-content\/uploads\/2022\/05\/imagem-base-noticiasemdestaque.png","width":1200,"height":630,"caption":"Not\u00edcias em Destaque"},"image":{"@id":"https:\/\/noticiasemdestaque.com\/cd\/#\/schema\/logo\/image\/"}},{"@type":"Person","@id":"https:\/\/noticiasemdestaque.com\/cd\/#\/schema\/person\/4a81fb71f77579d059c3045891fa1786","name":"Not\u00edcias em Destaque","url":"https:\/\/noticiasemdestaque.com\/cd\/?author=2"}]}},"jetpack_featured_media_url":"https:\/\/noticiasemdestaque.com\/cd\/wp-content\/uploads\/2022\/09\/sume.jpg","jetpack_sharing_enabled":true,"_links":{"self":[{"href":"https:\/\/noticiasemdestaque.com\/cd\/index.php?rest_route=\/wp\/v2\/posts\/42468","targetHints":{"allow":["GET"]}}],"collection":[{"href":"https:\/\/noticiasemdestaque.com\/cd\/index.php?rest_route=\/wp\/v2\/posts"}],"about":[{"href":"https:\/\/noticiasemdestaque.com\/cd\/index.php?rest_route=\/wp\/v2\/types\/post"}],"author":[{"embeddable":true,"href":"https:\/\/noticiasemdestaque.com\/cd\/index.php?rest_route=\/wp\/v2\/users\/2"}],"replies":[{"embeddable":true,"href":"https:\/\/noticiasemdestaque.com\/cd\/index.php?rest_route=%2Fwp%2Fv2%2Fcomments&post=42468"}],"version-history":[{"count":1,"href":"https:\/\/noticiasemdestaque.com\/cd\/index.php?rest_route=\/wp\/v2\/posts\/42468\/revisions"}],"predecessor-version":[{"id":42470,"href":"https:\/\/noticiasemdestaque.com\/cd\/index.php?rest_route=\/wp\/v2\/posts\/42468\/revisions\/42470"}],"wp:featuredmedia":[{"embeddable":true,"href":"https:\/\/noticiasemdestaque.com\/cd\/index.php?rest_route=\/wp\/v2\/media\/42469"}],"wp:attachment":[{"href":"https:\/\/noticiasemdestaque.com\/cd\/index.php?rest_route=%2Fwp%2Fv2%2Fmedia&parent=42468"}],"wp:term":[{"taxonomy":"category","embeddable":true,"href":"https:\/\/noticiasemdestaque.com\/cd\/index.php?rest_route=%2Fwp%2Fv2%2Fcategories&post=42468"},{"taxonomy":"post_tag","embeddable":true,"href":"https:\/\/noticiasemdestaque.com\/cd\/index.php?rest_route=%2Fwp%2Fv2%2Ftags&post=42468"}],"curies":[{"name":"wp","href":"https:\/\/api.w.org\/{rel}","templated":true}]}}