{"id":42453,"date":"2022-09-07T00:24:39","date_gmt":"2022-09-07T03:24:39","guid":{"rendered":"https:\/\/noticiasemdestaque.com\/cd\/?p=42453"},"modified":"2022-09-07T00:34:01","modified_gmt":"2022-09-07T03:34:01","slug":"escola-estadual-maria-balbina-pereira-realiza-desfile-civico-com-tema-no-meu-cariri-no-distrito-de-santa-luzia-em-serra-branca","status":"publish","type":"post","link":"https:\/\/noticiasemdestaque.com\/cd\/?p=42453","title":{"rendered":"Escola Estadual Maria Balbina Pereira realiza desfile c\u00edvico com tema \u201cNo meu Cariri\u201d no Distrito de Santa Luzia em Serra Branca"},"content":{"rendered":"<p><strong> <a href=\"https:\/\/noticiasemdestaque.com\/cd\/wp-content\/uploads\/2022\/09\/WhatsApp-Image-2022-09-06-at-17.10.11.jpeg\"><img fetchpriority=\"high\" decoding=\"async\" class=\"alignnone size-medium wp-image-42456\" src=\"https:\/\/noticiasemdestaque.com\/cd\/wp-content\/uploads\/2022\/09\/WhatsApp-Image-2022-09-06-at-17.10.11-300x169.jpeg\" alt=\"\" width=\"300\" height=\"169\" srcset=\"https:\/\/noticiasemdestaque.com\/cd\/wp-content\/uploads\/2022\/09\/WhatsApp-Image-2022-09-06-at-17.10.11-300x169.jpeg 300w, https:\/\/noticiasemdestaque.com\/cd\/wp-content\/uploads\/2022\/09\/WhatsApp-Image-2022-09-06-at-17.10.11-1024x576.jpeg 1024w, https:\/\/noticiasemdestaque.com\/cd\/wp-content\/uploads\/2022\/09\/WhatsApp-Image-2022-09-06-at-17.10.11-768x432.jpeg 768w, https:\/\/noticiasemdestaque.com\/cd\/wp-content\/uploads\/2022\/09\/WhatsApp-Image-2022-09-06-at-17.10.11-1536x864.jpeg 1536w, https:\/\/noticiasemdestaque.com\/cd\/wp-content\/uploads\/2022\/09\/WhatsApp-Image-2022-09-06-at-17.10.11-18x10.jpeg 18w, https:\/\/noticiasemdestaque.com\/cd\/wp-content\/uploads\/2022\/09\/WhatsApp-Image-2022-09-06-at-17.10.11.jpeg 1600w\" sizes=\"(max-width: 300px) 100vw, 300px\" \/><\/a><a href=\"https:\/\/noticiasemdestaque.com\/cd\/wp-content\/uploads\/2022\/09\/WhatsApp-Image-2022-09-06-at-17.10.10-2.jpeg\"><img decoding=\"async\" class=\"alignnone size-medium wp-image-42455\" src=\"https:\/\/noticiasemdestaque.com\/cd\/wp-content\/uploads\/2022\/09\/WhatsApp-Image-2022-09-06-at-17.10.10-2-300x169.jpeg\" alt=\"\" width=\"300\" height=\"169\" srcset=\"https:\/\/noticiasemdestaque.com\/cd\/wp-content\/uploads\/2022\/09\/WhatsApp-Image-2022-09-06-at-17.10.10-2-300x169.jpeg 300w, https:\/\/noticiasemdestaque.com\/cd\/wp-content\/uploads\/2022\/09\/WhatsApp-Image-2022-09-06-at-17.10.10-2-1024x576.jpeg 1024w, https:\/\/noticiasemdestaque.com\/cd\/wp-content\/uploads\/2022\/09\/WhatsApp-Image-2022-09-06-at-17.10.10-2-768x432.jpeg 768w, https:\/\/noticiasemdestaque.com\/cd\/wp-content\/uploads\/2022\/09\/WhatsApp-Image-2022-09-06-at-17.10.10-2-18x10.jpeg 18w, https:\/\/noticiasemdestaque.com\/cd\/wp-content\/uploads\/2022\/09\/WhatsApp-Image-2022-09-06-at-17.10.10-2.jpeg 1280w\" sizes=\"(max-width: 300px) 100vw, 300px\" \/><\/a><\/strong><\/p>\n<p>Desenvolver o patriotismo e valorizar a import\u00e2ncia de datas hist\u00f3ricas, com este objetivo, a Escola Estadual Maria Balbina Pereira, localizada no Distrito de Santa Luzia do Cariri, munic\u00edpio de Serra Branca, realizou no \u00faltimo dia 02 o desfile c\u00edvico em comemora\u00e7\u00e3o \u00e0 independ\u00eancia do Brasil.<\/p>\n<p><a href=\"https:\/\/noticiasemdestaque.com\/cd\/wp-content\/uploads\/2022\/09\/WhatsApp-Image-2022-09-06-at-17.10.12-2.jpeg\"><img decoding=\"async\" class=\"alignnone size-medium wp-image-42457\" src=\"https:\/\/noticiasemdestaque.com\/cd\/wp-content\/uploads\/2022\/09\/WhatsApp-Image-2022-09-06-at-17.10.12-2-300x225.jpeg\" alt=\"\" width=\"300\" height=\"225\" srcset=\"https:\/\/noticiasemdestaque.com\/cd\/wp-content\/uploads\/2022\/09\/WhatsApp-Image-2022-09-06-at-17.10.12-2-300x225.jpeg 300w, https:\/\/noticiasemdestaque.com\/cd\/wp-content\/uploads\/2022\/09\/WhatsApp-Image-2022-09-06-at-17.10.12-2-1024x768.jpeg 1024w, https:\/\/noticiasemdestaque.com\/cd\/wp-content\/uploads\/2022\/09\/WhatsApp-Image-2022-09-06-at-17.10.12-2-768x576.jpeg 768w, https:\/\/noticiasemdestaque.com\/cd\/wp-content\/uploads\/2022\/09\/WhatsApp-Image-2022-09-06-at-17.10.12-2-16x12.jpeg 16w, https:\/\/noticiasemdestaque.com\/cd\/wp-content\/uploads\/2022\/09\/WhatsApp-Image-2022-09-06-at-17.10.12-2.jpeg 1152w\" sizes=\"(max-width: 300px) 100vw, 300px\" \/><\/a><a href=\"https:\/\/noticiasemdestaque.com\/cd\/wp-content\/uploads\/2022\/09\/WhatsApp-Image-2022-09-06-at-17.10.13.jpeg\"><img loading=\"lazy\" decoding=\"async\" class=\"alignnone size-medium wp-image-42459\" src=\"https:\/\/noticiasemdestaque.com\/cd\/wp-content\/uploads\/2022\/09\/WhatsApp-Image-2022-09-06-at-17.10.13-300x225.jpeg\" alt=\"\" width=\"300\" height=\"225\" srcset=\"https:\/\/noticiasemdestaque.com\/cd\/wp-content\/uploads\/2022\/09\/WhatsApp-Image-2022-09-06-at-17.10.13-300x225.jpeg 300w, https:\/\/noticiasemdestaque.com\/cd\/wp-content\/uploads\/2022\/09\/WhatsApp-Image-2022-09-06-at-17.10.13-1024x768.jpeg 1024w, https:\/\/noticiasemdestaque.com\/cd\/wp-content\/uploads\/2022\/09\/WhatsApp-Image-2022-09-06-at-17.10.13-768x576.jpeg 768w, https:\/\/noticiasemdestaque.com\/cd\/wp-content\/uploads\/2022\/09\/WhatsApp-Image-2022-09-06-at-17.10.13-16x12.jpeg 16w, https:\/\/noticiasemdestaque.com\/cd\/wp-content\/uploads\/2022\/09\/WhatsApp-Image-2022-09-06-at-17.10.13.jpeg 1152w\" sizes=\"(max-width: 300px) 100vw, 300px\" \/><\/a><\/p>\n<p>&nbsp;<\/p>\n<p>Esse ano, o desfile teve como tema o enredo \u201cNo meu Cariri\u201d, inspirado em uma interpreta\u00e7\u00e3o da cantora Marin\u00eas. A obra da artista foi trabalhada no Projeto de Interven\u00e7\u00e3o Pedag\u00f3gica ao longo do ano trazendo \u00e0 tona a import\u00e2ncia do povo e da cultura nordestina.<\/p>\n<p><a href=\"https:\/\/noticiasemdestaque.com\/cd\/wp-content\/uploads\/2022\/09\/WhatsApp-Image-2022-09-06-at-17.10.14-1.jpeg\"><img loading=\"lazy\" decoding=\"async\" class=\"alignnone size-medium wp-image-42460\" src=\"https:\/\/noticiasemdestaque.com\/cd\/wp-content\/uploads\/2022\/09\/WhatsApp-Image-2022-09-06-at-17.10.14-1-300x251.jpeg\" alt=\"\" width=\"300\" height=\"251\" srcset=\"https:\/\/noticiasemdestaque.com\/cd\/wp-content\/uploads\/2022\/09\/WhatsApp-Image-2022-09-06-at-17.10.14-1-300x251.jpeg 300w, https:\/\/noticiasemdestaque.com\/cd\/wp-content\/uploads\/2022\/09\/WhatsApp-Image-2022-09-06-at-17.10.14-1-1024x858.jpeg 1024w, https:\/\/noticiasemdestaque.com\/cd\/wp-content\/uploads\/2022\/09\/WhatsApp-Image-2022-09-06-at-17.10.14-1-768x643.jpeg 768w, https:\/\/noticiasemdestaque.com\/cd\/wp-content\/uploads\/2022\/09\/WhatsApp-Image-2022-09-06-at-17.10.14-1-1536x1286.jpeg 1536w, https:\/\/noticiasemdestaque.com\/cd\/wp-content\/uploads\/2022\/09\/WhatsApp-Image-2022-09-06-at-17.10.14-1-14x12.jpeg 14w, https:\/\/noticiasemdestaque.com\/cd\/wp-content\/uploads\/2022\/09\/WhatsApp-Image-2022-09-06-at-17.10.14-1.jpeg 1600w\" sizes=\"(max-width: 300px) 100vw, 300px\" \/><\/a><a href=\"https:\/\/noticiasemdestaque.com\/cd\/wp-content\/uploads\/2022\/09\/WhatsApp-Image-2022-09-06-at-17.10.16-1.jpeg\"><img loading=\"lazy\" decoding=\"async\" class=\"alignnone wp-image-42461\" src=\"https:\/\/noticiasemdestaque.com\/cd\/wp-content\/uploads\/2022\/09\/WhatsApp-Image-2022-09-06-at-17.10.16-1-225x300.jpeg\" alt=\"\" width=\"189\" height=\"252\" srcset=\"https:\/\/noticiasemdestaque.com\/cd\/wp-content\/uploads\/2022\/09\/WhatsApp-Image-2022-09-06-at-17.10.16-1-225x300.jpeg 225w, https:\/\/noticiasemdestaque.com\/cd\/wp-content\/uploads\/2022\/09\/WhatsApp-Image-2022-09-06-at-17.10.16-1-768x1024.jpeg 768w, https:\/\/noticiasemdestaque.com\/cd\/wp-content\/uploads\/2022\/09\/WhatsApp-Image-2022-09-06-at-17.10.16-1-1152x1536.jpeg 1152w, https:\/\/noticiasemdestaque.com\/cd\/wp-content\/uploads\/2022\/09\/WhatsApp-Image-2022-09-06-at-17.10.16-1-9x12.jpeg 9w, https:\/\/noticiasemdestaque.com\/cd\/wp-content\/uploads\/2022\/09\/WhatsApp-Image-2022-09-06-at-17.10.16-1.jpeg 1200w\" sizes=\"(max-width: 189px) 100vw, 189px\" \/><\/a><a href=\"https:\/\/noticiasemdestaque.com\/cd\/wp-content\/uploads\/2022\/09\/WhatsApp-Image-2022-09-06-at-17.10.12.jpeg\"><img loading=\"lazy\" decoding=\"async\" class=\"alignnone wp-image-42458\" src=\"https:\/\/noticiasemdestaque.com\/cd\/wp-content\/uploads\/2022\/09\/WhatsApp-Image-2022-09-06-at-17.10.12-169x300.jpeg\" alt=\"\" width=\"142\" height=\"252\" srcset=\"https:\/\/noticiasemdestaque.com\/cd\/wp-content\/uploads\/2022\/09\/WhatsApp-Image-2022-09-06-at-17.10.12-169x300.jpeg 169w, https:\/\/noticiasemdestaque.com\/cd\/wp-content\/uploads\/2022\/09\/WhatsApp-Image-2022-09-06-at-17.10.12-576x1024.jpeg 576w, https:\/\/noticiasemdestaque.com\/cd\/wp-content\/uploads\/2022\/09\/WhatsApp-Image-2022-09-06-at-17.10.12-7x12.jpeg 7w, https:\/\/noticiasemdestaque.com\/cd\/wp-content\/uploads\/2022\/09\/WhatsApp-Image-2022-09-06-at-17.10.12.jpeg 720w\" sizes=\"(max-width: 142px) 100vw, 142px\" \/><\/a><\/p>\n<p>O desfile foi regido pela \u201cBanda Fanfarra Irm\u00e3o Dinam\u00e9rico\u201d, fanfarra essa vinculada \u00e0 Escola Maria Balbina no pr\u00f3prio distrito. O desfile c\u00edvico tamb\u00e9m tratou sobre a Pandemia, como forma de contextualizar um assunto t\u00e3o abordado nos \u00faltimos dois anos.<\/p>\n<p><a href=\"https:\/\/noticiasemdestaque.com\/cd\/wp-content\/uploads\/2022\/09\/WhatsApp-Image-2022-09-06-at-17.12.41.jpeg\"><img loading=\"lazy\" decoding=\"async\" class=\"alignnone size-medium wp-image-42463\" src=\"https:\/\/noticiasemdestaque.com\/cd\/wp-content\/uploads\/2022\/09\/WhatsApp-Image-2022-09-06-at-17.12.41-300x213.jpeg\" alt=\"\" width=\"300\" height=\"213\" srcset=\"https:\/\/noticiasemdestaque.com\/cd\/wp-content\/uploads\/2022\/09\/WhatsApp-Image-2022-09-06-at-17.12.41-300x213.jpeg 300w, https:\/\/noticiasemdestaque.com\/cd\/wp-content\/uploads\/2022\/09\/WhatsApp-Image-2022-09-06-at-17.12.41-1024x727.jpeg 1024w, https:\/\/noticiasemdestaque.com\/cd\/wp-content\/uploads\/2022\/09\/WhatsApp-Image-2022-09-06-at-17.12.41-768x545.jpeg 768w, https:\/\/noticiasemdestaque.com\/cd\/wp-content\/uploads\/2022\/09\/WhatsApp-Image-2022-09-06-at-17.12.41-1536x1091.jpeg 1536w, https:\/\/noticiasemdestaque.com\/cd\/wp-content\/uploads\/2022\/09\/WhatsApp-Image-2022-09-06-at-17.12.41-18x12.jpeg 18w, https:\/\/noticiasemdestaque.com\/cd\/wp-content\/uploads\/2022\/09\/WhatsApp-Image-2022-09-06-at-17.12.41.jpeg 1600w\" sizes=\"(max-width: 300px) 100vw, 300px\" \/><\/a><a href=\"https:\/\/noticiasemdestaque.com\/cd\/wp-content\/uploads\/2022\/09\/WhatsApp-Image-2022-09-06-at-17.12.41-1.jpeg\"><img loading=\"lazy\" decoding=\"async\" class=\"alignnone wp-image-42462\" src=\"https:\/\/noticiasemdestaque.com\/cd\/wp-content\/uploads\/2022\/09\/WhatsApp-Image-2022-09-06-at-17.12.41-1-231x300.jpeg\" alt=\"\" width=\"166\" height=\"215\" srcset=\"https:\/\/noticiasemdestaque.com\/cd\/wp-content\/uploads\/2022\/09\/WhatsApp-Image-2022-09-06-at-17.12.41-1-231x300.jpeg 231w, https:\/\/noticiasemdestaque.com\/cd\/wp-content\/uploads\/2022\/09\/WhatsApp-Image-2022-09-06-at-17.12.41-1-790x1024.jpeg 790w, https:\/\/noticiasemdestaque.com\/cd\/wp-content\/uploads\/2022\/09\/WhatsApp-Image-2022-09-06-at-17.12.41-1-768x996.jpeg 768w, https:\/\/noticiasemdestaque.com\/cd\/wp-content\/uploads\/2022\/09\/WhatsApp-Image-2022-09-06-at-17.12.41-1-1185x1536.jpeg 1185w, https:\/\/noticiasemdestaque.com\/cd\/wp-content\/uploads\/2022\/09\/WhatsApp-Image-2022-09-06-at-17.12.41-1-9x12.jpeg 9w, https:\/\/noticiasemdestaque.com\/cd\/wp-content\/uploads\/2022\/09\/WhatsApp-Image-2022-09-06-at-17.12.41-1.jpeg 1234w\" sizes=\"(max-width: 166px) 100vw, 166px\" \/><\/a><\/p>\n<p>A realiza\u00e7\u00e3o de desfile foi poss\u00edvel gra\u00e7as \u00e0 colabora\u00e7\u00e3o financeira de alguns parceiros da Escola como fornecedores, o corpo docente, empreendedores locais (Kelly Tupperware, Alcione Confeitaria, Isael Marceneiro e Cakes Del\u00edcias da Jack), e a Prefeitura Municipal de Serra Branca atrav\u00e9s do secret\u00e1rio de Educa\u00e7\u00e3o Paulo S\u00e9rgio Barros.<\/p>\n<p>Confira mais fotos: <a href=\"https:\/\/m.facebook.com\/story.php?story_fbid=pfbid0s8HvmatJc6RqdXoESZSdJJwTssm4dHfqicQo7VfcKkrqFoPHmxgmYw1EGFJQ7iuql&amp;id=100037804903255\"><strong>Click Aqui<\/strong><\/a><\/p>\n<p><strong>Not\u00edcias em Destaque\u00a0<\/strong><\/p>\n","protected":false},"excerpt":{"rendered":"<p>Desenvolver o patriotismo e valorizar a import\u00e2ncia de datas hist\u00f3ricas, com este objetivo, a Escola Estadual Maria Balbina Pereira, localizada no Distrito de Santa Luzia do Cariri, munic\u00edpio de Serra Branca, realizou no \u00faltimo dia 02 o desfile c\u00edvico em comemora\u00e7\u00e3o \u00e0 independ\u00eancia do Brasil. &nbsp; Esse ano, o desfile teve como tema o enredo \u201cNo meu Cariri\u201d, inspirado em uma interpreta\u00e7\u00e3o da cantora Marin\u00eas. A obra da artista foi trabalhada no Projeto de Interven\u00e7\u00e3o Pedag\u00f3gica ao longo do ano trazendo \u00e0 tona a import\u00e2ncia do povo e da cultura nordestina. O desfile foi regido pela \u201cBanda Fanfarra Irm\u00e3o Dinam\u00e9rico\u201d, fanfarra essa vinculada \u00e0 Escola Maria Balbina no pr\u00f3prio distrito. O desfile c\u00edvico tamb\u00e9m tratou sobre a Pandemia, como forma de contextualizar um assunto t\u00e3o abordado nos \u00faltimos dois anos. A realiza\u00e7\u00e3o de desfile foi poss\u00edvel gra\u00e7as \u00e0 colabora\u00e7\u00e3o financeira de alguns parceiros da Escola como fornecedores, o corpo docente, empreendedores locais (Kelly Tupperware, Alcione Confeitaria, Isael Marceneiro e Cakes Del\u00edcias da Jack), e a Prefeitura Municipal de Serra Branca atrav\u00e9s do secret\u00e1rio de Educa\u00e7\u00e3o Paulo S\u00e9rgio Barros. Confira mais fotos: Click Aqui Not\u00edcias em Destaque\u00a0<\/p>\n","protected":false},"author":2,"featured_media":42456,"comment_status":"closed","ping_status":"open","sticky":false,"template":"","format":"standard","meta":{"_eb_attr":"","_jetpack_memberships_contains_paid_content":false,"footnotes":""},"categories":[3],"tags":[],"class_list":["post-42453","post","type-post","status-publish","format-standard","has-post-thumbnail","hentry","category-cidades"],"yoast_head":"<!-- This site is optimized with the Yoast SEO plugin v26.5 - https:\/\/yoast.com\/wordpress\/plugins\/seo\/ -->\n<title>Escola Estadual Maria Balbina Pereira realiza desfile c\u00edvico com tema \u201cNo meu Cariri\u201d no Distrito de Santa Luzia em Serra Branca - Not&iacute;cias em Destaque<\/title>\n<meta name=\"robots\" content=\"index, follow, max-snippet:-1, max-image-preview:large, max-video-preview:-1\" \/>\n<link rel=\"canonical\" href=\"https:\/\/noticiasemdestaque.com\/cd\/?p=42453\" \/>\n<meta property=\"og:locale\" content=\"pt_BR\" \/>\n<meta property=\"og:type\" content=\"article\" \/>\n<meta property=\"og:title\" content=\"Escola Estadual Maria Balbina Pereira realiza desfile c\u00edvico com tema \u201cNo meu Cariri\u201d no Distrito de Santa Luzia em Serra Branca - Not&iacute;cias em Destaque\" \/>\n<meta property=\"og:description\" content=\"Desenvolver o patriotismo e valorizar a import\u00e2ncia de datas hist\u00f3ricas, com este objetivo, a Escola Estadual Maria Balbina Pereira, localizada no Distrito de Santa Luzia do Cariri, munic\u00edpio de Serra Branca, realizou no \u00faltimo dia 02 o desfile c\u00edvico em comemora\u00e7\u00e3o \u00e0 independ\u00eancia do Brasil. &nbsp; Esse ano, o desfile teve como tema o enredo \u201cNo meu Cariri\u201d, inspirado em uma interpreta\u00e7\u00e3o da cantora Marin\u00eas. A obra da artista foi trabalhada no Projeto de Interven\u00e7\u00e3o Pedag\u00f3gica ao longo do ano trazendo \u00e0 tona a import\u00e2ncia do povo e da cultura nordestina. O desfile foi regido pela \u201cBanda Fanfarra Irm\u00e3o Dinam\u00e9rico\u201d, fanfarra essa vinculada \u00e0 Escola Maria Balbina no pr\u00f3prio distrito. O desfile c\u00edvico tamb\u00e9m tratou sobre a Pandemia, como forma de contextualizar um assunto t\u00e3o abordado nos \u00faltimos dois anos. A realiza\u00e7\u00e3o de desfile foi poss\u00edvel gra\u00e7as \u00e0 colabora\u00e7\u00e3o financeira de alguns parceiros da Escola como fornecedores, o corpo docente, empreendedores locais (Kelly Tupperware, Alcione Confeitaria, Isael Marceneiro e Cakes Del\u00edcias da Jack), e a Prefeitura Municipal de Serra Branca atrav\u00e9s do secret\u00e1rio de Educa\u00e7\u00e3o Paulo S\u00e9rgio Barros. Confira mais fotos: Click Aqui Not\u00edcias em Destaque\u00a0\" \/>\n<meta property=\"og:url\" content=\"https:\/\/noticiasemdestaque.com\/cd\/?p=42453\" \/>\n<meta property=\"og:site_name\" content=\"Not&iacute;cias em Destaque\" \/>\n<meta property=\"article:published_time\" content=\"2022-09-07T03:24:39+00:00\" \/>\n<meta property=\"article:modified_time\" content=\"2022-09-07T03:34:01+00:00\" \/>\n<meta property=\"og:image\" content=\"https:\/\/noticiasemdestaque.com\/cd\/wp-content\/uploads\/2022\/09\/WhatsApp-Image-2022-09-06-at-17.10.11.jpeg\" \/>\n\t<meta property=\"og:image:width\" content=\"1600\" \/>\n\t<meta property=\"og:image:height\" content=\"900\" \/>\n\t<meta property=\"og:image:type\" content=\"image\/jpeg\" \/>\n<meta name=\"author\" content=\"Not\u00edcias em Destaque\" \/>\n<meta name=\"twitter:card\" content=\"summary_large_image\" \/>\n<meta name=\"twitter:label1\" content=\"Escrito por\" \/>\n\t<meta name=\"twitter:data1\" content=\"Not\u00edcias em Destaque\" \/>\n\t<meta name=\"twitter:label2\" content=\"Est. tempo de leitura\" \/>\n\t<meta name=\"twitter:data2\" content=\"3 minutos\" \/>\n<script type=\"application\/ld+json\" class=\"yoast-schema-graph\">{\"@context\":\"https:\/\/schema.org\",\"@graph\":[{\"@type\":\"Article\",\"@id\":\"https:\/\/noticiasemdestaque.com\/cd\/?p=42453#article\",\"isPartOf\":{\"@id\":\"https:\/\/noticiasemdestaque.com\/cd\/?p=42453\"},\"author\":{\"name\":\"Not\u00edcias em Destaque\",\"@id\":\"https:\/\/noticiasemdestaque.com\/cd\/#\/schema\/person\/4a81fb71f77579d059c3045891fa1786\"},\"headline\":\"Escola Estadual Maria Balbina Pereira realiza desfile c\u00edvico com tema \u201cNo meu Cariri\u201d no Distrito de Santa Luzia em Serra Branca\",\"datePublished\":\"2022-09-07T03:24:39+00:00\",\"dateModified\":\"2022-09-07T03:34:01+00:00\",\"mainEntityOfPage\":{\"@id\":\"https:\/\/noticiasemdestaque.com\/cd\/?p=42453\"},\"wordCount\":230,\"publisher\":{\"@id\":\"https:\/\/noticiasemdestaque.com\/cd\/#organization\"},\"image\":{\"@id\":\"https:\/\/noticiasemdestaque.com\/cd\/?p=42453#primaryimage\"},\"thumbnailUrl\":\"https:\/\/noticiasemdestaque.com\/cd\/wp-content\/uploads\/2022\/09\/WhatsApp-Image-2022-09-06-at-17.10.11.jpeg\",\"articleSection\":[\"Cidades\"],\"inLanguage\":\"pt-BR\"},{\"@type\":\"WebPage\",\"@id\":\"https:\/\/noticiasemdestaque.com\/cd\/?p=42453\",\"url\":\"https:\/\/noticiasemdestaque.com\/cd\/?p=42453\",\"name\":\"Escola Estadual Maria Balbina Pereira realiza desfile c\u00edvico com tema \u201cNo meu Cariri\u201d no Distrito de Santa Luzia em Serra Branca - Not&iacute;cias em Destaque\",\"isPartOf\":{\"@id\":\"https:\/\/noticiasemdestaque.com\/cd\/#website\"},\"primaryImageOfPage\":{\"@id\":\"https:\/\/noticiasemdestaque.com\/cd\/?p=42453#primaryimage\"},\"image\":{\"@id\":\"https:\/\/noticiasemdestaque.com\/cd\/?p=42453#primaryimage\"},\"thumbnailUrl\":\"https:\/\/noticiasemdestaque.com\/cd\/wp-content\/uploads\/2022\/09\/WhatsApp-Image-2022-09-06-at-17.10.11.jpeg\",\"datePublished\":\"2022-09-07T03:24:39+00:00\",\"dateModified\":\"2022-09-07T03:34:01+00:00\",\"breadcrumb\":{\"@id\":\"https:\/\/noticiasemdestaque.com\/cd\/?p=42453#breadcrumb\"},\"inLanguage\":\"pt-BR\",\"potentialAction\":[{\"@type\":\"ReadAction\",\"target\":[\"https:\/\/noticiasemdestaque.com\/cd\/?p=42453\"]}]},{\"@type\":\"ImageObject\",\"inLanguage\":\"pt-BR\",\"@id\":\"https:\/\/noticiasemdestaque.com\/cd\/?p=42453#primaryimage\",\"url\":\"https:\/\/noticiasemdestaque.com\/cd\/wp-content\/uploads\/2022\/09\/WhatsApp-Image-2022-09-06-at-17.10.11.jpeg\",\"contentUrl\":\"https:\/\/noticiasemdestaque.com\/cd\/wp-content\/uploads\/2022\/09\/WhatsApp-Image-2022-09-06-at-17.10.11.jpeg\",\"width\":1600,\"height\":900},{\"@type\":\"BreadcrumbList\",\"@id\":\"https:\/\/noticiasemdestaque.com\/cd\/?p=42453#breadcrumb\",\"itemListElement\":[{\"@type\":\"ListItem\",\"position\":1,\"name\":\"In\u00edcio\",\"item\":\"https:\/\/noticiasemdestaque.com\/cd\/\"},{\"@type\":\"ListItem\",\"position\":2,\"name\":\"Escola Estadual Maria Balbina Pereira realiza desfile c\u00edvico com tema \u201cNo meu Cariri\u201d no Distrito de Santa Luzia em Serra Branca\"}]},{\"@type\":\"WebSite\",\"@id\":\"https:\/\/noticiasemdestaque.com\/cd\/#website\",\"url\":\"https:\/\/noticiasemdestaque.com\/cd\/\",\"name\":\"Not&iacute;cias em Destaque\",\"description\":\"\",\"publisher\":{\"@id\":\"https:\/\/noticiasemdestaque.com\/cd\/#organization\"},\"potentialAction\":[{\"@type\":\"SearchAction\",\"target\":{\"@type\":\"EntryPoint\",\"urlTemplate\":\"https:\/\/noticiasemdestaque.com\/cd\/?s={search_term_string}\"},\"query-input\":{\"@type\":\"PropertyValueSpecification\",\"valueRequired\":true,\"valueName\":\"search_term_string\"}}],\"inLanguage\":\"pt-BR\"},{\"@type\":\"Organization\",\"@id\":\"https:\/\/noticiasemdestaque.com\/cd\/#organization\",\"name\":\"Not\u00edcias em Destaque\",\"url\":\"https:\/\/noticiasemdestaque.com\/cd\/\",\"logo\":{\"@type\":\"ImageObject\",\"inLanguage\":\"pt-BR\",\"@id\":\"https:\/\/noticiasemdestaque.com\/cd\/#\/schema\/logo\/image\/\",\"url\":\"https:\/\/noticiasemdestaque.com\/cd\/wp-content\/uploads\/2022\/05\/imagem-base-noticiasemdestaque.png\",\"contentUrl\":\"https:\/\/noticiasemdestaque.com\/cd\/wp-content\/uploads\/2022\/05\/imagem-base-noticiasemdestaque.png\",\"width\":1200,\"height\":630,\"caption\":\"Not\u00edcias em Destaque\"},\"image\":{\"@id\":\"https:\/\/noticiasemdestaque.com\/cd\/#\/schema\/logo\/image\/\"}},{\"@type\":\"Person\",\"@id\":\"https:\/\/noticiasemdestaque.com\/cd\/#\/schema\/person\/4a81fb71f77579d059c3045891fa1786\",\"name\":\"Not\u00edcias em Destaque\",\"url\":\"https:\/\/noticiasemdestaque.com\/cd\/?author=2\"}]}<\/script>\n<!-- \/ Yoast SEO plugin. -->","yoast_head_json":{"title":"Escola Estadual Maria Balbina Pereira realiza desfile c\u00edvico com tema \u201cNo meu Cariri\u201d no Distrito de Santa Luzia em Serra Branca - Not&iacute;cias em Destaque","robots":{"index":"index","follow":"follow","max-snippet":"max-snippet:-1","max-image-preview":"max-image-preview:large","max-video-preview":"max-video-preview:-1"},"canonical":"https:\/\/noticiasemdestaque.com\/cd\/?p=42453","og_locale":"pt_BR","og_type":"article","og_title":"Escola Estadual Maria Balbina Pereira realiza desfile c\u00edvico com tema \u201cNo meu Cariri\u201d no Distrito de Santa Luzia em Serra Branca - Not&iacute;cias em Destaque","og_description":"Desenvolver o patriotismo e valorizar a import\u00e2ncia de datas hist\u00f3ricas, com este objetivo, a Escola Estadual Maria Balbina Pereira, localizada no Distrito de Santa Luzia do Cariri, munic\u00edpio de Serra Branca, realizou no \u00faltimo dia 02 o desfile c\u00edvico em comemora\u00e7\u00e3o \u00e0 independ\u00eancia do Brasil. &nbsp; Esse ano, o desfile teve como tema o enredo \u201cNo meu Cariri\u201d, inspirado em uma interpreta\u00e7\u00e3o da cantora Marin\u00eas. A obra da artista foi trabalhada no Projeto de Interven\u00e7\u00e3o Pedag\u00f3gica ao longo do ano trazendo \u00e0 tona a import\u00e2ncia do povo e da cultura nordestina. O desfile foi regido pela \u201cBanda Fanfarra Irm\u00e3o Dinam\u00e9rico\u201d, fanfarra essa vinculada \u00e0 Escola Maria Balbina no pr\u00f3prio distrito. O desfile c\u00edvico tamb\u00e9m tratou sobre a Pandemia, como forma de contextualizar um assunto t\u00e3o abordado nos \u00faltimos dois anos. A realiza\u00e7\u00e3o de desfile foi poss\u00edvel gra\u00e7as \u00e0 colabora\u00e7\u00e3o financeira de alguns parceiros da Escola como fornecedores, o corpo docente, empreendedores locais (Kelly Tupperware, Alcione Confeitaria, Isael Marceneiro e Cakes Del\u00edcias da Jack), e a Prefeitura Municipal de Serra Branca atrav\u00e9s do secret\u00e1rio de Educa\u00e7\u00e3o Paulo S\u00e9rgio Barros. Confira mais fotos: Click Aqui Not\u00edcias em Destaque\u00a0","og_url":"https:\/\/noticiasemdestaque.com\/cd\/?p=42453","og_site_name":"Not&iacute;cias em Destaque","article_published_time":"2022-09-07T03:24:39+00:00","article_modified_time":"2022-09-07T03:34:01+00:00","og_image":[{"width":1600,"height":900,"url":"https:\/\/noticiasemdestaque.com\/cd\/wp-content\/uploads\/2022\/09\/WhatsApp-Image-2022-09-06-at-17.10.11.jpeg","type":"image\/jpeg"}],"author":"Not\u00edcias em Destaque","twitter_card":"summary_large_image","twitter_misc":{"Escrito por":"Not\u00edcias em Destaque","Est. tempo de leitura":"3 minutos"},"schema":{"@context":"https:\/\/schema.org","@graph":[{"@type":"Article","@id":"https:\/\/noticiasemdestaque.com\/cd\/?p=42453#article","isPartOf":{"@id":"https:\/\/noticiasemdestaque.com\/cd\/?p=42453"},"author":{"name":"Not\u00edcias em Destaque","@id":"https:\/\/noticiasemdestaque.com\/cd\/#\/schema\/person\/4a81fb71f77579d059c3045891fa1786"},"headline":"Escola Estadual Maria Balbina Pereira realiza desfile c\u00edvico com tema \u201cNo meu Cariri\u201d no Distrito de Santa Luzia em Serra Branca","datePublished":"2022-09-07T03:24:39+00:00","dateModified":"2022-09-07T03:34:01+00:00","mainEntityOfPage":{"@id":"https:\/\/noticiasemdestaque.com\/cd\/?p=42453"},"wordCount":230,"publisher":{"@id":"https:\/\/noticiasemdestaque.com\/cd\/#organization"},"image":{"@id":"https:\/\/noticiasemdestaque.com\/cd\/?p=42453#primaryimage"},"thumbnailUrl":"https:\/\/noticiasemdestaque.com\/cd\/wp-content\/uploads\/2022\/09\/WhatsApp-Image-2022-09-06-at-17.10.11.jpeg","articleSection":["Cidades"],"inLanguage":"pt-BR"},{"@type":"WebPage","@id":"https:\/\/noticiasemdestaque.com\/cd\/?p=42453","url":"https:\/\/noticiasemdestaque.com\/cd\/?p=42453","name":"Escola Estadual Maria Balbina Pereira realiza desfile c\u00edvico com tema \u201cNo meu Cariri\u201d no Distrito de Santa Luzia em Serra Branca - Not&iacute;cias em Destaque","isPartOf":{"@id":"https:\/\/noticiasemdestaque.com\/cd\/#website"},"primaryImageOfPage":{"@id":"https:\/\/noticiasemdestaque.com\/cd\/?p=42453#primaryimage"},"image":{"@id":"https:\/\/noticiasemdestaque.com\/cd\/?p=42453#primaryimage"},"thumbnailUrl":"https:\/\/noticiasemdestaque.com\/cd\/wp-content\/uploads\/2022\/09\/WhatsApp-Image-2022-09-06-at-17.10.11.jpeg","datePublished":"2022-09-07T03:24:39+00:00","dateModified":"2022-09-07T03:34:01+00:00","breadcrumb":{"@id":"https:\/\/noticiasemdestaque.com\/cd\/?p=42453#breadcrumb"},"inLanguage":"pt-BR","potentialAction":[{"@type":"ReadAction","target":["https:\/\/noticiasemdestaque.com\/cd\/?p=42453"]}]},{"@type":"ImageObject","inLanguage":"pt-BR","@id":"https:\/\/noticiasemdestaque.com\/cd\/?p=42453#primaryimage","url":"https:\/\/noticiasemdestaque.com\/cd\/wp-content\/uploads\/2022\/09\/WhatsApp-Image-2022-09-06-at-17.10.11.jpeg","contentUrl":"https:\/\/noticiasemdestaque.com\/cd\/wp-content\/uploads\/2022\/09\/WhatsApp-Image-2022-09-06-at-17.10.11.jpeg","width":1600,"height":900},{"@type":"BreadcrumbList","@id":"https:\/\/noticiasemdestaque.com\/cd\/?p=42453#breadcrumb","itemListElement":[{"@type":"ListItem","position":1,"name":"In\u00edcio","item":"https:\/\/noticiasemdestaque.com\/cd\/"},{"@type":"ListItem","position":2,"name":"Escola Estadual Maria Balbina Pereira realiza desfile c\u00edvico com tema \u201cNo meu Cariri\u201d no Distrito de Santa Luzia em Serra Branca"}]},{"@type":"WebSite","@id":"https:\/\/noticiasemdestaque.com\/cd\/#website","url":"https:\/\/noticiasemdestaque.com\/cd\/","name":"Not&iacute;cias em Destaque","description":"","publisher":{"@id":"https:\/\/noticiasemdestaque.com\/cd\/#organization"},"potentialAction":[{"@type":"SearchAction","target":{"@type":"EntryPoint","urlTemplate":"https:\/\/noticiasemdestaque.com\/cd\/?s={search_term_string}"},"query-input":{"@type":"PropertyValueSpecification","valueRequired":true,"valueName":"search_term_string"}}],"inLanguage":"pt-BR"},{"@type":"Organization","@id":"https:\/\/noticiasemdestaque.com\/cd\/#organization","name":"Not\u00edcias em Destaque","url":"https:\/\/noticiasemdestaque.com\/cd\/","logo":{"@type":"ImageObject","inLanguage":"pt-BR","@id":"https:\/\/noticiasemdestaque.com\/cd\/#\/schema\/logo\/image\/","url":"https:\/\/noticiasemdestaque.com\/cd\/wp-content\/uploads\/2022\/05\/imagem-base-noticiasemdestaque.png","contentUrl":"https:\/\/noticiasemdestaque.com\/cd\/wp-content\/uploads\/2022\/05\/imagem-base-noticiasemdestaque.png","width":1200,"height":630,"caption":"Not\u00edcias em Destaque"},"image":{"@id":"https:\/\/noticiasemdestaque.com\/cd\/#\/schema\/logo\/image\/"}},{"@type":"Person","@id":"https:\/\/noticiasemdestaque.com\/cd\/#\/schema\/person\/4a81fb71f77579d059c3045891fa1786","name":"Not\u00edcias em Destaque","url":"https:\/\/noticiasemdestaque.com\/cd\/?author=2"}]}},"jetpack_featured_media_url":"https:\/\/noticiasemdestaque.com\/cd\/wp-content\/uploads\/2022\/09\/WhatsApp-Image-2022-09-06-at-17.10.11.jpeg","jetpack_sharing_enabled":true,"_links":{"self":[{"href":"https:\/\/noticiasemdestaque.com\/cd\/index.php?rest_route=\/wp\/v2\/posts\/42453","targetHints":{"allow":["GET"]}}],"collection":[{"href":"https:\/\/noticiasemdestaque.com\/cd\/index.php?rest_route=\/wp\/v2\/posts"}],"about":[{"href":"https:\/\/noticiasemdestaque.com\/cd\/index.php?rest_route=\/wp\/v2\/types\/post"}],"author":[{"embeddable":true,"href":"https:\/\/noticiasemdestaque.com\/cd\/index.php?rest_route=\/wp\/v2\/users\/2"}],"replies":[{"embeddable":true,"href":"https:\/\/noticiasemdestaque.com\/cd\/index.php?rest_route=%2Fwp%2Fv2%2Fcomments&post=42453"}],"version-history":[{"count":4,"href":"https:\/\/noticiasemdestaque.com\/cd\/index.php?rest_route=\/wp\/v2\/posts\/42453\/revisions"}],"predecessor-version":[{"id":42467,"href":"https:\/\/noticiasemdestaque.com\/cd\/index.php?rest_route=\/wp\/v2\/posts\/42453\/revisions\/42467"}],"wp:featuredmedia":[{"embeddable":true,"href":"https:\/\/noticiasemdestaque.com\/cd\/index.php?rest_route=\/wp\/v2\/media\/42456"}],"wp:attachment":[{"href":"https:\/\/noticiasemdestaque.com\/cd\/index.php?rest_route=%2Fwp%2Fv2%2Fmedia&parent=42453"}],"wp:term":[{"taxonomy":"category","embeddable":true,"href":"https:\/\/noticiasemdestaque.com\/cd\/index.php?rest_route=%2Fwp%2Fv2%2Fcategories&post=42453"},{"taxonomy":"post_tag","embeddable":true,"href":"https:\/\/noticiasemdestaque.com\/cd\/index.php?rest_route=%2Fwp%2Fv2%2Ftags&post=42453"}],"curies":[{"name":"wp","href":"https:\/\/api.w.org\/{rel}","templated":true}]}}