{"id":42447,"date":"2022-09-06T17:47:38","date_gmt":"2022-09-06T20:47:38","guid":{"rendered":"https:\/\/noticiasemdestaque.com\/cd\/?p=42447"},"modified":"2022-09-06T17:47:38","modified_gmt":"2022-09-06T20:47:38","slug":"prefeito-de-ouro-velho-tem-aprovacao-de-961-da-populacao-segundo-pesquisa-do-instituto-opiniao","status":"publish","type":"post","link":"https:\/\/noticiasemdestaque.com\/cd\/?p=42447","title":{"rendered":"Prefeito de Ouro Velho tem aprova\u00e7\u00e3o de 96,1% da popula\u00e7\u00e3o, segundo pesquisa do Instituto Opini\u00e3o"},"content":{"rendered":"<p><a href=\"https:\/\/blogger.googleusercontent.com\/img\/b\/R29vZ2xl\/AVvXsEgOPXAc1jG0NeD4lBhLSxwv_OfoFiUJYRpZ63D27SyFcNHdOyyuEyxUlOhUJeluJlqQlpuD-aeU_7wPYFspJFOPagtZmZj9MePnQveVy7tQJwg3335UV5yDt-llxqmx_V8-sGSQiM-Tejl9CnssbN3UU4NsBoKVia2WoJDfG8JK-dyXB_AzOeYBr96B\/s1226\/DR%20AUGUSTO%20VALADARES.jpg\"><img fetchpriority=\"high\" decoding=\"async\" class=\"aligncenter\" src=\"https:\/\/blogger.googleusercontent.com\/img\/b\/R29vZ2xl\/AVvXsEgOPXAc1jG0NeD4lBhLSxwv_OfoFiUJYRpZ63D27SyFcNHdOyyuEyxUlOhUJeluJlqQlpuD-aeU_7wPYFspJFOPagtZmZj9MePnQveVy7tQJwg3335UV5yDt-llxqmx_V8-sGSQiM-Tejl9CnssbN3UU4NsBoKVia2WoJDfG8JK-dyXB_AzOeYBr96B\/w564-h640\/DR%20AUGUSTO%20VALADARES.jpg\" width=\"564\" height=\"640\" border=\"0\" data-original-height=\"1226\" data-original-width=\"1080\" \/><\/a><\/p>\n<p><span data-contrast=\"none\">O prefeito do munic\u00edpio de Ouro Velho, Dr. Augusto Valadares, recebe uma aprova\u00e7\u00e3o de 96,1% da popula\u00e7\u00e3o do munic\u00edpio, conforme pesquisa realizada pelo Instituto Opini\u00e3o .<\/span><span data-ccp-props=\"{&quot;201341983&quot;:0,&quot;335551550&quot;:6,&quot;335551620&quot;:6,&quot;335559739&quot;:160,&quot;335559740&quot;:259}\">\u00a0<\/span><span data-ccp-props=\"{&quot;201341983&quot;:0,&quot;335551550&quot;:6,&quot;335551620&quot;:6,&quot;335559739&quot;:160,&quot;335559740&quot;:259}\">\u00a0<\/span><\/p>\n<p><span data-contrast=\"none\">A avalia\u00e7\u00e3o recorde do gestor foi constatada em sondagem feita neste final de semana, onde a popula\u00e7\u00e3o apontou sua forma de administrar como modelo para regi\u00e3o.<\/span><span data-ccp-props=\"{&quot;201341983&quot;:0,&quot;335551550&quot;:6,&quot;335551620&quot;:6,&quot;335559739&quot;:160,&quot;335559740&quot;:259}\">\u00a0<\/span><\/p>\n<div class=\"separator\"><a href=\"https:\/\/blogger.googleusercontent.com\/img\/b\/R29vZ2xl\/AVvXsEjJyU2buckkTjMqH92iSV5Bm1xLr12H40fxIs00FYwBe5csxLgE6XJYm2NVUFGs7RaRrB09UBMlDWXkfV15fUBl-1myZN1NFy6c4IOUScwXoInLmMHFr5AU68X5kbiXK-q7hS3GqWpnMFQxBTc6E3FpQ2unem2i0dO0XiKdxEnw5JbkxFGFTRWYi9bg\/s1284\/1c96fae7-3c53-462a-8d89-9782545e0a57.jpg\"><img decoding=\"async\" src=\"https:\/\/blogger.googleusercontent.com\/img\/b\/R29vZ2xl\/AVvXsEjJyU2buckkTjMqH92iSV5Bm1xLr12H40fxIs00FYwBe5csxLgE6XJYm2NVUFGs7RaRrB09UBMlDWXkfV15fUBl-1myZN1NFy6c4IOUScwXoInLmMHFr5AU68X5kbiXK-q7hS3GqWpnMFQxBTc6E3FpQ2unem2i0dO0XiKdxEnw5JbkxFGFTRWYi9bg\/w640-h246\/1c96fae7-3c53-462a-8d89-9782545e0a57.jpg\" width=\"640\" height=\"246\" border=\"0\" data-original-height=\"494\" data-original-width=\"1284\" \/><\/a><\/div>\n<p>&nbsp;<\/p>\n<div class=\"separator\"><a href=\"https:\/\/blogger.googleusercontent.com\/img\/b\/R29vZ2xl\/AVvXsEjp96tfb3EBzsgw_s-nnp7DpLwoaNAkXsacBgcYGoe8NHcaQvoDvY_pQXthzE728cl99TJ7itf4nI2sZiZm55HyEJXjK5zDwGgms5gq-5Zk7FLsuqy6iPpD_xDj03JDHRu56WsypSzfzFxzgNsMZwGNLFhxhl6vzXFiiGr1pfN2Wn3ZNskjnBUDfFMR\/s1284\/b00c6bae-9a2c-4b8d-88f9-8a51ac6052ae.jpg\"><img decoding=\"async\" src=\"https:\/\/blogger.googleusercontent.com\/img\/b\/R29vZ2xl\/AVvXsEjp96tfb3EBzsgw_s-nnp7DpLwoaNAkXsacBgcYGoe8NHcaQvoDvY_pQXthzE728cl99TJ7itf4nI2sZiZm55HyEJXjK5zDwGgms5gq-5Zk7FLsuqy6iPpD_xDj03JDHRu56WsypSzfzFxzgNsMZwGNLFhxhl6vzXFiiGr1pfN2Wn3ZNskjnBUDfFMR\/w640-h442\/b00c6bae-9a2c-4b8d-88f9-8a51ac6052ae.jpg\" width=\"640\" height=\"442\" border=\"0\" data-original-height=\"886\" data-original-width=\"1284\" \/><\/a><\/div>\n<p><span data-contrast=\"none\">O prefeito Dr. Augusto recebeu o resultado da pesquisa com imensa satisfa\u00e7\u00e3o e agradece, de forma calorosa, aos mun\u00edcipes, destacando que a an\u00e1lise feita pelo povo s\u00f3 o deixa mais motivado para lutar, a cada dia, para buscar melhorias para todos.<\/span><span data-ccp-props=\"{&quot;201341983&quot;:0,&quot;335551550&quot;:6,&quot;335551620&quot;:6,&quot;335559739&quot;:160,&quot;335559740&quot;:259}\">\u00a0<\/span><\/p>\n<p><span data-contrast=\"none\">\u201c\u00c9 uma alegria renovada pela consagra\u00e7\u00e3o de um trabalho \u00e1rduo, feito com muito amor e carinho, baseado, sempre, na honestidade e no trabalho em equipe, que vem sendo realizado desde o in\u00edcio, construindo uma nova cidade para todos\u201d, expressou o gestor.<\/span><span data-ccp-props=\"{&quot;201341983&quot;:0,&quot;335551550&quot;:6,&quot;335551620&quot;:6,&quot;335559739&quot;:160,&quot;335559740&quot;:259}\">\u00a0<\/span><\/p>\n<p><strong>Noticias em Destaque<\/strong><\/p>\n<p style=\"text-align: right;\"><em>Fonte: Cariri da Gente\u00a0<\/em><\/p>\n","protected":false},"excerpt":{"rendered":"<p>O prefeito do munic\u00edpio de Ouro Velho, Dr. Augusto Valadares, recebe uma aprova\u00e7\u00e3o de 96,1% da popula\u00e7\u00e3o do munic\u00edpio, conforme pesquisa realizada pelo Instituto Opini\u00e3o .\u00a0\u00a0 A avalia\u00e7\u00e3o recorde do gestor foi constatada em sondagem feita neste final de semana, onde a popula\u00e7\u00e3o apontou sua forma de administrar como modelo para regi\u00e3o.\u00a0 &nbsp; O prefeito Dr. Augusto recebeu o resultado da pesquisa com imensa satisfa\u00e7\u00e3o e agradece, de forma calorosa, aos mun\u00edcipes, destacando que a an\u00e1lise feita pelo povo s\u00f3 o deixa mais motivado para lutar, a cada dia, para buscar melhorias para todos.\u00a0 \u201c\u00c9 uma alegria renovada pela consagra\u00e7\u00e3o de um trabalho \u00e1rduo, feito com muito amor e carinho, baseado, sempre, na honestidade e no trabalho em equipe, que vem sendo realizado desde o in\u00edcio, construindo uma nova cidade para todos\u201d, expressou o gestor.\u00a0 Noticias em Destaque Fonte: Cariri da Gente\u00a0<\/p>\n","protected":false},"author":2,"featured_media":42448,"comment_status":"closed","ping_status":"open","sticky":false,"template":"","format":"standard","meta":{"_eb_attr":"","_jetpack_memberships_contains_paid_content":false,"footnotes":""},"categories":[3],"tags":[],"class_list":["post-42447","post","type-post","status-publish","format-standard","has-post-thumbnail","hentry","category-cidades"],"yoast_head":"<!-- This site is optimized with the Yoast SEO plugin v26.5 - https:\/\/yoast.com\/wordpress\/plugins\/seo\/ -->\n<title>Prefeito de Ouro Velho tem aprova\u00e7\u00e3o de 96,1% da popula\u00e7\u00e3o, segundo pesquisa do Instituto Opini\u00e3o - Not&iacute;cias em Destaque<\/title>\n<meta name=\"robots\" content=\"index, follow, max-snippet:-1, max-image-preview:large, max-video-preview:-1\" \/>\n<link rel=\"canonical\" href=\"https:\/\/noticiasemdestaque.com\/cd\/?p=42447\" \/>\n<meta property=\"og:locale\" content=\"pt_BR\" \/>\n<meta property=\"og:type\" content=\"article\" \/>\n<meta property=\"og:title\" content=\"Prefeito de Ouro Velho tem aprova\u00e7\u00e3o de 96,1% da popula\u00e7\u00e3o, segundo pesquisa do Instituto Opini\u00e3o - Not&iacute;cias em Destaque\" \/>\n<meta property=\"og:description\" content=\"O prefeito do munic\u00edpio de Ouro Velho, Dr. Augusto Valadares, recebe uma aprova\u00e7\u00e3o de 96,1% da popula\u00e7\u00e3o do munic\u00edpio, conforme pesquisa realizada pelo Instituto Opini\u00e3o .\u00a0\u00a0 A avalia\u00e7\u00e3o recorde do gestor foi constatada em sondagem feita neste final de semana, onde a popula\u00e7\u00e3o apontou sua forma de administrar como modelo para regi\u00e3o.\u00a0 &nbsp; O prefeito Dr. Augusto recebeu o resultado da pesquisa com imensa satisfa\u00e7\u00e3o e agradece, de forma calorosa, aos mun\u00edcipes, destacando que a an\u00e1lise feita pelo povo s\u00f3 o deixa mais motivado para lutar, a cada dia, para buscar melhorias para todos.\u00a0 \u201c\u00c9 uma alegria renovada pela consagra\u00e7\u00e3o de um trabalho \u00e1rduo, feito com muito amor e carinho, baseado, sempre, na honestidade e no trabalho em equipe, que vem sendo realizado desde o in\u00edcio, construindo uma nova cidade para todos\u201d, expressou o gestor.\u00a0 Noticias em Destaque Fonte: Cariri da Gente\u00a0\" \/>\n<meta property=\"og:url\" content=\"https:\/\/noticiasemdestaque.com\/cd\/?p=42447\" \/>\n<meta property=\"og:site_name\" content=\"Not&iacute;cias em Destaque\" \/>\n<meta property=\"article:published_time\" content=\"2022-09-06T20:47:38+00:00\" \/>\n<meta property=\"og:image\" content=\"https:\/\/noticiasemdestaque.com\/cd\/wp-content\/uploads\/2022\/09\/DR-AUGUSTO-VALADARES.jpg\" \/>\n\t<meta property=\"og:image:width\" content=\"564\" \/>\n\t<meta property=\"og:image:height\" content=\"640\" \/>\n\t<meta property=\"og:image:type\" content=\"image\/jpeg\" \/>\n<meta name=\"author\" content=\"Not\u00edcias em Destaque\" \/>\n<meta name=\"twitter:card\" content=\"summary_large_image\" \/>\n<meta name=\"twitter:label1\" content=\"Escrito por\" \/>\n\t<meta name=\"twitter:data1\" content=\"Not\u00edcias em Destaque\" \/>\n\t<meta name=\"twitter:label2\" content=\"Est. tempo de leitura\" \/>\n\t<meta name=\"twitter:data2\" content=\"2 minutos\" \/>\n<script type=\"application\/ld+json\" class=\"yoast-schema-graph\">{\"@context\":\"https:\/\/schema.org\",\"@graph\":[{\"@type\":\"Article\",\"@id\":\"https:\/\/noticiasemdestaque.com\/cd\/?p=42447#article\",\"isPartOf\":{\"@id\":\"https:\/\/noticiasemdestaque.com\/cd\/?p=42447\"},\"author\":{\"name\":\"Not\u00edcias em Destaque\",\"@id\":\"https:\/\/noticiasemdestaque.com\/cd\/#\/schema\/person\/4a81fb71f77579d059c3045891fa1786\"},\"headline\":\"Prefeito de Ouro Velho tem aprova\u00e7\u00e3o de 96,1% da popula\u00e7\u00e3o, segundo pesquisa do Instituto Opini\u00e3o\",\"datePublished\":\"2022-09-06T20:47:38+00:00\",\"mainEntityOfPage\":{\"@id\":\"https:\/\/noticiasemdestaque.com\/cd\/?p=42447\"},\"wordCount\":169,\"publisher\":{\"@id\":\"https:\/\/noticiasemdestaque.com\/cd\/#organization\"},\"image\":{\"@id\":\"https:\/\/noticiasemdestaque.com\/cd\/?p=42447#primaryimage\"},\"thumbnailUrl\":\"https:\/\/noticiasemdestaque.com\/cd\/wp-content\/uploads\/2022\/09\/DR-AUGUSTO-VALADARES.jpg\",\"articleSection\":[\"Cidades\"],\"inLanguage\":\"pt-BR\"},{\"@type\":\"WebPage\",\"@id\":\"https:\/\/noticiasemdestaque.com\/cd\/?p=42447\",\"url\":\"https:\/\/noticiasemdestaque.com\/cd\/?p=42447\",\"name\":\"Prefeito de Ouro Velho tem aprova\u00e7\u00e3o de 96,1% da popula\u00e7\u00e3o, segundo pesquisa do Instituto Opini\u00e3o - Not&iacute;cias em Destaque\",\"isPartOf\":{\"@id\":\"https:\/\/noticiasemdestaque.com\/cd\/#website\"},\"primaryImageOfPage\":{\"@id\":\"https:\/\/noticiasemdestaque.com\/cd\/?p=42447#primaryimage\"},\"image\":{\"@id\":\"https:\/\/noticiasemdestaque.com\/cd\/?p=42447#primaryimage\"},\"thumbnailUrl\":\"https:\/\/noticiasemdestaque.com\/cd\/wp-content\/uploads\/2022\/09\/DR-AUGUSTO-VALADARES.jpg\",\"datePublished\":\"2022-09-06T20:47:38+00:00\",\"breadcrumb\":{\"@id\":\"https:\/\/noticiasemdestaque.com\/cd\/?p=42447#breadcrumb\"},\"inLanguage\":\"pt-BR\",\"potentialAction\":[{\"@type\":\"ReadAction\",\"target\":[\"https:\/\/noticiasemdestaque.com\/cd\/?p=42447\"]}]},{\"@type\":\"ImageObject\",\"inLanguage\":\"pt-BR\",\"@id\":\"https:\/\/noticiasemdestaque.com\/cd\/?p=42447#primaryimage\",\"url\":\"https:\/\/noticiasemdestaque.com\/cd\/wp-content\/uploads\/2022\/09\/DR-AUGUSTO-VALADARES.jpg\",\"contentUrl\":\"https:\/\/noticiasemdestaque.com\/cd\/wp-content\/uploads\/2022\/09\/DR-AUGUSTO-VALADARES.jpg\",\"width\":564,\"height\":640},{\"@type\":\"BreadcrumbList\",\"@id\":\"https:\/\/noticiasemdestaque.com\/cd\/?p=42447#breadcrumb\",\"itemListElement\":[{\"@type\":\"ListItem\",\"position\":1,\"name\":\"In\u00edcio\",\"item\":\"https:\/\/noticiasemdestaque.com\/cd\/\"},{\"@type\":\"ListItem\",\"position\":2,\"name\":\"Prefeito de Ouro Velho tem aprova\u00e7\u00e3o de 96,1% da popula\u00e7\u00e3o, segundo pesquisa do Instituto Opini\u00e3o\"}]},{\"@type\":\"WebSite\",\"@id\":\"https:\/\/noticiasemdestaque.com\/cd\/#website\",\"url\":\"https:\/\/noticiasemdestaque.com\/cd\/\",\"name\":\"Not&iacute;cias em Destaque\",\"description\":\"\",\"publisher\":{\"@id\":\"https:\/\/noticiasemdestaque.com\/cd\/#organization\"},\"potentialAction\":[{\"@type\":\"SearchAction\",\"target\":{\"@type\":\"EntryPoint\",\"urlTemplate\":\"https:\/\/noticiasemdestaque.com\/cd\/?s={search_term_string}\"},\"query-input\":{\"@type\":\"PropertyValueSpecification\",\"valueRequired\":true,\"valueName\":\"search_term_string\"}}],\"inLanguage\":\"pt-BR\"},{\"@type\":\"Organization\",\"@id\":\"https:\/\/noticiasemdestaque.com\/cd\/#organization\",\"name\":\"Not\u00edcias em Destaque\",\"url\":\"https:\/\/noticiasemdestaque.com\/cd\/\",\"logo\":{\"@type\":\"ImageObject\",\"inLanguage\":\"pt-BR\",\"@id\":\"https:\/\/noticiasemdestaque.com\/cd\/#\/schema\/logo\/image\/\",\"url\":\"https:\/\/noticiasemdestaque.com\/cd\/wp-content\/uploads\/2022\/05\/imagem-base-noticiasemdestaque.png\",\"contentUrl\":\"https:\/\/noticiasemdestaque.com\/cd\/wp-content\/uploads\/2022\/05\/imagem-base-noticiasemdestaque.png\",\"width\":1200,\"height\":630,\"caption\":\"Not\u00edcias em Destaque\"},\"image\":{\"@id\":\"https:\/\/noticiasemdestaque.com\/cd\/#\/schema\/logo\/image\/\"}},{\"@type\":\"Person\",\"@id\":\"https:\/\/noticiasemdestaque.com\/cd\/#\/schema\/person\/4a81fb71f77579d059c3045891fa1786\",\"name\":\"Not\u00edcias em Destaque\",\"url\":\"https:\/\/noticiasemdestaque.com\/cd\/?author=2\"}]}<\/script>\n<!-- \/ Yoast SEO plugin. -->","yoast_head_json":{"title":"Prefeito de Ouro Velho tem aprova\u00e7\u00e3o de 96,1% da popula\u00e7\u00e3o, segundo pesquisa do Instituto Opini\u00e3o - Not&iacute;cias em Destaque","robots":{"index":"index","follow":"follow","max-snippet":"max-snippet:-1","max-image-preview":"max-image-preview:large","max-video-preview":"max-video-preview:-1"},"canonical":"https:\/\/noticiasemdestaque.com\/cd\/?p=42447","og_locale":"pt_BR","og_type":"article","og_title":"Prefeito de Ouro Velho tem aprova\u00e7\u00e3o de 96,1% da popula\u00e7\u00e3o, segundo pesquisa do Instituto Opini\u00e3o - Not&iacute;cias em Destaque","og_description":"O prefeito do munic\u00edpio de Ouro Velho, Dr. Augusto Valadares, recebe uma aprova\u00e7\u00e3o de 96,1% da popula\u00e7\u00e3o do munic\u00edpio, conforme pesquisa realizada pelo Instituto Opini\u00e3o .\u00a0\u00a0 A avalia\u00e7\u00e3o recorde do gestor foi constatada em sondagem feita neste final de semana, onde a popula\u00e7\u00e3o apontou sua forma de administrar como modelo para regi\u00e3o.\u00a0 &nbsp; O prefeito Dr. Augusto recebeu o resultado da pesquisa com imensa satisfa\u00e7\u00e3o e agradece, de forma calorosa, aos mun\u00edcipes, destacando que a an\u00e1lise feita pelo povo s\u00f3 o deixa mais motivado para lutar, a cada dia, para buscar melhorias para todos.\u00a0 \u201c\u00c9 uma alegria renovada pela consagra\u00e7\u00e3o de um trabalho \u00e1rduo, feito com muito amor e carinho, baseado, sempre, na honestidade e no trabalho em equipe, que vem sendo realizado desde o in\u00edcio, construindo uma nova cidade para todos\u201d, expressou o gestor.\u00a0 Noticias em Destaque Fonte: Cariri da Gente\u00a0","og_url":"https:\/\/noticiasemdestaque.com\/cd\/?p=42447","og_site_name":"Not&iacute;cias em Destaque","article_published_time":"2022-09-06T20:47:38+00:00","og_image":[{"width":564,"height":640,"url":"https:\/\/noticiasemdestaque.com\/cd\/wp-content\/uploads\/2022\/09\/DR-AUGUSTO-VALADARES.jpg","type":"image\/jpeg"}],"author":"Not\u00edcias em Destaque","twitter_card":"summary_large_image","twitter_misc":{"Escrito por":"Not\u00edcias em Destaque","Est. tempo de leitura":"2 minutos"},"schema":{"@context":"https:\/\/schema.org","@graph":[{"@type":"Article","@id":"https:\/\/noticiasemdestaque.com\/cd\/?p=42447#article","isPartOf":{"@id":"https:\/\/noticiasemdestaque.com\/cd\/?p=42447"},"author":{"name":"Not\u00edcias em Destaque","@id":"https:\/\/noticiasemdestaque.com\/cd\/#\/schema\/person\/4a81fb71f77579d059c3045891fa1786"},"headline":"Prefeito de Ouro Velho tem aprova\u00e7\u00e3o de 96,1% da popula\u00e7\u00e3o, segundo pesquisa do Instituto Opini\u00e3o","datePublished":"2022-09-06T20:47:38+00:00","mainEntityOfPage":{"@id":"https:\/\/noticiasemdestaque.com\/cd\/?p=42447"},"wordCount":169,"publisher":{"@id":"https:\/\/noticiasemdestaque.com\/cd\/#organization"},"image":{"@id":"https:\/\/noticiasemdestaque.com\/cd\/?p=42447#primaryimage"},"thumbnailUrl":"https:\/\/noticiasemdestaque.com\/cd\/wp-content\/uploads\/2022\/09\/DR-AUGUSTO-VALADARES.jpg","articleSection":["Cidades"],"inLanguage":"pt-BR"},{"@type":"WebPage","@id":"https:\/\/noticiasemdestaque.com\/cd\/?p=42447","url":"https:\/\/noticiasemdestaque.com\/cd\/?p=42447","name":"Prefeito de Ouro Velho tem aprova\u00e7\u00e3o de 96,1% da popula\u00e7\u00e3o, segundo pesquisa do Instituto Opini\u00e3o - Not&iacute;cias em Destaque","isPartOf":{"@id":"https:\/\/noticiasemdestaque.com\/cd\/#website"},"primaryImageOfPage":{"@id":"https:\/\/noticiasemdestaque.com\/cd\/?p=42447#primaryimage"},"image":{"@id":"https:\/\/noticiasemdestaque.com\/cd\/?p=42447#primaryimage"},"thumbnailUrl":"https:\/\/noticiasemdestaque.com\/cd\/wp-content\/uploads\/2022\/09\/DR-AUGUSTO-VALADARES.jpg","datePublished":"2022-09-06T20:47:38+00:00","breadcrumb":{"@id":"https:\/\/noticiasemdestaque.com\/cd\/?p=42447#breadcrumb"},"inLanguage":"pt-BR","potentialAction":[{"@type":"ReadAction","target":["https:\/\/noticiasemdestaque.com\/cd\/?p=42447"]}]},{"@type":"ImageObject","inLanguage":"pt-BR","@id":"https:\/\/noticiasemdestaque.com\/cd\/?p=42447#primaryimage","url":"https:\/\/noticiasemdestaque.com\/cd\/wp-content\/uploads\/2022\/09\/DR-AUGUSTO-VALADARES.jpg","contentUrl":"https:\/\/noticiasemdestaque.com\/cd\/wp-content\/uploads\/2022\/09\/DR-AUGUSTO-VALADARES.jpg","width":564,"height":640},{"@type":"BreadcrumbList","@id":"https:\/\/noticiasemdestaque.com\/cd\/?p=42447#breadcrumb","itemListElement":[{"@type":"ListItem","position":1,"name":"In\u00edcio","item":"https:\/\/noticiasemdestaque.com\/cd\/"},{"@type":"ListItem","position":2,"name":"Prefeito de Ouro Velho tem aprova\u00e7\u00e3o de 96,1% da popula\u00e7\u00e3o, segundo pesquisa do Instituto Opini\u00e3o"}]},{"@type":"WebSite","@id":"https:\/\/noticiasemdestaque.com\/cd\/#website","url":"https:\/\/noticiasemdestaque.com\/cd\/","name":"Not&iacute;cias em Destaque","description":"","publisher":{"@id":"https:\/\/noticiasemdestaque.com\/cd\/#organization"},"potentialAction":[{"@type":"SearchAction","target":{"@type":"EntryPoint","urlTemplate":"https:\/\/noticiasemdestaque.com\/cd\/?s={search_term_string}"},"query-input":{"@type":"PropertyValueSpecification","valueRequired":true,"valueName":"search_term_string"}}],"inLanguage":"pt-BR"},{"@type":"Organization","@id":"https:\/\/noticiasemdestaque.com\/cd\/#organization","name":"Not\u00edcias em Destaque","url":"https:\/\/noticiasemdestaque.com\/cd\/","logo":{"@type":"ImageObject","inLanguage":"pt-BR","@id":"https:\/\/noticiasemdestaque.com\/cd\/#\/schema\/logo\/image\/","url":"https:\/\/noticiasemdestaque.com\/cd\/wp-content\/uploads\/2022\/05\/imagem-base-noticiasemdestaque.png","contentUrl":"https:\/\/noticiasemdestaque.com\/cd\/wp-content\/uploads\/2022\/05\/imagem-base-noticiasemdestaque.png","width":1200,"height":630,"caption":"Not\u00edcias em Destaque"},"image":{"@id":"https:\/\/noticiasemdestaque.com\/cd\/#\/schema\/logo\/image\/"}},{"@type":"Person","@id":"https:\/\/noticiasemdestaque.com\/cd\/#\/schema\/person\/4a81fb71f77579d059c3045891fa1786","name":"Not\u00edcias em Destaque","url":"https:\/\/noticiasemdestaque.com\/cd\/?author=2"}]}},"jetpack_featured_media_url":"https:\/\/noticiasemdestaque.com\/cd\/wp-content\/uploads\/2022\/09\/DR-AUGUSTO-VALADARES.jpg","jetpack_sharing_enabled":true,"_links":{"self":[{"href":"https:\/\/noticiasemdestaque.com\/cd\/index.php?rest_route=\/wp\/v2\/posts\/42447","targetHints":{"allow":["GET"]}}],"collection":[{"href":"https:\/\/noticiasemdestaque.com\/cd\/index.php?rest_route=\/wp\/v2\/posts"}],"about":[{"href":"https:\/\/noticiasemdestaque.com\/cd\/index.php?rest_route=\/wp\/v2\/types\/post"}],"author":[{"embeddable":true,"href":"https:\/\/noticiasemdestaque.com\/cd\/index.php?rest_route=\/wp\/v2\/users\/2"}],"replies":[{"embeddable":true,"href":"https:\/\/noticiasemdestaque.com\/cd\/index.php?rest_route=%2Fwp%2Fv2%2Fcomments&post=42447"}],"version-history":[{"count":1,"href":"https:\/\/noticiasemdestaque.com\/cd\/index.php?rest_route=\/wp\/v2\/posts\/42447\/revisions"}],"predecessor-version":[{"id":42449,"href":"https:\/\/noticiasemdestaque.com\/cd\/index.php?rest_route=\/wp\/v2\/posts\/42447\/revisions\/42449"}],"wp:featuredmedia":[{"embeddable":true,"href":"https:\/\/noticiasemdestaque.com\/cd\/index.php?rest_route=\/wp\/v2\/media\/42448"}],"wp:attachment":[{"href":"https:\/\/noticiasemdestaque.com\/cd\/index.php?rest_route=%2Fwp%2Fv2%2Fmedia&parent=42447"}],"wp:term":[{"taxonomy":"category","embeddable":true,"href":"https:\/\/noticiasemdestaque.com\/cd\/index.php?rest_route=%2Fwp%2Fv2%2Fcategories&post=42447"},{"taxonomy":"post_tag","embeddable":true,"href":"https:\/\/noticiasemdestaque.com\/cd\/index.php?rest_route=%2Fwp%2Fv2%2Ftags&post=42447"}],"curies":[{"name":"wp","href":"https:\/\/api.w.org\/{rel}","templated":true}]}}