{"id":42443,"date":"2022-09-06T17:23:15","date_gmt":"2022-09-06T20:23:15","guid":{"rendered":"https:\/\/noticiasemdestaque.com\/cd\/?p=42443"},"modified":"2022-09-06T17:23:15","modified_gmt":"2022-09-06T20:23:15","slug":"atletas-sumeenses-sao-ouro-e-prata-no-meeting-estadual-de-judo","status":"publish","type":"post","link":"https:\/\/noticiasemdestaque.com\/cd\/?p=42443","title":{"rendered":"Atletas sumeenses s\u00e3o ouro e prata no Meeting Estadual de Jud\u00f4"},"content":{"rendered":"<p><a href=\"https:\/\/noticiasemdestaque.com\/cd\/wp-content\/uploads\/2022\/09\/WhatsApp-Image-2022-09-05-at-11.46.04.jpeg\"><img fetchpriority=\"high\" decoding=\"async\" class=\" wp-image-42444 alignleft\" src=\"https:\/\/noticiasemdestaque.com\/cd\/wp-content\/uploads\/2022\/09\/WhatsApp-Image-2022-09-05-at-11.46.04-267x300.jpeg\" alt=\"\" width=\"216\" height=\"243\" srcset=\"https:\/\/noticiasemdestaque.com\/cd\/wp-content\/uploads\/2022\/09\/WhatsApp-Image-2022-09-05-at-11.46.04-267x300.jpeg 267w, https:\/\/noticiasemdestaque.com\/cd\/wp-content\/uploads\/2022\/09\/WhatsApp-Image-2022-09-05-at-11.46.04-912x1024.jpeg 912w, https:\/\/noticiasemdestaque.com\/cd\/wp-content\/uploads\/2022\/09\/WhatsApp-Image-2022-09-05-at-11.46.04-768x862.jpeg 768w, https:\/\/noticiasemdestaque.com\/cd\/wp-content\/uploads\/2022\/09\/WhatsApp-Image-2022-09-05-at-11.46.04-11x12.jpeg 11w, https:\/\/noticiasemdestaque.com\/cd\/wp-content\/uploads\/2022\/09\/WhatsApp-Image-2022-09-05-at-11.46.04.jpeg 960w\" sizes=\"(max-width: 216px) 100vw, 216px\" \/><\/a>No \u00faltimo s\u00e1bado, 03, aconteceu na capital Jo\u00e3o Pessoa, o Meeting Estadual de Jud\u00f4, campeonato que conta pontos para o ranking estadual, que por sua vez, define qual o atleta que ser\u00e1 titular na Sele\u00e7\u00e3o Paraibana de Jud\u00f4, por idade.<\/p>\n<p>Nesse campeonato os atletas da classe Sub13 e Sub15 disputaram a vaga para a Sele\u00e7\u00e3o Paraibana de Jud\u00f4 e assim poder representar o estado no Campeonato Brasileiro que acontecer\u00e1 nos dias 15 e 16 de outubro na cidade de Curitiba, Paran\u00e1.<\/p>\n<p>Mais uma vez o munic\u00edpio de Sum\u00e9 foi destaque em v\u00e1rias categorias\/idade, pontuando e sendo medalhista de ouro e prata.<\/p>\n<p><a href=\"https:\/\/www.sume.pb.gov.br\/wp-content\/uploads\/2022\/09\/WhatsApp-Image-2022-09-05-at-11.46.04-1.jpeg\" data-slb-active=\"1\" data-slb-asset=\"502420103\" data-slb-internal=\"0\" data-slb-group=\"20009\"><img decoding=\"async\" class=\" wp-image-20012 alignright\" src=\"https:\/\/www.sume.pb.gov.br\/wp-content\/uploads\/2022\/09\/WhatsApp-Image-2022-09-05-at-11.46.04-1-225x300.jpeg\" sizes=\"(max-width: 194px) 100vw, 194px\" srcset=\"https:\/\/www.sume.pb.gov.br\/wp-content\/uploads\/2022\/09\/WhatsApp-Image-2022-09-05-at-11.46.04-1-225x300.jpeg 225w, https:\/\/www.sume.pb.gov.br\/wp-content\/uploads\/2022\/09\/WhatsApp-Image-2022-09-05-at-11.46.04-1-768x1024.jpeg 768w, https:\/\/www.sume.pb.gov.br\/wp-content\/uploads\/2022\/09\/WhatsApp-Image-2022-09-05-at-11.46.04-1.jpeg 960w\" alt=\"\" width=\"194\" height=\"259\" \/><\/a><\/p>\n<ol>\n<li>Eros Ribeiro Feitosa Santa Cruz \u2013 1\u00ba lugar (Sub13 at\u00e9 38kg)<\/li>\n<li>Muller de Farias Sousa \u2013 1\u00ba lugar (Sub13 at\u00e9 34kg)<\/li>\n<li>Stella Rodrigues L\u00eala \u2013 1\u00ba lugar (Sub13 at\u00e9 34kg)<\/li>\n<li>Stephanni Rodrigues L\u00eala \u2013 2\u00ba lugar (Sub15 at\u00e9 63kg)<\/li>\n<li>Maria Helloa Braz da Silva \u2013 2\u00ba lugar (Sub15 at\u00e9 57kg)<\/li>\n<li>Italo Rian de Souza Ara\u00fajo \u2013 2\u00ba lugar (Sub13 at\u00e9 31kg)<\/li>\n<li>Akyllis de Lima Silva \u2013 2\u00ba lugar (Sub13 at\u00e9 34kg)<\/li>\n<\/ol>\n<p>A equipe de Sum\u00e9 tamb\u00e9m disputou o Sub11, Sub18, Sub21 e S\u00eanior, obtendo a seguinte coloca\u00e7\u00e3o:<\/p>\n<ol>\n<li>Viktor Kayky Santos Alves da Silva \u2013 1\u00ba lugar (Sub18 at\u00e9 66kg)<\/li>\n<li>Vanessa Ferreira do Carmo Silva \u2013 1\u00ba lugar (Sub21 at\u00e9 48kg)<\/li>\n<li>Vanessa Ferreira do Carmo Silva \u2013 1\u00ba lugar (S\u00eanior at\u00e9 48kg)<\/li>\n<li>Cristal Ribeiro Feitosa Santa Cruz \u2013 1\u00ba lugar (Sub11 at\u00e9 30kg)<\/li>\n<li>Liana Celeste Barros Cordeiro \u2013 2\u00ba lugar (S\u00eanior at\u00e9 57kg)<\/li>\n<li>Jo\u00e3o Vitor de Lima Lopes \u2013 2\u00ba lugar (Sub18 at\u00e9 60kg)<\/li>\n<li>Joaquim Ricardo Carlos \u2013 2\u00ba lugar (Sub18 at\u00e9 90kg)<\/li>\n<li>Luiz Ara\u00fajo de Lima Neto \u2013 2\u00ba lugar (Sub18 at\u00e9 55kg)<\/li>\n<li>Caroline da Silva Freitas \u2013 3\u00ba lugar (S\u00eanior at\u00e9 63kg)<\/li>\n<li>Agnis Pamela Sim\u00f5es do Nascimento \u2013 3\u00ba lugar (S\u00eanior at\u00e9 57kg)<\/li>\n<li>Cecilia Lima S\u00e1 \u2013 3\u00ba lugar (Sub11 at\u00e9 36kg)<\/li>\n<li>Jos\u00e9 Augusto de Ara\u00fajo Jorge \u2013 3\u00ba lugar (S\u00eanior at\u00e9 100kg)<\/li>\n<li>Hugo Renato Sousa Ventura \u2013 5\u00ba lugar (Sub18 at\u00e9 73kg)<\/li>\n<li>Jo\u00e3o Lucas Arag\u00e3o Rodrigues Albino \u2013 7\u00ba lugar (Sub11 at\u00e9 40kg)<\/li>\n<\/ol>\n<p><a href=\"https:\/\/www.sume.pb.gov.br\/wp-content\/uploads\/2022\/09\/WhatsApp-Image-2021-11-17-at-12.03.36-1.jpeg\" data-slb-active=\"1\" data-slb-asset=\"1254052247\" data-slb-internal=\"0\" data-slb-group=\"20009\"><img decoding=\"async\" class=\"wp-image-20013 alignleft\" src=\"https:\/\/www.sume.pb.gov.br\/wp-content\/uploads\/2022\/09\/WhatsApp-Image-2021-11-17-at-12.03.36-1-300x296.jpeg\" sizes=\"(max-width: 207px) 100vw, 207px\" srcset=\"https:\/\/www.sume.pb.gov.br\/wp-content\/uploads\/2022\/09\/WhatsApp-Image-2021-11-17-at-12.03.36-1-300x296.jpeg 300w, https:\/\/www.sume.pb.gov.br\/wp-content\/uploads\/2022\/09\/WhatsApp-Image-2021-11-17-at-12.03.36-1-75x75.jpeg 75w, https:\/\/www.sume.pb.gov.br\/wp-content\/uploads\/2022\/09\/WhatsApp-Image-2021-11-17-at-12.03.36-1.jpeg 427w\" alt=\"\" width=\"207\" height=\"204\" \/><\/a>Com esses resultados a equipe sumeense terminou em 3\u00ba lugar no quadro de medalhas geral. \u201cAgora \u00e9 aguardar que a Federa\u00e7\u00e3o Paraibana de Jud\u00f4 atualize o ranking estadual para sabermos qual dos nossos atletas far\u00e1 parte da Sele\u00e7\u00e3o Paraibana de Jud\u00f4 nesse campeonato nacional. Eu n\u00e3o me contenho de orgulho e felicidade pela conquista dessas crian\u00e7as e adolescentes. Parab\u00e9ns aos professores, pais e todos os respons\u00e1veis por essas conquistas\u201d, disse o prefeito \u00c9den.<\/p>\n<p>Os pr\u00f3ximos eventos agendados s\u00e3o:<\/p>\n<ul>\n<li>Dia 24\/09 \u2013 I Etapa do Campeonato Paraibano de Jud\u00f4<\/li>\n<li>Dias 15 e 16\/10 \u2013 Campeonato Brasileiro de Jud\u00f4 Sub-13 e Sub-15<\/li>\n<li>Dia 29\/10 \u2013 II Etapa do Campeonato Paraibano de Jud\u00f4<\/li>\n<li>Dia 26\/11 \u2013 III Etapa do Campeonato Paraibano de Jud\u00f4<\/li>\n<li>Novembro\/2022 \u2013 Campeonato Brasileiro de Jogos Escolares<\/li>\n<\/ul>\n<p><strong>Noticias em Destaque<\/strong><\/p>\n<p style=\"text-align: right;\"><em>Fonte: Ascom\/PMS<\/em><\/p>\n","protected":false},"excerpt":{"rendered":"<p>No \u00faltimo s\u00e1bado, 03, aconteceu na capital Jo\u00e3o Pessoa, o Meeting Estadual de Jud\u00f4, campeonato que conta pontos para o ranking estadual, que por sua vez, define qual o atleta que ser\u00e1 titular na Sele\u00e7\u00e3o Paraibana de Jud\u00f4, por idade. Nesse campeonato os atletas da classe Sub13 e Sub15 disputaram a vaga para a Sele\u00e7\u00e3o Paraibana de Jud\u00f4 e assim poder representar o estado no Campeonato Brasileiro que acontecer\u00e1 nos dias 15 e 16 de outubro na cidade de Curitiba, Paran\u00e1. Mais uma vez o munic\u00edpio de Sum\u00e9 foi destaque em v\u00e1rias categorias\/idade, pontuando e sendo medalhista de ouro e prata. Eros Ribeiro Feitosa Santa Cruz \u2013 1\u00ba lugar (Sub13 at\u00e9 38kg) Muller de Farias Sousa \u2013 1\u00ba lugar (Sub13 at\u00e9 34kg) Stella Rodrigues L\u00eala \u2013 1\u00ba lugar (Sub13 at\u00e9 34kg) Stephanni Rodrigues L\u00eala \u2013 2\u00ba lugar (Sub15 at\u00e9 63kg) Maria Helloa Braz da Silva \u2013 2\u00ba lugar (Sub15 at\u00e9 57kg) Italo Rian de Souza Ara\u00fajo \u2013 2\u00ba lugar (Sub13 at\u00e9 31kg) Akyllis de Lima Silva \u2013 2\u00ba lugar (Sub13 at\u00e9 34kg) A equipe de Sum\u00e9 tamb\u00e9m disputou o Sub11, Sub18, Sub21 e S\u00eanior, obtendo a seguinte coloca\u00e7\u00e3o: Viktor Kayky Santos Alves da Silva \u2013 1\u00ba lugar (Sub18 at\u00e9 66kg) Vanessa Ferreira do Carmo Silva \u2013 1\u00ba lugar (Sub21 at\u00e9 48kg) Vanessa Ferreira do Carmo Silva \u2013 1\u00ba lugar (S\u00eanior at\u00e9 48kg) Cristal Ribeiro Feitosa Santa Cruz \u2013 1\u00ba lugar (Sub11 at\u00e9 30kg) Liana Celeste Barros Cordeiro \u2013 2\u00ba lugar (S\u00eanior at\u00e9 57kg) Jo\u00e3o Vitor de Lima Lopes \u2013 2\u00ba lugar (Sub18 at\u00e9 60kg) Joaquim Ricardo Carlos \u2013 2\u00ba lugar (Sub18 at\u00e9 90kg) Luiz Ara\u00fajo de Lima Neto \u2013 2\u00ba lugar (Sub18 at\u00e9 55kg) Caroline da Silva Freitas \u2013 3\u00ba lugar (S\u00eanior at\u00e9 63kg) Agnis Pamela Sim\u00f5es do Nascimento \u2013 3\u00ba lugar (S\u00eanior at\u00e9 57kg) Cecilia Lima S\u00e1 \u2013 3\u00ba lugar (Sub11 at\u00e9 36kg) Jos\u00e9 Augusto de Ara\u00fajo Jorge \u2013 3\u00ba lugar (S\u00eanior at\u00e9 100kg) Hugo Renato Sousa Ventura \u2013 5\u00ba lugar (Sub18 at\u00e9 73kg) Jo\u00e3o Lucas Arag\u00e3o Rodrigues Albino \u2013 7\u00ba lugar (Sub11 at\u00e9 40kg) Com esses resultados a equipe sumeense terminou em 3\u00ba lugar no quadro de medalhas geral. \u201cAgora \u00e9 aguardar que a Federa\u00e7\u00e3o Paraibana de Jud\u00f4 atualize o ranking estadual para sabermos qual dos nossos atletas far\u00e1 parte da Sele\u00e7\u00e3o Paraibana de Jud\u00f4 nesse campeonato nacional. Eu n\u00e3o me contenho de orgulho e felicidade pela conquista dessas crian\u00e7as e adolescentes. Parab\u00e9ns aos professores, pais e todos os respons\u00e1veis por essas conquistas\u201d, disse o prefeito \u00c9den. Os pr\u00f3ximos eventos agendados s\u00e3o: Dia 24\/09 \u2013 I Etapa do Campeonato Paraibano de Jud\u00f4 Dias 15 e 16\/10 \u2013 Campeonato Brasileiro de Jud\u00f4 Sub-13 e Sub-15 Dia 29\/10 \u2013 II Etapa do Campeonato Paraibano de Jud\u00f4 Dia 26\/11 \u2013 III Etapa do Campeonato Paraibano de Jud\u00f4 Novembro\/2022 \u2013 Campeonato Brasileiro de Jogos Escolares Noticias em Destaque Fonte: Ascom\/PMS<\/p>\n","protected":false},"author":2,"featured_media":42445,"comment_status":"closed","ping_status":"open","sticky":false,"template":"","format":"standard","meta":{"_eb_attr":"","_jetpack_memberships_contains_paid_content":false,"footnotes":""},"categories":[3],"tags":[],"class_list":["post-42443","post","type-post","status-publish","format-standard","has-post-thumbnail","hentry","category-cidades"],"yoast_head":"<!-- This site is optimized with the Yoast SEO plugin v26.5 - https:\/\/yoast.com\/wordpress\/plugins\/seo\/ -->\n<title>Atletas sumeenses s\u00e3o ouro e prata no Meeting Estadual de Jud\u00f4 - Not&iacute;cias em Destaque<\/title>\n<meta name=\"robots\" content=\"index, follow, max-snippet:-1, max-image-preview:large, max-video-preview:-1\" \/>\n<link rel=\"canonical\" href=\"https:\/\/noticiasemdestaque.com\/cd\/?p=42443\" \/>\n<meta property=\"og:locale\" content=\"pt_BR\" \/>\n<meta property=\"og:type\" content=\"article\" \/>\n<meta property=\"og:title\" content=\"Atletas sumeenses s\u00e3o ouro e prata no Meeting Estadual de Jud\u00f4 - Not&iacute;cias em Destaque\" \/>\n<meta property=\"og:description\" content=\"No \u00faltimo s\u00e1bado, 03, aconteceu na capital Jo\u00e3o Pessoa, o Meeting Estadual de Jud\u00f4, campeonato que conta pontos para o ranking estadual, que por sua vez, define qual o atleta que ser\u00e1 titular na Sele\u00e7\u00e3o Paraibana de Jud\u00f4, por idade. Nesse campeonato os atletas da classe Sub13 e Sub15 disputaram a vaga para a Sele\u00e7\u00e3o Paraibana de Jud\u00f4 e assim poder representar o estado no Campeonato Brasileiro que acontecer\u00e1 nos dias 15 e 16 de outubro na cidade de Curitiba, Paran\u00e1. Mais uma vez o munic\u00edpio de Sum\u00e9 foi destaque em v\u00e1rias categorias\/idade, pontuando e sendo medalhista de ouro e prata. Eros Ribeiro Feitosa Santa Cruz \u2013 1\u00ba lugar (Sub13 at\u00e9 38kg) Muller de Farias Sousa \u2013 1\u00ba lugar (Sub13 at\u00e9 34kg) Stella Rodrigues L\u00eala \u2013 1\u00ba lugar (Sub13 at\u00e9 34kg) Stephanni Rodrigues L\u00eala \u2013 2\u00ba lugar (Sub15 at\u00e9 63kg) Maria Helloa Braz da Silva \u2013 2\u00ba lugar (Sub15 at\u00e9 57kg) Italo Rian de Souza Ara\u00fajo \u2013 2\u00ba lugar (Sub13 at\u00e9 31kg) Akyllis de Lima Silva \u2013 2\u00ba lugar (Sub13 at\u00e9 34kg) A equipe de Sum\u00e9 tamb\u00e9m disputou o Sub11, Sub18, Sub21 e S\u00eanior, obtendo a seguinte coloca\u00e7\u00e3o: Viktor Kayky Santos Alves da Silva \u2013 1\u00ba lugar (Sub18 at\u00e9 66kg) Vanessa Ferreira do Carmo Silva \u2013 1\u00ba lugar (Sub21 at\u00e9 48kg) Vanessa Ferreira do Carmo Silva \u2013 1\u00ba lugar (S\u00eanior at\u00e9 48kg) Cristal Ribeiro Feitosa Santa Cruz \u2013 1\u00ba lugar (Sub11 at\u00e9 30kg) Liana Celeste Barros Cordeiro \u2013 2\u00ba lugar (S\u00eanior at\u00e9 57kg) Jo\u00e3o Vitor de Lima Lopes \u2013 2\u00ba lugar (Sub18 at\u00e9 60kg) Joaquim Ricardo Carlos \u2013 2\u00ba lugar (Sub18 at\u00e9 90kg) Luiz Ara\u00fajo de Lima Neto \u2013 2\u00ba lugar (Sub18 at\u00e9 55kg) Caroline da Silva Freitas \u2013 3\u00ba lugar (S\u00eanior at\u00e9 63kg) Agnis Pamela Sim\u00f5es do Nascimento \u2013 3\u00ba lugar (S\u00eanior at\u00e9 57kg) Cecilia Lima S\u00e1 \u2013 3\u00ba lugar (Sub11 at\u00e9 36kg) Jos\u00e9 Augusto de Ara\u00fajo Jorge \u2013 3\u00ba lugar (S\u00eanior at\u00e9 100kg) Hugo Renato Sousa Ventura \u2013 5\u00ba lugar (Sub18 at\u00e9 73kg) Jo\u00e3o Lucas Arag\u00e3o Rodrigues Albino \u2013 7\u00ba lugar (Sub11 at\u00e9 40kg) Com esses resultados a equipe sumeense terminou em 3\u00ba lugar no quadro de medalhas geral. \u201cAgora \u00e9 aguardar que a Federa\u00e7\u00e3o Paraibana de Jud\u00f4 atualize o ranking estadual para sabermos qual dos nossos atletas far\u00e1 parte da Sele\u00e7\u00e3o Paraibana de Jud\u00f4 nesse campeonato nacional. Eu n\u00e3o me contenho de orgulho e felicidade pela conquista dessas crian\u00e7as e adolescentes. Parab\u00e9ns aos professores, pais e todos os respons\u00e1veis por essas conquistas\u201d, disse o prefeito \u00c9den. Os pr\u00f3ximos eventos agendados s\u00e3o: Dia 24\/09 \u2013 I Etapa do Campeonato Paraibano de Jud\u00f4 Dias 15 e 16\/10 \u2013 Campeonato Brasileiro de Jud\u00f4 Sub-13 e Sub-15 Dia 29\/10 \u2013 II Etapa do Campeonato Paraibano de Jud\u00f4 Dia 26\/11 \u2013 III Etapa do Campeonato Paraibano de Jud\u00f4 Novembro\/2022 \u2013 Campeonato Brasileiro de Jogos Escolares Noticias em Destaque Fonte: Ascom\/PMS\" \/>\n<meta property=\"og:url\" content=\"https:\/\/noticiasemdestaque.com\/cd\/?p=42443\" \/>\n<meta property=\"og:site_name\" content=\"Not&iacute;cias em Destaque\" \/>\n<meta property=\"article:published_time\" content=\"2022-09-06T20:23:15+00:00\" \/>\n<meta property=\"og:image\" content=\"https:\/\/noticiasemdestaque.com\/cd\/wp-content\/uploads\/2022\/09\/CAPA-JUDO-FEMININO-400x255-1.jpeg\" \/>\n\t<meta property=\"og:image:width\" content=\"400\" \/>\n\t<meta property=\"og:image:height\" content=\"255\" \/>\n\t<meta property=\"og:image:type\" content=\"image\/jpeg\" \/>\n<meta name=\"author\" content=\"Not\u00edcias em Destaque\" \/>\n<meta name=\"twitter:card\" content=\"summary_large_image\" \/>\n<meta name=\"twitter:label1\" content=\"Escrito por\" \/>\n\t<meta name=\"twitter:data1\" content=\"Not\u00edcias em Destaque\" \/>\n\t<meta name=\"twitter:label2\" content=\"Est. tempo de leitura\" \/>\n\t<meta name=\"twitter:data2\" content=\"4 minutos\" \/>\n<script type=\"application\/ld+json\" class=\"yoast-schema-graph\">{\"@context\":\"https:\/\/schema.org\",\"@graph\":[{\"@type\":\"Article\",\"@id\":\"https:\/\/noticiasemdestaque.com\/cd\/?p=42443#article\",\"isPartOf\":{\"@id\":\"https:\/\/noticiasemdestaque.com\/cd\/?p=42443\"},\"author\":{\"name\":\"Not\u00edcias em Destaque\",\"@id\":\"https:\/\/noticiasemdestaque.com\/cd\/#\/schema\/person\/4a81fb71f77579d059c3045891fa1786\"},\"headline\":\"Atletas sumeenses s\u00e3o ouro e prata no Meeting Estadual de Jud\u00f4\",\"datePublished\":\"2022-09-06T20:23:15+00:00\",\"mainEntityOfPage\":{\"@id\":\"https:\/\/noticiasemdestaque.com\/cd\/?p=42443\"},\"wordCount\":456,\"publisher\":{\"@id\":\"https:\/\/noticiasemdestaque.com\/cd\/#organization\"},\"image\":{\"@id\":\"https:\/\/noticiasemdestaque.com\/cd\/?p=42443#primaryimage\"},\"thumbnailUrl\":\"https:\/\/noticiasemdestaque.com\/cd\/wp-content\/uploads\/2022\/09\/CAPA-JUDO-FEMININO-400x255-1.jpeg\",\"articleSection\":[\"Cidades\"],\"inLanguage\":\"pt-BR\"},{\"@type\":\"WebPage\",\"@id\":\"https:\/\/noticiasemdestaque.com\/cd\/?p=42443\",\"url\":\"https:\/\/noticiasemdestaque.com\/cd\/?p=42443\",\"name\":\"Atletas sumeenses s\u00e3o ouro e prata no Meeting Estadual de Jud\u00f4 - Not&iacute;cias em Destaque\",\"isPartOf\":{\"@id\":\"https:\/\/noticiasemdestaque.com\/cd\/#website\"},\"primaryImageOfPage\":{\"@id\":\"https:\/\/noticiasemdestaque.com\/cd\/?p=42443#primaryimage\"},\"image\":{\"@id\":\"https:\/\/noticiasemdestaque.com\/cd\/?p=42443#primaryimage\"},\"thumbnailUrl\":\"https:\/\/noticiasemdestaque.com\/cd\/wp-content\/uploads\/2022\/09\/CAPA-JUDO-FEMININO-400x255-1.jpeg\",\"datePublished\":\"2022-09-06T20:23:15+00:00\",\"breadcrumb\":{\"@id\":\"https:\/\/noticiasemdestaque.com\/cd\/?p=42443#breadcrumb\"},\"inLanguage\":\"pt-BR\",\"potentialAction\":[{\"@type\":\"ReadAction\",\"target\":[\"https:\/\/noticiasemdestaque.com\/cd\/?p=42443\"]}]},{\"@type\":\"ImageObject\",\"inLanguage\":\"pt-BR\",\"@id\":\"https:\/\/noticiasemdestaque.com\/cd\/?p=42443#primaryimage\",\"url\":\"https:\/\/noticiasemdestaque.com\/cd\/wp-content\/uploads\/2022\/09\/CAPA-JUDO-FEMININO-400x255-1.jpeg\",\"contentUrl\":\"https:\/\/noticiasemdestaque.com\/cd\/wp-content\/uploads\/2022\/09\/CAPA-JUDO-FEMININO-400x255-1.jpeg\",\"width\":400,\"height\":255},{\"@type\":\"BreadcrumbList\",\"@id\":\"https:\/\/noticiasemdestaque.com\/cd\/?p=42443#breadcrumb\",\"itemListElement\":[{\"@type\":\"ListItem\",\"position\":1,\"name\":\"In\u00edcio\",\"item\":\"https:\/\/noticiasemdestaque.com\/cd\/\"},{\"@type\":\"ListItem\",\"position\":2,\"name\":\"Atletas sumeenses s\u00e3o ouro e prata no Meeting Estadual de Jud\u00f4\"}]},{\"@type\":\"WebSite\",\"@id\":\"https:\/\/noticiasemdestaque.com\/cd\/#website\",\"url\":\"https:\/\/noticiasemdestaque.com\/cd\/\",\"name\":\"Not&iacute;cias em Destaque\",\"description\":\"\",\"publisher\":{\"@id\":\"https:\/\/noticiasemdestaque.com\/cd\/#organization\"},\"potentialAction\":[{\"@type\":\"SearchAction\",\"target\":{\"@type\":\"EntryPoint\",\"urlTemplate\":\"https:\/\/noticiasemdestaque.com\/cd\/?s={search_term_string}\"},\"query-input\":{\"@type\":\"PropertyValueSpecification\",\"valueRequired\":true,\"valueName\":\"search_term_string\"}}],\"inLanguage\":\"pt-BR\"},{\"@type\":\"Organization\",\"@id\":\"https:\/\/noticiasemdestaque.com\/cd\/#organization\",\"name\":\"Not\u00edcias em Destaque\",\"url\":\"https:\/\/noticiasemdestaque.com\/cd\/\",\"logo\":{\"@type\":\"ImageObject\",\"inLanguage\":\"pt-BR\",\"@id\":\"https:\/\/noticiasemdestaque.com\/cd\/#\/schema\/logo\/image\/\",\"url\":\"https:\/\/noticiasemdestaque.com\/cd\/wp-content\/uploads\/2022\/05\/imagem-base-noticiasemdestaque.png\",\"contentUrl\":\"https:\/\/noticiasemdestaque.com\/cd\/wp-content\/uploads\/2022\/05\/imagem-base-noticiasemdestaque.png\",\"width\":1200,\"height\":630,\"caption\":\"Not\u00edcias em Destaque\"},\"image\":{\"@id\":\"https:\/\/noticiasemdestaque.com\/cd\/#\/schema\/logo\/image\/\"}},{\"@type\":\"Person\",\"@id\":\"https:\/\/noticiasemdestaque.com\/cd\/#\/schema\/person\/4a81fb71f77579d059c3045891fa1786\",\"name\":\"Not\u00edcias em Destaque\",\"url\":\"https:\/\/noticiasemdestaque.com\/cd\/?author=2\"}]}<\/script>\n<!-- \/ Yoast SEO plugin. -->","yoast_head_json":{"title":"Atletas sumeenses s\u00e3o ouro e prata no Meeting Estadual de Jud\u00f4 - Not&iacute;cias em Destaque","robots":{"index":"index","follow":"follow","max-snippet":"max-snippet:-1","max-image-preview":"max-image-preview:large","max-video-preview":"max-video-preview:-1"},"canonical":"https:\/\/noticiasemdestaque.com\/cd\/?p=42443","og_locale":"pt_BR","og_type":"article","og_title":"Atletas sumeenses s\u00e3o ouro e prata no Meeting Estadual de Jud\u00f4 - Not&iacute;cias em Destaque","og_description":"No \u00faltimo s\u00e1bado, 03, aconteceu na capital Jo\u00e3o Pessoa, o Meeting Estadual de Jud\u00f4, campeonato que conta pontos para o ranking estadual, que por sua vez, define qual o atleta que ser\u00e1 titular na Sele\u00e7\u00e3o Paraibana de Jud\u00f4, por idade. Nesse campeonato os atletas da classe Sub13 e Sub15 disputaram a vaga para a Sele\u00e7\u00e3o Paraibana de Jud\u00f4 e assim poder representar o estado no Campeonato Brasileiro que acontecer\u00e1 nos dias 15 e 16 de outubro na cidade de Curitiba, Paran\u00e1. Mais uma vez o munic\u00edpio de Sum\u00e9 foi destaque em v\u00e1rias categorias\/idade, pontuando e sendo medalhista de ouro e prata. Eros Ribeiro Feitosa Santa Cruz \u2013 1\u00ba lugar (Sub13 at\u00e9 38kg) Muller de Farias Sousa \u2013 1\u00ba lugar (Sub13 at\u00e9 34kg) Stella Rodrigues L\u00eala \u2013 1\u00ba lugar (Sub13 at\u00e9 34kg) Stephanni Rodrigues L\u00eala \u2013 2\u00ba lugar (Sub15 at\u00e9 63kg) Maria Helloa Braz da Silva \u2013 2\u00ba lugar (Sub15 at\u00e9 57kg) Italo Rian de Souza Ara\u00fajo \u2013 2\u00ba lugar (Sub13 at\u00e9 31kg) Akyllis de Lima Silva \u2013 2\u00ba lugar (Sub13 at\u00e9 34kg) A equipe de Sum\u00e9 tamb\u00e9m disputou o Sub11, Sub18, Sub21 e S\u00eanior, obtendo a seguinte coloca\u00e7\u00e3o: Viktor Kayky Santos Alves da Silva \u2013 1\u00ba lugar (Sub18 at\u00e9 66kg) Vanessa Ferreira do Carmo Silva \u2013 1\u00ba lugar (Sub21 at\u00e9 48kg) Vanessa Ferreira do Carmo Silva \u2013 1\u00ba lugar (S\u00eanior at\u00e9 48kg) Cristal Ribeiro Feitosa Santa Cruz \u2013 1\u00ba lugar (Sub11 at\u00e9 30kg) Liana Celeste Barros Cordeiro \u2013 2\u00ba lugar (S\u00eanior at\u00e9 57kg) Jo\u00e3o Vitor de Lima Lopes \u2013 2\u00ba lugar (Sub18 at\u00e9 60kg) Joaquim Ricardo Carlos \u2013 2\u00ba lugar (Sub18 at\u00e9 90kg) Luiz Ara\u00fajo de Lima Neto \u2013 2\u00ba lugar (Sub18 at\u00e9 55kg) Caroline da Silva Freitas \u2013 3\u00ba lugar (S\u00eanior at\u00e9 63kg) Agnis Pamela Sim\u00f5es do Nascimento \u2013 3\u00ba lugar (S\u00eanior at\u00e9 57kg) Cecilia Lima S\u00e1 \u2013 3\u00ba lugar (Sub11 at\u00e9 36kg) Jos\u00e9 Augusto de Ara\u00fajo Jorge \u2013 3\u00ba lugar (S\u00eanior at\u00e9 100kg) Hugo Renato Sousa Ventura \u2013 5\u00ba lugar (Sub18 at\u00e9 73kg) Jo\u00e3o Lucas Arag\u00e3o Rodrigues Albino \u2013 7\u00ba lugar (Sub11 at\u00e9 40kg) Com esses resultados a equipe sumeense terminou em 3\u00ba lugar no quadro de medalhas geral. \u201cAgora \u00e9 aguardar que a Federa\u00e7\u00e3o Paraibana de Jud\u00f4 atualize o ranking estadual para sabermos qual dos nossos atletas far\u00e1 parte da Sele\u00e7\u00e3o Paraibana de Jud\u00f4 nesse campeonato nacional. Eu n\u00e3o me contenho de orgulho e felicidade pela conquista dessas crian\u00e7as e adolescentes. Parab\u00e9ns aos professores, pais e todos os respons\u00e1veis por essas conquistas\u201d, disse o prefeito \u00c9den. Os pr\u00f3ximos eventos agendados s\u00e3o: Dia 24\/09 \u2013 I Etapa do Campeonato Paraibano de Jud\u00f4 Dias 15 e 16\/10 \u2013 Campeonato Brasileiro de Jud\u00f4 Sub-13 e Sub-15 Dia 29\/10 \u2013 II Etapa do Campeonato Paraibano de Jud\u00f4 Dia 26\/11 \u2013 III Etapa do Campeonato Paraibano de Jud\u00f4 Novembro\/2022 \u2013 Campeonato Brasileiro de Jogos Escolares Noticias em Destaque Fonte: Ascom\/PMS","og_url":"https:\/\/noticiasemdestaque.com\/cd\/?p=42443","og_site_name":"Not&iacute;cias em Destaque","article_published_time":"2022-09-06T20:23:15+00:00","og_image":[{"width":400,"height":255,"url":"https:\/\/noticiasemdestaque.com\/cd\/wp-content\/uploads\/2022\/09\/CAPA-JUDO-FEMININO-400x255-1.jpeg","type":"image\/jpeg"}],"author":"Not\u00edcias em Destaque","twitter_card":"summary_large_image","twitter_misc":{"Escrito por":"Not\u00edcias em Destaque","Est. tempo de leitura":"4 minutos"},"schema":{"@context":"https:\/\/schema.org","@graph":[{"@type":"Article","@id":"https:\/\/noticiasemdestaque.com\/cd\/?p=42443#article","isPartOf":{"@id":"https:\/\/noticiasemdestaque.com\/cd\/?p=42443"},"author":{"name":"Not\u00edcias em Destaque","@id":"https:\/\/noticiasemdestaque.com\/cd\/#\/schema\/person\/4a81fb71f77579d059c3045891fa1786"},"headline":"Atletas sumeenses s\u00e3o ouro e prata no Meeting Estadual de Jud\u00f4","datePublished":"2022-09-06T20:23:15+00:00","mainEntityOfPage":{"@id":"https:\/\/noticiasemdestaque.com\/cd\/?p=42443"},"wordCount":456,"publisher":{"@id":"https:\/\/noticiasemdestaque.com\/cd\/#organization"},"image":{"@id":"https:\/\/noticiasemdestaque.com\/cd\/?p=42443#primaryimage"},"thumbnailUrl":"https:\/\/noticiasemdestaque.com\/cd\/wp-content\/uploads\/2022\/09\/CAPA-JUDO-FEMININO-400x255-1.jpeg","articleSection":["Cidades"],"inLanguage":"pt-BR"},{"@type":"WebPage","@id":"https:\/\/noticiasemdestaque.com\/cd\/?p=42443","url":"https:\/\/noticiasemdestaque.com\/cd\/?p=42443","name":"Atletas sumeenses s\u00e3o ouro e prata no Meeting Estadual de Jud\u00f4 - Not&iacute;cias em Destaque","isPartOf":{"@id":"https:\/\/noticiasemdestaque.com\/cd\/#website"},"primaryImageOfPage":{"@id":"https:\/\/noticiasemdestaque.com\/cd\/?p=42443#primaryimage"},"image":{"@id":"https:\/\/noticiasemdestaque.com\/cd\/?p=42443#primaryimage"},"thumbnailUrl":"https:\/\/noticiasemdestaque.com\/cd\/wp-content\/uploads\/2022\/09\/CAPA-JUDO-FEMININO-400x255-1.jpeg","datePublished":"2022-09-06T20:23:15+00:00","breadcrumb":{"@id":"https:\/\/noticiasemdestaque.com\/cd\/?p=42443#breadcrumb"},"inLanguage":"pt-BR","potentialAction":[{"@type":"ReadAction","target":["https:\/\/noticiasemdestaque.com\/cd\/?p=42443"]}]},{"@type":"ImageObject","inLanguage":"pt-BR","@id":"https:\/\/noticiasemdestaque.com\/cd\/?p=42443#primaryimage","url":"https:\/\/noticiasemdestaque.com\/cd\/wp-content\/uploads\/2022\/09\/CAPA-JUDO-FEMININO-400x255-1.jpeg","contentUrl":"https:\/\/noticiasemdestaque.com\/cd\/wp-content\/uploads\/2022\/09\/CAPA-JUDO-FEMININO-400x255-1.jpeg","width":400,"height":255},{"@type":"BreadcrumbList","@id":"https:\/\/noticiasemdestaque.com\/cd\/?p=42443#breadcrumb","itemListElement":[{"@type":"ListItem","position":1,"name":"In\u00edcio","item":"https:\/\/noticiasemdestaque.com\/cd\/"},{"@type":"ListItem","position":2,"name":"Atletas sumeenses s\u00e3o ouro e prata no Meeting Estadual de Jud\u00f4"}]},{"@type":"WebSite","@id":"https:\/\/noticiasemdestaque.com\/cd\/#website","url":"https:\/\/noticiasemdestaque.com\/cd\/","name":"Not&iacute;cias em Destaque","description":"","publisher":{"@id":"https:\/\/noticiasemdestaque.com\/cd\/#organization"},"potentialAction":[{"@type":"SearchAction","target":{"@type":"EntryPoint","urlTemplate":"https:\/\/noticiasemdestaque.com\/cd\/?s={search_term_string}"},"query-input":{"@type":"PropertyValueSpecification","valueRequired":true,"valueName":"search_term_string"}}],"inLanguage":"pt-BR"},{"@type":"Organization","@id":"https:\/\/noticiasemdestaque.com\/cd\/#organization","name":"Not\u00edcias em Destaque","url":"https:\/\/noticiasemdestaque.com\/cd\/","logo":{"@type":"ImageObject","inLanguage":"pt-BR","@id":"https:\/\/noticiasemdestaque.com\/cd\/#\/schema\/logo\/image\/","url":"https:\/\/noticiasemdestaque.com\/cd\/wp-content\/uploads\/2022\/05\/imagem-base-noticiasemdestaque.png","contentUrl":"https:\/\/noticiasemdestaque.com\/cd\/wp-content\/uploads\/2022\/05\/imagem-base-noticiasemdestaque.png","width":1200,"height":630,"caption":"Not\u00edcias em Destaque"},"image":{"@id":"https:\/\/noticiasemdestaque.com\/cd\/#\/schema\/logo\/image\/"}},{"@type":"Person","@id":"https:\/\/noticiasemdestaque.com\/cd\/#\/schema\/person\/4a81fb71f77579d059c3045891fa1786","name":"Not\u00edcias em Destaque","url":"https:\/\/noticiasemdestaque.com\/cd\/?author=2"}]}},"jetpack_featured_media_url":"https:\/\/noticiasemdestaque.com\/cd\/wp-content\/uploads\/2022\/09\/CAPA-JUDO-FEMININO-400x255-1.jpeg","jetpack_sharing_enabled":true,"_links":{"self":[{"href":"https:\/\/noticiasemdestaque.com\/cd\/index.php?rest_route=\/wp\/v2\/posts\/42443","targetHints":{"allow":["GET"]}}],"collection":[{"href":"https:\/\/noticiasemdestaque.com\/cd\/index.php?rest_route=\/wp\/v2\/posts"}],"about":[{"href":"https:\/\/noticiasemdestaque.com\/cd\/index.php?rest_route=\/wp\/v2\/types\/post"}],"author":[{"embeddable":true,"href":"https:\/\/noticiasemdestaque.com\/cd\/index.php?rest_route=\/wp\/v2\/users\/2"}],"replies":[{"embeddable":true,"href":"https:\/\/noticiasemdestaque.com\/cd\/index.php?rest_route=%2Fwp%2Fv2%2Fcomments&post=42443"}],"version-history":[{"count":1,"href":"https:\/\/noticiasemdestaque.com\/cd\/index.php?rest_route=\/wp\/v2\/posts\/42443\/revisions"}],"predecessor-version":[{"id":42446,"href":"https:\/\/noticiasemdestaque.com\/cd\/index.php?rest_route=\/wp\/v2\/posts\/42443\/revisions\/42446"}],"wp:featuredmedia":[{"embeddable":true,"href":"https:\/\/noticiasemdestaque.com\/cd\/index.php?rest_route=\/wp\/v2\/media\/42445"}],"wp:attachment":[{"href":"https:\/\/noticiasemdestaque.com\/cd\/index.php?rest_route=%2Fwp%2Fv2%2Fmedia&parent=42443"}],"wp:term":[{"taxonomy":"category","embeddable":true,"href":"https:\/\/noticiasemdestaque.com\/cd\/index.php?rest_route=%2Fwp%2Fv2%2Fcategories&post=42443"},{"taxonomy":"post_tag","embeddable":true,"href":"https:\/\/noticiasemdestaque.com\/cd\/index.php?rest_route=%2Fwp%2Fv2%2Ftags&post=42443"}],"curies":[{"name":"wp","href":"https:\/\/api.w.org\/{rel}","templated":true}]}}