{"id":42440,"date":"2022-09-06T17:14:21","date_gmt":"2022-09-06T20:14:21","guid":{"rendered":"https:\/\/noticiasemdestaque.com\/cd\/?p=42440"},"modified":"2022-09-06T17:14:21","modified_gmt":"2022-09-06T20:14:21","slug":"com-tres-mortos-passagem-do-furacao-kay-na-costa-do-mexico-deve-continuar-forte","status":"publish","type":"post","link":"https:\/\/noticiasemdestaque.com\/cd\/?p=42440","title":{"rendered":"Com tr\u00eas mortos, passagem do furac\u00e3o Kay na costa do M\u00e9xico deve continuar forte"},"content":{"rendered":"<p><a href=\"https:\/\/noticiasemdestaque.com\/cd\/wp-content\/uploads\/2022\/09\/Com-tres-mortos-passagem-do-furacao-Kay-na-costa-do-Mexico-deve-continuar-forte.webp\"><img fetchpriority=\"high\" decoding=\"async\" class=\"alignnone  wp-image-42441\" src=\"https:\/\/noticiasemdestaque.com\/cd\/wp-content\/uploads\/2022\/09\/Com-tres-mortos-passagem-do-furacao-Kay-na-costa-do-Mexico-deve-continuar-forte-300x166.webp\" alt=\"\" width=\"851\" height=\"471\" srcset=\"https:\/\/noticiasemdestaque.com\/cd\/wp-content\/uploads\/2022\/09\/Com-tres-mortos-passagem-do-furacao-Kay-na-costa-do-Mexico-deve-continuar-forte-300x166.webp 300w, https:\/\/noticiasemdestaque.com\/cd\/wp-content\/uploads\/2022\/09\/Com-tres-mortos-passagem-do-furacao-Kay-na-costa-do-Mexico-deve-continuar-forte-768x424.webp 768w, https:\/\/noticiasemdestaque.com\/cd\/wp-content\/uploads\/2022\/09\/Com-tres-mortos-passagem-do-furacao-Kay-na-costa-do-Mexico-deve-continuar-forte-18x10.webp 18w, https:\/\/noticiasemdestaque.com\/cd\/wp-content\/uploads\/2022\/09\/Com-tres-mortos-passagem-do-furacao-Kay-na-costa-do-Mexico-deve-continuar-forte.webp 876w\" sizes=\"(max-width: 851px) 100vw, 851px\" \/><\/a><\/p>\n<p>Pelo menos tr\u00eas pessoas morreram na tempestade tropical Kay, de acordo com o diretor de Prote\u00e7\u00e3o Civil do estado de Guerrero, Roberto Arroyo, falando \u00e0 Reuters no domingo (4).<\/p>\n<p>A\u00a0<a href=\"https:\/\/www.cnnbrasil.com.br\/tudo-sobre\/tempestades\">tempestade<\/a>\u00a0se fortaleceu para um furac\u00e3o de categoria 1 na noite de segunda-feira (5) com ventos m\u00e1ximos sustentados de 130 quil\u00f4metros por hora, de acordo com a Comiss\u00e3o Nacional de \u00c1guas do M\u00e9xico.<\/p>\n<p>Arroyo disse que os n\u00edveis de chuva chegaram a 140 mil\u00edmetros.<\/p>\n<p>Chuvas torrenciais atingiram Nayarit, Jaliso, Colima, Michoac\u00e1n, Puebla e Oaxaca, segundo o Servi\u00e7o Nacional de Meteorologia do\u00a0<a href=\"https:\/\/www.cnnbrasil.com.br\/tudo-sobre\/mexico\">M\u00e9xico<\/a>.<\/p>\n<p>Prev\u00ea-se que o furac\u00e3o Kay se mova para noroeste nos pr\u00f3ximos cinco dias, permanecendo a oeste do M\u00e9xico, incluindo a pen\u00ednsula da Baixa Calif\u00f3rnia. Espera-se que se fortale\u00e7a nas pr\u00f3ximas 36 horas e possa \u201cse tornar um grande furac\u00e3o durante esse per\u00edodo\u201d, de acordo com informa\u00e7\u00f5es do Centro Nacional de Furac\u00f5es dos EUA na manh\u00e3 desta ter\u00e7a-feira.<\/p>\n<p>Espera-se que Kay se torne um\u00a0<a href=\"https:\/\/www.cnnbrasil.com.br\/tudo-sobre\/furacao\">furac\u00e3o<\/a>\u00a0de categoria 2 nas pr\u00f3ximas 12 horas e possivelmente atinja uma categoria 3 na quarta-feira (7), antes de come\u00e7ar a enfraquecer na quinta-feira.<\/p>\n<p>Kay deve produzir de 100 a 200 mil\u00edmetros de chuva, com totais isolados de tempestades de at\u00e9 300 mil\u00edmetros, em partes do oeste do M\u00e9xico, incluindo a pen\u00ednsula da Baixa Calif\u00f3rnia, at\u00e9 a noite de quinta-feira. Essas quantidades de chuva podem levar a inunda\u00e7\u00f5es repentinas, incluindo deslizamentos de terra.<\/p>\n<p>Atualmente, o furac\u00e3o est\u00e1 projetado para correr paralelo \u00e0 costa oeste do M\u00e9xico, com faixas externas atingindo a costa, mas as previs\u00f5es oficiais indicam que Kay permanecer\u00e1 no mar e n\u00e3o atingir\u00e1 a costa neste momento, de acordo com a meteorologista da\u00a0<strong>CNN<\/strong>\u00a0Monica Garrett.<\/p>\n<p><strong>Noticias em Destaque<\/strong><\/p>\n<p style=\"text-align: right;\"><em>Fonte: CNN Brasil<\/em><\/p>\n","protected":false},"excerpt":{"rendered":"<p>Pelo menos tr\u00eas pessoas morreram na tempestade tropical Kay, de acordo com o diretor de Prote\u00e7\u00e3o Civil do estado de Guerrero, Roberto Arroyo, falando \u00e0 Reuters no domingo (4). A\u00a0tempestade\u00a0se fortaleceu para um furac\u00e3o de categoria 1 na noite de segunda-feira (5) com ventos m\u00e1ximos sustentados de 130 quil\u00f4metros por hora, de acordo com a Comiss\u00e3o Nacional de \u00c1guas do M\u00e9xico. Arroyo disse que os n\u00edveis de chuva chegaram a 140 mil\u00edmetros. Chuvas torrenciais atingiram Nayarit, Jaliso, Colima, Michoac\u00e1n, Puebla e Oaxaca, segundo o Servi\u00e7o Nacional de Meteorologia do\u00a0M\u00e9xico. Prev\u00ea-se que o furac\u00e3o Kay se mova para noroeste nos pr\u00f3ximos cinco dias, permanecendo a oeste do M\u00e9xico, incluindo a pen\u00ednsula da Baixa Calif\u00f3rnia. Espera-se que se fortale\u00e7a nas pr\u00f3ximas 36 horas e possa \u201cse tornar um grande furac\u00e3o durante esse per\u00edodo\u201d, de acordo com informa\u00e7\u00f5es do Centro Nacional de Furac\u00f5es dos EUA na manh\u00e3 desta ter\u00e7a-feira. Espera-se que Kay se torne um\u00a0furac\u00e3o\u00a0de categoria 2 nas pr\u00f3ximas 12 horas e possivelmente atinja uma categoria 3 na quarta-feira (7), antes de come\u00e7ar a enfraquecer na quinta-feira. Kay deve produzir de 100 a 200 mil\u00edmetros de chuva, com totais isolados de tempestades de at\u00e9 300 mil\u00edmetros, em partes do oeste do M\u00e9xico, incluindo a pen\u00ednsula da Baixa Calif\u00f3rnia, at\u00e9 a noite de quinta-feira. Essas quantidades de chuva podem levar a inunda\u00e7\u00f5es repentinas, incluindo deslizamentos de terra. Atualmente, o furac\u00e3o est\u00e1 projetado para correr paralelo \u00e0 costa oeste do M\u00e9xico, com faixas externas atingindo a costa, mas as previs\u00f5es oficiais indicam que Kay permanecer\u00e1 no mar e n\u00e3o atingir\u00e1 a costa neste momento, de acordo com a meteorologista da\u00a0CNN\u00a0Monica Garrett. Noticias em Destaque Fonte: CNN Brasil<\/p>\n","protected":false},"author":2,"featured_media":42441,"comment_status":"closed","ping_status":"open","sticky":false,"template":"","format":"standard","meta":{"_eb_attr":"","_jetpack_memberships_contains_paid_content":false,"footnotes":""},"categories":[12],"tags":[],"class_list":["post-42440","post","type-post","status-publish","format-standard","has-post-thumbnail","hentry","category-geral"],"yoast_head":"<!-- This site is optimized with the Yoast SEO plugin v26.5 - https:\/\/yoast.com\/wordpress\/plugins\/seo\/ -->\n<title>Com tr\u00eas mortos, passagem do furac\u00e3o Kay na costa do M\u00e9xico deve continuar forte - Not&iacute;cias em Destaque<\/title>\n<meta name=\"robots\" content=\"index, follow, max-snippet:-1, max-image-preview:large, max-video-preview:-1\" \/>\n<link rel=\"canonical\" href=\"https:\/\/noticiasemdestaque.com\/cd\/?p=42440\" \/>\n<meta property=\"og:locale\" content=\"pt_BR\" \/>\n<meta property=\"og:type\" content=\"article\" \/>\n<meta property=\"og:title\" content=\"Com tr\u00eas mortos, passagem do furac\u00e3o Kay na costa do M\u00e9xico deve continuar forte - Not&iacute;cias em Destaque\" \/>\n<meta property=\"og:description\" content=\"Pelo menos tr\u00eas pessoas morreram na tempestade tropical Kay, de acordo com o diretor de Prote\u00e7\u00e3o Civil do estado de Guerrero, Roberto Arroyo, falando \u00e0 Reuters no domingo (4). A\u00a0tempestade\u00a0se fortaleceu para um furac\u00e3o de categoria 1 na noite de segunda-feira (5) com ventos m\u00e1ximos sustentados de 130 quil\u00f4metros por hora, de acordo com a Comiss\u00e3o Nacional de \u00c1guas do M\u00e9xico. Arroyo disse que os n\u00edveis de chuva chegaram a 140 mil\u00edmetros. Chuvas torrenciais atingiram Nayarit, Jaliso, Colima, Michoac\u00e1n, Puebla e Oaxaca, segundo o Servi\u00e7o Nacional de Meteorologia do\u00a0M\u00e9xico. Prev\u00ea-se que o furac\u00e3o Kay se mova para noroeste nos pr\u00f3ximos cinco dias, permanecendo a oeste do M\u00e9xico, incluindo a pen\u00ednsula da Baixa Calif\u00f3rnia. Espera-se que se fortale\u00e7a nas pr\u00f3ximas 36 horas e possa \u201cse tornar um grande furac\u00e3o durante esse per\u00edodo\u201d, de acordo com informa\u00e7\u00f5es do Centro Nacional de Furac\u00f5es dos EUA na manh\u00e3 desta ter\u00e7a-feira. Espera-se que Kay se torne um\u00a0furac\u00e3o\u00a0de categoria 2 nas pr\u00f3ximas 12 horas e possivelmente atinja uma categoria 3 na quarta-feira (7), antes de come\u00e7ar a enfraquecer na quinta-feira. Kay deve produzir de 100 a 200 mil\u00edmetros de chuva, com totais isolados de tempestades de at\u00e9 300 mil\u00edmetros, em partes do oeste do M\u00e9xico, incluindo a pen\u00ednsula da Baixa Calif\u00f3rnia, at\u00e9 a noite de quinta-feira. Essas quantidades de chuva podem levar a inunda\u00e7\u00f5es repentinas, incluindo deslizamentos de terra. Atualmente, o furac\u00e3o est\u00e1 projetado para correr paralelo \u00e0 costa oeste do M\u00e9xico, com faixas externas atingindo a costa, mas as previs\u00f5es oficiais indicam que Kay permanecer\u00e1 no mar e n\u00e3o atingir\u00e1 a costa neste momento, de acordo com a meteorologista da\u00a0CNN\u00a0Monica Garrett. Noticias em Destaque Fonte: CNN Brasil\" \/>\n<meta property=\"og:url\" content=\"https:\/\/noticiasemdestaque.com\/cd\/?p=42440\" \/>\n<meta property=\"og:site_name\" content=\"Not&iacute;cias em Destaque\" \/>\n<meta property=\"article:published_time\" content=\"2022-09-06T20:14:21+00:00\" \/>\n<meta property=\"og:image\" content=\"https:\/\/noticiasemdestaque.com\/cd\/wp-content\/uploads\/2022\/09\/Com-tres-mortos-passagem-do-furacao-Kay-na-costa-do-Mexico-deve-continuar-forte.webp\" \/>\n\t<meta property=\"og:image:width\" content=\"876\" \/>\n\t<meta property=\"og:image:height\" content=\"484\" \/>\n\t<meta property=\"og:image:type\" content=\"image\/webp\" \/>\n<meta name=\"author\" content=\"Not\u00edcias em Destaque\" \/>\n<meta name=\"twitter:card\" content=\"summary_large_image\" \/>\n<meta name=\"twitter:label1\" content=\"Escrito por\" \/>\n\t<meta name=\"twitter:data1\" content=\"Not\u00edcias em Destaque\" \/>\n\t<meta name=\"twitter:label2\" content=\"Est. tempo de leitura\" \/>\n\t<meta name=\"twitter:data2\" content=\"2 minutos\" \/>\n<script type=\"application\/ld+json\" class=\"yoast-schema-graph\">{\"@context\":\"https:\/\/schema.org\",\"@graph\":[{\"@type\":\"Article\",\"@id\":\"https:\/\/noticiasemdestaque.com\/cd\/?p=42440#article\",\"isPartOf\":{\"@id\":\"https:\/\/noticiasemdestaque.com\/cd\/?p=42440\"},\"author\":{\"name\":\"Not\u00edcias em Destaque\",\"@id\":\"https:\/\/noticiasemdestaque.com\/cd\/#\/schema\/person\/4a81fb71f77579d059c3045891fa1786\"},\"headline\":\"Com tr\u00eas mortos, passagem do furac\u00e3o Kay na costa do M\u00e9xico deve continuar forte\",\"datePublished\":\"2022-09-06T20:14:21+00:00\",\"mainEntityOfPage\":{\"@id\":\"https:\/\/noticiasemdestaque.com\/cd\/?p=42440\"},\"wordCount\":319,\"publisher\":{\"@id\":\"https:\/\/noticiasemdestaque.com\/cd\/#organization\"},\"image\":{\"@id\":\"https:\/\/noticiasemdestaque.com\/cd\/?p=42440#primaryimage\"},\"thumbnailUrl\":\"https:\/\/noticiasemdestaque.com\/cd\/wp-content\/uploads\/2022\/09\/Com-tres-mortos-passagem-do-furacao-Kay-na-costa-do-Mexico-deve-continuar-forte.webp\",\"articleSection\":[\"Geral\"],\"inLanguage\":\"pt-BR\"},{\"@type\":\"WebPage\",\"@id\":\"https:\/\/noticiasemdestaque.com\/cd\/?p=42440\",\"url\":\"https:\/\/noticiasemdestaque.com\/cd\/?p=42440\",\"name\":\"Com tr\u00eas mortos, passagem do furac\u00e3o Kay na costa do M\u00e9xico deve continuar forte - Not&iacute;cias em Destaque\",\"isPartOf\":{\"@id\":\"https:\/\/noticiasemdestaque.com\/cd\/#website\"},\"primaryImageOfPage\":{\"@id\":\"https:\/\/noticiasemdestaque.com\/cd\/?p=42440#primaryimage\"},\"image\":{\"@id\":\"https:\/\/noticiasemdestaque.com\/cd\/?p=42440#primaryimage\"},\"thumbnailUrl\":\"https:\/\/noticiasemdestaque.com\/cd\/wp-content\/uploads\/2022\/09\/Com-tres-mortos-passagem-do-furacao-Kay-na-costa-do-Mexico-deve-continuar-forte.webp\",\"datePublished\":\"2022-09-06T20:14:21+00:00\",\"breadcrumb\":{\"@id\":\"https:\/\/noticiasemdestaque.com\/cd\/?p=42440#breadcrumb\"},\"inLanguage\":\"pt-BR\",\"potentialAction\":[{\"@type\":\"ReadAction\",\"target\":[\"https:\/\/noticiasemdestaque.com\/cd\/?p=42440\"]}]},{\"@type\":\"ImageObject\",\"inLanguage\":\"pt-BR\",\"@id\":\"https:\/\/noticiasemdestaque.com\/cd\/?p=42440#primaryimage\",\"url\":\"https:\/\/noticiasemdestaque.com\/cd\/wp-content\/uploads\/2022\/09\/Com-tres-mortos-passagem-do-furacao-Kay-na-costa-do-Mexico-deve-continuar-forte.webp\",\"contentUrl\":\"https:\/\/noticiasemdestaque.com\/cd\/wp-content\/uploads\/2022\/09\/Com-tres-mortos-passagem-do-furacao-Kay-na-costa-do-Mexico-deve-continuar-forte.webp\",\"width\":876,\"height\":484},{\"@type\":\"BreadcrumbList\",\"@id\":\"https:\/\/noticiasemdestaque.com\/cd\/?p=42440#breadcrumb\",\"itemListElement\":[{\"@type\":\"ListItem\",\"position\":1,\"name\":\"In\u00edcio\",\"item\":\"https:\/\/noticiasemdestaque.com\/cd\/\"},{\"@type\":\"ListItem\",\"position\":2,\"name\":\"Com tr\u00eas mortos, passagem do furac\u00e3o Kay na costa do M\u00e9xico deve continuar forte\"}]},{\"@type\":\"WebSite\",\"@id\":\"https:\/\/noticiasemdestaque.com\/cd\/#website\",\"url\":\"https:\/\/noticiasemdestaque.com\/cd\/\",\"name\":\"Not&iacute;cias em Destaque\",\"description\":\"\",\"publisher\":{\"@id\":\"https:\/\/noticiasemdestaque.com\/cd\/#organization\"},\"potentialAction\":[{\"@type\":\"SearchAction\",\"target\":{\"@type\":\"EntryPoint\",\"urlTemplate\":\"https:\/\/noticiasemdestaque.com\/cd\/?s={search_term_string}\"},\"query-input\":{\"@type\":\"PropertyValueSpecification\",\"valueRequired\":true,\"valueName\":\"search_term_string\"}}],\"inLanguage\":\"pt-BR\"},{\"@type\":\"Organization\",\"@id\":\"https:\/\/noticiasemdestaque.com\/cd\/#organization\",\"name\":\"Not\u00edcias em Destaque\",\"url\":\"https:\/\/noticiasemdestaque.com\/cd\/\",\"logo\":{\"@type\":\"ImageObject\",\"inLanguage\":\"pt-BR\",\"@id\":\"https:\/\/noticiasemdestaque.com\/cd\/#\/schema\/logo\/image\/\",\"url\":\"https:\/\/noticiasemdestaque.com\/cd\/wp-content\/uploads\/2022\/05\/imagem-base-noticiasemdestaque.png\",\"contentUrl\":\"https:\/\/noticiasemdestaque.com\/cd\/wp-content\/uploads\/2022\/05\/imagem-base-noticiasemdestaque.png\",\"width\":1200,\"height\":630,\"caption\":\"Not\u00edcias em Destaque\"},\"image\":{\"@id\":\"https:\/\/noticiasemdestaque.com\/cd\/#\/schema\/logo\/image\/\"}},{\"@type\":\"Person\",\"@id\":\"https:\/\/noticiasemdestaque.com\/cd\/#\/schema\/person\/4a81fb71f77579d059c3045891fa1786\",\"name\":\"Not\u00edcias em Destaque\",\"url\":\"https:\/\/noticiasemdestaque.com\/cd\/?author=2\"}]}<\/script>\n<!-- \/ Yoast SEO plugin. -->","yoast_head_json":{"title":"Com tr\u00eas mortos, passagem do furac\u00e3o Kay na costa do M\u00e9xico deve continuar forte - Not&iacute;cias em Destaque","robots":{"index":"index","follow":"follow","max-snippet":"max-snippet:-1","max-image-preview":"max-image-preview:large","max-video-preview":"max-video-preview:-1"},"canonical":"https:\/\/noticiasemdestaque.com\/cd\/?p=42440","og_locale":"pt_BR","og_type":"article","og_title":"Com tr\u00eas mortos, passagem do furac\u00e3o Kay na costa do M\u00e9xico deve continuar forte - Not&iacute;cias em Destaque","og_description":"Pelo menos tr\u00eas pessoas morreram na tempestade tropical Kay, de acordo com o diretor de Prote\u00e7\u00e3o Civil do estado de Guerrero, Roberto Arroyo, falando \u00e0 Reuters no domingo (4). A\u00a0tempestade\u00a0se fortaleceu para um furac\u00e3o de categoria 1 na noite de segunda-feira (5) com ventos m\u00e1ximos sustentados de 130 quil\u00f4metros por hora, de acordo com a Comiss\u00e3o Nacional de \u00c1guas do M\u00e9xico. Arroyo disse que os n\u00edveis de chuva chegaram a 140 mil\u00edmetros. Chuvas torrenciais atingiram Nayarit, Jaliso, Colima, Michoac\u00e1n, Puebla e Oaxaca, segundo o Servi\u00e7o Nacional de Meteorologia do\u00a0M\u00e9xico. Prev\u00ea-se que o furac\u00e3o Kay se mova para noroeste nos pr\u00f3ximos cinco dias, permanecendo a oeste do M\u00e9xico, incluindo a pen\u00ednsula da Baixa Calif\u00f3rnia. Espera-se que se fortale\u00e7a nas pr\u00f3ximas 36 horas e possa \u201cse tornar um grande furac\u00e3o durante esse per\u00edodo\u201d, de acordo com informa\u00e7\u00f5es do Centro Nacional de Furac\u00f5es dos EUA na manh\u00e3 desta ter\u00e7a-feira. Espera-se que Kay se torne um\u00a0furac\u00e3o\u00a0de categoria 2 nas pr\u00f3ximas 12 horas e possivelmente atinja uma categoria 3 na quarta-feira (7), antes de come\u00e7ar a enfraquecer na quinta-feira. Kay deve produzir de 100 a 200 mil\u00edmetros de chuva, com totais isolados de tempestades de at\u00e9 300 mil\u00edmetros, em partes do oeste do M\u00e9xico, incluindo a pen\u00ednsula da Baixa Calif\u00f3rnia, at\u00e9 a noite de quinta-feira. Essas quantidades de chuva podem levar a inunda\u00e7\u00f5es repentinas, incluindo deslizamentos de terra. Atualmente, o furac\u00e3o est\u00e1 projetado para correr paralelo \u00e0 costa oeste do M\u00e9xico, com faixas externas atingindo a costa, mas as previs\u00f5es oficiais indicam que Kay permanecer\u00e1 no mar e n\u00e3o atingir\u00e1 a costa neste momento, de acordo com a meteorologista da\u00a0CNN\u00a0Monica Garrett. Noticias em Destaque Fonte: CNN Brasil","og_url":"https:\/\/noticiasemdestaque.com\/cd\/?p=42440","og_site_name":"Not&iacute;cias em Destaque","article_published_time":"2022-09-06T20:14:21+00:00","og_image":[{"width":876,"height":484,"url":"https:\/\/noticiasemdestaque.com\/cd\/wp-content\/uploads\/2022\/09\/Com-tres-mortos-passagem-do-furacao-Kay-na-costa-do-Mexico-deve-continuar-forte.webp","type":"image\/webp"}],"author":"Not\u00edcias em Destaque","twitter_card":"summary_large_image","twitter_misc":{"Escrito por":"Not\u00edcias em Destaque","Est. tempo de leitura":"2 minutos"},"schema":{"@context":"https:\/\/schema.org","@graph":[{"@type":"Article","@id":"https:\/\/noticiasemdestaque.com\/cd\/?p=42440#article","isPartOf":{"@id":"https:\/\/noticiasemdestaque.com\/cd\/?p=42440"},"author":{"name":"Not\u00edcias em Destaque","@id":"https:\/\/noticiasemdestaque.com\/cd\/#\/schema\/person\/4a81fb71f77579d059c3045891fa1786"},"headline":"Com tr\u00eas mortos, passagem do furac\u00e3o Kay na costa do M\u00e9xico deve continuar forte","datePublished":"2022-09-06T20:14:21+00:00","mainEntityOfPage":{"@id":"https:\/\/noticiasemdestaque.com\/cd\/?p=42440"},"wordCount":319,"publisher":{"@id":"https:\/\/noticiasemdestaque.com\/cd\/#organization"},"image":{"@id":"https:\/\/noticiasemdestaque.com\/cd\/?p=42440#primaryimage"},"thumbnailUrl":"https:\/\/noticiasemdestaque.com\/cd\/wp-content\/uploads\/2022\/09\/Com-tres-mortos-passagem-do-furacao-Kay-na-costa-do-Mexico-deve-continuar-forte.webp","articleSection":["Geral"],"inLanguage":"pt-BR"},{"@type":"WebPage","@id":"https:\/\/noticiasemdestaque.com\/cd\/?p=42440","url":"https:\/\/noticiasemdestaque.com\/cd\/?p=42440","name":"Com tr\u00eas mortos, passagem do furac\u00e3o Kay na costa do M\u00e9xico deve continuar forte - Not&iacute;cias em Destaque","isPartOf":{"@id":"https:\/\/noticiasemdestaque.com\/cd\/#website"},"primaryImageOfPage":{"@id":"https:\/\/noticiasemdestaque.com\/cd\/?p=42440#primaryimage"},"image":{"@id":"https:\/\/noticiasemdestaque.com\/cd\/?p=42440#primaryimage"},"thumbnailUrl":"https:\/\/noticiasemdestaque.com\/cd\/wp-content\/uploads\/2022\/09\/Com-tres-mortos-passagem-do-furacao-Kay-na-costa-do-Mexico-deve-continuar-forte.webp","datePublished":"2022-09-06T20:14:21+00:00","breadcrumb":{"@id":"https:\/\/noticiasemdestaque.com\/cd\/?p=42440#breadcrumb"},"inLanguage":"pt-BR","potentialAction":[{"@type":"ReadAction","target":["https:\/\/noticiasemdestaque.com\/cd\/?p=42440"]}]},{"@type":"ImageObject","inLanguage":"pt-BR","@id":"https:\/\/noticiasemdestaque.com\/cd\/?p=42440#primaryimage","url":"https:\/\/noticiasemdestaque.com\/cd\/wp-content\/uploads\/2022\/09\/Com-tres-mortos-passagem-do-furacao-Kay-na-costa-do-Mexico-deve-continuar-forte.webp","contentUrl":"https:\/\/noticiasemdestaque.com\/cd\/wp-content\/uploads\/2022\/09\/Com-tres-mortos-passagem-do-furacao-Kay-na-costa-do-Mexico-deve-continuar-forte.webp","width":876,"height":484},{"@type":"BreadcrumbList","@id":"https:\/\/noticiasemdestaque.com\/cd\/?p=42440#breadcrumb","itemListElement":[{"@type":"ListItem","position":1,"name":"In\u00edcio","item":"https:\/\/noticiasemdestaque.com\/cd\/"},{"@type":"ListItem","position":2,"name":"Com tr\u00eas mortos, passagem do furac\u00e3o Kay na costa do M\u00e9xico deve continuar forte"}]},{"@type":"WebSite","@id":"https:\/\/noticiasemdestaque.com\/cd\/#website","url":"https:\/\/noticiasemdestaque.com\/cd\/","name":"Not&iacute;cias em Destaque","description":"","publisher":{"@id":"https:\/\/noticiasemdestaque.com\/cd\/#organization"},"potentialAction":[{"@type":"SearchAction","target":{"@type":"EntryPoint","urlTemplate":"https:\/\/noticiasemdestaque.com\/cd\/?s={search_term_string}"},"query-input":{"@type":"PropertyValueSpecification","valueRequired":true,"valueName":"search_term_string"}}],"inLanguage":"pt-BR"},{"@type":"Organization","@id":"https:\/\/noticiasemdestaque.com\/cd\/#organization","name":"Not\u00edcias em Destaque","url":"https:\/\/noticiasemdestaque.com\/cd\/","logo":{"@type":"ImageObject","inLanguage":"pt-BR","@id":"https:\/\/noticiasemdestaque.com\/cd\/#\/schema\/logo\/image\/","url":"https:\/\/noticiasemdestaque.com\/cd\/wp-content\/uploads\/2022\/05\/imagem-base-noticiasemdestaque.png","contentUrl":"https:\/\/noticiasemdestaque.com\/cd\/wp-content\/uploads\/2022\/05\/imagem-base-noticiasemdestaque.png","width":1200,"height":630,"caption":"Not\u00edcias em Destaque"},"image":{"@id":"https:\/\/noticiasemdestaque.com\/cd\/#\/schema\/logo\/image\/"}},{"@type":"Person","@id":"https:\/\/noticiasemdestaque.com\/cd\/#\/schema\/person\/4a81fb71f77579d059c3045891fa1786","name":"Not\u00edcias em Destaque","url":"https:\/\/noticiasemdestaque.com\/cd\/?author=2"}]}},"jetpack_featured_media_url":"https:\/\/noticiasemdestaque.com\/cd\/wp-content\/uploads\/2022\/09\/Com-tres-mortos-passagem-do-furacao-Kay-na-costa-do-Mexico-deve-continuar-forte.webp","jetpack_sharing_enabled":true,"_links":{"self":[{"href":"https:\/\/noticiasemdestaque.com\/cd\/index.php?rest_route=\/wp\/v2\/posts\/42440","targetHints":{"allow":["GET"]}}],"collection":[{"href":"https:\/\/noticiasemdestaque.com\/cd\/index.php?rest_route=\/wp\/v2\/posts"}],"about":[{"href":"https:\/\/noticiasemdestaque.com\/cd\/index.php?rest_route=\/wp\/v2\/types\/post"}],"author":[{"embeddable":true,"href":"https:\/\/noticiasemdestaque.com\/cd\/index.php?rest_route=\/wp\/v2\/users\/2"}],"replies":[{"embeddable":true,"href":"https:\/\/noticiasemdestaque.com\/cd\/index.php?rest_route=%2Fwp%2Fv2%2Fcomments&post=42440"}],"version-history":[{"count":1,"href":"https:\/\/noticiasemdestaque.com\/cd\/index.php?rest_route=\/wp\/v2\/posts\/42440\/revisions"}],"predecessor-version":[{"id":42442,"href":"https:\/\/noticiasemdestaque.com\/cd\/index.php?rest_route=\/wp\/v2\/posts\/42440\/revisions\/42442"}],"wp:featuredmedia":[{"embeddable":true,"href":"https:\/\/noticiasemdestaque.com\/cd\/index.php?rest_route=\/wp\/v2\/media\/42441"}],"wp:attachment":[{"href":"https:\/\/noticiasemdestaque.com\/cd\/index.php?rest_route=%2Fwp%2Fv2%2Fmedia&parent=42440"}],"wp:term":[{"taxonomy":"category","embeddable":true,"href":"https:\/\/noticiasemdestaque.com\/cd\/index.php?rest_route=%2Fwp%2Fv2%2Fcategories&post=42440"},{"taxonomy":"post_tag","embeddable":true,"href":"https:\/\/noticiasemdestaque.com\/cd\/index.php?rest_route=%2Fwp%2Fv2%2Ftags&post=42440"}],"curies":[{"name":"wp","href":"https:\/\/api.w.org\/{rel}","templated":true}]}}