{"id":42437,"date":"2022-09-06T17:05:15","date_gmt":"2022-09-06T20:05:15","guid":{"rendered":"https:\/\/noticiasemdestaque.com\/cd\/?p=42437"},"modified":"2022-09-06T17:05:15","modified_gmt":"2022-09-06T20:05:15","slug":"justin-bieber-cancela-shows-no-brasil-apos-apresentacao-no-rock-in-rio","status":"publish","type":"post","link":"https:\/\/noticiasemdestaque.com\/cd\/?p=42437","title":{"rendered":"Justin Bieber cancela shows no Brasil ap\u00f3s apresenta\u00e7\u00e3o no Rock in Rio"},"content":{"rendered":"<p><a href=\"https:\/\/noticiasemdestaque.com\/cd\/wp-content\/uploads\/2022\/09\/Justin-Bieber-cancela-shows-no-Brasil-apos-apresentacao-no-Rock-in-Rio.webp\"><img fetchpriority=\"high\" decoding=\"async\" class=\"alignnone  wp-image-42438\" src=\"https:\/\/noticiasemdestaque.com\/cd\/wp-content\/uploads\/2022\/09\/Justin-Bieber-cancela-shows-no-Brasil-apos-apresentacao-no-Rock-in-Rio-300x169.webp\" alt=\"\" width=\"875\" height=\"493\" srcset=\"https:\/\/noticiasemdestaque.com\/cd\/wp-content\/uploads\/2022\/09\/Justin-Bieber-cancela-shows-no-Brasil-apos-apresentacao-no-Rock-in-Rio-300x169.webp 300w, https:\/\/noticiasemdestaque.com\/cd\/wp-content\/uploads\/2022\/09\/Justin-Bieber-cancela-shows-no-Brasil-apos-apresentacao-no-Rock-in-Rio-768x432.webp 768w, https:\/\/noticiasemdestaque.com\/cd\/wp-content\/uploads\/2022\/09\/Justin-Bieber-cancela-shows-no-Brasil-apos-apresentacao-no-Rock-in-Rio-18x10.webp 18w, https:\/\/noticiasemdestaque.com\/cd\/wp-content\/uploads\/2022\/09\/Justin-Bieber-cancela-shows-no-Brasil-apos-apresentacao-no-Rock-in-Rio.webp 800w\" sizes=\"(max-width: 875px) 100vw, 875px\" \/><\/a><\/p>\n<p>O cantor canadense Justin Bieber n\u00e3o vai realizar mais shows no Brasil em 2022. A informa\u00e7\u00e3o, que circulava desde antes da apresenta\u00e7\u00e3o da estrela pop no Rock in Rio, foi confirmada, nesta ter\u00e7a-feira (6), pela empresa respons\u00e1vel pelos eventos, a Time For Fun (T4F). Os shows aconteceriam no est\u00e1dio Allianz Parque, nos dias 14 e 15 de setembro, na capital paulista.<\/p>\n<p>No comunicado oficial da empresa, contou com uma mensagem de Justin Bieber, que revelou estar focado em cuidar da sa\u00fade. Al\u00e9m disso, afirmou que deu tudo que tinha ao povo brasileiro no Rock in Rio, neste \u00faltimo domingo (4).<\/p>\n<p>\u201cDepois de sair do palco, a exaust\u00e3o tomou conta e percebi que preciso fazer da sa\u00fade a minha prioridade agora. Ent\u00e3o vou fazer uma pausa na turn\u00ea por enquanto. Eu vou ficar bem, mas preciso de tempo para descansar e melhorar\u201d, disse o cantor.<\/p>\n<p>N\u00e3o s\u00f3 o shows em S\u00e3o Paulo foram cancelados, mas tamb\u00e9m no Chile e na Argentina. Em junho deste ano, Justin Bieber foi diagnosticado com a s\u00edndrome de Ramsey-Hunt, que paralisa metade do rosto. Apesar de n\u00e3o ter o rosto mais paralisado, a estrela pop ainda luta contra a doen\u00e7a.<\/p>\n<p><strong>Noticias em Destaque<\/strong><\/p>\n<p style=\"text-align: right;\"><em>Fonte: MaisPB com UOL<\/em><\/p>\n","protected":false},"excerpt":{"rendered":"<p>O cantor canadense Justin Bieber n\u00e3o vai realizar mais shows no Brasil em 2022. A informa\u00e7\u00e3o, que circulava desde antes da apresenta\u00e7\u00e3o da estrela pop no Rock in Rio, foi confirmada, nesta ter\u00e7a-feira (6), pela empresa respons\u00e1vel pelos eventos, a Time For Fun (T4F). Os shows aconteceriam no est\u00e1dio Allianz Parque, nos dias 14 e 15 de setembro, na capital paulista. No comunicado oficial da empresa, contou com uma mensagem de Justin Bieber, que revelou estar focado em cuidar da sa\u00fade. Al\u00e9m disso, afirmou que deu tudo que tinha ao povo brasileiro no Rock in Rio, neste \u00faltimo domingo (4). \u201cDepois de sair do palco, a exaust\u00e3o tomou conta e percebi que preciso fazer da sa\u00fade a minha prioridade agora. Ent\u00e3o vou fazer uma pausa na turn\u00ea por enquanto. Eu vou ficar bem, mas preciso de tempo para descansar e melhorar\u201d, disse o cantor. N\u00e3o s\u00f3 o shows em S\u00e3o Paulo foram cancelados, mas tamb\u00e9m no Chile e na Argentina. Em junho deste ano, Justin Bieber foi diagnosticado com a s\u00edndrome de Ramsey-Hunt, que paralisa metade do rosto. Apesar de n\u00e3o ter o rosto mais paralisado, a estrela pop ainda luta contra a doen\u00e7a. Noticias em Destaque Fonte: MaisPB com UOL<\/p>\n","protected":false},"author":2,"featured_media":42438,"comment_status":"closed","ping_status":"open","sticky":false,"template":"","format":"standard","meta":{"_eb_attr":"","_jetpack_memberships_contains_paid_content":false,"footnotes":""},"categories":[12],"tags":[],"class_list":["post-42437","post","type-post","status-publish","format-standard","has-post-thumbnail","hentry","category-geral"],"yoast_head":"<!-- This site is optimized with the Yoast SEO plugin v26.5 - https:\/\/yoast.com\/wordpress\/plugins\/seo\/ -->\n<title>Justin Bieber cancela shows no Brasil ap\u00f3s apresenta\u00e7\u00e3o no Rock in Rio - Not&iacute;cias em Destaque<\/title>\n<meta name=\"robots\" content=\"index, follow, max-snippet:-1, max-image-preview:large, max-video-preview:-1\" \/>\n<link rel=\"canonical\" href=\"https:\/\/noticiasemdestaque.com\/cd\/?p=42437\" \/>\n<meta property=\"og:locale\" content=\"pt_BR\" \/>\n<meta property=\"og:type\" content=\"article\" \/>\n<meta property=\"og:title\" content=\"Justin Bieber cancela shows no Brasil ap\u00f3s apresenta\u00e7\u00e3o no Rock in Rio - Not&iacute;cias em Destaque\" \/>\n<meta property=\"og:description\" content=\"O cantor canadense Justin Bieber n\u00e3o vai realizar mais shows no Brasil em 2022. A informa\u00e7\u00e3o, que circulava desde antes da apresenta\u00e7\u00e3o da estrela pop no Rock in Rio, foi confirmada, nesta ter\u00e7a-feira (6), pela empresa respons\u00e1vel pelos eventos, a Time For Fun (T4F). Os shows aconteceriam no est\u00e1dio Allianz Parque, nos dias 14 e 15 de setembro, na capital paulista. No comunicado oficial da empresa, contou com uma mensagem de Justin Bieber, que revelou estar focado em cuidar da sa\u00fade. Al\u00e9m disso, afirmou que deu tudo que tinha ao povo brasileiro no Rock in Rio, neste \u00faltimo domingo (4). \u201cDepois de sair do palco, a exaust\u00e3o tomou conta e percebi que preciso fazer da sa\u00fade a minha prioridade agora. Ent\u00e3o vou fazer uma pausa na turn\u00ea por enquanto. Eu vou ficar bem, mas preciso de tempo para descansar e melhorar\u201d, disse o cantor. N\u00e3o s\u00f3 o shows em S\u00e3o Paulo foram cancelados, mas tamb\u00e9m no Chile e na Argentina. Em junho deste ano, Justin Bieber foi diagnosticado com a s\u00edndrome de Ramsey-Hunt, que paralisa metade do rosto. Apesar de n\u00e3o ter o rosto mais paralisado, a estrela pop ainda luta contra a doen\u00e7a. Noticias em Destaque Fonte: MaisPB com UOL\" \/>\n<meta property=\"og:url\" content=\"https:\/\/noticiasemdestaque.com\/cd\/?p=42437\" \/>\n<meta property=\"og:site_name\" content=\"Not&iacute;cias em Destaque\" \/>\n<meta property=\"article:published_time\" content=\"2022-09-06T20:05:15+00:00\" \/>\n<meta property=\"og:image\" content=\"https:\/\/noticiasemdestaque.com\/cd\/wp-content\/uploads\/2022\/09\/Justin-Bieber-cancela-shows-no-Brasil-apos-apresentacao-no-Rock-in-Rio.webp\" \/>\n\t<meta property=\"og:image:width\" content=\"800\" \/>\n\t<meta property=\"og:image:height\" content=\"450\" \/>\n\t<meta property=\"og:image:type\" content=\"image\/webp\" \/>\n<meta name=\"author\" content=\"Not\u00edcias em Destaque\" \/>\n<meta name=\"twitter:card\" content=\"summary_large_image\" \/>\n<meta name=\"twitter:label1\" content=\"Escrito por\" \/>\n\t<meta name=\"twitter:data1\" content=\"Not\u00edcias em Destaque\" \/>\n\t<meta name=\"twitter:label2\" content=\"Est. tempo de leitura\" \/>\n\t<meta name=\"twitter:data2\" content=\"2 minutos\" \/>\n<script type=\"application\/ld+json\" class=\"yoast-schema-graph\">{\"@context\":\"https:\/\/schema.org\",\"@graph\":[{\"@type\":\"Article\",\"@id\":\"https:\/\/noticiasemdestaque.com\/cd\/?p=42437#article\",\"isPartOf\":{\"@id\":\"https:\/\/noticiasemdestaque.com\/cd\/?p=42437\"},\"author\":{\"name\":\"Not\u00edcias em Destaque\",\"@id\":\"https:\/\/noticiasemdestaque.com\/cd\/#\/schema\/person\/4a81fb71f77579d059c3045891fa1786\"},\"headline\":\"Justin Bieber cancela shows no Brasil ap\u00f3s apresenta\u00e7\u00e3o no Rock in Rio\",\"datePublished\":\"2022-09-06T20:05:15+00:00\",\"mainEntityOfPage\":{\"@id\":\"https:\/\/noticiasemdestaque.com\/cd\/?p=42437\"},\"wordCount\":228,\"publisher\":{\"@id\":\"https:\/\/noticiasemdestaque.com\/cd\/#organization\"},\"image\":{\"@id\":\"https:\/\/noticiasemdestaque.com\/cd\/?p=42437#primaryimage\"},\"thumbnailUrl\":\"https:\/\/noticiasemdestaque.com\/cd\/wp-content\/uploads\/2022\/09\/Justin-Bieber-cancela-shows-no-Brasil-apos-apresentacao-no-Rock-in-Rio.webp\",\"articleSection\":[\"Geral\"],\"inLanguage\":\"pt-BR\"},{\"@type\":\"WebPage\",\"@id\":\"https:\/\/noticiasemdestaque.com\/cd\/?p=42437\",\"url\":\"https:\/\/noticiasemdestaque.com\/cd\/?p=42437\",\"name\":\"Justin Bieber cancela shows no Brasil ap\u00f3s apresenta\u00e7\u00e3o no Rock in Rio - Not&iacute;cias em Destaque\",\"isPartOf\":{\"@id\":\"https:\/\/noticiasemdestaque.com\/cd\/#website\"},\"primaryImageOfPage\":{\"@id\":\"https:\/\/noticiasemdestaque.com\/cd\/?p=42437#primaryimage\"},\"image\":{\"@id\":\"https:\/\/noticiasemdestaque.com\/cd\/?p=42437#primaryimage\"},\"thumbnailUrl\":\"https:\/\/noticiasemdestaque.com\/cd\/wp-content\/uploads\/2022\/09\/Justin-Bieber-cancela-shows-no-Brasil-apos-apresentacao-no-Rock-in-Rio.webp\",\"datePublished\":\"2022-09-06T20:05:15+00:00\",\"breadcrumb\":{\"@id\":\"https:\/\/noticiasemdestaque.com\/cd\/?p=42437#breadcrumb\"},\"inLanguage\":\"pt-BR\",\"potentialAction\":[{\"@type\":\"ReadAction\",\"target\":[\"https:\/\/noticiasemdestaque.com\/cd\/?p=42437\"]}]},{\"@type\":\"ImageObject\",\"inLanguage\":\"pt-BR\",\"@id\":\"https:\/\/noticiasemdestaque.com\/cd\/?p=42437#primaryimage\",\"url\":\"https:\/\/noticiasemdestaque.com\/cd\/wp-content\/uploads\/2022\/09\/Justin-Bieber-cancela-shows-no-Brasil-apos-apresentacao-no-Rock-in-Rio.webp\",\"contentUrl\":\"https:\/\/noticiasemdestaque.com\/cd\/wp-content\/uploads\/2022\/09\/Justin-Bieber-cancela-shows-no-Brasil-apos-apresentacao-no-Rock-in-Rio.webp\",\"width\":800,\"height\":450},{\"@type\":\"BreadcrumbList\",\"@id\":\"https:\/\/noticiasemdestaque.com\/cd\/?p=42437#breadcrumb\",\"itemListElement\":[{\"@type\":\"ListItem\",\"position\":1,\"name\":\"In\u00edcio\",\"item\":\"https:\/\/noticiasemdestaque.com\/cd\/\"},{\"@type\":\"ListItem\",\"position\":2,\"name\":\"Justin Bieber cancela shows no Brasil ap\u00f3s apresenta\u00e7\u00e3o no Rock in Rio\"}]},{\"@type\":\"WebSite\",\"@id\":\"https:\/\/noticiasemdestaque.com\/cd\/#website\",\"url\":\"https:\/\/noticiasemdestaque.com\/cd\/\",\"name\":\"Not&iacute;cias em Destaque\",\"description\":\"\",\"publisher\":{\"@id\":\"https:\/\/noticiasemdestaque.com\/cd\/#organization\"},\"potentialAction\":[{\"@type\":\"SearchAction\",\"target\":{\"@type\":\"EntryPoint\",\"urlTemplate\":\"https:\/\/noticiasemdestaque.com\/cd\/?s={search_term_string}\"},\"query-input\":{\"@type\":\"PropertyValueSpecification\",\"valueRequired\":true,\"valueName\":\"search_term_string\"}}],\"inLanguage\":\"pt-BR\"},{\"@type\":\"Organization\",\"@id\":\"https:\/\/noticiasemdestaque.com\/cd\/#organization\",\"name\":\"Not\u00edcias em Destaque\",\"url\":\"https:\/\/noticiasemdestaque.com\/cd\/\",\"logo\":{\"@type\":\"ImageObject\",\"inLanguage\":\"pt-BR\",\"@id\":\"https:\/\/noticiasemdestaque.com\/cd\/#\/schema\/logo\/image\/\",\"url\":\"https:\/\/noticiasemdestaque.com\/cd\/wp-content\/uploads\/2022\/05\/imagem-base-noticiasemdestaque.png\",\"contentUrl\":\"https:\/\/noticiasemdestaque.com\/cd\/wp-content\/uploads\/2022\/05\/imagem-base-noticiasemdestaque.png\",\"width\":1200,\"height\":630,\"caption\":\"Not\u00edcias em Destaque\"},\"image\":{\"@id\":\"https:\/\/noticiasemdestaque.com\/cd\/#\/schema\/logo\/image\/\"}},{\"@type\":\"Person\",\"@id\":\"https:\/\/noticiasemdestaque.com\/cd\/#\/schema\/person\/4a81fb71f77579d059c3045891fa1786\",\"name\":\"Not\u00edcias em Destaque\",\"url\":\"https:\/\/noticiasemdestaque.com\/cd\/?author=2\"}]}<\/script>\n<!-- \/ Yoast SEO plugin. -->","yoast_head_json":{"title":"Justin Bieber cancela shows no Brasil ap\u00f3s apresenta\u00e7\u00e3o no Rock in Rio - Not&iacute;cias em Destaque","robots":{"index":"index","follow":"follow","max-snippet":"max-snippet:-1","max-image-preview":"max-image-preview:large","max-video-preview":"max-video-preview:-1"},"canonical":"https:\/\/noticiasemdestaque.com\/cd\/?p=42437","og_locale":"pt_BR","og_type":"article","og_title":"Justin Bieber cancela shows no Brasil ap\u00f3s apresenta\u00e7\u00e3o no Rock in Rio - Not&iacute;cias em Destaque","og_description":"O cantor canadense Justin Bieber n\u00e3o vai realizar mais shows no Brasil em 2022. A informa\u00e7\u00e3o, que circulava desde antes da apresenta\u00e7\u00e3o da estrela pop no Rock in Rio, foi confirmada, nesta ter\u00e7a-feira (6), pela empresa respons\u00e1vel pelos eventos, a Time For Fun (T4F). Os shows aconteceriam no est\u00e1dio Allianz Parque, nos dias 14 e 15 de setembro, na capital paulista. No comunicado oficial da empresa, contou com uma mensagem de Justin Bieber, que revelou estar focado em cuidar da sa\u00fade. Al\u00e9m disso, afirmou que deu tudo que tinha ao povo brasileiro no Rock in Rio, neste \u00faltimo domingo (4). \u201cDepois de sair do palco, a exaust\u00e3o tomou conta e percebi que preciso fazer da sa\u00fade a minha prioridade agora. Ent\u00e3o vou fazer uma pausa na turn\u00ea por enquanto. Eu vou ficar bem, mas preciso de tempo para descansar e melhorar\u201d, disse o cantor. N\u00e3o s\u00f3 o shows em S\u00e3o Paulo foram cancelados, mas tamb\u00e9m no Chile e na Argentina. Em junho deste ano, Justin Bieber foi diagnosticado com a s\u00edndrome de Ramsey-Hunt, que paralisa metade do rosto. Apesar de n\u00e3o ter o rosto mais paralisado, a estrela pop ainda luta contra a doen\u00e7a. Noticias em Destaque Fonte: MaisPB com UOL","og_url":"https:\/\/noticiasemdestaque.com\/cd\/?p=42437","og_site_name":"Not&iacute;cias em Destaque","article_published_time":"2022-09-06T20:05:15+00:00","og_image":[{"width":800,"height":450,"url":"https:\/\/noticiasemdestaque.com\/cd\/wp-content\/uploads\/2022\/09\/Justin-Bieber-cancela-shows-no-Brasil-apos-apresentacao-no-Rock-in-Rio.webp","type":"image\/webp"}],"author":"Not\u00edcias em Destaque","twitter_card":"summary_large_image","twitter_misc":{"Escrito por":"Not\u00edcias em Destaque","Est. tempo de leitura":"2 minutos"},"schema":{"@context":"https:\/\/schema.org","@graph":[{"@type":"Article","@id":"https:\/\/noticiasemdestaque.com\/cd\/?p=42437#article","isPartOf":{"@id":"https:\/\/noticiasemdestaque.com\/cd\/?p=42437"},"author":{"name":"Not\u00edcias em Destaque","@id":"https:\/\/noticiasemdestaque.com\/cd\/#\/schema\/person\/4a81fb71f77579d059c3045891fa1786"},"headline":"Justin Bieber cancela shows no Brasil ap\u00f3s apresenta\u00e7\u00e3o no Rock in Rio","datePublished":"2022-09-06T20:05:15+00:00","mainEntityOfPage":{"@id":"https:\/\/noticiasemdestaque.com\/cd\/?p=42437"},"wordCount":228,"publisher":{"@id":"https:\/\/noticiasemdestaque.com\/cd\/#organization"},"image":{"@id":"https:\/\/noticiasemdestaque.com\/cd\/?p=42437#primaryimage"},"thumbnailUrl":"https:\/\/noticiasemdestaque.com\/cd\/wp-content\/uploads\/2022\/09\/Justin-Bieber-cancela-shows-no-Brasil-apos-apresentacao-no-Rock-in-Rio.webp","articleSection":["Geral"],"inLanguage":"pt-BR"},{"@type":"WebPage","@id":"https:\/\/noticiasemdestaque.com\/cd\/?p=42437","url":"https:\/\/noticiasemdestaque.com\/cd\/?p=42437","name":"Justin Bieber cancela shows no Brasil ap\u00f3s apresenta\u00e7\u00e3o no Rock in Rio - Not&iacute;cias em Destaque","isPartOf":{"@id":"https:\/\/noticiasemdestaque.com\/cd\/#website"},"primaryImageOfPage":{"@id":"https:\/\/noticiasemdestaque.com\/cd\/?p=42437#primaryimage"},"image":{"@id":"https:\/\/noticiasemdestaque.com\/cd\/?p=42437#primaryimage"},"thumbnailUrl":"https:\/\/noticiasemdestaque.com\/cd\/wp-content\/uploads\/2022\/09\/Justin-Bieber-cancela-shows-no-Brasil-apos-apresentacao-no-Rock-in-Rio.webp","datePublished":"2022-09-06T20:05:15+00:00","breadcrumb":{"@id":"https:\/\/noticiasemdestaque.com\/cd\/?p=42437#breadcrumb"},"inLanguage":"pt-BR","potentialAction":[{"@type":"ReadAction","target":["https:\/\/noticiasemdestaque.com\/cd\/?p=42437"]}]},{"@type":"ImageObject","inLanguage":"pt-BR","@id":"https:\/\/noticiasemdestaque.com\/cd\/?p=42437#primaryimage","url":"https:\/\/noticiasemdestaque.com\/cd\/wp-content\/uploads\/2022\/09\/Justin-Bieber-cancela-shows-no-Brasil-apos-apresentacao-no-Rock-in-Rio.webp","contentUrl":"https:\/\/noticiasemdestaque.com\/cd\/wp-content\/uploads\/2022\/09\/Justin-Bieber-cancela-shows-no-Brasil-apos-apresentacao-no-Rock-in-Rio.webp","width":800,"height":450},{"@type":"BreadcrumbList","@id":"https:\/\/noticiasemdestaque.com\/cd\/?p=42437#breadcrumb","itemListElement":[{"@type":"ListItem","position":1,"name":"In\u00edcio","item":"https:\/\/noticiasemdestaque.com\/cd\/"},{"@type":"ListItem","position":2,"name":"Justin Bieber cancela shows no Brasil ap\u00f3s apresenta\u00e7\u00e3o no Rock in Rio"}]},{"@type":"WebSite","@id":"https:\/\/noticiasemdestaque.com\/cd\/#website","url":"https:\/\/noticiasemdestaque.com\/cd\/","name":"Not&iacute;cias em Destaque","description":"","publisher":{"@id":"https:\/\/noticiasemdestaque.com\/cd\/#organization"},"potentialAction":[{"@type":"SearchAction","target":{"@type":"EntryPoint","urlTemplate":"https:\/\/noticiasemdestaque.com\/cd\/?s={search_term_string}"},"query-input":{"@type":"PropertyValueSpecification","valueRequired":true,"valueName":"search_term_string"}}],"inLanguage":"pt-BR"},{"@type":"Organization","@id":"https:\/\/noticiasemdestaque.com\/cd\/#organization","name":"Not\u00edcias em Destaque","url":"https:\/\/noticiasemdestaque.com\/cd\/","logo":{"@type":"ImageObject","inLanguage":"pt-BR","@id":"https:\/\/noticiasemdestaque.com\/cd\/#\/schema\/logo\/image\/","url":"https:\/\/noticiasemdestaque.com\/cd\/wp-content\/uploads\/2022\/05\/imagem-base-noticiasemdestaque.png","contentUrl":"https:\/\/noticiasemdestaque.com\/cd\/wp-content\/uploads\/2022\/05\/imagem-base-noticiasemdestaque.png","width":1200,"height":630,"caption":"Not\u00edcias em Destaque"},"image":{"@id":"https:\/\/noticiasemdestaque.com\/cd\/#\/schema\/logo\/image\/"}},{"@type":"Person","@id":"https:\/\/noticiasemdestaque.com\/cd\/#\/schema\/person\/4a81fb71f77579d059c3045891fa1786","name":"Not\u00edcias em Destaque","url":"https:\/\/noticiasemdestaque.com\/cd\/?author=2"}]}},"jetpack_featured_media_url":"https:\/\/noticiasemdestaque.com\/cd\/wp-content\/uploads\/2022\/09\/Justin-Bieber-cancela-shows-no-Brasil-apos-apresentacao-no-Rock-in-Rio.webp","jetpack_sharing_enabled":true,"_links":{"self":[{"href":"https:\/\/noticiasemdestaque.com\/cd\/index.php?rest_route=\/wp\/v2\/posts\/42437","targetHints":{"allow":["GET"]}}],"collection":[{"href":"https:\/\/noticiasemdestaque.com\/cd\/index.php?rest_route=\/wp\/v2\/posts"}],"about":[{"href":"https:\/\/noticiasemdestaque.com\/cd\/index.php?rest_route=\/wp\/v2\/types\/post"}],"author":[{"embeddable":true,"href":"https:\/\/noticiasemdestaque.com\/cd\/index.php?rest_route=\/wp\/v2\/users\/2"}],"replies":[{"embeddable":true,"href":"https:\/\/noticiasemdestaque.com\/cd\/index.php?rest_route=%2Fwp%2Fv2%2Fcomments&post=42437"}],"version-history":[{"count":1,"href":"https:\/\/noticiasemdestaque.com\/cd\/index.php?rest_route=\/wp\/v2\/posts\/42437\/revisions"}],"predecessor-version":[{"id":42439,"href":"https:\/\/noticiasemdestaque.com\/cd\/index.php?rest_route=\/wp\/v2\/posts\/42437\/revisions\/42439"}],"wp:featuredmedia":[{"embeddable":true,"href":"https:\/\/noticiasemdestaque.com\/cd\/index.php?rest_route=\/wp\/v2\/media\/42438"}],"wp:attachment":[{"href":"https:\/\/noticiasemdestaque.com\/cd\/index.php?rest_route=%2Fwp%2Fv2%2Fmedia&parent=42437"}],"wp:term":[{"taxonomy":"category","embeddable":true,"href":"https:\/\/noticiasemdestaque.com\/cd\/index.php?rest_route=%2Fwp%2Fv2%2Fcategories&post=42437"},{"taxonomy":"post_tag","embeddable":true,"href":"https:\/\/noticiasemdestaque.com\/cd\/index.php?rest_route=%2Fwp%2Fv2%2Ftags&post=42437"}],"curies":[{"name":"wp","href":"https:\/\/api.w.org\/{rel}","templated":true}]}}