{"id":42434,"date":"2022-09-06T12:09:28","date_gmt":"2022-09-06T15:09:28","guid":{"rendered":"https:\/\/noticiasemdestaque.com\/cd\/?p=42434"},"modified":"2022-09-06T12:09:28","modified_gmt":"2022-09-06T15:09:28","slug":"palmeiras-e-athletico-pr-decidem-primeiro-finalista-da-libertadores","status":"publish","type":"post","link":"https:\/\/noticiasemdestaque.com\/cd\/?p=42434","title":{"rendered":"Palmeiras e Athletico-PR decidem primeiro finalista da Libertadores"},"content":{"rendered":"<p><a href=\"https:\/\/noticiasemdestaque.com\/cd\/wp-content\/uploads\/2022\/09\/athletico_pr_x_palmeiras_semi_1_libertadores.jpg\"><img fetchpriority=\"high\" decoding=\"async\" class=\"alignnone  wp-image-42435\" src=\"https:\/\/noticiasemdestaque.com\/cd\/wp-content\/uploads\/2022\/09\/athletico_pr_x_palmeiras_semi_1_libertadores-300x179.jpg\" alt=\"\" width=\"851\" height=\"508\" srcset=\"https:\/\/noticiasemdestaque.com\/cd\/wp-content\/uploads\/2022\/09\/athletico_pr_x_palmeiras_semi_1_libertadores-300x179.jpg 300w, https:\/\/noticiasemdestaque.com\/cd\/wp-content\/uploads\/2022\/09\/athletico_pr_x_palmeiras_semi_1_libertadores-1024x613.jpg 1024w, https:\/\/noticiasemdestaque.com\/cd\/wp-content\/uploads\/2022\/09\/athletico_pr_x_palmeiras_semi_1_libertadores-768x459.jpg 768w, https:\/\/noticiasemdestaque.com\/cd\/wp-content\/uploads\/2022\/09\/athletico_pr_x_palmeiras_semi_1_libertadores-18x12.jpg 18w, https:\/\/noticiasemdestaque.com\/cd\/wp-content\/uploads\/2022\/09\/athletico_pr_x_palmeiras_semi_1_libertadores.jpg 1170w\" sizes=\"(max-width: 851px) 100vw, 851px\" \/><\/a><\/p>\n<p>O primeiro finalista da Libertadores ser\u00e1 conhecido nesta\u00a0ter\u00e7a-feira (6). A partir das 21h30 (hor\u00e1rio de Bras\u00edlia), Palmeiras e Athletico-PR se enfrentam no Allianz Parque, em S\u00e3o Paulo, com transmiss\u00e3o ao vivo da\u00a0<a href=\"https:\/\/radios.ebc.com.br\/nacionalrioam\"><strong>R\u00e1dio Nacional.<\/strong><\/a>\u00a0A narra\u00e7\u00e3o \u00e9 de Andr\u00e9 Marques, com coment\u00e1rios de Mario Silva, reportagem de Maur\u00edcio Costa e plant\u00e3o de Luiz Ferreira.<img decoding=\"async\" src=\"https:\/\/agenciabrasil.ebc.com.br\/ebc.png?id=1480853&amp;o=node\" \/><img decoding=\"async\" src=\"https:\/\/agenciabrasil.ebc.com.br\/ebc.gif?id=1480853&amp;o=node\" \/><\/p>\n<div class=\"twitter-tweet twitter-tweet-rendered\"><iframe id=\"twitter-widget-0\" class=\"\" title=\"Twitter Tweet\" src=\"https:\/\/platform.twitter.com\/embed\/Tweet.html?creatorScreenName=agenciabrasil&amp;dnt=false&amp;embedId=twitter-widget-0&amp;features=eyJ0ZndfdGltZWxpbmVfbGlzdCI6eyJidWNrZXQiOlsibGlua3RyLmVlIiwidHIuZWUiXSwidmVyc2lvbiI6bnVsbH0sInRmd19ob3Jpem9uX3RpbWVsaW5lXzEyMDM0Ijp7ImJ1Y2tldCI6InRyZWF0bWVudCIsInZlcnNpb24iOm51bGx9LCJ0ZndfdHdlZXRfZWRpdF9iYWNrZW5kIjp7ImJ1Y2tldCI6Im9uIiwidmVyc2lvbiI6bnVsbH0sInRmd19yZWZzcmNfc2Vzc2lvbiI6eyJidWNrZXQiOiJvbiIsInZlcnNpb24iOm51bGx9LCJ0ZndfY2hpbl9waWxsc18xNDc0MSI6eyJidWNrZXQiOiJjb2xvcl9pY29ucyIsInZlcnNpb24iOm51bGx9LCJ0ZndfdHdlZXRfcmVzdWx0X21pZ3JhdGlvbl8xMzk3OSI6eyJidWNrZXQiOiJ0d2VldF9yZXN1bHQiLCJ2ZXJzaW9uIjpudWxsfSwidGZ3X3NlbnNpdGl2ZV9tZWRpYV9pbnRlcnN0aXRpYWxfMTM5NjMiOnsiYnVja2V0IjoiaW50ZXJzdGl0aWFsIiwidmVyc2lvbiI6bnVsbH0sInRmd19leHBlcmltZW50c19jb29raWVfZXhwaXJhdGlvbiI6eyJidWNrZXQiOjEyMDk2MDAsInZlcnNpb24iOm51bGx9LCJ0ZndfZHVwbGljYXRlX3NjcmliZXNfdG9fc2V0dGluZ3MiOnsiYnVja2V0Ijoib24iLCJ2ZXJzaW9uIjpudWxsfSwidGZ3X3R3ZWV0X2VkaXRfZnJvbnRlbmQiOnsiYnVja2V0Ijoib2ZmIiwidmVyc2lvbiI6bnVsbH19&amp;frame=false&amp;hideCard=false&amp;hideThread=false&amp;id=1566901485983731713&amp;lang=pt&amp;origin=https%3A%2F%2Fagenciabrasil.ebc.com.br%2Fesportes%2Fnoticia%2F2022-09%2Fpalmeiras-e-athletico-pr-decidem-primeiro-finalista-da-libertadores&amp;sessionId=257826e78c5de189e239a22a4b8edd8a1c226205&amp;siteScreenName=agenciabrasil&amp;theme=light&amp;widgetsVersion=1bfeb5c3714e8%3A1661975971032&amp;width=550px\" frameborder=\"0\" scrolling=\"no\" allowfullscreen=\"allowfullscreen\" data-tweet-id=\"1566901485983731713\" data-mce-fragment=\"1\"><\/iframe><\/div>\n<p>O Furac\u00e3o entra em campo com a vantagem do empate, j\u00e1 que venceu a partida de ida na Arena da Baixada, em Curitiba, h\u00e1 uma semana, por 1 a 0, com gol do volante Alex Santana. O Verd\u00e3o tem de ganhar por dois ou mais gols de diferen\u00e7a para se classificar no tempo normal.\u00a0Se os paulistas igualarem o placar agregado ao final dos 90 minutos, a decis\u00e3o ser\u00e1 na disputa de p\u00eanaltis.<\/p>\n<p>Quem avan\u00e7ar, encara o ganhador de Flamengo e V\u00e9lez Sarsfield (Argentina), que duelam na\u00a0quarta-feira (7), \u00e0s 21h30, no Maracan\u00e3, no Rio\u00a0de Janeiro. Os cariocas venceram o jogo de ida por 4 a 0, na \u00faltima\u00a0quarta-feira (31), no est\u00e1dio Jos\u00e9 Amalfitani, na capital argentina Buenos Aires. A decis\u00e3o da Libertadores ser\u00e1 em\u00a029 de outubro, no est\u00e1dio Monumental de Guayaquil (Equador).<\/p>\n<div class=\"twitter-tweet twitter-tweet-rendered\"><iframe id=\"twitter-widget-1\" class=\"\" title=\"Twitter Tweet\" src=\"https:\/\/platform.twitter.com\/embed\/Tweet.html?creatorScreenName=agenciabrasil&amp;dnt=false&amp;embedId=twitter-widget-1&amp;features=eyJ0ZndfdGltZWxpbmVfbGlzdCI6eyJidWNrZXQiOlsibGlua3RyLmVlIiwidHIuZWUiXSwidmVyc2lvbiI6bnVsbH0sInRmd19ob3Jpem9uX3RpbWVsaW5lXzEyMDM0Ijp7ImJ1Y2tldCI6InRyZWF0bWVudCIsInZlcnNpb24iOm51bGx9LCJ0ZndfdHdlZXRfZWRpdF9iYWNrZW5kIjp7ImJ1Y2tldCI6Im9uIiwidmVyc2lvbiI6bnVsbH0sInRmd19yZWZzcmNfc2Vzc2lvbiI6eyJidWNrZXQiOiJvbiIsInZlcnNpb24iOm51bGx9LCJ0ZndfY2hpbl9waWxsc18xNDc0MSI6eyJidWNrZXQiOiJjb2xvcl9pY29ucyIsInZlcnNpb24iOm51bGx9LCJ0ZndfdHdlZXRfcmVzdWx0X21pZ3JhdGlvbl8xMzk3OSI6eyJidWNrZXQiOiJ0d2VldF9yZXN1bHQiLCJ2ZXJzaW9uIjpudWxsfSwidGZ3X3NlbnNpdGl2ZV9tZWRpYV9pbnRlcnN0aXRpYWxfMTM5NjMiOnsiYnVja2V0IjoiaW50ZXJzdGl0aWFsIiwidmVyc2lvbiI6bnVsbH0sInRmd19leHBlcmltZW50c19jb29raWVfZXhwaXJhdGlvbiI6eyJidWNrZXQiOjEyMDk2MDAsInZlcnNpb24iOm51bGx9LCJ0ZndfZHVwbGljYXRlX3NjcmliZXNfdG9fc2V0dGluZ3MiOnsiYnVja2V0Ijoib24iLCJ2ZXJzaW9uIjpudWxsfSwidGZ3X3R3ZWV0X2VkaXRfZnJvbnRlbmQiOnsiYnVja2V0Ijoib2ZmIiwidmVyc2lvbiI6bnVsbH19&amp;frame=false&amp;hideCard=false&amp;hideThread=false&amp;id=1566833822234288131&amp;lang=pt&amp;origin=https%3A%2F%2Fagenciabrasil.ebc.com.br%2Fesportes%2Fnoticia%2F2022-09%2Fpalmeiras-e-athletico-pr-decidem-primeiro-finalista-da-libertadores&amp;sessionId=257826e78c5de189e239a22a4b8edd8a1c226205&amp;siteScreenName=agenciabrasil&amp;theme=light&amp;widgetsVersion=1bfeb5c3714e8%3A1661975971032&amp;width=550px\" frameborder=\"0\" scrolling=\"no\" allowfullscreen=\"allowfullscreen\" data-tweet-id=\"1566833822234288131\" data-mce-fragment=\"1\"><\/iframe><\/div>\n<p>O Athletico n\u00e3o chegava \u00e0 semifinal da Libertadores desde 2005. Na ocasi\u00e3o, o Rubro-Negro alcan\u00e7ou a \u00fanica final disputada at\u00e9\u00a0hoje, mas foi derrotado pelo S\u00e3o Paulo. O Palmeiras, por sua vez, pode se tornar o clube brasileiro com mais decis\u00f5es do principal torneio sul-americano, caso chegue l\u00e1 pela s\u00e9tima vez, sendo a terceira consecutiva.<\/p>\n<p>Embora figurem na parte de cima da tabela do Campeonato Brasileiro, os dois times priorizam a Libertadores. N\u00e3o \u00e0 toa, pouparam titulares nos respectivos compromissos do fim de semana pela competi\u00e7\u00e3o nacional. O Verd\u00e3o empatou por 2 a 2 com o Red Bull Bragantino no est\u00e1dio Nabi Abi Chedid, em Bragan\u00e7a Paulista (SP), mantendo-se com sete pontos de vantagem para o Flamengo na lideran\u00e7a do torneio. O Furac\u00e3o, em sexto lugar, superou o Fluminense por 1 a 0 em Curitiba e ficou a um ponto do G4.<\/p>\n<p>No Palmeiras, o t\u00e9cnico Abel Ferreira n\u00e3o poder\u00e1 contar com o volante Danilo, que cumpre o segundo jogo de suspens\u00e3o pela expuls\u00e3o no empate sem gols com o Atl\u00e9tico-MG, no Allianz, na partida de volta do confronto pelas quartas de final. Titular em Curitiba, Gabriel Menino deve seguir no setor. O meia Raphael Veiga, que sofreu uma entorse no tornozelo direito no primeiro duelo com o Athletico, est\u00e1 em recupera\u00e7\u00e3o e participou do treino de\u00a0segunda-feira (5) pela manh\u00e3. A escala\u00e7\u00e3o dele, por\u00e9m, ainda \u00e9 d\u00favida.<\/p>\n<div class=\"twitter-tweet twitter-tweet-rendered\"><iframe id=\"twitter-widget-2\" class=\"\" title=\"Twitter Tweet\" src=\"https:\/\/platform.twitter.com\/embed\/Tweet.html?creatorScreenName=agenciabrasil&amp;dnt=false&amp;embedId=twitter-widget-2&amp;features=eyJ0ZndfdGltZWxpbmVfbGlzdCI6eyJidWNrZXQiOlsibGlua3RyLmVlIiwidHIuZWUiXSwidmVyc2lvbiI6bnVsbH0sInRmd19ob3Jpem9uX3RpbWVsaW5lXzEyMDM0Ijp7ImJ1Y2tldCI6InRyZWF0bWVudCIsInZlcnNpb24iOm51bGx9LCJ0ZndfdHdlZXRfZWRpdF9iYWNrZW5kIjp7ImJ1Y2tldCI6Im9uIiwidmVyc2lvbiI6bnVsbH0sInRmd19yZWZzcmNfc2Vzc2lvbiI6eyJidWNrZXQiOiJvbiIsInZlcnNpb24iOm51bGx9LCJ0ZndfY2hpbl9waWxsc18xNDc0MSI6eyJidWNrZXQiOiJjb2xvcl9pY29ucyIsInZlcnNpb24iOm51bGx9LCJ0ZndfdHdlZXRfcmVzdWx0X21pZ3JhdGlvbl8xMzk3OSI6eyJidWNrZXQiOiJ0d2VldF9yZXN1bHQiLCJ2ZXJzaW9uIjpudWxsfSwidGZ3X3NlbnNpdGl2ZV9tZWRpYV9pbnRlcnN0aXRpYWxfMTM5NjMiOnsiYnVja2V0IjoiaW50ZXJzdGl0aWFsIiwidmVyc2lvbiI6bnVsbH0sInRmd19leHBlcmltZW50c19jb29raWVfZXhwaXJhdGlvbiI6eyJidWNrZXQiOjEyMDk2MDAsInZlcnNpb24iOm51bGx9LCJ0ZndfZHVwbGljYXRlX3NjcmliZXNfdG9fc2V0dGluZ3MiOnsiYnVja2V0Ijoib24iLCJ2ZXJzaW9uIjpudWxsfSwidGZ3X3R3ZWV0X2VkaXRfZnJvbnRlbmQiOnsiYnVja2V0Ijoib2ZmIiwidmVyc2lvbiI6bnVsbH19&amp;frame=false&amp;hideCard=false&amp;hideThread=false&amp;id=1566843643977244672&amp;lang=pt&amp;origin=https%3A%2F%2Fagenciabrasil.ebc.com.br%2Fesportes%2Fnoticia%2F2022-09%2Fpalmeiras-e-athletico-pr-decidem-primeiro-finalista-da-libertadores&amp;sessionId=257826e78c5de189e239a22a4b8edd8a1c226205&amp;siteScreenName=agenciabrasil&amp;theme=light&amp;widgetsVersion=1bfeb5c3714e8%3A1661975971032&amp;width=550px\" frameborder=\"0\" scrolling=\"no\" allowfullscreen=\"allowfullscreen\" data-tweet-id=\"1566843643977244672\" data-mce-fragment=\"1\"><\/iframe><\/div>\n<p>A prov\u00e1vel escala\u00e7\u00e3o do Verd\u00e3o\u00a0ter\u00e1: Weverton; Marcos Rocha, Gustavo G\u00f3mez, Murilo e Joaqu\u00edn Piquerez; Gabriel Menino, Z\u00e9 Rafael e Raphael Veiga (Bruno Tabata, Jos\u00e9 L\u00f3pez ou Miguel Merentiel); Gustavo Scarpa; Dudu e Rony.<\/p>\n<p>Expulso no jogo de ida, o volante Hugo Moura desfalca o Athletico, que tamb\u00e9m n\u00e3o\u00a0ter\u00e1 o t\u00e9cnico Luiz Felipe Scolari, suspenso pelo cart\u00e3o vermelho que recebeu no duelo em Curitiba &#8211; o auxiliar Paulo Turra comandar\u00e1 o time em S\u00e3o Paulo. O volante Christian, o meia Marlos (ambos em transi\u00e7\u00e3o) e o atacante Marcelo Cirino (recupera-se de les\u00e3o no joelho esquerdo) tamb\u00e9m est\u00e3o fora de combate.<\/p>\n<p>O Furac\u00e3o deve atuar com: Bento; Khellven, Pedro Henrique, Thiago Helno e Abner Vin\u00edcius; Erick, Fernandinho e David Terans; Vitinho, Agust\u00edn Canobbio e Vitor Roque.<\/p>\n<p><strong>Noticias em Destaque<\/strong><\/p>\n<p style=\"text-align: right;\"><em>Fonte: Agencia Brasil<\/em><\/p>\n","protected":false},"excerpt":{"rendered":"<p>O primeiro finalista da Libertadores ser\u00e1 conhecido nesta\u00a0ter\u00e7a-feira (6). A partir das 21h30 (hor\u00e1rio de Bras\u00edlia), Palmeiras e Athletico-PR se enfrentam no Allianz Parque, em S\u00e3o Paulo, com transmiss\u00e3o ao vivo da\u00a0R\u00e1dio Nacional.\u00a0A narra\u00e7\u00e3o \u00e9 de Andr\u00e9 Marques, com coment\u00e1rios de Mario Silva, reportagem de Maur\u00edcio Costa e plant\u00e3o de Luiz Ferreira. O Furac\u00e3o entra em campo com a vantagem do empate, j\u00e1 que venceu a partida de ida na Arena da Baixada, em Curitiba, h\u00e1 uma semana, por 1 a 0, com gol do volante Alex Santana. O Verd\u00e3o tem de ganhar por dois ou mais gols de diferen\u00e7a para se classificar no tempo normal.\u00a0Se os paulistas igualarem o placar agregado ao final dos 90 minutos, a decis\u00e3o ser\u00e1 na disputa de p\u00eanaltis. Quem avan\u00e7ar, encara o ganhador de Flamengo e V\u00e9lez Sarsfield (Argentina), que duelam na\u00a0quarta-feira (7), \u00e0s 21h30, no Maracan\u00e3, no Rio\u00a0de Janeiro. Os cariocas venceram o jogo de ida por 4 a 0, na \u00faltima\u00a0quarta-feira (31), no est\u00e1dio Jos\u00e9 Amalfitani, na capital argentina Buenos Aires. A decis\u00e3o da Libertadores ser\u00e1 em\u00a029 de outubro, no est\u00e1dio Monumental de Guayaquil (Equador). O Athletico n\u00e3o chegava \u00e0 semifinal da Libertadores desde 2005. Na ocasi\u00e3o, o Rubro-Negro alcan\u00e7ou a \u00fanica final disputada at\u00e9\u00a0hoje, mas foi derrotado pelo S\u00e3o Paulo. O Palmeiras, por sua vez, pode se tornar o clube brasileiro com mais decis\u00f5es do principal torneio sul-americano, caso chegue l\u00e1 pela s\u00e9tima vez, sendo a terceira consecutiva. Embora figurem na parte de cima da tabela do Campeonato Brasileiro, os dois times priorizam a Libertadores. N\u00e3o \u00e0 toa, pouparam titulares nos respectivos compromissos do fim de semana pela competi\u00e7\u00e3o nacional. O Verd\u00e3o empatou por 2 a 2 com o Red Bull Bragantino no est\u00e1dio Nabi Abi Chedid, em Bragan\u00e7a Paulista (SP), mantendo-se com sete pontos de vantagem para o Flamengo na lideran\u00e7a do torneio. O Furac\u00e3o, em sexto lugar, superou o Fluminense por 1 a 0 em Curitiba e ficou a um ponto do G4. No Palmeiras, o t\u00e9cnico Abel Ferreira n\u00e3o poder\u00e1 contar com o volante Danilo, que cumpre o segundo jogo de suspens\u00e3o pela expuls\u00e3o no empate sem gols com o Atl\u00e9tico-MG, no Allianz, na partida de volta do confronto pelas quartas de final. Titular em Curitiba, Gabriel Menino deve seguir no setor. O meia Raphael Veiga, que sofreu uma entorse no tornozelo direito no primeiro duelo com o Athletico, est\u00e1 em recupera\u00e7\u00e3o e participou do treino de\u00a0segunda-feira (5) pela manh\u00e3. A escala\u00e7\u00e3o dele, por\u00e9m, ainda \u00e9 d\u00favida. A prov\u00e1vel escala\u00e7\u00e3o do Verd\u00e3o\u00a0ter\u00e1: Weverton; Marcos Rocha, Gustavo G\u00f3mez, Murilo e Joaqu\u00edn Piquerez; Gabriel Menino, Z\u00e9 Rafael e Raphael Veiga (Bruno Tabata, Jos\u00e9 L\u00f3pez ou Miguel Merentiel); Gustavo Scarpa; Dudu e Rony. Expulso no jogo de ida, o volante Hugo Moura desfalca o Athletico, que tamb\u00e9m n\u00e3o\u00a0ter\u00e1 o t\u00e9cnico Luiz Felipe Scolari, suspenso pelo cart\u00e3o vermelho que recebeu no duelo em Curitiba &#8211; o auxiliar Paulo Turra comandar\u00e1 o time em S\u00e3o Paulo. O volante Christian, o meia Marlos (ambos em transi\u00e7\u00e3o) e o atacante Marcelo Cirino (recupera-se de les\u00e3o no joelho esquerdo) tamb\u00e9m est\u00e3o fora de combate. O Furac\u00e3o deve atuar com: Bento; Khellven, Pedro Henrique, Thiago Helno e Abner Vin\u00edcius; Erick, Fernandinho e David Terans; Vitinho, Agust\u00edn Canobbio e Vitor Roque. Noticias em Destaque Fonte: Agencia Brasil<\/p>\n","protected":false},"author":2,"featured_media":42435,"comment_status":"closed","ping_status":"open","sticky":false,"template":"","format":"standard","meta":{"_eb_attr":"","_jetpack_memberships_contains_paid_content":false,"footnotes":""},"categories":[15],"tags":[],"class_list":["post-42434","post","type-post","status-publish","format-standard","has-post-thumbnail","hentry","category-esporte"],"yoast_head":"<!-- This site is optimized with the Yoast SEO plugin v26.5 - https:\/\/yoast.com\/wordpress\/plugins\/seo\/ -->\n<title>Palmeiras e Athletico-PR decidem primeiro finalista da Libertadores - Not&iacute;cias em Destaque<\/title>\n<meta name=\"robots\" content=\"index, follow, max-snippet:-1, max-image-preview:large, max-video-preview:-1\" \/>\n<link rel=\"canonical\" href=\"https:\/\/noticiasemdestaque.com\/cd\/?p=42434\" \/>\n<meta property=\"og:locale\" content=\"pt_BR\" \/>\n<meta property=\"og:type\" content=\"article\" \/>\n<meta property=\"og:title\" content=\"Palmeiras e Athletico-PR decidem primeiro finalista da Libertadores - Not&iacute;cias em Destaque\" \/>\n<meta property=\"og:description\" content=\"O primeiro finalista da Libertadores ser\u00e1 conhecido nesta\u00a0ter\u00e7a-feira (6). A partir das 21h30 (hor\u00e1rio de Bras\u00edlia), Palmeiras e Athletico-PR se enfrentam no Allianz Parque, em S\u00e3o Paulo, com transmiss\u00e3o ao vivo da\u00a0R\u00e1dio Nacional.\u00a0A narra\u00e7\u00e3o \u00e9 de Andr\u00e9 Marques, com coment\u00e1rios de Mario Silva, reportagem de Maur\u00edcio Costa e plant\u00e3o de Luiz Ferreira. O Furac\u00e3o entra em campo com a vantagem do empate, j\u00e1 que venceu a partida de ida na Arena da Baixada, em Curitiba, h\u00e1 uma semana, por 1 a 0, com gol do volante Alex Santana. O Verd\u00e3o tem de ganhar por dois ou mais gols de diferen\u00e7a para se classificar no tempo normal.\u00a0Se os paulistas igualarem o placar agregado ao final dos 90 minutos, a decis\u00e3o ser\u00e1 na disputa de p\u00eanaltis. Quem avan\u00e7ar, encara o ganhador de Flamengo e V\u00e9lez Sarsfield (Argentina), que duelam na\u00a0quarta-feira (7), \u00e0s 21h30, no Maracan\u00e3, no Rio\u00a0de Janeiro. Os cariocas venceram o jogo de ida por 4 a 0, na \u00faltima\u00a0quarta-feira (31), no est\u00e1dio Jos\u00e9 Amalfitani, na capital argentina Buenos Aires. A decis\u00e3o da Libertadores ser\u00e1 em\u00a029 de outubro, no est\u00e1dio Monumental de Guayaquil (Equador). O Athletico n\u00e3o chegava \u00e0 semifinal da Libertadores desde 2005. Na ocasi\u00e3o, o Rubro-Negro alcan\u00e7ou a \u00fanica final disputada at\u00e9\u00a0hoje, mas foi derrotado pelo S\u00e3o Paulo. O Palmeiras, por sua vez, pode se tornar o clube brasileiro com mais decis\u00f5es do principal torneio sul-americano, caso chegue l\u00e1 pela s\u00e9tima vez, sendo a terceira consecutiva. Embora figurem na parte de cima da tabela do Campeonato Brasileiro, os dois times priorizam a Libertadores. N\u00e3o \u00e0 toa, pouparam titulares nos respectivos compromissos do fim de semana pela competi\u00e7\u00e3o nacional. O Verd\u00e3o empatou por 2 a 2 com o Red Bull Bragantino no est\u00e1dio Nabi Abi Chedid, em Bragan\u00e7a Paulista (SP), mantendo-se com sete pontos de vantagem para o Flamengo na lideran\u00e7a do torneio. O Furac\u00e3o, em sexto lugar, superou o Fluminense por 1 a 0 em Curitiba e ficou a um ponto do G4. No Palmeiras, o t\u00e9cnico Abel Ferreira n\u00e3o poder\u00e1 contar com o volante Danilo, que cumpre o segundo jogo de suspens\u00e3o pela expuls\u00e3o no empate sem gols com o Atl\u00e9tico-MG, no Allianz, na partida de volta do confronto pelas quartas de final. Titular em Curitiba, Gabriel Menino deve seguir no setor. O meia Raphael Veiga, que sofreu uma entorse no tornozelo direito no primeiro duelo com o Athletico, est\u00e1 em recupera\u00e7\u00e3o e participou do treino de\u00a0segunda-feira (5) pela manh\u00e3. A escala\u00e7\u00e3o dele, por\u00e9m, ainda \u00e9 d\u00favida. A prov\u00e1vel escala\u00e7\u00e3o do Verd\u00e3o\u00a0ter\u00e1: Weverton; Marcos Rocha, Gustavo G\u00f3mez, Murilo e Joaqu\u00edn Piquerez; Gabriel Menino, Z\u00e9 Rafael e Raphael Veiga (Bruno Tabata, Jos\u00e9 L\u00f3pez ou Miguel Merentiel); Gustavo Scarpa; Dudu e Rony. Expulso no jogo de ida, o volante Hugo Moura desfalca o Athletico, que tamb\u00e9m n\u00e3o\u00a0ter\u00e1 o t\u00e9cnico Luiz Felipe Scolari, suspenso pelo cart\u00e3o vermelho que recebeu no duelo em Curitiba &#8211; o auxiliar Paulo Turra comandar\u00e1 o time em S\u00e3o Paulo. O volante Christian, o meia Marlos (ambos em transi\u00e7\u00e3o) e o atacante Marcelo Cirino (recupera-se de les\u00e3o no joelho esquerdo) tamb\u00e9m est\u00e3o fora de combate. O Furac\u00e3o deve atuar com: Bento; Khellven, Pedro Henrique, Thiago Helno e Abner Vin\u00edcius; Erick, Fernandinho e David Terans; Vitinho, Agust\u00edn Canobbio e Vitor Roque. Noticias em Destaque Fonte: Agencia Brasil\" \/>\n<meta property=\"og:url\" content=\"https:\/\/noticiasemdestaque.com\/cd\/?p=42434\" \/>\n<meta property=\"og:site_name\" content=\"Not&iacute;cias em Destaque\" \/>\n<meta property=\"article:published_time\" content=\"2022-09-06T15:09:28+00:00\" \/>\n<meta property=\"og:image\" content=\"https:\/\/noticiasemdestaque.com\/cd\/wp-content\/uploads\/2022\/09\/athletico_pr_x_palmeiras_semi_1_libertadores.jpg\" \/>\n\t<meta property=\"og:image:width\" content=\"1170\" \/>\n\t<meta property=\"og:image:height\" content=\"700\" \/>\n\t<meta property=\"og:image:type\" content=\"image\/jpeg\" \/>\n<meta name=\"author\" content=\"Not\u00edcias em Destaque\" \/>\n<meta name=\"twitter:card\" content=\"summary_large_image\" \/>\n<meta name=\"twitter:label1\" content=\"Escrito por\" \/>\n\t<meta name=\"twitter:data1\" content=\"Not\u00edcias em Destaque\" \/>\n\t<meta name=\"twitter:label2\" content=\"Est. tempo de leitura\" \/>\n\t<meta name=\"twitter:data2\" content=\"4 minutos\" \/>\n<script type=\"application\/ld+json\" class=\"yoast-schema-graph\">{\"@context\":\"https:\/\/schema.org\",\"@graph\":[{\"@type\":\"Article\",\"@id\":\"https:\/\/noticiasemdestaque.com\/cd\/?p=42434#article\",\"isPartOf\":{\"@id\":\"https:\/\/noticiasemdestaque.com\/cd\/?p=42434\"},\"author\":{\"name\":\"Not\u00edcias em Destaque\",\"@id\":\"https:\/\/noticiasemdestaque.com\/cd\/#\/schema\/person\/4a81fb71f77579d059c3045891fa1786\"},\"headline\":\"Palmeiras e Athletico-PR decidem primeiro finalista da Libertadores\",\"datePublished\":\"2022-09-06T15:09:28+00:00\",\"mainEntityOfPage\":{\"@id\":\"https:\/\/noticiasemdestaque.com\/cd\/?p=42434\"},\"wordCount\":600,\"publisher\":{\"@id\":\"https:\/\/noticiasemdestaque.com\/cd\/#organization\"},\"image\":{\"@id\":\"https:\/\/noticiasemdestaque.com\/cd\/?p=42434#primaryimage\"},\"thumbnailUrl\":\"https:\/\/noticiasemdestaque.com\/cd\/wp-content\/uploads\/2022\/09\/athletico_pr_x_palmeiras_semi_1_libertadores.jpg\",\"articleSection\":[\"Esporte\"],\"inLanguage\":\"pt-BR\"},{\"@type\":\"WebPage\",\"@id\":\"https:\/\/noticiasemdestaque.com\/cd\/?p=42434\",\"url\":\"https:\/\/noticiasemdestaque.com\/cd\/?p=42434\",\"name\":\"Palmeiras e Athletico-PR decidem primeiro finalista da Libertadores - Not&iacute;cias em Destaque\",\"isPartOf\":{\"@id\":\"https:\/\/noticiasemdestaque.com\/cd\/#website\"},\"primaryImageOfPage\":{\"@id\":\"https:\/\/noticiasemdestaque.com\/cd\/?p=42434#primaryimage\"},\"image\":{\"@id\":\"https:\/\/noticiasemdestaque.com\/cd\/?p=42434#primaryimage\"},\"thumbnailUrl\":\"https:\/\/noticiasemdestaque.com\/cd\/wp-content\/uploads\/2022\/09\/athletico_pr_x_palmeiras_semi_1_libertadores.jpg\",\"datePublished\":\"2022-09-06T15:09:28+00:00\",\"breadcrumb\":{\"@id\":\"https:\/\/noticiasemdestaque.com\/cd\/?p=42434#breadcrumb\"},\"inLanguage\":\"pt-BR\",\"potentialAction\":[{\"@type\":\"ReadAction\",\"target\":[\"https:\/\/noticiasemdestaque.com\/cd\/?p=42434\"]}]},{\"@type\":\"ImageObject\",\"inLanguage\":\"pt-BR\",\"@id\":\"https:\/\/noticiasemdestaque.com\/cd\/?p=42434#primaryimage\",\"url\":\"https:\/\/noticiasemdestaque.com\/cd\/wp-content\/uploads\/2022\/09\/athletico_pr_x_palmeiras_semi_1_libertadores.jpg\",\"contentUrl\":\"https:\/\/noticiasemdestaque.com\/cd\/wp-content\/uploads\/2022\/09\/athletico_pr_x_palmeiras_semi_1_libertadores.jpg\",\"width\":1170,\"height\":700},{\"@type\":\"BreadcrumbList\",\"@id\":\"https:\/\/noticiasemdestaque.com\/cd\/?p=42434#breadcrumb\",\"itemListElement\":[{\"@type\":\"ListItem\",\"position\":1,\"name\":\"In\u00edcio\",\"item\":\"https:\/\/noticiasemdestaque.com\/cd\/\"},{\"@type\":\"ListItem\",\"position\":2,\"name\":\"Palmeiras e Athletico-PR decidem primeiro finalista da Libertadores\"}]},{\"@type\":\"WebSite\",\"@id\":\"https:\/\/noticiasemdestaque.com\/cd\/#website\",\"url\":\"https:\/\/noticiasemdestaque.com\/cd\/\",\"name\":\"Not&iacute;cias em Destaque\",\"description\":\"\",\"publisher\":{\"@id\":\"https:\/\/noticiasemdestaque.com\/cd\/#organization\"},\"potentialAction\":[{\"@type\":\"SearchAction\",\"target\":{\"@type\":\"EntryPoint\",\"urlTemplate\":\"https:\/\/noticiasemdestaque.com\/cd\/?s={search_term_string}\"},\"query-input\":{\"@type\":\"PropertyValueSpecification\",\"valueRequired\":true,\"valueName\":\"search_term_string\"}}],\"inLanguage\":\"pt-BR\"},{\"@type\":\"Organization\",\"@id\":\"https:\/\/noticiasemdestaque.com\/cd\/#organization\",\"name\":\"Not\u00edcias em Destaque\",\"url\":\"https:\/\/noticiasemdestaque.com\/cd\/\",\"logo\":{\"@type\":\"ImageObject\",\"inLanguage\":\"pt-BR\",\"@id\":\"https:\/\/noticiasemdestaque.com\/cd\/#\/schema\/logo\/image\/\",\"url\":\"https:\/\/noticiasemdestaque.com\/cd\/wp-content\/uploads\/2022\/05\/imagem-base-noticiasemdestaque.png\",\"contentUrl\":\"https:\/\/noticiasemdestaque.com\/cd\/wp-content\/uploads\/2022\/05\/imagem-base-noticiasemdestaque.png\",\"width\":1200,\"height\":630,\"caption\":\"Not\u00edcias em Destaque\"},\"image\":{\"@id\":\"https:\/\/noticiasemdestaque.com\/cd\/#\/schema\/logo\/image\/\"}},{\"@type\":\"Person\",\"@id\":\"https:\/\/noticiasemdestaque.com\/cd\/#\/schema\/person\/4a81fb71f77579d059c3045891fa1786\",\"name\":\"Not\u00edcias em Destaque\",\"url\":\"https:\/\/noticiasemdestaque.com\/cd\/?author=2\"}]}<\/script>\n<!-- \/ Yoast SEO plugin. -->","yoast_head_json":{"title":"Palmeiras e Athletico-PR decidem primeiro finalista da Libertadores - Not&iacute;cias em Destaque","robots":{"index":"index","follow":"follow","max-snippet":"max-snippet:-1","max-image-preview":"max-image-preview:large","max-video-preview":"max-video-preview:-1"},"canonical":"https:\/\/noticiasemdestaque.com\/cd\/?p=42434","og_locale":"pt_BR","og_type":"article","og_title":"Palmeiras e Athletico-PR decidem primeiro finalista da Libertadores - Not&iacute;cias em Destaque","og_description":"O primeiro finalista da Libertadores ser\u00e1 conhecido nesta\u00a0ter\u00e7a-feira (6). A partir das 21h30 (hor\u00e1rio de Bras\u00edlia), Palmeiras e Athletico-PR se enfrentam no Allianz Parque, em S\u00e3o Paulo, com transmiss\u00e3o ao vivo da\u00a0R\u00e1dio Nacional.\u00a0A narra\u00e7\u00e3o \u00e9 de Andr\u00e9 Marques, com coment\u00e1rios de Mario Silva, reportagem de Maur\u00edcio Costa e plant\u00e3o de Luiz Ferreira. O Furac\u00e3o entra em campo com a vantagem do empate, j\u00e1 que venceu a partida de ida na Arena da Baixada, em Curitiba, h\u00e1 uma semana, por 1 a 0, com gol do volante Alex Santana. O Verd\u00e3o tem de ganhar por dois ou mais gols de diferen\u00e7a para se classificar no tempo normal.\u00a0Se os paulistas igualarem o placar agregado ao final dos 90 minutos, a decis\u00e3o ser\u00e1 na disputa de p\u00eanaltis. Quem avan\u00e7ar, encara o ganhador de Flamengo e V\u00e9lez Sarsfield (Argentina), que duelam na\u00a0quarta-feira (7), \u00e0s 21h30, no Maracan\u00e3, no Rio\u00a0de Janeiro. Os cariocas venceram o jogo de ida por 4 a 0, na \u00faltima\u00a0quarta-feira (31), no est\u00e1dio Jos\u00e9 Amalfitani, na capital argentina Buenos Aires. A decis\u00e3o da Libertadores ser\u00e1 em\u00a029 de outubro, no est\u00e1dio Monumental de Guayaquil (Equador). O Athletico n\u00e3o chegava \u00e0 semifinal da Libertadores desde 2005. Na ocasi\u00e3o, o Rubro-Negro alcan\u00e7ou a \u00fanica final disputada at\u00e9\u00a0hoje, mas foi derrotado pelo S\u00e3o Paulo. O Palmeiras, por sua vez, pode se tornar o clube brasileiro com mais decis\u00f5es do principal torneio sul-americano, caso chegue l\u00e1 pela s\u00e9tima vez, sendo a terceira consecutiva. Embora figurem na parte de cima da tabela do Campeonato Brasileiro, os dois times priorizam a Libertadores. N\u00e3o \u00e0 toa, pouparam titulares nos respectivos compromissos do fim de semana pela competi\u00e7\u00e3o nacional. O Verd\u00e3o empatou por 2 a 2 com o Red Bull Bragantino no est\u00e1dio Nabi Abi Chedid, em Bragan\u00e7a Paulista (SP), mantendo-se com sete pontos de vantagem para o Flamengo na lideran\u00e7a do torneio. O Furac\u00e3o, em sexto lugar, superou o Fluminense por 1 a 0 em Curitiba e ficou a um ponto do G4. No Palmeiras, o t\u00e9cnico Abel Ferreira n\u00e3o poder\u00e1 contar com o volante Danilo, que cumpre o segundo jogo de suspens\u00e3o pela expuls\u00e3o no empate sem gols com o Atl\u00e9tico-MG, no Allianz, na partida de volta do confronto pelas quartas de final. Titular em Curitiba, Gabriel Menino deve seguir no setor. O meia Raphael Veiga, que sofreu uma entorse no tornozelo direito no primeiro duelo com o Athletico, est\u00e1 em recupera\u00e7\u00e3o e participou do treino de\u00a0segunda-feira (5) pela manh\u00e3. A escala\u00e7\u00e3o dele, por\u00e9m, ainda \u00e9 d\u00favida. A prov\u00e1vel escala\u00e7\u00e3o do Verd\u00e3o\u00a0ter\u00e1: Weverton; Marcos Rocha, Gustavo G\u00f3mez, Murilo e Joaqu\u00edn Piquerez; Gabriel Menino, Z\u00e9 Rafael e Raphael Veiga (Bruno Tabata, Jos\u00e9 L\u00f3pez ou Miguel Merentiel); Gustavo Scarpa; Dudu e Rony. Expulso no jogo de ida, o volante Hugo Moura desfalca o Athletico, que tamb\u00e9m n\u00e3o\u00a0ter\u00e1 o t\u00e9cnico Luiz Felipe Scolari, suspenso pelo cart\u00e3o vermelho que recebeu no duelo em Curitiba &#8211; o auxiliar Paulo Turra comandar\u00e1 o time em S\u00e3o Paulo. O volante Christian, o meia Marlos (ambos em transi\u00e7\u00e3o) e o atacante Marcelo Cirino (recupera-se de les\u00e3o no joelho esquerdo) tamb\u00e9m est\u00e3o fora de combate. O Furac\u00e3o deve atuar com: Bento; Khellven, Pedro Henrique, Thiago Helno e Abner Vin\u00edcius; Erick, Fernandinho e David Terans; Vitinho, Agust\u00edn Canobbio e Vitor Roque. Noticias em Destaque Fonte: Agencia Brasil","og_url":"https:\/\/noticiasemdestaque.com\/cd\/?p=42434","og_site_name":"Not&iacute;cias em Destaque","article_published_time":"2022-09-06T15:09:28+00:00","og_image":[{"width":1170,"height":700,"url":"https:\/\/noticiasemdestaque.com\/cd\/wp-content\/uploads\/2022\/09\/athletico_pr_x_palmeiras_semi_1_libertadores.jpg","type":"image\/jpeg"}],"author":"Not\u00edcias em Destaque","twitter_card":"summary_large_image","twitter_misc":{"Escrito por":"Not\u00edcias em Destaque","Est. tempo de leitura":"4 minutos"},"schema":{"@context":"https:\/\/schema.org","@graph":[{"@type":"Article","@id":"https:\/\/noticiasemdestaque.com\/cd\/?p=42434#article","isPartOf":{"@id":"https:\/\/noticiasemdestaque.com\/cd\/?p=42434"},"author":{"name":"Not\u00edcias em Destaque","@id":"https:\/\/noticiasemdestaque.com\/cd\/#\/schema\/person\/4a81fb71f77579d059c3045891fa1786"},"headline":"Palmeiras e Athletico-PR decidem primeiro finalista da Libertadores","datePublished":"2022-09-06T15:09:28+00:00","mainEntityOfPage":{"@id":"https:\/\/noticiasemdestaque.com\/cd\/?p=42434"},"wordCount":600,"publisher":{"@id":"https:\/\/noticiasemdestaque.com\/cd\/#organization"},"image":{"@id":"https:\/\/noticiasemdestaque.com\/cd\/?p=42434#primaryimage"},"thumbnailUrl":"https:\/\/noticiasemdestaque.com\/cd\/wp-content\/uploads\/2022\/09\/athletico_pr_x_palmeiras_semi_1_libertadores.jpg","articleSection":["Esporte"],"inLanguage":"pt-BR"},{"@type":"WebPage","@id":"https:\/\/noticiasemdestaque.com\/cd\/?p=42434","url":"https:\/\/noticiasemdestaque.com\/cd\/?p=42434","name":"Palmeiras e Athletico-PR decidem primeiro finalista da Libertadores - Not&iacute;cias em Destaque","isPartOf":{"@id":"https:\/\/noticiasemdestaque.com\/cd\/#website"},"primaryImageOfPage":{"@id":"https:\/\/noticiasemdestaque.com\/cd\/?p=42434#primaryimage"},"image":{"@id":"https:\/\/noticiasemdestaque.com\/cd\/?p=42434#primaryimage"},"thumbnailUrl":"https:\/\/noticiasemdestaque.com\/cd\/wp-content\/uploads\/2022\/09\/athletico_pr_x_palmeiras_semi_1_libertadores.jpg","datePublished":"2022-09-06T15:09:28+00:00","breadcrumb":{"@id":"https:\/\/noticiasemdestaque.com\/cd\/?p=42434#breadcrumb"},"inLanguage":"pt-BR","potentialAction":[{"@type":"ReadAction","target":["https:\/\/noticiasemdestaque.com\/cd\/?p=42434"]}]},{"@type":"ImageObject","inLanguage":"pt-BR","@id":"https:\/\/noticiasemdestaque.com\/cd\/?p=42434#primaryimage","url":"https:\/\/noticiasemdestaque.com\/cd\/wp-content\/uploads\/2022\/09\/athletico_pr_x_palmeiras_semi_1_libertadores.jpg","contentUrl":"https:\/\/noticiasemdestaque.com\/cd\/wp-content\/uploads\/2022\/09\/athletico_pr_x_palmeiras_semi_1_libertadores.jpg","width":1170,"height":700},{"@type":"BreadcrumbList","@id":"https:\/\/noticiasemdestaque.com\/cd\/?p=42434#breadcrumb","itemListElement":[{"@type":"ListItem","position":1,"name":"In\u00edcio","item":"https:\/\/noticiasemdestaque.com\/cd\/"},{"@type":"ListItem","position":2,"name":"Palmeiras e Athletico-PR decidem primeiro finalista da Libertadores"}]},{"@type":"WebSite","@id":"https:\/\/noticiasemdestaque.com\/cd\/#website","url":"https:\/\/noticiasemdestaque.com\/cd\/","name":"Not&iacute;cias em Destaque","description":"","publisher":{"@id":"https:\/\/noticiasemdestaque.com\/cd\/#organization"},"potentialAction":[{"@type":"SearchAction","target":{"@type":"EntryPoint","urlTemplate":"https:\/\/noticiasemdestaque.com\/cd\/?s={search_term_string}"},"query-input":{"@type":"PropertyValueSpecification","valueRequired":true,"valueName":"search_term_string"}}],"inLanguage":"pt-BR"},{"@type":"Organization","@id":"https:\/\/noticiasemdestaque.com\/cd\/#organization","name":"Not\u00edcias em Destaque","url":"https:\/\/noticiasemdestaque.com\/cd\/","logo":{"@type":"ImageObject","inLanguage":"pt-BR","@id":"https:\/\/noticiasemdestaque.com\/cd\/#\/schema\/logo\/image\/","url":"https:\/\/noticiasemdestaque.com\/cd\/wp-content\/uploads\/2022\/05\/imagem-base-noticiasemdestaque.png","contentUrl":"https:\/\/noticiasemdestaque.com\/cd\/wp-content\/uploads\/2022\/05\/imagem-base-noticiasemdestaque.png","width":1200,"height":630,"caption":"Not\u00edcias em Destaque"},"image":{"@id":"https:\/\/noticiasemdestaque.com\/cd\/#\/schema\/logo\/image\/"}},{"@type":"Person","@id":"https:\/\/noticiasemdestaque.com\/cd\/#\/schema\/person\/4a81fb71f77579d059c3045891fa1786","name":"Not\u00edcias em Destaque","url":"https:\/\/noticiasemdestaque.com\/cd\/?author=2"}]}},"jetpack_featured_media_url":"https:\/\/noticiasemdestaque.com\/cd\/wp-content\/uploads\/2022\/09\/athletico_pr_x_palmeiras_semi_1_libertadores.jpg","jetpack_sharing_enabled":true,"_links":{"self":[{"href":"https:\/\/noticiasemdestaque.com\/cd\/index.php?rest_route=\/wp\/v2\/posts\/42434","targetHints":{"allow":["GET"]}}],"collection":[{"href":"https:\/\/noticiasemdestaque.com\/cd\/index.php?rest_route=\/wp\/v2\/posts"}],"about":[{"href":"https:\/\/noticiasemdestaque.com\/cd\/index.php?rest_route=\/wp\/v2\/types\/post"}],"author":[{"embeddable":true,"href":"https:\/\/noticiasemdestaque.com\/cd\/index.php?rest_route=\/wp\/v2\/users\/2"}],"replies":[{"embeddable":true,"href":"https:\/\/noticiasemdestaque.com\/cd\/index.php?rest_route=%2Fwp%2Fv2%2Fcomments&post=42434"}],"version-history":[{"count":1,"href":"https:\/\/noticiasemdestaque.com\/cd\/index.php?rest_route=\/wp\/v2\/posts\/42434\/revisions"}],"predecessor-version":[{"id":42436,"href":"https:\/\/noticiasemdestaque.com\/cd\/index.php?rest_route=\/wp\/v2\/posts\/42434\/revisions\/42436"}],"wp:featuredmedia":[{"embeddable":true,"href":"https:\/\/noticiasemdestaque.com\/cd\/index.php?rest_route=\/wp\/v2\/media\/42435"}],"wp:attachment":[{"href":"https:\/\/noticiasemdestaque.com\/cd\/index.php?rest_route=%2Fwp%2Fv2%2Fmedia&parent=42434"}],"wp:term":[{"taxonomy":"category","embeddable":true,"href":"https:\/\/noticiasemdestaque.com\/cd\/index.php?rest_route=%2Fwp%2Fv2%2Fcategories&post=42434"},{"taxonomy":"post_tag","embeddable":true,"href":"https:\/\/noticiasemdestaque.com\/cd\/index.php?rest_route=%2Fwp%2Fv2%2Ftags&post=42434"}],"curies":[{"name":"wp","href":"https:\/\/api.w.org\/{rel}","templated":true}]}}