{"id":42431,"date":"2022-09-06T07:03:20","date_gmt":"2022-09-06T10:03:20","guid":{"rendered":"https:\/\/noticiasemdestaque.com\/cd\/?p=42431"},"modified":"2022-09-06T07:03:20","modified_gmt":"2022-09-06T10:03:20","slug":"repescagem-do-auxilio-caminhoneiro-sera-paga-hoje","status":"publish","type":"post","link":"https:\/\/noticiasemdestaque.com\/cd\/?p=42431","title":{"rendered":"Repescagem do Aux\u00edlio Caminhoneiro ser\u00e1 paga hoje"},"content":{"rendered":"<p><a href=\"https:\/\/noticiasemdestaque.com\/cd\/wp-content\/uploads\/2022\/09\/caminhoneiros.jpg\"><img fetchpriority=\"high\" decoding=\"async\" class=\"size-medium wp-image-42432\" src=\"https:\/\/noticiasemdestaque.com\/cd\/wp-content\/uploads\/2022\/09\/caminhoneiros-300x179.jpg\" alt=\"\" width=\"300\" height=\"179\" srcset=\"https:\/\/noticiasemdestaque.com\/cd\/wp-content\/uploads\/2022\/09\/caminhoneiros-300x179.jpg 300w, https:\/\/noticiasemdestaque.com\/cd\/wp-content\/uploads\/2022\/09\/caminhoneiros-1024x613.jpg 1024w, https:\/\/noticiasemdestaque.com\/cd\/wp-content\/uploads\/2022\/09\/caminhoneiros-768x459.jpg 768w, https:\/\/noticiasemdestaque.com\/cd\/wp-content\/uploads\/2022\/09\/caminhoneiros-18x12.jpg 18w, https:\/\/noticiasemdestaque.com\/cd\/wp-content\/uploads\/2022\/09\/caminhoneiros.jpg 1170w\" sizes=\"(max-width: 300px) 100vw, 300px\" \/><\/a><\/p>\n<p>Cerca de 130 mil motoristas de carga aut\u00f4nomos que enviaram a autodeclara\u00e7\u00e3o at\u00e9 as 18h30 de 29 de agosto recebem hoje (6) a repescagem das duas primeiras parcelas do Aux\u00edlio Caminhoneiro, benef\u00edcio emergencial para repor os efeitos do aumento do diesel neste ano. Como cada parcela equivale a R$ 1 mil, cada caminhoneiro receber\u00e1 R$ 2 mil.<\/p>\n<p>&nbsp;<\/p>\n<p>O dinheiro ser\u00e1 depositado nas contas poupan\u00e7a sociais digitais e poder\u00e1 ser movimentado por meio do aplicativo Caixa Tem, que permite a compra em lojas virtuais cadastradas, o pagamento de contas dom\u00e9sticas e a transfer\u00eancia para qualquer conta banc\u00e1ria.<\/p>\n<p>&nbsp;<\/p>\n<p>Criado pela emenda constitucional que criou estado de emerg\u00eancia por causa da alta do pre\u00e7o dos combust\u00edveis, o Aux\u00edlio Caminhoneiro ser\u00e1 pago at\u00e9 dezembro. A emenda elevou benef\u00edcios sociais e instituiu aux\u00edlios emergenciais at\u00e9 o fim do ano.<\/p>\n<p>&nbsp;<\/p>\n<p>Autodeclara\u00e7\u00e3o<\/p>\n<p>Diferentemente do Aux\u00edlio Taxista, em que o cadastro \u00e9 feito unicamente pelas prefeituras, o Aux\u00edlio Caminhoneiro conta com um portal para o caminhoneiro pedir o benef\u00edcio. Desde 15 de agosto, os transportadores aut\u00f4nomos de carga (TAC) podem fazer a Autodeclara\u00e7\u00e3o do Termo de Registro para receber o BEm Caminhoneiro-TAC.<\/p>\n<p>&nbsp;<\/p>\n<p>Na semana passada, o Minist\u00e9rio do Trabalho e Previd\u00eancia prorrogou o prazo de entrega da autodeclara\u00e7\u00e3o at\u00e9 12 de setembro. Dessa forma, quem fizer o procedimento entre as 18h30 de 29 de agosto at\u00e9 12 de setembro receber\u00e1 a primeira, a segunda e a terceira parcelas em 24 de setembro. Quem tinha acesso ao benef\u00edcio receber\u00e1 normalmente a terceira parcela na data.<\/p>\n<p>&nbsp;<\/p>\n<p>A autodeclara\u00e7\u00e3o pode ser feita pelo Portal Emprega Brasil ou pelo aplicativo da Carteira de Trabalho Digital. Ap\u00f3s o prazo, os caminhoneiros somente ter\u00e3o direito a receber o benef\u00edcio a partir do m\u00eas do envio dos dados, desde que atendidos os demais requisitos legais. Nesse caso, n\u00e3o ser\u00e1 feito o pagamento retroativo.<\/p>\n<p>&nbsp;<\/p>\n<p>Quem tem direito<\/p>\n<p>Ter\u00e3o direito ao benef\u00edcio os transportadores de carga aut\u00f4nomos cadastrados no Registro Nacional de Transportadores Rodovi\u00e1rios de Cargas (RNTR-C) da Ag\u00eancia Nacional de Transportes Terrestres (ANTT) at\u00e9 31 de maio deste ano. Os profissionais dever\u00e3o estar com a Carteira Nacional de Habilita\u00e7\u00e3o (CNH) e o CPF v\u00e1lidos, entre outras exig\u00eancias.<\/p>\n<p>&nbsp;<\/p>\n<p>Tamb\u00e9m chamado de Benef\u00edcio Emergencial Caminhoneiro (BEm-Caminhoneiro), o aux\u00edlio ser\u00e1 pago a cada transportador aut\u00f4nomo, independentemente da quantidade de ve\u00edculos que possuir. O pagamento do BEm-Caminhoneiro vai ser revisado mensalmente. Para os pr\u00f3ximos lotes de pagamento, a ANTT vai encaminhar ao Minist\u00e9rio do Trabalho e Previd\u00eancia a rela\u00e7\u00e3o dos transportadores aut\u00f4nomos de cargas que estiverem na situa\u00e7\u00e3o &#8220;ativo\u201d no RNTR-C.<\/p>\n<p>&nbsp;<\/p>\n<p>Aux\u00edlio Taxista<\/p>\n<p>No \u00faltimo dia 30, os taxistas receberam a repescagem do benef\u00edcio emergencial para a categoria. Eles tamb\u00e9m ganharam as duas parcelas do benef\u00edcio (julho e agosto), de at\u00e9 R$ 1 mil cada uma. A terceira parcela ser\u00e1 paga em 24 de setembro.<\/p>\n<p>&nbsp;<\/p>\n<p>Ter\u00e3o direito ao benef\u00edcio os motoristas de t\u00e1xi registrados nas prefeituras, titulares de concess\u00f5es ou alvar\u00e1s expedido at\u00e9 31 de maio. N\u00e3o ser\u00e1 necess\u00e1ria qualquer a\u00e7\u00e3o por parte dos taxistas. Em caso de d\u00favidas, o motorista deve entrar em contato com a prefeitura para verificar o cadastro municipal. A presta\u00e7\u00e3o das informa\u00e7\u00f5es caber\u00e1 inteiramente \u00e0s prefeituras (ou ao governo do Distrito Federal, no caso da capital federal).<\/p>\n<p>&nbsp;<\/p>\n<p>Calend\u00e1rio do Aux\u00edlio Caminhoneiro 2022<\/p>\n<p>Parcela\/Data de pagamento<\/p>\n<p>&nbsp;<\/p>\n<p><strong><strong>1\u00aa e 2\u00aa parcelas<\/strong><\/strong><\/p>\n<div class=\"mceTemp\"><\/div>\n<p>16\/8<\/p>\n<p>&nbsp;<\/p>\n<p><strong>1\u00aa e 2\u00aa parcelas (repescagem)<\/strong><\/p>\n<p>30\/8<\/p>\n<p>&nbsp;<\/p>\n<p><strong>3\u00aa parcela<\/strong><\/p>\n<p>24\/9<\/p>\n<p>&nbsp;<\/p>\n<p><strong>4\u00aa parcela<\/strong><\/p>\n<p>22\/10<\/p>\n<p>&nbsp;<\/p>\n<p><strong>5\u00aa parcela<\/strong><\/p>\n<p>26\/11<\/p>\n<p>&nbsp;<\/p>\n<p><strong>6\u00aa parcela<\/strong><\/p>\n<p>17\/12<\/p>\n<p><strong>Noticias em Destaque<\/strong><\/p>\n<p style=\"text-align: right;\">Fonte: Ag\u00eancia Brasil\/Caixa Econ\u00f4mica Federal<\/p>\n","protected":false},"excerpt":{"rendered":"<p>Cerca de 130 mil motoristas de carga aut\u00f4nomos que enviaram a autodeclara\u00e7\u00e3o at\u00e9 as 18h30 de 29 de agosto recebem hoje (6) a repescagem das duas primeiras parcelas do Aux\u00edlio Caminhoneiro, benef\u00edcio emergencial para repor os efeitos do aumento do diesel neste ano. Como cada parcela equivale a R$ 1 mil, cada caminhoneiro receber\u00e1 R$ 2 mil. &nbsp; O dinheiro ser\u00e1 depositado nas contas poupan\u00e7a sociais digitais e poder\u00e1 ser movimentado por meio do aplicativo Caixa Tem, que permite a compra em lojas virtuais cadastradas, o pagamento de contas dom\u00e9sticas e a transfer\u00eancia para qualquer conta banc\u00e1ria. &nbsp; Criado pela emenda constitucional que criou estado de emerg\u00eancia por causa da alta do pre\u00e7o dos combust\u00edveis, o Aux\u00edlio Caminhoneiro ser\u00e1 pago at\u00e9 dezembro. A emenda elevou benef\u00edcios sociais e instituiu aux\u00edlios emergenciais at\u00e9 o fim do ano. &nbsp; Autodeclara\u00e7\u00e3o Diferentemente do Aux\u00edlio Taxista, em que o cadastro \u00e9 feito unicamente pelas prefeituras, o Aux\u00edlio Caminhoneiro conta com um portal para o caminhoneiro pedir o benef\u00edcio. Desde 15 de agosto, os transportadores aut\u00f4nomos de carga (TAC) podem fazer a Autodeclara\u00e7\u00e3o do Termo de Registro para receber o BEm Caminhoneiro-TAC. &nbsp; Na semana passada, o Minist\u00e9rio do Trabalho e Previd\u00eancia prorrogou o prazo de entrega da autodeclara\u00e7\u00e3o at\u00e9 12 de setembro. Dessa forma, quem fizer o procedimento entre as 18h30 de 29 de agosto at\u00e9 12 de setembro receber\u00e1 a primeira, a segunda e a terceira parcelas em 24 de setembro. Quem tinha acesso ao benef\u00edcio receber\u00e1 normalmente a terceira parcela na data. &nbsp; A autodeclara\u00e7\u00e3o pode ser feita pelo Portal Emprega Brasil ou pelo aplicativo da Carteira de Trabalho Digital. Ap\u00f3s o prazo, os caminhoneiros somente ter\u00e3o direito a receber o benef\u00edcio a partir do m\u00eas do envio dos dados, desde que atendidos os demais requisitos legais. Nesse caso, n\u00e3o ser\u00e1 feito o pagamento retroativo. &nbsp; Quem tem direito Ter\u00e3o direito ao benef\u00edcio os transportadores de carga aut\u00f4nomos cadastrados no Registro Nacional de Transportadores Rodovi\u00e1rios de Cargas (RNTR-C) da Ag\u00eancia Nacional de Transportes Terrestres (ANTT) at\u00e9 31 de maio deste ano. Os profissionais dever\u00e3o estar com a Carteira Nacional de Habilita\u00e7\u00e3o (CNH) e o CPF v\u00e1lidos, entre outras exig\u00eancias. &nbsp; Tamb\u00e9m chamado de Benef\u00edcio Emergencial Caminhoneiro (BEm-Caminhoneiro), o aux\u00edlio ser\u00e1 pago a cada transportador aut\u00f4nomo, independentemente da quantidade de ve\u00edculos que possuir. O pagamento do BEm-Caminhoneiro vai ser revisado mensalmente. Para os pr\u00f3ximos lotes de pagamento, a ANTT vai encaminhar ao Minist\u00e9rio do Trabalho e Previd\u00eancia a rela\u00e7\u00e3o dos transportadores aut\u00f4nomos de cargas que estiverem na situa\u00e7\u00e3o &#8220;ativo\u201d no RNTR-C. &nbsp; Aux\u00edlio Taxista No \u00faltimo dia 30, os taxistas receberam a repescagem do benef\u00edcio emergencial para a categoria. Eles tamb\u00e9m ganharam as duas parcelas do benef\u00edcio (julho e agosto), de at\u00e9 R$ 1 mil cada uma. A terceira parcela ser\u00e1 paga em 24 de setembro. &nbsp; Ter\u00e3o direito ao benef\u00edcio os motoristas de t\u00e1xi registrados nas prefeituras, titulares de concess\u00f5es ou alvar\u00e1s expedido at\u00e9 31 de maio. N\u00e3o ser\u00e1 necess\u00e1ria qualquer a\u00e7\u00e3o por parte dos taxistas. Em caso de d\u00favidas, o motorista deve entrar em contato com a prefeitura para verificar o cadastro municipal. A presta\u00e7\u00e3o das informa\u00e7\u00f5es caber\u00e1 inteiramente \u00e0s prefeituras (ou ao governo do Distrito Federal, no caso da capital federal). &nbsp; Calend\u00e1rio do Aux\u00edlio Caminhoneiro 2022 Parcela\/Data de pagamento &nbsp; 1\u00aa e 2\u00aa parcelas 16\/8 &nbsp; 1\u00aa e 2\u00aa parcelas (repescagem) 30\/8 &nbsp; 3\u00aa parcela 24\/9 &nbsp; 4\u00aa parcela 22\/10 &nbsp; 5\u00aa parcela 26\/11 &nbsp; 6\u00aa parcela 17\/12 Noticias em Destaque Fonte: Ag\u00eancia Brasil\/Caixa Econ\u00f4mica Federal<\/p>\n","protected":false},"author":2,"featured_media":42432,"comment_status":"closed","ping_status":"open","sticky":false,"template":"","format":"standard","meta":{"_eb_attr":"","_jetpack_memberships_contains_paid_content":false,"footnotes":""},"categories":[11],"tags":[],"class_list":["post-42431","post","type-post","status-publish","format-standard","has-post-thumbnail","hentry","category-economia"],"yoast_head":"<!-- This site is optimized with the Yoast SEO plugin v26.5 - https:\/\/yoast.com\/wordpress\/plugins\/seo\/ -->\n<title>Repescagem do Aux\u00edlio Caminhoneiro ser\u00e1 paga hoje - Not&iacute;cias em Destaque<\/title>\n<meta name=\"robots\" content=\"index, follow, max-snippet:-1, max-image-preview:large, max-video-preview:-1\" \/>\n<link rel=\"canonical\" href=\"https:\/\/noticiasemdestaque.com\/cd\/?p=42431\" \/>\n<meta property=\"og:locale\" content=\"pt_BR\" \/>\n<meta property=\"og:type\" content=\"article\" \/>\n<meta property=\"og:title\" content=\"Repescagem do Aux\u00edlio Caminhoneiro ser\u00e1 paga hoje - Not&iacute;cias em Destaque\" \/>\n<meta property=\"og:description\" content=\"Cerca de 130 mil motoristas de carga aut\u00f4nomos que enviaram a autodeclara\u00e7\u00e3o at\u00e9 as 18h30 de 29 de agosto recebem hoje (6) a repescagem das duas primeiras parcelas do Aux\u00edlio Caminhoneiro, benef\u00edcio emergencial para repor os efeitos do aumento do diesel neste ano. Como cada parcela equivale a R$ 1 mil, cada caminhoneiro receber\u00e1 R$ 2 mil. &nbsp; O dinheiro ser\u00e1 depositado nas contas poupan\u00e7a sociais digitais e poder\u00e1 ser movimentado por meio do aplicativo Caixa Tem, que permite a compra em lojas virtuais cadastradas, o pagamento de contas dom\u00e9sticas e a transfer\u00eancia para qualquer conta banc\u00e1ria. &nbsp; Criado pela emenda constitucional que criou estado de emerg\u00eancia por causa da alta do pre\u00e7o dos combust\u00edveis, o Aux\u00edlio Caminhoneiro ser\u00e1 pago at\u00e9 dezembro. A emenda elevou benef\u00edcios sociais e instituiu aux\u00edlios emergenciais at\u00e9 o fim do ano. &nbsp; Autodeclara\u00e7\u00e3o Diferentemente do Aux\u00edlio Taxista, em que o cadastro \u00e9 feito unicamente pelas prefeituras, o Aux\u00edlio Caminhoneiro conta com um portal para o caminhoneiro pedir o benef\u00edcio. Desde 15 de agosto, os transportadores aut\u00f4nomos de carga (TAC) podem fazer a Autodeclara\u00e7\u00e3o do Termo de Registro para receber o BEm Caminhoneiro-TAC. &nbsp; Na semana passada, o Minist\u00e9rio do Trabalho e Previd\u00eancia prorrogou o prazo de entrega da autodeclara\u00e7\u00e3o at\u00e9 12 de setembro. Dessa forma, quem fizer o procedimento entre as 18h30 de 29 de agosto at\u00e9 12 de setembro receber\u00e1 a primeira, a segunda e a terceira parcelas em 24 de setembro. Quem tinha acesso ao benef\u00edcio receber\u00e1 normalmente a terceira parcela na data. &nbsp; A autodeclara\u00e7\u00e3o pode ser feita pelo Portal Emprega Brasil ou pelo aplicativo da Carteira de Trabalho Digital. Ap\u00f3s o prazo, os caminhoneiros somente ter\u00e3o direito a receber o benef\u00edcio a partir do m\u00eas do envio dos dados, desde que atendidos os demais requisitos legais. Nesse caso, n\u00e3o ser\u00e1 feito o pagamento retroativo. &nbsp; Quem tem direito Ter\u00e3o direito ao benef\u00edcio os transportadores de carga aut\u00f4nomos cadastrados no Registro Nacional de Transportadores Rodovi\u00e1rios de Cargas (RNTR-C) da Ag\u00eancia Nacional de Transportes Terrestres (ANTT) at\u00e9 31 de maio deste ano. Os profissionais dever\u00e3o estar com a Carteira Nacional de Habilita\u00e7\u00e3o (CNH) e o CPF v\u00e1lidos, entre outras exig\u00eancias. &nbsp; Tamb\u00e9m chamado de Benef\u00edcio Emergencial Caminhoneiro (BEm-Caminhoneiro), o aux\u00edlio ser\u00e1 pago a cada transportador aut\u00f4nomo, independentemente da quantidade de ve\u00edculos que possuir. O pagamento do BEm-Caminhoneiro vai ser revisado mensalmente. Para os pr\u00f3ximos lotes de pagamento, a ANTT vai encaminhar ao Minist\u00e9rio do Trabalho e Previd\u00eancia a rela\u00e7\u00e3o dos transportadores aut\u00f4nomos de cargas que estiverem na situa\u00e7\u00e3o &#8220;ativo\u201d no RNTR-C. &nbsp; Aux\u00edlio Taxista No \u00faltimo dia 30, os taxistas receberam a repescagem do benef\u00edcio emergencial para a categoria. Eles tamb\u00e9m ganharam as duas parcelas do benef\u00edcio (julho e agosto), de at\u00e9 R$ 1 mil cada uma. A terceira parcela ser\u00e1 paga em 24 de setembro. &nbsp; Ter\u00e3o direito ao benef\u00edcio os motoristas de t\u00e1xi registrados nas prefeituras, titulares de concess\u00f5es ou alvar\u00e1s expedido at\u00e9 31 de maio. N\u00e3o ser\u00e1 necess\u00e1ria qualquer a\u00e7\u00e3o por parte dos taxistas. Em caso de d\u00favidas, o motorista deve entrar em contato com a prefeitura para verificar o cadastro municipal. A presta\u00e7\u00e3o das informa\u00e7\u00f5es caber\u00e1 inteiramente \u00e0s prefeituras (ou ao governo do Distrito Federal, no caso da capital federal). &nbsp; Calend\u00e1rio do Aux\u00edlio Caminhoneiro 2022 Parcela\/Data de pagamento &nbsp; 1\u00aa e 2\u00aa parcelas 16\/8 &nbsp; 1\u00aa e 2\u00aa parcelas (repescagem) 30\/8 &nbsp; 3\u00aa parcela 24\/9 &nbsp; 4\u00aa parcela 22\/10 &nbsp; 5\u00aa parcela 26\/11 &nbsp; 6\u00aa parcela 17\/12 Noticias em Destaque Fonte: Ag\u00eancia Brasil\/Caixa Econ\u00f4mica Federal\" \/>\n<meta property=\"og:url\" content=\"https:\/\/noticiasemdestaque.com\/cd\/?p=42431\" \/>\n<meta property=\"og:site_name\" content=\"Not&iacute;cias em Destaque\" \/>\n<meta property=\"article:published_time\" content=\"2022-09-06T10:03:20+00:00\" \/>\n<meta property=\"og:image\" content=\"https:\/\/noticiasemdestaque.com\/cd\/wp-content\/uploads\/2022\/09\/caminhoneiros.jpg\" \/>\n\t<meta property=\"og:image:width\" content=\"1170\" \/>\n\t<meta property=\"og:image:height\" content=\"700\" \/>\n\t<meta property=\"og:image:type\" content=\"image\/jpeg\" \/>\n<meta name=\"author\" content=\"Not\u00edcias em Destaque\" \/>\n<meta name=\"twitter:card\" content=\"summary_large_image\" \/>\n<meta name=\"twitter:label1\" content=\"Escrito por\" \/>\n\t<meta name=\"twitter:data1\" content=\"Not\u00edcias em Destaque\" \/>\n\t<meta name=\"twitter:label2\" content=\"Est. tempo de leitura\" \/>\n\t<meta name=\"twitter:data2\" content=\"4 minutos\" \/>\n<script type=\"application\/ld+json\" class=\"yoast-schema-graph\">{\"@context\":\"https:\/\/schema.org\",\"@graph\":[{\"@type\":\"Article\",\"@id\":\"https:\/\/noticiasemdestaque.com\/cd\/?p=42431#article\",\"isPartOf\":{\"@id\":\"https:\/\/noticiasemdestaque.com\/cd\/?p=42431\"},\"author\":{\"name\":\"Not\u00edcias em Destaque\",\"@id\":\"https:\/\/noticiasemdestaque.com\/cd\/#\/schema\/person\/4a81fb71f77579d059c3045891fa1786\"},\"headline\":\"Repescagem do Aux\u00edlio Caminhoneiro ser\u00e1 paga hoje\",\"datePublished\":\"2022-09-06T10:03:20+00:00\",\"mainEntityOfPage\":{\"@id\":\"https:\/\/noticiasemdestaque.com\/cd\/?p=42431\"},\"wordCount\":625,\"publisher\":{\"@id\":\"https:\/\/noticiasemdestaque.com\/cd\/#organization\"},\"image\":{\"@id\":\"https:\/\/noticiasemdestaque.com\/cd\/?p=42431#primaryimage\"},\"thumbnailUrl\":\"https:\/\/noticiasemdestaque.com\/cd\/wp-content\/uploads\/2022\/09\/caminhoneiros.jpg\",\"articleSection\":[\"Economia\"],\"inLanguage\":\"pt-BR\"},{\"@type\":\"WebPage\",\"@id\":\"https:\/\/noticiasemdestaque.com\/cd\/?p=42431\",\"url\":\"https:\/\/noticiasemdestaque.com\/cd\/?p=42431\",\"name\":\"Repescagem do Aux\u00edlio Caminhoneiro ser\u00e1 paga hoje - Not&iacute;cias em Destaque\",\"isPartOf\":{\"@id\":\"https:\/\/noticiasemdestaque.com\/cd\/#website\"},\"primaryImageOfPage\":{\"@id\":\"https:\/\/noticiasemdestaque.com\/cd\/?p=42431#primaryimage\"},\"image\":{\"@id\":\"https:\/\/noticiasemdestaque.com\/cd\/?p=42431#primaryimage\"},\"thumbnailUrl\":\"https:\/\/noticiasemdestaque.com\/cd\/wp-content\/uploads\/2022\/09\/caminhoneiros.jpg\",\"datePublished\":\"2022-09-06T10:03:20+00:00\",\"breadcrumb\":{\"@id\":\"https:\/\/noticiasemdestaque.com\/cd\/?p=42431#breadcrumb\"},\"inLanguage\":\"pt-BR\",\"potentialAction\":[{\"@type\":\"ReadAction\",\"target\":[\"https:\/\/noticiasemdestaque.com\/cd\/?p=42431\"]}]},{\"@type\":\"ImageObject\",\"inLanguage\":\"pt-BR\",\"@id\":\"https:\/\/noticiasemdestaque.com\/cd\/?p=42431#primaryimage\",\"url\":\"https:\/\/noticiasemdestaque.com\/cd\/wp-content\/uploads\/2022\/09\/caminhoneiros.jpg\",\"contentUrl\":\"https:\/\/noticiasemdestaque.com\/cd\/wp-content\/uploads\/2022\/09\/caminhoneiros.jpg\",\"width\":1170,\"height\":700,\"caption\":\"Caminhoneiros fazem paraliza\u00e7\u00e3o na BR 101, Niter\u00f3i-Manilha, na altura de Itabora\u00ed, no Rio de Janeiro.\"},{\"@type\":\"BreadcrumbList\",\"@id\":\"https:\/\/noticiasemdestaque.com\/cd\/?p=42431#breadcrumb\",\"itemListElement\":[{\"@type\":\"ListItem\",\"position\":1,\"name\":\"In\u00edcio\",\"item\":\"https:\/\/noticiasemdestaque.com\/cd\/\"},{\"@type\":\"ListItem\",\"position\":2,\"name\":\"Repescagem do Aux\u00edlio Caminhoneiro ser\u00e1 paga hoje\"}]},{\"@type\":\"WebSite\",\"@id\":\"https:\/\/noticiasemdestaque.com\/cd\/#website\",\"url\":\"https:\/\/noticiasemdestaque.com\/cd\/\",\"name\":\"Not&iacute;cias em Destaque\",\"description\":\"\",\"publisher\":{\"@id\":\"https:\/\/noticiasemdestaque.com\/cd\/#organization\"},\"potentialAction\":[{\"@type\":\"SearchAction\",\"target\":{\"@type\":\"EntryPoint\",\"urlTemplate\":\"https:\/\/noticiasemdestaque.com\/cd\/?s={search_term_string}\"},\"query-input\":{\"@type\":\"PropertyValueSpecification\",\"valueRequired\":true,\"valueName\":\"search_term_string\"}}],\"inLanguage\":\"pt-BR\"},{\"@type\":\"Organization\",\"@id\":\"https:\/\/noticiasemdestaque.com\/cd\/#organization\",\"name\":\"Not\u00edcias em Destaque\",\"url\":\"https:\/\/noticiasemdestaque.com\/cd\/\",\"logo\":{\"@type\":\"ImageObject\",\"inLanguage\":\"pt-BR\",\"@id\":\"https:\/\/noticiasemdestaque.com\/cd\/#\/schema\/logo\/image\/\",\"url\":\"https:\/\/noticiasemdestaque.com\/cd\/wp-content\/uploads\/2022\/05\/imagem-base-noticiasemdestaque.png\",\"contentUrl\":\"https:\/\/noticiasemdestaque.com\/cd\/wp-content\/uploads\/2022\/05\/imagem-base-noticiasemdestaque.png\",\"width\":1200,\"height\":630,\"caption\":\"Not\u00edcias em Destaque\"},\"image\":{\"@id\":\"https:\/\/noticiasemdestaque.com\/cd\/#\/schema\/logo\/image\/\"}},{\"@type\":\"Person\",\"@id\":\"https:\/\/noticiasemdestaque.com\/cd\/#\/schema\/person\/4a81fb71f77579d059c3045891fa1786\",\"name\":\"Not\u00edcias em Destaque\",\"url\":\"https:\/\/noticiasemdestaque.com\/cd\/?author=2\"}]}<\/script>\n<!-- \/ Yoast SEO plugin. -->","yoast_head_json":{"title":"Repescagem do Aux\u00edlio Caminhoneiro ser\u00e1 paga hoje - Not&iacute;cias em Destaque","robots":{"index":"index","follow":"follow","max-snippet":"max-snippet:-1","max-image-preview":"max-image-preview:large","max-video-preview":"max-video-preview:-1"},"canonical":"https:\/\/noticiasemdestaque.com\/cd\/?p=42431","og_locale":"pt_BR","og_type":"article","og_title":"Repescagem do Aux\u00edlio Caminhoneiro ser\u00e1 paga hoje - Not&iacute;cias em Destaque","og_description":"Cerca de 130 mil motoristas de carga aut\u00f4nomos que enviaram a autodeclara\u00e7\u00e3o at\u00e9 as 18h30 de 29 de agosto recebem hoje (6) a repescagem das duas primeiras parcelas do Aux\u00edlio Caminhoneiro, benef\u00edcio emergencial para repor os efeitos do aumento do diesel neste ano. Como cada parcela equivale a R$ 1 mil, cada caminhoneiro receber\u00e1 R$ 2 mil. &nbsp; O dinheiro ser\u00e1 depositado nas contas poupan\u00e7a sociais digitais e poder\u00e1 ser movimentado por meio do aplicativo Caixa Tem, que permite a compra em lojas virtuais cadastradas, o pagamento de contas dom\u00e9sticas e a transfer\u00eancia para qualquer conta banc\u00e1ria. &nbsp; Criado pela emenda constitucional que criou estado de emerg\u00eancia por causa da alta do pre\u00e7o dos combust\u00edveis, o Aux\u00edlio Caminhoneiro ser\u00e1 pago at\u00e9 dezembro. A emenda elevou benef\u00edcios sociais e instituiu aux\u00edlios emergenciais at\u00e9 o fim do ano. &nbsp; Autodeclara\u00e7\u00e3o Diferentemente do Aux\u00edlio Taxista, em que o cadastro \u00e9 feito unicamente pelas prefeituras, o Aux\u00edlio Caminhoneiro conta com um portal para o caminhoneiro pedir o benef\u00edcio. Desde 15 de agosto, os transportadores aut\u00f4nomos de carga (TAC) podem fazer a Autodeclara\u00e7\u00e3o do Termo de Registro para receber o BEm Caminhoneiro-TAC. &nbsp; Na semana passada, o Minist\u00e9rio do Trabalho e Previd\u00eancia prorrogou o prazo de entrega da autodeclara\u00e7\u00e3o at\u00e9 12 de setembro. Dessa forma, quem fizer o procedimento entre as 18h30 de 29 de agosto at\u00e9 12 de setembro receber\u00e1 a primeira, a segunda e a terceira parcelas em 24 de setembro. Quem tinha acesso ao benef\u00edcio receber\u00e1 normalmente a terceira parcela na data. &nbsp; A autodeclara\u00e7\u00e3o pode ser feita pelo Portal Emprega Brasil ou pelo aplicativo da Carteira de Trabalho Digital. Ap\u00f3s o prazo, os caminhoneiros somente ter\u00e3o direito a receber o benef\u00edcio a partir do m\u00eas do envio dos dados, desde que atendidos os demais requisitos legais. Nesse caso, n\u00e3o ser\u00e1 feito o pagamento retroativo. &nbsp; Quem tem direito Ter\u00e3o direito ao benef\u00edcio os transportadores de carga aut\u00f4nomos cadastrados no Registro Nacional de Transportadores Rodovi\u00e1rios de Cargas (RNTR-C) da Ag\u00eancia Nacional de Transportes Terrestres (ANTT) at\u00e9 31 de maio deste ano. Os profissionais dever\u00e3o estar com a Carteira Nacional de Habilita\u00e7\u00e3o (CNH) e o CPF v\u00e1lidos, entre outras exig\u00eancias. &nbsp; Tamb\u00e9m chamado de Benef\u00edcio Emergencial Caminhoneiro (BEm-Caminhoneiro), o aux\u00edlio ser\u00e1 pago a cada transportador aut\u00f4nomo, independentemente da quantidade de ve\u00edculos que possuir. O pagamento do BEm-Caminhoneiro vai ser revisado mensalmente. Para os pr\u00f3ximos lotes de pagamento, a ANTT vai encaminhar ao Minist\u00e9rio do Trabalho e Previd\u00eancia a rela\u00e7\u00e3o dos transportadores aut\u00f4nomos de cargas que estiverem na situa\u00e7\u00e3o &#8220;ativo\u201d no RNTR-C. &nbsp; Aux\u00edlio Taxista No \u00faltimo dia 30, os taxistas receberam a repescagem do benef\u00edcio emergencial para a categoria. Eles tamb\u00e9m ganharam as duas parcelas do benef\u00edcio (julho e agosto), de at\u00e9 R$ 1 mil cada uma. A terceira parcela ser\u00e1 paga em 24 de setembro. &nbsp; Ter\u00e3o direito ao benef\u00edcio os motoristas de t\u00e1xi registrados nas prefeituras, titulares de concess\u00f5es ou alvar\u00e1s expedido at\u00e9 31 de maio. N\u00e3o ser\u00e1 necess\u00e1ria qualquer a\u00e7\u00e3o por parte dos taxistas. Em caso de d\u00favidas, o motorista deve entrar em contato com a prefeitura para verificar o cadastro municipal. A presta\u00e7\u00e3o das informa\u00e7\u00f5es caber\u00e1 inteiramente \u00e0s prefeituras (ou ao governo do Distrito Federal, no caso da capital federal). &nbsp; Calend\u00e1rio do Aux\u00edlio Caminhoneiro 2022 Parcela\/Data de pagamento &nbsp; 1\u00aa e 2\u00aa parcelas 16\/8 &nbsp; 1\u00aa e 2\u00aa parcelas (repescagem) 30\/8 &nbsp; 3\u00aa parcela 24\/9 &nbsp; 4\u00aa parcela 22\/10 &nbsp; 5\u00aa parcela 26\/11 &nbsp; 6\u00aa parcela 17\/12 Noticias em Destaque Fonte: Ag\u00eancia Brasil\/Caixa Econ\u00f4mica Federal","og_url":"https:\/\/noticiasemdestaque.com\/cd\/?p=42431","og_site_name":"Not&iacute;cias em Destaque","article_published_time":"2022-09-06T10:03:20+00:00","og_image":[{"width":1170,"height":700,"url":"https:\/\/noticiasemdestaque.com\/cd\/wp-content\/uploads\/2022\/09\/caminhoneiros.jpg","type":"image\/jpeg"}],"author":"Not\u00edcias em Destaque","twitter_card":"summary_large_image","twitter_misc":{"Escrito por":"Not\u00edcias em Destaque","Est. tempo de leitura":"4 minutos"},"schema":{"@context":"https:\/\/schema.org","@graph":[{"@type":"Article","@id":"https:\/\/noticiasemdestaque.com\/cd\/?p=42431#article","isPartOf":{"@id":"https:\/\/noticiasemdestaque.com\/cd\/?p=42431"},"author":{"name":"Not\u00edcias em Destaque","@id":"https:\/\/noticiasemdestaque.com\/cd\/#\/schema\/person\/4a81fb71f77579d059c3045891fa1786"},"headline":"Repescagem do Aux\u00edlio Caminhoneiro ser\u00e1 paga hoje","datePublished":"2022-09-06T10:03:20+00:00","mainEntityOfPage":{"@id":"https:\/\/noticiasemdestaque.com\/cd\/?p=42431"},"wordCount":625,"publisher":{"@id":"https:\/\/noticiasemdestaque.com\/cd\/#organization"},"image":{"@id":"https:\/\/noticiasemdestaque.com\/cd\/?p=42431#primaryimage"},"thumbnailUrl":"https:\/\/noticiasemdestaque.com\/cd\/wp-content\/uploads\/2022\/09\/caminhoneiros.jpg","articleSection":["Economia"],"inLanguage":"pt-BR"},{"@type":"WebPage","@id":"https:\/\/noticiasemdestaque.com\/cd\/?p=42431","url":"https:\/\/noticiasemdestaque.com\/cd\/?p=42431","name":"Repescagem do Aux\u00edlio Caminhoneiro ser\u00e1 paga hoje - Not&iacute;cias em Destaque","isPartOf":{"@id":"https:\/\/noticiasemdestaque.com\/cd\/#website"},"primaryImageOfPage":{"@id":"https:\/\/noticiasemdestaque.com\/cd\/?p=42431#primaryimage"},"image":{"@id":"https:\/\/noticiasemdestaque.com\/cd\/?p=42431#primaryimage"},"thumbnailUrl":"https:\/\/noticiasemdestaque.com\/cd\/wp-content\/uploads\/2022\/09\/caminhoneiros.jpg","datePublished":"2022-09-06T10:03:20+00:00","breadcrumb":{"@id":"https:\/\/noticiasemdestaque.com\/cd\/?p=42431#breadcrumb"},"inLanguage":"pt-BR","potentialAction":[{"@type":"ReadAction","target":["https:\/\/noticiasemdestaque.com\/cd\/?p=42431"]}]},{"@type":"ImageObject","inLanguage":"pt-BR","@id":"https:\/\/noticiasemdestaque.com\/cd\/?p=42431#primaryimage","url":"https:\/\/noticiasemdestaque.com\/cd\/wp-content\/uploads\/2022\/09\/caminhoneiros.jpg","contentUrl":"https:\/\/noticiasemdestaque.com\/cd\/wp-content\/uploads\/2022\/09\/caminhoneiros.jpg","width":1170,"height":700,"caption":"Caminhoneiros fazem paraliza\u00e7\u00e3o na BR 101, Niter\u00f3i-Manilha, na altura de Itabora\u00ed, no Rio de Janeiro."},{"@type":"BreadcrumbList","@id":"https:\/\/noticiasemdestaque.com\/cd\/?p=42431#breadcrumb","itemListElement":[{"@type":"ListItem","position":1,"name":"In\u00edcio","item":"https:\/\/noticiasemdestaque.com\/cd\/"},{"@type":"ListItem","position":2,"name":"Repescagem do Aux\u00edlio Caminhoneiro ser\u00e1 paga hoje"}]},{"@type":"WebSite","@id":"https:\/\/noticiasemdestaque.com\/cd\/#website","url":"https:\/\/noticiasemdestaque.com\/cd\/","name":"Not&iacute;cias em Destaque","description":"","publisher":{"@id":"https:\/\/noticiasemdestaque.com\/cd\/#organization"},"potentialAction":[{"@type":"SearchAction","target":{"@type":"EntryPoint","urlTemplate":"https:\/\/noticiasemdestaque.com\/cd\/?s={search_term_string}"},"query-input":{"@type":"PropertyValueSpecification","valueRequired":true,"valueName":"search_term_string"}}],"inLanguage":"pt-BR"},{"@type":"Organization","@id":"https:\/\/noticiasemdestaque.com\/cd\/#organization","name":"Not\u00edcias em Destaque","url":"https:\/\/noticiasemdestaque.com\/cd\/","logo":{"@type":"ImageObject","inLanguage":"pt-BR","@id":"https:\/\/noticiasemdestaque.com\/cd\/#\/schema\/logo\/image\/","url":"https:\/\/noticiasemdestaque.com\/cd\/wp-content\/uploads\/2022\/05\/imagem-base-noticiasemdestaque.png","contentUrl":"https:\/\/noticiasemdestaque.com\/cd\/wp-content\/uploads\/2022\/05\/imagem-base-noticiasemdestaque.png","width":1200,"height":630,"caption":"Not\u00edcias em Destaque"},"image":{"@id":"https:\/\/noticiasemdestaque.com\/cd\/#\/schema\/logo\/image\/"}},{"@type":"Person","@id":"https:\/\/noticiasemdestaque.com\/cd\/#\/schema\/person\/4a81fb71f77579d059c3045891fa1786","name":"Not\u00edcias em Destaque","url":"https:\/\/noticiasemdestaque.com\/cd\/?author=2"}]}},"jetpack_featured_media_url":"https:\/\/noticiasemdestaque.com\/cd\/wp-content\/uploads\/2022\/09\/caminhoneiros.jpg","jetpack_sharing_enabled":true,"_links":{"self":[{"href":"https:\/\/noticiasemdestaque.com\/cd\/index.php?rest_route=\/wp\/v2\/posts\/42431","targetHints":{"allow":["GET"]}}],"collection":[{"href":"https:\/\/noticiasemdestaque.com\/cd\/index.php?rest_route=\/wp\/v2\/posts"}],"about":[{"href":"https:\/\/noticiasemdestaque.com\/cd\/index.php?rest_route=\/wp\/v2\/types\/post"}],"author":[{"embeddable":true,"href":"https:\/\/noticiasemdestaque.com\/cd\/index.php?rest_route=\/wp\/v2\/users\/2"}],"replies":[{"embeddable":true,"href":"https:\/\/noticiasemdestaque.com\/cd\/index.php?rest_route=%2Fwp%2Fv2%2Fcomments&post=42431"}],"version-history":[{"count":1,"href":"https:\/\/noticiasemdestaque.com\/cd\/index.php?rest_route=\/wp\/v2\/posts\/42431\/revisions"}],"predecessor-version":[{"id":42433,"href":"https:\/\/noticiasemdestaque.com\/cd\/index.php?rest_route=\/wp\/v2\/posts\/42431\/revisions\/42433"}],"wp:featuredmedia":[{"embeddable":true,"href":"https:\/\/noticiasemdestaque.com\/cd\/index.php?rest_route=\/wp\/v2\/media\/42432"}],"wp:attachment":[{"href":"https:\/\/noticiasemdestaque.com\/cd\/index.php?rest_route=%2Fwp%2Fv2%2Fmedia&parent=42431"}],"wp:term":[{"taxonomy":"category","embeddable":true,"href":"https:\/\/noticiasemdestaque.com\/cd\/index.php?rest_route=%2Fwp%2Fv2%2Fcategories&post=42431"},{"taxonomy":"post_tag","embeddable":true,"href":"https:\/\/noticiasemdestaque.com\/cd\/index.php?rest_route=%2Fwp%2Fv2%2Ftags&post=42431"}],"curies":[{"name":"wp","href":"https:\/\/api.w.org\/{rel}","templated":true}]}}