{"id":42415,"date":"2022-09-05T10:11:39","date_gmt":"2022-09-05T13:11:39","guid":{"rendered":"https:\/\/noticiasemdestaque.com\/cd\/?p=42415"},"modified":"2022-09-05T10:11:39","modified_gmt":"2022-09-05T13:11:39","slug":"monteirense-e-mulher-morrem-apos-moto-colidir-contra-poste-em-joao-pessoa","status":"publish","type":"post","link":"https:\/\/noticiasemdestaque.com\/cd\/?p=42415","title":{"rendered":"Monteirense e mulher morrem ap\u00f3s moto colidir contra poste em Jo\u00e3o Pessoa"},"content":{"rendered":"<p><a href=\"https:\/\/noticiasemdestaque.com\/cd\/wp-content\/uploads\/2022\/09\/samu_no_hospital_de_trauma.jpg\"><img fetchpriority=\"high\" decoding=\"async\" class=\"alignnone  wp-image-42416\" src=\"https:\/\/noticiasemdestaque.com\/cd\/wp-content\/uploads\/2022\/09\/samu_no_hospital_de_trauma-300x200.jpg\" alt=\"\" width=\"860\" height=\"573\" srcset=\"https:\/\/noticiasemdestaque.com\/cd\/wp-content\/uploads\/2022\/09\/samu_no_hospital_de_trauma-300x200.jpg 300w, https:\/\/noticiasemdestaque.com\/cd\/wp-content\/uploads\/2022\/09\/samu_no_hospital_de_trauma-768x513.jpg 768w, https:\/\/noticiasemdestaque.com\/cd\/wp-content\/uploads\/2022\/09\/samu_no_hospital_de_trauma-18x12.jpg 18w, https:\/\/noticiasemdestaque.com\/cd\/wp-content\/uploads\/2022\/09\/samu_no_hospital_de_trauma.jpg 876w\" sizes=\"(max-width: 860px) 100vw, 860px\" \/><\/a><\/p>\n<p>Um casal morreu ap\u00f3s colidir a moto em que estavam com um poste, na ladeira do Cui\u00e1, entre os bairros Geisel e Valentina, em\u00a0Jo\u00e3o Pessoa, na madrugada deste domingo (4). O homem foi identificado como Michel Henrique Richard Vidal, de 31 anos, natural de Monteiro, no Cariri Paraibano. J\u00e1 a mulher n\u00e3o foi identificada.<\/p>\n<p>De acordo com a Pol\u00edcia Militar, a motocicleta em que o casal estava seguia em alta velocidade, quando eles perderam o controle e acabaram colidindo com o poste. O casal morreu no local.<\/p>\n<p>Com o impacto da batida, o casal foi arremessado. O Servi\u00e7o de Atendimento M\u00f3vel de Urg\u00eancia (SAMU) chegou a ser acionado por populares, mas quando chegou no local do acidente, a equipe m\u00e9dica constatou a morte das v\u00edtimas.<\/p>\n<p><strong>Noticias em Destaque<\/strong><\/p>\n<p style=\"text-align: right;\"><em>Fonte: De Olho no Cariri<\/em><\/p>\n","protected":false},"excerpt":{"rendered":"<p>Um casal morreu ap\u00f3s colidir a moto em que estavam com um poste, na ladeira do Cui\u00e1, entre os bairros Geisel e Valentina, em\u00a0Jo\u00e3o Pessoa, na madrugada deste domingo (4). O homem foi identificado como Michel Henrique Richard Vidal, de 31 anos, natural de Monteiro, no Cariri Paraibano. J\u00e1 a mulher n\u00e3o foi identificada. De acordo com a Pol\u00edcia Militar, a motocicleta em que o casal estava seguia em alta velocidade, quando eles perderam o controle e acabaram colidindo com o poste. O casal morreu no local. Com o impacto da batida, o casal foi arremessado. O Servi\u00e7o de Atendimento M\u00f3vel de Urg\u00eancia (SAMU) chegou a ser acionado por populares, mas quando chegou no local do acidente, a equipe m\u00e9dica constatou a morte das v\u00edtimas. Noticias em Destaque Fonte: De Olho no Cariri<\/p>\n","protected":false},"author":2,"featured_media":42416,"comment_status":"closed","ping_status":"open","sticky":false,"template":"","format":"standard","meta":{"_eb_attr":"","_jetpack_memberships_contains_paid_content":false,"footnotes":""},"categories":[20],"tags":[],"class_list":["post-42415","post","type-post","status-publish","format-standard","has-post-thumbnail","hentry","category-policia"],"yoast_head":"<!-- This site is optimized with the Yoast SEO plugin v26.5 - https:\/\/yoast.com\/wordpress\/plugins\/seo\/ -->\n<title>Monteirense e mulher morrem ap\u00f3s moto colidir contra poste em Jo\u00e3o Pessoa - Not&iacute;cias em Destaque<\/title>\n<meta name=\"robots\" content=\"index, follow, max-snippet:-1, max-image-preview:large, max-video-preview:-1\" \/>\n<link rel=\"canonical\" href=\"https:\/\/noticiasemdestaque.com\/cd\/?p=42415\" \/>\n<meta property=\"og:locale\" content=\"pt_BR\" \/>\n<meta property=\"og:type\" content=\"article\" \/>\n<meta property=\"og:title\" content=\"Monteirense e mulher morrem ap\u00f3s moto colidir contra poste em Jo\u00e3o Pessoa - Not&iacute;cias em Destaque\" \/>\n<meta property=\"og:description\" content=\"Um casal morreu ap\u00f3s colidir a moto em que estavam com um poste, na ladeira do Cui\u00e1, entre os bairros Geisel e Valentina, em\u00a0Jo\u00e3o Pessoa, na madrugada deste domingo (4). O homem foi identificado como Michel Henrique Richard Vidal, de 31 anos, natural de Monteiro, no Cariri Paraibano. J\u00e1 a mulher n\u00e3o foi identificada. De acordo com a Pol\u00edcia Militar, a motocicleta em que o casal estava seguia em alta velocidade, quando eles perderam o controle e acabaram colidindo com o poste. O casal morreu no local. Com o impacto da batida, o casal foi arremessado. O Servi\u00e7o de Atendimento M\u00f3vel de Urg\u00eancia (SAMU) chegou a ser acionado por populares, mas quando chegou no local do acidente, a equipe m\u00e9dica constatou a morte das v\u00edtimas. Noticias em Destaque Fonte: De Olho no Cariri\" \/>\n<meta property=\"og:url\" content=\"https:\/\/noticiasemdestaque.com\/cd\/?p=42415\" \/>\n<meta property=\"og:site_name\" content=\"Not&iacute;cias em Destaque\" \/>\n<meta property=\"article:published_time\" content=\"2022-09-05T13:11:39+00:00\" \/>\n<meta property=\"og:image\" content=\"https:\/\/noticiasemdestaque.com\/cd\/wp-content\/uploads\/2022\/09\/samu_no_hospital_de_trauma.jpg\" \/>\n\t<meta property=\"og:image:width\" content=\"876\" \/>\n\t<meta property=\"og:image:height\" content=\"585\" \/>\n\t<meta property=\"og:image:type\" content=\"image\/jpeg\" \/>\n<meta name=\"author\" content=\"Not\u00edcias em Destaque\" \/>\n<meta name=\"twitter:card\" content=\"summary_large_image\" \/>\n<meta name=\"twitter:label1\" content=\"Escrito por\" \/>\n\t<meta name=\"twitter:data1\" content=\"Not\u00edcias em Destaque\" \/>\n\t<meta name=\"twitter:label2\" content=\"Est. tempo de leitura\" \/>\n\t<meta name=\"twitter:data2\" content=\"1 minuto\" \/>\n<script type=\"application\/ld+json\" class=\"yoast-schema-graph\">{\"@context\":\"https:\/\/schema.org\",\"@graph\":[{\"@type\":\"Article\",\"@id\":\"https:\/\/noticiasemdestaque.com\/cd\/?p=42415#article\",\"isPartOf\":{\"@id\":\"https:\/\/noticiasemdestaque.com\/cd\/?p=42415\"},\"author\":{\"name\":\"Not\u00edcias em Destaque\",\"@id\":\"https:\/\/noticiasemdestaque.com\/cd\/#\/schema\/person\/4a81fb71f77579d059c3045891fa1786\"},\"headline\":\"Monteirense e mulher morrem ap\u00f3s moto colidir contra poste em Jo\u00e3o Pessoa\",\"datePublished\":\"2022-09-05T13:11:39+00:00\",\"mainEntityOfPage\":{\"@id\":\"https:\/\/noticiasemdestaque.com\/cd\/?p=42415\"},\"wordCount\":155,\"publisher\":{\"@id\":\"https:\/\/noticiasemdestaque.com\/cd\/#organization\"},\"image\":{\"@id\":\"https:\/\/noticiasemdestaque.com\/cd\/?p=42415#primaryimage\"},\"thumbnailUrl\":\"https:\/\/noticiasemdestaque.com\/cd\/wp-content\/uploads\/2022\/09\/samu_no_hospital_de_trauma.jpg\",\"articleSection\":[\"Pol\u00edcia\"],\"inLanguage\":\"pt-BR\"},{\"@type\":\"WebPage\",\"@id\":\"https:\/\/noticiasemdestaque.com\/cd\/?p=42415\",\"url\":\"https:\/\/noticiasemdestaque.com\/cd\/?p=42415\",\"name\":\"Monteirense e mulher morrem ap\u00f3s moto colidir contra poste em Jo\u00e3o Pessoa - Not&iacute;cias em Destaque\",\"isPartOf\":{\"@id\":\"https:\/\/noticiasemdestaque.com\/cd\/#website\"},\"primaryImageOfPage\":{\"@id\":\"https:\/\/noticiasemdestaque.com\/cd\/?p=42415#primaryimage\"},\"image\":{\"@id\":\"https:\/\/noticiasemdestaque.com\/cd\/?p=42415#primaryimage\"},\"thumbnailUrl\":\"https:\/\/noticiasemdestaque.com\/cd\/wp-content\/uploads\/2022\/09\/samu_no_hospital_de_trauma.jpg\",\"datePublished\":\"2022-09-05T13:11:39+00:00\",\"breadcrumb\":{\"@id\":\"https:\/\/noticiasemdestaque.com\/cd\/?p=42415#breadcrumb\"},\"inLanguage\":\"pt-BR\",\"potentialAction\":[{\"@type\":\"ReadAction\",\"target\":[\"https:\/\/noticiasemdestaque.com\/cd\/?p=42415\"]}]},{\"@type\":\"ImageObject\",\"inLanguage\":\"pt-BR\",\"@id\":\"https:\/\/noticiasemdestaque.com\/cd\/?p=42415#primaryimage\",\"url\":\"https:\/\/noticiasemdestaque.com\/cd\/wp-content\/uploads\/2022\/09\/samu_no_hospital_de_trauma.jpg\",\"contentUrl\":\"https:\/\/noticiasemdestaque.com\/cd\/wp-content\/uploads\/2022\/09\/samu_no_hospital_de_trauma.jpg\",\"width\":876,\"height\":585},{\"@type\":\"BreadcrumbList\",\"@id\":\"https:\/\/noticiasemdestaque.com\/cd\/?p=42415#breadcrumb\",\"itemListElement\":[{\"@type\":\"ListItem\",\"position\":1,\"name\":\"In\u00edcio\",\"item\":\"https:\/\/noticiasemdestaque.com\/cd\/\"},{\"@type\":\"ListItem\",\"position\":2,\"name\":\"Monteirense e mulher morrem ap\u00f3s moto colidir contra poste em Jo\u00e3o Pessoa\"}]},{\"@type\":\"WebSite\",\"@id\":\"https:\/\/noticiasemdestaque.com\/cd\/#website\",\"url\":\"https:\/\/noticiasemdestaque.com\/cd\/\",\"name\":\"Not&iacute;cias em Destaque\",\"description\":\"\",\"publisher\":{\"@id\":\"https:\/\/noticiasemdestaque.com\/cd\/#organization\"},\"potentialAction\":[{\"@type\":\"SearchAction\",\"target\":{\"@type\":\"EntryPoint\",\"urlTemplate\":\"https:\/\/noticiasemdestaque.com\/cd\/?s={search_term_string}\"},\"query-input\":{\"@type\":\"PropertyValueSpecification\",\"valueRequired\":true,\"valueName\":\"search_term_string\"}}],\"inLanguage\":\"pt-BR\"},{\"@type\":\"Organization\",\"@id\":\"https:\/\/noticiasemdestaque.com\/cd\/#organization\",\"name\":\"Not\u00edcias em Destaque\",\"url\":\"https:\/\/noticiasemdestaque.com\/cd\/\",\"logo\":{\"@type\":\"ImageObject\",\"inLanguage\":\"pt-BR\",\"@id\":\"https:\/\/noticiasemdestaque.com\/cd\/#\/schema\/logo\/image\/\",\"url\":\"https:\/\/noticiasemdestaque.com\/cd\/wp-content\/uploads\/2022\/05\/imagem-base-noticiasemdestaque.png\",\"contentUrl\":\"https:\/\/noticiasemdestaque.com\/cd\/wp-content\/uploads\/2022\/05\/imagem-base-noticiasemdestaque.png\",\"width\":1200,\"height\":630,\"caption\":\"Not\u00edcias em Destaque\"},\"image\":{\"@id\":\"https:\/\/noticiasemdestaque.com\/cd\/#\/schema\/logo\/image\/\"}},{\"@type\":\"Person\",\"@id\":\"https:\/\/noticiasemdestaque.com\/cd\/#\/schema\/person\/4a81fb71f77579d059c3045891fa1786\",\"name\":\"Not\u00edcias em Destaque\",\"url\":\"https:\/\/noticiasemdestaque.com\/cd\/?author=2\"}]}<\/script>\n<!-- \/ Yoast SEO plugin. -->","yoast_head_json":{"title":"Monteirense e mulher morrem ap\u00f3s moto colidir contra poste em Jo\u00e3o Pessoa - Not&iacute;cias em Destaque","robots":{"index":"index","follow":"follow","max-snippet":"max-snippet:-1","max-image-preview":"max-image-preview:large","max-video-preview":"max-video-preview:-1"},"canonical":"https:\/\/noticiasemdestaque.com\/cd\/?p=42415","og_locale":"pt_BR","og_type":"article","og_title":"Monteirense e mulher morrem ap\u00f3s moto colidir contra poste em Jo\u00e3o Pessoa - Not&iacute;cias em Destaque","og_description":"Um casal morreu ap\u00f3s colidir a moto em que estavam com um poste, na ladeira do Cui\u00e1, entre os bairros Geisel e Valentina, em\u00a0Jo\u00e3o Pessoa, na madrugada deste domingo (4). O homem foi identificado como Michel Henrique Richard Vidal, de 31 anos, natural de Monteiro, no Cariri Paraibano. J\u00e1 a mulher n\u00e3o foi identificada. De acordo com a Pol\u00edcia Militar, a motocicleta em que o casal estava seguia em alta velocidade, quando eles perderam o controle e acabaram colidindo com o poste. O casal morreu no local. Com o impacto da batida, o casal foi arremessado. O Servi\u00e7o de Atendimento M\u00f3vel de Urg\u00eancia (SAMU) chegou a ser acionado por populares, mas quando chegou no local do acidente, a equipe m\u00e9dica constatou a morte das v\u00edtimas. Noticias em Destaque Fonte: De Olho no Cariri","og_url":"https:\/\/noticiasemdestaque.com\/cd\/?p=42415","og_site_name":"Not&iacute;cias em Destaque","article_published_time":"2022-09-05T13:11:39+00:00","og_image":[{"width":876,"height":585,"url":"https:\/\/noticiasemdestaque.com\/cd\/wp-content\/uploads\/2022\/09\/samu_no_hospital_de_trauma.jpg","type":"image\/jpeg"}],"author":"Not\u00edcias em Destaque","twitter_card":"summary_large_image","twitter_misc":{"Escrito por":"Not\u00edcias em Destaque","Est. tempo de leitura":"1 minuto"},"schema":{"@context":"https:\/\/schema.org","@graph":[{"@type":"Article","@id":"https:\/\/noticiasemdestaque.com\/cd\/?p=42415#article","isPartOf":{"@id":"https:\/\/noticiasemdestaque.com\/cd\/?p=42415"},"author":{"name":"Not\u00edcias em Destaque","@id":"https:\/\/noticiasemdestaque.com\/cd\/#\/schema\/person\/4a81fb71f77579d059c3045891fa1786"},"headline":"Monteirense e mulher morrem ap\u00f3s moto colidir contra poste em Jo\u00e3o Pessoa","datePublished":"2022-09-05T13:11:39+00:00","mainEntityOfPage":{"@id":"https:\/\/noticiasemdestaque.com\/cd\/?p=42415"},"wordCount":155,"publisher":{"@id":"https:\/\/noticiasemdestaque.com\/cd\/#organization"},"image":{"@id":"https:\/\/noticiasemdestaque.com\/cd\/?p=42415#primaryimage"},"thumbnailUrl":"https:\/\/noticiasemdestaque.com\/cd\/wp-content\/uploads\/2022\/09\/samu_no_hospital_de_trauma.jpg","articleSection":["Pol\u00edcia"],"inLanguage":"pt-BR"},{"@type":"WebPage","@id":"https:\/\/noticiasemdestaque.com\/cd\/?p=42415","url":"https:\/\/noticiasemdestaque.com\/cd\/?p=42415","name":"Monteirense e mulher morrem ap\u00f3s moto colidir contra poste em Jo\u00e3o Pessoa - Not&iacute;cias em Destaque","isPartOf":{"@id":"https:\/\/noticiasemdestaque.com\/cd\/#website"},"primaryImageOfPage":{"@id":"https:\/\/noticiasemdestaque.com\/cd\/?p=42415#primaryimage"},"image":{"@id":"https:\/\/noticiasemdestaque.com\/cd\/?p=42415#primaryimage"},"thumbnailUrl":"https:\/\/noticiasemdestaque.com\/cd\/wp-content\/uploads\/2022\/09\/samu_no_hospital_de_trauma.jpg","datePublished":"2022-09-05T13:11:39+00:00","breadcrumb":{"@id":"https:\/\/noticiasemdestaque.com\/cd\/?p=42415#breadcrumb"},"inLanguage":"pt-BR","potentialAction":[{"@type":"ReadAction","target":["https:\/\/noticiasemdestaque.com\/cd\/?p=42415"]}]},{"@type":"ImageObject","inLanguage":"pt-BR","@id":"https:\/\/noticiasemdestaque.com\/cd\/?p=42415#primaryimage","url":"https:\/\/noticiasemdestaque.com\/cd\/wp-content\/uploads\/2022\/09\/samu_no_hospital_de_trauma.jpg","contentUrl":"https:\/\/noticiasemdestaque.com\/cd\/wp-content\/uploads\/2022\/09\/samu_no_hospital_de_trauma.jpg","width":876,"height":585},{"@type":"BreadcrumbList","@id":"https:\/\/noticiasemdestaque.com\/cd\/?p=42415#breadcrumb","itemListElement":[{"@type":"ListItem","position":1,"name":"In\u00edcio","item":"https:\/\/noticiasemdestaque.com\/cd\/"},{"@type":"ListItem","position":2,"name":"Monteirense e mulher morrem ap\u00f3s moto colidir contra poste em Jo\u00e3o Pessoa"}]},{"@type":"WebSite","@id":"https:\/\/noticiasemdestaque.com\/cd\/#website","url":"https:\/\/noticiasemdestaque.com\/cd\/","name":"Not&iacute;cias em Destaque","description":"","publisher":{"@id":"https:\/\/noticiasemdestaque.com\/cd\/#organization"},"potentialAction":[{"@type":"SearchAction","target":{"@type":"EntryPoint","urlTemplate":"https:\/\/noticiasemdestaque.com\/cd\/?s={search_term_string}"},"query-input":{"@type":"PropertyValueSpecification","valueRequired":true,"valueName":"search_term_string"}}],"inLanguage":"pt-BR"},{"@type":"Organization","@id":"https:\/\/noticiasemdestaque.com\/cd\/#organization","name":"Not\u00edcias em Destaque","url":"https:\/\/noticiasemdestaque.com\/cd\/","logo":{"@type":"ImageObject","inLanguage":"pt-BR","@id":"https:\/\/noticiasemdestaque.com\/cd\/#\/schema\/logo\/image\/","url":"https:\/\/noticiasemdestaque.com\/cd\/wp-content\/uploads\/2022\/05\/imagem-base-noticiasemdestaque.png","contentUrl":"https:\/\/noticiasemdestaque.com\/cd\/wp-content\/uploads\/2022\/05\/imagem-base-noticiasemdestaque.png","width":1200,"height":630,"caption":"Not\u00edcias em Destaque"},"image":{"@id":"https:\/\/noticiasemdestaque.com\/cd\/#\/schema\/logo\/image\/"}},{"@type":"Person","@id":"https:\/\/noticiasemdestaque.com\/cd\/#\/schema\/person\/4a81fb71f77579d059c3045891fa1786","name":"Not\u00edcias em Destaque","url":"https:\/\/noticiasemdestaque.com\/cd\/?author=2"}]}},"jetpack_featured_media_url":"https:\/\/noticiasemdestaque.com\/cd\/wp-content\/uploads\/2022\/09\/samu_no_hospital_de_trauma.jpg","jetpack_sharing_enabled":true,"_links":{"self":[{"href":"https:\/\/noticiasemdestaque.com\/cd\/index.php?rest_route=\/wp\/v2\/posts\/42415","targetHints":{"allow":["GET"]}}],"collection":[{"href":"https:\/\/noticiasemdestaque.com\/cd\/index.php?rest_route=\/wp\/v2\/posts"}],"about":[{"href":"https:\/\/noticiasemdestaque.com\/cd\/index.php?rest_route=\/wp\/v2\/types\/post"}],"author":[{"embeddable":true,"href":"https:\/\/noticiasemdestaque.com\/cd\/index.php?rest_route=\/wp\/v2\/users\/2"}],"replies":[{"embeddable":true,"href":"https:\/\/noticiasemdestaque.com\/cd\/index.php?rest_route=%2Fwp%2Fv2%2Fcomments&post=42415"}],"version-history":[{"count":1,"href":"https:\/\/noticiasemdestaque.com\/cd\/index.php?rest_route=\/wp\/v2\/posts\/42415\/revisions"}],"predecessor-version":[{"id":42417,"href":"https:\/\/noticiasemdestaque.com\/cd\/index.php?rest_route=\/wp\/v2\/posts\/42415\/revisions\/42417"}],"wp:featuredmedia":[{"embeddable":true,"href":"https:\/\/noticiasemdestaque.com\/cd\/index.php?rest_route=\/wp\/v2\/media\/42416"}],"wp:attachment":[{"href":"https:\/\/noticiasemdestaque.com\/cd\/index.php?rest_route=%2Fwp%2Fv2%2Fmedia&parent=42415"}],"wp:term":[{"taxonomy":"category","embeddable":true,"href":"https:\/\/noticiasemdestaque.com\/cd\/index.php?rest_route=%2Fwp%2Fv2%2Fcategories&post=42415"},{"taxonomy":"post_tag","embeddable":true,"href":"https:\/\/noticiasemdestaque.com\/cd\/index.php?rest_route=%2Fwp%2Fv2%2Ftags&post=42415"}],"curies":[{"name":"wp","href":"https:\/\/api.w.org\/{rel}","templated":true}]}}