{"id":42412,"date":"2022-09-05T09:47:39","date_gmt":"2022-09-05T12:47:39","guid":{"rendered":"https:\/\/noticiasemdestaque.com\/cd\/?p=42412"},"modified":"2022-09-05T09:47:39","modified_gmt":"2022-09-05T12:47:39","slug":"plenaria-do-centro-da-cidade-de-sume-reune-maior-publico-do-ciclo-odm-2022","status":"publish","type":"post","link":"https:\/\/noticiasemdestaque.com\/cd\/?p=42412","title":{"rendered":"Plen\u00e1ria do Centro da cidade de Sum\u00e9 re\u00fane maior p\u00fablico do ciclo ODM 2022"},"content":{"rendered":"<p>O Ciclo 2022 do Or\u00e7amento Democr\u00e1tico Municipal (ODM) de Sum\u00e9, realizou na \u00faltima sexta-feira, 02, a sua pen\u00faltima plen\u00e1ria. O evento aconteceu as 19h para a regi\u00e3o do centro da cidade, no gin\u00e1sio de esportes municipal.<\/p>\n<div id=\"gallery-1\" class=\"gallery galleryid-19963 gallery-columns-5 gallery-size-medium\">\n<dl class=\"gallery-item\">\n<dt class=\"gallery-icon landscape\"><a href=\"https:\/\/www.sume.pb.gov.br\/2022\/09\/plenaria-do-centro-da-cidade-reune-maior-publico-do-ciclo-odm-2022\/dsc_0219-4\/\" data-slb-active=\"1\" data-slb-asset=\"1227849657\" data-slb-internal=\"19965\" data-slb-group=\"19963\"><img fetchpriority=\"high\" decoding=\"async\" class=\"attachment-medium size-medium\" src=\"https:\/\/www.sume.pb.gov.br\/wp-content\/uploads\/2022\/09\/DSC_0219-300x277.jpg\" sizes=\"(max-width: 300px) 100vw, 300px\" srcset=\"https:\/\/www.sume.pb.gov.br\/wp-content\/uploads\/2022\/09\/DSC_0219-300x277.jpg 300w, https:\/\/www.sume.pb.gov.br\/wp-content\/uploads\/2022\/09\/DSC_0219-1024x947.jpg 1024w, https:\/\/www.sume.pb.gov.br\/wp-content\/uploads\/2022\/09\/DSC_0219-768x710.jpg 768w, https:\/\/www.sume.pb.gov.br\/wp-content\/uploads\/2022\/09\/DSC_0219.jpg 1300w\" alt=\"\" width=\"300\" height=\"277\" \/><\/a><\/dt>\n<\/dl>\n<dl class=\"gallery-item\">\n<dt class=\"gallery-icon landscape\"><a href=\"https:\/\/www.sume.pb.gov.br\/2022\/09\/plenaria-do-centro-da-cidade-reune-maior-publico-do-ciclo-odm-2022\/dsc_0223-5\/\" data-slb-active=\"1\" data-slb-asset=\"1327868586\" data-slb-internal=\"19966\" data-slb-group=\"19963\"><img decoding=\"async\" class=\"attachment-medium size-medium\" src=\"https:\/\/www.sume.pb.gov.br\/wp-content\/uploads\/2022\/09\/DSC_0223-300x199.jpg\" sizes=\"(max-width: 300px) 100vw, 300px\" srcset=\"https:\/\/www.sume.pb.gov.br\/wp-content\/uploads\/2022\/09\/DSC_0223-300x199.jpg 300w, https:\/\/www.sume.pb.gov.br\/wp-content\/uploads\/2022\/09\/DSC_0223-1024x681.jpg 1024w, https:\/\/www.sume.pb.gov.br\/wp-content\/uploads\/2022\/09\/DSC_0223-768x510.jpg 768w, https:\/\/www.sume.pb.gov.br\/wp-content\/uploads\/2022\/09\/DSC_0223.jpg 1300w\" alt=\"\" width=\"300\" height=\"199\" \/><\/a><\/dt>\n<\/dl>\n<dl class=\"gallery-item\">\n<dt class=\"gallery-icon landscape\"><a href=\"https:\/\/www.sume.pb.gov.br\/2022\/09\/plenaria-do-centro-da-cidade-reune-maior-publico-do-ciclo-odm-2022\/dsc_0225-6\/\" data-slb-active=\"1\" data-slb-asset=\"23468450\" data-slb-internal=\"19967\" data-slb-group=\"19963\"><img decoding=\"async\" class=\"attachment-medium size-medium\" src=\"https:\/\/www.sume.pb.gov.br\/wp-content\/uploads\/2022\/09\/DSC_0225-300x199.jpg\" sizes=\"(max-width: 300px) 100vw, 300px\" srcset=\"https:\/\/www.sume.pb.gov.br\/wp-content\/uploads\/2022\/09\/DSC_0225-300x199.jpg 300w, https:\/\/www.sume.pb.gov.br\/wp-content\/uploads\/2022\/09\/DSC_0225-1024x681.jpg 1024w, https:\/\/www.sume.pb.gov.br\/wp-content\/uploads\/2022\/09\/DSC_0225-768x510.jpg 768w, https:\/\/www.sume.pb.gov.br\/wp-content\/uploads\/2022\/09\/DSC_0225.jpg 1300w\" alt=\"\" width=\"300\" height=\"199\" \/><\/a><\/dt>\n<\/dl>\n<dl class=\"gallery-item\">\n<dt class=\"gallery-icon landscape\"><a href=\"https:\/\/www.sume.pb.gov.br\/2022\/09\/plenaria-do-centro-da-cidade-reune-maior-publico-do-ciclo-odm-2022\/dsc_0228-4\/\" data-slb-active=\"1\" data-slb-asset=\"1433233978\" data-slb-internal=\"19968\" data-slb-group=\"19963\"><img loading=\"lazy\" decoding=\"async\" class=\"attachment-medium size-medium\" src=\"https:\/\/www.sume.pb.gov.br\/wp-content\/uploads\/2022\/09\/DSC_0228-300x263.jpg\" sizes=\"(max-width: 300px) 100vw, 300px\" srcset=\"https:\/\/www.sume.pb.gov.br\/wp-content\/uploads\/2022\/09\/DSC_0228-300x263.jpg 300w, https:\/\/www.sume.pb.gov.br\/wp-content\/uploads\/2022\/09\/DSC_0228-1024x899.jpg 1024w, https:\/\/www.sume.pb.gov.br\/wp-content\/uploads\/2022\/09\/DSC_0228-768x674.jpg 768w, https:\/\/www.sume.pb.gov.br\/wp-content\/uploads\/2022\/09\/DSC_0228.jpg 1300w\" alt=\"\" width=\"300\" height=\"263\" \/><\/a><\/dt>\n<\/dl>\n<dl class=\"gallery-item\">\n<dt class=\"gallery-icon landscape\"><a href=\"https:\/\/www.sume.pb.gov.br\/2022\/09\/plenaria-do-centro-da-cidade-reune-maior-publico-do-ciclo-odm-2022\/dsc_0232\/\" data-slb-active=\"1\" data-slb-asset=\"429969138\" data-slb-internal=\"19969\" data-slb-group=\"19963\"><img loading=\"lazy\" decoding=\"async\" class=\"attachment-medium size-medium\" src=\"https:\/\/www.sume.pb.gov.br\/wp-content\/uploads\/2022\/09\/DSC_0232-300x199.jpg\" sizes=\"(max-width: 300px) 100vw, 300px\" srcset=\"https:\/\/www.sume.pb.gov.br\/wp-content\/uploads\/2022\/09\/DSC_0232-300x199.jpg 300w, https:\/\/www.sume.pb.gov.br\/wp-content\/uploads\/2022\/09\/DSC_0232-1024x681.jpg 1024w, https:\/\/www.sume.pb.gov.br\/wp-content\/uploads\/2022\/09\/DSC_0232-768x510.jpg 768w, https:\/\/www.sume.pb.gov.br\/wp-content\/uploads\/2022\/09\/DSC_0232.jpg 1300w\" alt=\"\" width=\"300\" height=\"199\" \/><\/a><\/dt>\n<\/dl>\n<\/div>\n<p>A regi\u00e3o reuniu os bairros:\u00a0<strong>Alto do Jorge, Banquinho, Renascer, Santa Rosa e todo o centro da cidade, a partir da Rua Augusto Santa Cruz e Pra\u00e7a Adolfo Mayer.<\/strong><\/p>\n<div id=\"gallery-2\" class=\"gallery galleryid-19963 gallery-columns-4 gallery-size-medium\">\n<dl class=\"gallery-item\">\n<dt class=\"gallery-icon landscape\"><a href=\"https:\/\/www.sume.pb.gov.br\/2022\/09\/plenaria-do-centro-da-cidade-reune-maior-publico-do-ciclo-odm-2022\/dsc_0295-4\/\" data-slb-active=\"1\" data-slb-asset=\"1261905596\" data-slb-internal=\"19995\" data-slb-group=\"19963\"><img loading=\"lazy\" decoding=\"async\" class=\"attachment-medium size-medium\" src=\"https:\/\/www.sume.pb.gov.br\/wp-content\/uploads\/2022\/09\/DSC_0295-300x199.jpg\" sizes=\"(max-width: 300px) 100vw, 300px\" srcset=\"https:\/\/www.sume.pb.gov.br\/wp-content\/uploads\/2022\/09\/DSC_0295-300x199.jpg 300w, https:\/\/www.sume.pb.gov.br\/wp-content\/uploads\/2022\/09\/DSC_0295-1024x681.jpg 1024w, https:\/\/www.sume.pb.gov.br\/wp-content\/uploads\/2022\/09\/DSC_0295-768x510.jpg 768w, https:\/\/www.sume.pb.gov.br\/wp-content\/uploads\/2022\/09\/DSC_0295.jpg 1300w\" alt=\"\" width=\"300\" height=\"199\" \/><\/a><\/dt>\n<\/dl>\n<dl class=\"gallery-item\">\n<dt class=\"gallery-icon landscape\"><a href=\"https:\/\/www.sume.pb.gov.br\/2022\/09\/plenaria-do-centro-da-cidade-reune-maior-publico-do-ciclo-odm-2022\/dsc_0299-11\/\" data-slb-active=\"1\" data-slb-asset=\"791010768\" data-slb-internal=\"19996\" data-slb-group=\"19963\"><img loading=\"lazy\" decoding=\"async\" class=\"attachment-medium size-medium\" src=\"https:\/\/www.sume.pb.gov.br\/wp-content\/uploads\/2022\/09\/DSC_0299-300x199.jpg\" sizes=\"(max-width: 300px) 100vw, 300px\" srcset=\"https:\/\/www.sume.pb.gov.br\/wp-content\/uploads\/2022\/09\/DSC_0299-300x199.jpg 300w, https:\/\/www.sume.pb.gov.br\/wp-content\/uploads\/2022\/09\/DSC_0299-1024x681.jpg 1024w, https:\/\/www.sume.pb.gov.br\/wp-content\/uploads\/2022\/09\/DSC_0299-768x510.jpg 768w, https:\/\/www.sume.pb.gov.br\/wp-content\/uploads\/2022\/09\/DSC_0299.jpg 1300w\" alt=\"\" width=\"300\" height=\"199\" \/><\/a><\/dt>\n<\/dl>\n<dl class=\"gallery-item\">\n<dt class=\"gallery-icon landscape\"><a href=\"https:\/\/www.sume.pb.gov.br\/2022\/09\/plenaria-do-centro-da-cidade-reune-maior-publico-do-ciclo-odm-2022\/dsc_0300-6\/\" data-slb-active=\"1\" data-slb-asset=\"1323411596\" data-slb-internal=\"19997\" data-slb-group=\"19963\"><img loading=\"lazy\" decoding=\"async\" class=\"attachment-medium size-medium\" src=\"https:\/\/www.sume.pb.gov.br\/wp-content\/uploads\/2022\/09\/DSC_0300-300x199.jpg\" sizes=\"(max-width: 300px) 100vw, 300px\" srcset=\"https:\/\/www.sume.pb.gov.br\/wp-content\/uploads\/2022\/09\/DSC_0300-300x199.jpg 300w, https:\/\/www.sume.pb.gov.br\/wp-content\/uploads\/2022\/09\/DSC_0300-1024x681.jpg 1024w, https:\/\/www.sume.pb.gov.br\/wp-content\/uploads\/2022\/09\/DSC_0300-768x510.jpg 768w, https:\/\/www.sume.pb.gov.br\/wp-content\/uploads\/2022\/09\/DSC_0300.jpg 1300w\" alt=\"\" width=\"300\" height=\"199\" \/><\/a><\/dt>\n<\/dl>\n<dl class=\"gallery-item\">\n<dt class=\"gallery-icon landscape\"><a href=\"https:\/\/www.sume.pb.gov.br\/2022\/09\/plenaria-do-centro-da-cidade-reune-maior-publico-do-ciclo-odm-2022\/dsc_0312-6\/\" data-slb-active=\"1\" data-slb-asset=\"1766002388\" data-slb-internal=\"19998\" data-slb-group=\"19963\"><img loading=\"lazy\" decoding=\"async\" class=\"attachment-medium size-medium\" src=\"https:\/\/www.sume.pb.gov.br\/wp-content\/uploads\/2022\/09\/DSC_0312-300x199.jpg\" sizes=\"(max-width: 300px) 100vw, 300px\" srcset=\"https:\/\/www.sume.pb.gov.br\/wp-content\/uploads\/2022\/09\/DSC_0312-300x199.jpg 300w, https:\/\/www.sume.pb.gov.br\/wp-content\/uploads\/2022\/09\/DSC_0312-1024x681.jpg 1024w, https:\/\/www.sume.pb.gov.br\/wp-content\/uploads\/2022\/09\/DSC_0312-768x510.jpg 768w, https:\/\/www.sume.pb.gov.br\/wp-content\/uploads\/2022\/09\/DSC_0312.jpg 1300w\" alt=\"\" width=\"300\" height=\"199\" \/><\/a><\/dt>\n<\/dl>\n<\/div>\n<p>Estiveram presentes, al\u00e9m do prefeito \u00c9den Duarte, os secret\u00e1rios municipais: Tanniery L\u00eala (Sa\u00fade), Ednalva Lib\u00e2nio (Assist\u00eancia Social), Rob\u00e9rio Cipriano (Or\u00e7amento e Finan\u00e7as), Gian Braz (Obras e Servi\u00e7os Urbanos) e Branco Xiliu (Cultura, Esportes e Turismo), al\u00e9m dos vereadores Ant\u00f4nio Carlos Sarmento (presidente), Dami\u00e3o Rildo, Crist\u00f3v\u00e3o J\u00fanior, Jos\u00e9 Ant\u00f4nio e Daniel L\u00eala, ainda o chefe de gabinete Heleno Jr, o conselheiro do ODM da regi\u00e3o Veronaldo Silva e demais conselheiros, Vanderley Paulo (regi\u00e3o de Riacho da Ro\u00e7a), Alcidenir Lira e Lucin\u00e9ia Caetano (regi\u00e3o da V\u00e1rzea Redonda), Ulices Tim\u00f3teo (regi\u00e3o do Alto Alegre) e\u00a0 Anildo An\u00edzio (regi\u00e3o de Pio X).<\/p>\n<div id=\"gallery-3\" class=\"gallery galleryid-19963 gallery-columns-5 gallery-size-medium\">\n<dl class=\"gallery-item\">\n<dt class=\"gallery-icon landscape\"><a href=\"https:\/\/www.sume.pb.gov.br\/2022\/09\/plenaria-do-centro-da-cidade-reune-maior-publico-do-ciclo-odm-2022\/dsc_0237-7\/\" data-slb-active=\"1\" data-slb-asset=\"2127479344\" data-slb-internal=\"19970\" data-slb-group=\"19963\"><img loading=\"lazy\" decoding=\"async\" class=\"attachment-medium size-medium\" src=\"https:\/\/www.sume.pb.gov.br\/wp-content\/uploads\/2022\/09\/DSC_0237-300x199.jpg\" sizes=\"(max-width: 300px) 100vw, 300px\" srcset=\"https:\/\/www.sume.pb.gov.br\/wp-content\/uploads\/2022\/09\/DSC_0237-300x199.jpg 300w, https:\/\/www.sume.pb.gov.br\/wp-content\/uploads\/2022\/09\/DSC_0237-1024x681.jpg 1024w, https:\/\/www.sume.pb.gov.br\/wp-content\/uploads\/2022\/09\/DSC_0237-768x510.jpg 768w, https:\/\/www.sume.pb.gov.br\/wp-content\/uploads\/2022\/09\/DSC_0237.jpg 1300w\" alt=\"\" width=\"300\" height=\"199\" \/><\/a><\/dt>\n<\/dl>\n<dl class=\"gallery-item\">\n<dt class=\"gallery-icon landscape\"><a href=\"https:\/\/www.sume.pb.gov.br\/2022\/09\/plenaria-do-centro-da-cidade-reune-maior-publico-do-ciclo-odm-2022\/dsc_0245-3\/\" data-slb-active=\"1\" data-slb-asset=\"1573040862\" data-slb-internal=\"19971\" data-slb-group=\"19963\"><img loading=\"lazy\" decoding=\"async\" class=\"attachment-medium size-medium\" src=\"https:\/\/www.sume.pb.gov.br\/wp-content\/uploads\/2022\/09\/DSC_0245-300x199.jpg\" sizes=\"(max-width: 300px) 100vw, 300px\" srcset=\"https:\/\/www.sume.pb.gov.br\/wp-content\/uploads\/2022\/09\/DSC_0245-300x199.jpg 300w, https:\/\/www.sume.pb.gov.br\/wp-content\/uploads\/2022\/09\/DSC_0245-1024x681.jpg 1024w, https:\/\/www.sume.pb.gov.br\/wp-content\/uploads\/2022\/09\/DSC_0245-768x510.jpg 768w, https:\/\/www.sume.pb.gov.br\/wp-content\/uploads\/2022\/09\/DSC_0245.jpg 1300w\" alt=\"\" width=\"300\" height=\"199\" \/><\/a><\/dt>\n<\/dl>\n<dl class=\"gallery-item\">\n<dt class=\"gallery-icon landscape\"><a href=\"https:\/\/www.sume.pb.gov.br\/2022\/09\/plenaria-do-centro-da-cidade-reune-maior-publico-do-ciclo-odm-2022\/dsc_0248-9\/\" data-slb-active=\"1\" data-slb-asset=\"2127771238\" data-slb-internal=\"19972\" data-slb-group=\"19963\"><img loading=\"lazy\" decoding=\"async\" class=\"attachment-medium size-medium\" src=\"https:\/\/www.sume.pb.gov.br\/wp-content\/uploads\/2022\/09\/DSC_0248-300x199.jpg\" sizes=\"(max-width: 300px) 100vw, 300px\" srcset=\"https:\/\/www.sume.pb.gov.br\/wp-content\/uploads\/2022\/09\/DSC_0248-300x199.jpg 300w, https:\/\/www.sume.pb.gov.br\/wp-content\/uploads\/2022\/09\/DSC_0248-1024x681.jpg 1024w, https:\/\/www.sume.pb.gov.br\/wp-content\/uploads\/2022\/09\/DSC_0248-768x510.jpg 768w, https:\/\/www.sume.pb.gov.br\/wp-content\/uploads\/2022\/09\/DSC_0248.jpg 1300w\" alt=\"\" width=\"300\" height=\"199\" \/><\/a><\/dt>\n<\/dl>\n<dl class=\"gallery-item\">\n<dt class=\"gallery-icon landscape\"><a href=\"https:\/\/www.sume.pb.gov.br\/2022\/09\/plenaria-do-centro-da-cidade-reune-maior-publico-do-ciclo-odm-2022\/dsc_0251-4\/\" data-slb-active=\"1\" data-slb-asset=\"522427200\" data-slb-internal=\"19973\" data-slb-group=\"19963\"><img loading=\"lazy\" decoding=\"async\" class=\"attachment-medium size-medium\" src=\"https:\/\/www.sume.pb.gov.br\/wp-content\/uploads\/2022\/09\/DSC_0251-300x199.jpg\" sizes=\"(max-width: 300px) 100vw, 300px\" srcset=\"https:\/\/www.sume.pb.gov.br\/wp-content\/uploads\/2022\/09\/DSC_0251-300x199.jpg 300w, https:\/\/www.sume.pb.gov.br\/wp-content\/uploads\/2022\/09\/DSC_0251-1024x681.jpg 1024w, https:\/\/www.sume.pb.gov.br\/wp-content\/uploads\/2022\/09\/DSC_0251-768x510.jpg 768w, https:\/\/www.sume.pb.gov.br\/wp-content\/uploads\/2022\/09\/DSC_0251.jpg 1300w\" alt=\"\" width=\"300\" height=\"199\" \/><\/a><\/dt>\n<\/dl>\n<dl class=\"gallery-item\">\n<dt class=\"gallery-icon landscape\"><a href=\"https:\/\/www.sume.pb.gov.br\/2022\/09\/plenaria-do-centro-da-cidade-reune-maior-publico-do-ciclo-odm-2022\/dsc_0252-5\/\" data-slb-active=\"1\" data-slb-asset=\"949158211\" data-slb-internal=\"19974\" data-slb-group=\"19963\"><img loading=\"lazy\" decoding=\"async\" class=\"attachment-medium size-medium\" src=\"https:\/\/www.sume.pb.gov.br\/wp-content\/uploads\/2022\/09\/DSC_0252-300x199.jpg\" sizes=\"(max-width: 300px) 100vw, 300px\" srcset=\"https:\/\/www.sume.pb.gov.br\/wp-content\/uploads\/2022\/09\/DSC_0252-300x199.jpg 300w, https:\/\/www.sume.pb.gov.br\/wp-content\/uploads\/2022\/09\/DSC_0252-1024x681.jpg 1024w, https:\/\/www.sume.pb.gov.br\/wp-content\/uploads\/2022\/09\/DSC_0252-768x510.jpg 768w, https:\/\/www.sume.pb.gov.br\/wp-content\/uploads\/2022\/09\/DSC_0252.jpg 1300w\" alt=\"\" width=\"300\" height=\"199\" \/><\/a><\/dt>\n<\/dl>\n<\/div>\n<p>A plen\u00e1ria iniciou com a fala do coordenador municipal do ODM Marivaldo Alc\u00e2ntara, seguida dos vereadores e demais moradores da regi\u00e3o que fizeram suas reivindica\u00e7\u00f5es e agradecimentos ao prefeito.<\/p>\n<p>Em seguida, o prefeito \u00c9den, a secret\u00e1ria Taniery, o vereador Ant\u00f4nio Carlos e as m\u00e3es que formam o grupo TEA (transtorno de Espectro Autista), assinaram a autoriza\u00e7\u00e3o do in\u00edcio da licita\u00e7\u00e3o para constru\u00e7\u00e3o do Centro de Especialidades M\u00e9dicas \u201cManoel Louren\u00e7o\u201d, que ser\u00e1 edificado no Conjunto habitacional Pedro Ferreira Filho.<\/p>\n<div id=\"gallery-4\" class=\"gallery galleryid-19963 gallery-columns-5 gallery-size-medium\">\n<dl class=\"gallery-item\">\n<dt class=\"gallery-icon landscape\"><a href=\"https:\/\/www.sume.pb.gov.br\/2022\/09\/plenaria-do-centro-da-cidade-reune-maior-publico-do-ciclo-odm-2022\/dsc_0276-4\/\" data-slb-active=\"1\" data-slb-asset=\"1642657661\" data-slb-internal=\"19975\" data-slb-group=\"19963\"><img loading=\"lazy\" decoding=\"async\" class=\"attachment-medium size-medium\" src=\"https:\/\/www.sume.pb.gov.br\/wp-content\/uploads\/2022\/09\/DSC_0276-300x199.jpg\" sizes=\"(max-width: 300px) 100vw, 300px\" srcset=\"https:\/\/www.sume.pb.gov.br\/wp-content\/uploads\/2022\/09\/DSC_0276-300x199.jpg 300w, https:\/\/www.sume.pb.gov.br\/wp-content\/uploads\/2022\/09\/DSC_0276-1024x681.jpg 1024w, https:\/\/www.sume.pb.gov.br\/wp-content\/uploads\/2022\/09\/DSC_0276-768x510.jpg 768w, https:\/\/www.sume.pb.gov.br\/wp-content\/uploads\/2022\/09\/DSC_0276.jpg 1300w\" alt=\"\" width=\"300\" height=\"199\" \/><\/a><\/dt>\n<\/dl>\n<dl class=\"gallery-item\">\n<dt class=\"gallery-icon landscape\"><a href=\"https:\/\/www.sume.pb.gov.br\/2022\/09\/plenaria-do-centro-da-cidade-reune-maior-publico-do-ciclo-odm-2022\/dsc_0280-3\/\" data-slb-active=\"1\" data-slb-asset=\"1288383431\" data-slb-internal=\"19976\" data-slb-group=\"19963\"><img loading=\"lazy\" decoding=\"async\" class=\"attachment-medium size-medium\" src=\"https:\/\/www.sume.pb.gov.br\/wp-content\/uploads\/2022\/09\/DSC_0280-300x199.jpg\" sizes=\"(max-width: 300px) 100vw, 300px\" srcset=\"https:\/\/www.sume.pb.gov.br\/wp-content\/uploads\/2022\/09\/DSC_0280-300x199.jpg 300w, https:\/\/www.sume.pb.gov.br\/wp-content\/uploads\/2022\/09\/DSC_0280-1024x681.jpg 1024w, https:\/\/www.sume.pb.gov.br\/wp-content\/uploads\/2022\/09\/DSC_0280-768x510.jpg 768w, https:\/\/www.sume.pb.gov.br\/wp-content\/uploads\/2022\/09\/DSC_0280.jpg 1300w\" alt=\"\" width=\"300\" height=\"199\" \/><\/a><\/dt>\n<\/dl>\n<dl class=\"gallery-item\">\n<dt class=\"gallery-icon landscape\"><a href=\"https:\/\/www.sume.pb.gov.br\/2022\/09\/plenaria-do-centro-da-cidade-reune-maior-publico-do-ciclo-odm-2022\/dsc_0283-2\/\" data-slb-active=\"1\" data-slb-asset=\"1829516934\" data-slb-internal=\"19977\" data-slb-group=\"19963\"><img loading=\"lazy\" decoding=\"async\" class=\"attachment-medium size-medium\" src=\"https:\/\/www.sume.pb.gov.br\/wp-content\/uploads\/2022\/09\/DSC_0283-300x199.jpg\" sizes=\"(max-width: 300px) 100vw, 300px\" srcset=\"https:\/\/www.sume.pb.gov.br\/wp-content\/uploads\/2022\/09\/DSC_0283-300x199.jpg 300w, https:\/\/www.sume.pb.gov.br\/wp-content\/uploads\/2022\/09\/DSC_0283-1024x681.jpg 1024w, https:\/\/www.sume.pb.gov.br\/wp-content\/uploads\/2022\/09\/DSC_0283-768x510.jpg 768w, https:\/\/www.sume.pb.gov.br\/wp-content\/uploads\/2022\/09\/DSC_0283.jpg 1300w\" alt=\"\" width=\"300\" height=\"199\" \/><\/a><\/dt>\n<\/dl>\n<dl class=\"gallery-item\">\n<dt class=\"gallery-icon landscape\"><a href=\"https:\/\/www.sume.pb.gov.br\/2022\/09\/plenaria-do-centro-da-cidade-reune-maior-publico-do-ciclo-odm-2022\/dsc_0285-5\/\" data-slb-active=\"1\" data-slb-asset=\"1311136136\" data-slb-internal=\"19978\" data-slb-group=\"19963\"><img loading=\"lazy\" decoding=\"async\" class=\"attachment-medium size-medium\" src=\"https:\/\/www.sume.pb.gov.br\/wp-content\/uploads\/2022\/09\/DSC_0285-300x199.jpg\" sizes=\"(max-width: 300px) 100vw, 300px\" srcset=\"https:\/\/www.sume.pb.gov.br\/wp-content\/uploads\/2022\/09\/DSC_0285-300x199.jpg 300w, https:\/\/www.sume.pb.gov.br\/wp-content\/uploads\/2022\/09\/DSC_0285-1024x681.jpg 1024w, https:\/\/www.sume.pb.gov.br\/wp-content\/uploads\/2022\/09\/DSC_0285-768x510.jpg 768w, https:\/\/www.sume.pb.gov.br\/wp-content\/uploads\/2022\/09\/DSC_0285.jpg 1300w\" alt=\"\" width=\"300\" height=\"199\" \/><\/a><\/dt>\n<\/dl>\n<dl class=\"gallery-item\">\n<dt class=\"gallery-icon landscape\"><a href=\"https:\/\/www.sume.pb.gov.br\/2022\/09\/plenaria-do-centro-da-cidade-reune-maior-publico-do-ciclo-odm-2022\/dsc_0288-5\/\" data-slb-active=\"1\" data-slb-asset=\"357539033\" data-slb-internal=\"19979\" data-slb-group=\"19963\"><img loading=\"lazy\" decoding=\"async\" class=\"attachment-medium size-medium\" src=\"https:\/\/www.sume.pb.gov.br\/wp-content\/uploads\/2022\/09\/DSC_0288-300x199.jpg\" sizes=\"(max-width: 300px) 100vw, 300px\" srcset=\"https:\/\/www.sume.pb.gov.br\/wp-content\/uploads\/2022\/09\/DSC_0288-300x199.jpg 300w, https:\/\/www.sume.pb.gov.br\/wp-content\/uploads\/2022\/09\/DSC_0288-1024x681.jpg 1024w, https:\/\/www.sume.pb.gov.br\/wp-content\/uploads\/2022\/09\/DSC_0288-768x510.jpg 768w, https:\/\/www.sume.pb.gov.br\/wp-content\/uploads\/2022\/09\/DSC_0288.jpg 1300w\" alt=\"\" width=\"300\" height=\"199\" \/><\/a><\/dt>\n<\/dl>\n<\/div>\n<p>Ap\u00f3s esse momento, os moradores do bairro Renascer, Z\u00e9 Bola e Marilda Leite, assinaram o documento em que doam um terreno para que a prefeitura construa a pra\u00e7a do bairro, atendendo a um antigo desejo da comunidade.<\/p>\n<div id=\"gallery-5\" class=\"gallery galleryid-19963 gallery-columns-5 gallery-size-medium\">\n<dl class=\"gallery-item\">\n<dt class=\"gallery-icon landscape\"><a href=\"https:\/\/www.sume.pb.gov.br\/2022\/09\/plenaria-do-centro-da-cidade-reune-maior-publico-do-ciclo-odm-2022\/dsc_0330-4\/\" data-slb-active=\"1\" data-slb-asset=\"1903398603\" data-slb-internal=\"19980\" data-slb-group=\"19963\"><img loading=\"lazy\" decoding=\"async\" class=\"attachment-medium size-medium\" src=\"https:\/\/www.sume.pb.gov.br\/wp-content\/uploads\/2022\/09\/DSC_0330-300x228.jpg\" sizes=\"(max-width: 300px) 100vw, 300px\" srcset=\"https:\/\/www.sume.pb.gov.br\/wp-content\/uploads\/2022\/09\/DSC_0330-300x228.jpg 300w, https:\/\/www.sume.pb.gov.br\/wp-content\/uploads\/2022\/09\/DSC_0330-1024x778.jpg 1024w, https:\/\/www.sume.pb.gov.br\/wp-content\/uploads\/2022\/09\/DSC_0330-768x584.jpg 768w, https:\/\/www.sume.pb.gov.br\/wp-content\/uploads\/2022\/09\/DSC_0330.jpg 1300w\" alt=\"\" width=\"300\" height=\"228\" \/><\/a><\/dt>\n<\/dl>\n<dl class=\"gallery-item\">\n<dt class=\"gallery-icon landscape\"><a href=\"https:\/\/www.sume.pb.gov.br\/2022\/09\/plenaria-do-centro-da-cidade-reune-maior-publico-do-ciclo-odm-2022\/dsc_0336-6\/\" data-slb-active=\"1\" data-slb-asset=\"1695870561\" data-slb-internal=\"19981\" data-slb-group=\"19963\"><img loading=\"lazy\" decoding=\"async\" class=\"attachment-medium size-medium\" src=\"https:\/\/www.sume.pb.gov.br\/wp-content\/uploads\/2022\/09\/DSC_0336-300x199.jpg\" sizes=\"(max-width: 300px) 100vw, 300px\" srcset=\"https:\/\/www.sume.pb.gov.br\/wp-content\/uploads\/2022\/09\/DSC_0336-300x199.jpg 300w, https:\/\/www.sume.pb.gov.br\/wp-content\/uploads\/2022\/09\/DSC_0336-1024x681.jpg 1024w, https:\/\/www.sume.pb.gov.br\/wp-content\/uploads\/2022\/09\/DSC_0336-768x510.jpg 768w, https:\/\/www.sume.pb.gov.br\/wp-content\/uploads\/2022\/09\/DSC_0336.jpg 1300w\" alt=\"\" width=\"300\" height=\"199\" \/><\/a><\/dt>\n<\/dl>\n<dl class=\"gallery-item\">\n<dt class=\"gallery-icon landscape\"><a href=\"https:\/\/www.sume.pb.gov.br\/2022\/09\/plenaria-do-centro-da-cidade-reune-maior-publico-do-ciclo-odm-2022\/dsc_0339-3\/\" data-slb-active=\"1\" data-slb-asset=\"1221744107\" data-slb-internal=\"19982\" data-slb-group=\"19963\"><img loading=\"lazy\" decoding=\"async\" class=\"attachment-medium size-medium\" src=\"https:\/\/www.sume.pb.gov.br\/wp-content\/uploads\/2022\/09\/DSC_0339-300x199.jpg\" sizes=\"(max-width: 300px) 100vw, 300px\" srcset=\"https:\/\/www.sume.pb.gov.br\/wp-content\/uploads\/2022\/09\/DSC_0339-300x199.jpg 300w, https:\/\/www.sume.pb.gov.br\/wp-content\/uploads\/2022\/09\/DSC_0339-1024x681.jpg 1024w, https:\/\/www.sume.pb.gov.br\/wp-content\/uploads\/2022\/09\/DSC_0339-768x510.jpg 768w, https:\/\/www.sume.pb.gov.br\/wp-content\/uploads\/2022\/09\/DSC_0339.jpg 1300w\" alt=\"\" width=\"300\" height=\"199\" \/><\/a><\/dt>\n<\/dl>\n<dl class=\"gallery-item\">\n<dt class=\"gallery-icon landscape\"><a href=\"https:\/\/www.sume.pb.gov.br\/2022\/09\/plenaria-do-centro-da-cidade-reune-maior-publico-do-ciclo-odm-2022\/dsc_0343-4\/\" data-slb-active=\"1\" data-slb-asset=\"1587168377\" data-slb-internal=\"19983\" data-slb-group=\"19963\"><img loading=\"lazy\" decoding=\"async\" class=\"attachment-medium size-medium\" src=\"https:\/\/www.sume.pb.gov.br\/wp-content\/uploads\/2022\/09\/DSC_0343-300x199.jpg\" sizes=\"(max-width: 300px) 100vw, 300px\" srcset=\"https:\/\/www.sume.pb.gov.br\/wp-content\/uploads\/2022\/09\/DSC_0343-300x199.jpg 300w, https:\/\/www.sume.pb.gov.br\/wp-content\/uploads\/2022\/09\/DSC_0343-1024x681.jpg 1024w, https:\/\/www.sume.pb.gov.br\/wp-content\/uploads\/2022\/09\/DSC_0343-768x510.jpg 768w, https:\/\/www.sume.pb.gov.br\/wp-content\/uploads\/2022\/09\/DSC_0343.jpg 1300w\" alt=\"\" width=\"300\" height=\"199\" \/><\/a><\/dt>\n<\/dl>\n<dl class=\"gallery-item\">\n<dt class=\"gallery-icon landscape\"><a href=\"https:\/\/www.sume.pb.gov.br\/2022\/09\/plenaria-do-centro-da-cidade-reune-maior-publico-do-ciclo-odm-2022\/dsc_0353-3\/\" data-slb-active=\"1\" data-slb-asset=\"546878317\" data-slb-internal=\"19984\" data-slb-group=\"19963\"><img loading=\"lazy\" decoding=\"async\" class=\"attachment-medium size-medium\" src=\"https:\/\/www.sume.pb.gov.br\/wp-content\/uploads\/2022\/09\/DSC_0353-300x199.jpg\" sizes=\"(max-width: 300px) 100vw, 300px\" srcset=\"https:\/\/www.sume.pb.gov.br\/wp-content\/uploads\/2022\/09\/DSC_0353-300x199.jpg 300w, https:\/\/www.sume.pb.gov.br\/wp-content\/uploads\/2022\/09\/DSC_0353-1024x681.jpg 1024w, https:\/\/www.sume.pb.gov.br\/wp-content\/uploads\/2022\/09\/DSC_0353-768x510.jpg 768w, https:\/\/www.sume.pb.gov.br\/wp-content\/uploads\/2022\/09\/DSC_0353.jpg 1300w\" alt=\"\" width=\"300\" height=\"199\" \/><\/a><\/dt>\n<\/dl>\n<\/div>\n<p>Na sequ\u00eancia, o prefeito agradeceu, respondeu as perguntas e pedidos dos que usaram a palavra e fez a presta\u00e7\u00e3o de contas das demandas da \u00faltima plen\u00e1ria (2019), apresentando muitos outros investimentos. Ap\u00f3s, ele apresentou as prioridades escolhidas pelo p\u00fablico presente para investimento no per\u00edodo 2022\/2023.<\/p>\n<div id=\"gallery-6\" class=\"gallery galleryid-19963 gallery-columns-5 gallery-size-medium\">\n<dl class=\"gallery-item\">\n<dt class=\"gallery-icon landscape\"><a href=\"https:\/\/www.sume.pb.gov.br\/2022\/09\/plenaria-do-centro-da-cidade-reune-maior-publico-do-ciclo-odm-2022\/dsc_0357-10\/\" data-slb-active=\"1\" data-slb-asset=\"247720616\" data-slb-internal=\"19985\" data-slb-group=\"19963\"><img loading=\"lazy\" decoding=\"async\" class=\"attachment-medium size-medium\" src=\"https:\/\/www.sume.pb.gov.br\/wp-content\/uploads\/2022\/09\/DSC_0357-300x199.jpg\" sizes=\"(max-width: 300px) 100vw, 300px\" srcset=\"https:\/\/www.sume.pb.gov.br\/wp-content\/uploads\/2022\/09\/DSC_0357-300x199.jpg 300w, https:\/\/www.sume.pb.gov.br\/wp-content\/uploads\/2022\/09\/DSC_0357-1024x681.jpg 1024w, https:\/\/www.sume.pb.gov.br\/wp-content\/uploads\/2022\/09\/DSC_0357-768x510.jpg 768w, https:\/\/www.sume.pb.gov.br\/wp-content\/uploads\/2022\/09\/DSC_0357.jpg 1300w\" alt=\"\" width=\"300\" height=\"199\" \/><\/a><\/dt>\n<\/dl>\n<dl class=\"gallery-item\">\n<dt class=\"gallery-icon landscape\"><a href=\"https:\/\/www.sume.pb.gov.br\/2022\/09\/plenaria-do-centro-da-cidade-reune-maior-publico-do-ciclo-odm-2022\/dsc_0361-3\/\" data-slb-active=\"1\" data-slb-asset=\"930139477\" data-slb-internal=\"19986\" data-slb-group=\"19963\"><img loading=\"lazy\" decoding=\"async\" class=\"attachment-medium size-medium\" src=\"https:\/\/www.sume.pb.gov.br\/wp-content\/uploads\/2022\/09\/DSC_0361-300x199.jpg\" sizes=\"(max-width: 300px) 100vw, 300px\" srcset=\"https:\/\/www.sume.pb.gov.br\/wp-content\/uploads\/2022\/09\/DSC_0361-300x199.jpg 300w, https:\/\/www.sume.pb.gov.br\/wp-content\/uploads\/2022\/09\/DSC_0361-1024x681.jpg 1024w, https:\/\/www.sume.pb.gov.br\/wp-content\/uploads\/2022\/09\/DSC_0361-768x510.jpg 768w, https:\/\/www.sume.pb.gov.br\/wp-content\/uploads\/2022\/09\/DSC_0361.jpg 1300w\" alt=\"\" width=\"300\" height=\"199\" \/><\/a><\/dt>\n<\/dl>\n<dl class=\"gallery-item\">\n<dt class=\"gallery-icon landscape\"><a href=\"https:\/\/www.sume.pb.gov.br\/2022\/09\/plenaria-do-centro-da-cidade-reune-maior-publico-do-ciclo-odm-2022\/dsc_0365-7\/\" data-slb-active=\"1\" data-slb-asset=\"1705193000\" data-slb-internal=\"19987\" data-slb-group=\"19963\"><img loading=\"lazy\" decoding=\"async\" class=\"attachment-medium size-medium\" src=\"https:\/\/www.sume.pb.gov.br\/wp-content\/uploads\/2022\/09\/DSC_0365-300x199.jpg\" sizes=\"(max-width: 300px) 100vw, 300px\" srcset=\"https:\/\/www.sume.pb.gov.br\/wp-content\/uploads\/2022\/09\/DSC_0365-300x199.jpg 300w, https:\/\/www.sume.pb.gov.br\/wp-content\/uploads\/2022\/09\/DSC_0365-1024x681.jpg 1024w, https:\/\/www.sume.pb.gov.br\/wp-content\/uploads\/2022\/09\/DSC_0365-768x510.jpg 768w, https:\/\/www.sume.pb.gov.br\/wp-content\/uploads\/2022\/09\/DSC_0365.jpg 1300w\" alt=\"\" width=\"300\" height=\"199\" \/><\/a><\/dt>\n<\/dl>\n<dl class=\"gallery-item\">\n<dt class=\"gallery-icon landscape\"><a href=\"https:\/\/www.sume.pb.gov.br\/2022\/09\/plenaria-do-centro-da-cidade-reune-maior-publico-do-ciclo-odm-2022\/dsc_0368-3\/\" data-slb-active=\"1\" data-slb-asset=\"626465921\" data-slb-internal=\"19988\" data-slb-group=\"19963\"><img loading=\"lazy\" decoding=\"async\" class=\"attachment-medium size-medium\" src=\"https:\/\/www.sume.pb.gov.br\/wp-content\/uploads\/2022\/09\/DSC_0368-300x199.jpg\" sizes=\"(max-width: 300px) 100vw, 300px\" srcset=\"https:\/\/www.sume.pb.gov.br\/wp-content\/uploads\/2022\/09\/DSC_0368-300x199.jpg 300w, https:\/\/www.sume.pb.gov.br\/wp-content\/uploads\/2022\/09\/DSC_0368-1024x681.jpg 1024w, https:\/\/www.sume.pb.gov.br\/wp-content\/uploads\/2022\/09\/DSC_0368-768x510.jpg 768w, https:\/\/www.sume.pb.gov.br\/wp-content\/uploads\/2022\/09\/DSC_0368.jpg 1300w\" alt=\"\" width=\"300\" height=\"199\" \/><\/a><\/dt>\n<\/dl>\n<dl class=\"gallery-item\">\n<dt class=\"gallery-icon landscape\"><a href=\"https:\/\/www.sume.pb.gov.br\/2022\/09\/plenaria-do-centro-da-cidade-reune-maior-publico-do-ciclo-odm-2022\/dsc_0406-4\/\" data-slb-active=\"1\" data-slb-asset=\"376893551\" data-slb-internal=\"19989\" data-slb-group=\"19963\"><img loading=\"lazy\" decoding=\"async\" class=\"attachment-medium size-medium\" src=\"https:\/\/www.sume.pb.gov.br\/wp-content\/uploads\/2022\/09\/DSC_0406-300x199.jpg\" sizes=\"(max-width: 300px) 100vw, 300px\" srcset=\"https:\/\/www.sume.pb.gov.br\/wp-content\/uploads\/2022\/09\/DSC_0406-300x199.jpg 300w, https:\/\/www.sume.pb.gov.br\/wp-content\/uploads\/2022\/09\/DSC_0406-1024x681.jpg 1024w, https:\/\/www.sume.pb.gov.br\/wp-content\/uploads\/2022\/09\/DSC_0406-768x510.jpg 768w, https:\/\/www.sume.pb.gov.br\/wp-content\/uploads\/2022\/09\/DSC_0406.jpg 1300w\" alt=\"\" width=\"300\" height=\"199\" \/><\/a><\/dt>\n<\/dl>\n<\/div>\n<p>A regi\u00e3o do centro da cidade escolheu como principais demandas e investimentos:<\/p>\n<ol>\n<li><strong>Urbanismo e Infraestrutura,\u00a0<\/strong>tendo como prioridade a reforma da Pra\u00e7a Adolfo Mayer;<\/li>\n<li><strong>Desporto e Lazer,\u00a0<\/strong>tendo como prioridade a reforma do gin\u00e1sio municipal;<\/li>\n<li><strong>Sa\u00fade,\u00a0<\/strong>tendo como prioridade a constru\u00e7\u00e3o de uma Academia de Sa\u00fade no bairro Renascer.<\/li>\n<\/ol>\n<div id=\"gallery-7\" class=\"gallery galleryid-19963 gallery-columns-5 gallery-size-medium\">\n<dl class=\"gallery-item\">\n<dt class=\"gallery-icon landscape\"><a href=\"https:\/\/www.sume.pb.gov.br\/2022\/09\/plenaria-do-centro-da-cidade-reune-maior-publico-do-ciclo-odm-2022\/dsc_0207-8\/\" data-slb-active=\"1\" data-slb-asset=\"181295669\" data-slb-internal=\"19990\" data-slb-group=\"19963\"><img loading=\"lazy\" decoding=\"async\" class=\"attachment-medium size-medium\" src=\"https:\/\/www.sume.pb.gov.br\/wp-content\/uploads\/2022\/09\/DSC_0207-300x199.jpg\" sizes=\"(max-width: 300px) 100vw, 300px\" srcset=\"https:\/\/www.sume.pb.gov.br\/wp-content\/uploads\/2022\/09\/DSC_0207-300x199.jpg 300w, https:\/\/www.sume.pb.gov.br\/wp-content\/uploads\/2022\/09\/DSC_0207-1024x681.jpg 1024w, https:\/\/www.sume.pb.gov.br\/wp-content\/uploads\/2022\/09\/DSC_0207-768x510.jpg 768w, https:\/\/www.sume.pb.gov.br\/wp-content\/uploads\/2022\/09\/DSC_0207.jpg 1300w\" alt=\"\" width=\"300\" height=\"199\" \/><\/a><\/dt>\n<\/dl>\n<dl class=\"gallery-item\">\n<dt class=\"gallery-icon landscape\"><a href=\"https:\/\/www.sume.pb.gov.br\/2022\/09\/plenaria-do-centro-da-cidade-reune-maior-publico-do-ciclo-odm-2022\/dsc_0208-6\/\" data-slb-active=\"1\" data-slb-asset=\"678597391\" data-slb-internal=\"19991\" data-slb-group=\"19963\"><img loading=\"lazy\" decoding=\"async\" class=\"attachment-medium size-medium\" src=\"https:\/\/www.sume.pb.gov.br\/wp-content\/uploads\/2022\/09\/DSC_0208-300x199.jpg\" sizes=\"(max-width: 300px) 100vw, 300px\" srcset=\"https:\/\/www.sume.pb.gov.br\/wp-content\/uploads\/2022\/09\/DSC_0208-300x199.jpg 300w, https:\/\/www.sume.pb.gov.br\/wp-content\/uploads\/2022\/09\/DSC_0208-1024x681.jpg 1024w, https:\/\/www.sume.pb.gov.br\/wp-content\/uploads\/2022\/09\/DSC_0208-768x510.jpg 768w, https:\/\/www.sume.pb.gov.br\/wp-content\/uploads\/2022\/09\/DSC_0208.jpg 1300w\" alt=\"\" width=\"300\" height=\"199\" \/><\/a><\/dt>\n<\/dl>\n<dl class=\"gallery-item\">\n<dt class=\"gallery-icon landscape\"><a href=\"https:\/\/www.sume.pb.gov.br\/2022\/09\/plenaria-do-centro-da-cidade-reune-maior-publico-do-ciclo-odm-2022\/dsc_0212-5\/\" data-slb-active=\"1\" data-slb-asset=\"1539190095\" data-slb-internal=\"19992\" data-slb-group=\"19963\"><img loading=\"lazy\" decoding=\"async\" class=\"attachment-medium size-medium\" src=\"https:\/\/www.sume.pb.gov.br\/wp-content\/uploads\/2022\/09\/DSC_0212-300x199.jpg\" sizes=\"(max-width: 300px) 100vw, 300px\" srcset=\"https:\/\/www.sume.pb.gov.br\/wp-content\/uploads\/2022\/09\/DSC_0212-300x199.jpg 300w, https:\/\/www.sume.pb.gov.br\/wp-content\/uploads\/2022\/09\/DSC_0212-1024x681.jpg 1024w, https:\/\/www.sume.pb.gov.br\/wp-content\/uploads\/2022\/09\/DSC_0212-768x510.jpg 768w, https:\/\/www.sume.pb.gov.br\/wp-content\/uploads\/2022\/09\/DSC_0212.jpg 1300w\" alt=\"\" width=\"300\" height=\"199\" \/><\/a><\/dt>\n<\/dl>\n<dl class=\"gallery-item\">\n<dt class=\"gallery-icon landscape\"><a href=\"https:\/\/www.sume.pb.gov.br\/2022\/09\/plenaria-do-centro-da-cidade-reune-maior-publico-do-ciclo-odm-2022\/dsc_0216-5\/\" data-slb-active=\"1\" data-slb-asset=\"2064485145\" data-slb-internal=\"19993\" data-slb-group=\"19963\"><img loading=\"lazy\" decoding=\"async\" class=\"attachment-medium size-medium\" src=\"https:\/\/www.sume.pb.gov.br\/wp-content\/uploads\/2022\/09\/DSC_0216-300x199.jpg\" sizes=\"(max-width: 300px) 100vw, 300px\" srcset=\"https:\/\/www.sume.pb.gov.br\/wp-content\/uploads\/2022\/09\/DSC_0216-300x199.jpg 300w, https:\/\/www.sume.pb.gov.br\/wp-content\/uploads\/2022\/09\/DSC_0216-1024x681.jpg 1024w, https:\/\/www.sume.pb.gov.br\/wp-content\/uploads\/2022\/09\/DSC_0216-768x510.jpg 768w, https:\/\/www.sume.pb.gov.br\/wp-content\/uploads\/2022\/09\/DSC_0216.jpg 1300w\" alt=\"\" width=\"300\" height=\"199\" \/><\/a><\/dt>\n<\/dl>\n<dl class=\"gallery-item\">\n<dt class=\"gallery-icon landscape\"><a href=\"https:\/\/www.sume.pb.gov.br\/2022\/09\/plenaria-do-centro-da-cidade-reune-maior-publico-do-ciclo-odm-2022\/dsc_0217-4\/\" data-slb-active=\"1\" data-slb-asset=\"132323829\" data-slb-internal=\"19994\" data-slb-group=\"19963\"><img loading=\"lazy\" decoding=\"async\" class=\"attachment-medium size-medium\" src=\"https:\/\/www.sume.pb.gov.br\/wp-content\/uploads\/2022\/09\/DSC_0217-300x199.jpg\" sizes=\"(max-width: 300px) 100vw, 300px\" srcset=\"https:\/\/www.sume.pb.gov.br\/wp-content\/uploads\/2022\/09\/DSC_0217-300x199.jpg 300w, https:\/\/www.sume.pb.gov.br\/wp-content\/uploads\/2022\/09\/DSC_0217-1024x681.jpg 1024w, https:\/\/www.sume.pb.gov.br\/wp-content\/uploads\/2022\/09\/DSC_0217-768x510.jpg 768w, https:\/\/www.sume.pb.gov.br\/wp-content\/uploads\/2022\/09\/DSC_0217.jpg 1300w\" alt=\"\" width=\"300\" height=\"199\" \/><\/a><\/dt>\n<\/dl>\n<\/div>\n<p>O Or\u00e7amento Democr\u00e1tico Municipal \u00e9 um instrumento de participa\u00e7\u00e3o popular, criado pelo prefeito \u00c9den Duarte, em 2019, pelo decreto n\u00b0 1.262.<\/p>\n<p>A \u00faltima plen\u00e1ria foi realizada no s\u00e1bado, 03, as 15h na regi\u00e3o do Riacho da Ro\u00e7a e s\u00edtio Angico Torto.<\/p>\n<p><strong>Noticias em Destaque<\/strong><\/p>\n<p style=\"text-align: right;\"><em>Fonte: Ascom\/PMS<\/em><\/p>\n","protected":false},"excerpt":{"rendered":"<p>O Ciclo 2022 do Or\u00e7amento Democr\u00e1tico Municipal (ODM) de Sum\u00e9, realizou na \u00faltima sexta-feira, 02, a sua pen\u00faltima plen\u00e1ria. O evento aconteceu as 19h para a regi\u00e3o do centro da cidade, no gin\u00e1sio de esportes municipal. A regi\u00e3o reuniu os bairros:\u00a0Alto do Jorge, Banquinho, Renascer, Santa Rosa e todo o centro da cidade, a partir da Rua Augusto Santa Cruz e Pra\u00e7a Adolfo Mayer. Estiveram presentes, al\u00e9m do prefeito \u00c9den Duarte, os secret\u00e1rios municipais: Tanniery L\u00eala (Sa\u00fade), Ednalva Lib\u00e2nio (Assist\u00eancia Social), Rob\u00e9rio Cipriano (Or\u00e7amento e Finan\u00e7as), Gian Braz (Obras e Servi\u00e7os Urbanos) e Branco Xiliu (Cultura, Esportes e Turismo), al\u00e9m dos vereadores Ant\u00f4nio Carlos Sarmento (presidente), Dami\u00e3o Rildo, Crist\u00f3v\u00e3o J\u00fanior, Jos\u00e9 Ant\u00f4nio e Daniel L\u00eala, ainda o chefe de gabinete Heleno Jr, o conselheiro do ODM da regi\u00e3o Veronaldo Silva e demais conselheiros, Vanderley Paulo (regi\u00e3o de Riacho da Ro\u00e7a), Alcidenir Lira e Lucin\u00e9ia Caetano (regi\u00e3o da V\u00e1rzea Redonda), Ulices Tim\u00f3teo (regi\u00e3o do Alto Alegre) e\u00a0 Anildo An\u00edzio (regi\u00e3o de Pio X). A plen\u00e1ria iniciou com a fala do coordenador municipal do ODM Marivaldo Alc\u00e2ntara, seguida dos vereadores e demais moradores da regi\u00e3o que fizeram suas reivindica\u00e7\u00f5es e agradecimentos ao prefeito. Em seguida, o prefeito \u00c9den, a secret\u00e1ria Taniery, o vereador Ant\u00f4nio Carlos e as m\u00e3es que formam o grupo TEA (transtorno de Espectro Autista), assinaram a autoriza\u00e7\u00e3o do in\u00edcio da licita\u00e7\u00e3o para constru\u00e7\u00e3o do Centro de Especialidades M\u00e9dicas \u201cManoel Louren\u00e7o\u201d, que ser\u00e1 edificado no Conjunto habitacional Pedro Ferreira Filho. Ap\u00f3s esse momento, os moradores do bairro Renascer, Z\u00e9 Bola e Marilda Leite, assinaram o documento em que doam um terreno para que a prefeitura construa a pra\u00e7a do bairro, atendendo a um antigo desejo da comunidade. Na sequ\u00eancia, o prefeito agradeceu, respondeu as perguntas e pedidos dos que usaram a palavra e fez a presta\u00e7\u00e3o de contas das demandas da \u00faltima plen\u00e1ria (2019), apresentando muitos outros investimentos. Ap\u00f3s, ele apresentou as prioridades escolhidas pelo p\u00fablico presente para investimento no per\u00edodo 2022\/2023. A regi\u00e3o do centro da cidade escolheu como principais demandas e investimentos: Urbanismo e Infraestrutura,\u00a0tendo como prioridade a reforma da Pra\u00e7a Adolfo Mayer; Desporto e Lazer,\u00a0tendo como prioridade a reforma do gin\u00e1sio municipal; Sa\u00fade,\u00a0tendo como prioridade a constru\u00e7\u00e3o de uma Academia de Sa\u00fade no bairro Renascer. O Or\u00e7amento Democr\u00e1tico Municipal \u00e9 um instrumento de participa\u00e7\u00e3o popular, criado pelo prefeito \u00c9den Duarte, em 2019, pelo decreto n\u00b0 1.262. A \u00faltima plen\u00e1ria foi realizada no s\u00e1bado, 03, as 15h na regi\u00e3o do Riacho da Ro\u00e7a e s\u00edtio Angico Torto. Noticias em Destaque Fonte: Ascom\/PMS<\/p>\n","protected":false},"author":2,"featured_media":42413,"comment_status":"closed","ping_status":"open","sticky":false,"template":"","format":"standard","meta":{"_eb_attr":"","_jetpack_memberships_contains_paid_content":false,"footnotes":""},"categories":[3],"tags":[],"class_list":["post-42412","post","type-post","status-publish","format-standard","has-post-thumbnail","hentry","category-cidades"],"yoast_head":"<!-- This site is optimized with the Yoast SEO plugin v26.5 - https:\/\/yoast.com\/wordpress\/plugins\/seo\/ -->\n<title>Plen\u00e1ria do Centro da cidade de Sum\u00e9 re\u00fane maior p\u00fablico do ciclo ODM 2022 - Not&iacute;cias em Destaque<\/title>\n<meta name=\"robots\" content=\"index, follow, max-snippet:-1, max-image-preview:large, max-video-preview:-1\" \/>\n<link rel=\"canonical\" href=\"https:\/\/noticiasemdestaque.com\/cd\/?p=42412\" \/>\n<meta property=\"og:locale\" content=\"pt_BR\" \/>\n<meta property=\"og:type\" content=\"article\" \/>\n<meta property=\"og:title\" content=\"Plen\u00e1ria do Centro da cidade de Sum\u00e9 re\u00fane maior p\u00fablico do ciclo ODM 2022 - Not&iacute;cias em Destaque\" \/>\n<meta property=\"og:description\" content=\"O Ciclo 2022 do Or\u00e7amento Democr\u00e1tico Municipal (ODM) de Sum\u00e9, realizou na \u00faltima sexta-feira, 02, a sua pen\u00faltima plen\u00e1ria. O evento aconteceu as 19h para a regi\u00e3o do centro da cidade, no gin\u00e1sio de esportes municipal. A regi\u00e3o reuniu os bairros:\u00a0Alto do Jorge, Banquinho, Renascer, Santa Rosa e todo o centro da cidade, a partir da Rua Augusto Santa Cruz e Pra\u00e7a Adolfo Mayer. Estiveram presentes, al\u00e9m do prefeito \u00c9den Duarte, os secret\u00e1rios municipais: Tanniery L\u00eala (Sa\u00fade), Ednalva Lib\u00e2nio (Assist\u00eancia Social), Rob\u00e9rio Cipriano (Or\u00e7amento e Finan\u00e7as), Gian Braz (Obras e Servi\u00e7os Urbanos) e Branco Xiliu (Cultura, Esportes e Turismo), al\u00e9m dos vereadores Ant\u00f4nio Carlos Sarmento (presidente), Dami\u00e3o Rildo, Crist\u00f3v\u00e3o J\u00fanior, Jos\u00e9 Ant\u00f4nio e Daniel L\u00eala, ainda o chefe de gabinete Heleno Jr, o conselheiro do ODM da regi\u00e3o Veronaldo Silva e demais conselheiros, Vanderley Paulo (regi\u00e3o de Riacho da Ro\u00e7a), Alcidenir Lira e Lucin\u00e9ia Caetano (regi\u00e3o da V\u00e1rzea Redonda), Ulices Tim\u00f3teo (regi\u00e3o do Alto Alegre) e\u00a0 Anildo An\u00edzio (regi\u00e3o de Pio X). A plen\u00e1ria iniciou com a fala do coordenador municipal do ODM Marivaldo Alc\u00e2ntara, seguida dos vereadores e demais moradores da regi\u00e3o que fizeram suas reivindica\u00e7\u00f5es e agradecimentos ao prefeito. Em seguida, o prefeito \u00c9den, a secret\u00e1ria Taniery, o vereador Ant\u00f4nio Carlos e as m\u00e3es que formam o grupo TEA (transtorno de Espectro Autista), assinaram a autoriza\u00e7\u00e3o do in\u00edcio da licita\u00e7\u00e3o para constru\u00e7\u00e3o do Centro de Especialidades M\u00e9dicas \u201cManoel Louren\u00e7o\u201d, que ser\u00e1 edificado no Conjunto habitacional Pedro Ferreira Filho. Ap\u00f3s esse momento, os moradores do bairro Renascer, Z\u00e9 Bola e Marilda Leite, assinaram o documento em que doam um terreno para que a prefeitura construa a pra\u00e7a do bairro, atendendo a um antigo desejo da comunidade. Na sequ\u00eancia, o prefeito agradeceu, respondeu as perguntas e pedidos dos que usaram a palavra e fez a presta\u00e7\u00e3o de contas das demandas da \u00faltima plen\u00e1ria (2019), apresentando muitos outros investimentos. Ap\u00f3s, ele apresentou as prioridades escolhidas pelo p\u00fablico presente para investimento no per\u00edodo 2022\/2023. A regi\u00e3o do centro da cidade escolheu como principais demandas e investimentos: Urbanismo e Infraestrutura,\u00a0tendo como prioridade a reforma da Pra\u00e7a Adolfo Mayer; Desporto e Lazer,\u00a0tendo como prioridade a reforma do gin\u00e1sio municipal; Sa\u00fade,\u00a0tendo como prioridade a constru\u00e7\u00e3o de uma Academia de Sa\u00fade no bairro Renascer. O Or\u00e7amento Democr\u00e1tico Municipal \u00e9 um instrumento de participa\u00e7\u00e3o popular, criado pelo prefeito \u00c9den Duarte, em 2019, pelo decreto n\u00b0 1.262. A \u00faltima plen\u00e1ria foi realizada no s\u00e1bado, 03, as 15h na regi\u00e3o do Riacho da Ro\u00e7a e s\u00edtio Angico Torto. Noticias em Destaque Fonte: Ascom\/PMS\" \/>\n<meta property=\"og:url\" content=\"https:\/\/noticiasemdestaque.com\/cd\/?p=42412\" \/>\n<meta property=\"og:site_name\" content=\"Not&iacute;cias em Destaque\" \/>\n<meta property=\"article:published_time\" content=\"2022-09-05T12:47:39+00:00\" \/>\n<meta property=\"og:image\" content=\"https:\/\/noticiasemdestaque.com\/cd\/wp-content\/uploads\/2022\/09\/CAPA-400x255-1.jpg\" \/>\n\t<meta property=\"og:image:width\" content=\"400\" \/>\n\t<meta property=\"og:image:height\" content=\"255\" \/>\n\t<meta property=\"og:image:type\" content=\"image\/jpeg\" \/>\n<meta name=\"author\" content=\"Not\u00edcias em Destaque\" \/>\n<meta name=\"twitter:card\" content=\"summary_large_image\" \/>\n<meta name=\"twitter:label1\" content=\"Escrito por\" \/>\n\t<meta name=\"twitter:data1\" content=\"Not\u00edcias em Destaque\" \/>\n\t<meta name=\"twitter:label2\" content=\"Est. tempo de leitura\" \/>\n\t<meta name=\"twitter:data2\" content=\"10 minutos\" \/>\n<script type=\"application\/ld+json\" class=\"yoast-schema-graph\">{\"@context\":\"https:\/\/schema.org\",\"@graph\":[{\"@type\":\"Article\",\"@id\":\"https:\/\/noticiasemdestaque.com\/cd\/?p=42412#article\",\"isPartOf\":{\"@id\":\"https:\/\/noticiasemdestaque.com\/cd\/?p=42412\"},\"author\":{\"name\":\"Not\u00edcias em Destaque\",\"@id\":\"https:\/\/noticiasemdestaque.com\/cd\/#\/schema\/person\/4a81fb71f77579d059c3045891fa1786\"},\"headline\":\"Plen\u00e1ria do Centro da cidade de Sum\u00e9 re\u00fane maior p\u00fablico do ciclo ODM 2022\",\"datePublished\":\"2022-09-05T12:47:39+00:00\",\"mainEntityOfPage\":{\"@id\":\"https:\/\/noticiasemdestaque.com\/cd\/?p=42412\"},\"wordCount\":498,\"publisher\":{\"@id\":\"https:\/\/noticiasemdestaque.com\/cd\/#organization\"},\"image\":{\"@id\":\"https:\/\/noticiasemdestaque.com\/cd\/?p=42412#primaryimage\"},\"thumbnailUrl\":\"https:\/\/noticiasemdestaque.com\/cd\/wp-content\/uploads\/2022\/09\/CAPA-400x255-1.jpg\",\"articleSection\":[\"Cidades\"],\"inLanguage\":\"pt-BR\"},{\"@type\":\"WebPage\",\"@id\":\"https:\/\/noticiasemdestaque.com\/cd\/?p=42412\",\"url\":\"https:\/\/noticiasemdestaque.com\/cd\/?p=42412\",\"name\":\"Plen\u00e1ria do Centro da cidade de Sum\u00e9 re\u00fane maior p\u00fablico do ciclo ODM 2022 - Not&iacute;cias em Destaque\",\"isPartOf\":{\"@id\":\"https:\/\/noticiasemdestaque.com\/cd\/#website\"},\"primaryImageOfPage\":{\"@id\":\"https:\/\/noticiasemdestaque.com\/cd\/?p=42412#primaryimage\"},\"image\":{\"@id\":\"https:\/\/noticiasemdestaque.com\/cd\/?p=42412#primaryimage\"},\"thumbnailUrl\":\"https:\/\/noticiasemdestaque.com\/cd\/wp-content\/uploads\/2022\/09\/CAPA-400x255-1.jpg\",\"datePublished\":\"2022-09-05T12:47:39+00:00\",\"breadcrumb\":{\"@id\":\"https:\/\/noticiasemdestaque.com\/cd\/?p=42412#breadcrumb\"},\"inLanguage\":\"pt-BR\",\"potentialAction\":[{\"@type\":\"ReadAction\",\"target\":[\"https:\/\/noticiasemdestaque.com\/cd\/?p=42412\"]}]},{\"@type\":\"ImageObject\",\"inLanguage\":\"pt-BR\",\"@id\":\"https:\/\/noticiasemdestaque.com\/cd\/?p=42412#primaryimage\",\"url\":\"https:\/\/noticiasemdestaque.com\/cd\/wp-content\/uploads\/2022\/09\/CAPA-400x255-1.jpg\",\"contentUrl\":\"https:\/\/noticiasemdestaque.com\/cd\/wp-content\/uploads\/2022\/09\/CAPA-400x255-1.jpg\",\"width\":400,\"height\":255},{\"@type\":\"BreadcrumbList\",\"@id\":\"https:\/\/noticiasemdestaque.com\/cd\/?p=42412#breadcrumb\",\"itemListElement\":[{\"@type\":\"ListItem\",\"position\":1,\"name\":\"In\u00edcio\",\"item\":\"https:\/\/noticiasemdestaque.com\/cd\/\"},{\"@type\":\"ListItem\",\"position\":2,\"name\":\"Plen\u00e1ria do Centro da cidade de Sum\u00e9 re\u00fane maior p\u00fablico do ciclo ODM 2022\"}]},{\"@type\":\"WebSite\",\"@id\":\"https:\/\/noticiasemdestaque.com\/cd\/#website\",\"url\":\"https:\/\/noticiasemdestaque.com\/cd\/\",\"name\":\"Not&iacute;cias em Destaque\",\"description\":\"\",\"publisher\":{\"@id\":\"https:\/\/noticiasemdestaque.com\/cd\/#organization\"},\"potentialAction\":[{\"@type\":\"SearchAction\",\"target\":{\"@type\":\"EntryPoint\",\"urlTemplate\":\"https:\/\/noticiasemdestaque.com\/cd\/?s={search_term_string}\"},\"query-input\":{\"@type\":\"PropertyValueSpecification\",\"valueRequired\":true,\"valueName\":\"search_term_string\"}}],\"inLanguage\":\"pt-BR\"},{\"@type\":\"Organization\",\"@id\":\"https:\/\/noticiasemdestaque.com\/cd\/#organization\",\"name\":\"Not\u00edcias em Destaque\",\"url\":\"https:\/\/noticiasemdestaque.com\/cd\/\",\"logo\":{\"@type\":\"ImageObject\",\"inLanguage\":\"pt-BR\",\"@id\":\"https:\/\/noticiasemdestaque.com\/cd\/#\/schema\/logo\/image\/\",\"url\":\"https:\/\/noticiasemdestaque.com\/cd\/wp-content\/uploads\/2022\/05\/imagem-base-noticiasemdestaque.png\",\"contentUrl\":\"https:\/\/noticiasemdestaque.com\/cd\/wp-content\/uploads\/2022\/05\/imagem-base-noticiasemdestaque.png\",\"width\":1200,\"height\":630,\"caption\":\"Not\u00edcias em Destaque\"},\"image\":{\"@id\":\"https:\/\/noticiasemdestaque.com\/cd\/#\/schema\/logo\/image\/\"}},{\"@type\":\"Person\",\"@id\":\"https:\/\/noticiasemdestaque.com\/cd\/#\/schema\/person\/4a81fb71f77579d059c3045891fa1786\",\"name\":\"Not\u00edcias em Destaque\",\"url\":\"https:\/\/noticiasemdestaque.com\/cd\/?author=2\"}]}<\/script>\n<!-- \/ Yoast SEO plugin. -->","yoast_head_json":{"title":"Plen\u00e1ria do Centro da cidade de Sum\u00e9 re\u00fane maior p\u00fablico do ciclo ODM 2022 - Not&iacute;cias em Destaque","robots":{"index":"index","follow":"follow","max-snippet":"max-snippet:-1","max-image-preview":"max-image-preview:large","max-video-preview":"max-video-preview:-1"},"canonical":"https:\/\/noticiasemdestaque.com\/cd\/?p=42412","og_locale":"pt_BR","og_type":"article","og_title":"Plen\u00e1ria do Centro da cidade de Sum\u00e9 re\u00fane maior p\u00fablico do ciclo ODM 2022 - Not&iacute;cias em Destaque","og_description":"O Ciclo 2022 do Or\u00e7amento Democr\u00e1tico Municipal (ODM) de Sum\u00e9, realizou na \u00faltima sexta-feira, 02, a sua pen\u00faltima plen\u00e1ria. O evento aconteceu as 19h para a regi\u00e3o do centro da cidade, no gin\u00e1sio de esportes municipal. A regi\u00e3o reuniu os bairros:\u00a0Alto do Jorge, Banquinho, Renascer, Santa Rosa e todo o centro da cidade, a partir da Rua Augusto Santa Cruz e Pra\u00e7a Adolfo Mayer. Estiveram presentes, al\u00e9m do prefeito \u00c9den Duarte, os secret\u00e1rios municipais: Tanniery L\u00eala (Sa\u00fade), Ednalva Lib\u00e2nio (Assist\u00eancia Social), Rob\u00e9rio Cipriano (Or\u00e7amento e Finan\u00e7as), Gian Braz (Obras e Servi\u00e7os Urbanos) e Branco Xiliu (Cultura, Esportes e Turismo), al\u00e9m dos vereadores Ant\u00f4nio Carlos Sarmento (presidente), Dami\u00e3o Rildo, Crist\u00f3v\u00e3o J\u00fanior, Jos\u00e9 Ant\u00f4nio e Daniel L\u00eala, ainda o chefe de gabinete Heleno Jr, o conselheiro do ODM da regi\u00e3o Veronaldo Silva e demais conselheiros, Vanderley Paulo (regi\u00e3o de Riacho da Ro\u00e7a), Alcidenir Lira e Lucin\u00e9ia Caetano (regi\u00e3o da V\u00e1rzea Redonda), Ulices Tim\u00f3teo (regi\u00e3o do Alto Alegre) e\u00a0 Anildo An\u00edzio (regi\u00e3o de Pio X). A plen\u00e1ria iniciou com a fala do coordenador municipal do ODM Marivaldo Alc\u00e2ntara, seguida dos vereadores e demais moradores da regi\u00e3o que fizeram suas reivindica\u00e7\u00f5es e agradecimentos ao prefeito. Em seguida, o prefeito \u00c9den, a secret\u00e1ria Taniery, o vereador Ant\u00f4nio Carlos e as m\u00e3es que formam o grupo TEA (transtorno de Espectro Autista), assinaram a autoriza\u00e7\u00e3o do in\u00edcio da licita\u00e7\u00e3o para constru\u00e7\u00e3o do Centro de Especialidades M\u00e9dicas \u201cManoel Louren\u00e7o\u201d, que ser\u00e1 edificado no Conjunto habitacional Pedro Ferreira Filho. Ap\u00f3s esse momento, os moradores do bairro Renascer, Z\u00e9 Bola e Marilda Leite, assinaram o documento em que doam um terreno para que a prefeitura construa a pra\u00e7a do bairro, atendendo a um antigo desejo da comunidade. Na sequ\u00eancia, o prefeito agradeceu, respondeu as perguntas e pedidos dos que usaram a palavra e fez a presta\u00e7\u00e3o de contas das demandas da \u00faltima plen\u00e1ria (2019), apresentando muitos outros investimentos. Ap\u00f3s, ele apresentou as prioridades escolhidas pelo p\u00fablico presente para investimento no per\u00edodo 2022\/2023. A regi\u00e3o do centro da cidade escolheu como principais demandas e investimentos: Urbanismo e Infraestrutura,\u00a0tendo como prioridade a reforma da Pra\u00e7a Adolfo Mayer; Desporto e Lazer,\u00a0tendo como prioridade a reforma do gin\u00e1sio municipal; Sa\u00fade,\u00a0tendo como prioridade a constru\u00e7\u00e3o de uma Academia de Sa\u00fade no bairro Renascer. O Or\u00e7amento Democr\u00e1tico Municipal \u00e9 um instrumento de participa\u00e7\u00e3o popular, criado pelo prefeito \u00c9den Duarte, em 2019, pelo decreto n\u00b0 1.262. A \u00faltima plen\u00e1ria foi realizada no s\u00e1bado, 03, as 15h na regi\u00e3o do Riacho da Ro\u00e7a e s\u00edtio Angico Torto. Noticias em Destaque Fonte: Ascom\/PMS","og_url":"https:\/\/noticiasemdestaque.com\/cd\/?p=42412","og_site_name":"Not&iacute;cias em Destaque","article_published_time":"2022-09-05T12:47:39+00:00","og_image":[{"width":400,"height":255,"url":"https:\/\/noticiasemdestaque.com\/cd\/wp-content\/uploads\/2022\/09\/CAPA-400x255-1.jpg","type":"image\/jpeg"}],"author":"Not\u00edcias em Destaque","twitter_card":"summary_large_image","twitter_misc":{"Escrito por":"Not\u00edcias em Destaque","Est. tempo de leitura":"10 minutos"},"schema":{"@context":"https:\/\/schema.org","@graph":[{"@type":"Article","@id":"https:\/\/noticiasemdestaque.com\/cd\/?p=42412#article","isPartOf":{"@id":"https:\/\/noticiasemdestaque.com\/cd\/?p=42412"},"author":{"name":"Not\u00edcias em Destaque","@id":"https:\/\/noticiasemdestaque.com\/cd\/#\/schema\/person\/4a81fb71f77579d059c3045891fa1786"},"headline":"Plen\u00e1ria do Centro da cidade de Sum\u00e9 re\u00fane maior p\u00fablico do ciclo ODM 2022","datePublished":"2022-09-05T12:47:39+00:00","mainEntityOfPage":{"@id":"https:\/\/noticiasemdestaque.com\/cd\/?p=42412"},"wordCount":498,"publisher":{"@id":"https:\/\/noticiasemdestaque.com\/cd\/#organization"},"image":{"@id":"https:\/\/noticiasemdestaque.com\/cd\/?p=42412#primaryimage"},"thumbnailUrl":"https:\/\/noticiasemdestaque.com\/cd\/wp-content\/uploads\/2022\/09\/CAPA-400x255-1.jpg","articleSection":["Cidades"],"inLanguage":"pt-BR"},{"@type":"WebPage","@id":"https:\/\/noticiasemdestaque.com\/cd\/?p=42412","url":"https:\/\/noticiasemdestaque.com\/cd\/?p=42412","name":"Plen\u00e1ria do Centro da cidade de Sum\u00e9 re\u00fane maior p\u00fablico do ciclo ODM 2022 - Not&iacute;cias em Destaque","isPartOf":{"@id":"https:\/\/noticiasemdestaque.com\/cd\/#website"},"primaryImageOfPage":{"@id":"https:\/\/noticiasemdestaque.com\/cd\/?p=42412#primaryimage"},"image":{"@id":"https:\/\/noticiasemdestaque.com\/cd\/?p=42412#primaryimage"},"thumbnailUrl":"https:\/\/noticiasemdestaque.com\/cd\/wp-content\/uploads\/2022\/09\/CAPA-400x255-1.jpg","datePublished":"2022-09-05T12:47:39+00:00","breadcrumb":{"@id":"https:\/\/noticiasemdestaque.com\/cd\/?p=42412#breadcrumb"},"inLanguage":"pt-BR","potentialAction":[{"@type":"ReadAction","target":["https:\/\/noticiasemdestaque.com\/cd\/?p=42412"]}]},{"@type":"ImageObject","inLanguage":"pt-BR","@id":"https:\/\/noticiasemdestaque.com\/cd\/?p=42412#primaryimage","url":"https:\/\/noticiasemdestaque.com\/cd\/wp-content\/uploads\/2022\/09\/CAPA-400x255-1.jpg","contentUrl":"https:\/\/noticiasemdestaque.com\/cd\/wp-content\/uploads\/2022\/09\/CAPA-400x255-1.jpg","width":400,"height":255},{"@type":"BreadcrumbList","@id":"https:\/\/noticiasemdestaque.com\/cd\/?p=42412#breadcrumb","itemListElement":[{"@type":"ListItem","position":1,"name":"In\u00edcio","item":"https:\/\/noticiasemdestaque.com\/cd\/"},{"@type":"ListItem","position":2,"name":"Plen\u00e1ria do Centro da cidade de Sum\u00e9 re\u00fane maior p\u00fablico do ciclo ODM 2022"}]},{"@type":"WebSite","@id":"https:\/\/noticiasemdestaque.com\/cd\/#website","url":"https:\/\/noticiasemdestaque.com\/cd\/","name":"Not&iacute;cias em Destaque","description":"","publisher":{"@id":"https:\/\/noticiasemdestaque.com\/cd\/#organization"},"potentialAction":[{"@type":"SearchAction","target":{"@type":"EntryPoint","urlTemplate":"https:\/\/noticiasemdestaque.com\/cd\/?s={search_term_string}"},"query-input":{"@type":"PropertyValueSpecification","valueRequired":true,"valueName":"search_term_string"}}],"inLanguage":"pt-BR"},{"@type":"Organization","@id":"https:\/\/noticiasemdestaque.com\/cd\/#organization","name":"Not\u00edcias em Destaque","url":"https:\/\/noticiasemdestaque.com\/cd\/","logo":{"@type":"ImageObject","inLanguage":"pt-BR","@id":"https:\/\/noticiasemdestaque.com\/cd\/#\/schema\/logo\/image\/","url":"https:\/\/noticiasemdestaque.com\/cd\/wp-content\/uploads\/2022\/05\/imagem-base-noticiasemdestaque.png","contentUrl":"https:\/\/noticiasemdestaque.com\/cd\/wp-content\/uploads\/2022\/05\/imagem-base-noticiasemdestaque.png","width":1200,"height":630,"caption":"Not\u00edcias em Destaque"},"image":{"@id":"https:\/\/noticiasemdestaque.com\/cd\/#\/schema\/logo\/image\/"}},{"@type":"Person","@id":"https:\/\/noticiasemdestaque.com\/cd\/#\/schema\/person\/4a81fb71f77579d059c3045891fa1786","name":"Not\u00edcias em Destaque","url":"https:\/\/noticiasemdestaque.com\/cd\/?author=2"}]}},"jetpack_featured_media_url":"https:\/\/noticiasemdestaque.com\/cd\/wp-content\/uploads\/2022\/09\/CAPA-400x255-1.jpg","jetpack_sharing_enabled":true,"_links":{"self":[{"href":"https:\/\/noticiasemdestaque.com\/cd\/index.php?rest_route=\/wp\/v2\/posts\/42412","targetHints":{"allow":["GET"]}}],"collection":[{"href":"https:\/\/noticiasemdestaque.com\/cd\/index.php?rest_route=\/wp\/v2\/posts"}],"about":[{"href":"https:\/\/noticiasemdestaque.com\/cd\/index.php?rest_route=\/wp\/v2\/types\/post"}],"author":[{"embeddable":true,"href":"https:\/\/noticiasemdestaque.com\/cd\/index.php?rest_route=\/wp\/v2\/users\/2"}],"replies":[{"embeddable":true,"href":"https:\/\/noticiasemdestaque.com\/cd\/index.php?rest_route=%2Fwp%2Fv2%2Fcomments&post=42412"}],"version-history":[{"count":1,"href":"https:\/\/noticiasemdestaque.com\/cd\/index.php?rest_route=\/wp\/v2\/posts\/42412\/revisions"}],"predecessor-version":[{"id":42414,"href":"https:\/\/noticiasemdestaque.com\/cd\/index.php?rest_route=\/wp\/v2\/posts\/42412\/revisions\/42414"}],"wp:featuredmedia":[{"embeddable":true,"href":"https:\/\/noticiasemdestaque.com\/cd\/index.php?rest_route=\/wp\/v2\/media\/42413"}],"wp:attachment":[{"href":"https:\/\/noticiasemdestaque.com\/cd\/index.php?rest_route=%2Fwp%2Fv2%2Fmedia&parent=42412"}],"wp:term":[{"taxonomy":"category","embeddable":true,"href":"https:\/\/noticiasemdestaque.com\/cd\/index.php?rest_route=%2Fwp%2Fv2%2Fcategories&post=42412"},{"taxonomy":"post_tag","embeddable":true,"href":"https:\/\/noticiasemdestaque.com\/cd\/index.php?rest_route=%2Fwp%2Fv2%2Ftags&post=42412"}],"curies":[{"name":"wp","href":"https:\/\/api.w.org\/{rel}","templated":true}]}}