{"id":42409,"date":"2022-09-05T09:02:22","date_gmt":"2022-09-05T12:02:22","guid":{"rendered":"https:\/\/noticiasemdestaque.com\/cd\/?p=42409"},"modified":"2022-09-05T09:02:22","modified_gmt":"2022-09-05T12:02:22","slug":"tres-pessoas-morrem-em-acidente-envolvendo-motocicleta-carro-e-van-em-campina-grande","status":"publish","type":"post","link":"https:\/\/noticiasemdestaque.com\/cd\/?p=42409","title":{"rendered":"Tr\u00eas pessoas morrem em acidente envolvendo motocicleta, carro e van em Campina Grande"},"content":{"rendered":"<p><a href=\"https:\/\/noticiasemdestaque.com\/cd\/wp-content\/uploads\/2022\/09\/Tres-pessoas-morrem-em-acidente-envolvendo-motocicleta-carro-e-van-em-Campina-Grande.jpg\"><img fetchpriority=\"high\" decoding=\"async\" class=\"alignnone  wp-image-42410\" src=\"https:\/\/noticiasemdestaque.com\/cd\/wp-content\/uploads\/2022\/09\/Tres-pessoas-morrem-em-acidente-envolvendo-motocicleta-carro-e-van-em-Campina-Grande-300x200.jpg\" alt=\"\" width=\"851\" height=\"567\" srcset=\"https:\/\/noticiasemdestaque.com\/cd\/wp-content\/uploads\/2022\/09\/Tres-pessoas-morrem-em-acidente-envolvendo-motocicleta-carro-e-van-em-Campina-Grande-300x200.jpg 300w, https:\/\/noticiasemdestaque.com\/cd\/wp-content\/uploads\/2022\/09\/Tres-pessoas-morrem-em-acidente-envolvendo-motocicleta-carro-e-van-em-Campina-Grande-768x513.jpg 768w, https:\/\/noticiasemdestaque.com\/cd\/wp-content\/uploads\/2022\/09\/Tres-pessoas-morrem-em-acidente-envolvendo-motocicleta-carro-e-van-em-Campina-Grande-18x12.jpg 18w, https:\/\/noticiasemdestaque.com\/cd\/wp-content\/uploads\/2022\/09\/Tres-pessoas-morrem-em-acidente-envolvendo-motocicleta-carro-e-van-em-Campina-Grande.jpg 876w\" sizes=\"(max-width: 851px) 100vw, 851px\" \/><\/a><\/p>\n<p>Tr\u00eas pessoas morreram em acidente envolvendo tr\u00eas ve\u00edculos, na madrugada deste domingo (4), na BR-230, em Campina Grande. O acidente aconteceu por volta das 2h45, no km 170, nas proximidades do distrito de S\u00e3o Jos\u00e9 da Mata.<\/p>\n<p>De acordo com informa\u00e7\u00f5es da Pol\u00edcia Rodovi\u00e1ria Federal (PRF), um ve\u00edculo Onix viajando sentido Campina Grande colidiu na traseira de uma motocicleta. Com o impacto, o ve\u00edculo perdeu o controle, invadiu a contram\u00e3o e bateu de frente com uma van.<\/p>\n<p>O casal no ve\u00edculo de passeio veio a \u00f3bito no local. O motociclista atingido tamb\u00e9m morreu no local.<\/p>\n<p>Passageiros na van sofreram ferimentos leves e foram atendidos pelo Servi\u00e7o de Atendimento M\u00f3vel de Urg\u00eancia (SAMU).<\/p>\n<p><strong>Noticias em Destaque<\/strong><\/p>\n<p style=\"text-align: right;\"><em>Fonte: Click PB<\/em><\/p>\n","protected":false},"excerpt":{"rendered":"<p>Tr\u00eas pessoas morreram em acidente envolvendo tr\u00eas ve\u00edculos, na madrugada deste domingo (4), na BR-230, em Campina Grande. O acidente aconteceu por volta das 2h45, no km 170, nas proximidades do distrito de S\u00e3o Jos\u00e9 da Mata. De acordo com informa\u00e7\u00f5es da Pol\u00edcia Rodovi\u00e1ria Federal (PRF), um ve\u00edculo Onix viajando sentido Campina Grande colidiu na traseira de uma motocicleta. Com o impacto, o ve\u00edculo perdeu o controle, invadiu a contram\u00e3o e bateu de frente com uma van. O casal no ve\u00edculo de passeio veio a \u00f3bito no local. O motociclista atingido tamb\u00e9m morreu no local. Passageiros na van sofreram ferimentos leves e foram atendidos pelo Servi\u00e7o de Atendimento M\u00f3vel de Urg\u00eancia (SAMU). Noticias em Destaque Fonte: Click PB<\/p>\n","protected":false},"author":2,"featured_media":42410,"comment_status":"closed","ping_status":"open","sticky":false,"template":"","format":"standard","meta":{"_eb_attr":"","_jetpack_memberships_contains_paid_content":false,"footnotes":""},"categories":[20],"tags":[],"class_list":["post-42409","post","type-post","status-publish","format-standard","has-post-thumbnail","hentry","category-policia"],"yoast_head":"<!-- This site is optimized with the Yoast SEO plugin v26.5 - https:\/\/yoast.com\/wordpress\/plugins\/seo\/ -->\n<title>Tr\u00eas pessoas morrem em acidente envolvendo motocicleta, carro e van em Campina Grande - Not&iacute;cias em Destaque<\/title>\n<meta name=\"robots\" content=\"index, follow, max-snippet:-1, max-image-preview:large, max-video-preview:-1\" \/>\n<link rel=\"canonical\" href=\"https:\/\/noticiasemdestaque.com\/cd\/?p=42409\" \/>\n<meta property=\"og:locale\" content=\"pt_BR\" \/>\n<meta property=\"og:type\" content=\"article\" \/>\n<meta property=\"og:title\" content=\"Tr\u00eas pessoas morrem em acidente envolvendo motocicleta, carro e van em Campina Grande - Not&iacute;cias em Destaque\" \/>\n<meta property=\"og:description\" content=\"Tr\u00eas pessoas morreram em acidente envolvendo tr\u00eas ve\u00edculos, na madrugada deste domingo (4), na BR-230, em Campina Grande. O acidente aconteceu por volta das 2h45, no km 170, nas proximidades do distrito de S\u00e3o Jos\u00e9 da Mata. De acordo com informa\u00e7\u00f5es da Pol\u00edcia Rodovi\u00e1ria Federal (PRF), um ve\u00edculo Onix viajando sentido Campina Grande colidiu na traseira de uma motocicleta. Com o impacto, o ve\u00edculo perdeu o controle, invadiu a contram\u00e3o e bateu de frente com uma van. O casal no ve\u00edculo de passeio veio a \u00f3bito no local. O motociclista atingido tamb\u00e9m morreu no local. Passageiros na van sofreram ferimentos leves e foram atendidos pelo Servi\u00e7o de Atendimento M\u00f3vel de Urg\u00eancia (SAMU). Noticias em Destaque Fonte: Click PB\" \/>\n<meta property=\"og:url\" content=\"https:\/\/noticiasemdestaque.com\/cd\/?p=42409\" \/>\n<meta property=\"og:site_name\" content=\"Not&iacute;cias em Destaque\" \/>\n<meta property=\"article:published_time\" content=\"2022-09-05T12:02:22+00:00\" \/>\n<meta property=\"og:image\" content=\"https:\/\/noticiasemdestaque.com\/cd\/wp-content\/uploads\/2022\/09\/Tres-pessoas-morrem-em-acidente-envolvendo-motocicleta-carro-e-van-em-Campina-Grande.jpg\" \/>\n\t<meta property=\"og:image:width\" content=\"876\" \/>\n\t<meta property=\"og:image:height\" content=\"585\" \/>\n\t<meta property=\"og:image:type\" content=\"image\/jpeg\" \/>\n<meta name=\"author\" content=\"Not\u00edcias em Destaque\" \/>\n<meta name=\"twitter:card\" content=\"summary_large_image\" \/>\n<meta name=\"twitter:label1\" content=\"Escrito por\" \/>\n\t<meta name=\"twitter:data1\" content=\"Not\u00edcias em Destaque\" \/>\n\t<meta name=\"twitter:label2\" content=\"Est. tempo de leitura\" \/>\n\t<meta name=\"twitter:data2\" content=\"1 minuto\" \/>\n<script type=\"application\/ld+json\" class=\"yoast-schema-graph\">{\"@context\":\"https:\/\/schema.org\",\"@graph\":[{\"@type\":\"Article\",\"@id\":\"https:\/\/noticiasemdestaque.com\/cd\/?p=42409#article\",\"isPartOf\":{\"@id\":\"https:\/\/noticiasemdestaque.com\/cd\/?p=42409\"},\"author\":{\"name\":\"Not\u00edcias em Destaque\",\"@id\":\"https:\/\/noticiasemdestaque.com\/cd\/#\/schema\/person\/4a81fb71f77579d059c3045891fa1786\"},\"headline\":\"Tr\u00eas pessoas morrem em acidente envolvendo motocicleta, carro e van em Campina Grande\",\"datePublished\":\"2022-09-05T12:02:22+00:00\",\"mainEntityOfPage\":{\"@id\":\"https:\/\/noticiasemdestaque.com\/cd\/?p=42409\"},\"wordCount\":145,\"publisher\":{\"@id\":\"https:\/\/noticiasemdestaque.com\/cd\/#organization\"},\"image\":{\"@id\":\"https:\/\/noticiasemdestaque.com\/cd\/?p=42409#primaryimage\"},\"thumbnailUrl\":\"https:\/\/noticiasemdestaque.com\/cd\/wp-content\/uploads\/2022\/09\/Tres-pessoas-morrem-em-acidente-envolvendo-motocicleta-carro-e-van-em-Campina-Grande.jpg\",\"articleSection\":[\"Pol\u00edcia\"],\"inLanguage\":\"pt-BR\"},{\"@type\":\"WebPage\",\"@id\":\"https:\/\/noticiasemdestaque.com\/cd\/?p=42409\",\"url\":\"https:\/\/noticiasemdestaque.com\/cd\/?p=42409\",\"name\":\"Tr\u00eas pessoas morrem em acidente envolvendo motocicleta, carro e van em Campina Grande - Not&iacute;cias em Destaque\",\"isPartOf\":{\"@id\":\"https:\/\/noticiasemdestaque.com\/cd\/#website\"},\"primaryImageOfPage\":{\"@id\":\"https:\/\/noticiasemdestaque.com\/cd\/?p=42409#primaryimage\"},\"image\":{\"@id\":\"https:\/\/noticiasemdestaque.com\/cd\/?p=42409#primaryimage\"},\"thumbnailUrl\":\"https:\/\/noticiasemdestaque.com\/cd\/wp-content\/uploads\/2022\/09\/Tres-pessoas-morrem-em-acidente-envolvendo-motocicleta-carro-e-van-em-Campina-Grande.jpg\",\"datePublished\":\"2022-09-05T12:02:22+00:00\",\"breadcrumb\":{\"@id\":\"https:\/\/noticiasemdestaque.com\/cd\/?p=42409#breadcrumb\"},\"inLanguage\":\"pt-BR\",\"potentialAction\":[{\"@type\":\"ReadAction\",\"target\":[\"https:\/\/noticiasemdestaque.com\/cd\/?p=42409\"]}]},{\"@type\":\"ImageObject\",\"inLanguage\":\"pt-BR\",\"@id\":\"https:\/\/noticiasemdestaque.com\/cd\/?p=42409#primaryimage\",\"url\":\"https:\/\/noticiasemdestaque.com\/cd\/wp-content\/uploads\/2022\/09\/Tres-pessoas-morrem-em-acidente-envolvendo-motocicleta-carro-e-van-em-Campina-Grande.jpg\",\"contentUrl\":\"https:\/\/noticiasemdestaque.com\/cd\/wp-content\/uploads\/2022\/09\/Tres-pessoas-morrem-em-acidente-envolvendo-motocicleta-carro-e-van-em-Campina-Grande.jpg\",\"width\":876,\"height\":585},{\"@type\":\"BreadcrumbList\",\"@id\":\"https:\/\/noticiasemdestaque.com\/cd\/?p=42409#breadcrumb\",\"itemListElement\":[{\"@type\":\"ListItem\",\"position\":1,\"name\":\"In\u00edcio\",\"item\":\"https:\/\/noticiasemdestaque.com\/cd\/\"},{\"@type\":\"ListItem\",\"position\":2,\"name\":\"Tr\u00eas pessoas morrem em acidente envolvendo motocicleta, carro e van em Campina Grande\"}]},{\"@type\":\"WebSite\",\"@id\":\"https:\/\/noticiasemdestaque.com\/cd\/#website\",\"url\":\"https:\/\/noticiasemdestaque.com\/cd\/\",\"name\":\"Not&iacute;cias em Destaque\",\"description\":\"\",\"publisher\":{\"@id\":\"https:\/\/noticiasemdestaque.com\/cd\/#organization\"},\"potentialAction\":[{\"@type\":\"SearchAction\",\"target\":{\"@type\":\"EntryPoint\",\"urlTemplate\":\"https:\/\/noticiasemdestaque.com\/cd\/?s={search_term_string}\"},\"query-input\":{\"@type\":\"PropertyValueSpecification\",\"valueRequired\":true,\"valueName\":\"search_term_string\"}}],\"inLanguage\":\"pt-BR\"},{\"@type\":\"Organization\",\"@id\":\"https:\/\/noticiasemdestaque.com\/cd\/#organization\",\"name\":\"Not\u00edcias em Destaque\",\"url\":\"https:\/\/noticiasemdestaque.com\/cd\/\",\"logo\":{\"@type\":\"ImageObject\",\"inLanguage\":\"pt-BR\",\"@id\":\"https:\/\/noticiasemdestaque.com\/cd\/#\/schema\/logo\/image\/\",\"url\":\"https:\/\/noticiasemdestaque.com\/cd\/wp-content\/uploads\/2022\/05\/imagem-base-noticiasemdestaque.png\",\"contentUrl\":\"https:\/\/noticiasemdestaque.com\/cd\/wp-content\/uploads\/2022\/05\/imagem-base-noticiasemdestaque.png\",\"width\":1200,\"height\":630,\"caption\":\"Not\u00edcias em Destaque\"},\"image\":{\"@id\":\"https:\/\/noticiasemdestaque.com\/cd\/#\/schema\/logo\/image\/\"}},{\"@type\":\"Person\",\"@id\":\"https:\/\/noticiasemdestaque.com\/cd\/#\/schema\/person\/4a81fb71f77579d059c3045891fa1786\",\"name\":\"Not\u00edcias em Destaque\",\"url\":\"https:\/\/noticiasemdestaque.com\/cd\/?author=2\"}]}<\/script>\n<!-- \/ Yoast SEO plugin. -->","yoast_head_json":{"title":"Tr\u00eas pessoas morrem em acidente envolvendo motocicleta, carro e van em Campina Grande - Not&iacute;cias em Destaque","robots":{"index":"index","follow":"follow","max-snippet":"max-snippet:-1","max-image-preview":"max-image-preview:large","max-video-preview":"max-video-preview:-1"},"canonical":"https:\/\/noticiasemdestaque.com\/cd\/?p=42409","og_locale":"pt_BR","og_type":"article","og_title":"Tr\u00eas pessoas morrem em acidente envolvendo motocicleta, carro e van em Campina Grande - Not&iacute;cias em Destaque","og_description":"Tr\u00eas pessoas morreram em acidente envolvendo tr\u00eas ve\u00edculos, na madrugada deste domingo (4), na BR-230, em Campina Grande. O acidente aconteceu por volta das 2h45, no km 170, nas proximidades do distrito de S\u00e3o Jos\u00e9 da Mata. De acordo com informa\u00e7\u00f5es da Pol\u00edcia Rodovi\u00e1ria Federal (PRF), um ve\u00edculo Onix viajando sentido Campina Grande colidiu na traseira de uma motocicleta. Com o impacto, o ve\u00edculo perdeu o controle, invadiu a contram\u00e3o e bateu de frente com uma van. O casal no ve\u00edculo de passeio veio a \u00f3bito no local. O motociclista atingido tamb\u00e9m morreu no local. Passageiros na van sofreram ferimentos leves e foram atendidos pelo Servi\u00e7o de Atendimento M\u00f3vel de Urg\u00eancia (SAMU). Noticias em Destaque Fonte: Click PB","og_url":"https:\/\/noticiasemdestaque.com\/cd\/?p=42409","og_site_name":"Not&iacute;cias em Destaque","article_published_time":"2022-09-05T12:02:22+00:00","og_image":[{"width":876,"height":585,"url":"https:\/\/noticiasemdestaque.com\/cd\/wp-content\/uploads\/2022\/09\/Tres-pessoas-morrem-em-acidente-envolvendo-motocicleta-carro-e-van-em-Campina-Grande.jpg","type":"image\/jpeg"}],"author":"Not\u00edcias em Destaque","twitter_card":"summary_large_image","twitter_misc":{"Escrito por":"Not\u00edcias em Destaque","Est. tempo de leitura":"1 minuto"},"schema":{"@context":"https:\/\/schema.org","@graph":[{"@type":"Article","@id":"https:\/\/noticiasemdestaque.com\/cd\/?p=42409#article","isPartOf":{"@id":"https:\/\/noticiasemdestaque.com\/cd\/?p=42409"},"author":{"name":"Not\u00edcias em Destaque","@id":"https:\/\/noticiasemdestaque.com\/cd\/#\/schema\/person\/4a81fb71f77579d059c3045891fa1786"},"headline":"Tr\u00eas pessoas morrem em acidente envolvendo motocicleta, carro e van em Campina Grande","datePublished":"2022-09-05T12:02:22+00:00","mainEntityOfPage":{"@id":"https:\/\/noticiasemdestaque.com\/cd\/?p=42409"},"wordCount":145,"publisher":{"@id":"https:\/\/noticiasemdestaque.com\/cd\/#organization"},"image":{"@id":"https:\/\/noticiasemdestaque.com\/cd\/?p=42409#primaryimage"},"thumbnailUrl":"https:\/\/noticiasemdestaque.com\/cd\/wp-content\/uploads\/2022\/09\/Tres-pessoas-morrem-em-acidente-envolvendo-motocicleta-carro-e-van-em-Campina-Grande.jpg","articleSection":["Pol\u00edcia"],"inLanguage":"pt-BR"},{"@type":"WebPage","@id":"https:\/\/noticiasemdestaque.com\/cd\/?p=42409","url":"https:\/\/noticiasemdestaque.com\/cd\/?p=42409","name":"Tr\u00eas pessoas morrem em acidente envolvendo motocicleta, carro e van em Campina Grande - Not&iacute;cias em Destaque","isPartOf":{"@id":"https:\/\/noticiasemdestaque.com\/cd\/#website"},"primaryImageOfPage":{"@id":"https:\/\/noticiasemdestaque.com\/cd\/?p=42409#primaryimage"},"image":{"@id":"https:\/\/noticiasemdestaque.com\/cd\/?p=42409#primaryimage"},"thumbnailUrl":"https:\/\/noticiasemdestaque.com\/cd\/wp-content\/uploads\/2022\/09\/Tres-pessoas-morrem-em-acidente-envolvendo-motocicleta-carro-e-van-em-Campina-Grande.jpg","datePublished":"2022-09-05T12:02:22+00:00","breadcrumb":{"@id":"https:\/\/noticiasemdestaque.com\/cd\/?p=42409#breadcrumb"},"inLanguage":"pt-BR","potentialAction":[{"@type":"ReadAction","target":["https:\/\/noticiasemdestaque.com\/cd\/?p=42409"]}]},{"@type":"ImageObject","inLanguage":"pt-BR","@id":"https:\/\/noticiasemdestaque.com\/cd\/?p=42409#primaryimage","url":"https:\/\/noticiasemdestaque.com\/cd\/wp-content\/uploads\/2022\/09\/Tres-pessoas-morrem-em-acidente-envolvendo-motocicleta-carro-e-van-em-Campina-Grande.jpg","contentUrl":"https:\/\/noticiasemdestaque.com\/cd\/wp-content\/uploads\/2022\/09\/Tres-pessoas-morrem-em-acidente-envolvendo-motocicleta-carro-e-van-em-Campina-Grande.jpg","width":876,"height":585},{"@type":"BreadcrumbList","@id":"https:\/\/noticiasemdestaque.com\/cd\/?p=42409#breadcrumb","itemListElement":[{"@type":"ListItem","position":1,"name":"In\u00edcio","item":"https:\/\/noticiasemdestaque.com\/cd\/"},{"@type":"ListItem","position":2,"name":"Tr\u00eas pessoas morrem em acidente envolvendo motocicleta, carro e van em Campina Grande"}]},{"@type":"WebSite","@id":"https:\/\/noticiasemdestaque.com\/cd\/#website","url":"https:\/\/noticiasemdestaque.com\/cd\/","name":"Not&iacute;cias em Destaque","description":"","publisher":{"@id":"https:\/\/noticiasemdestaque.com\/cd\/#organization"},"potentialAction":[{"@type":"SearchAction","target":{"@type":"EntryPoint","urlTemplate":"https:\/\/noticiasemdestaque.com\/cd\/?s={search_term_string}"},"query-input":{"@type":"PropertyValueSpecification","valueRequired":true,"valueName":"search_term_string"}}],"inLanguage":"pt-BR"},{"@type":"Organization","@id":"https:\/\/noticiasemdestaque.com\/cd\/#organization","name":"Not\u00edcias em Destaque","url":"https:\/\/noticiasemdestaque.com\/cd\/","logo":{"@type":"ImageObject","inLanguage":"pt-BR","@id":"https:\/\/noticiasemdestaque.com\/cd\/#\/schema\/logo\/image\/","url":"https:\/\/noticiasemdestaque.com\/cd\/wp-content\/uploads\/2022\/05\/imagem-base-noticiasemdestaque.png","contentUrl":"https:\/\/noticiasemdestaque.com\/cd\/wp-content\/uploads\/2022\/05\/imagem-base-noticiasemdestaque.png","width":1200,"height":630,"caption":"Not\u00edcias em Destaque"},"image":{"@id":"https:\/\/noticiasemdestaque.com\/cd\/#\/schema\/logo\/image\/"}},{"@type":"Person","@id":"https:\/\/noticiasemdestaque.com\/cd\/#\/schema\/person\/4a81fb71f77579d059c3045891fa1786","name":"Not\u00edcias em Destaque","url":"https:\/\/noticiasemdestaque.com\/cd\/?author=2"}]}},"jetpack_featured_media_url":"https:\/\/noticiasemdestaque.com\/cd\/wp-content\/uploads\/2022\/09\/Tres-pessoas-morrem-em-acidente-envolvendo-motocicleta-carro-e-van-em-Campina-Grande.jpg","jetpack_sharing_enabled":true,"_links":{"self":[{"href":"https:\/\/noticiasemdestaque.com\/cd\/index.php?rest_route=\/wp\/v2\/posts\/42409","targetHints":{"allow":["GET"]}}],"collection":[{"href":"https:\/\/noticiasemdestaque.com\/cd\/index.php?rest_route=\/wp\/v2\/posts"}],"about":[{"href":"https:\/\/noticiasemdestaque.com\/cd\/index.php?rest_route=\/wp\/v2\/types\/post"}],"author":[{"embeddable":true,"href":"https:\/\/noticiasemdestaque.com\/cd\/index.php?rest_route=\/wp\/v2\/users\/2"}],"replies":[{"embeddable":true,"href":"https:\/\/noticiasemdestaque.com\/cd\/index.php?rest_route=%2Fwp%2Fv2%2Fcomments&post=42409"}],"version-history":[{"count":1,"href":"https:\/\/noticiasemdestaque.com\/cd\/index.php?rest_route=\/wp\/v2\/posts\/42409\/revisions"}],"predecessor-version":[{"id":42411,"href":"https:\/\/noticiasemdestaque.com\/cd\/index.php?rest_route=\/wp\/v2\/posts\/42409\/revisions\/42411"}],"wp:featuredmedia":[{"embeddable":true,"href":"https:\/\/noticiasemdestaque.com\/cd\/index.php?rest_route=\/wp\/v2\/media\/42410"}],"wp:attachment":[{"href":"https:\/\/noticiasemdestaque.com\/cd\/index.php?rest_route=%2Fwp%2Fv2%2Fmedia&parent=42409"}],"wp:term":[{"taxonomy":"category","embeddable":true,"href":"https:\/\/noticiasemdestaque.com\/cd\/index.php?rest_route=%2Fwp%2Fv2%2Fcategories&post=42409"},{"taxonomy":"post_tag","embeddable":true,"href":"https:\/\/noticiasemdestaque.com\/cd\/index.php?rest_route=%2Fwp%2Fv2%2Ftags&post=42409"}],"curies":[{"name":"wp","href":"https:\/\/api.w.org\/{rel}","templated":true}]}}