{"id":42404,"date":"2022-09-05T08:47:36","date_gmt":"2022-09-05T11:47:36","guid":{"rendered":"https:\/\/noticiasemdestaque.com\/cd\/?p=42404"},"modified":"2022-09-05T08:47:36","modified_gmt":"2022-09-05T11:47:36","slug":"confira-a-agenda-dos-candidatos-ao-governo-da-paraiba-nesta-segunda-feira","status":"publish","type":"post","link":"https:\/\/noticiasemdestaque.com\/cd\/?p=42404","title":{"rendered":"Confira a agenda dos candidatos ao Governo da Para\u00edba nesta segunda-feira"},"content":{"rendered":"<p><a href=\"https:\/\/noticiasemdestaque.com\/cd\/wp-content\/uploads\/2022\/09\/001-candidatos_governadores_logo.jpg\"><img fetchpriority=\"high\" decoding=\"async\" class=\"alignnone  wp-image-42390\" src=\"https:\/\/noticiasemdestaque.com\/cd\/wp-content\/uploads\/2022\/09\/001-candidatos_governadores_logo-300x200.jpg\" alt=\"\" width=\"842\" height=\"561\" srcset=\"https:\/\/noticiasemdestaque.com\/cd\/wp-content\/uploads\/2022\/09\/001-candidatos_governadores_logo-300x200.jpg 300w, https:\/\/noticiasemdestaque.com\/cd\/wp-content\/uploads\/2022\/09\/001-candidatos_governadores_logo-768x513.jpg 768w, https:\/\/noticiasemdestaque.com\/cd\/wp-content\/uploads\/2022\/09\/001-candidatos_governadores_logo-18x12.jpg 18w, https:\/\/noticiasemdestaque.com\/cd\/wp-content\/uploads\/2022\/09\/001-candidatos_governadores_logo.jpg 876w\" sizes=\"(max-width: 842px) 100vw, 842px\" \/><\/a><\/p>\n<p>Os candidatos ao Governo do Estado participam nesta segunda-feira (5)\u00a0de reuni\u00f5es, caravanas e com\u00edcios entre outras atividades. O ClickPB diariamente publica a agenda dos candidatos que disputam a vaga de chefe do Executivo do Estado da Para\u00edba.<\/p>\n<p>O ClickPB disponibiliza o endere\u00e7o de e-mail redacao@clickpb.com.br para receber a agenda di\u00e1ria dos candidatos a governador da Para\u00edba.<\/p>\n<p><strong>Adjany Simpl\u00edcio (PSOL)<\/strong><\/p>\n<p>7h &#8211; Entrevista no programa Elas por Elas &#8211; R\u00e1dio Sanhau\u00e1<\/p>\n<p>11h &#8211; Debate na TV Borborema<\/p>\n<p>14h &#8211; Panfletagem Call Center, em Campina Grande<\/p>\n<p>16h &#8211; Panfletagem no Centro de Campina Grande<\/p>\n<p>20h &#8211; Entrevista ao vivo na TV Bomba<\/p>\n<p><strong>Adriano Trajano (PCO)<\/strong><\/p>\n<p>11h30 entrevista a tv Tamba\u00fa.<\/p>\n<p><strong>Jo\u00e3o Azev\u00eado (PSB)<\/strong><\/p>\n<p>&#8211; 9h &#8211; Agenda administrativa<\/p>\n<p>&#8211; 11h &#8211; Debate na TV Borborema &#8211; CG<\/p>\n<p>Tarde<\/p>\n<p>&#8211; 15 &#8211; Entrevista na TV Itarar\u00e9 &#8211; CG<\/p>\n<p>&#8211; 16h40 &#8211; Caminhada 40 em Campina Grande<\/p>\n<p>Concentra\u00e7\u00e3o: Rua Campos Sales &#8211; abrigo do Z\u00e9 Pinheiro<\/p>\n<p>Noite<\/p>\n<p>&#8211; 19h40 &#8211; Com\u00edcio rel\u00e2mpago em Matinhas<\/p>\n<p>&#8211; 20h40 &#8211; Visita \u00e0 festa de anivers\u00e1rio de Alagoa Nova<\/p>\n<p><strong>Major Fabio (PRTB)<\/strong><\/p>\n<p>Manh\u00e3: Debate TV Borborema<br \/>\nTarde: Visita apoiadores em Campina Grande<br \/>\nNoite: Reuni\u00e3o com coordena\u00e7\u00e3o de campanha<\/p>\n<p><strong>Nascimento (PSTU)\u00a0<\/strong><\/p>\n<p>&#8211; Debate TV Borborema\/SBT de Campina Grande das 11 h \u00e0s 13h<\/p>\n<p><strong>Nilvan Ferreira (PL)<\/strong><\/p>\n<p>Manh\u00e3<br \/>\n11h &#8211; Participa de Debate na Tv Borborema em Campina Grande<br \/>\nNoite<br \/>\n19h \u2013 Participa de reuni\u00e3o com empres\u00e1rios em Campina Grande<\/p>\n<p><strong>Pedro Cunha Lima (PSDB)<\/strong><\/p>\n<p>MANH\u00c3:<br \/>\n\u2022 Debate TV Borborema<\/p>\n<p>TARDE:<br \/>\n\u2022 Visita ao Aluizio Campos em Campina Grande<\/p>\n<p>NOITE<br \/>\n\u2022 Reuni\u00e3o com Sinduscon<\/p>\n<p><strong>Veneziano (MDB)<\/strong><\/p>\n<p>MANH\u00c3<\/p>\n<p>Participa de Debate na TV Borborema, em Campina Grande<\/p>\n<p>TARDE<\/p>\n<p>Participa de Caminhada no bairro da Catingueira, em Campina Grande, com concentra\u00e7\u00e3o na esquina da Rua Petr\u00f3polis com a Rua Aratuba, a partir das 16h<\/p>\n<p>NOITE<\/p>\n<p>Em Pedras de Fogo, participa de reuni\u00e3o pol\u00edtica com o prefeito Manoel Junior, o deputado estadual e candidato \u00e0 reelei\u00e7\u00e3o Anderson Monteiro e lideran\u00e7as no bairro da Mangueira, a partir das 19:15h<\/p>\n<p><strong>Noticias em Destaque<\/strong><\/p>\n<p style=\"text-align: right;\"><em>Fonte: Click PB<\/em><\/p>\n","protected":false},"excerpt":{"rendered":"<p>Os candidatos ao Governo do Estado participam nesta segunda-feira (5)\u00a0de reuni\u00f5es, caravanas e com\u00edcios entre outras atividades. O ClickPB diariamente publica a agenda dos candidatos que disputam a vaga de chefe do Executivo do Estado da Para\u00edba. O ClickPB disponibiliza o endere\u00e7o de e-mail redacao@clickpb.com.br para receber a agenda di\u00e1ria dos candidatos a governador da Para\u00edba. Adjany Simpl\u00edcio (PSOL) 7h &#8211; Entrevista no programa Elas por Elas &#8211; R\u00e1dio Sanhau\u00e1 11h &#8211; Debate na TV Borborema 14h &#8211; Panfletagem Call Center, em Campina Grande 16h &#8211; Panfletagem no Centro de Campina Grande 20h &#8211; Entrevista ao vivo na TV Bomba Adriano Trajano (PCO) 11h30 entrevista a tv Tamba\u00fa. Jo\u00e3o Azev\u00eado (PSB) &#8211; 9h &#8211; Agenda administrativa &#8211; 11h &#8211; Debate na TV Borborema &#8211; CG Tarde &#8211; 15 &#8211; Entrevista na TV Itarar\u00e9 &#8211; CG &#8211; 16h40 &#8211; Caminhada 40 em Campina Grande Concentra\u00e7\u00e3o: Rua Campos Sales &#8211; abrigo do Z\u00e9 Pinheiro Noite &#8211; 19h40 &#8211; Com\u00edcio rel\u00e2mpago em Matinhas &#8211; 20h40 &#8211; Visita \u00e0 festa de anivers\u00e1rio de Alagoa Nova Major Fabio (PRTB) Manh\u00e3: Debate TV Borborema Tarde: Visita apoiadores em Campina Grande Noite: Reuni\u00e3o com coordena\u00e7\u00e3o de campanha Nascimento (PSTU)\u00a0 &#8211; Debate TV Borborema\/SBT de Campina Grande das 11 h \u00e0s 13h Nilvan Ferreira (PL) Manh\u00e3 11h &#8211; Participa de Debate na Tv Borborema em Campina Grande Noite 19h \u2013 Participa de reuni\u00e3o com empres\u00e1rios em Campina Grande Pedro Cunha Lima (PSDB) MANH\u00c3: \u2022 Debate TV Borborema TARDE: \u2022 Visita ao Aluizio Campos em Campina Grande NOITE \u2022 Reuni\u00e3o com Sinduscon Veneziano (MDB) MANH\u00c3 Participa de Debate na TV Borborema, em Campina Grande TARDE Participa de Caminhada no bairro da Catingueira, em Campina Grande, com concentra\u00e7\u00e3o na esquina da Rua Petr\u00f3polis com a Rua Aratuba, a partir das 16h NOITE Em Pedras de Fogo, participa de reuni\u00e3o pol\u00edtica com o prefeito Manoel Junior, o deputado estadual e candidato \u00e0 reelei\u00e7\u00e3o Anderson Monteiro e lideran\u00e7as no bairro da Mangueira, a partir das 19:15h Noticias em Destaque Fonte: Click PB<\/p>\n","protected":false},"author":2,"featured_media":42390,"comment_status":"closed","ping_status":"open","sticky":false,"template":"","format":"standard","meta":{"_eb_attr":"","_jetpack_memberships_contains_paid_content":false,"footnotes":""},"categories":[4],"tags":[],"class_list":["post-42404","post","type-post","status-publish","format-standard","has-post-thumbnail","hentry","category-politica"],"yoast_head":"<!-- This site is optimized with the Yoast SEO plugin v26.5 - https:\/\/yoast.com\/wordpress\/plugins\/seo\/ -->\n<title>Confira a agenda dos candidatos ao Governo da Para\u00edba nesta segunda-feira - Not&iacute;cias em Destaque<\/title>\n<meta name=\"robots\" content=\"index, follow, max-snippet:-1, max-image-preview:large, max-video-preview:-1\" \/>\n<link rel=\"canonical\" href=\"https:\/\/noticiasemdestaque.com\/cd\/?p=42404\" \/>\n<meta property=\"og:locale\" content=\"pt_BR\" \/>\n<meta property=\"og:type\" content=\"article\" \/>\n<meta property=\"og:title\" content=\"Confira a agenda dos candidatos ao Governo da Para\u00edba nesta segunda-feira - Not&iacute;cias em Destaque\" \/>\n<meta property=\"og:description\" content=\"Os candidatos ao Governo do Estado participam nesta segunda-feira (5)\u00a0de reuni\u00f5es, caravanas e com\u00edcios entre outras atividades. O ClickPB diariamente publica a agenda dos candidatos que disputam a vaga de chefe do Executivo do Estado da Para\u00edba. O ClickPB disponibiliza o endere\u00e7o de e-mail redacao@clickpb.com.br para receber a agenda di\u00e1ria dos candidatos a governador da Para\u00edba. Adjany Simpl\u00edcio (PSOL) 7h &#8211; Entrevista no programa Elas por Elas &#8211; R\u00e1dio Sanhau\u00e1 11h &#8211; Debate na TV Borborema 14h &#8211; Panfletagem Call Center, em Campina Grande 16h &#8211; Panfletagem no Centro de Campina Grande 20h &#8211; Entrevista ao vivo na TV Bomba Adriano Trajano (PCO) 11h30 entrevista a tv Tamba\u00fa. Jo\u00e3o Azev\u00eado (PSB) &#8211; 9h &#8211; Agenda administrativa &#8211; 11h &#8211; Debate na TV Borborema &#8211; CG Tarde &#8211; 15 &#8211; Entrevista na TV Itarar\u00e9 &#8211; CG &#8211; 16h40 &#8211; Caminhada 40 em Campina Grande Concentra\u00e7\u00e3o: Rua Campos Sales &#8211; abrigo do Z\u00e9 Pinheiro Noite &#8211; 19h40 &#8211; Com\u00edcio rel\u00e2mpago em Matinhas &#8211; 20h40 &#8211; Visita \u00e0 festa de anivers\u00e1rio de Alagoa Nova Major Fabio (PRTB) Manh\u00e3: Debate TV Borborema Tarde: Visita apoiadores em Campina Grande Noite: Reuni\u00e3o com coordena\u00e7\u00e3o de campanha Nascimento (PSTU)\u00a0 &#8211; Debate TV Borborema\/SBT de Campina Grande das 11 h \u00e0s 13h Nilvan Ferreira (PL) Manh\u00e3 11h &#8211; Participa de Debate na Tv Borborema em Campina Grande Noite 19h \u2013 Participa de reuni\u00e3o com empres\u00e1rios em Campina Grande Pedro Cunha Lima (PSDB) MANH\u00c3: \u2022 Debate TV Borborema TARDE: \u2022 Visita ao Aluizio Campos em Campina Grande NOITE \u2022 Reuni\u00e3o com Sinduscon Veneziano (MDB) MANH\u00c3 Participa de Debate na TV Borborema, em Campina Grande TARDE Participa de Caminhada no bairro da Catingueira, em Campina Grande, com concentra\u00e7\u00e3o na esquina da Rua Petr\u00f3polis com a Rua Aratuba, a partir das 16h NOITE Em Pedras de Fogo, participa de reuni\u00e3o pol\u00edtica com o prefeito Manoel Junior, o deputado estadual e candidato \u00e0 reelei\u00e7\u00e3o Anderson Monteiro e lideran\u00e7as no bairro da Mangueira, a partir das 19:15h Noticias em Destaque Fonte: Click PB\" \/>\n<meta property=\"og:url\" content=\"https:\/\/noticiasemdestaque.com\/cd\/?p=42404\" \/>\n<meta property=\"og:site_name\" content=\"Not&iacute;cias em Destaque\" \/>\n<meta property=\"article:published_time\" content=\"2022-09-05T11:47:36+00:00\" \/>\n<meta property=\"og:image\" content=\"https:\/\/noticiasemdestaque.com\/cd\/wp-content\/uploads\/2022\/09\/001-candidatos_governadores_logo.jpg\" \/>\n\t<meta property=\"og:image:width\" content=\"876\" \/>\n\t<meta property=\"og:image:height\" content=\"585\" \/>\n\t<meta property=\"og:image:type\" content=\"image\/jpeg\" \/>\n<meta name=\"author\" content=\"Not\u00edcias em Destaque\" \/>\n<meta name=\"twitter:card\" content=\"summary_large_image\" \/>\n<meta name=\"twitter:label1\" content=\"Escrito por\" \/>\n\t<meta name=\"twitter:data1\" content=\"Not\u00edcias em Destaque\" \/>\n\t<meta name=\"twitter:label2\" content=\"Est. tempo de leitura\" \/>\n\t<meta name=\"twitter:data2\" content=\"2 minutos\" \/>\n<script type=\"application\/ld+json\" class=\"yoast-schema-graph\">{\"@context\":\"https:\/\/schema.org\",\"@graph\":[{\"@type\":\"Article\",\"@id\":\"https:\/\/noticiasemdestaque.com\/cd\/?p=42404#article\",\"isPartOf\":{\"@id\":\"https:\/\/noticiasemdestaque.com\/cd\/?p=42404\"},\"author\":{\"name\":\"Not\u00edcias em Destaque\",\"@id\":\"https:\/\/noticiasemdestaque.com\/cd\/#\/schema\/person\/4a81fb71f77579d059c3045891fa1786\"},\"headline\":\"Confira a agenda dos candidatos ao Governo da Para\u00edba nesta segunda-feira\",\"datePublished\":\"2022-09-05T11:47:36+00:00\",\"mainEntityOfPage\":{\"@id\":\"https:\/\/noticiasemdestaque.com\/cd\/?p=42404\"},\"wordCount\":362,\"publisher\":{\"@id\":\"https:\/\/noticiasemdestaque.com\/cd\/#organization\"},\"image\":{\"@id\":\"https:\/\/noticiasemdestaque.com\/cd\/?p=42404#primaryimage\"},\"thumbnailUrl\":\"https:\/\/noticiasemdestaque.com\/cd\/wp-content\/uploads\/2022\/09\/001-candidatos_governadores_logo.jpg\",\"articleSection\":[\"Pol\u00edtica\"],\"inLanguage\":\"pt-BR\"},{\"@type\":\"WebPage\",\"@id\":\"https:\/\/noticiasemdestaque.com\/cd\/?p=42404\",\"url\":\"https:\/\/noticiasemdestaque.com\/cd\/?p=42404\",\"name\":\"Confira a agenda dos candidatos ao Governo da Para\u00edba nesta segunda-feira - Not&iacute;cias em Destaque\",\"isPartOf\":{\"@id\":\"https:\/\/noticiasemdestaque.com\/cd\/#website\"},\"primaryImageOfPage\":{\"@id\":\"https:\/\/noticiasemdestaque.com\/cd\/?p=42404#primaryimage\"},\"image\":{\"@id\":\"https:\/\/noticiasemdestaque.com\/cd\/?p=42404#primaryimage\"},\"thumbnailUrl\":\"https:\/\/noticiasemdestaque.com\/cd\/wp-content\/uploads\/2022\/09\/001-candidatos_governadores_logo.jpg\",\"datePublished\":\"2022-09-05T11:47:36+00:00\",\"breadcrumb\":{\"@id\":\"https:\/\/noticiasemdestaque.com\/cd\/?p=42404#breadcrumb\"},\"inLanguage\":\"pt-BR\",\"potentialAction\":[{\"@type\":\"ReadAction\",\"target\":[\"https:\/\/noticiasemdestaque.com\/cd\/?p=42404\"]}]},{\"@type\":\"ImageObject\",\"inLanguage\":\"pt-BR\",\"@id\":\"https:\/\/noticiasemdestaque.com\/cd\/?p=42404#primaryimage\",\"url\":\"https:\/\/noticiasemdestaque.com\/cd\/wp-content\/uploads\/2022\/09\/001-candidatos_governadores_logo.jpg\",\"contentUrl\":\"https:\/\/noticiasemdestaque.com\/cd\/wp-content\/uploads\/2022\/09\/001-candidatos_governadores_logo.jpg\",\"width\":876,\"height\":585},{\"@type\":\"BreadcrumbList\",\"@id\":\"https:\/\/noticiasemdestaque.com\/cd\/?p=42404#breadcrumb\",\"itemListElement\":[{\"@type\":\"ListItem\",\"position\":1,\"name\":\"In\u00edcio\",\"item\":\"https:\/\/noticiasemdestaque.com\/cd\/\"},{\"@type\":\"ListItem\",\"position\":2,\"name\":\"Confira a agenda dos candidatos ao Governo da Para\u00edba nesta segunda-feira\"}]},{\"@type\":\"WebSite\",\"@id\":\"https:\/\/noticiasemdestaque.com\/cd\/#website\",\"url\":\"https:\/\/noticiasemdestaque.com\/cd\/\",\"name\":\"Not&iacute;cias em Destaque\",\"description\":\"\",\"publisher\":{\"@id\":\"https:\/\/noticiasemdestaque.com\/cd\/#organization\"},\"potentialAction\":[{\"@type\":\"SearchAction\",\"target\":{\"@type\":\"EntryPoint\",\"urlTemplate\":\"https:\/\/noticiasemdestaque.com\/cd\/?s={search_term_string}\"},\"query-input\":{\"@type\":\"PropertyValueSpecification\",\"valueRequired\":true,\"valueName\":\"search_term_string\"}}],\"inLanguage\":\"pt-BR\"},{\"@type\":\"Organization\",\"@id\":\"https:\/\/noticiasemdestaque.com\/cd\/#organization\",\"name\":\"Not\u00edcias em Destaque\",\"url\":\"https:\/\/noticiasemdestaque.com\/cd\/\",\"logo\":{\"@type\":\"ImageObject\",\"inLanguage\":\"pt-BR\",\"@id\":\"https:\/\/noticiasemdestaque.com\/cd\/#\/schema\/logo\/image\/\",\"url\":\"https:\/\/noticiasemdestaque.com\/cd\/wp-content\/uploads\/2022\/05\/imagem-base-noticiasemdestaque.png\",\"contentUrl\":\"https:\/\/noticiasemdestaque.com\/cd\/wp-content\/uploads\/2022\/05\/imagem-base-noticiasemdestaque.png\",\"width\":1200,\"height\":630,\"caption\":\"Not\u00edcias em Destaque\"},\"image\":{\"@id\":\"https:\/\/noticiasemdestaque.com\/cd\/#\/schema\/logo\/image\/\"}},{\"@type\":\"Person\",\"@id\":\"https:\/\/noticiasemdestaque.com\/cd\/#\/schema\/person\/4a81fb71f77579d059c3045891fa1786\",\"name\":\"Not\u00edcias em Destaque\",\"url\":\"https:\/\/noticiasemdestaque.com\/cd\/?author=2\"}]}<\/script>\n<!-- \/ Yoast SEO plugin. -->","yoast_head_json":{"title":"Confira a agenda dos candidatos ao Governo da Para\u00edba nesta segunda-feira - Not&iacute;cias em Destaque","robots":{"index":"index","follow":"follow","max-snippet":"max-snippet:-1","max-image-preview":"max-image-preview:large","max-video-preview":"max-video-preview:-1"},"canonical":"https:\/\/noticiasemdestaque.com\/cd\/?p=42404","og_locale":"pt_BR","og_type":"article","og_title":"Confira a agenda dos candidatos ao Governo da Para\u00edba nesta segunda-feira - Not&iacute;cias em Destaque","og_description":"Os candidatos ao Governo do Estado participam nesta segunda-feira (5)\u00a0de reuni\u00f5es, caravanas e com\u00edcios entre outras atividades. O ClickPB diariamente publica a agenda dos candidatos que disputam a vaga de chefe do Executivo do Estado da Para\u00edba. O ClickPB disponibiliza o endere\u00e7o de e-mail redacao@clickpb.com.br para receber a agenda di\u00e1ria dos candidatos a governador da Para\u00edba. Adjany Simpl\u00edcio (PSOL) 7h &#8211; Entrevista no programa Elas por Elas &#8211; R\u00e1dio Sanhau\u00e1 11h &#8211; Debate na TV Borborema 14h &#8211; Panfletagem Call Center, em Campina Grande 16h &#8211; Panfletagem no Centro de Campina Grande 20h &#8211; Entrevista ao vivo na TV Bomba Adriano Trajano (PCO) 11h30 entrevista a tv Tamba\u00fa. Jo\u00e3o Azev\u00eado (PSB) &#8211; 9h &#8211; Agenda administrativa &#8211; 11h &#8211; Debate na TV Borborema &#8211; CG Tarde &#8211; 15 &#8211; Entrevista na TV Itarar\u00e9 &#8211; CG &#8211; 16h40 &#8211; Caminhada 40 em Campina Grande Concentra\u00e7\u00e3o: Rua Campos Sales &#8211; abrigo do Z\u00e9 Pinheiro Noite &#8211; 19h40 &#8211; Com\u00edcio rel\u00e2mpago em Matinhas &#8211; 20h40 &#8211; Visita \u00e0 festa de anivers\u00e1rio de Alagoa Nova Major Fabio (PRTB) Manh\u00e3: Debate TV Borborema Tarde: Visita apoiadores em Campina Grande Noite: Reuni\u00e3o com coordena\u00e7\u00e3o de campanha Nascimento (PSTU)\u00a0 &#8211; Debate TV Borborema\/SBT de Campina Grande das 11 h \u00e0s 13h Nilvan Ferreira (PL) Manh\u00e3 11h &#8211; Participa de Debate na Tv Borborema em Campina Grande Noite 19h \u2013 Participa de reuni\u00e3o com empres\u00e1rios em Campina Grande Pedro Cunha Lima (PSDB) MANH\u00c3: \u2022 Debate TV Borborema TARDE: \u2022 Visita ao Aluizio Campos em Campina Grande NOITE \u2022 Reuni\u00e3o com Sinduscon Veneziano (MDB) MANH\u00c3 Participa de Debate na TV Borborema, em Campina Grande TARDE Participa de Caminhada no bairro da Catingueira, em Campina Grande, com concentra\u00e7\u00e3o na esquina da Rua Petr\u00f3polis com a Rua Aratuba, a partir das 16h NOITE Em Pedras de Fogo, participa de reuni\u00e3o pol\u00edtica com o prefeito Manoel Junior, o deputado estadual e candidato \u00e0 reelei\u00e7\u00e3o Anderson Monteiro e lideran\u00e7as no bairro da Mangueira, a partir das 19:15h Noticias em Destaque Fonte: Click PB","og_url":"https:\/\/noticiasemdestaque.com\/cd\/?p=42404","og_site_name":"Not&iacute;cias em Destaque","article_published_time":"2022-09-05T11:47:36+00:00","og_image":[{"width":876,"height":585,"url":"https:\/\/noticiasemdestaque.com\/cd\/wp-content\/uploads\/2022\/09\/001-candidatos_governadores_logo.jpg","type":"image\/jpeg"}],"author":"Not\u00edcias em Destaque","twitter_card":"summary_large_image","twitter_misc":{"Escrito por":"Not\u00edcias em Destaque","Est. tempo de leitura":"2 minutos"},"schema":{"@context":"https:\/\/schema.org","@graph":[{"@type":"Article","@id":"https:\/\/noticiasemdestaque.com\/cd\/?p=42404#article","isPartOf":{"@id":"https:\/\/noticiasemdestaque.com\/cd\/?p=42404"},"author":{"name":"Not\u00edcias em Destaque","@id":"https:\/\/noticiasemdestaque.com\/cd\/#\/schema\/person\/4a81fb71f77579d059c3045891fa1786"},"headline":"Confira a agenda dos candidatos ao Governo da Para\u00edba nesta segunda-feira","datePublished":"2022-09-05T11:47:36+00:00","mainEntityOfPage":{"@id":"https:\/\/noticiasemdestaque.com\/cd\/?p=42404"},"wordCount":362,"publisher":{"@id":"https:\/\/noticiasemdestaque.com\/cd\/#organization"},"image":{"@id":"https:\/\/noticiasemdestaque.com\/cd\/?p=42404#primaryimage"},"thumbnailUrl":"https:\/\/noticiasemdestaque.com\/cd\/wp-content\/uploads\/2022\/09\/001-candidatos_governadores_logo.jpg","articleSection":["Pol\u00edtica"],"inLanguage":"pt-BR"},{"@type":"WebPage","@id":"https:\/\/noticiasemdestaque.com\/cd\/?p=42404","url":"https:\/\/noticiasemdestaque.com\/cd\/?p=42404","name":"Confira a agenda dos candidatos ao Governo da Para\u00edba nesta segunda-feira - Not&iacute;cias em Destaque","isPartOf":{"@id":"https:\/\/noticiasemdestaque.com\/cd\/#website"},"primaryImageOfPage":{"@id":"https:\/\/noticiasemdestaque.com\/cd\/?p=42404#primaryimage"},"image":{"@id":"https:\/\/noticiasemdestaque.com\/cd\/?p=42404#primaryimage"},"thumbnailUrl":"https:\/\/noticiasemdestaque.com\/cd\/wp-content\/uploads\/2022\/09\/001-candidatos_governadores_logo.jpg","datePublished":"2022-09-05T11:47:36+00:00","breadcrumb":{"@id":"https:\/\/noticiasemdestaque.com\/cd\/?p=42404#breadcrumb"},"inLanguage":"pt-BR","potentialAction":[{"@type":"ReadAction","target":["https:\/\/noticiasemdestaque.com\/cd\/?p=42404"]}]},{"@type":"ImageObject","inLanguage":"pt-BR","@id":"https:\/\/noticiasemdestaque.com\/cd\/?p=42404#primaryimage","url":"https:\/\/noticiasemdestaque.com\/cd\/wp-content\/uploads\/2022\/09\/001-candidatos_governadores_logo.jpg","contentUrl":"https:\/\/noticiasemdestaque.com\/cd\/wp-content\/uploads\/2022\/09\/001-candidatos_governadores_logo.jpg","width":876,"height":585},{"@type":"BreadcrumbList","@id":"https:\/\/noticiasemdestaque.com\/cd\/?p=42404#breadcrumb","itemListElement":[{"@type":"ListItem","position":1,"name":"In\u00edcio","item":"https:\/\/noticiasemdestaque.com\/cd\/"},{"@type":"ListItem","position":2,"name":"Confira a agenda dos candidatos ao Governo da Para\u00edba nesta segunda-feira"}]},{"@type":"WebSite","@id":"https:\/\/noticiasemdestaque.com\/cd\/#website","url":"https:\/\/noticiasemdestaque.com\/cd\/","name":"Not&iacute;cias em Destaque","description":"","publisher":{"@id":"https:\/\/noticiasemdestaque.com\/cd\/#organization"},"potentialAction":[{"@type":"SearchAction","target":{"@type":"EntryPoint","urlTemplate":"https:\/\/noticiasemdestaque.com\/cd\/?s={search_term_string}"},"query-input":{"@type":"PropertyValueSpecification","valueRequired":true,"valueName":"search_term_string"}}],"inLanguage":"pt-BR"},{"@type":"Organization","@id":"https:\/\/noticiasemdestaque.com\/cd\/#organization","name":"Not\u00edcias em Destaque","url":"https:\/\/noticiasemdestaque.com\/cd\/","logo":{"@type":"ImageObject","inLanguage":"pt-BR","@id":"https:\/\/noticiasemdestaque.com\/cd\/#\/schema\/logo\/image\/","url":"https:\/\/noticiasemdestaque.com\/cd\/wp-content\/uploads\/2022\/05\/imagem-base-noticiasemdestaque.png","contentUrl":"https:\/\/noticiasemdestaque.com\/cd\/wp-content\/uploads\/2022\/05\/imagem-base-noticiasemdestaque.png","width":1200,"height":630,"caption":"Not\u00edcias em Destaque"},"image":{"@id":"https:\/\/noticiasemdestaque.com\/cd\/#\/schema\/logo\/image\/"}},{"@type":"Person","@id":"https:\/\/noticiasemdestaque.com\/cd\/#\/schema\/person\/4a81fb71f77579d059c3045891fa1786","name":"Not\u00edcias em Destaque","url":"https:\/\/noticiasemdestaque.com\/cd\/?author=2"}]}},"jetpack_featured_media_url":"https:\/\/noticiasemdestaque.com\/cd\/wp-content\/uploads\/2022\/09\/001-candidatos_governadores_logo.jpg","jetpack_sharing_enabled":true,"_links":{"self":[{"href":"https:\/\/noticiasemdestaque.com\/cd\/index.php?rest_route=\/wp\/v2\/posts\/42404","targetHints":{"allow":["GET"]}}],"collection":[{"href":"https:\/\/noticiasemdestaque.com\/cd\/index.php?rest_route=\/wp\/v2\/posts"}],"about":[{"href":"https:\/\/noticiasemdestaque.com\/cd\/index.php?rest_route=\/wp\/v2\/types\/post"}],"author":[{"embeddable":true,"href":"https:\/\/noticiasemdestaque.com\/cd\/index.php?rest_route=\/wp\/v2\/users\/2"}],"replies":[{"embeddable":true,"href":"https:\/\/noticiasemdestaque.com\/cd\/index.php?rest_route=%2Fwp%2Fv2%2Fcomments&post=42404"}],"version-history":[{"count":1,"href":"https:\/\/noticiasemdestaque.com\/cd\/index.php?rest_route=\/wp\/v2\/posts\/42404\/revisions"}],"predecessor-version":[{"id":42405,"href":"https:\/\/noticiasemdestaque.com\/cd\/index.php?rest_route=\/wp\/v2\/posts\/42404\/revisions\/42405"}],"wp:featuredmedia":[{"embeddable":true,"href":"https:\/\/noticiasemdestaque.com\/cd\/index.php?rest_route=\/wp\/v2\/media\/42390"}],"wp:attachment":[{"href":"https:\/\/noticiasemdestaque.com\/cd\/index.php?rest_route=%2Fwp%2Fv2%2Fmedia&parent=42404"}],"wp:term":[{"taxonomy":"category","embeddable":true,"href":"https:\/\/noticiasemdestaque.com\/cd\/index.php?rest_route=%2Fwp%2Fv2%2Fcategories&post=42404"},{"taxonomy":"post_tag","embeddable":true,"href":"https:\/\/noticiasemdestaque.com\/cd\/index.php?rest_route=%2Fwp%2Fv2%2Ftags&post=42404"}],"curies":[{"name":"wp","href":"https:\/\/api.w.org\/{rel}","templated":true}]}}