{"id":42395,"date":"2022-09-03T16:58:26","date_gmt":"2022-09-03T19:58:26","guid":{"rendered":"https:\/\/noticiasemdestaque.com\/cd\/?p=42395"},"modified":"2022-09-03T16:58:26","modified_gmt":"2022-09-03T19:58:26","slug":"nasa-adia-novamente-lancamento-de-foguete-a-lua","status":"publish","type":"post","link":"https:\/\/noticiasemdestaque.com\/cd\/?p=42395","title":{"rendered":"Nasa adia novamente lan\u00e7amento de foguete \u00e0 Lua"},"content":{"rendered":"<p><a href=\"https:\/\/noticiasemdestaque.com\/cd\/wp-content\/uploads\/2022\/09\/nasa_artemis_i.jpeg\"><img fetchpriority=\"high\" decoding=\"async\" class=\"alignnone  wp-image-42396\" src=\"https:\/\/noticiasemdestaque.com\/cd\/wp-content\/uploads\/2022\/09\/nasa_artemis_i-300x179.jpeg\" alt=\"\" width=\"850\" height=\"507\" srcset=\"https:\/\/noticiasemdestaque.com\/cd\/wp-content\/uploads\/2022\/09\/nasa_artemis_i-300x179.jpeg 300w, https:\/\/noticiasemdestaque.com\/cd\/wp-content\/uploads\/2022\/09\/nasa_artemis_i-768x459.jpeg 768w, https:\/\/noticiasemdestaque.com\/cd\/wp-content\/uploads\/2022\/09\/nasa_artemis_i-18x12.jpeg 18w\" sizes=\"(max-width: 850px) 100vw, 850px\" \/><\/a><\/p>\n<p>A ag\u00eancia espacial norte-americana, a Nasa, cancelou novamente o lan\u00e7amento do foguete Space Launch System (SLS) \u00e0 Lua, que estava previsto para este s\u00e1bado.<img decoding=\"async\" src=\"https:\/\/agenciabrasil.ebc.com.br\/ebc.png?id=1480693&amp;o=node\" \/><img decoding=\"async\" src=\"https:\/\/agenciabrasil.ebc.com.br\/ebc.gif?id=1480693&amp;o=node\" \/><\/p>\n<p>Em nota, a Nasa explicou que o cancelamento ocorreu devido a vazamento de hidrog\u00eanio l\u00edquido. A ag\u00eancia informou que foram feitos v\u00e1rios esfor\u00e7os para solucionar o problema, como recoloca\u00e7\u00e3o de veda\u00e7\u00e3o, mas n\u00e3o foi poss\u00edvel resolver.<\/p>\n<p>O\u00a0<a href=\"https:\/\/agenciabrasil.ebc.com.br\/geral\/noticia\/2022-09\/artemis-i-nasa-se-prepara-para-lancar-missao-lua-neste-sabado-3\">lan\u00e7amento do foguete da miss\u00e3o Artemis I<\/a>\u00a0estava previsto para ocorrer hoje \u00e0 tarde (hor\u00e1rio de Bras\u00edlia), no Centro Espacial Kennedy, na Fl\u00f3rida.<\/p>\n<p>A Nasa j\u00e1 trabalhava com uma nova data para o caso de precisar adiar a miss\u00e3o novamente. A nova data prevista \u00e9 a pr\u00f3xima segunda-feira (5).<\/p>\n<p>Na \u00faltima segunda-feira (29), foi feito o primeiro cancelamento, ap\u00f3s as equipes t\u00e9cnicas da ag\u00eancia identificarem um problema de resfriamento em um dos quatro motores do superfoguete que levar\u00e1 a c\u00e1psula Orion \u00e0 \u00f3rbita lunar.<\/p>\n<h2>A miss\u00e3o<\/h2>\n<p>A viagem n\u00e3o tripulada marcar\u00e1 uma s\u00e9rie de testagens na \u00f3rbita da Lua tanto em rela\u00e7\u00e3o aos equipamentos, quanto \u00e0 c\u00e1psula Orion que deve levar at\u00e9 quatro astronautas na segunda etapa da miss\u00e3o prevista para ocorrer at\u00e9 2026.<\/p>\n<p>Al\u00e9m disso, ser\u00e1 testada uma pe\u00e7a fundamental na miss\u00e3o, o M\u00f3dulo de Servi\u00e7o Europeu, respons\u00e1vel, por exemplo, pelos sistemas de abastecimento de \u00e1gua, energia, propuls\u00e3o, controle da temperatura dentro da c\u00e1psula e fruto da parceria com a Ag\u00eancia Espacial Europeia (ESA).<\/p>\n<p>Segundo a ESA, a miss\u00e3o, que ser\u00e1 comandada aqui da Terra, pode durar entre 20 e 40 dias e terminar\u00e1 de volta \u00e0 Terra com um mergulho no Oceano Pac\u00edfico, na costa da Calif\u00f3rnia, nos Estados Unidos.<\/p>\n<p>O voo de volta \u00e0 Lua organizado pela Nasa, em parceria com 21 pa\u00edses, inclusive o Brasil, representa o retorno ao sat\u00e9lite 50 anos ap\u00f3s a \u00faltima viagem tripulada, em 1972, com a miss\u00e3o Apollo.<\/p>\n<p><strong>Noticias em Destaque<\/strong><\/p>\n<p style=\"text-align: right;\"><em>Fonte: Agencia Brasil<\/em><\/p>\n","protected":false},"excerpt":{"rendered":"<p>A ag\u00eancia espacial norte-americana, a Nasa, cancelou novamente o lan\u00e7amento do foguete Space Launch System (SLS) \u00e0 Lua, que estava previsto para este s\u00e1bado. Em nota, a Nasa explicou que o cancelamento ocorreu devido a vazamento de hidrog\u00eanio l\u00edquido. A ag\u00eancia informou que foram feitos v\u00e1rios esfor\u00e7os para solucionar o problema, como recoloca\u00e7\u00e3o de veda\u00e7\u00e3o, mas n\u00e3o foi poss\u00edvel resolver. O\u00a0lan\u00e7amento do foguete da miss\u00e3o Artemis I\u00a0estava previsto para ocorrer hoje \u00e0 tarde (hor\u00e1rio de Bras\u00edlia), no Centro Espacial Kennedy, na Fl\u00f3rida. A Nasa j\u00e1 trabalhava com uma nova data para o caso de precisar adiar a miss\u00e3o novamente. A nova data prevista \u00e9 a pr\u00f3xima segunda-feira (5). Na \u00faltima segunda-feira (29), foi feito o primeiro cancelamento, ap\u00f3s as equipes t\u00e9cnicas da ag\u00eancia identificarem um problema de resfriamento em um dos quatro motores do superfoguete que levar\u00e1 a c\u00e1psula Orion \u00e0 \u00f3rbita lunar. A miss\u00e3o A viagem n\u00e3o tripulada marcar\u00e1 uma s\u00e9rie de testagens na \u00f3rbita da Lua tanto em rela\u00e7\u00e3o aos equipamentos, quanto \u00e0 c\u00e1psula Orion que deve levar at\u00e9 quatro astronautas na segunda etapa da miss\u00e3o prevista para ocorrer at\u00e9 2026. Al\u00e9m disso, ser\u00e1 testada uma pe\u00e7a fundamental na miss\u00e3o, o M\u00f3dulo de Servi\u00e7o Europeu, respons\u00e1vel, por exemplo, pelos sistemas de abastecimento de \u00e1gua, energia, propuls\u00e3o, controle da temperatura dentro da c\u00e1psula e fruto da parceria com a Ag\u00eancia Espacial Europeia (ESA). Segundo a ESA, a miss\u00e3o, que ser\u00e1 comandada aqui da Terra, pode durar entre 20 e 40 dias e terminar\u00e1 de volta \u00e0 Terra com um mergulho no Oceano Pac\u00edfico, na costa da Calif\u00f3rnia, nos Estados Unidos. O voo de volta \u00e0 Lua organizado pela Nasa, em parceria com 21 pa\u00edses, inclusive o Brasil, representa o retorno ao sat\u00e9lite 50 anos ap\u00f3s a \u00faltima viagem tripulada, em 1972, com a miss\u00e3o Apollo. Noticias em Destaque Fonte: Agencia Brasil<\/p>\n","protected":false},"author":2,"featured_media":42396,"comment_status":"closed","ping_status":"open","sticky":false,"template":"","format":"standard","meta":{"_eb_attr":"","_jetpack_memberships_contains_paid_content":false,"footnotes":""},"categories":[12],"tags":[],"class_list":["post-42395","post","type-post","status-publish","format-standard","has-post-thumbnail","hentry","category-geral"],"yoast_head":"<!-- This site is optimized with the Yoast SEO plugin v26.5 - https:\/\/yoast.com\/wordpress\/plugins\/seo\/ -->\n<title>Nasa adia novamente lan\u00e7amento de foguete \u00e0 Lua - Not&iacute;cias em Destaque<\/title>\n<meta name=\"robots\" content=\"index, follow, max-snippet:-1, max-image-preview:large, max-video-preview:-1\" \/>\n<link rel=\"canonical\" href=\"https:\/\/noticiasemdestaque.com\/cd\/?p=42395\" \/>\n<meta property=\"og:locale\" content=\"pt_BR\" \/>\n<meta property=\"og:type\" content=\"article\" \/>\n<meta property=\"og:title\" content=\"Nasa adia novamente lan\u00e7amento de foguete \u00e0 Lua - Not&iacute;cias em Destaque\" \/>\n<meta property=\"og:description\" content=\"A ag\u00eancia espacial norte-americana, a Nasa, cancelou novamente o lan\u00e7amento do foguete Space Launch System (SLS) \u00e0 Lua, que estava previsto para este s\u00e1bado. Em nota, a Nasa explicou que o cancelamento ocorreu devido a vazamento de hidrog\u00eanio l\u00edquido. A ag\u00eancia informou que foram feitos v\u00e1rios esfor\u00e7os para solucionar o problema, como recoloca\u00e7\u00e3o de veda\u00e7\u00e3o, mas n\u00e3o foi poss\u00edvel resolver. O\u00a0lan\u00e7amento do foguete da miss\u00e3o Artemis I\u00a0estava previsto para ocorrer hoje \u00e0 tarde (hor\u00e1rio de Bras\u00edlia), no Centro Espacial Kennedy, na Fl\u00f3rida. A Nasa j\u00e1 trabalhava com uma nova data para o caso de precisar adiar a miss\u00e3o novamente. A nova data prevista \u00e9 a pr\u00f3xima segunda-feira (5). Na \u00faltima segunda-feira (29), foi feito o primeiro cancelamento, ap\u00f3s as equipes t\u00e9cnicas da ag\u00eancia identificarem um problema de resfriamento em um dos quatro motores do superfoguete que levar\u00e1 a c\u00e1psula Orion \u00e0 \u00f3rbita lunar. A miss\u00e3o A viagem n\u00e3o tripulada marcar\u00e1 uma s\u00e9rie de testagens na \u00f3rbita da Lua tanto em rela\u00e7\u00e3o aos equipamentos, quanto \u00e0 c\u00e1psula Orion que deve levar at\u00e9 quatro astronautas na segunda etapa da miss\u00e3o prevista para ocorrer at\u00e9 2026. Al\u00e9m disso, ser\u00e1 testada uma pe\u00e7a fundamental na miss\u00e3o, o M\u00f3dulo de Servi\u00e7o Europeu, respons\u00e1vel, por exemplo, pelos sistemas de abastecimento de \u00e1gua, energia, propuls\u00e3o, controle da temperatura dentro da c\u00e1psula e fruto da parceria com a Ag\u00eancia Espacial Europeia (ESA). Segundo a ESA, a miss\u00e3o, que ser\u00e1 comandada aqui da Terra, pode durar entre 20 e 40 dias e terminar\u00e1 de volta \u00e0 Terra com um mergulho no Oceano Pac\u00edfico, na costa da Calif\u00f3rnia, nos Estados Unidos. O voo de volta \u00e0 Lua organizado pela Nasa, em parceria com 21 pa\u00edses, inclusive o Brasil, representa o retorno ao sat\u00e9lite 50 anos ap\u00f3s a \u00faltima viagem tripulada, em 1972, com a miss\u00e3o Apollo. Noticias em Destaque Fonte: Agencia Brasil\" \/>\n<meta property=\"og:url\" content=\"https:\/\/noticiasemdestaque.com\/cd\/?p=42395\" \/>\n<meta property=\"og:site_name\" content=\"Not&iacute;cias em Destaque\" \/>\n<meta property=\"article:published_time\" content=\"2022-09-03T19:58:26+00:00\" \/>\n<meta property=\"og:image\" content=\"https:\/\/noticiasemdestaque.com\/cd\/wp-content\/uploads\/2022\/09\/nasa_artemis_i.jpeg\" \/>\n\t<meta property=\"og:image:width\" content=\"1170\" \/>\n\t<meta property=\"og:image:height\" content=\"700\" \/>\n\t<meta property=\"og:image:type\" content=\"image\/jpeg\" \/>\n<meta name=\"author\" content=\"Not\u00edcias em Destaque\" \/>\n<meta name=\"twitter:card\" content=\"summary_large_image\" \/>\n<meta name=\"twitter:label1\" content=\"Escrito por\" \/>\n\t<meta name=\"twitter:data1\" content=\"Not\u00edcias em Destaque\" \/>\n\t<meta name=\"twitter:label2\" content=\"Est. tempo de leitura\" \/>\n\t<meta name=\"twitter:data2\" content=\"3 minutos\" \/>\n<script type=\"application\/ld+json\" class=\"yoast-schema-graph\">{\"@context\":\"https:\/\/schema.org\",\"@graph\":[{\"@type\":\"Article\",\"@id\":\"https:\/\/noticiasemdestaque.com\/cd\/?p=42395#article\",\"isPartOf\":{\"@id\":\"https:\/\/noticiasemdestaque.com\/cd\/?p=42395\"},\"author\":{\"name\":\"Not\u00edcias em Destaque\",\"@id\":\"https:\/\/noticiasemdestaque.com\/cd\/#\/schema\/person\/4a81fb71f77579d059c3045891fa1786\"},\"headline\":\"Nasa adia novamente lan\u00e7amento de foguete \u00e0 Lua\",\"datePublished\":\"2022-09-03T19:58:26+00:00\",\"mainEntityOfPage\":{\"@id\":\"https:\/\/noticiasemdestaque.com\/cd\/?p=42395\"},\"wordCount\":342,\"publisher\":{\"@id\":\"https:\/\/noticiasemdestaque.com\/cd\/#organization\"},\"image\":{\"@id\":\"https:\/\/noticiasemdestaque.com\/cd\/?p=42395#primaryimage\"},\"thumbnailUrl\":\"https:\/\/noticiasemdestaque.com\/cd\/wp-content\/uploads\/2022\/09\/nasa_artemis_i.jpeg\",\"articleSection\":[\"Geral\"],\"inLanguage\":\"pt-BR\"},{\"@type\":\"WebPage\",\"@id\":\"https:\/\/noticiasemdestaque.com\/cd\/?p=42395\",\"url\":\"https:\/\/noticiasemdestaque.com\/cd\/?p=42395\",\"name\":\"Nasa adia novamente lan\u00e7amento de foguete \u00e0 Lua - Not&iacute;cias em Destaque\",\"isPartOf\":{\"@id\":\"https:\/\/noticiasemdestaque.com\/cd\/#website\"},\"primaryImageOfPage\":{\"@id\":\"https:\/\/noticiasemdestaque.com\/cd\/?p=42395#primaryimage\"},\"image\":{\"@id\":\"https:\/\/noticiasemdestaque.com\/cd\/?p=42395#primaryimage\"},\"thumbnailUrl\":\"https:\/\/noticiasemdestaque.com\/cd\/wp-content\/uploads\/2022\/09\/nasa_artemis_i.jpeg\",\"datePublished\":\"2022-09-03T19:58:26+00:00\",\"breadcrumb\":{\"@id\":\"https:\/\/noticiasemdestaque.com\/cd\/?p=42395#breadcrumb\"},\"inLanguage\":\"pt-BR\",\"potentialAction\":[{\"@type\":\"ReadAction\",\"target\":[\"https:\/\/noticiasemdestaque.com\/cd\/?p=42395\"]}]},{\"@type\":\"ImageObject\",\"inLanguage\":\"pt-BR\",\"@id\":\"https:\/\/noticiasemdestaque.com\/cd\/?p=42395#primaryimage\",\"url\":\"https:\/\/noticiasemdestaque.com\/cd\/wp-content\/uploads\/2022\/09\/nasa_artemis_i.jpeg\",\"contentUrl\":\"https:\/\/noticiasemdestaque.com\/cd\/wp-content\/uploads\/2022\/09\/nasa_artemis_i.jpeg\",\"width\":1170,\"height\":700},{\"@type\":\"BreadcrumbList\",\"@id\":\"https:\/\/noticiasemdestaque.com\/cd\/?p=42395#breadcrumb\",\"itemListElement\":[{\"@type\":\"ListItem\",\"position\":1,\"name\":\"In\u00edcio\",\"item\":\"https:\/\/noticiasemdestaque.com\/cd\/\"},{\"@type\":\"ListItem\",\"position\":2,\"name\":\"Nasa adia novamente lan\u00e7amento de foguete \u00e0 Lua\"}]},{\"@type\":\"WebSite\",\"@id\":\"https:\/\/noticiasemdestaque.com\/cd\/#website\",\"url\":\"https:\/\/noticiasemdestaque.com\/cd\/\",\"name\":\"Not&iacute;cias em Destaque\",\"description\":\"\",\"publisher\":{\"@id\":\"https:\/\/noticiasemdestaque.com\/cd\/#organization\"},\"potentialAction\":[{\"@type\":\"SearchAction\",\"target\":{\"@type\":\"EntryPoint\",\"urlTemplate\":\"https:\/\/noticiasemdestaque.com\/cd\/?s={search_term_string}\"},\"query-input\":{\"@type\":\"PropertyValueSpecification\",\"valueRequired\":true,\"valueName\":\"search_term_string\"}}],\"inLanguage\":\"pt-BR\"},{\"@type\":\"Organization\",\"@id\":\"https:\/\/noticiasemdestaque.com\/cd\/#organization\",\"name\":\"Not\u00edcias em Destaque\",\"url\":\"https:\/\/noticiasemdestaque.com\/cd\/\",\"logo\":{\"@type\":\"ImageObject\",\"inLanguage\":\"pt-BR\",\"@id\":\"https:\/\/noticiasemdestaque.com\/cd\/#\/schema\/logo\/image\/\",\"url\":\"https:\/\/noticiasemdestaque.com\/cd\/wp-content\/uploads\/2022\/05\/imagem-base-noticiasemdestaque.png\",\"contentUrl\":\"https:\/\/noticiasemdestaque.com\/cd\/wp-content\/uploads\/2022\/05\/imagem-base-noticiasemdestaque.png\",\"width\":1200,\"height\":630,\"caption\":\"Not\u00edcias em Destaque\"},\"image\":{\"@id\":\"https:\/\/noticiasemdestaque.com\/cd\/#\/schema\/logo\/image\/\"}},{\"@type\":\"Person\",\"@id\":\"https:\/\/noticiasemdestaque.com\/cd\/#\/schema\/person\/4a81fb71f77579d059c3045891fa1786\",\"name\":\"Not\u00edcias em Destaque\",\"url\":\"https:\/\/noticiasemdestaque.com\/cd\/?author=2\"}]}<\/script>\n<!-- \/ Yoast SEO plugin. -->","yoast_head_json":{"title":"Nasa adia novamente lan\u00e7amento de foguete \u00e0 Lua - Not&iacute;cias em Destaque","robots":{"index":"index","follow":"follow","max-snippet":"max-snippet:-1","max-image-preview":"max-image-preview:large","max-video-preview":"max-video-preview:-1"},"canonical":"https:\/\/noticiasemdestaque.com\/cd\/?p=42395","og_locale":"pt_BR","og_type":"article","og_title":"Nasa adia novamente lan\u00e7amento de foguete \u00e0 Lua - Not&iacute;cias em Destaque","og_description":"A ag\u00eancia espacial norte-americana, a Nasa, cancelou novamente o lan\u00e7amento do foguete Space Launch System (SLS) \u00e0 Lua, que estava previsto para este s\u00e1bado. Em nota, a Nasa explicou que o cancelamento ocorreu devido a vazamento de hidrog\u00eanio l\u00edquido. A ag\u00eancia informou que foram feitos v\u00e1rios esfor\u00e7os para solucionar o problema, como recoloca\u00e7\u00e3o de veda\u00e7\u00e3o, mas n\u00e3o foi poss\u00edvel resolver. O\u00a0lan\u00e7amento do foguete da miss\u00e3o Artemis I\u00a0estava previsto para ocorrer hoje \u00e0 tarde (hor\u00e1rio de Bras\u00edlia), no Centro Espacial Kennedy, na Fl\u00f3rida. A Nasa j\u00e1 trabalhava com uma nova data para o caso de precisar adiar a miss\u00e3o novamente. A nova data prevista \u00e9 a pr\u00f3xima segunda-feira (5). Na \u00faltima segunda-feira (29), foi feito o primeiro cancelamento, ap\u00f3s as equipes t\u00e9cnicas da ag\u00eancia identificarem um problema de resfriamento em um dos quatro motores do superfoguete que levar\u00e1 a c\u00e1psula Orion \u00e0 \u00f3rbita lunar. A miss\u00e3o A viagem n\u00e3o tripulada marcar\u00e1 uma s\u00e9rie de testagens na \u00f3rbita da Lua tanto em rela\u00e7\u00e3o aos equipamentos, quanto \u00e0 c\u00e1psula Orion que deve levar at\u00e9 quatro astronautas na segunda etapa da miss\u00e3o prevista para ocorrer at\u00e9 2026. Al\u00e9m disso, ser\u00e1 testada uma pe\u00e7a fundamental na miss\u00e3o, o M\u00f3dulo de Servi\u00e7o Europeu, respons\u00e1vel, por exemplo, pelos sistemas de abastecimento de \u00e1gua, energia, propuls\u00e3o, controle da temperatura dentro da c\u00e1psula e fruto da parceria com a Ag\u00eancia Espacial Europeia (ESA). Segundo a ESA, a miss\u00e3o, que ser\u00e1 comandada aqui da Terra, pode durar entre 20 e 40 dias e terminar\u00e1 de volta \u00e0 Terra com um mergulho no Oceano Pac\u00edfico, na costa da Calif\u00f3rnia, nos Estados Unidos. O voo de volta \u00e0 Lua organizado pela Nasa, em parceria com 21 pa\u00edses, inclusive o Brasil, representa o retorno ao sat\u00e9lite 50 anos ap\u00f3s a \u00faltima viagem tripulada, em 1972, com a miss\u00e3o Apollo. Noticias em Destaque Fonte: Agencia Brasil","og_url":"https:\/\/noticiasemdestaque.com\/cd\/?p=42395","og_site_name":"Not&iacute;cias em Destaque","article_published_time":"2022-09-03T19:58:26+00:00","og_image":[{"width":1170,"height":700,"url":"https:\/\/noticiasemdestaque.com\/cd\/wp-content\/uploads\/2022\/09\/nasa_artemis_i.jpeg","type":"image\/jpeg"}],"author":"Not\u00edcias em Destaque","twitter_card":"summary_large_image","twitter_misc":{"Escrito por":"Not\u00edcias em Destaque","Est. tempo de leitura":"3 minutos"},"schema":{"@context":"https:\/\/schema.org","@graph":[{"@type":"Article","@id":"https:\/\/noticiasemdestaque.com\/cd\/?p=42395#article","isPartOf":{"@id":"https:\/\/noticiasemdestaque.com\/cd\/?p=42395"},"author":{"name":"Not\u00edcias em Destaque","@id":"https:\/\/noticiasemdestaque.com\/cd\/#\/schema\/person\/4a81fb71f77579d059c3045891fa1786"},"headline":"Nasa adia novamente lan\u00e7amento de foguete \u00e0 Lua","datePublished":"2022-09-03T19:58:26+00:00","mainEntityOfPage":{"@id":"https:\/\/noticiasemdestaque.com\/cd\/?p=42395"},"wordCount":342,"publisher":{"@id":"https:\/\/noticiasemdestaque.com\/cd\/#organization"},"image":{"@id":"https:\/\/noticiasemdestaque.com\/cd\/?p=42395#primaryimage"},"thumbnailUrl":"https:\/\/noticiasemdestaque.com\/cd\/wp-content\/uploads\/2022\/09\/nasa_artemis_i.jpeg","articleSection":["Geral"],"inLanguage":"pt-BR"},{"@type":"WebPage","@id":"https:\/\/noticiasemdestaque.com\/cd\/?p=42395","url":"https:\/\/noticiasemdestaque.com\/cd\/?p=42395","name":"Nasa adia novamente lan\u00e7amento de foguete \u00e0 Lua - Not&iacute;cias em Destaque","isPartOf":{"@id":"https:\/\/noticiasemdestaque.com\/cd\/#website"},"primaryImageOfPage":{"@id":"https:\/\/noticiasemdestaque.com\/cd\/?p=42395#primaryimage"},"image":{"@id":"https:\/\/noticiasemdestaque.com\/cd\/?p=42395#primaryimage"},"thumbnailUrl":"https:\/\/noticiasemdestaque.com\/cd\/wp-content\/uploads\/2022\/09\/nasa_artemis_i.jpeg","datePublished":"2022-09-03T19:58:26+00:00","breadcrumb":{"@id":"https:\/\/noticiasemdestaque.com\/cd\/?p=42395#breadcrumb"},"inLanguage":"pt-BR","potentialAction":[{"@type":"ReadAction","target":["https:\/\/noticiasemdestaque.com\/cd\/?p=42395"]}]},{"@type":"ImageObject","inLanguage":"pt-BR","@id":"https:\/\/noticiasemdestaque.com\/cd\/?p=42395#primaryimage","url":"https:\/\/noticiasemdestaque.com\/cd\/wp-content\/uploads\/2022\/09\/nasa_artemis_i.jpeg","contentUrl":"https:\/\/noticiasemdestaque.com\/cd\/wp-content\/uploads\/2022\/09\/nasa_artemis_i.jpeg","width":1170,"height":700},{"@type":"BreadcrumbList","@id":"https:\/\/noticiasemdestaque.com\/cd\/?p=42395#breadcrumb","itemListElement":[{"@type":"ListItem","position":1,"name":"In\u00edcio","item":"https:\/\/noticiasemdestaque.com\/cd\/"},{"@type":"ListItem","position":2,"name":"Nasa adia novamente lan\u00e7amento de foguete \u00e0 Lua"}]},{"@type":"WebSite","@id":"https:\/\/noticiasemdestaque.com\/cd\/#website","url":"https:\/\/noticiasemdestaque.com\/cd\/","name":"Not&iacute;cias em Destaque","description":"","publisher":{"@id":"https:\/\/noticiasemdestaque.com\/cd\/#organization"},"potentialAction":[{"@type":"SearchAction","target":{"@type":"EntryPoint","urlTemplate":"https:\/\/noticiasemdestaque.com\/cd\/?s={search_term_string}"},"query-input":{"@type":"PropertyValueSpecification","valueRequired":true,"valueName":"search_term_string"}}],"inLanguage":"pt-BR"},{"@type":"Organization","@id":"https:\/\/noticiasemdestaque.com\/cd\/#organization","name":"Not\u00edcias em Destaque","url":"https:\/\/noticiasemdestaque.com\/cd\/","logo":{"@type":"ImageObject","inLanguage":"pt-BR","@id":"https:\/\/noticiasemdestaque.com\/cd\/#\/schema\/logo\/image\/","url":"https:\/\/noticiasemdestaque.com\/cd\/wp-content\/uploads\/2022\/05\/imagem-base-noticiasemdestaque.png","contentUrl":"https:\/\/noticiasemdestaque.com\/cd\/wp-content\/uploads\/2022\/05\/imagem-base-noticiasemdestaque.png","width":1200,"height":630,"caption":"Not\u00edcias em Destaque"},"image":{"@id":"https:\/\/noticiasemdestaque.com\/cd\/#\/schema\/logo\/image\/"}},{"@type":"Person","@id":"https:\/\/noticiasemdestaque.com\/cd\/#\/schema\/person\/4a81fb71f77579d059c3045891fa1786","name":"Not\u00edcias em Destaque","url":"https:\/\/noticiasemdestaque.com\/cd\/?author=2"}]}},"jetpack_featured_media_url":"https:\/\/noticiasemdestaque.com\/cd\/wp-content\/uploads\/2022\/09\/nasa_artemis_i.jpeg","jetpack_sharing_enabled":true,"_links":{"self":[{"href":"https:\/\/noticiasemdestaque.com\/cd\/index.php?rest_route=\/wp\/v2\/posts\/42395","targetHints":{"allow":["GET"]}}],"collection":[{"href":"https:\/\/noticiasemdestaque.com\/cd\/index.php?rest_route=\/wp\/v2\/posts"}],"about":[{"href":"https:\/\/noticiasemdestaque.com\/cd\/index.php?rest_route=\/wp\/v2\/types\/post"}],"author":[{"embeddable":true,"href":"https:\/\/noticiasemdestaque.com\/cd\/index.php?rest_route=\/wp\/v2\/users\/2"}],"replies":[{"embeddable":true,"href":"https:\/\/noticiasemdestaque.com\/cd\/index.php?rest_route=%2Fwp%2Fv2%2Fcomments&post=42395"}],"version-history":[{"count":1,"href":"https:\/\/noticiasemdestaque.com\/cd\/index.php?rest_route=\/wp\/v2\/posts\/42395\/revisions"}],"predecessor-version":[{"id":42397,"href":"https:\/\/noticiasemdestaque.com\/cd\/index.php?rest_route=\/wp\/v2\/posts\/42395\/revisions\/42397"}],"wp:featuredmedia":[{"embeddable":true,"href":"https:\/\/noticiasemdestaque.com\/cd\/index.php?rest_route=\/wp\/v2\/media\/42396"}],"wp:attachment":[{"href":"https:\/\/noticiasemdestaque.com\/cd\/index.php?rest_route=%2Fwp%2Fv2%2Fmedia&parent=42395"}],"wp:term":[{"taxonomy":"category","embeddable":true,"href":"https:\/\/noticiasemdestaque.com\/cd\/index.php?rest_route=%2Fwp%2Fv2%2Fcategories&post=42395"},{"taxonomy":"post_tag","embeddable":true,"href":"https:\/\/noticiasemdestaque.com\/cd\/index.php?rest_route=%2Fwp%2Fv2%2Ftags&post=42395"}],"curies":[{"name":"wp","href":"https:\/\/api.w.org\/{rel}","templated":true}]}}