{"id":42392,"date":"2022-09-03T10:17:54","date_gmt":"2022-09-03T13:17:54","guid":{"rendered":"https:\/\/noticiasemdestaque.com\/cd\/?p=42392"},"modified":"2022-09-03T10:17:54","modified_gmt":"2022-09-03T13:17:54","slug":"homem-e-assassinado-a-tiros-em-sua-propria-residencia-na-cidade-de-sao-joao-do-tigre","status":"publish","type":"post","link":"https:\/\/noticiasemdestaque.com\/cd\/?p=42392","title":{"rendered":"Homem \u00e9 assassinado a tiros em sua pr\u00f3pria resid\u00eancia na cidade de S\u00e3o Jo\u00e3o do Tigre"},"content":{"rendered":"<p><a href=\"https:\/\/noticiasemdestaque.com\/cd\/wp-content\/uploads\/2022\/09\/sirene-policia-viatura-786x523-786x523-1.jpg\"><img fetchpriority=\"high\" decoding=\"async\" class=\"alignnone  wp-image-42393\" src=\"https:\/\/noticiasemdestaque.com\/cd\/wp-content\/uploads\/2022\/09\/sirene-policia-viatura-786x523-786x523-1-300x200.jpg\" alt=\"\" width=\"854\" height=\"569\" srcset=\"https:\/\/noticiasemdestaque.com\/cd\/wp-content\/uploads\/2022\/09\/sirene-policia-viatura-786x523-786x523-1-300x200.jpg 300w, https:\/\/noticiasemdestaque.com\/cd\/wp-content\/uploads\/2022\/09\/sirene-policia-viatura-786x523-786x523-1-768x511.jpg 768w, https:\/\/noticiasemdestaque.com\/cd\/wp-content\/uploads\/2022\/09\/sirene-policia-viatura-786x523-786x523-1-18x12.jpg 18w, https:\/\/noticiasemdestaque.com\/cd\/wp-content\/uploads\/2022\/09\/sirene-policia-viatura-786x523-786x523-1.jpg 786w\" sizes=\"(max-width: 854px) 100vw, 854px\" \/><\/a><\/p>\n<p>Na noite desta \u00faltima sexta-feira(02), um homem foi assassinado a tiros em sua pr\u00f3pria resid\u00eancia na cidade de S\u00e3o Jo\u00e3o do Tigre, Cariri paraibano.<\/p>\n<p>De acordo com informa\u00e7\u00f5es iniciais chegadas ao portal De Olho no Cariri, um homem identificado por Mauro S\u00e9rgio Mergulh\u00e3o da Silva, de 40 anos de idade, foi encontrado se sem vidas por populares com marcas de tiro pelo corpo.<\/p>\n<p>As for\u00e7as policiais estiveram no local do crime e isolaram o local at\u00e9 a chegada do IML. Ainda n\u00e3o h\u00e1 informa\u00e7\u00f5es sobre a autoria e a motiva\u00e7\u00e3o do crime.<\/p>\n<p>A v\u00edtima trabalhava de marchante e era bastante conhecido em S\u00e3o Jo\u00e3o do Tigre.<\/p>\n<p><strong>Noticias em Destaque<\/strong><\/p>\n<p style=\"text-align: right;\"><em>Fonte: De Olho no Cariri<\/em><\/p>\n","protected":false},"excerpt":{"rendered":"<p>Na noite desta \u00faltima sexta-feira(02), um homem foi assassinado a tiros em sua pr\u00f3pria resid\u00eancia na cidade de S\u00e3o Jo\u00e3o do Tigre, Cariri paraibano. De acordo com informa\u00e7\u00f5es iniciais chegadas ao portal De Olho no Cariri, um homem identificado por Mauro S\u00e9rgio Mergulh\u00e3o da Silva, de 40 anos de idade, foi encontrado se sem vidas por populares com marcas de tiro pelo corpo. As for\u00e7as policiais estiveram no local do crime e isolaram o local at\u00e9 a chegada do IML. Ainda n\u00e3o h\u00e1 informa\u00e7\u00f5es sobre a autoria e a motiva\u00e7\u00e3o do crime. A v\u00edtima trabalhava de marchante e era bastante conhecido em S\u00e3o Jo\u00e3o do Tigre. Noticias em Destaque Fonte: De Olho no Cariri<\/p>\n","protected":false},"author":2,"featured_media":42393,"comment_status":"closed","ping_status":"open","sticky":false,"template":"","format":"standard","meta":{"_eb_attr":"","_jetpack_memberships_contains_paid_content":false,"footnotes":""},"categories":[20],"tags":[],"class_list":["post-42392","post","type-post","status-publish","format-standard","has-post-thumbnail","hentry","category-policia"],"yoast_head":"<!-- This site is optimized with the Yoast SEO plugin v26.5 - https:\/\/yoast.com\/wordpress\/plugins\/seo\/ -->\n<title>Homem \u00e9 assassinado a tiros em sua pr\u00f3pria resid\u00eancia na cidade de S\u00e3o Jo\u00e3o do Tigre - Not&iacute;cias em Destaque<\/title>\n<meta name=\"robots\" content=\"index, follow, max-snippet:-1, max-image-preview:large, max-video-preview:-1\" \/>\n<link rel=\"canonical\" href=\"https:\/\/noticiasemdestaque.com\/cd\/?p=42392\" \/>\n<meta property=\"og:locale\" content=\"pt_BR\" \/>\n<meta property=\"og:type\" content=\"article\" \/>\n<meta property=\"og:title\" content=\"Homem \u00e9 assassinado a tiros em sua pr\u00f3pria resid\u00eancia na cidade de S\u00e3o Jo\u00e3o do Tigre - Not&iacute;cias em Destaque\" \/>\n<meta property=\"og:description\" content=\"Na noite desta \u00faltima sexta-feira(02), um homem foi assassinado a tiros em sua pr\u00f3pria resid\u00eancia na cidade de S\u00e3o Jo\u00e3o do Tigre, Cariri paraibano. De acordo com informa\u00e7\u00f5es iniciais chegadas ao portal De Olho no Cariri, um homem identificado por Mauro S\u00e9rgio Mergulh\u00e3o da Silva, de 40 anos de idade, foi encontrado se sem vidas por populares com marcas de tiro pelo corpo. As for\u00e7as policiais estiveram no local do crime e isolaram o local at\u00e9 a chegada do IML. Ainda n\u00e3o h\u00e1 informa\u00e7\u00f5es sobre a autoria e a motiva\u00e7\u00e3o do crime. A v\u00edtima trabalhava de marchante e era bastante conhecido em S\u00e3o Jo\u00e3o do Tigre. Noticias em Destaque Fonte: De Olho no Cariri\" \/>\n<meta property=\"og:url\" content=\"https:\/\/noticiasemdestaque.com\/cd\/?p=42392\" \/>\n<meta property=\"og:site_name\" content=\"Not&iacute;cias em Destaque\" \/>\n<meta property=\"article:published_time\" content=\"2022-09-03T13:17:54+00:00\" \/>\n<meta property=\"og:image\" content=\"https:\/\/noticiasemdestaque.com\/cd\/wp-content\/uploads\/2022\/09\/sirene-policia-viatura-786x523-786x523-1.jpg\" \/>\n\t<meta property=\"og:image:width\" content=\"786\" \/>\n\t<meta property=\"og:image:height\" content=\"523\" \/>\n\t<meta property=\"og:image:type\" content=\"image\/jpeg\" \/>\n<meta name=\"author\" content=\"Not\u00edcias em Destaque\" \/>\n<meta name=\"twitter:card\" content=\"summary_large_image\" \/>\n<meta name=\"twitter:label1\" content=\"Escrito por\" \/>\n\t<meta name=\"twitter:data1\" content=\"Not\u00edcias em Destaque\" \/>\n\t<meta name=\"twitter:label2\" content=\"Est. tempo de leitura\" \/>\n\t<meta name=\"twitter:data2\" content=\"1 minuto\" \/>\n<script type=\"application\/ld+json\" class=\"yoast-schema-graph\">{\"@context\":\"https:\/\/schema.org\",\"@graph\":[{\"@type\":\"Article\",\"@id\":\"https:\/\/noticiasemdestaque.com\/cd\/?p=42392#article\",\"isPartOf\":{\"@id\":\"https:\/\/noticiasemdestaque.com\/cd\/?p=42392\"},\"author\":{\"name\":\"Not\u00edcias em Destaque\",\"@id\":\"https:\/\/noticiasemdestaque.com\/cd\/#\/schema\/person\/45ca272b3e1246ef14ebb78a48dbb218\"},\"headline\":\"Homem \u00e9 assassinado a tiros em sua pr\u00f3pria resid\u00eancia na cidade de S\u00e3o Jo\u00e3o do Tigre\",\"datePublished\":\"2022-09-03T13:17:54+00:00\",\"mainEntityOfPage\":{\"@id\":\"https:\/\/noticiasemdestaque.com\/cd\/?p=42392\"},\"wordCount\":146,\"publisher\":{\"@id\":\"https:\/\/noticiasemdestaque.com\/cd\/#organization\"},\"image\":{\"@id\":\"https:\/\/noticiasemdestaque.com\/cd\/?p=42392#primaryimage\"},\"thumbnailUrl\":\"https:\/\/noticiasemdestaque.com\/cd\/wp-content\/uploads\/2022\/09\/sirene-policia-viatura-786x523-786x523-1.jpg\",\"articleSection\":[\"Pol\u00edcia\"],\"inLanguage\":\"pt-BR\"},{\"@type\":\"WebPage\",\"@id\":\"https:\/\/noticiasemdestaque.com\/cd\/?p=42392\",\"url\":\"https:\/\/noticiasemdestaque.com\/cd\/?p=42392\",\"name\":\"Homem \u00e9 assassinado a tiros em sua pr\u00f3pria resid\u00eancia na cidade de S\u00e3o Jo\u00e3o do Tigre - Not&iacute;cias em Destaque\",\"isPartOf\":{\"@id\":\"https:\/\/noticiasemdestaque.com\/cd\/#website\"},\"primaryImageOfPage\":{\"@id\":\"https:\/\/noticiasemdestaque.com\/cd\/?p=42392#primaryimage\"},\"image\":{\"@id\":\"https:\/\/noticiasemdestaque.com\/cd\/?p=42392#primaryimage\"},\"thumbnailUrl\":\"https:\/\/noticiasemdestaque.com\/cd\/wp-content\/uploads\/2022\/09\/sirene-policia-viatura-786x523-786x523-1.jpg\",\"datePublished\":\"2022-09-03T13:17:54+00:00\",\"breadcrumb\":{\"@id\":\"https:\/\/noticiasemdestaque.com\/cd\/?p=42392#breadcrumb\"},\"inLanguage\":\"pt-BR\",\"potentialAction\":[{\"@type\":\"ReadAction\",\"target\":[\"https:\/\/noticiasemdestaque.com\/cd\/?p=42392\"]}]},{\"@type\":\"ImageObject\",\"inLanguage\":\"pt-BR\",\"@id\":\"https:\/\/noticiasemdestaque.com\/cd\/?p=42392#primaryimage\",\"url\":\"https:\/\/noticiasemdestaque.com\/cd\/wp-content\/uploads\/2022\/09\/sirene-policia-viatura-786x523-786x523-1.jpg\",\"contentUrl\":\"https:\/\/noticiasemdestaque.com\/cd\/wp-content\/uploads\/2022\/09\/sirene-policia-viatura-786x523-786x523-1.jpg\",\"width\":786,\"height\":523},{\"@type\":\"BreadcrumbList\",\"@id\":\"https:\/\/noticiasemdestaque.com\/cd\/?p=42392#breadcrumb\",\"itemListElement\":[{\"@type\":\"ListItem\",\"position\":1,\"name\":\"In\u00edcio\",\"item\":\"https:\/\/noticiasemdestaque.com\/cd\/\"},{\"@type\":\"ListItem\",\"position\":2,\"name\":\"Homem \u00e9 assassinado a tiros em sua pr\u00f3pria resid\u00eancia na cidade de S\u00e3o Jo\u00e3o do Tigre\"}]},{\"@type\":\"WebSite\",\"@id\":\"https:\/\/noticiasemdestaque.com\/cd\/#website\",\"url\":\"https:\/\/noticiasemdestaque.com\/cd\/\",\"name\":\"Not&iacute;cias em Destaque\",\"description\":\"\",\"publisher\":{\"@id\":\"https:\/\/noticiasemdestaque.com\/cd\/#organization\"},\"potentialAction\":[{\"@type\":\"SearchAction\",\"target\":{\"@type\":\"EntryPoint\",\"urlTemplate\":\"https:\/\/noticiasemdestaque.com\/cd\/?s={search_term_string}\"},\"query-input\":{\"@type\":\"PropertyValueSpecification\",\"valueRequired\":true,\"valueName\":\"search_term_string\"}}],\"inLanguage\":\"pt-BR\"},{\"@type\":\"Organization\",\"@id\":\"https:\/\/noticiasemdestaque.com\/cd\/#organization\",\"name\":\"Not\u00edcias em Destaque\",\"url\":\"https:\/\/noticiasemdestaque.com\/cd\/\",\"logo\":{\"@type\":\"ImageObject\",\"inLanguage\":\"pt-BR\",\"@id\":\"https:\/\/noticiasemdestaque.com\/cd\/#\/schema\/logo\/image\/\",\"url\":\"https:\/\/noticiasemdestaque.com\/cd\/wp-content\/uploads\/2022\/05\/imagem-base-noticiasemdestaque.png\",\"contentUrl\":\"https:\/\/noticiasemdestaque.com\/cd\/wp-content\/uploads\/2022\/05\/imagem-base-noticiasemdestaque.png\",\"width\":1200,\"height\":630,\"caption\":\"Not\u00edcias em Destaque\"},\"image\":{\"@id\":\"https:\/\/noticiasemdestaque.com\/cd\/#\/schema\/logo\/image\/\"}},{\"@type\":\"Person\",\"@id\":\"https:\/\/noticiasemdestaque.com\/cd\/#\/schema\/person\/45ca272b3e1246ef14ebb78a48dbb218\",\"name\":\"Not\u00edcias em Destaque\",\"url\":\"https:\/\/noticiasemdestaque.com\/cd\/?author=2\"}]}<\/script>\n<!-- \/ Yoast SEO plugin. -->","yoast_head_json":{"title":"Homem \u00e9 assassinado a tiros em sua pr\u00f3pria resid\u00eancia na cidade de S\u00e3o Jo\u00e3o do Tigre - Not&iacute;cias em Destaque","robots":{"index":"index","follow":"follow","max-snippet":"max-snippet:-1","max-image-preview":"max-image-preview:large","max-video-preview":"max-video-preview:-1"},"canonical":"https:\/\/noticiasemdestaque.com\/cd\/?p=42392","og_locale":"pt_BR","og_type":"article","og_title":"Homem \u00e9 assassinado a tiros em sua pr\u00f3pria resid\u00eancia na cidade de S\u00e3o Jo\u00e3o do Tigre - Not&iacute;cias em Destaque","og_description":"Na noite desta \u00faltima sexta-feira(02), um homem foi assassinado a tiros em sua pr\u00f3pria resid\u00eancia na cidade de S\u00e3o Jo\u00e3o do Tigre, Cariri paraibano. De acordo com informa\u00e7\u00f5es iniciais chegadas ao portal De Olho no Cariri, um homem identificado por Mauro S\u00e9rgio Mergulh\u00e3o da Silva, de 40 anos de idade, foi encontrado se sem vidas por populares com marcas de tiro pelo corpo. As for\u00e7as policiais estiveram no local do crime e isolaram o local at\u00e9 a chegada do IML. Ainda n\u00e3o h\u00e1 informa\u00e7\u00f5es sobre a autoria e a motiva\u00e7\u00e3o do crime. A v\u00edtima trabalhava de marchante e era bastante conhecido em S\u00e3o Jo\u00e3o do Tigre. Noticias em Destaque Fonte: De Olho no Cariri","og_url":"https:\/\/noticiasemdestaque.com\/cd\/?p=42392","og_site_name":"Not&iacute;cias em Destaque","article_published_time":"2022-09-03T13:17:54+00:00","og_image":[{"width":786,"height":523,"url":"https:\/\/noticiasemdestaque.com\/cd\/wp-content\/uploads\/2022\/09\/sirene-policia-viatura-786x523-786x523-1.jpg","type":"image\/jpeg"}],"author":"Not\u00edcias em Destaque","twitter_card":"summary_large_image","twitter_misc":{"Escrito por":"Not\u00edcias em Destaque","Est. tempo de leitura":"1 minuto"},"schema":{"@context":"https:\/\/schema.org","@graph":[{"@type":"Article","@id":"https:\/\/noticiasemdestaque.com\/cd\/?p=42392#article","isPartOf":{"@id":"https:\/\/noticiasemdestaque.com\/cd\/?p=42392"},"author":{"name":"Not\u00edcias em Destaque","@id":"https:\/\/noticiasemdestaque.com\/cd\/#\/schema\/person\/45ca272b3e1246ef14ebb78a48dbb218"},"headline":"Homem \u00e9 assassinado a tiros em sua pr\u00f3pria resid\u00eancia na cidade de S\u00e3o Jo\u00e3o do Tigre","datePublished":"2022-09-03T13:17:54+00:00","mainEntityOfPage":{"@id":"https:\/\/noticiasemdestaque.com\/cd\/?p=42392"},"wordCount":146,"publisher":{"@id":"https:\/\/noticiasemdestaque.com\/cd\/#organization"},"image":{"@id":"https:\/\/noticiasemdestaque.com\/cd\/?p=42392#primaryimage"},"thumbnailUrl":"https:\/\/noticiasemdestaque.com\/cd\/wp-content\/uploads\/2022\/09\/sirene-policia-viatura-786x523-786x523-1.jpg","articleSection":["Pol\u00edcia"],"inLanguage":"pt-BR"},{"@type":"WebPage","@id":"https:\/\/noticiasemdestaque.com\/cd\/?p=42392","url":"https:\/\/noticiasemdestaque.com\/cd\/?p=42392","name":"Homem \u00e9 assassinado a tiros em sua pr\u00f3pria resid\u00eancia na cidade de S\u00e3o Jo\u00e3o do Tigre - Not&iacute;cias em Destaque","isPartOf":{"@id":"https:\/\/noticiasemdestaque.com\/cd\/#website"},"primaryImageOfPage":{"@id":"https:\/\/noticiasemdestaque.com\/cd\/?p=42392#primaryimage"},"image":{"@id":"https:\/\/noticiasemdestaque.com\/cd\/?p=42392#primaryimage"},"thumbnailUrl":"https:\/\/noticiasemdestaque.com\/cd\/wp-content\/uploads\/2022\/09\/sirene-policia-viatura-786x523-786x523-1.jpg","datePublished":"2022-09-03T13:17:54+00:00","breadcrumb":{"@id":"https:\/\/noticiasemdestaque.com\/cd\/?p=42392#breadcrumb"},"inLanguage":"pt-BR","potentialAction":[{"@type":"ReadAction","target":["https:\/\/noticiasemdestaque.com\/cd\/?p=42392"]}]},{"@type":"ImageObject","inLanguage":"pt-BR","@id":"https:\/\/noticiasemdestaque.com\/cd\/?p=42392#primaryimage","url":"https:\/\/noticiasemdestaque.com\/cd\/wp-content\/uploads\/2022\/09\/sirene-policia-viatura-786x523-786x523-1.jpg","contentUrl":"https:\/\/noticiasemdestaque.com\/cd\/wp-content\/uploads\/2022\/09\/sirene-policia-viatura-786x523-786x523-1.jpg","width":786,"height":523},{"@type":"BreadcrumbList","@id":"https:\/\/noticiasemdestaque.com\/cd\/?p=42392#breadcrumb","itemListElement":[{"@type":"ListItem","position":1,"name":"In\u00edcio","item":"https:\/\/noticiasemdestaque.com\/cd\/"},{"@type":"ListItem","position":2,"name":"Homem \u00e9 assassinado a tiros em sua pr\u00f3pria resid\u00eancia na cidade de S\u00e3o Jo\u00e3o do Tigre"}]},{"@type":"WebSite","@id":"https:\/\/noticiasemdestaque.com\/cd\/#website","url":"https:\/\/noticiasemdestaque.com\/cd\/","name":"Not&iacute;cias em Destaque","description":"","publisher":{"@id":"https:\/\/noticiasemdestaque.com\/cd\/#organization"},"potentialAction":[{"@type":"SearchAction","target":{"@type":"EntryPoint","urlTemplate":"https:\/\/noticiasemdestaque.com\/cd\/?s={search_term_string}"},"query-input":{"@type":"PropertyValueSpecification","valueRequired":true,"valueName":"search_term_string"}}],"inLanguage":"pt-BR"},{"@type":"Organization","@id":"https:\/\/noticiasemdestaque.com\/cd\/#organization","name":"Not\u00edcias em Destaque","url":"https:\/\/noticiasemdestaque.com\/cd\/","logo":{"@type":"ImageObject","inLanguage":"pt-BR","@id":"https:\/\/noticiasemdestaque.com\/cd\/#\/schema\/logo\/image\/","url":"https:\/\/noticiasemdestaque.com\/cd\/wp-content\/uploads\/2022\/05\/imagem-base-noticiasemdestaque.png","contentUrl":"https:\/\/noticiasemdestaque.com\/cd\/wp-content\/uploads\/2022\/05\/imagem-base-noticiasemdestaque.png","width":1200,"height":630,"caption":"Not\u00edcias em Destaque"},"image":{"@id":"https:\/\/noticiasemdestaque.com\/cd\/#\/schema\/logo\/image\/"}},{"@type":"Person","@id":"https:\/\/noticiasemdestaque.com\/cd\/#\/schema\/person\/45ca272b3e1246ef14ebb78a48dbb218","name":"Not\u00edcias em Destaque","url":"https:\/\/noticiasemdestaque.com\/cd\/?author=2"}]}},"jetpack_featured_media_url":"https:\/\/noticiasemdestaque.com\/cd\/wp-content\/uploads\/2022\/09\/sirene-policia-viatura-786x523-786x523-1.jpg","jetpack_sharing_enabled":true,"_links":{"self":[{"href":"https:\/\/noticiasemdestaque.com\/cd\/index.php?rest_route=\/wp\/v2\/posts\/42392","targetHints":{"allow":["GET"]}}],"collection":[{"href":"https:\/\/noticiasemdestaque.com\/cd\/index.php?rest_route=\/wp\/v2\/posts"}],"about":[{"href":"https:\/\/noticiasemdestaque.com\/cd\/index.php?rest_route=\/wp\/v2\/types\/post"}],"author":[{"embeddable":true,"href":"https:\/\/noticiasemdestaque.com\/cd\/index.php?rest_route=\/wp\/v2\/users\/2"}],"replies":[{"embeddable":true,"href":"https:\/\/noticiasemdestaque.com\/cd\/index.php?rest_route=%2Fwp%2Fv2%2Fcomments&post=42392"}],"version-history":[{"count":1,"href":"https:\/\/noticiasemdestaque.com\/cd\/index.php?rest_route=\/wp\/v2\/posts\/42392\/revisions"}],"predecessor-version":[{"id":42394,"href":"https:\/\/noticiasemdestaque.com\/cd\/index.php?rest_route=\/wp\/v2\/posts\/42392\/revisions\/42394"}],"wp:featuredmedia":[{"embeddable":true,"href":"https:\/\/noticiasemdestaque.com\/cd\/index.php?rest_route=\/wp\/v2\/media\/42393"}],"wp:attachment":[{"href":"https:\/\/noticiasemdestaque.com\/cd\/index.php?rest_route=%2Fwp%2Fv2%2Fmedia&parent=42392"}],"wp:term":[{"taxonomy":"category","embeddable":true,"href":"https:\/\/noticiasemdestaque.com\/cd\/index.php?rest_route=%2Fwp%2Fv2%2Fcategories&post=42392"},{"taxonomy":"post_tag","embeddable":true,"href":"https:\/\/noticiasemdestaque.com\/cd\/index.php?rest_route=%2Fwp%2Fv2%2Ftags&post=42392"}],"curies":[{"name":"wp","href":"https:\/\/api.w.org\/{rel}","templated":true}]}}