{"id":42389,"date":"2022-09-03T10:02:28","date_gmt":"2022-09-03T13:02:28","guid":{"rendered":"https:\/\/noticiasemdestaque.com\/cd\/?p=42389"},"modified":"2022-09-03T10:02:28","modified_gmt":"2022-09-03T13:02:28","slug":"confira-a-agenda-dos-candidatos-ao-governo-da-paraiba-neste-sabado","status":"publish","type":"post","link":"https:\/\/noticiasemdestaque.com\/cd\/?p=42389","title":{"rendered":"Confira a agenda dos candidatos ao Governo da Para\u00edba neste s\u00e1bado"},"content":{"rendered":"<p><a href=\"https:\/\/noticiasemdestaque.com\/cd\/wp-content\/uploads\/2022\/09\/001-candidatos_governadores_logo.jpg\"><img fetchpriority=\"high\" decoding=\"async\" class=\"alignnone  wp-image-42390\" src=\"https:\/\/noticiasemdestaque.com\/cd\/wp-content\/uploads\/2022\/09\/001-candidatos_governadores_logo-300x200.jpg\" alt=\"\" width=\"845\" height=\"563\" srcset=\"https:\/\/noticiasemdestaque.com\/cd\/wp-content\/uploads\/2022\/09\/001-candidatos_governadores_logo-300x200.jpg 300w, https:\/\/noticiasemdestaque.com\/cd\/wp-content\/uploads\/2022\/09\/001-candidatos_governadores_logo-768x513.jpg 768w, https:\/\/noticiasemdestaque.com\/cd\/wp-content\/uploads\/2022\/09\/001-candidatos_governadores_logo-18x12.jpg 18w, https:\/\/noticiasemdestaque.com\/cd\/wp-content\/uploads\/2022\/09\/001-candidatos_governadores_logo.jpg 876w\" sizes=\"(max-width: 845px) 100vw, 845px\" \/><\/a><\/p>\n<p>Os candidatos ao Governo do Estado participam nesta s\u00e1bado (3) de reuni\u00f5es, caravanas e com\u00edcios entre outras atividades. O ClickPB diariamente publica a agenda dos candidatos que disputam a vaga de chefe do Executivo do Estado da Para\u00edba.<\/p>\n<p>O ClickPB disponibiliza o endere\u00e7o de e-mail redacao@clickpb.com.br para receber a agenda di\u00e1ria dos candidatos a governador da Para\u00edba.<\/p>\n<p><strong>Adjany Simpl\u00edcio (PSOL)<\/strong><\/p>\n<p>8h &#8211; Caminhada e panfleta\u00e7o na Feira do Grot\u00e3o<\/p>\n<p>15h \u2013 Bicicleta\u00e7o saindo do Comit\u00ea Direito ao Futuro<\/p>\n<p>18h &#8211; Panfleta\u00e7o em Tamba\u00fa<\/p>\n<p><strong>Adriano Trajano (PCO)<br \/>\n<\/strong><\/p>\n<p>A equipe do candidato ainda n\u00e3o enviou a agenda oficial ao ClickPB.<\/p>\n<p><strong>Jo\u00e3o Azev\u00eado (PSB)\u00a0<\/strong><\/p>\n<p>9h &#8211; Caravana 40 no Vale do Pianc\u00f3<\/p>\n<ul>\n<li>Pedra Branca<\/li>\n<li>Nova Olinda<\/li>\n<li>Santana dos Garrotes<\/li>\n<li>Pianc\u00f3<\/li>\n<li>Olho D\u2019\u00c1gua<\/li>\n<li>Emas<\/li>\n<li>Catingueira<\/li>\n<li>Santa Teresinha<\/li>\n<\/ul>\n<p>Noite &#8211; Com\u00edcio em Patos<\/p>\n<p><strong>Major Fabio (PRTB)<\/strong><\/p>\n<p>A equipe do candidato ainda n\u00e3o enviou a agenda oficial ao ClickPB.<\/p>\n<p><strong>Nascimento (PSTU)\u00a0<\/strong><\/p>\n<p>A equipe do candidato ainda n\u00e3o enviou a agenda oficial ao ClickPB.<\/p>\n<p><strong>Nilvan Ferreira (PL)<\/strong><\/p>\n<p>05h &#8211; Visita a feira das Malvinas (Campina Grande)<br \/>\n06h30 &#8211; Visita a feira da Liberdade\u00a0\u00a0(Campina Grande)<br \/>\n07h30 Visita a feira Central\u00a0(Campina Grande)<br \/>\n12h &#8211; Agenda privada<br \/>\n16h30 &#8211;\u00a0 Caminhada no bairro Centen\u00e1rio\u00a0\u00a0(Campina Grande)<br \/>\nConcentra\u00e7\u00e3o: Cruzamento da Rua S\u00e3o Braz com a Rua Vicente Corr\u00eaa<\/p>\n<p><strong>Pedro Cunha Lima (PSDB)<\/strong><\/p>\n<p>Manh\u00e3- Carreata do Brejo: Alagoinha, Cuitegi, Guarabira, Pirpirituba, Distrito de Rua Nova, Bel\u00e9m, Cai\u00e7ara e Logradouro<\/p>\n<p>Noite &#8211; Encontra popula\u00e7\u00e3o de Ara\u00e7agi<\/p>\n<p><strong>Veneziano (MDB)<\/strong><\/p>\n<p>Manh\u00e3- Durante todo o dia, participa da Caravana \u201cA Paraiba tem pressa de ser feliz\u201d, visitando as seguintes cidades do Cariri paraibano:<\/p>\n<ul>\n<li>Boa Vista<\/li>\n<li>S\u00e3o Jo\u00e3o do Cariri<\/li>\n<li>Serra Branca<\/li>\n<li>Sum\u00e9<\/li>\n<li>Monteiro<\/li>\n<li>Congo (onde acontece o encerramento da Caravana, com um Ato P\u00fablico)<\/li>\n<\/ul>\n<p><strong>Noticias em Destaque<\/strong><\/p>\n<p style=\"text-align: right;\">Fonte: Click PB<\/p>\n","protected":false},"excerpt":{"rendered":"<p>Os candidatos ao Governo do Estado participam nesta s\u00e1bado (3) de reuni\u00f5es, caravanas e com\u00edcios entre outras atividades. O ClickPB diariamente publica a agenda dos candidatos que disputam a vaga de chefe do Executivo do Estado da Para\u00edba. O ClickPB disponibiliza o endere\u00e7o de e-mail redacao@clickpb.com.br para receber a agenda di\u00e1ria dos candidatos a governador da Para\u00edba. Adjany Simpl\u00edcio (PSOL) 8h &#8211; Caminhada e panfleta\u00e7o na Feira do Grot\u00e3o 15h \u2013 Bicicleta\u00e7o saindo do Comit\u00ea Direito ao Futuro 18h &#8211; Panfleta\u00e7o em Tamba\u00fa Adriano Trajano (PCO) A equipe do candidato ainda n\u00e3o enviou a agenda oficial ao ClickPB. Jo\u00e3o Azev\u00eado (PSB)\u00a0 9h &#8211; Caravana 40 no Vale do Pianc\u00f3 Pedra Branca Nova Olinda Santana dos Garrotes Pianc\u00f3 Olho D\u2019\u00c1gua Emas Catingueira Santa Teresinha Noite &#8211; Com\u00edcio em Patos Major Fabio (PRTB) A equipe do candidato ainda n\u00e3o enviou a agenda oficial ao ClickPB. Nascimento (PSTU)\u00a0 A equipe do candidato ainda n\u00e3o enviou a agenda oficial ao ClickPB. Nilvan Ferreira (PL) 05h &#8211; Visita a feira das Malvinas (Campina Grande) 06h30 &#8211; Visita a feira da Liberdade\u00a0\u00a0(Campina Grande) 07h30 Visita a feira Central\u00a0(Campina Grande) 12h &#8211; Agenda privada 16h30 &#8211;\u00a0 Caminhada no bairro Centen\u00e1rio\u00a0\u00a0(Campina Grande) Concentra\u00e7\u00e3o: Cruzamento da Rua S\u00e3o Braz com a Rua Vicente Corr\u00eaa Pedro Cunha Lima (PSDB) Manh\u00e3- Carreata do Brejo: Alagoinha, Cuitegi, Guarabira, Pirpirituba, Distrito de Rua Nova, Bel\u00e9m, Cai\u00e7ara e Logradouro Noite &#8211; Encontra popula\u00e7\u00e3o de Ara\u00e7agi Veneziano (MDB) Manh\u00e3- Durante todo o dia, participa da Caravana \u201cA Paraiba tem pressa de ser feliz\u201d, visitando as seguintes cidades do Cariri paraibano: Boa Vista S\u00e3o Jo\u00e3o do Cariri Serra Branca Sum\u00e9 Monteiro Congo (onde acontece o encerramento da Caravana, com um Ato P\u00fablico) Noticias em Destaque Fonte: Click PB<\/p>\n","protected":false},"author":2,"featured_media":42390,"comment_status":"closed","ping_status":"open","sticky":false,"template":"","format":"standard","meta":{"_eb_attr":"","_jetpack_memberships_contains_paid_content":false,"footnotes":""},"categories":[4],"tags":[],"class_list":["post-42389","post","type-post","status-publish","format-standard","has-post-thumbnail","hentry","category-politica"],"yoast_head":"<!-- This site is optimized with the Yoast SEO plugin v26.5 - https:\/\/yoast.com\/wordpress\/plugins\/seo\/ -->\n<title>Confira a agenda dos candidatos ao Governo da Para\u00edba neste s\u00e1bado - Not&iacute;cias em Destaque<\/title>\n<meta name=\"robots\" content=\"index, follow, max-snippet:-1, max-image-preview:large, max-video-preview:-1\" \/>\n<link rel=\"canonical\" href=\"https:\/\/noticiasemdestaque.com\/cd\/?p=42389\" \/>\n<meta property=\"og:locale\" content=\"pt_BR\" \/>\n<meta property=\"og:type\" content=\"article\" \/>\n<meta property=\"og:title\" content=\"Confira a agenda dos candidatos ao Governo da Para\u00edba neste s\u00e1bado - Not&iacute;cias em Destaque\" \/>\n<meta property=\"og:description\" content=\"Os candidatos ao Governo do Estado participam nesta s\u00e1bado (3) de reuni\u00f5es, caravanas e com\u00edcios entre outras atividades. O ClickPB diariamente publica a agenda dos candidatos que disputam a vaga de chefe do Executivo do Estado da Para\u00edba. O ClickPB disponibiliza o endere\u00e7o de e-mail redacao@clickpb.com.br para receber a agenda di\u00e1ria dos candidatos a governador da Para\u00edba. Adjany Simpl\u00edcio (PSOL) 8h &#8211; Caminhada e panfleta\u00e7o na Feira do Grot\u00e3o 15h \u2013 Bicicleta\u00e7o saindo do Comit\u00ea Direito ao Futuro 18h &#8211; Panfleta\u00e7o em Tamba\u00fa Adriano Trajano (PCO) A equipe do candidato ainda n\u00e3o enviou a agenda oficial ao ClickPB. Jo\u00e3o Azev\u00eado (PSB)\u00a0 9h &#8211; Caravana 40 no Vale do Pianc\u00f3 Pedra Branca Nova Olinda Santana dos Garrotes Pianc\u00f3 Olho D\u2019\u00c1gua Emas Catingueira Santa Teresinha Noite &#8211; Com\u00edcio em Patos Major Fabio (PRTB) A equipe do candidato ainda n\u00e3o enviou a agenda oficial ao ClickPB. Nascimento (PSTU)\u00a0 A equipe do candidato ainda n\u00e3o enviou a agenda oficial ao ClickPB. Nilvan Ferreira (PL) 05h &#8211; Visita a feira das Malvinas (Campina Grande) 06h30 &#8211; Visita a feira da Liberdade\u00a0\u00a0(Campina Grande) 07h30 Visita a feira Central\u00a0(Campina Grande) 12h &#8211; Agenda privada 16h30 &#8211;\u00a0 Caminhada no bairro Centen\u00e1rio\u00a0\u00a0(Campina Grande) Concentra\u00e7\u00e3o: Cruzamento da Rua S\u00e3o Braz com a Rua Vicente Corr\u00eaa Pedro Cunha Lima (PSDB) Manh\u00e3- Carreata do Brejo: Alagoinha, Cuitegi, Guarabira, Pirpirituba, Distrito de Rua Nova, Bel\u00e9m, Cai\u00e7ara e Logradouro Noite &#8211; Encontra popula\u00e7\u00e3o de Ara\u00e7agi Veneziano (MDB) Manh\u00e3- Durante todo o dia, participa da Caravana \u201cA Paraiba tem pressa de ser feliz\u201d, visitando as seguintes cidades do Cariri paraibano: Boa Vista S\u00e3o Jo\u00e3o do Cariri Serra Branca Sum\u00e9 Monteiro Congo (onde acontece o encerramento da Caravana, com um Ato P\u00fablico) Noticias em Destaque Fonte: Click PB\" \/>\n<meta property=\"og:url\" content=\"https:\/\/noticiasemdestaque.com\/cd\/?p=42389\" \/>\n<meta property=\"og:site_name\" content=\"Not&iacute;cias em Destaque\" \/>\n<meta property=\"article:published_time\" content=\"2022-09-03T13:02:28+00:00\" \/>\n<meta property=\"og:image\" content=\"https:\/\/noticiasemdestaque.com\/cd\/wp-content\/uploads\/2022\/09\/001-candidatos_governadores_logo.jpg\" \/>\n\t<meta property=\"og:image:width\" content=\"876\" \/>\n\t<meta property=\"og:image:height\" content=\"585\" \/>\n\t<meta property=\"og:image:type\" content=\"image\/jpeg\" \/>\n<meta name=\"author\" content=\"Not\u00edcias em Destaque\" \/>\n<meta name=\"twitter:card\" content=\"summary_large_image\" \/>\n<meta name=\"twitter:label1\" content=\"Escrito por\" \/>\n\t<meta name=\"twitter:data1\" content=\"Not\u00edcias em Destaque\" \/>\n\t<meta name=\"twitter:label2\" content=\"Est. tempo de leitura\" \/>\n\t<meta name=\"twitter:data2\" content=\"2 minutos\" \/>\n<script type=\"application\/ld+json\" class=\"yoast-schema-graph\">{\"@context\":\"https:\/\/schema.org\",\"@graph\":[{\"@type\":\"Article\",\"@id\":\"https:\/\/noticiasemdestaque.com\/cd\/?p=42389#article\",\"isPartOf\":{\"@id\":\"https:\/\/noticiasemdestaque.com\/cd\/?p=42389\"},\"author\":{\"name\":\"Not\u00edcias em Destaque\",\"@id\":\"https:\/\/noticiasemdestaque.com\/cd\/#\/schema\/person\/45ca272b3e1246ef14ebb78a48dbb218\"},\"headline\":\"Confira a agenda dos candidatos ao Governo da Para\u00edba neste s\u00e1bado\",\"datePublished\":\"2022-09-03T13:02:28+00:00\",\"mainEntityOfPage\":{\"@id\":\"https:\/\/noticiasemdestaque.com\/cd\/?p=42389\"},\"wordCount\":330,\"publisher\":{\"@id\":\"https:\/\/noticiasemdestaque.com\/cd\/#organization\"},\"image\":{\"@id\":\"https:\/\/noticiasemdestaque.com\/cd\/?p=42389#primaryimage\"},\"thumbnailUrl\":\"https:\/\/noticiasemdestaque.com\/cd\/wp-content\/uploads\/2022\/09\/001-candidatos_governadores_logo.jpg\",\"articleSection\":[\"Pol\u00edtica\"],\"inLanguage\":\"pt-BR\"},{\"@type\":\"WebPage\",\"@id\":\"https:\/\/noticiasemdestaque.com\/cd\/?p=42389\",\"url\":\"https:\/\/noticiasemdestaque.com\/cd\/?p=42389\",\"name\":\"Confira a agenda dos candidatos ao Governo da Para\u00edba neste s\u00e1bado - Not&iacute;cias em Destaque\",\"isPartOf\":{\"@id\":\"https:\/\/noticiasemdestaque.com\/cd\/#website\"},\"primaryImageOfPage\":{\"@id\":\"https:\/\/noticiasemdestaque.com\/cd\/?p=42389#primaryimage\"},\"image\":{\"@id\":\"https:\/\/noticiasemdestaque.com\/cd\/?p=42389#primaryimage\"},\"thumbnailUrl\":\"https:\/\/noticiasemdestaque.com\/cd\/wp-content\/uploads\/2022\/09\/001-candidatos_governadores_logo.jpg\",\"datePublished\":\"2022-09-03T13:02:28+00:00\",\"breadcrumb\":{\"@id\":\"https:\/\/noticiasemdestaque.com\/cd\/?p=42389#breadcrumb\"},\"inLanguage\":\"pt-BR\",\"potentialAction\":[{\"@type\":\"ReadAction\",\"target\":[\"https:\/\/noticiasemdestaque.com\/cd\/?p=42389\"]}]},{\"@type\":\"ImageObject\",\"inLanguage\":\"pt-BR\",\"@id\":\"https:\/\/noticiasemdestaque.com\/cd\/?p=42389#primaryimage\",\"url\":\"https:\/\/noticiasemdestaque.com\/cd\/wp-content\/uploads\/2022\/09\/001-candidatos_governadores_logo.jpg\",\"contentUrl\":\"https:\/\/noticiasemdestaque.com\/cd\/wp-content\/uploads\/2022\/09\/001-candidatos_governadores_logo.jpg\",\"width\":876,\"height\":585},{\"@type\":\"BreadcrumbList\",\"@id\":\"https:\/\/noticiasemdestaque.com\/cd\/?p=42389#breadcrumb\",\"itemListElement\":[{\"@type\":\"ListItem\",\"position\":1,\"name\":\"In\u00edcio\",\"item\":\"https:\/\/noticiasemdestaque.com\/cd\/\"},{\"@type\":\"ListItem\",\"position\":2,\"name\":\"Confira a agenda dos candidatos ao Governo da Para\u00edba neste s\u00e1bado\"}]},{\"@type\":\"WebSite\",\"@id\":\"https:\/\/noticiasemdestaque.com\/cd\/#website\",\"url\":\"https:\/\/noticiasemdestaque.com\/cd\/\",\"name\":\"Not&iacute;cias em Destaque\",\"description\":\"\",\"publisher\":{\"@id\":\"https:\/\/noticiasemdestaque.com\/cd\/#organization\"},\"potentialAction\":[{\"@type\":\"SearchAction\",\"target\":{\"@type\":\"EntryPoint\",\"urlTemplate\":\"https:\/\/noticiasemdestaque.com\/cd\/?s={search_term_string}\"},\"query-input\":{\"@type\":\"PropertyValueSpecification\",\"valueRequired\":true,\"valueName\":\"search_term_string\"}}],\"inLanguage\":\"pt-BR\"},{\"@type\":\"Organization\",\"@id\":\"https:\/\/noticiasemdestaque.com\/cd\/#organization\",\"name\":\"Not\u00edcias em Destaque\",\"url\":\"https:\/\/noticiasemdestaque.com\/cd\/\",\"logo\":{\"@type\":\"ImageObject\",\"inLanguage\":\"pt-BR\",\"@id\":\"https:\/\/noticiasemdestaque.com\/cd\/#\/schema\/logo\/image\/\",\"url\":\"https:\/\/noticiasemdestaque.com\/cd\/wp-content\/uploads\/2022\/05\/imagem-base-noticiasemdestaque.png\",\"contentUrl\":\"https:\/\/noticiasemdestaque.com\/cd\/wp-content\/uploads\/2022\/05\/imagem-base-noticiasemdestaque.png\",\"width\":1200,\"height\":630,\"caption\":\"Not\u00edcias em Destaque\"},\"image\":{\"@id\":\"https:\/\/noticiasemdestaque.com\/cd\/#\/schema\/logo\/image\/\"}},{\"@type\":\"Person\",\"@id\":\"https:\/\/noticiasemdestaque.com\/cd\/#\/schema\/person\/45ca272b3e1246ef14ebb78a48dbb218\",\"name\":\"Not\u00edcias em Destaque\",\"url\":\"https:\/\/noticiasemdestaque.com\/cd\/?author=2\"}]}<\/script>\n<!-- \/ Yoast SEO plugin. -->","yoast_head_json":{"title":"Confira a agenda dos candidatos ao Governo da Para\u00edba neste s\u00e1bado - Not&iacute;cias em Destaque","robots":{"index":"index","follow":"follow","max-snippet":"max-snippet:-1","max-image-preview":"max-image-preview:large","max-video-preview":"max-video-preview:-1"},"canonical":"https:\/\/noticiasemdestaque.com\/cd\/?p=42389","og_locale":"pt_BR","og_type":"article","og_title":"Confira a agenda dos candidatos ao Governo da Para\u00edba neste s\u00e1bado - Not&iacute;cias em Destaque","og_description":"Os candidatos ao Governo do Estado participam nesta s\u00e1bado (3) de reuni\u00f5es, caravanas e com\u00edcios entre outras atividades. O ClickPB diariamente publica a agenda dos candidatos que disputam a vaga de chefe do Executivo do Estado da Para\u00edba. O ClickPB disponibiliza o endere\u00e7o de e-mail redacao@clickpb.com.br para receber a agenda di\u00e1ria dos candidatos a governador da Para\u00edba. Adjany Simpl\u00edcio (PSOL) 8h &#8211; Caminhada e panfleta\u00e7o na Feira do Grot\u00e3o 15h \u2013 Bicicleta\u00e7o saindo do Comit\u00ea Direito ao Futuro 18h &#8211; Panfleta\u00e7o em Tamba\u00fa Adriano Trajano (PCO) A equipe do candidato ainda n\u00e3o enviou a agenda oficial ao ClickPB. Jo\u00e3o Azev\u00eado (PSB)\u00a0 9h &#8211; Caravana 40 no Vale do Pianc\u00f3 Pedra Branca Nova Olinda Santana dos Garrotes Pianc\u00f3 Olho D\u2019\u00c1gua Emas Catingueira Santa Teresinha Noite &#8211; Com\u00edcio em Patos Major Fabio (PRTB) A equipe do candidato ainda n\u00e3o enviou a agenda oficial ao ClickPB. Nascimento (PSTU)\u00a0 A equipe do candidato ainda n\u00e3o enviou a agenda oficial ao ClickPB. Nilvan Ferreira (PL) 05h &#8211; Visita a feira das Malvinas (Campina Grande) 06h30 &#8211; Visita a feira da Liberdade\u00a0\u00a0(Campina Grande) 07h30 Visita a feira Central\u00a0(Campina Grande) 12h &#8211; Agenda privada 16h30 &#8211;\u00a0 Caminhada no bairro Centen\u00e1rio\u00a0\u00a0(Campina Grande) Concentra\u00e7\u00e3o: Cruzamento da Rua S\u00e3o Braz com a Rua Vicente Corr\u00eaa Pedro Cunha Lima (PSDB) Manh\u00e3- Carreata do Brejo: Alagoinha, Cuitegi, Guarabira, Pirpirituba, Distrito de Rua Nova, Bel\u00e9m, Cai\u00e7ara e Logradouro Noite &#8211; Encontra popula\u00e7\u00e3o de Ara\u00e7agi Veneziano (MDB) Manh\u00e3- Durante todo o dia, participa da Caravana \u201cA Paraiba tem pressa de ser feliz\u201d, visitando as seguintes cidades do Cariri paraibano: Boa Vista S\u00e3o Jo\u00e3o do Cariri Serra Branca Sum\u00e9 Monteiro Congo (onde acontece o encerramento da Caravana, com um Ato P\u00fablico) Noticias em Destaque Fonte: Click PB","og_url":"https:\/\/noticiasemdestaque.com\/cd\/?p=42389","og_site_name":"Not&iacute;cias em Destaque","article_published_time":"2022-09-03T13:02:28+00:00","og_image":[{"width":876,"height":585,"url":"https:\/\/noticiasemdestaque.com\/cd\/wp-content\/uploads\/2022\/09\/001-candidatos_governadores_logo.jpg","type":"image\/jpeg"}],"author":"Not\u00edcias em Destaque","twitter_card":"summary_large_image","twitter_misc":{"Escrito por":"Not\u00edcias em Destaque","Est. tempo de leitura":"2 minutos"},"schema":{"@context":"https:\/\/schema.org","@graph":[{"@type":"Article","@id":"https:\/\/noticiasemdestaque.com\/cd\/?p=42389#article","isPartOf":{"@id":"https:\/\/noticiasemdestaque.com\/cd\/?p=42389"},"author":{"name":"Not\u00edcias em Destaque","@id":"https:\/\/noticiasemdestaque.com\/cd\/#\/schema\/person\/45ca272b3e1246ef14ebb78a48dbb218"},"headline":"Confira a agenda dos candidatos ao Governo da Para\u00edba neste s\u00e1bado","datePublished":"2022-09-03T13:02:28+00:00","mainEntityOfPage":{"@id":"https:\/\/noticiasemdestaque.com\/cd\/?p=42389"},"wordCount":330,"publisher":{"@id":"https:\/\/noticiasemdestaque.com\/cd\/#organization"},"image":{"@id":"https:\/\/noticiasemdestaque.com\/cd\/?p=42389#primaryimage"},"thumbnailUrl":"https:\/\/noticiasemdestaque.com\/cd\/wp-content\/uploads\/2022\/09\/001-candidatos_governadores_logo.jpg","articleSection":["Pol\u00edtica"],"inLanguage":"pt-BR"},{"@type":"WebPage","@id":"https:\/\/noticiasemdestaque.com\/cd\/?p=42389","url":"https:\/\/noticiasemdestaque.com\/cd\/?p=42389","name":"Confira a agenda dos candidatos ao Governo da Para\u00edba neste s\u00e1bado - Not&iacute;cias em Destaque","isPartOf":{"@id":"https:\/\/noticiasemdestaque.com\/cd\/#website"},"primaryImageOfPage":{"@id":"https:\/\/noticiasemdestaque.com\/cd\/?p=42389#primaryimage"},"image":{"@id":"https:\/\/noticiasemdestaque.com\/cd\/?p=42389#primaryimage"},"thumbnailUrl":"https:\/\/noticiasemdestaque.com\/cd\/wp-content\/uploads\/2022\/09\/001-candidatos_governadores_logo.jpg","datePublished":"2022-09-03T13:02:28+00:00","breadcrumb":{"@id":"https:\/\/noticiasemdestaque.com\/cd\/?p=42389#breadcrumb"},"inLanguage":"pt-BR","potentialAction":[{"@type":"ReadAction","target":["https:\/\/noticiasemdestaque.com\/cd\/?p=42389"]}]},{"@type":"ImageObject","inLanguage":"pt-BR","@id":"https:\/\/noticiasemdestaque.com\/cd\/?p=42389#primaryimage","url":"https:\/\/noticiasemdestaque.com\/cd\/wp-content\/uploads\/2022\/09\/001-candidatos_governadores_logo.jpg","contentUrl":"https:\/\/noticiasemdestaque.com\/cd\/wp-content\/uploads\/2022\/09\/001-candidatos_governadores_logo.jpg","width":876,"height":585},{"@type":"BreadcrumbList","@id":"https:\/\/noticiasemdestaque.com\/cd\/?p=42389#breadcrumb","itemListElement":[{"@type":"ListItem","position":1,"name":"In\u00edcio","item":"https:\/\/noticiasemdestaque.com\/cd\/"},{"@type":"ListItem","position":2,"name":"Confira a agenda dos candidatos ao Governo da Para\u00edba neste s\u00e1bado"}]},{"@type":"WebSite","@id":"https:\/\/noticiasemdestaque.com\/cd\/#website","url":"https:\/\/noticiasemdestaque.com\/cd\/","name":"Not&iacute;cias em Destaque","description":"","publisher":{"@id":"https:\/\/noticiasemdestaque.com\/cd\/#organization"},"potentialAction":[{"@type":"SearchAction","target":{"@type":"EntryPoint","urlTemplate":"https:\/\/noticiasemdestaque.com\/cd\/?s={search_term_string}"},"query-input":{"@type":"PropertyValueSpecification","valueRequired":true,"valueName":"search_term_string"}}],"inLanguage":"pt-BR"},{"@type":"Organization","@id":"https:\/\/noticiasemdestaque.com\/cd\/#organization","name":"Not\u00edcias em Destaque","url":"https:\/\/noticiasemdestaque.com\/cd\/","logo":{"@type":"ImageObject","inLanguage":"pt-BR","@id":"https:\/\/noticiasemdestaque.com\/cd\/#\/schema\/logo\/image\/","url":"https:\/\/noticiasemdestaque.com\/cd\/wp-content\/uploads\/2022\/05\/imagem-base-noticiasemdestaque.png","contentUrl":"https:\/\/noticiasemdestaque.com\/cd\/wp-content\/uploads\/2022\/05\/imagem-base-noticiasemdestaque.png","width":1200,"height":630,"caption":"Not\u00edcias em Destaque"},"image":{"@id":"https:\/\/noticiasemdestaque.com\/cd\/#\/schema\/logo\/image\/"}},{"@type":"Person","@id":"https:\/\/noticiasemdestaque.com\/cd\/#\/schema\/person\/45ca272b3e1246ef14ebb78a48dbb218","name":"Not\u00edcias em Destaque","url":"https:\/\/noticiasemdestaque.com\/cd\/?author=2"}]}},"jetpack_featured_media_url":"https:\/\/noticiasemdestaque.com\/cd\/wp-content\/uploads\/2022\/09\/001-candidatos_governadores_logo.jpg","jetpack_sharing_enabled":true,"_links":{"self":[{"href":"https:\/\/noticiasemdestaque.com\/cd\/index.php?rest_route=\/wp\/v2\/posts\/42389","targetHints":{"allow":["GET"]}}],"collection":[{"href":"https:\/\/noticiasemdestaque.com\/cd\/index.php?rest_route=\/wp\/v2\/posts"}],"about":[{"href":"https:\/\/noticiasemdestaque.com\/cd\/index.php?rest_route=\/wp\/v2\/types\/post"}],"author":[{"embeddable":true,"href":"https:\/\/noticiasemdestaque.com\/cd\/index.php?rest_route=\/wp\/v2\/users\/2"}],"replies":[{"embeddable":true,"href":"https:\/\/noticiasemdestaque.com\/cd\/index.php?rest_route=%2Fwp%2Fv2%2Fcomments&post=42389"}],"version-history":[{"count":1,"href":"https:\/\/noticiasemdestaque.com\/cd\/index.php?rest_route=\/wp\/v2\/posts\/42389\/revisions"}],"predecessor-version":[{"id":42391,"href":"https:\/\/noticiasemdestaque.com\/cd\/index.php?rest_route=\/wp\/v2\/posts\/42389\/revisions\/42391"}],"wp:featuredmedia":[{"embeddable":true,"href":"https:\/\/noticiasemdestaque.com\/cd\/index.php?rest_route=\/wp\/v2\/media\/42390"}],"wp:attachment":[{"href":"https:\/\/noticiasemdestaque.com\/cd\/index.php?rest_route=%2Fwp%2Fv2%2Fmedia&parent=42389"}],"wp:term":[{"taxonomy":"category","embeddable":true,"href":"https:\/\/noticiasemdestaque.com\/cd\/index.php?rest_route=%2Fwp%2Fv2%2Fcategories&post=42389"},{"taxonomy":"post_tag","embeddable":true,"href":"https:\/\/noticiasemdestaque.com\/cd\/index.php?rest_route=%2Fwp%2Fv2%2Ftags&post=42389"}],"curies":[{"name":"wp","href":"https:\/\/api.w.org\/{rel}","templated":true}]}}