{"id":42089,"date":"2022-08-23T18:46:30","date_gmt":"2022-08-23T21:46:30","guid":{"rendered":"https:\/\/noticiasemdestaque.com\/cd\/?p=42089"},"modified":"2022-08-23T18:46:30","modified_gmt":"2022-08-23T21:46:30","slug":"perigo-com-previsao-continua-de-chuvas-joao-pessoa-e-outras-cidades-paraibanas-estao-sob-alerta-de-alagamento","status":"publish","type":"post","link":"https:\/\/noticiasemdestaque.com\/cd\/?p=42089","title":{"rendered":"Perigo: com previs\u00e3o cont\u00ednua de chuvas, Jo\u00e3o Pessoa e outras cidades paraibanas est\u00e3o sob alerta de alagamento"},"content":{"rendered":"<p><a href=\"https:\/\/noticiasemdestaque.com\/cd\/wp-content\/uploads\/2022\/08\/aesa-preve-chuva-fraca-em-areas-isoladas-da-faixa-litoranea-neste-fim-de-semana.jpg\"><img fetchpriority=\"high\" decoding=\"async\" class=\"alignnone  wp-image-42090\" src=\"https:\/\/noticiasemdestaque.com\/cd\/wp-content\/uploads\/2022\/08\/aesa-preve-chuva-fraca-em-areas-isoladas-da-faixa-litoranea-neste-fim-de-semana-300x200.jpg\" alt=\"\" width=\"836\" height=\"557\" srcset=\"https:\/\/noticiasemdestaque.com\/cd\/wp-content\/uploads\/2022\/08\/aesa-preve-chuva-fraca-em-areas-isoladas-da-faixa-litoranea-neste-fim-de-semana-300x200.jpg 300w, https:\/\/noticiasemdestaque.com\/cd\/wp-content\/uploads\/2022\/08\/aesa-preve-chuva-fraca-em-areas-isoladas-da-faixa-litoranea-neste-fim-de-semana-768x513.jpg 768w, https:\/\/noticiasemdestaque.com\/cd\/wp-content\/uploads\/2022\/08\/aesa-preve-chuva-fraca-em-areas-isoladas-da-faixa-litoranea-neste-fim-de-semana-18x12.jpg 18w, https:\/\/noticiasemdestaque.com\/cd\/wp-content\/uploads\/2022\/08\/aesa-preve-chuva-fraca-em-areas-isoladas-da-faixa-litoranea-neste-fim-de-semana.jpg 876w\" sizes=\"(max-width: 836px) 100vw, 836px\" \/><\/a><\/p>\n<p>Por conta das constantes chuvas que caem na grande Jo\u00e3o Pessoa, a Capital paraibana e outras 9 cidades correm risco de alagamentos e desabamentos at\u00e9 esta quarta-feira (24). Geralmente outros transtornos s\u00e3o registrados ap\u00f3s as fortes chuvas como queda de muros, deslizamentos de barreiras, sem\u00e1foros apagados ou com defeitos, al\u00e9m de moradores ilhados e casas invadidas pelas \u00e1guas.<\/p>\n<p>Devido \u00e0 mudan\u00e7a no clima, neste come\u00e7o de semana, o Instituto Nacional de Meteorologia divulgou um alerta amarelo que aponta a previs\u00e3o de &#8221;perigo potencial&#8221; de chuvas. Segundo o Inmet h\u00e1 riscos de corte de energia el\u00e9trica, queda de galhos de \u00e1rvores, e de descargas el\u00e9tricas.<br \/>\nPara se ter uma ideia, pode chover entre 20 a 30 mm\/h ou at\u00e9 50 mm\/dia, em parte do litoral paraibano, mas tamb\u00e9m em outros munic\u00edpios do Estado vizinho do rio Grande do Norte.<\/p>\n<figure><img decoding=\"async\" src=\"https:\/\/www.clickpb.com.br\/media\/filer_public\/07\/d5\/07d580ca-c4df-43f7-bd0d-9284dadb7fab\/inmet_alerta.jpg\" data-image=\"196563\" \/><\/figure>\n<p>Enquanto ocorre esse per\u00edodo de ac\u00famulo \u00e1gua, as recomenda\u00e7\u00f5es do \u00f3rg\u00e3o \u00e9 para que se evite enfrentar o mau tempo, observe altera\u00e7\u00e3o nas encostas e evite usar aparelhos eletr\u00f4nicos ligados a tomadas. Em caso de d\u00favidas, ou ocorr\u00eancias, a popula\u00e7\u00e3o deve ligar para a Defesa Civil (telefone 199) ou para o Corpo de Bombeiros (telefone 193).<\/p>\n<p><strong>Confira as cidades atingidas:<\/strong><\/p>\n<p>Ba\u00eda da Trai\u00e7\u00e3o<br \/>\nBayeux<br \/>\nCabedelo<br \/>\nJo\u00e3o Pessoa<br \/>\nLucena<br \/>\nMamanguape<br \/>\nMarca\u00e7\u00e3o<br \/>\nMataraca<br \/>\nRio Tinto<br \/>\nSanta Rita<\/p>\n<p><strong>Noticias em Destaque<\/strong><\/p>\n<p style=\"text-align: right;\"><em>Fonte: Click PB<\/em><\/p>\n","protected":false},"excerpt":{"rendered":"<p>Por conta das constantes chuvas que caem na grande Jo\u00e3o Pessoa, a Capital paraibana e outras 9 cidades correm risco de alagamentos e desabamentos at\u00e9 esta quarta-feira (24). Geralmente outros transtornos s\u00e3o registrados ap\u00f3s as fortes chuvas como queda de muros, deslizamentos de barreiras, sem\u00e1foros apagados ou com defeitos, al\u00e9m de moradores ilhados e casas invadidas pelas \u00e1guas. Devido \u00e0 mudan\u00e7a no clima, neste come\u00e7o de semana, o Instituto Nacional de Meteorologia divulgou um alerta amarelo que aponta a previs\u00e3o de &#8221;perigo potencial&#8221; de chuvas. Segundo o Inmet h\u00e1 riscos de corte de energia el\u00e9trica, queda de galhos de \u00e1rvores, e de descargas el\u00e9tricas. Para se ter uma ideia, pode chover entre 20 a 30 mm\/h ou at\u00e9 50 mm\/dia, em parte do litoral paraibano, mas tamb\u00e9m em outros munic\u00edpios do Estado vizinho do rio Grande do Norte. Enquanto ocorre esse per\u00edodo de ac\u00famulo \u00e1gua, as recomenda\u00e7\u00f5es do \u00f3rg\u00e3o \u00e9 para que se evite enfrentar o mau tempo, observe altera\u00e7\u00e3o nas encostas e evite usar aparelhos eletr\u00f4nicos ligados a tomadas. Em caso de d\u00favidas, ou ocorr\u00eancias, a popula\u00e7\u00e3o deve ligar para a Defesa Civil (telefone 199) ou para o Corpo de Bombeiros (telefone 193). Confira as cidades atingidas: Ba\u00eda da Trai\u00e7\u00e3o Bayeux Cabedelo Jo\u00e3o Pessoa Lucena Mamanguape Marca\u00e7\u00e3o Mataraca Rio Tinto Santa Rita Noticias em Destaque Fonte: Click PB<\/p>\n","protected":false},"author":2,"featured_media":42090,"comment_status":"closed","ping_status":"open","sticky":false,"template":"","format":"standard","meta":{"_eb_attr":"","_jetpack_memberships_contains_paid_content":false,"footnotes":""},"categories":[12],"tags":[],"class_list":["post-42089","post","type-post","status-publish","format-standard","has-post-thumbnail","hentry","category-geral"],"yoast_head":"<!-- This site is optimized with the Yoast SEO plugin v26.5 - https:\/\/yoast.com\/wordpress\/plugins\/seo\/ -->\n<title>Perigo: com previs\u00e3o cont\u00ednua de chuvas, Jo\u00e3o Pessoa e outras cidades paraibanas est\u00e3o sob alerta de alagamento - Not&iacute;cias em Destaque<\/title>\n<meta name=\"robots\" content=\"index, follow, max-snippet:-1, max-image-preview:large, max-video-preview:-1\" \/>\n<link rel=\"canonical\" href=\"https:\/\/noticiasemdestaque.com\/cd\/?p=42089\" \/>\n<meta property=\"og:locale\" content=\"pt_BR\" \/>\n<meta property=\"og:type\" content=\"article\" \/>\n<meta property=\"og:title\" content=\"Perigo: com previs\u00e3o cont\u00ednua de chuvas, Jo\u00e3o Pessoa e outras cidades paraibanas est\u00e3o sob alerta de alagamento - Not&iacute;cias em Destaque\" \/>\n<meta property=\"og:description\" content=\"Por conta das constantes chuvas que caem na grande Jo\u00e3o Pessoa, a Capital paraibana e outras 9 cidades correm risco de alagamentos e desabamentos at\u00e9 esta quarta-feira (24). Geralmente outros transtornos s\u00e3o registrados ap\u00f3s as fortes chuvas como queda de muros, deslizamentos de barreiras, sem\u00e1foros apagados ou com defeitos, al\u00e9m de moradores ilhados e casas invadidas pelas \u00e1guas. Devido \u00e0 mudan\u00e7a no clima, neste come\u00e7o de semana, o Instituto Nacional de Meteorologia divulgou um alerta amarelo que aponta a previs\u00e3o de &#8221;perigo potencial&#8221; de chuvas. Segundo o Inmet h\u00e1 riscos de corte de energia el\u00e9trica, queda de galhos de \u00e1rvores, e de descargas el\u00e9tricas. Para se ter uma ideia, pode chover entre 20 a 30 mm\/h ou at\u00e9 50 mm\/dia, em parte do litoral paraibano, mas tamb\u00e9m em outros munic\u00edpios do Estado vizinho do rio Grande do Norte. Enquanto ocorre esse per\u00edodo de ac\u00famulo \u00e1gua, as recomenda\u00e7\u00f5es do \u00f3rg\u00e3o \u00e9 para que se evite enfrentar o mau tempo, observe altera\u00e7\u00e3o nas encostas e evite usar aparelhos eletr\u00f4nicos ligados a tomadas. Em caso de d\u00favidas, ou ocorr\u00eancias, a popula\u00e7\u00e3o deve ligar para a Defesa Civil (telefone 199) ou para o Corpo de Bombeiros (telefone 193). Confira as cidades atingidas: Ba\u00eda da Trai\u00e7\u00e3o Bayeux Cabedelo Jo\u00e3o Pessoa Lucena Mamanguape Marca\u00e7\u00e3o Mataraca Rio Tinto Santa Rita Noticias em Destaque Fonte: Click PB\" \/>\n<meta property=\"og:url\" content=\"https:\/\/noticiasemdestaque.com\/cd\/?p=42089\" \/>\n<meta property=\"og:site_name\" content=\"Not&iacute;cias em Destaque\" \/>\n<meta property=\"article:published_time\" content=\"2022-08-23T21:46:30+00:00\" \/>\n<meta property=\"og:image\" content=\"https:\/\/noticiasemdestaque.com\/cd\/wp-content\/uploads\/2022\/08\/aesa-preve-chuva-fraca-em-areas-isoladas-da-faixa-litoranea-neste-fim-de-semana.jpg\" \/>\n\t<meta property=\"og:image:width\" content=\"876\" \/>\n\t<meta property=\"og:image:height\" content=\"585\" \/>\n\t<meta property=\"og:image:type\" content=\"image\/jpeg\" \/>\n<meta name=\"author\" content=\"Not\u00edcias em Destaque\" \/>\n<meta name=\"twitter:card\" content=\"summary_large_image\" \/>\n<meta name=\"twitter:label1\" content=\"Escrito por\" \/>\n\t<meta name=\"twitter:data1\" content=\"Not\u00edcias em Destaque\" \/>\n\t<meta name=\"twitter:label2\" content=\"Est. tempo de leitura\" \/>\n\t<meta name=\"twitter:data2\" content=\"2 minutos\" \/>\n<script type=\"application\/ld+json\" class=\"yoast-schema-graph\">{\"@context\":\"https:\/\/schema.org\",\"@graph\":[{\"@type\":\"Article\",\"@id\":\"https:\/\/noticiasemdestaque.com\/cd\/?p=42089#article\",\"isPartOf\":{\"@id\":\"https:\/\/noticiasemdestaque.com\/cd\/?p=42089\"},\"author\":{\"name\":\"Not\u00edcias em Destaque\",\"@id\":\"https:\/\/noticiasemdestaque.com\/cd\/#\/schema\/person\/45ca272b3e1246ef14ebb78a48dbb218\"},\"headline\":\"Perigo: com previs\u00e3o cont\u00ednua de chuvas, Jo\u00e3o Pessoa e outras cidades paraibanas est\u00e3o sob alerta de alagamento\",\"datePublished\":\"2022-08-23T21:46:30+00:00\",\"mainEntityOfPage\":{\"@id\":\"https:\/\/noticiasemdestaque.com\/cd\/?p=42089\"},\"wordCount\":258,\"publisher\":{\"@id\":\"https:\/\/noticiasemdestaque.com\/cd\/#organization\"},\"image\":{\"@id\":\"https:\/\/noticiasemdestaque.com\/cd\/?p=42089#primaryimage\"},\"thumbnailUrl\":\"https:\/\/noticiasemdestaque.com\/cd\/wp-content\/uploads\/2022\/08\/aesa-preve-chuva-fraca-em-areas-isoladas-da-faixa-litoranea-neste-fim-de-semana.jpg\",\"articleSection\":[\"Geral\"],\"inLanguage\":\"pt-BR\"},{\"@type\":\"WebPage\",\"@id\":\"https:\/\/noticiasemdestaque.com\/cd\/?p=42089\",\"url\":\"https:\/\/noticiasemdestaque.com\/cd\/?p=42089\",\"name\":\"Perigo: com previs\u00e3o cont\u00ednua de chuvas, Jo\u00e3o Pessoa e outras cidades paraibanas est\u00e3o sob alerta de alagamento - Not&iacute;cias em Destaque\",\"isPartOf\":{\"@id\":\"https:\/\/noticiasemdestaque.com\/cd\/#website\"},\"primaryImageOfPage\":{\"@id\":\"https:\/\/noticiasemdestaque.com\/cd\/?p=42089#primaryimage\"},\"image\":{\"@id\":\"https:\/\/noticiasemdestaque.com\/cd\/?p=42089#primaryimage\"},\"thumbnailUrl\":\"https:\/\/noticiasemdestaque.com\/cd\/wp-content\/uploads\/2022\/08\/aesa-preve-chuva-fraca-em-areas-isoladas-da-faixa-litoranea-neste-fim-de-semana.jpg\",\"datePublished\":\"2022-08-23T21:46:30+00:00\",\"breadcrumb\":{\"@id\":\"https:\/\/noticiasemdestaque.com\/cd\/?p=42089#breadcrumb\"},\"inLanguage\":\"pt-BR\",\"potentialAction\":[{\"@type\":\"ReadAction\",\"target\":[\"https:\/\/noticiasemdestaque.com\/cd\/?p=42089\"]}]},{\"@type\":\"ImageObject\",\"inLanguage\":\"pt-BR\",\"@id\":\"https:\/\/noticiasemdestaque.com\/cd\/?p=42089#primaryimage\",\"url\":\"https:\/\/noticiasemdestaque.com\/cd\/wp-content\/uploads\/2022\/08\/aesa-preve-chuva-fraca-em-areas-isoladas-da-faixa-litoranea-neste-fim-de-semana.jpg\",\"contentUrl\":\"https:\/\/noticiasemdestaque.com\/cd\/wp-content\/uploads\/2022\/08\/aesa-preve-chuva-fraca-em-areas-isoladas-da-faixa-litoranea-neste-fim-de-semana.jpg\",\"width\":876,\"height\":585},{\"@type\":\"BreadcrumbList\",\"@id\":\"https:\/\/noticiasemdestaque.com\/cd\/?p=42089#breadcrumb\",\"itemListElement\":[{\"@type\":\"ListItem\",\"position\":1,\"name\":\"In\u00edcio\",\"item\":\"https:\/\/noticiasemdestaque.com\/cd\/\"},{\"@type\":\"ListItem\",\"position\":2,\"name\":\"Perigo: com previs\u00e3o cont\u00ednua de chuvas, Jo\u00e3o Pessoa e outras cidades paraibanas est\u00e3o sob alerta de alagamento\"}]},{\"@type\":\"WebSite\",\"@id\":\"https:\/\/noticiasemdestaque.com\/cd\/#website\",\"url\":\"https:\/\/noticiasemdestaque.com\/cd\/\",\"name\":\"Not&iacute;cias em Destaque\",\"description\":\"\",\"publisher\":{\"@id\":\"https:\/\/noticiasemdestaque.com\/cd\/#organization\"},\"potentialAction\":[{\"@type\":\"SearchAction\",\"target\":{\"@type\":\"EntryPoint\",\"urlTemplate\":\"https:\/\/noticiasemdestaque.com\/cd\/?s={search_term_string}\"},\"query-input\":{\"@type\":\"PropertyValueSpecification\",\"valueRequired\":true,\"valueName\":\"search_term_string\"}}],\"inLanguage\":\"pt-BR\"},{\"@type\":\"Organization\",\"@id\":\"https:\/\/noticiasemdestaque.com\/cd\/#organization\",\"name\":\"Not\u00edcias em Destaque\",\"url\":\"https:\/\/noticiasemdestaque.com\/cd\/\",\"logo\":{\"@type\":\"ImageObject\",\"inLanguage\":\"pt-BR\",\"@id\":\"https:\/\/noticiasemdestaque.com\/cd\/#\/schema\/logo\/image\/\",\"url\":\"https:\/\/noticiasemdestaque.com\/cd\/wp-content\/uploads\/2022\/05\/imagem-base-noticiasemdestaque.png\",\"contentUrl\":\"https:\/\/noticiasemdestaque.com\/cd\/wp-content\/uploads\/2022\/05\/imagem-base-noticiasemdestaque.png\",\"width\":1200,\"height\":630,\"caption\":\"Not\u00edcias em Destaque\"},\"image\":{\"@id\":\"https:\/\/noticiasemdestaque.com\/cd\/#\/schema\/logo\/image\/\"}},{\"@type\":\"Person\",\"@id\":\"https:\/\/noticiasemdestaque.com\/cd\/#\/schema\/person\/45ca272b3e1246ef14ebb78a48dbb218\",\"name\":\"Not\u00edcias em Destaque\",\"url\":\"https:\/\/noticiasemdestaque.com\/cd\/?author=2\"}]}<\/script>\n<!-- \/ Yoast SEO plugin. -->","yoast_head_json":{"title":"Perigo: com previs\u00e3o cont\u00ednua de chuvas, Jo\u00e3o Pessoa e outras cidades paraibanas est\u00e3o sob alerta de alagamento - Not&iacute;cias em Destaque","robots":{"index":"index","follow":"follow","max-snippet":"max-snippet:-1","max-image-preview":"max-image-preview:large","max-video-preview":"max-video-preview:-1"},"canonical":"https:\/\/noticiasemdestaque.com\/cd\/?p=42089","og_locale":"pt_BR","og_type":"article","og_title":"Perigo: com previs\u00e3o cont\u00ednua de chuvas, Jo\u00e3o Pessoa e outras cidades paraibanas est\u00e3o sob alerta de alagamento - Not&iacute;cias em Destaque","og_description":"Por conta das constantes chuvas que caem na grande Jo\u00e3o Pessoa, a Capital paraibana e outras 9 cidades correm risco de alagamentos e desabamentos at\u00e9 esta quarta-feira (24). Geralmente outros transtornos s\u00e3o registrados ap\u00f3s as fortes chuvas como queda de muros, deslizamentos de barreiras, sem\u00e1foros apagados ou com defeitos, al\u00e9m de moradores ilhados e casas invadidas pelas \u00e1guas. Devido \u00e0 mudan\u00e7a no clima, neste come\u00e7o de semana, o Instituto Nacional de Meteorologia divulgou um alerta amarelo que aponta a previs\u00e3o de &#8221;perigo potencial&#8221; de chuvas. Segundo o Inmet h\u00e1 riscos de corte de energia el\u00e9trica, queda de galhos de \u00e1rvores, e de descargas el\u00e9tricas. Para se ter uma ideia, pode chover entre 20 a 30 mm\/h ou at\u00e9 50 mm\/dia, em parte do litoral paraibano, mas tamb\u00e9m em outros munic\u00edpios do Estado vizinho do rio Grande do Norte. Enquanto ocorre esse per\u00edodo de ac\u00famulo \u00e1gua, as recomenda\u00e7\u00f5es do \u00f3rg\u00e3o \u00e9 para que se evite enfrentar o mau tempo, observe altera\u00e7\u00e3o nas encostas e evite usar aparelhos eletr\u00f4nicos ligados a tomadas. Em caso de d\u00favidas, ou ocorr\u00eancias, a popula\u00e7\u00e3o deve ligar para a Defesa Civil (telefone 199) ou para o Corpo de Bombeiros (telefone 193). Confira as cidades atingidas: Ba\u00eda da Trai\u00e7\u00e3o Bayeux Cabedelo Jo\u00e3o Pessoa Lucena Mamanguape Marca\u00e7\u00e3o Mataraca Rio Tinto Santa Rita Noticias em Destaque Fonte: Click PB","og_url":"https:\/\/noticiasemdestaque.com\/cd\/?p=42089","og_site_name":"Not&iacute;cias em Destaque","article_published_time":"2022-08-23T21:46:30+00:00","og_image":[{"width":876,"height":585,"url":"https:\/\/noticiasemdestaque.com\/cd\/wp-content\/uploads\/2022\/08\/aesa-preve-chuva-fraca-em-areas-isoladas-da-faixa-litoranea-neste-fim-de-semana.jpg","type":"image\/jpeg"}],"author":"Not\u00edcias em Destaque","twitter_card":"summary_large_image","twitter_misc":{"Escrito por":"Not\u00edcias em Destaque","Est. tempo de leitura":"2 minutos"},"schema":{"@context":"https:\/\/schema.org","@graph":[{"@type":"Article","@id":"https:\/\/noticiasemdestaque.com\/cd\/?p=42089#article","isPartOf":{"@id":"https:\/\/noticiasemdestaque.com\/cd\/?p=42089"},"author":{"name":"Not\u00edcias em Destaque","@id":"https:\/\/noticiasemdestaque.com\/cd\/#\/schema\/person\/45ca272b3e1246ef14ebb78a48dbb218"},"headline":"Perigo: com previs\u00e3o cont\u00ednua de chuvas, Jo\u00e3o Pessoa e outras cidades paraibanas est\u00e3o sob alerta de alagamento","datePublished":"2022-08-23T21:46:30+00:00","mainEntityOfPage":{"@id":"https:\/\/noticiasemdestaque.com\/cd\/?p=42089"},"wordCount":258,"publisher":{"@id":"https:\/\/noticiasemdestaque.com\/cd\/#organization"},"image":{"@id":"https:\/\/noticiasemdestaque.com\/cd\/?p=42089#primaryimage"},"thumbnailUrl":"https:\/\/noticiasemdestaque.com\/cd\/wp-content\/uploads\/2022\/08\/aesa-preve-chuva-fraca-em-areas-isoladas-da-faixa-litoranea-neste-fim-de-semana.jpg","articleSection":["Geral"],"inLanguage":"pt-BR"},{"@type":"WebPage","@id":"https:\/\/noticiasemdestaque.com\/cd\/?p=42089","url":"https:\/\/noticiasemdestaque.com\/cd\/?p=42089","name":"Perigo: com previs\u00e3o cont\u00ednua de chuvas, Jo\u00e3o Pessoa e outras cidades paraibanas est\u00e3o sob alerta de alagamento - Not&iacute;cias em Destaque","isPartOf":{"@id":"https:\/\/noticiasemdestaque.com\/cd\/#website"},"primaryImageOfPage":{"@id":"https:\/\/noticiasemdestaque.com\/cd\/?p=42089#primaryimage"},"image":{"@id":"https:\/\/noticiasemdestaque.com\/cd\/?p=42089#primaryimage"},"thumbnailUrl":"https:\/\/noticiasemdestaque.com\/cd\/wp-content\/uploads\/2022\/08\/aesa-preve-chuva-fraca-em-areas-isoladas-da-faixa-litoranea-neste-fim-de-semana.jpg","datePublished":"2022-08-23T21:46:30+00:00","breadcrumb":{"@id":"https:\/\/noticiasemdestaque.com\/cd\/?p=42089#breadcrumb"},"inLanguage":"pt-BR","potentialAction":[{"@type":"ReadAction","target":["https:\/\/noticiasemdestaque.com\/cd\/?p=42089"]}]},{"@type":"ImageObject","inLanguage":"pt-BR","@id":"https:\/\/noticiasemdestaque.com\/cd\/?p=42089#primaryimage","url":"https:\/\/noticiasemdestaque.com\/cd\/wp-content\/uploads\/2022\/08\/aesa-preve-chuva-fraca-em-areas-isoladas-da-faixa-litoranea-neste-fim-de-semana.jpg","contentUrl":"https:\/\/noticiasemdestaque.com\/cd\/wp-content\/uploads\/2022\/08\/aesa-preve-chuva-fraca-em-areas-isoladas-da-faixa-litoranea-neste-fim-de-semana.jpg","width":876,"height":585},{"@type":"BreadcrumbList","@id":"https:\/\/noticiasemdestaque.com\/cd\/?p=42089#breadcrumb","itemListElement":[{"@type":"ListItem","position":1,"name":"In\u00edcio","item":"https:\/\/noticiasemdestaque.com\/cd\/"},{"@type":"ListItem","position":2,"name":"Perigo: com previs\u00e3o cont\u00ednua de chuvas, Jo\u00e3o Pessoa e outras cidades paraibanas est\u00e3o sob alerta de alagamento"}]},{"@type":"WebSite","@id":"https:\/\/noticiasemdestaque.com\/cd\/#website","url":"https:\/\/noticiasemdestaque.com\/cd\/","name":"Not&iacute;cias em Destaque","description":"","publisher":{"@id":"https:\/\/noticiasemdestaque.com\/cd\/#organization"},"potentialAction":[{"@type":"SearchAction","target":{"@type":"EntryPoint","urlTemplate":"https:\/\/noticiasemdestaque.com\/cd\/?s={search_term_string}"},"query-input":{"@type":"PropertyValueSpecification","valueRequired":true,"valueName":"search_term_string"}}],"inLanguage":"pt-BR"},{"@type":"Organization","@id":"https:\/\/noticiasemdestaque.com\/cd\/#organization","name":"Not\u00edcias em Destaque","url":"https:\/\/noticiasemdestaque.com\/cd\/","logo":{"@type":"ImageObject","inLanguage":"pt-BR","@id":"https:\/\/noticiasemdestaque.com\/cd\/#\/schema\/logo\/image\/","url":"https:\/\/noticiasemdestaque.com\/cd\/wp-content\/uploads\/2022\/05\/imagem-base-noticiasemdestaque.png","contentUrl":"https:\/\/noticiasemdestaque.com\/cd\/wp-content\/uploads\/2022\/05\/imagem-base-noticiasemdestaque.png","width":1200,"height":630,"caption":"Not\u00edcias em Destaque"},"image":{"@id":"https:\/\/noticiasemdestaque.com\/cd\/#\/schema\/logo\/image\/"}},{"@type":"Person","@id":"https:\/\/noticiasemdestaque.com\/cd\/#\/schema\/person\/45ca272b3e1246ef14ebb78a48dbb218","name":"Not\u00edcias em Destaque","url":"https:\/\/noticiasemdestaque.com\/cd\/?author=2"}]}},"jetpack_featured_media_url":"https:\/\/noticiasemdestaque.com\/cd\/wp-content\/uploads\/2022\/08\/aesa-preve-chuva-fraca-em-areas-isoladas-da-faixa-litoranea-neste-fim-de-semana.jpg","jetpack_sharing_enabled":true,"_links":{"self":[{"href":"https:\/\/noticiasemdestaque.com\/cd\/index.php?rest_route=\/wp\/v2\/posts\/42089","targetHints":{"allow":["GET"]}}],"collection":[{"href":"https:\/\/noticiasemdestaque.com\/cd\/index.php?rest_route=\/wp\/v2\/posts"}],"about":[{"href":"https:\/\/noticiasemdestaque.com\/cd\/index.php?rest_route=\/wp\/v2\/types\/post"}],"author":[{"embeddable":true,"href":"https:\/\/noticiasemdestaque.com\/cd\/index.php?rest_route=\/wp\/v2\/users\/2"}],"replies":[{"embeddable":true,"href":"https:\/\/noticiasemdestaque.com\/cd\/index.php?rest_route=%2Fwp%2Fv2%2Fcomments&post=42089"}],"version-history":[{"count":1,"href":"https:\/\/noticiasemdestaque.com\/cd\/index.php?rest_route=\/wp\/v2\/posts\/42089\/revisions"}],"predecessor-version":[{"id":42091,"href":"https:\/\/noticiasemdestaque.com\/cd\/index.php?rest_route=\/wp\/v2\/posts\/42089\/revisions\/42091"}],"wp:featuredmedia":[{"embeddable":true,"href":"https:\/\/noticiasemdestaque.com\/cd\/index.php?rest_route=\/wp\/v2\/media\/42090"}],"wp:attachment":[{"href":"https:\/\/noticiasemdestaque.com\/cd\/index.php?rest_route=%2Fwp%2Fv2%2Fmedia&parent=42089"}],"wp:term":[{"taxonomy":"category","embeddable":true,"href":"https:\/\/noticiasemdestaque.com\/cd\/index.php?rest_route=%2Fwp%2Fv2%2Fcategories&post=42089"},{"taxonomy":"post_tag","embeddable":true,"href":"https:\/\/noticiasemdestaque.com\/cd\/index.php?rest_route=%2Fwp%2Fv2%2Ftags&post=42089"}],"curies":[{"name":"wp","href":"https:\/\/api.w.org\/{rel}","templated":true}]}}