{"id":42086,"date":"2022-08-23T18:04:09","date_gmt":"2022-08-23T21:04:09","guid":{"rendered":"https:\/\/noticiasemdestaque.com\/cd\/?p=42086"},"modified":"2022-08-23T18:04:46","modified_gmt":"2022-08-23T21:04:46","slug":"executivo-atende-indicacao-do-vereador-antonio-carlos-e-realiza-treinamento-sobre-primeiros-socorros","status":"publish","type":"post","link":"https:\/\/noticiasemdestaque.com\/cd\/?p=42086","title":{"rendered":"Executivo atende indica\u00e7\u00e3o do vereador Ant\u00f4nio Carlos e realiza treinamento sobre primeiros socorros"},"content":{"rendered":"<p><a href=\"https:\/\/noticiasemdestaque.com\/cd\/wp-content\/uploads\/2022\/08\/300435876_380602837597411_1757378225514288618_n.jpg\"><img fetchpriority=\"high\" decoding=\"async\" class=\"size-medium wp-image-42087 aligncenter\" src=\"https:\/\/noticiasemdestaque.com\/cd\/wp-content\/uploads\/2022\/08\/300435876_380602837597411_1757378225514288618_n-300x300.jpg\" alt=\"\" width=\"300\" height=\"300\" srcset=\"https:\/\/noticiasemdestaque.com\/cd\/wp-content\/uploads\/2022\/08\/300435876_380602837597411_1757378225514288618_n-300x300.jpg 300w, https:\/\/noticiasemdestaque.com\/cd\/wp-content\/uploads\/2022\/08\/300435876_380602837597411_1757378225514288618_n-1024x1024.jpg 1024w, https:\/\/noticiasemdestaque.com\/cd\/wp-content\/uploads\/2022\/08\/300435876_380602837597411_1757378225514288618_n-150x150.jpg 150w, https:\/\/noticiasemdestaque.com\/cd\/wp-content\/uploads\/2022\/08\/300435876_380602837597411_1757378225514288618_n-768x768.jpg 768w, https:\/\/noticiasemdestaque.com\/cd\/wp-content\/uploads\/2022\/08\/300435876_380602837597411_1757378225514288618_n-12x12.jpg 12w, https:\/\/noticiasemdestaque.com\/cd\/wp-content\/uploads\/2022\/08\/300435876_380602837597411_1757378225514288618_n.jpg 1280w\" sizes=\"(max-width: 300px) 100vw, 300px\" \/><\/a><\/p>\n<p>O Vereador Ant\u00f4nio Carlos Sarmento apresentou em plen\u00e1rio uma indica\u00e7\u00e3o 02\/2021, onde torna obrigat\u00f3ria a orienta\u00e7\u00e3o em no\u00e7\u00f5es b\u00e1sicas de primeiros socorros de professores e funcion\u00e1rios de estabelecimentos de ensino p\u00fablicos e privados de educa\u00e7\u00e3o b\u00e1sica e de estabelecimentos de recrea\u00e7\u00e3o infantil do munic\u00edpio.<\/p>\n<p>Na sua justificativa o vereador salienta que s\u00e3o uma causa crescente de mortalidade e invalidez na inf\u00e2ncia e adolesc\u00eancia, e importante fonte de preocupa\u00e7\u00e3o em pequenos acidentes.<\/p>\n<p>Por essa raz\u00e3o no ambiente escolar diferentes tipos de acidentes podem ocorrer de acordo com a idade e est\u00e1gio de desenvolvimento f\u00edsico e ps\u00edquico das crian\u00e7as e adolescentes.<\/p>\n<p>Professores e funcion\u00e1rios de escolas p\u00fablicas e privadas ter\u00e3o que aprender no\u00e7\u00f5es b\u00e1sicas de primeiros socorros, como determina a Lei Federal 13.732 denominada Lei Lucas, a lei foi criada em homenagem a Lucas Begalli Zamora de 10 anos, que morreu em 2017 depois de se engasgar comendo um cachorro-quente durante um passeio escolar.<\/p>\n<p>Dessa forma o prefeito \u00c9den Duarte, atendendo pedido do vereador Ant\u00f4nio Carlos e aprovado por unanimidade por toda casa, coloca em pr\u00e1tica a indica\u00e7\u00e3o, tornando obrigat\u00f3rio a orienta\u00e7\u00e3o de primeiros socorros em todo munic\u00edpio, evitando acidentes e pautando pela vida e sa\u00fade das crian\u00e7as e adolescentes.<\/p>\n<p>Ant\u00f4nio Carlos agradeceu ao prefeito \u00c9den Duarte por ter atendido essa solicita\u00e7\u00e3o. \u201c\u00c9 de suma import\u00e2ncia para a vida e seguran\u00e7a de muitas crian\u00e7as do nosso munic\u00edpio, e isso s\u00f3 vem a provar seu comprometimento de gest\u00e3o e sua parceria com o poder legislativo, nossos agradecimentos tamb\u00e9m para o secret\u00e1rio de Educa\u00e7\u00e3o Bonilson Tim\u00f3teo por todo empenho\u201d, pontuou o presidente.<\/p>\n<p>Ascom\/C\u00e2mara<\/p>\n","protected":false},"excerpt":{"rendered":"<p>O Vereador Ant\u00f4nio Carlos Sarmento apresentou em plen\u00e1rio uma indica\u00e7\u00e3o 02\/2021, onde torna obrigat\u00f3ria a orienta\u00e7\u00e3o em no\u00e7\u00f5es b\u00e1sicas de primeiros socorros de professores e funcion\u00e1rios de estabelecimentos de ensino p\u00fablicos e privados de educa\u00e7\u00e3o b\u00e1sica e de estabelecimentos de recrea\u00e7\u00e3o infantil do munic\u00edpio. Na sua justificativa o vereador salienta que s\u00e3o uma causa crescente de mortalidade e invalidez na inf\u00e2ncia e adolesc\u00eancia, e importante fonte de preocupa\u00e7\u00e3o em pequenos acidentes. Por essa raz\u00e3o no ambiente escolar diferentes tipos de acidentes podem ocorrer de acordo com a idade e est\u00e1gio de desenvolvimento f\u00edsico e ps\u00edquico das crian\u00e7as e adolescentes. Professores e funcion\u00e1rios de escolas p\u00fablicas e privadas ter\u00e3o que aprender no\u00e7\u00f5es b\u00e1sicas de primeiros socorros, como determina a Lei Federal 13.732 denominada Lei Lucas, a lei foi criada em homenagem a Lucas Begalli Zamora de 10 anos, que morreu em 2017 depois de se engasgar comendo um cachorro-quente durante um passeio escolar. Dessa forma o prefeito \u00c9den Duarte, atendendo pedido do vereador Ant\u00f4nio Carlos e aprovado por unanimidade por toda casa, coloca em pr\u00e1tica a indica\u00e7\u00e3o, tornando obrigat\u00f3rio a orienta\u00e7\u00e3o de primeiros socorros em todo munic\u00edpio, evitando acidentes e pautando pela vida e sa\u00fade das crian\u00e7as e adolescentes. Ant\u00f4nio Carlos agradeceu ao prefeito \u00c9den Duarte por ter atendido essa solicita\u00e7\u00e3o. \u201c\u00c9 de suma import\u00e2ncia para a vida e seguran\u00e7a de muitas crian\u00e7as do nosso munic\u00edpio, e isso s\u00f3 vem a provar seu comprometimento de gest\u00e3o e sua parceria com o poder legislativo, nossos agradecimentos tamb\u00e9m para o secret\u00e1rio de Educa\u00e7\u00e3o Bonilson Tim\u00f3teo por todo empenho\u201d, pontuou o presidente. Ascom\/C\u00e2mara<\/p>\n","protected":false},"author":2,"featured_media":42087,"comment_status":"closed","ping_status":"open","sticky":false,"template":"","format":"standard","meta":{"_eb_attr":"","_jetpack_memberships_contains_paid_content":false,"footnotes":""},"categories":[4],"tags":[],"class_list":["post-42086","post","type-post","status-publish","format-standard","has-post-thumbnail","hentry","category-politica"],"yoast_head":"<!-- This site is optimized with the Yoast SEO plugin v26.5 - https:\/\/yoast.com\/wordpress\/plugins\/seo\/ -->\n<title>Executivo atende indica\u00e7\u00e3o do vereador Ant\u00f4nio Carlos e realiza treinamento sobre primeiros socorros - Not&iacute;cias em Destaque<\/title>\n<meta name=\"robots\" content=\"index, follow, max-snippet:-1, max-image-preview:large, max-video-preview:-1\" \/>\n<link rel=\"canonical\" href=\"https:\/\/noticiasemdestaque.com\/cd\/?p=42086\" \/>\n<meta property=\"og:locale\" content=\"pt_BR\" \/>\n<meta property=\"og:type\" content=\"article\" \/>\n<meta property=\"og:title\" content=\"Executivo atende indica\u00e7\u00e3o do vereador Ant\u00f4nio Carlos e realiza treinamento sobre primeiros socorros - Not&iacute;cias em Destaque\" \/>\n<meta property=\"og:description\" content=\"O Vereador Ant\u00f4nio Carlos Sarmento apresentou em plen\u00e1rio uma indica\u00e7\u00e3o 02\/2021, onde torna obrigat\u00f3ria a orienta\u00e7\u00e3o em no\u00e7\u00f5es b\u00e1sicas de primeiros socorros de professores e funcion\u00e1rios de estabelecimentos de ensino p\u00fablicos e privados de educa\u00e7\u00e3o b\u00e1sica e de estabelecimentos de recrea\u00e7\u00e3o infantil do munic\u00edpio. Na sua justificativa o vereador salienta que s\u00e3o uma causa crescente de mortalidade e invalidez na inf\u00e2ncia e adolesc\u00eancia, e importante fonte de preocupa\u00e7\u00e3o em pequenos acidentes. Por essa raz\u00e3o no ambiente escolar diferentes tipos de acidentes podem ocorrer de acordo com a idade e est\u00e1gio de desenvolvimento f\u00edsico e ps\u00edquico das crian\u00e7as e adolescentes. Professores e funcion\u00e1rios de escolas p\u00fablicas e privadas ter\u00e3o que aprender no\u00e7\u00f5es b\u00e1sicas de primeiros socorros, como determina a Lei Federal 13.732 denominada Lei Lucas, a lei foi criada em homenagem a Lucas Begalli Zamora de 10 anos, que morreu em 2017 depois de se engasgar comendo um cachorro-quente durante um passeio escolar. Dessa forma o prefeito \u00c9den Duarte, atendendo pedido do vereador Ant\u00f4nio Carlos e aprovado por unanimidade por toda casa, coloca em pr\u00e1tica a indica\u00e7\u00e3o, tornando obrigat\u00f3rio a orienta\u00e7\u00e3o de primeiros socorros em todo munic\u00edpio, evitando acidentes e pautando pela vida e sa\u00fade das crian\u00e7as e adolescentes. Ant\u00f4nio Carlos agradeceu ao prefeito \u00c9den Duarte por ter atendido essa solicita\u00e7\u00e3o. \u201c\u00c9 de suma import\u00e2ncia para a vida e seguran\u00e7a de muitas crian\u00e7as do nosso munic\u00edpio, e isso s\u00f3 vem a provar seu comprometimento de gest\u00e3o e sua parceria com o poder legislativo, nossos agradecimentos tamb\u00e9m para o secret\u00e1rio de Educa\u00e7\u00e3o Bonilson Tim\u00f3teo por todo empenho\u201d, pontuou o presidente. Ascom\/C\u00e2mara\" \/>\n<meta property=\"og:url\" content=\"https:\/\/noticiasemdestaque.com\/cd\/?p=42086\" \/>\n<meta property=\"og:site_name\" content=\"Not&iacute;cias em Destaque\" \/>\n<meta property=\"article:published_time\" content=\"2022-08-23T21:04:09+00:00\" \/>\n<meta property=\"article:modified_time\" content=\"2022-08-23T21:04:46+00:00\" \/>\n<meta property=\"og:image\" content=\"https:\/\/noticiasemdestaque.com\/cd\/wp-content\/uploads\/2022\/08\/300435876_380602837597411_1757378225514288618_n.jpg\" \/>\n\t<meta property=\"og:image:width\" content=\"1280\" \/>\n\t<meta property=\"og:image:height\" content=\"1280\" \/>\n\t<meta property=\"og:image:type\" content=\"image\/jpeg\" \/>\n<meta name=\"author\" content=\"Not\u00edcias em Destaque\" \/>\n<meta name=\"twitter:card\" content=\"summary_large_image\" \/>\n<meta name=\"twitter:label1\" content=\"Escrito por\" \/>\n\t<meta name=\"twitter:data1\" content=\"Not\u00edcias em Destaque\" \/>\n\t<meta name=\"twitter:label2\" content=\"Est. tempo de leitura\" \/>\n\t<meta name=\"twitter:data2\" content=\"2 minutos\" \/>\n<script type=\"application\/ld+json\" class=\"yoast-schema-graph\">{\"@context\":\"https:\/\/schema.org\",\"@graph\":[{\"@type\":\"Article\",\"@id\":\"https:\/\/noticiasemdestaque.com\/cd\/?p=42086#article\",\"isPartOf\":{\"@id\":\"https:\/\/noticiasemdestaque.com\/cd\/?p=42086\"},\"author\":{\"name\":\"Not\u00edcias em Destaque\",\"@id\":\"https:\/\/noticiasemdestaque.com\/cd\/#\/schema\/person\/45ca272b3e1246ef14ebb78a48dbb218\"},\"headline\":\"Executivo atende indica\u00e7\u00e3o do vereador Ant\u00f4nio Carlos e realiza treinamento sobre primeiros socorros\",\"datePublished\":\"2022-08-23T21:04:09+00:00\",\"dateModified\":\"2022-08-23T21:04:46+00:00\",\"mainEntityOfPage\":{\"@id\":\"https:\/\/noticiasemdestaque.com\/cd\/?p=42086\"},\"wordCount\":317,\"publisher\":{\"@id\":\"https:\/\/noticiasemdestaque.com\/cd\/#organization\"},\"image\":{\"@id\":\"https:\/\/noticiasemdestaque.com\/cd\/?p=42086#primaryimage\"},\"thumbnailUrl\":\"https:\/\/noticiasemdestaque.com\/cd\/wp-content\/uploads\/2022\/08\/300435876_380602837597411_1757378225514288618_n.jpg\",\"articleSection\":[\"Pol\u00edtica\"],\"inLanguage\":\"pt-BR\"},{\"@type\":\"WebPage\",\"@id\":\"https:\/\/noticiasemdestaque.com\/cd\/?p=42086\",\"url\":\"https:\/\/noticiasemdestaque.com\/cd\/?p=42086\",\"name\":\"Executivo atende indica\u00e7\u00e3o do vereador Ant\u00f4nio Carlos e realiza treinamento sobre primeiros socorros - Not&iacute;cias em Destaque\",\"isPartOf\":{\"@id\":\"https:\/\/noticiasemdestaque.com\/cd\/#website\"},\"primaryImageOfPage\":{\"@id\":\"https:\/\/noticiasemdestaque.com\/cd\/?p=42086#primaryimage\"},\"image\":{\"@id\":\"https:\/\/noticiasemdestaque.com\/cd\/?p=42086#primaryimage\"},\"thumbnailUrl\":\"https:\/\/noticiasemdestaque.com\/cd\/wp-content\/uploads\/2022\/08\/300435876_380602837597411_1757378225514288618_n.jpg\",\"datePublished\":\"2022-08-23T21:04:09+00:00\",\"dateModified\":\"2022-08-23T21:04:46+00:00\",\"breadcrumb\":{\"@id\":\"https:\/\/noticiasemdestaque.com\/cd\/?p=42086#breadcrumb\"},\"inLanguage\":\"pt-BR\",\"potentialAction\":[{\"@type\":\"ReadAction\",\"target\":[\"https:\/\/noticiasemdestaque.com\/cd\/?p=42086\"]}]},{\"@type\":\"ImageObject\",\"inLanguage\":\"pt-BR\",\"@id\":\"https:\/\/noticiasemdestaque.com\/cd\/?p=42086#primaryimage\",\"url\":\"https:\/\/noticiasemdestaque.com\/cd\/wp-content\/uploads\/2022\/08\/300435876_380602837597411_1757378225514288618_n.jpg\",\"contentUrl\":\"https:\/\/noticiasemdestaque.com\/cd\/wp-content\/uploads\/2022\/08\/300435876_380602837597411_1757378225514288618_n.jpg\",\"width\":1280,\"height\":1280},{\"@type\":\"BreadcrumbList\",\"@id\":\"https:\/\/noticiasemdestaque.com\/cd\/?p=42086#breadcrumb\",\"itemListElement\":[{\"@type\":\"ListItem\",\"position\":1,\"name\":\"In\u00edcio\",\"item\":\"https:\/\/noticiasemdestaque.com\/cd\/\"},{\"@type\":\"ListItem\",\"position\":2,\"name\":\"Executivo atende indica\u00e7\u00e3o do vereador Ant\u00f4nio Carlos e realiza treinamento sobre primeiros socorros\"}]},{\"@type\":\"WebSite\",\"@id\":\"https:\/\/noticiasemdestaque.com\/cd\/#website\",\"url\":\"https:\/\/noticiasemdestaque.com\/cd\/\",\"name\":\"Not&iacute;cias em Destaque\",\"description\":\"\",\"publisher\":{\"@id\":\"https:\/\/noticiasemdestaque.com\/cd\/#organization\"},\"potentialAction\":[{\"@type\":\"SearchAction\",\"target\":{\"@type\":\"EntryPoint\",\"urlTemplate\":\"https:\/\/noticiasemdestaque.com\/cd\/?s={search_term_string}\"},\"query-input\":{\"@type\":\"PropertyValueSpecification\",\"valueRequired\":true,\"valueName\":\"search_term_string\"}}],\"inLanguage\":\"pt-BR\"},{\"@type\":\"Organization\",\"@id\":\"https:\/\/noticiasemdestaque.com\/cd\/#organization\",\"name\":\"Not\u00edcias em Destaque\",\"url\":\"https:\/\/noticiasemdestaque.com\/cd\/\",\"logo\":{\"@type\":\"ImageObject\",\"inLanguage\":\"pt-BR\",\"@id\":\"https:\/\/noticiasemdestaque.com\/cd\/#\/schema\/logo\/image\/\",\"url\":\"https:\/\/noticiasemdestaque.com\/cd\/wp-content\/uploads\/2022\/05\/imagem-base-noticiasemdestaque.png\",\"contentUrl\":\"https:\/\/noticiasemdestaque.com\/cd\/wp-content\/uploads\/2022\/05\/imagem-base-noticiasemdestaque.png\",\"width\":1200,\"height\":630,\"caption\":\"Not\u00edcias em Destaque\"},\"image\":{\"@id\":\"https:\/\/noticiasemdestaque.com\/cd\/#\/schema\/logo\/image\/\"}},{\"@type\":\"Person\",\"@id\":\"https:\/\/noticiasemdestaque.com\/cd\/#\/schema\/person\/45ca272b3e1246ef14ebb78a48dbb218\",\"name\":\"Not\u00edcias em Destaque\",\"url\":\"https:\/\/noticiasemdestaque.com\/cd\/?author=2\"}]}<\/script>\n<!-- \/ Yoast SEO plugin. -->","yoast_head_json":{"title":"Executivo atende indica\u00e7\u00e3o do vereador Ant\u00f4nio Carlos e realiza treinamento sobre primeiros socorros - Not&iacute;cias em Destaque","robots":{"index":"index","follow":"follow","max-snippet":"max-snippet:-1","max-image-preview":"max-image-preview:large","max-video-preview":"max-video-preview:-1"},"canonical":"https:\/\/noticiasemdestaque.com\/cd\/?p=42086","og_locale":"pt_BR","og_type":"article","og_title":"Executivo atende indica\u00e7\u00e3o do vereador Ant\u00f4nio Carlos e realiza treinamento sobre primeiros socorros - Not&iacute;cias em Destaque","og_description":"O Vereador Ant\u00f4nio Carlos Sarmento apresentou em plen\u00e1rio uma indica\u00e7\u00e3o 02\/2021, onde torna obrigat\u00f3ria a orienta\u00e7\u00e3o em no\u00e7\u00f5es b\u00e1sicas de primeiros socorros de professores e funcion\u00e1rios de estabelecimentos de ensino p\u00fablicos e privados de educa\u00e7\u00e3o b\u00e1sica e de estabelecimentos de recrea\u00e7\u00e3o infantil do munic\u00edpio. Na sua justificativa o vereador salienta que s\u00e3o uma causa crescente de mortalidade e invalidez na inf\u00e2ncia e adolesc\u00eancia, e importante fonte de preocupa\u00e7\u00e3o em pequenos acidentes. Por essa raz\u00e3o no ambiente escolar diferentes tipos de acidentes podem ocorrer de acordo com a idade e est\u00e1gio de desenvolvimento f\u00edsico e ps\u00edquico das crian\u00e7as e adolescentes. Professores e funcion\u00e1rios de escolas p\u00fablicas e privadas ter\u00e3o que aprender no\u00e7\u00f5es b\u00e1sicas de primeiros socorros, como determina a Lei Federal 13.732 denominada Lei Lucas, a lei foi criada em homenagem a Lucas Begalli Zamora de 10 anos, que morreu em 2017 depois de se engasgar comendo um cachorro-quente durante um passeio escolar. Dessa forma o prefeito \u00c9den Duarte, atendendo pedido do vereador Ant\u00f4nio Carlos e aprovado por unanimidade por toda casa, coloca em pr\u00e1tica a indica\u00e7\u00e3o, tornando obrigat\u00f3rio a orienta\u00e7\u00e3o de primeiros socorros em todo munic\u00edpio, evitando acidentes e pautando pela vida e sa\u00fade das crian\u00e7as e adolescentes. Ant\u00f4nio Carlos agradeceu ao prefeito \u00c9den Duarte por ter atendido essa solicita\u00e7\u00e3o. \u201c\u00c9 de suma import\u00e2ncia para a vida e seguran\u00e7a de muitas crian\u00e7as do nosso munic\u00edpio, e isso s\u00f3 vem a provar seu comprometimento de gest\u00e3o e sua parceria com o poder legislativo, nossos agradecimentos tamb\u00e9m para o secret\u00e1rio de Educa\u00e7\u00e3o Bonilson Tim\u00f3teo por todo empenho\u201d, pontuou o presidente. Ascom\/C\u00e2mara","og_url":"https:\/\/noticiasemdestaque.com\/cd\/?p=42086","og_site_name":"Not&iacute;cias em Destaque","article_published_time":"2022-08-23T21:04:09+00:00","article_modified_time":"2022-08-23T21:04:46+00:00","og_image":[{"width":1280,"height":1280,"url":"https:\/\/noticiasemdestaque.com\/cd\/wp-content\/uploads\/2022\/08\/300435876_380602837597411_1757378225514288618_n.jpg","type":"image\/jpeg"}],"author":"Not\u00edcias em Destaque","twitter_card":"summary_large_image","twitter_misc":{"Escrito por":"Not\u00edcias em Destaque","Est. tempo de leitura":"2 minutos"},"schema":{"@context":"https:\/\/schema.org","@graph":[{"@type":"Article","@id":"https:\/\/noticiasemdestaque.com\/cd\/?p=42086#article","isPartOf":{"@id":"https:\/\/noticiasemdestaque.com\/cd\/?p=42086"},"author":{"name":"Not\u00edcias em Destaque","@id":"https:\/\/noticiasemdestaque.com\/cd\/#\/schema\/person\/45ca272b3e1246ef14ebb78a48dbb218"},"headline":"Executivo atende indica\u00e7\u00e3o do vereador Ant\u00f4nio Carlos e realiza treinamento sobre primeiros socorros","datePublished":"2022-08-23T21:04:09+00:00","dateModified":"2022-08-23T21:04:46+00:00","mainEntityOfPage":{"@id":"https:\/\/noticiasemdestaque.com\/cd\/?p=42086"},"wordCount":317,"publisher":{"@id":"https:\/\/noticiasemdestaque.com\/cd\/#organization"},"image":{"@id":"https:\/\/noticiasemdestaque.com\/cd\/?p=42086#primaryimage"},"thumbnailUrl":"https:\/\/noticiasemdestaque.com\/cd\/wp-content\/uploads\/2022\/08\/300435876_380602837597411_1757378225514288618_n.jpg","articleSection":["Pol\u00edtica"],"inLanguage":"pt-BR"},{"@type":"WebPage","@id":"https:\/\/noticiasemdestaque.com\/cd\/?p=42086","url":"https:\/\/noticiasemdestaque.com\/cd\/?p=42086","name":"Executivo atende indica\u00e7\u00e3o do vereador Ant\u00f4nio Carlos e realiza treinamento sobre primeiros socorros - Not&iacute;cias em Destaque","isPartOf":{"@id":"https:\/\/noticiasemdestaque.com\/cd\/#website"},"primaryImageOfPage":{"@id":"https:\/\/noticiasemdestaque.com\/cd\/?p=42086#primaryimage"},"image":{"@id":"https:\/\/noticiasemdestaque.com\/cd\/?p=42086#primaryimage"},"thumbnailUrl":"https:\/\/noticiasemdestaque.com\/cd\/wp-content\/uploads\/2022\/08\/300435876_380602837597411_1757378225514288618_n.jpg","datePublished":"2022-08-23T21:04:09+00:00","dateModified":"2022-08-23T21:04:46+00:00","breadcrumb":{"@id":"https:\/\/noticiasemdestaque.com\/cd\/?p=42086#breadcrumb"},"inLanguage":"pt-BR","potentialAction":[{"@type":"ReadAction","target":["https:\/\/noticiasemdestaque.com\/cd\/?p=42086"]}]},{"@type":"ImageObject","inLanguage":"pt-BR","@id":"https:\/\/noticiasemdestaque.com\/cd\/?p=42086#primaryimage","url":"https:\/\/noticiasemdestaque.com\/cd\/wp-content\/uploads\/2022\/08\/300435876_380602837597411_1757378225514288618_n.jpg","contentUrl":"https:\/\/noticiasemdestaque.com\/cd\/wp-content\/uploads\/2022\/08\/300435876_380602837597411_1757378225514288618_n.jpg","width":1280,"height":1280},{"@type":"BreadcrumbList","@id":"https:\/\/noticiasemdestaque.com\/cd\/?p=42086#breadcrumb","itemListElement":[{"@type":"ListItem","position":1,"name":"In\u00edcio","item":"https:\/\/noticiasemdestaque.com\/cd\/"},{"@type":"ListItem","position":2,"name":"Executivo atende indica\u00e7\u00e3o do vereador Ant\u00f4nio Carlos e realiza treinamento sobre primeiros socorros"}]},{"@type":"WebSite","@id":"https:\/\/noticiasemdestaque.com\/cd\/#website","url":"https:\/\/noticiasemdestaque.com\/cd\/","name":"Not&iacute;cias em Destaque","description":"","publisher":{"@id":"https:\/\/noticiasemdestaque.com\/cd\/#organization"},"potentialAction":[{"@type":"SearchAction","target":{"@type":"EntryPoint","urlTemplate":"https:\/\/noticiasemdestaque.com\/cd\/?s={search_term_string}"},"query-input":{"@type":"PropertyValueSpecification","valueRequired":true,"valueName":"search_term_string"}}],"inLanguage":"pt-BR"},{"@type":"Organization","@id":"https:\/\/noticiasemdestaque.com\/cd\/#organization","name":"Not\u00edcias em Destaque","url":"https:\/\/noticiasemdestaque.com\/cd\/","logo":{"@type":"ImageObject","inLanguage":"pt-BR","@id":"https:\/\/noticiasemdestaque.com\/cd\/#\/schema\/logo\/image\/","url":"https:\/\/noticiasemdestaque.com\/cd\/wp-content\/uploads\/2022\/05\/imagem-base-noticiasemdestaque.png","contentUrl":"https:\/\/noticiasemdestaque.com\/cd\/wp-content\/uploads\/2022\/05\/imagem-base-noticiasemdestaque.png","width":1200,"height":630,"caption":"Not\u00edcias em Destaque"},"image":{"@id":"https:\/\/noticiasemdestaque.com\/cd\/#\/schema\/logo\/image\/"}},{"@type":"Person","@id":"https:\/\/noticiasemdestaque.com\/cd\/#\/schema\/person\/45ca272b3e1246ef14ebb78a48dbb218","name":"Not\u00edcias em Destaque","url":"https:\/\/noticiasemdestaque.com\/cd\/?author=2"}]}},"jetpack_featured_media_url":"https:\/\/noticiasemdestaque.com\/cd\/wp-content\/uploads\/2022\/08\/300435876_380602837597411_1757378225514288618_n.jpg","jetpack_sharing_enabled":true,"_links":{"self":[{"href":"https:\/\/noticiasemdestaque.com\/cd\/index.php?rest_route=\/wp\/v2\/posts\/42086","targetHints":{"allow":["GET"]}}],"collection":[{"href":"https:\/\/noticiasemdestaque.com\/cd\/index.php?rest_route=\/wp\/v2\/posts"}],"about":[{"href":"https:\/\/noticiasemdestaque.com\/cd\/index.php?rest_route=\/wp\/v2\/types\/post"}],"author":[{"embeddable":true,"href":"https:\/\/noticiasemdestaque.com\/cd\/index.php?rest_route=\/wp\/v2\/users\/2"}],"replies":[{"embeddable":true,"href":"https:\/\/noticiasemdestaque.com\/cd\/index.php?rest_route=%2Fwp%2Fv2%2Fcomments&post=42086"}],"version-history":[{"count":1,"href":"https:\/\/noticiasemdestaque.com\/cd\/index.php?rest_route=\/wp\/v2\/posts\/42086\/revisions"}],"predecessor-version":[{"id":42088,"href":"https:\/\/noticiasemdestaque.com\/cd\/index.php?rest_route=\/wp\/v2\/posts\/42086\/revisions\/42088"}],"wp:featuredmedia":[{"embeddable":true,"href":"https:\/\/noticiasemdestaque.com\/cd\/index.php?rest_route=\/wp\/v2\/media\/42087"}],"wp:attachment":[{"href":"https:\/\/noticiasemdestaque.com\/cd\/index.php?rest_route=%2Fwp%2Fv2%2Fmedia&parent=42086"}],"wp:term":[{"taxonomy":"category","embeddable":true,"href":"https:\/\/noticiasemdestaque.com\/cd\/index.php?rest_route=%2Fwp%2Fv2%2Fcategories&post=42086"},{"taxonomy":"post_tag","embeddable":true,"href":"https:\/\/noticiasemdestaque.com\/cd\/index.php?rest_route=%2Fwp%2Fv2%2Ftags&post=42086"}],"curies":[{"name":"wp","href":"https:\/\/api.w.org\/{rel}","templated":true}]}}