{"id":42083,"date":"2022-08-23T09:44:59","date_gmt":"2022-08-23T12:44:59","guid":{"rendered":"https:\/\/noticiasemdestaque.com\/cd\/?p=42083"},"modified":"2022-08-23T09:44:59","modified_gmt":"2022-08-23T12:44:59","slug":"eleicao-para-escolha-dos-membros-da-cipa-de-sume-sera-dia-30","status":"publish","type":"post","link":"https:\/\/noticiasemdestaque.com\/cd\/?p=42083","title":{"rendered":"Elei\u00e7\u00e3o para escolha dos membros da CIPA de Sum\u00e9 ser\u00e1 dia 30"},"content":{"rendered":"<p>Come\u00e7a nessa ter\u00e7a-feira, 23, a campanha eleitoral para escolha dos membros que ir\u00e3o compor a Comiss\u00e3o Interna de Preven\u00e7\u00e3o de Acidentes \u2013 CIPA do munic\u00edpio de Sum\u00e9.<\/p>\n<p>A elei\u00e7\u00e3o vai acontecer no dia 30 de agosto e o mandato ser\u00e1 de 02 anos. As inscri\u00e7\u00f5es come\u00e7aram no in\u00edcio do m\u00eas e puderam se inscrever, servidores municipais efetivos, comissionados ou contratados.<\/p>\n<p>Cada secretaria ter\u00e1 direito a 02 representantes: um indicado pela secretaria de administra\u00e7\u00e3o e o outro escolhido em voto aberto pelos servidores das secretarias.<\/p>\n<p>Prevista na Norma Regulamentadora n\u00ba 05, a CIPA tem o objetivo de prevenir os acidentes e doen\u00e7as relacionadas ao trabalho, tornando compat\u00edvel e permanentemente o trabalho com a preserva\u00e7\u00e3o da vida e promo\u00e7\u00e3o da sa\u00fade do trabalhador.<\/p>\n<p><a href=\"https:\/\/www.sume.pb.gov.br\/wp-content\/uploads\/2022\/08\/CRONOGRAMA-ATUAL.pdf\">CRONOGRAMA ATUAL<\/a><\/p>\n<p><a href=\"https:\/\/www.sume.pb.gov.br\/wp-content\/uploads\/2022\/08\/EDITAL-INSCRICOES-CANDIDATOS.pdf\">CANDIDATOS INSCRITOS<\/a><\/p>\n<p><strong>Noticias em Destaque<\/strong><\/p>\n<p style=\"text-align: right;\"><em>Fonte: Ascom\/PMS<\/em><\/p>\n","protected":false},"excerpt":{"rendered":"<p>Come\u00e7a nessa ter\u00e7a-feira, 23, a campanha eleitoral para escolha dos membros que ir\u00e3o compor a Comiss\u00e3o Interna de Preven\u00e7\u00e3o de Acidentes \u2013 CIPA do munic\u00edpio de Sum\u00e9. A elei\u00e7\u00e3o vai acontecer no dia 30 de agosto e o mandato ser\u00e1 de 02 anos. As inscri\u00e7\u00f5es come\u00e7aram no in\u00edcio do m\u00eas e puderam se inscrever, servidores municipais efetivos, comissionados ou contratados. Cada secretaria ter\u00e1 direito a 02 representantes: um indicado pela secretaria de administra\u00e7\u00e3o e o outro escolhido em voto aberto pelos servidores das secretarias. Prevista na Norma Regulamentadora n\u00ba 05, a CIPA tem o objetivo de prevenir os acidentes e doen\u00e7as relacionadas ao trabalho, tornando compat\u00edvel e permanentemente o trabalho com a preserva\u00e7\u00e3o da vida e promo\u00e7\u00e3o da sa\u00fade do trabalhador. CRONOGRAMA ATUAL CANDIDATOS INSCRITOS Noticias em Destaque Fonte: Ascom\/PMS<\/p>\n","protected":false},"author":2,"featured_media":42084,"comment_status":"closed","ping_status":"open","sticky":false,"template":"","format":"standard","meta":{"_eb_attr":"","_jetpack_memberships_contains_paid_content":false,"footnotes":""},"categories":[3],"tags":[],"class_list":["post-42083","post","type-post","status-publish","format-standard","has-post-thumbnail","hentry","category-cidades"],"yoast_head":"<!-- This site is optimized with the Yoast SEO plugin v26.5 - https:\/\/yoast.com\/wordpress\/plugins\/seo\/ -->\n<title>Elei\u00e7\u00e3o para escolha dos membros da CIPA de Sum\u00e9 ser\u00e1 dia 30 - Not&iacute;cias em Destaque<\/title>\n<meta name=\"robots\" content=\"index, follow, max-snippet:-1, max-image-preview:large, max-video-preview:-1\" \/>\n<link rel=\"canonical\" href=\"https:\/\/noticiasemdestaque.com\/cd\/?p=42083\" \/>\n<meta property=\"og:locale\" content=\"pt_BR\" \/>\n<meta property=\"og:type\" content=\"article\" \/>\n<meta property=\"og:title\" content=\"Elei\u00e7\u00e3o para escolha dos membros da CIPA de Sum\u00e9 ser\u00e1 dia 30 - Not&iacute;cias em Destaque\" \/>\n<meta property=\"og:description\" content=\"Come\u00e7a nessa ter\u00e7a-feira, 23, a campanha eleitoral para escolha dos membros que ir\u00e3o compor a Comiss\u00e3o Interna de Preven\u00e7\u00e3o de Acidentes \u2013 CIPA do munic\u00edpio de Sum\u00e9. A elei\u00e7\u00e3o vai acontecer no dia 30 de agosto e o mandato ser\u00e1 de 02 anos. As inscri\u00e7\u00f5es come\u00e7aram no in\u00edcio do m\u00eas e puderam se inscrever, servidores municipais efetivos, comissionados ou contratados. Cada secretaria ter\u00e1 direito a 02 representantes: um indicado pela secretaria de administra\u00e7\u00e3o e o outro escolhido em voto aberto pelos servidores das secretarias. Prevista na Norma Regulamentadora n\u00ba 05, a CIPA tem o objetivo de prevenir os acidentes e doen\u00e7as relacionadas ao trabalho, tornando compat\u00edvel e permanentemente o trabalho com a preserva\u00e7\u00e3o da vida e promo\u00e7\u00e3o da sa\u00fade do trabalhador. CRONOGRAMA ATUAL CANDIDATOS INSCRITOS Noticias em Destaque Fonte: Ascom\/PMS\" \/>\n<meta property=\"og:url\" content=\"https:\/\/noticiasemdestaque.com\/cd\/?p=42083\" \/>\n<meta property=\"og:site_name\" content=\"Not&iacute;cias em Destaque\" \/>\n<meta property=\"article:published_time\" content=\"2022-08-23T12:44:59+00:00\" \/>\n<meta property=\"og:image\" content=\"https:\/\/noticiasemdestaque.com\/cd\/wp-content\/uploads\/2022\/08\/SAUDE-E-SEGURANCA-NO-TRABALHO-400x255-1.jpg\" \/>\n\t<meta property=\"og:image:width\" content=\"400\" \/>\n\t<meta property=\"og:image:height\" content=\"255\" \/>\n\t<meta property=\"og:image:type\" content=\"image\/jpeg\" \/>\n<meta name=\"author\" content=\"Not\u00edcias em Destaque\" \/>\n<meta name=\"twitter:card\" content=\"summary_large_image\" \/>\n<meta name=\"twitter:label1\" content=\"Escrito por\" \/>\n\t<meta name=\"twitter:data1\" content=\"Not\u00edcias em Destaque\" \/>\n\t<meta name=\"twitter:label2\" content=\"Est. tempo de leitura\" \/>\n\t<meta name=\"twitter:data2\" content=\"1 minuto\" \/>\n<script type=\"application\/ld+json\" class=\"yoast-schema-graph\">{\"@context\":\"https:\/\/schema.org\",\"@graph\":[{\"@type\":\"Article\",\"@id\":\"https:\/\/noticiasemdestaque.com\/cd\/?p=42083#article\",\"isPartOf\":{\"@id\":\"https:\/\/noticiasemdestaque.com\/cd\/?p=42083\"},\"author\":{\"name\":\"Not\u00edcias em Destaque\",\"@id\":\"https:\/\/noticiasemdestaque.com\/cd\/#\/schema\/person\/45ca272b3e1246ef14ebb78a48dbb218\"},\"headline\":\"Elei\u00e7\u00e3o para escolha dos membros da CIPA de Sum\u00e9 ser\u00e1 dia 30\",\"datePublished\":\"2022-08-23T12:44:59+00:00\",\"mainEntityOfPage\":{\"@id\":\"https:\/\/noticiasemdestaque.com\/cd\/?p=42083\"},\"wordCount\":154,\"publisher\":{\"@id\":\"https:\/\/noticiasemdestaque.com\/cd\/#organization\"},\"image\":{\"@id\":\"https:\/\/noticiasemdestaque.com\/cd\/?p=42083#primaryimage\"},\"thumbnailUrl\":\"https:\/\/noticiasemdestaque.com\/cd\/wp-content\/uploads\/2022\/08\/SAUDE-E-SEGURANCA-NO-TRABALHO-400x255-1.jpg\",\"articleSection\":[\"Cidades\"],\"inLanguage\":\"pt-BR\"},{\"@type\":\"WebPage\",\"@id\":\"https:\/\/noticiasemdestaque.com\/cd\/?p=42083\",\"url\":\"https:\/\/noticiasemdestaque.com\/cd\/?p=42083\",\"name\":\"Elei\u00e7\u00e3o para escolha dos membros da CIPA de Sum\u00e9 ser\u00e1 dia 30 - Not&iacute;cias em Destaque\",\"isPartOf\":{\"@id\":\"https:\/\/noticiasemdestaque.com\/cd\/#website\"},\"primaryImageOfPage\":{\"@id\":\"https:\/\/noticiasemdestaque.com\/cd\/?p=42083#primaryimage\"},\"image\":{\"@id\":\"https:\/\/noticiasemdestaque.com\/cd\/?p=42083#primaryimage\"},\"thumbnailUrl\":\"https:\/\/noticiasemdestaque.com\/cd\/wp-content\/uploads\/2022\/08\/SAUDE-E-SEGURANCA-NO-TRABALHO-400x255-1.jpg\",\"datePublished\":\"2022-08-23T12:44:59+00:00\",\"breadcrumb\":{\"@id\":\"https:\/\/noticiasemdestaque.com\/cd\/?p=42083#breadcrumb\"},\"inLanguage\":\"pt-BR\",\"potentialAction\":[{\"@type\":\"ReadAction\",\"target\":[\"https:\/\/noticiasemdestaque.com\/cd\/?p=42083\"]}]},{\"@type\":\"ImageObject\",\"inLanguage\":\"pt-BR\",\"@id\":\"https:\/\/noticiasemdestaque.com\/cd\/?p=42083#primaryimage\",\"url\":\"https:\/\/noticiasemdestaque.com\/cd\/wp-content\/uploads\/2022\/08\/SAUDE-E-SEGURANCA-NO-TRABALHO-400x255-1.jpg\",\"contentUrl\":\"https:\/\/noticiasemdestaque.com\/cd\/wp-content\/uploads\/2022\/08\/SAUDE-E-SEGURANCA-NO-TRABALHO-400x255-1.jpg\",\"width\":400,\"height\":255},{\"@type\":\"BreadcrumbList\",\"@id\":\"https:\/\/noticiasemdestaque.com\/cd\/?p=42083#breadcrumb\",\"itemListElement\":[{\"@type\":\"ListItem\",\"position\":1,\"name\":\"In\u00edcio\",\"item\":\"https:\/\/noticiasemdestaque.com\/cd\/\"},{\"@type\":\"ListItem\",\"position\":2,\"name\":\"Elei\u00e7\u00e3o para escolha dos membros da CIPA de Sum\u00e9 ser\u00e1 dia 30\"}]},{\"@type\":\"WebSite\",\"@id\":\"https:\/\/noticiasemdestaque.com\/cd\/#website\",\"url\":\"https:\/\/noticiasemdestaque.com\/cd\/\",\"name\":\"Not&iacute;cias em Destaque\",\"description\":\"\",\"publisher\":{\"@id\":\"https:\/\/noticiasemdestaque.com\/cd\/#organization\"},\"potentialAction\":[{\"@type\":\"SearchAction\",\"target\":{\"@type\":\"EntryPoint\",\"urlTemplate\":\"https:\/\/noticiasemdestaque.com\/cd\/?s={search_term_string}\"},\"query-input\":{\"@type\":\"PropertyValueSpecification\",\"valueRequired\":true,\"valueName\":\"search_term_string\"}}],\"inLanguage\":\"pt-BR\"},{\"@type\":\"Organization\",\"@id\":\"https:\/\/noticiasemdestaque.com\/cd\/#organization\",\"name\":\"Not\u00edcias em Destaque\",\"url\":\"https:\/\/noticiasemdestaque.com\/cd\/\",\"logo\":{\"@type\":\"ImageObject\",\"inLanguage\":\"pt-BR\",\"@id\":\"https:\/\/noticiasemdestaque.com\/cd\/#\/schema\/logo\/image\/\",\"url\":\"https:\/\/noticiasemdestaque.com\/cd\/wp-content\/uploads\/2022\/05\/imagem-base-noticiasemdestaque.png\",\"contentUrl\":\"https:\/\/noticiasemdestaque.com\/cd\/wp-content\/uploads\/2022\/05\/imagem-base-noticiasemdestaque.png\",\"width\":1200,\"height\":630,\"caption\":\"Not\u00edcias em Destaque\"},\"image\":{\"@id\":\"https:\/\/noticiasemdestaque.com\/cd\/#\/schema\/logo\/image\/\"}},{\"@type\":\"Person\",\"@id\":\"https:\/\/noticiasemdestaque.com\/cd\/#\/schema\/person\/45ca272b3e1246ef14ebb78a48dbb218\",\"name\":\"Not\u00edcias em Destaque\",\"url\":\"https:\/\/noticiasemdestaque.com\/cd\/?author=2\"}]}<\/script>\n<!-- \/ Yoast SEO plugin. -->","yoast_head_json":{"title":"Elei\u00e7\u00e3o para escolha dos membros da CIPA de Sum\u00e9 ser\u00e1 dia 30 - Not&iacute;cias em Destaque","robots":{"index":"index","follow":"follow","max-snippet":"max-snippet:-1","max-image-preview":"max-image-preview:large","max-video-preview":"max-video-preview:-1"},"canonical":"https:\/\/noticiasemdestaque.com\/cd\/?p=42083","og_locale":"pt_BR","og_type":"article","og_title":"Elei\u00e7\u00e3o para escolha dos membros da CIPA de Sum\u00e9 ser\u00e1 dia 30 - Not&iacute;cias em Destaque","og_description":"Come\u00e7a nessa ter\u00e7a-feira, 23, a campanha eleitoral para escolha dos membros que ir\u00e3o compor a Comiss\u00e3o Interna de Preven\u00e7\u00e3o de Acidentes \u2013 CIPA do munic\u00edpio de Sum\u00e9. A elei\u00e7\u00e3o vai acontecer no dia 30 de agosto e o mandato ser\u00e1 de 02 anos. As inscri\u00e7\u00f5es come\u00e7aram no in\u00edcio do m\u00eas e puderam se inscrever, servidores municipais efetivos, comissionados ou contratados. Cada secretaria ter\u00e1 direito a 02 representantes: um indicado pela secretaria de administra\u00e7\u00e3o e o outro escolhido em voto aberto pelos servidores das secretarias. Prevista na Norma Regulamentadora n\u00ba 05, a CIPA tem o objetivo de prevenir os acidentes e doen\u00e7as relacionadas ao trabalho, tornando compat\u00edvel e permanentemente o trabalho com a preserva\u00e7\u00e3o da vida e promo\u00e7\u00e3o da sa\u00fade do trabalhador. CRONOGRAMA ATUAL CANDIDATOS INSCRITOS Noticias em Destaque Fonte: Ascom\/PMS","og_url":"https:\/\/noticiasemdestaque.com\/cd\/?p=42083","og_site_name":"Not&iacute;cias em Destaque","article_published_time":"2022-08-23T12:44:59+00:00","og_image":[{"width":400,"height":255,"url":"https:\/\/noticiasemdestaque.com\/cd\/wp-content\/uploads\/2022\/08\/SAUDE-E-SEGURANCA-NO-TRABALHO-400x255-1.jpg","type":"image\/jpeg"}],"author":"Not\u00edcias em Destaque","twitter_card":"summary_large_image","twitter_misc":{"Escrito por":"Not\u00edcias em Destaque","Est. tempo de leitura":"1 minuto"},"schema":{"@context":"https:\/\/schema.org","@graph":[{"@type":"Article","@id":"https:\/\/noticiasemdestaque.com\/cd\/?p=42083#article","isPartOf":{"@id":"https:\/\/noticiasemdestaque.com\/cd\/?p=42083"},"author":{"name":"Not\u00edcias em Destaque","@id":"https:\/\/noticiasemdestaque.com\/cd\/#\/schema\/person\/45ca272b3e1246ef14ebb78a48dbb218"},"headline":"Elei\u00e7\u00e3o para escolha dos membros da CIPA de Sum\u00e9 ser\u00e1 dia 30","datePublished":"2022-08-23T12:44:59+00:00","mainEntityOfPage":{"@id":"https:\/\/noticiasemdestaque.com\/cd\/?p=42083"},"wordCount":154,"publisher":{"@id":"https:\/\/noticiasemdestaque.com\/cd\/#organization"},"image":{"@id":"https:\/\/noticiasemdestaque.com\/cd\/?p=42083#primaryimage"},"thumbnailUrl":"https:\/\/noticiasemdestaque.com\/cd\/wp-content\/uploads\/2022\/08\/SAUDE-E-SEGURANCA-NO-TRABALHO-400x255-1.jpg","articleSection":["Cidades"],"inLanguage":"pt-BR"},{"@type":"WebPage","@id":"https:\/\/noticiasemdestaque.com\/cd\/?p=42083","url":"https:\/\/noticiasemdestaque.com\/cd\/?p=42083","name":"Elei\u00e7\u00e3o para escolha dos membros da CIPA de Sum\u00e9 ser\u00e1 dia 30 - Not&iacute;cias em Destaque","isPartOf":{"@id":"https:\/\/noticiasemdestaque.com\/cd\/#website"},"primaryImageOfPage":{"@id":"https:\/\/noticiasemdestaque.com\/cd\/?p=42083#primaryimage"},"image":{"@id":"https:\/\/noticiasemdestaque.com\/cd\/?p=42083#primaryimage"},"thumbnailUrl":"https:\/\/noticiasemdestaque.com\/cd\/wp-content\/uploads\/2022\/08\/SAUDE-E-SEGURANCA-NO-TRABALHO-400x255-1.jpg","datePublished":"2022-08-23T12:44:59+00:00","breadcrumb":{"@id":"https:\/\/noticiasemdestaque.com\/cd\/?p=42083#breadcrumb"},"inLanguage":"pt-BR","potentialAction":[{"@type":"ReadAction","target":["https:\/\/noticiasemdestaque.com\/cd\/?p=42083"]}]},{"@type":"ImageObject","inLanguage":"pt-BR","@id":"https:\/\/noticiasemdestaque.com\/cd\/?p=42083#primaryimage","url":"https:\/\/noticiasemdestaque.com\/cd\/wp-content\/uploads\/2022\/08\/SAUDE-E-SEGURANCA-NO-TRABALHO-400x255-1.jpg","contentUrl":"https:\/\/noticiasemdestaque.com\/cd\/wp-content\/uploads\/2022\/08\/SAUDE-E-SEGURANCA-NO-TRABALHO-400x255-1.jpg","width":400,"height":255},{"@type":"BreadcrumbList","@id":"https:\/\/noticiasemdestaque.com\/cd\/?p=42083#breadcrumb","itemListElement":[{"@type":"ListItem","position":1,"name":"In\u00edcio","item":"https:\/\/noticiasemdestaque.com\/cd\/"},{"@type":"ListItem","position":2,"name":"Elei\u00e7\u00e3o para escolha dos membros da CIPA de Sum\u00e9 ser\u00e1 dia 30"}]},{"@type":"WebSite","@id":"https:\/\/noticiasemdestaque.com\/cd\/#website","url":"https:\/\/noticiasemdestaque.com\/cd\/","name":"Not&iacute;cias em Destaque","description":"","publisher":{"@id":"https:\/\/noticiasemdestaque.com\/cd\/#organization"},"potentialAction":[{"@type":"SearchAction","target":{"@type":"EntryPoint","urlTemplate":"https:\/\/noticiasemdestaque.com\/cd\/?s={search_term_string}"},"query-input":{"@type":"PropertyValueSpecification","valueRequired":true,"valueName":"search_term_string"}}],"inLanguage":"pt-BR"},{"@type":"Organization","@id":"https:\/\/noticiasemdestaque.com\/cd\/#organization","name":"Not\u00edcias em Destaque","url":"https:\/\/noticiasemdestaque.com\/cd\/","logo":{"@type":"ImageObject","inLanguage":"pt-BR","@id":"https:\/\/noticiasemdestaque.com\/cd\/#\/schema\/logo\/image\/","url":"https:\/\/noticiasemdestaque.com\/cd\/wp-content\/uploads\/2022\/05\/imagem-base-noticiasemdestaque.png","contentUrl":"https:\/\/noticiasemdestaque.com\/cd\/wp-content\/uploads\/2022\/05\/imagem-base-noticiasemdestaque.png","width":1200,"height":630,"caption":"Not\u00edcias em Destaque"},"image":{"@id":"https:\/\/noticiasemdestaque.com\/cd\/#\/schema\/logo\/image\/"}},{"@type":"Person","@id":"https:\/\/noticiasemdestaque.com\/cd\/#\/schema\/person\/45ca272b3e1246ef14ebb78a48dbb218","name":"Not\u00edcias em Destaque","url":"https:\/\/noticiasemdestaque.com\/cd\/?author=2"}]}},"jetpack_featured_media_url":"https:\/\/noticiasemdestaque.com\/cd\/wp-content\/uploads\/2022\/08\/SAUDE-E-SEGURANCA-NO-TRABALHO-400x255-1.jpg","jetpack_sharing_enabled":true,"_links":{"self":[{"href":"https:\/\/noticiasemdestaque.com\/cd\/index.php?rest_route=\/wp\/v2\/posts\/42083","targetHints":{"allow":["GET"]}}],"collection":[{"href":"https:\/\/noticiasemdestaque.com\/cd\/index.php?rest_route=\/wp\/v2\/posts"}],"about":[{"href":"https:\/\/noticiasemdestaque.com\/cd\/index.php?rest_route=\/wp\/v2\/types\/post"}],"author":[{"embeddable":true,"href":"https:\/\/noticiasemdestaque.com\/cd\/index.php?rest_route=\/wp\/v2\/users\/2"}],"replies":[{"embeddable":true,"href":"https:\/\/noticiasemdestaque.com\/cd\/index.php?rest_route=%2Fwp%2Fv2%2Fcomments&post=42083"}],"version-history":[{"count":1,"href":"https:\/\/noticiasemdestaque.com\/cd\/index.php?rest_route=\/wp\/v2\/posts\/42083\/revisions"}],"predecessor-version":[{"id":42085,"href":"https:\/\/noticiasemdestaque.com\/cd\/index.php?rest_route=\/wp\/v2\/posts\/42083\/revisions\/42085"}],"wp:featuredmedia":[{"embeddable":true,"href":"https:\/\/noticiasemdestaque.com\/cd\/index.php?rest_route=\/wp\/v2\/media\/42084"}],"wp:attachment":[{"href":"https:\/\/noticiasemdestaque.com\/cd\/index.php?rest_route=%2Fwp%2Fv2%2Fmedia&parent=42083"}],"wp:term":[{"taxonomy":"category","embeddable":true,"href":"https:\/\/noticiasemdestaque.com\/cd\/index.php?rest_route=%2Fwp%2Fv2%2Fcategories&post=42083"},{"taxonomy":"post_tag","embeddable":true,"href":"https:\/\/noticiasemdestaque.com\/cd\/index.php?rest_route=%2Fwp%2Fv2%2Ftags&post=42083"}],"curies":[{"name":"wp","href":"https:\/\/api.w.org\/{rel}","templated":true}]}}