{"id":42080,"date":"2022-08-23T09:34:11","date_gmt":"2022-08-23T12:34:11","guid":{"rendered":"https:\/\/noticiasemdestaque.com\/cd\/?p=42080"},"modified":"2022-08-23T09:34:11","modified_gmt":"2022-08-23T12:34:11","slug":"gaeco-cgu-e-policia-civil-deflagram-operacao-conjunta-em-dois-municipios-da-pb","status":"publish","type":"post","link":"https:\/\/noticiasemdestaque.com\/cd\/?p=42080","title":{"rendered":"Gaeco, CGU e Pol\u00edcia Civil deflagram opera\u00e7\u00e3o conjunta em dois munic\u00edpios da PB"},"content":{"rendered":"<p><img fetchpriority=\"high\" decoding=\"async\" class=\"\" src=\"https:\/\/i1.wp.com\/www.maispb.com.br\/wp-content\/uploads\/2021\/04\/7b0ec79b-f33d-419a-8b76-99b831051b6e.jpeg?fit=590%2C332&amp;quality=90&amp;strip=all&amp;ssl=1\" width=\"841\" height=\"473\" \/><\/p>\n<p>O Grupo de Atua\u00e7\u00e3o Especial Contra o Crime Organizado (GAECO) deflagrou na manh\u00e3 desta ter\u00e7a-feira (23) uma \u201cOpera\u00e7\u00e3o Ap\u00e1tia\u201d, em conjunto com a Controladoria-Geral da Uni\u00e3o e a Pol\u00edcia Civil, em Sap\u00e9 e Sobrado.<\/p>\n<p>As investiga\u00e7\u00f5es s\u00e3o oriundas da Promotoria de Justi\u00e7a de Sap\u00e9 e objetivam apurar os fatos relacionados a uma poss\u00edvel ocorr\u00eancia de usurpa\u00e7\u00e3o de fun\u00e7\u00e3o p\u00fablica no \u00e2mbito da Secretaria de Finan\u00e7as de Sap\u00e9, por meio da nomea\u00e7\u00e3o de servidor p\u00fablico, em janeiro de 2021, pelo prefeito de Sap\u00e9, para exercer o cargo comissionado de secret\u00e1rio de Finan\u00e7as, mesmo tendo sido condenado por a\u00e7\u00e3o de improbidade e ter as suas contas reprovadas pelo Tribunal de Contas do Estado da Para\u00edba (TCE-PB), quando era presidente da C\u00e2mara Municipal de Sobrado-PB.<\/p>\n<p>Ap\u00f3s recomenda\u00e7\u00e3o do MPPB o servidor foi exonerado pelo prefeito, em 04\/05\/2021, no entanto a persecu\u00e7\u00e3o penal detectou que ele continuava exercendo de fato as fun\u00e7\u00f5es de secret\u00e1rio de Finan\u00e7as de Sap\u00e9, por meio de manobras ilegais envolvendo outros agentes p\u00fablicos.<\/p>\n<p>Est\u00e3o sendo cumpridos dois mandados judiciais de busca e apreens\u00e3o em endere\u00e7os do investigado, nos munic\u00edpios de Sobrado-PB e Sap\u00e9-PB. O trabalho conta com a participa\u00e7\u00e3o de 3 equipes do GAECO, 2 equipes da CGU e 2 equipes da Pol\u00edcia Civil.<\/p>\n<p><strong>Noticias em Destaque<\/strong><\/p>\n<p style=\"text-align: right;\"><em>Fonte: Mais PB<\/em><\/p>\n","protected":false},"excerpt":{"rendered":"<p>O Grupo de Atua\u00e7\u00e3o Especial Contra o Crime Organizado (GAECO) deflagrou na manh\u00e3 desta ter\u00e7a-feira (23) uma \u201cOpera\u00e7\u00e3o Ap\u00e1tia\u201d, em conjunto com a Controladoria-Geral da Uni\u00e3o e a Pol\u00edcia Civil, em Sap\u00e9 e Sobrado. As investiga\u00e7\u00f5es s\u00e3o oriundas da Promotoria de Justi\u00e7a de Sap\u00e9 e objetivam apurar os fatos relacionados a uma poss\u00edvel ocorr\u00eancia de usurpa\u00e7\u00e3o de fun\u00e7\u00e3o p\u00fablica no \u00e2mbito da Secretaria de Finan\u00e7as de Sap\u00e9, por meio da nomea\u00e7\u00e3o de servidor p\u00fablico, em janeiro de 2021, pelo prefeito de Sap\u00e9, para exercer o cargo comissionado de secret\u00e1rio de Finan\u00e7as, mesmo tendo sido condenado por a\u00e7\u00e3o de improbidade e ter as suas contas reprovadas pelo Tribunal de Contas do Estado da Para\u00edba (TCE-PB), quando era presidente da C\u00e2mara Municipal de Sobrado-PB. Ap\u00f3s recomenda\u00e7\u00e3o do MPPB o servidor foi exonerado pelo prefeito, em 04\/05\/2021, no entanto a persecu\u00e7\u00e3o penal detectou que ele continuava exercendo de fato as fun\u00e7\u00f5es de secret\u00e1rio de Finan\u00e7as de Sap\u00e9, por meio de manobras ilegais envolvendo outros agentes p\u00fablicos. Est\u00e3o sendo cumpridos dois mandados judiciais de busca e apreens\u00e3o em endere\u00e7os do investigado, nos munic\u00edpios de Sobrado-PB e Sap\u00e9-PB. O trabalho conta com a participa\u00e7\u00e3o de 3 equipes do GAECO, 2 equipes da CGU e 2 equipes da Pol\u00edcia Civil. Noticias em Destaque Fonte: Mais PB<\/p>\n","protected":false},"author":2,"featured_media":42081,"comment_status":"closed","ping_status":"open","sticky":false,"template":"","format":"standard","meta":{"_eb_attr":"","_jetpack_memberships_contains_paid_content":false,"footnotes":""},"categories":[20],"tags":[],"class_list":["post-42080","post","type-post","status-publish","format-standard","has-post-thumbnail","hentry","category-policia"],"yoast_head":"<!-- This site is optimized with the Yoast SEO plugin v26.5 - https:\/\/yoast.com\/wordpress\/plugins\/seo\/ -->\n<title>Gaeco, CGU e Pol\u00edcia Civil deflagram opera\u00e7\u00e3o conjunta em dois munic\u00edpios da PB - Not&iacute;cias em Destaque<\/title>\n<meta name=\"robots\" content=\"index, follow, max-snippet:-1, max-image-preview:large, max-video-preview:-1\" \/>\n<link rel=\"canonical\" href=\"https:\/\/noticiasemdestaque.com\/cd\/?p=42080\" \/>\n<meta property=\"og:locale\" content=\"pt_BR\" \/>\n<meta property=\"og:type\" content=\"article\" \/>\n<meta property=\"og:title\" content=\"Gaeco, CGU e Pol\u00edcia Civil deflagram opera\u00e7\u00e3o conjunta em dois munic\u00edpios da PB - Not&iacute;cias em Destaque\" \/>\n<meta property=\"og:description\" content=\"O Grupo de Atua\u00e7\u00e3o Especial Contra o Crime Organizado (GAECO) deflagrou na manh\u00e3 desta ter\u00e7a-feira (23) uma \u201cOpera\u00e7\u00e3o Ap\u00e1tia\u201d, em conjunto com a Controladoria-Geral da Uni\u00e3o e a Pol\u00edcia Civil, em Sap\u00e9 e Sobrado. As investiga\u00e7\u00f5es s\u00e3o oriundas da Promotoria de Justi\u00e7a de Sap\u00e9 e objetivam apurar os fatos relacionados a uma poss\u00edvel ocorr\u00eancia de usurpa\u00e7\u00e3o de fun\u00e7\u00e3o p\u00fablica no \u00e2mbito da Secretaria de Finan\u00e7as de Sap\u00e9, por meio da nomea\u00e7\u00e3o de servidor p\u00fablico, em janeiro de 2021, pelo prefeito de Sap\u00e9, para exercer o cargo comissionado de secret\u00e1rio de Finan\u00e7as, mesmo tendo sido condenado por a\u00e7\u00e3o de improbidade e ter as suas contas reprovadas pelo Tribunal de Contas do Estado da Para\u00edba (TCE-PB), quando era presidente da C\u00e2mara Municipal de Sobrado-PB. Ap\u00f3s recomenda\u00e7\u00e3o do MPPB o servidor foi exonerado pelo prefeito, em 04\/05\/2021, no entanto a persecu\u00e7\u00e3o penal detectou que ele continuava exercendo de fato as fun\u00e7\u00f5es de secret\u00e1rio de Finan\u00e7as de Sap\u00e9, por meio de manobras ilegais envolvendo outros agentes p\u00fablicos. Est\u00e3o sendo cumpridos dois mandados judiciais de busca e apreens\u00e3o em endere\u00e7os do investigado, nos munic\u00edpios de Sobrado-PB e Sap\u00e9-PB. O trabalho conta com a participa\u00e7\u00e3o de 3 equipes do GAECO, 2 equipes da CGU e 2 equipes da Pol\u00edcia Civil. Noticias em Destaque Fonte: Mais PB\" \/>\n<meta property=\"og:url\" content=\"https:\/\/noticiasemdestaque.com\/cd\/?p=42080\" \/>\n<meta property=\"og:site_name\" content=\"Not&iacute;cias em Destaque\" \/>\n<meta property=\"article:published_time\" content=\"2022-08-23T12:34:11+00:00\" \/>\n<meta property=\"og:image\" content=\"https:\/\/noticiasemdestaque.com\/cd\/wp-content\/uploads\/2022\/08\/Gaeco-.jpg\" \/>\n\t<meta property=\"og:image:width\" content=\"590\" \/>\n\t<meta property=\"og:image:height\" content=\"307\" \/>\n\t<meta property=\"og:image:type\" content=\"image\/jpeg\" \/>\n<meta name=\"author\" content=\"Not\u00edcias em Destaque\" \/>\n<meta name=\"twitter:card\" content=\"summary_large_image\" \/>\n<meta name=\"twitter:label1\" content=\"Escrito por\" \/>\n\t<meta name=\"twitter:data1\" content=\"Not\u00edcias em Destaque\" \/>\n\t<meta name=\"twitter:label2\" content=\"Est. tempo de leitura\" \/>\n\t<meta name=\"twitter:data2\" content=\"2 minutos\" \/>\n<script type=\"application\/ld+json\" class=\"yoast-schema-graph\">{\"@context\":\"https:\/\/schema.org\",\"@graph\":[{\"@type\":\"Article\",\"@id\":\"https:\/\/noticiasemdestaque.com\/cd\/?p=42080#article\",\"isPartOf\":{\"@id\":\"https:\/\/noticiasemdestaque.com\/cd\/?p=42080\"},\"author\":{\"name\":\"Not\u00edcias em Destaque\",\"@id\":\"https:\/\/noticiasemdestaque.com\/cd\/#\/schema\/person\/45ca272b3e1246ef14ebb78a48dbb218\"},\"headline\":\"Gaeco, CGU e Pol\u00edcia Civil deflagram opera\u00e7\u00e3o conjunta em dois munic\u00edpios da PB\",\"datePublished\":\"2022-08-23T12:34:11+00:00\",\"mainEntityOfPage\":{\"@id\":\"https:\/\/noticiasemdestaque.com\/cd\/?p=42080\"},\"wordCount\":256,\"publisher\":{\"@id\":\"https:\/\/noticiasemdestaque.com\/cd\/#organization\"},\"image\":{\"@id\":\"https:\/\/noticiasemdestaque.com\/cd\/?p=42080#primaryimage\"},\"thumbnailUrl\":\"https:\/\/noticiasemdestaque.com\/cd\/wp-content\/uploads\/2022\/08\/Gaeco-.jpg\",\"articleSection\":[\"Pol\u00edcia\"],\"inLanguage\":\"pt-BR\"},{\"@type\":\"WebPage\",\"@id\":\"https:\/\/noticiasemdestaque.com\/cd\/?p=42080\",\"url\":\"https:\/\/noticiasemdestaque.com\/cd\/?p=42080\",\"name\":\"Gaeco, CGU e Pol\u00edcia Civil deflagram opera\u00e7\u00e3o conjunta em dois munic\u00edpios da PB - Not&iacute;cias em Destaque\",\"isPartOf\":{\"@id\":\"https:\/\/noticiasemdestaque.com\/cd\/#website\"},\"primaryImageOfPage\":{\"@id\":\"https:\/\/noticiasemdestaque.com\/cd\/?p=42080#primaryimage\"},\"image\":{\"@id\":\"https:\/\/noticiasemdestaque.com\/cd\/?p=42080#primaryimage\"},\"thumbnailUrl\":\"https:\/\/noticiasemdestaque.com\/cd\/wp-content\/uploads\/2022\/08\/Gaeco-.jpg\",\"datePublished\":\"2022-08-23T12:34:11+00:00\",\"breadcrumb\":{\"@id\":\"https:\/\/noticiasemdestaque.com\/cd\/?p=42080#breadcrumb\"},\"inLanguage\":\"pt-BR\",\"potentialAction\":[{\"@type\":\"ReadAction\",\"target\":[\"https:\/\/noticiasemdestaque.com\/cd\/?p=42080\"]}]},{\"@type\":\"ImageObject\",\"inLanguage\":\"pt-BR\",\"@id\":\"https:\/\/noticiasemdestaque.com\/cd\/?p=42080#primaryimage\",\"url\":\"https:\/\/noticiasemdestaque.com\/cd\/wp-content\/uploads\/2022\/08\/Gaeco-.jpg\",\"contentUrl\":\"https:\/\/noticiasemdestaque.com\/cd\/wp-content\/uploads\/2022\/08\/Gaeco-.jpg\",\"width\":590,\"height\":307},{\"@type\":\"BreadcrumbList\",\"@id\":\"https:\/\/noticiasemdestaque.com\/cd\/?p=42080#breadcrumb\",\"itemListElement\":[{\"@type\":\"ListItem\",\"position\":1,\"name\":\"In\u00edcio\",\"item\":\"https:\/\/noticiasemdestaque.com\/cd\/\"},{\"@type\":\"ListItem\",\"position\":2,\"name\":\"Gaeco, CGU e Pol\u00edcia Civil deflagram opera\u00e7\u00e3o conjunta em dois munic\u00edpios da PB\"}]},{\"@type\":\"WebSite\",\"@id\":\"https:\/\/noticiasemdestaque.com\/cd\/#website\",\"url\":\"https:\/\/noticiasemdestaque.com\/cd\/\",\"name\":\"Not&iacute;cias em Destaque\",\"description\":\"\",\"publisher\":{\"@id\":\"https:\/\/noticiasemdestaque.com\/cd\/#organization\"},\"potentialAction\":[{\"@type\":\"SearchAction\",\"target\":{\"@type\":\"EntryPoint\",\"urlTemplate\":\"https:\/\/noticiasemdestaque.com\/cd\/?s={search_term_string}\"},\"query-input\":{\"@type\":\"PropertyValueSpecification\",\"valueRequired\":true,\"valueName\":\"search_term_string\"}}],\"inLanguage\":\"pt-BR\"},{\"@type\":\"Organization\",\"@id\":\"https:\/\/noticiasemdestaque.com\/cd\/#organization\",\"name\":\"Not\u00edcias em Destaque\",\"url\":\"https:\/\/noticiasemdestaque.com\/cd\/\",\"logo\":{\"@type\":\"ImageObject\",\"inLanguage\":\"pt-BR\",\"@id\":\"https:\/\/noticiasemdestaque.com\/cd\/#\/schema\/logo\/image\/\",\"url\":\"https:\/\/noticiasemdestaque.com\/cd\/wp-content\/uploads\/2022\/05\/imagem-base-noticiasemdestaque.png\",\"contentUrl\":\"https:\/\/noticiasemdestaque.com\/cd\/wp-content\/uploads\/2022\/05\/imagem-base-noticiasemdestaque.png\",\"width\":1200,\"height\":630,\"caption\":\"Not\u00edcias em Destaque\"},\"image\":{\"@id\":\"https:\/\/noticiasemdestaque.com\/cd\/#\/schema\/logo\/image\/\"}},{\"@type\":\"Person\",\"@id\":\"https:\/\/noticiasemdestaque.com\/cd\/#\/schema\/person\/45ca272b3e1246ef14ebb78a48dbb218\",\"name\":\"Not\u00edcias em Destaque\",\"url\":\"https:\/\/noticiasemdestaque.com\/cd\/?author=2\"}]}<\/script>\n<!-- \/ Yoast SEO plugin. -->","yoast_head_json":{"title":"Gaeco, CGU e Pol\u00edcia Civil deflagram opera\u00e7\u00e3o conjunta em dois munic\u00edpios da PB - Not&iacute;cias em Destaque","robots":{"index":"index","follow":"follow","max-snippet":"max-snippet:-1","max-image-preview":"max-image-preview:large","max-video-preview":"max-video-preview:-1"},"canonical":"https:\/\/noticiasemdestaque.com\/cd\/?p=42080","og_locale":"pt_BR","og_type":"article","og_title":"Gaeco, CGU e Pol\u00edcia Civil deflagram opera\u00e7\u00e3o conjunta em dois munic\u00edpios da PB - Not&iacute;cias em Destaque","og_description":"O Grupo de Atua\u00e7\u00e3o Especial Contra o Crime Organizado (GAECO) deflagrou na manh\u00e3 desta ter\u00e7a-feira (23) uma \u201cOpera\u00e7\u00e3o Ap\u00e1tia\u201d, em conjunto com a Controladoria-Geral da Uni\u00e3o e a Pol\u00edcia Civil, em Sap\u00e9 e Sobrado. As investiga\u00e7\u00f5es s\u00e3o oriundas da Promotoria de Justi\u00e7a de Sap\u00e9 e objetivam apurar os fatos relacionados a uma poss\u00edvel ocorr\u00eancia de usurpa\u00e7\u00e3o de fun\u00e7\u00e3o p\u00fablica no \u00e2mbito da Secretaria de Finan\u00e7as de Sap\u00e9, por meio da nomea\u00e7\u00e3o de servidor p\u00fablico, em janeiro de 2021, pelo prefeito de Sap\u00e9, para exercer o cargo comissionado de secret\u00e1rio de Finan\u00e7as, mesmo tendo sido condenado por a\u00e7\u00e3o de improbidade e ter as suas contas reprovadas pelo Tribunal de Contas do Estado da Para\u00edba (TCE-PB), quando era presidente da C\u00e2mara Municipal de Sobrado-PB. Ap\u00f3s recomenda\u00e7\u00e3o do MPPB o servidor foi exonerado pelo prefeito, em 04\/05\/2021, no entanto a persecu\u00e7\u00e3o penal detectou que ele continuava exercendo de fato as fun\u00e7\u00f5es de secret\u00e1rio de Finan\u00e7as de Sap\u00e9, por meio de manobras ilegais envolvendo outros agentes p\u00fablicos. Est\u00e3o sendo cumpridos dois mandados judiciais de busca e apreens\u00e3o em endere\u00e7os do investigado, nos munic\u00edpios de Sobrado-PB e Sap\u00e9-PB. O trabalho conta com a participa\u00e7\u00e3o de 3 equipes do GAECO, 2 equipes da CGU e 2 equipes da Pol\u00edcia Civil. Noticias em Destaque Fonte: Mais PB","og_url":"https:\/\/noticiasemdestaque.com\/cd\/?p=42080","og_site_name":"Not&iacute;cias em Destaque","article_published_time":"2022-08-23T12:34:11+00:00","og_image":[{"width":590,"height":307,"url":"https:\/\/noticiasemdestaque.com\/cd\/wp-content\/uploads\/2022\/08\/Gaeco-.jpg","type":"image\/jpeg"}],"author":"Not\u00edcias em Destaque","twitter_card":"summary_large_image","twitter_misc":{"Escrito por":"Not\u00edcias em Destaque","Est. tempo de leitura":"2 minutos"},"schema":{"@context":"https:\/\/schema.org","@graph":[{"@type":"Article","@id":"https:\/\/noticiasemdestaque.com\/cd\/?p=42080#article","isPartOf":{"@id":"https:\/\/noticiasemdestaque.com\/cd\/?p=42080"},"author":{"name":"Not\u00edcias em Destaque","@id":"https:\/\/noticiasemdestaque.com\/cd\/#\/schema\/person\/45ca272b3e1246ef14ebb78a48dbb218"},"headline":"Gaeco, CGU e Pol\u00edcia Civil deflagram opera\u00e7\u00e3o conjunta em dois munic\u00edpios da PB","datePublished":"2022-08-23T12:34:11+00:00","mainEntityOfPage":{"@id":"https:\/\/noticiasemdestaque.com\/cd\/?p=42080"},"wordCount":256,"publisher":{"@id":"https:\/\/noticiasemdestaque.com\/cd\/#organization"},"image":{"@id":"https:\/\/noticiasemdestaque.com\/cd\/?p=42080#primaryimage"},"thumbnailUrl":"https:\/\/noticiasemdestaque.com\/cd\/wp-content\/uploads\/2022\/08\/Gaeco-.jpg","articleSection":["Pol\u00edcia"],"inLanguage":"pt-BR"},{"@type":"WebPage","@id":"https:\/\/noticiasemdestaque.com\/cd\/?p=42080","url":"https:\/\/noticiasemdestaque.com\/cd\/?p=42080","name":"Gaeco, CGU e Pol\u00edcia Civil deflagram opera\u00e7\u00e3o conjunta em dois munic\u00edpios da PB - Not&iacute;cias em Destaque","isPartOf":{"@id":"https:\/\/noticiasemdestaque.com\/cd\/#website"},"primaryImageOfPage":{"@id":"https:\/\/noticiasemdestaque.com\/cd\/?p=42080#primaryimage"},"image":{"@id":"https:\/\/noticiasemdestaque.com\/cd\/?p=42080#primaryimage"},"thumbnailUrl":"https:\/\/noticiasemdestaque.com\/cd\/wp-content\/uploads\/2022\/08\/Gaeco-.jpg","datePublished":"2022-08-23T12:34:11+00:00","breadcrumb":{"@id":"https:\/\/noticiasemdestaque.com\/cd\/?p=42080#breadcrumb"},"inLanguage":"pt-BR","potentialAction":[{"@type":"ReadAction","target":["https:\/\/noticiasemdestaque.com\/cd\/?p=42080"]}]},{"@type":"ImageObject","inLanguage":"pt-BR","@id":"https:\/\/noticiasemdestaque.com\/cd\/?p=42080#primaryimage","url":"https:\/\/noticiasemdestaque.com\/cd\/wp-content\/uploads\/2022\/08\/Gaeco-.jpg","contentUrl":"https:\/\/noticiasemdestaque.com\/cd\/wp-content\/uploads\/2022\/08\/Gaeco-.jpg","width":590,"height":307},{"@type":"BreadcrumbList","@id":"https:\/\/noticiasemdestaque.com\/cd\/?p=42080#breadcrumb","itemListElement":[{"@type":"ListItem","position":1,"name":"In\u00edcio","item":"https:\/\/noticiasemdestaque.com\/cd\/"},{"@type":"ListItem","position":2,"name":"Gaeco, CGU e Pol\u00edcia Civil deflagram opera\u00e7\u00e3o conjunta em dois munic\u00edpios da PB"}]},{"@type":"WebSite","@id":"https:\/\/noticiasemdestaque.com\/cd\/#website","url":"https:\/\/noticiasemdestaque.com\/cd\/","name":"Not&iacute;cias em Destaque","description":"","publisher":{"@id":"https:\/\/noticiasemdestaque.com\/cd\/#organization"},"potentialAction":[{"@type":"SearchAction","target":{"@type":"EntryPoint","urlTemplate":"https:\/\/noticiasemdestaque.com\/cd\/?s={search_term_string}"},"query-input":{"@type":"PropertyValueSpecification","valueRequired":true,"valueName":"search_term_string"}}],"inLanguage":"pt-BR"},{"@type":"Organization","@id":"https:\/\/noticiasemdestaque.com\/cd\/#organization","name":"Not\u00edcias em Destaque","url":"https:\/\/noticiasemdestaque.com\/cd\/","logo":{"@type":"ImageObject","inLanguage":"pt-BR","@id":"https:\/\/noticiasemdestaque.com\/cd\/#\/schema\/logo\/image\/","url":"https:\/\/noticiasemdestaque.com\/cd\/wp-content\/uploads\/2022\/05\/imagem-base-noticiasemdestaque.png","contentUrl":"https:\/\/noticiasemdestaque.com\/cd\/wp-content\/uploads\/2022\/05\/imagem-base-noticiasemdestaque.png","width":1200,"height":630,"caption":"Not\u00edcias em Destaque"},"image":{"@id":"https:\/\/noticiasemdestaque.com\/cd\/#\/schema\/logo\/image\/"}},{"@type":"Person","@id":"https:\/\/noticiasemdestaque.com\/cd\/#\/schema\/person\/45ca272b3e1246ef14ebb78a48dbb218","name":"Not\u00edcias em Destaque","url":"https:\/\/noticiasemdestaque.com\/cd\/?author=2"}]}},"jetpack_featured_media_url":"https:\/\/noticiasemdestaque.com\/cd\/wp-content\/uploads\/2022\/08\/Gaeco-.jpg","jetpack_sharing_enabled":true,"_links":{"self":[{"href":"https:\/\/noticiasemdestaque.com\/cd\/index.php?rest_route=\/wp\/v2\/posts\/42080","targetHints":{"allow":["GET"]}}],"collection":[{"href":"https:\/\/noticiasemdestaque.com\/cd\/index.php?rest_route=\/wp\/v2\/posts"}],"about":[{"href":"https:\/\/noticiasemdestaque.com\/cd\/index.php?rest_route=\/wp\/v2\/types\/post"}],"author":[{"embeddable":true,"href":"https:\/\/noticiasemdestaque.com\/cd\/index.php?rest_route=\/wp\/v2\/users\/2"}],"replies":[{"embeddable":true,"href":"https:\/\/noticiasemdestaque.com\/cd\/index.php?rest_route=%2Fwp%2Fv2%2Fcomments&post=42080"}],"version-history":[{"count":1,"href":"https:\/\/noticiasemdestaque.com\/cd\/index.php?rest_route=\/wp\/v2\/posts\/42080\/revisions"}],"predecessor-version":[{"id":42082,"href":"https:\/\/noticiasemdestaque.com\/cd\/index.php?rest_route=\/wp\/v2\/posts\/42080\/revisions\/42082"}],"wp:featuredmedia":[{"embeddable":true,"href":"https:\/\/noticiasemdestaque.com\/cd\/index.php?rest_route=\/wp\/v2\/media\/42081"}],"wp:attachment":[{"href":"https:\/\/noticiasemdestaque.com\/cd\/index.php?rest_route=%2Fwp%2Fv2%2Fmedia&parent=42080"}],"wp:term":[{"taxonomy":"category","embeddable":true,"href":"https:\/\/noticiasemdestaque.com\/cd\/index.php?rest_route=%2Fwp%2Fv2%2Fcategories&post=42080"},{"taxonomy":"post_tag","embeddable":true,"href":"https:\/\/noticiasemdestaque.com\/cd\/index.php?rest_route=%2Fwp%2Fv2%2Ftags&post=42080"}],"curies":[{"name":"wp","href":"https:\/\/api.w.org\/{rel}","templated":true}]}}