{"id":42077,"date":"2022-08-23T09:18:30","date_gmt":"2022-08-23T12:18:30","guid":{"rendered":"https:\/\/noticiasemdestaque.com\/cd\/?p=42077"},"modified":"2022-08-23T09:18:30","modified_gmt":"2022-08-23T12:18:30","slug":"jovem-de-20-anos-morre-de-traumatismo-craniano-apos-levar-soco-do-pai-no-sertao-da-paraiba","status":"publish","type":"post","link":"https:\/\/noticiasemdestaque.com\/cd\/?p=42077","title":{"rendered":"Jovem de 20 anos morre de traumatismo craniano ap\u00f3s levar soco do pai no Sert\u00e3o da Para\u00edba"},"content":{"rendered":"<p><a href=\"https:\/\/noticiasemdestaque.com\/cd\/wp-content\/uploads\/2022\/08\/jovem_morta.jpg\"><img fetchpriority=\"high\" decoding=\"async\" class=\"wp-image-42078 aligncenter\" src=\"https:\/\/noticiasemdestaque.com\/cd\/wp-content\/uploads\/2022\/08\/jovem_morta-300x200.jpg\" alt=\"\" width=\"695\" height=\"463\" srcset=\"https:\/\/noticiasemdestaque.com\/cd\/wp-content\/uploads\/2022\/08\/jovem_morta-300x200.jpg 300w, https:\/\/noticiasemdestaque.com\/cd\/wp-content\/uploads\/2022\/08\/jovem_morta-768x513.jpg 768w, https:\/\/noticiasemdestaque.com\/cd\/wp-content\/uploads\/2022\/08\/jovem_morta-18x12.jpg 18w, https:\/\/noticiasemdestaque.com\/cd\/wp-content\/uploads\/2022\/08\/jovem_morta.jpg 876w\" sizes=\"(max-width: 695px) 100vw, 695px\" \/><\/a><\/p>\n<p>A jovem Michelle Macena de Andrade Nascimento, de 20 anos de idade, faleceu na noite deste s\u00e1bado (20), na cidade de Sousa, ap\u00f3s ser internada apresentando sinais de trauma na cabe\u00e7a. A jovem residia no munic\u00edpio de Uira\u00fana, Sert\u00e3o paraibano e o\u00a0caso ser\u00e1 investigado pela Pol\u00edcia Civil.<\/p>\n<p>De acordo com o\u00a0delegado Ilamilton Simpl\u00edcio, superintendente da Seccional de Cajazeiras da Pol\u00edcia Civil da Para\u00edba, a m\u00e3e da v\u00edtima, relatou que Michelle \u00a0havia tido uma discuss\u00e3o o pai na \u00faltima sexta-feira (19) durante a\u00a0 qual levou um soco.\u00a0Desde ent\u00e3o a filha se queixava de dor de cabe\u00e7a e \u00e2nsia de v\u00f4mito. As suspeitas \u00e9 de que um murro dado pelo pr\u00f3prio pai\u00a0tenha provocado o traumatismo e consequentemente, a morte da jovem.<\/p>\n<p>A briga teria come\u00e7ado ap\u00f3s o irm\u00e3o da v\u00edtima sujar o fog\u00e3o da casa que ela tinha limpado poucos minutos antes.<\/p>\n<p>A Pol\u00edcia Militar s\u00f3 foi acionada ap\u00f3s um familiar da jovem\u00a0 causar transtorno no hospital ao saber do m\u00e9dico de plant\u00e3o que Michelle teria falecido devido a uma pancada na cabe\u00e7a, o que provocou um co\u00e1gulo.\u00a0Ap\u00f3s constatado o co\u00e1gulo na cabe\u00e7a da jovem, ela foi transferida para a UTI, mas n\u00e3o resistiu.<\/p>\n<p>O corpo foi encaminhado ao Instituto M\u00e9dico Legal\u00a0(IML) de Cajazeiras para mais exames.<\/p>\n<p>O delegado disse tamb\u00e9m que os demais integrantes da fam\u00edlia est\u00e3o consternados e de luto e que por isso resolveu esperar o vel\u00f3rio e o enterro serem realizados para s\u00f3 ent\u00e3o intimar os familiares para prestar depoimentos sobre o caso.<\/p>\n<p><strong><em>Noticias em Destaque<\/em><\/strong><\/p>\n<p style=\"text-align: right;\"><em>Fonte: De Olho no Cariri com Click PB<\/em><\/p>\n","protected":false},"excerpt":{"rendered":"<p>A jovem Michelle Macena de Andrade Nascimento, de 20 anos de idade, faleceu na noite deste s\u00e1bado (20), na cidade de Sousa, ap\u00f3s ser internada apresentando sinais de trauma na cabe\u00e7a. A jovem residia no munic\u00edpio de Uira\u00fana, Sert\u00e3o paraibano e o\u00a0caso ser\u00e1 investigado pela Pol\u00edcia Civil. De acordo com o\u00a0delegado Ilamilton Simpl\u00edcio, superintendente da Seccional de Cajazeiras da Pol\u00edcia Civil da Para\u00edba, a m\u00e3e da v\u00edtima, relatou que Michelle \u00a0havia tido uma discuss\u00e3o o pai na \u00faltima sexta-feira (19) durante a\u00a0 qual levou um soco.\u00a0Desde ent\u00e3o a filha se queixava de dor de cabe\u00e7a e \u00e2nsia de v\u00f4mito. As suspeitas \u00e9 de que um murro dado pelo pr\u00f3prio pai\u00a0tenha provocado o traumatismo e consequentemente, a morte da jovem. A briga teria come\u00e7ado ap\u00f3s o irm\u00e3o da v\u00edtima sujar o fog\u00e3o da casa que ela tinha limpado poucos minutos antes. A Pol\u00edcia Militar s\u00f3 foi acionada ap\u00f3s um familiar da jovem\u00a0 causar transtorno no hospital ao saber do m\u00e9dico de plant\u00e3o que Michelle teria falecido devido a uma pancada na cabe\u00e7a, o que provocou um co\u00e1gulo.\u00a0Ap\u00f3s constatado o co\u00e1gulo na cabe\u00e7a da jovem, ela foi transferida para a UTI, mas n\u00e3o resistiu. O corpo foi encaminhado ao Instituto M\u00e9dico Legal\u00a0(IML) de Cajazeiras para mais exames. O delegado disse tamb\u00e9m que os demais integrantes da fam\u00edlia est\u00e3o consternados e de luto e que por isso resolveu esperar o vel\u00f3rio e o enterro serem realizados para s\u00f3 ent\u00e3o intimar os familiares para prestar depoimentos sobre o caso. Noticias em Destaque Fonte: De Olho no Cariri com Click PB<\/p>\n","protected":false},"author":2,"featured_media":42078,"comment_status":"closed","ping_status":"open","sticky":false,"template":"","format":"standard","meta":{"_eb_attr":"","_jetpack_memberships_contains_paid_content":false,"footnotes":""},"categories":[20],"tags":[],"class_list":["post-42077","post","type-post","status-publish","format-standard","has-post-thumbnail","hentry","category-policia"],"yoast_head":"<!-- This site is optimized with the Yoast SEO plugin v26.5 - https:\/\/yoast.com\/wordpress\/plugins\/seo\/ -->\n<title>Jovem de 20 anos morre de traumatismo craniano ap\u00f3s levar soco do pai no Sert\u00e3o da Para\u00edba - Not&iacute;cias em Destaque<\/title>\n<meta name=\"robots\" content=\"index, follow, max-snippet:-1, max-image-preview:large, max-video-preview:-1\" \/>\n<link rel=\"canonical\" href=\"https:\/\/noticiasemdestaque.com\/cd\/?p=42077\" \/>\n<meta property=\"og:locale\" content=\"pt_BR\" \/>\n<meta property=\"og:type\" content=\"article\" \/>\n<meta property=\"og:title\" content=\"Jovem de 20 anos morre de traumatismo craniano ap\u00f3s levar soco do pai no Sert\u00e3o da Para\u00edba - Not&iacute;cias em Destaque\" \/>\n<meta property=\"og:description\" content=\"A jovem Michelle Macena de Andrade Nascimento, de 20 anos de idade, faleceu na noite deste s\u00e1bado (20), na cidade de Sousa, ap\u00f3s ser internada apresentando sinais de trauma na cabe\u00e7a. A jovem residia no munic\u00edpio de Uira\u00fana, Sert\u00e3o paraibano e o\u00a0caso ser\u00e1 investigado pela Pol\u00edcia Civil. De acordo com o\u00a0delegado Ilamilton Simpl\u00edcio, superintendente da Seccional de Cajazeiras da Pol\u00edcia Civil da Para\u00edba, a m\u00e3e da v\u00edtima, relatou que Michelle \u00a0havia tido uma discuss\u00e3o o pai na \u00faltima sexta-feira (19) durante a\u00a0 qual levou um soco.\u00a0Desde ent\u00e3o a filha se queixava de dor de cabe\u00e7a e \u00e2nsia de v\u00f4mito. As suspeitas \u00e9 de que um murro dado pelo pr\u00f3prio pai\u00a0tenha provocado o traumatismo e consequentemente, a morte da jovem. A briga teria come\u00e7ado ap\u00f3s o irm\u00e3o da v\u00edtima sujar o fog\u00e3o da casa que ela tinha limpado poucos minutos antes. A Pol\u00edcia Militar s\u00f3 foi acionada ap\u00f3s um familiar da jovem\u00a0 causar transtorno no hospital ao saber do m\u00e9dico de plant\u00e3o que Michelle teria falecido devido a uma pancada na cabe\u00e7a, o que provocou um co\u00e1gulo.\u00a0Ap\u00f3s constatado o co\u00e1gulo na cabe\u00e7a da jovem, ela foi transferida para a UTI, mas n\u00e3o resistiu. O corpo foi encaminhado ao Instituto M\u00e9dico Legal\u00a0(IML) de Cajazeiras para mais exames. O delegado disse tamb\u00e9m que os demais integrantes da fam\u00edlia est\u00e3o consternados e de luto e que por isso resolveu esperar o vel\u00f3rio e o enterro serem realizados para s\u00f3 ent\u00e3o intimar os familiares para prestar depoimentos sobre o caso. Noticias em Destaque Fonte: De Olho no Cariri com Click PB\" \/>\n<meta property=\"og:url\" content=\"https:\/\/noticiasemdestaque.com\/cd\/?p=42077\" \/>\n<meta property=\"og:site_name\" content=\"Not&iacute;cias em Destaque\" \/>\n<meta property=\"article:published_time\" content=\"2022-08-23T12:18:30+00:00\" \/>\n<meta property=\"og:image\" content=\"https:\/\/noticiasemdestaque.com\/cd\/wp-content\/uploads\/2022\/08\/jovem_morta.jpg\" \/>\n\t<meta property=\"og:image:width\" content=\"876\" \/>\n\t<meta property=\"og:image:height\" content=\"585\" \/>\n\t<meta property=\"og:image:type\" content=\"image\/jpeg\" \/>\n<meta name=\"author\" content=\"Not\u00edcias em Destaque\" \/>\n<meta name=\"twitter:card\" content=\"summary_large_image\" \/>\n<meta name=\"twitter:label1\" content=\"Escrito por\" \/>\n\t<meta name=\"twitter:data1\" content=\"Not\u00edcias em Destaque\" \/>\n\t<meta name=\"twitter:label2\" content=\"Est. tempo de leitura\" \/>\n\t<meta name=\"twitter:data2\" content=\"2 minutos\" \/>\n<script type=\"application\/ld+json\" class=\"yoast-schema-graph\">{\"@context\":\"https:\/\/schema.org\",\"@graph\":[{\"@type\":\"Article\",\"@id\":\"https:\/\/noticiasemdestaque.com\/cd\/?p=42077#article\",\"isPartOf\":{\"@id\":\"https:\/\/noticiasemdestaque.com\/cd\/?p=42077\"},\"author\":{\"name\":\"Not\u00edcias em Destaque\",\"@id\":\"https:\/\/noticiasemdestaque.com\/cd\/#\/schema\/person\/45ca272b3e1246ef14ebb78a48dbb218\"},\"headline\":\"Jovem de 20 anos morre de traumatismo craniano ap\u00f3s levar soco do pai no Sert\u00e3o da Para\u00edba\",\"datePublished\":\"2022-08-23T12:18:30+00:00\",\"mainEntityOfPage\":{\"@id\":\"https:\/\/noticiasemdestaque.com\/cd\/?p=42077\"},\"wordCount\":315,\"publisher\":{\"@id\":\"https:\/\/noticiasemdestaque.com\/cd\/#organization\"},\"image\":{\"@id\":\"https:\/\/noticiasemdestaque.com\/cd\/?p=42077#primaryimage\"},\"thumbnailUrl\":\"https:\/\/noticiasemdestaque.com\/cd\/wp-content\/uploads\/2022\/08\/jovem_morta.jpg\",\"articleSection\":[\"Pol\u00edcia\"],\"inLanguage\":\"pt-BR\"},{\"@type\":\"WebPage\",\"@id\":\"https:\/\/noticiasemdestaque.com\/cd\/?p=42077\",\"url\":\"https:\/\/noticiasemdestaque.com\/cd\/?p=42077\",\"name\":\"Jovem de 20 anos morre de traumatismo craniano ap\u00f3s levar soco do pai no Sert\u00e3o da Para\u00edba - Not&iacute;cias em Destaque\",\"isPartOf\":{\"@id\":\"https:\/\/noticiasemdestaque.com\/cd\/#website\"},\"primaryImageOfPage\":{\"@id\":\"https:\/\/noticiasemdestaque.com\/cd\/?p=42077#primaryimage\"},\"image\":{\"@id\":\"https:\/\/noticiasemdestaque.com\/cd\/?p=42077#primaryimage\"},\"thumbnailUrl\":\"https:\/\/noticiasemdestaque.com\/cd\/wp-content\/uploads\/2022\/08\/jovem_morta.jpg\",\"datePublished\":\"2022-08-23T12:18:30+00:00\",\"breadcrumb\":{\"@id\":\"https:\/\/noticiasemdestaque.com\/cd\/?p=42077#breadcrumb\"},\"inLanguage\":\"pt-BR\",\"potentialAction\":[{\"@type\":\"ReadAction\",\"target\":[\"https:\/\/noticiasemdestaque.com\/cd\/?p=42077\"]}]},{\"@type\":\"ImageObject\",\"inLanguage\":\"pt-BR\",\"@id\":\"https:\/\/noticiasemdestaque.com\/cd\/?p=42077#primaryimage\",\"url\":\"https:\/\/noticiasemdestaque.com\/cd\/wp-content\/uploads\/2022\/08\/jovem_morta.jpg\",\"contentUrl\":\"https:\/\/noticiasemdestaque.com\/cd\/wp-content\/uploads\/2022\/08\/jovem_morta.jpg\",\"width\":876,\"height\":585},{\"@type\":\"BreadcrumbList\",\"@id\":\"https:\/\/noticiasemdestaque.com\/cd\/?p=42077#breadcrumb\",\"itemListElement\":[{\"@type\":\"ListItem\",\"position\":1,\"name\":\"In\u00edcio\",\"item\":\"https:\/\/noticiasemdestaque.com\/cd\/\"},{\"@type\":\"ListItem\",\"position\":2,\"name\":\"Jovem de 20 anos morre de traumatismo craniano ap\u00f3s levar soco do pai no Sert\u00e3o da Para\u00edba\"}]},{\"@type\":\"WebSite\",\"@id\":\"https:\/\/noticiasemdestaque.com\/cd\/#website\",\"url\":\"https:\/\/noticiasemdestaque.com\/cd\/\",\"name\":\"Not&iacute;cias em Destaque\",\"description\":\"\",\"publisher\":{\"@id\":\"https:\/\/noticiasemdestaque.com\/cd\/#organization\"},\"potentialAction\":[{\"@type\":\"SearchAction\",\"target\":{\"@type\":\"EntryPoint\",\"urlTemplate\":\"https:\/\/noticiasemdestaque.com\/cd\/?s={search_term_string}\"},\"query-input\":{\"@type\":\"PropertyValueSpecification\",\"valueRequired\":true,\"valueName\":\"search_term_string\"}}],\"inLanguage\":\"pt-BR\"},{\"@type\":\"Organization\",\"@id\":\"https:\/\/noticiasemdestaque.com\/cd\/#organization\",\"name\":\"Not\u00edcias em Destaque\",\"url\":\"https:\/\/noticiasemdestaque.com\/cd\/\",\"logo\":{\"@type\":\"ImageObject\",\"inLanguage\":\"pt-BR\",\"@id\":\"https:\/\/noticiasemdestaque.com\/cd\/#\/schema\/logo\/image\/\",\"url\":\"https:\/\/noticiasemdestaque.com\/cd\/wp-content\/uploads\/2022\/05\/imagem-base-noticiasemdestaque.png\",\"contentUrl\":\"https:\/\/noticiasemdestaque.com\/cd\/wp-content\/uploads\/2022\/05\/imagem-base-noticiasemdestaque.png\",\"width\":1200,\"height\":630,\"caption\":\"Not\u00edcias em Destaque\"},\"image\":{\"@id\":\"https:\/\/noticiasemdestaque.com\/cd\/#\/schema\/logo\/image\/\"}},{\"@type\":\"Person\",\"@id\":\"https:\/\/noticiasemdestaque.com\/cd\/#\/schema\/person\/45ca272b3e1246ef14ebb78a48dbb218\",\"name\":\"Not\u00edcias em Destaque\",\"url\":\"https:\/\/noticiasemdestaque.com\/cd\/?author=2\"}]}<\/script>\n<!-- \/ Yoast SEO plugin. -->","yoast_head_json":{"title":"Jovem de 20 anos morre de traumatismo craniano ap\u00f3s levar soco do pai no Sert\u00e3o da Para\u00edba - Not&iacute;cias em Destaque","robots":{"index":"index","follow":"follow","max-snippet":"max-snippet:-1","max-image-preview":"max-image-preview:large","max-video-preview":"max-video-preview:-1"},"canonical":"https:\/\/noticiasemdestaque.com\/cd\/?p=42077","og_locale":"pt_BR","og_type":"article","og_title":"Jovem de 20 anos morre de traumatismo craniano ap\u00f3s levar soco do pai no Sert\u00e3o da Para\u00edba - Not&iacute;cias em Destaque","og_description":"A jovem Michelle Macena de Andrade Nascimento, de 20 anos de idade, faleceu na noite deste s\u00e1bado (20), na cidade de Sousa, ap\u00f3s ser internada apresentando sinais de trauma na cabe\u00e7a. A jovem residia no munic\u00edpio de Uira\u00fana, Sert\u00e3o paraibano e o\u00a0caso ser\u00e1 investigado pela Pol\u00edcia Civil. De acordo com o\u00a0delegado Ilamilton Simpl\u00edcio, superintendente da Seccional de Cajazeiras da Pol\u00edcia Civil da Para\u00edba, a m\u00e3e da v\u00edtima, relatou que Michelle \u00a0havia tido uma discuss\u00e3o o pai na \u00faltima sexta-feira (19) durante a\u00a0 qual levou um soco.\u00a0Desde ent\u00e3o a filha se queixava de dor de cabe\u00e7a e \u00e2nsia de v\u00f4mito. As suspeitas \u00e9 de que um murro dado pelo pr\u00f3prio pai\u00a0tenha provocado o traumatismo e consequentemente, a morte da jovem. A briga teria come\u00e7ado ap\u00f3s o irm\u00e3o da v\u00edtima sujar o fog\u00e3o da casa que ela tinha limpado poucos minutos antes. A Pol\u00edcia Militar s\u00f3 foi acionada ap\u00f3s um familiar da jovem\u00a0 causar transtorno no hospital ao saber do m\u00e9dico de plant\u00e3o que Michelle teria falecido devido a uma pancada na cabe\u00e7a, o que provocou um co\u00e1gulo.\u00a0Ap\u00f3s constatado o co\u00e1gulo na cabe\u00e7a da jovem, ela foi transferida para a UTI, mas n\u00e3o resistiu. O corpo foi encaminhado ao Instituto M\u00e9dico Legal\u00a0(IML) de Cajazeiras para mais exames. O delegado disse tamb\u00e9m que os demais integrantes da fam\u00edlia est\u00e3o consternados e de luto e que por isso resolveu esperar o vel\u00f3rio e o enterro serem realizados para s\u00f3 ent\u00e3o intimar os familiares para prestar depoimentos sobre o caso. Noticias em Destaque Fonte: De Olho no Cariri com Click PB","og_url":"https:\/\/noticiasemdestaque.com\/cd\/?p=42077","og_site_name":"Not&iacute;cias em Destaque","article_published_time":"2022-08-23T12:18:30+00:00","og_image":[{"width":876,"height":585,"url":"https:\/\/noticiasemdestaque.com\/cd\/wp-content\/uploads\/2022\/08\/jovem_morta.jpg","type":"image\/jpeg"}],"author":"Not\u00edcias em Destaque","twitter_card":"summary_large_image","twitter_misc":{"Escrito por":"Not\u00edcias em Destaque","Est. tempo de leitura":"2 minutos"},"schema":{"@context":"https:\/\/schema.org","@graph":[{"@type":"Article","@id":"https:\/\/noticiasemdestaque.com\/cd\/?p=42077#article","isPartOf":{"@id":"https:\/\/noticiasemdestaque.com\/cd\/?p=42077"},"author":{"name":"Not\u00edcias em Destaque","@id":"https:\/\/noticiasemdestaque.com\/cd\/#\/schema\/person\/45ca272b3e1246ef14ebb78a48dbb218"},"headline":"Jovem de 20 anos morre de traumatismo craniano ap\u00f3s levar soco do pai no Sert\u00e3o da Para\u00edba","datePublished":"2022-08-23T12:18:30+00:00","mainEntityOfPage":{"@id":"https:\/\/noticiasemdestaque.com\/cd\/?p=42077"},"wordCount":315,"publisher":{"@id":"https:\/\/noticiasemdestaque.com\/cd\/#organization"},"image":{"@id":"https:\/\/noticiasemdestaque.com\/cd\/?p=42077#primaryimage"},"thumbnailUrl":"https:\/\/noticiasemdestaque.com\/cd\/wp-content\/uploads\/2022\/08\/jovem_morta.jpg","articleSection":["Pol\u00edcia"],"inLanguage":"pt-BR"},{"@type":"WebPage","@id":"https:\/\/noticiasemdestaque.com\/cd\/?p=42077","url":"https:\/\/noticiasemdestaque.com\/cd\/?p=42077","name":"Jovem de 20 anos morre de traumatismo craniano ap\u00f3s levar soco do pai no Sert\u00e3o da Para\u00edba - Not&iacute;cias em Destaque","isPartOf":{"@id":"https:\/\/noticiasemdestaque.com\/cd\/#website"},"primaryImageOfPage":{"@id":"https:\/\/noticiasemdestaque.com\/cd\/?p=42077#primaryimage"},"image":{"@id":"https:\/\/noticiasemdestaque.com\/cd\/?p=42077#primaryimage"},"thumbnailUrl":"https:\/\/noticiasemdestaque.com\/cd\/wp-content\/uploads\/2022\/08\/jovem_morta.jpg","datePublished":"2022-08-23T12:18:30+00:00","breadcrumb":{"@id":"https:\/\/noticiasemdestaque.com\/cd\/?p=42077#breadcrumb"},"inLanguage":"pt-BR","potentialAction":[{"@type":"ReadAction","target":["https:\/\/noticiasemdestaque.com\/cd\/?p=42077"]}]},{"@type":"ImageObject","inLanguage":"pt-BR","@id":"https:\/\/noticiasemdestaque.com\/cd\/?p=42077#primaryimage","url":"https:\/\/noticiasemdestaque.com\/cd\/wp-content\/uploads\/2022\/08\/jovem_morta.jpg","contentUrl":"https:\/\/noticiasemdestaque.com\/cd\/wp-content\/uploads\/2022\/08\/jovem_morta.jpg","width":876,"height":585},{"@type":"BreadcrumbList","@id":"https:\/\/noticiasemdestaque.com\/cd\/?p=42077#breadcrumb","itemListElement":[{"@type":"ListItem","position":1,"name":"In\u00edcio","item":"https:\/\/noticiasemdestaque.com\/cd\/"},{"@type":"ListItem","position":2,"name":"Jovem de 20 anos morre de traumatismo craniano ap\u00f3s levar soco do pai no Sert\u00e3o da Para\u00edba"}]},{"@type":"WebSite","@id":"https:\/\/noticiasemdestaque.com\/cd\/#website","url":"https:\/\/noticiasemdestaque.com\/cd\/","name":"Not&iacute;cias em Destaque","description":"","publisher":{"@id":"https:\/\/noticiasemdestaque.com\/cd\/#organization"},"potentialAction":[{"@type":"SearchAction","target":{"@type":"EntryPoint","urlTemplate":"https:\/\/noticiasemdestaque.com\/cd\/?s={search_term_string}"},"query-input":{"@type":"PropertyValueSpecification","valueRequired":true,"valueName":"search_term_string"}}],"inLanguage":"pt-BR"},{"@type":"Organization","@id":"https:\/\/noticiasemdestaque.com\/cd\/#organization","name":"Not\u00edcias em Destaque","url":"https:\/\/noticiasemdestaque.com\/cd\/","logo":{"@type":"ImageObject","inLanguage":"pt-BR","@id":"https:\/\/noticiasemdestaque.com\/cd\/#\/schema\/logo\/image\/","url":"https:\/\/noticiasemdestaque.com\/cd\/wp-content\/uploads\/2022\/05\/imagem-base-noticiasemdestaque.png","contentUrl":"https:\/\/noticiasemdestaque.com\/cd\/wp-content\/uploads\/2022\/05\/imagem-base-noticiasemdestaque.png","width":1200,"height":630,"caption":"Not\u00edcias em Destaque"},"image":{"@id":"https:\/\/noticiasemdestaque.com\/cd\/#\/schema\/logo\/image\/"}},{"@type":"Person","@id":"https:\/\/noticiasemdestaque.com\/cd\/#\/schema\/person\/45ca272b3e1246ef14ebb78a48dbb218","name":"Not\u00edcias em Destaque","url":"https:\/\/noticiasemdestaque.com\/cd\/?author=2"}]}},"jetpack_featured_media_url":"https:\/\/noticiasemdestaque.com\/cd\/wp-content\/uploads\/2022\/08\/jovem_morta.jpg","jetpack_sharing_enabled":true,"_links":{"self":[{"href":"https:\/\/noticiasemdestaque.com\/cd\/index.php?rest_route=\/wp\/v2\/posts\/42077","targetHints":{"allow":["GET"]}}],"collection":[{"href":"https:\/\/noticiasemdestaque.com\/cd\/index.php?rest_route=\/wp\/v2\/posts"}],"about":[{"href":"https:\/\/noticiasemdestaque.com\/cd\/index.php?rest_route=\/wp\/v2\/types\/post"}],"author":[{"embeddable":true,"href":"https:\/\/noticiasemdestaque.com\/cd\/index.php?rest_route=\/wp\/v2\/users\/2"}],"replies":[{"embeddable":true,"href":"https:\/\/noticiasemdestaque.com\/cd\/index.php?rest_route=%2Fwp%2Fv2%2Fcomments&post=42077"}],"version-history":[{"count":1,"href":"https:\/\/noticiasemdestaque.com\/cd\/index.php?rest_route=\/wp\/v2\/posts\/42077\/revisions"}],"predecessor-version":[{"id":42079,"href":"https:\/\/noticiasemdestaque.com\/cd\/index.php?rest_route=\/wp\/v2\/posts\/42077\/revisions\/42079"}],"wp:featuredmedia":[{"embeddable":true,"href":"https:\/\/noticiasemdestaque.com\/cd\/index.php?rest_route=\/wp\/v2\/media\/42078"}],"wp:attachment":[{"href":"https:\/\/noticiasemdestaque.com\/cd\/index.php?rest_route=%2Fwp%2Fv2%2Fmedia&parent=42077"}],"wp:term":[{"taxonomy":"category","embeddable":true,"href":"https:\/\/noticiasemdestaque.com\/cd\/index.php?rest_route=%2Fwp%2Fv2%2Fcategories&post=42077"},{"taxonomy":"post_tag","embeddable":true,"href":"https:\/\/noticiasemdestaque.com\/cd\/index.php?rest_route=%2Fwp%2Fv2%2Ftags&post=42077"}],"curies":[{"name":"wp","href":"https:\/\/api.w.org\/{rel}","templated":true}]}}