{"id":42055,"date":"2022-08-22T09:13:39","date_gmt":"2022-08-22T12:13:39","guid":{"rendered":"https:\/\/noticiasemdestaque.com\/cd\/?p=42055"},"modified":"2022-08-22T09:13:39","modified_gmt":"2022-08-22T12:13:39","slug":"piloto-de-parapente-morre-apos-cair-durante-voo-em-alagoa-grande","status":"publish","type":"post","link":"https:\/\/noticiasemdestaque.com\/cd\/?p=42055","title":{"rendered":"Piloto de parapente morre ap\u00f3s cair durante voo em Alagoa Grande"},"content":{"rendered":"<p><a href=\"https:\/\/noticiasemdestaque.com\/cd\/wp-content\/uploads\/2022\/08\/20220821_122518.jpg\"><img fetchpriority=\"high\" decoding=\"async\" class=\"alignnone  wp-image-42056\" src=\"https:\/\/noticiasemdestaque.com\/cd\/wp-content\/uploads\/2022\/08\/20220821_122518-300x200.jpg\" alt=\"\" width=\"834\" height=\"556\" srcset=\"https:\/\/noticiasemdestaque.com\/cd\/wp-content\/uploads\/2022\/08\/20220821_122518-300x200.jpg 300w, https:\/\/noticiasemdestaque.com\/cd\/wp-content\/uploads\/2022\/08\/20220821_122518-768x513.jpg 768w, https:\/\/noticiasemdestaque.com\/cd\/wp-content\/uploads\/2022\/08\/20220821_122518-18x12.jpg 18w, https:\/\/noticiasemdestaque.com\/cd\/wp-content\/uploads\/2022\/08\/20220821_122518.jpg 876w\" sizes=\"(max-width: 834px) 100vw, 834px\" \/><\/a><\/p>\n<p>Um jovem de 26 anos que estava realizando um voo de parapente faleceu no in\u00edcio da tarde deste domingo (21), no munic\u00edpio de Alagoa Grande, no brejo do estado. De acordo com informa\u00e7\u00f5es de populares, Alexandre Pereira Alves era iniciante no esporte e estaria com um grupo que realizava\u00a0v\u00f4os de instru\u00e7\u00e3o numa rampa quando tentou sobrevoar a regi\u00e3o.<\/p>\n<p>Ele teria tentado fazer uma manobra e ap\u00f3s n\u00e3o conseguir, perdeu o controle. A v\u00edtima caiu ao solo nas imedia\u00e7\u00f5es da Vila Nova, conhecida comunidade local.<\/p>\n<p>Moradores chegaram a acionar o Servi\u00e7o de Atendimento M\u00f3vel de Urg\u00eancia (Samu) que constatou o \u00f3bito.<\/p>\n<p>Alexandre era natural de Matur\u00e9ia e residia em Campina Grande.<\/p>\n<p><strong>Noticias em Destaque<\/strong><\/p>\n<p style=\"text-align: right;\"><em>Fonte: Click PB<\/em><\/p>\n","protected":false},"excerpt":{"rendered":"<p>Um jovem de 26 anos que estava realizando um voo de parapente faleceu no in\u00edcio da tarde deste domingo (21), no munic\u00edpio de Alagoa Grande, no brejo do estado. De acordo com informa\u00e7\u00f5es de populares, Alexandre Pereira Alves era iniciante no esporte e estaria com um grupo que realizava\u00a0v\u00f4os de instru\u00e7\u00e3o numa rampa quando tentou sobrevoar a regi\u00e3o. Ele teria tentado fazer uma manobra e ap\u00f3s n\u00e3o conseguir, perdeu o controle. A v\u00edtima caiu ao solo nas imedia\u00e7\u00f5es da Vila Nova, conhecida comunidade local. Moradores chegaram a acionar o Servi\u00e7o de Atendimento M\u00f3vel de Urg\u00eancia (Samu) que constatou o \u00f3bito. Alexandre era natural de Matur\u00e9ia e residia em Campina Grande. Noticias em Destaque Fonte: Click PB<\/p>\n","protected":false},"author":2,"featured_media":42056,"comment_status":"closed","ping_status":"open","sticky":false,"template":"","format":"standard","meta":{"_eb_attr":"","_jetpack_memberships_contains_paid_content":false,"footnotes":""},"categories":[20],"tags":[],"class_list":["post-42055","post","type-post","status-publish","format-standard","has-post-thumbnail","hentry","category-policia"],"yoast_head":"<!-- This site is optimized with the Yoast SEO plugin v26.5 - https:\/\/yoast.com\/wordpress\/plugins\/seo\/ -->\n<title>Piloto de parapente morre ap\u00f3s cair durante voo em Alagoa Grande - Not&iacute;cias em Destaque<\/title>\n<meta name=\"robots\" content=\"index, follow, max-snippet:-1, max-image-preview:large, max-video-preview:-1\" \/>\n<link rel=\"canonical\" href=\"https:\/\/noticiasemdestaque.com\/cd\/?p=42055\" \/>\n<meta property=\"og:locale\" content=\"pt_BR\" \/>\n<meta property=\"og:type\" content=\"article\" \/>\n<meta property=\"og:title\" content=\"Piloto de parapente morre ap\u00f3s cair durante voo em Alagoa Grande - Not&iacute;cias em Destaque\" \/>\n<meta property=\"og:description\" content=\"Um jovem de 26 anos que estava realizando um voo de parapente faleceu no in\u00edcio da tarde deste domingo (21), no munic\u00edpio de Alagoa Grande, no brejo do estado. De acordo com informa\u00e7\u00f5es de populares, Alexandre Pereira Alves era iniciante no esporte e estaria com um grupo que realizava\u00a0v\u00f4os de instru\u00e7\u00e3o numa rampa quando tentou sobrevoar a regi\u00e3o. Ele teria tentado fazer uma manobra e ap\u00f3s n\u00e3o conseguir, perdeu o controle. A v\u00edtima caiu ao solo nas imedia\u00e7\u00f5es da Vila Nova, conhecida comunidade local. Moradores chegaram a acionar o Servi\u00e7o de Atendimento M\u00f3vel de Urg\u00eancia (Samu) que constatou o \u00f3bito. Alexandre era natural de Matur\u00e9ia e residia em Campina Grande. Noticias em Destaque Fonte: Click PB\" \/>\n<meta property=\"og:url\" content=\"https:\/\/noticiasemdestaque.com\/cd\/?p=42055\" \/>\n<meta property=\"og:site_name\" content=\"Not&iacute;cias em Destaque\" \/>\n<meta property=\"article:published_time\" content=\"2022-08-22T12:13:39+00:00\" \/>\n<meta property=\"og:image\" content=\"https:\/\/noticiasemdestaque.com\/cd\/wp-content\/uploads\/2022\/08\/20220821_122518.jpg\" \/>\n\t<meta property=\"og:image:width\" content=\"876\" \/>\n\t<meta property=\"og:image:height\" content=\"585\" \/>\n\t<meta property=\"og:image:type\" content=\"image\/jpeg\" \/>\n<meta name=\"author\" content=\"Not\u00edcias em Destaque\" \/>\n<meta name=\"twitter:card\" content=\"summary_large_image\" \/>\n<meta name=\"twitter:label1\" content=\"Escrito por\" \/>\n\t<meta name=\"twitter:data1\" content=\"Not\u00edcias em Destaque\" \/>\n\t<meta name=\"twitter:label2\" content=\"Est. tempo de leitura\" \/>\n\t<meta name=\"twitter:data2\" content=\"1 minuto\" \/>\n<script type=\"application\/ld+json\" class=\"yoast-schema-graph\">{\"@context\":\"https:\/\/schema.org\",\"@graph\":[{\"@type\":\"Article\",\"@id\":\"https:\/\/noticiasemdestaque.com\/cd\/?p=42055#article\",\"isPartOf\":{\"@id\":\"https:\/\/noticiasemdestaque.com\/cd\/?p=42055\"},\"author\":{\"name\":\"Not\u00edcias em Destaque\",\"@id\":\"https:\/\/noticiasemdestaque.com\/cd\/#\/schema\/person\/45ca272b3e1246ef14ebb78a48dbb218\"},\"headline\":\"Piloto de parapente morre ap\u00f3s cair durante voo em Alagoa Grande\",\"datePublished\":\"2022-08-22T12:13:39+00:00\",\"mainEntityOfPage\":{\"@id\":\"https:\/\/noticiasemdestaque.com\/cd\/?p=42055\"},\"wordCount\":141,\"publisher\":{\"@id\":\"https:\/\/noticiasemdestaque.com\/cd\/#organization\"},\"image\":{\"@id\":\"https:\/\/noticiasemdestaque.com\/cd\/?p=42055#primaryimage\"},\"thumbnailUrl\":\"https:\/\/noticiasemdestaque.com\/cd\/wp-content\/uploads\/2022\/08\/20220821_122518.jpg\",\"articleSection\":[\"Pol\u00edcia\"],\"inLanguage\":\"pt-BR\"},{\"@type\":\"WebPage\",\"@id\":\"https:\/\/noticiasemdestaque.com\/cd\/?p=42055\",\"url\":\"https:\/\/noticiasemdestaque.com\/cd\/?p=42055\",\"name\":\"Piloto de parapente morre ap\u00f3s cair durante voo em Alagoa Grande - Not&iacute;cias em Destaque\",\"isPartOf\":{\"@id\":\"https:\/\/noticiasemdestaque.com\/cd\/#website\"},\"primaryImageOfPage\":{\"@id\":\"https:\/\/noticiasemdestaque.com\/cd\/?p=42055#primaryimage\"},\"image\":{\"@id\":\"https:\/\/noticiasemdestaque.com\/cd\/?p=42055#primaryimage\"},\"thumbnailUrl\":\"https:\/\/noticiasemdestaque.com\/cd\/wp-content\/uploads\/2022\/08\/20220821_122518.jpg\",\"datePublished\":\"2022-08-22T12:13:39+00:00\",\"breadcrumb\":{\"@id\":\"https:\/\/noticiasemdestaque.com\/cd\/?p=42055#breadcrumb\"},\"inLanguage\":\"pt-BR\",\"potentialAction\":[{\"@type\":\"ReadAction\",\"target\":[\"https:\/\/noticiasemdestaque.com\/cd\/?p=42055\"]}]},{\"@type\":\"ImageObject\",\"inLanguage\":\"pt-BR\",\"@id\":\"https:\/\/noticiasemdestaque.com\/cd\/?p=42055#primaryimage\",\"url\":\"https:\/\/noticiasemdestaque.com\/cd\/wp-content\/uploads\/2022\/08\/20220821_122518.jpg\",\"contentUrl\":\"https:\/\/noticiasemdestaque.com\/cd\/wp-content\/uploads\/2022\/08\/20220821_122518.jpg\",\"width\":876,\"height\":585},{\"@type\":\"BreadcrumbList\",\"@id\":\"https:\/\/noticiasemdestaque.com\/cd\/?p=42055#breadcrumb\",\"itemListElement\":[{\"@type\":\"ListItem\",\"position\":1,\"name\":\"In\u00edcio\",\"item\":\"https:\/\/noticiasemdestaque.com\/cd\/\"},{\"@type\":\"ListItem\",\"position\":2,\"name\":\"Piloto de parapente morre ap\u00f3s cair durante voo em Alagoa Grande\"}]},{\"@type\":\"WebSite\",\"@id\":\"https:\/\/noticiasemdestaque.com\/cd\/#website\",\"url\":\"https:\/\/noticiasemdestaque.com\/cd\/\",\"name\":\"Not&iacute;cias em Destaque\",\"description\":\"\",\"publisher\":{\"@id\":\"https:\/\/noticiasemdestaque.com\/cd\/#organization\"},\"potentialAction\":[{\"@type\":\"SearchAction\",\"target\":{\"@type\":\"EntryPoint\",\"urlTemplate\":\"https:\/\/noticiasemdestaque.com\/cd\/?s={search_term_string}\"},\"query-input\":{\"@type\":\"PropertyValueSpecification\",\"valueRequired\":true,\"valueName\":\"search_term_string\"}}],\"inLanguage\":\"pt-BR\"},{\"@type\":\"Organization\",\"@id\":\"https:\/\/noticiasemdestaque.com\/cd\/#organization\",\"name\":\"Not\u00edcias em Destaque\",\"url\":\"https:\/\/noticiasemdestaque.com\/cd\/\",\"logo\":{\"@type\":\"ImageObject\",\"inLanguage\":\"pt-BR\",\"@id\":\"https:\/\/noticiasemdestaque.com\/cd\/#\/schema\/logo\/image\/\",\"url\":\"https:\/\/noticiasemdestaque.com\/cd\/wp-content\/uploads\/2022\/05\/imagem-base-noticiasemdestaque.png\",\"contentUrl\":\"https:\/\/noticiasemdestaque.com\/cd\/wp-content\/uploads\/2022\/05\/imagem-base-noticiasemdestaque.png\",\"width\":1200,\"height\":630,\"caption\":\"Not\u00edcias em Destaque\"},\"image\":{\"@id\":\"https:\/\/noticiasemdestaque.com\/cd\/#\/schema\/logo\/image\/\"}},{\"@type\":\"Person\",\"@id\":\"https:\/\/noticiasemdestaque.com\/cd\/#\/schema\/person\/45ca272b3e1246ef14ebb78a48dbb218\",\"name\":\"Not\u00edcias em Destaque\",\"url\":\"https:\/\/noticiasemdestaque.com\/cd\/?author=2\"}]}<\/script>\n<!-- \/ Yoast SEO plugin. -->","yoast_head_json":{"title":"Piloto de parapente morre ap\u00f3s cair durante voo em Alagoa Grande - Not&iacute;cias em Destaque","robots":{"index":"index","follow":"follow","max-snippet":"max-snippet:-1","max-image-preview":"max-image-preview:large","max-video-preview":"max-video-preview:-1"},"canonical":"https:\/\/noticiasemdestaque.com\/cd\/?p=42055","og_locale":"pt_BR","og_type":"article","og_title":"Piloto de parapente morre ap\u00f3s cair durante voo em Alagoa Grande - Not&iacute;cias em Destaque","og_description":"Um jovem de 26 anos que estava realizando um voo de parapente faleceu no in\u00edcio da tarde deste domingo (21), no munic\u00edpio de Alagoa Grande, no brejo do estado. De acordo com informa\u00e7\u00f5es de populares, Alexandre Pereira Alves era iniciante no esporte e estaria com um grupo que realizava\u00a0v\u00f4os de instru\u00e7\u00e3o numa rampa quando tentou sobrevoar a regi\u00e3o. Ele teria tentado fazer uma manobra e ap\u00f3s n\u00e3o conseguir, perdeu o controle. A v\u00edtima caiu ao solo nas imedia\u00e7\u00f5es da Vila Nova, conhecida comunidade local. Moradores chegaram a acionar o Servi\u00e7o de Atendimento M\u00f3vel de Urg\u00eancia (Samu) que constatou o \u00f3bito. Alexandre era natural de Matur\u00e9ia e residia em Campina Grande. Noticias em Destaque Fonte: Click PB","og_url":"https:\/\/noticiasemdestaque.com\/cd\/?p=42055","og_site_name":"Not&iacute;cias em Destaque","article_published_time":"2022-08-22T12:13:39+00:00","og_image":[{"width":876,"height":585,"url":"https:\/\/noticiasemdestaque.com\/cd\/wp-content\/uploads\/2022\/08\/20220821_122518.jpg","type":"image\/jpeg"}],"author":"Not\u00edcias em Destaque","twitter_card":"summary_large_image","twitter_misc":{"Escrito por":"Not\u00edcias em Destaque","Est. tempo de leitura":"1 minuto"},"schema":{"@context":"https:\/\/schema.org","@graph":[{"@type":"Article","@id":"https:\/\/noticiasemdestaque.com\/cd\/?p=42055#article","isPartOf":{"@id":"https:\/\/noticiasemdestaque.com\/cd\/?p=42055"},"author":{"name":"Not\u00edcias em Destaque","@id":"https:\/\/noticiasemdestaque.com\/cd\/#\/schema\/person\/45ca272b3e1246ef14ebb78a48dbb218"},"headline":"Piloto de parapente morre ap\u00f3s cair durante voo em Alagoa Grande","datePublished":"2022-08-22T12:13:39+00:00","mainEntityOfPage":{"@id":"https:\/\/noticiasemdestaque.com\/cd\/?p=42055"},"wordCount":141,"publisher":{"@id":"https:\/\/noticiasemdestaque.com\/cd\/#organization"},"image":{"@id":"https:\/\/noticiasemdestaque.com\/cd\/?p=42055#primaryimage"},"thumbnailUrl":"https:\/\/noticiasemdestaque.com\/cd\/wp-content\/uploads\/2022\/08\/20220821_122518.jpg","articleSection":["Pol\u00edcia"],"inLanguage":"pt-BR"},{"@type":"WebPage","@id":"https:\/\/noticiasemdestaque.com\/cd\/?p=42055","url":"https:\/\/noticiasemdestaque.com\/cd\/?p=42055","name":"Piloto de parapente morre ap\u00f3s cair durante voo em Alagoa Grande - Not&iacute;cias em Destaque","isPartOf":{"@id":"https:\/\/noticiasemdestaque.com\/cd\/#website"},"primaryImageOfPage":{"@id":"https:\/\/noticiasemdestaque.com\/cd\/?p=42055#primaryimage"},"image":{"@id":"https:\/\/noticiasemdestaque.com\/cd\/?p=42055#primaryimage"},"thumbnailUrl":"https:\/\/noticiasemdestaque.com\/cd\/wp-content\/uploads\/2022\/08\/20220821_122518.jpg","datePublished":"2022-08-22T12:13:39+00:00","breadcrumb":{"@id":"https:\/\/noticiasemdestaque.com\/cd\/?p=42055#breadcrumb"},"inLanguage":"pt-BR","potentialAction":[{"@type":"ReadAction","target":["https:\/\/noticiasemdestaque.com\/cd\/?p=42055"]}]},{"@type":"ImageObject","inLanguage":"pt-BR","@id":"https:\/\/noticiasemdestaque.com\/cd\/?p=42055#primaryimage","url":"https:\/\/noticiasemdestaque.com\/cd\/wp-content\/uploads\/2022\/08\/20220821_122518.jpg","contentUrl":"https:\/\/noticiasemdestaque.com\/cd\/wp-content\/uploads\/2022\/08\/20220821_122518.jpg","width":876,"height":585},{"@type":"BreadcrumbList","@id":"https:\/\/noticiasemdestaque.com\/cd\/?p=42055#breadcrumb","itemListElement":[{"@type":"ListItem","position":1,"name":"In\u00edcio","item":"https:\/\/noticiasemdestaque.com\/cd\/"},{"@type":"ListItem","position":2,"name":"Piloto de parapente morre ap\u00f3s cair durante voo em Alagoa Grande"}]},{"@type":"WebSite","@id":"https:\/\/noticiasemdestaque.com\/cd\/#website","url":"https:\/\/noticiasemdestaque.com\/cd\/","name":"Not&iacute;cias em Destaque","description":"","publisher":{"@id":"https:\/\/noticiasemdestaque.com\/cd\/#organization"},"potentialAction":[{"@type":"SearchAction","target":{"@type":"EntryPoint","urlTemplate":"https:\/\/noticiasemdestaque.com\/cd\/?s={search_term_string}"},"query-input":{"@type":"PropertyValueSpecification","valueRequired":true,"valueName":"search_term_string"}}],"inLanguage":"pt-BR"},{"@type":"Organization","@id":"https:\/\/noticiasemdestaque.com\/cd\/#organization","name":"Not\u00edcias em Destaque","url":"https:\/\/noticiasemdestaque.com\/cd\/","logo":{"@type":"ImageObject","inLanguage":"pt-BR","@id":"https:\/\/noticiasemdestaque.com\/cd\/#\/schema\/logo\/image\/","url":"https:\/\/noticiasemdestaque.com\/cd\/wp-content\/uploads\/2022\/05\/imagem-base-noticiasemdestaque.png","contentUrl":"https:\/\/noticiasemdestaque.com\/cd\/wp-content\/uploads\/2022\/05\/imagem-base-noticiasemdestaque.png","width":1200,"height":630,"caption":"Not\u00edcias em Destaque"},"image":{"@id":"https:\/\/noticiasemdestaque.com\/cd\/#\/schema\/logo\/image\/"}},{"@type":"Person","@id":"https:\/\/noticiasemdestaque.com\/cd\/#\/schema\/person\/45ca272b3e1246ef14ebb78a48dbb218","name":"Not\u00edcias em Destaque","url":"https:\/\/noticiasemdestaque.com\/cd\/?author=2"}]}},"jetpack_featured_media_url":"https:\/\/noticiasemdestaque.com\/cd\/wp-content\/uploads\/2022\/08\/20220821_122518.jpg","jetpack_sharing_enabled":true,"_links":{"self":[{"href":"https:\/\/noticiasemdestaque.com\/cd\/index.php?rest_route=\/wp\/v2\/posts\/42055","targetHints":{"allow":["GET"]}}],"collection":[{"href":"https:\/\/noticiasemdestaque.com\/cd\/index.php?rest_route=\/wp\/v2\/posts"}],"about":[{"href":"https:\/\/noticiasemdestaque.com\/cd\/index.php?rest_route=\/wp\/v2\/types\/post"}],"author":[{"embeddable":true,"href":"https:\/\/noticiasemdestaque.com\/cd\/index.php?rest_route=\/wp\/v2\/users\/2"}],"replies":[{"embeddable":true,"href":"https:\/\/noticiasemdestaque.com\/cd\/index.php?rest_route=%2Fwp%2Fv2%2Fcomments&post=42055"}],"version-history":[{"count":1,"href":"https:\/\/noticiasemdestaque.com\/cd\/index.php?rest_route=\/wp\/v2\/posts\/42055\/revisions"}],"predecessor-version":[{"id":42057,"href":"https:\/\/noticiasemdestaque.com\/cd\/index.php?rest_route=\/wp\/v2\/posts\/42055\/revisions\/42057"}],"wp:featuredmedia":[{"embeddable":true,"href":"https:\/\/noticiasemdestaque.com\/cd\/index.php?rest_route=\/wp\/v2\/media\/42056"}],"wp:attachment":[{"href":"https:\/\/noticiasemdestaque.com\/cd\/index.php?rest_route=%2Fwp%2Fv2%2Fmedia&parent=42055"}],"wp:term":[{"taxonomy":"category","embeddable":true,"href":"https:\/\/noticiasemdestaque.com\/cd\/index.php?rest_route=%2Fwp%2Fv2%2Fcategories&post=42055"},{"taxonomy":"post_tag","embeddable":true,"href":"https:\/\/noticiasemdestaque.com\/cd\/index.php?rest_route=%2Fwp%2Fv2%2Ftags&post=42055"}],"curies":[{"name":"wp","href":"https:\/\/api.w.org\/{rel}","templated":true}]}}