{"id":42051,"date":"2022-08-22T09:06:40","date_gmt":"2022-08-22T12:06:40","guid":{"rendered":"https:\/\/noticiasemdestaque.com\/cd\/?p=42051"},"modified":"2022-08-22T09:08:29","modified_gmt":"2022-08-22T12:08:29","slug":"concurso-do-trt-da-paraiba-com-salarios-de-ate-r-124-mil-abre-inscricoes-nesta-segunda-feira","status":"publish","type":"post","link":"https:\/\/noticiasemdestaque.com\/cd\/?p=42051","title":{"rendered":"Concurso do TRT da Para\u00edba com sal\u00e1rios de at\u00e9 R$ 12,4 mil abre inscri\u00e7\u00f5es nesta segunda-feira"},"content":{"rendered":"<div class=\"style_text\">\n<div>\n<p><a href=\"https:\/\/noticiasemdestaque.com\/cd\/wp-content\/uploads\/2022\/08\/trt-pb.jpg\"><img fetchpriority=\"high\" decoding=\"async\" class=\"alignnone wp-image-42052\" src=\"https:\/\/noticiasemdestaque.com\/cd\/wp-content\/uploads\/2022\/08\/trt-pb-300x200.jpg\" alt=\"\" width=\"858\" height=\"572\" srcset=\"https:\/\/noticiasemdestaque.com\/cd\/wp-content\/uploads\/2022\/08\/trt-pb-300x200.jpg 300w, https:\/\/noticiasemdestaque.com\/cd\/wp-content\/uploads\/2022\/08\/trt-pb-768x513.jpg 768w, https:\/\/noticiasemdestaque.com\/cd\/wp-content\/uploads\/2022\/08\/trt-pb-18x12.jpg 18w, https:\/\/noticiasemdestaque.com\/cd\/wp-content\/uploads\/2022\/08\/trt-pb.jpg 876w\" sizes=\"(max-width: 858px) 100vw, 858px\" \/><\/a><\/p>\n<p>O concurso p\u00fablico do Tribunal Regional Eleitoral da Para\u00edba (TRT 13\u00aa Regi\u00e3o) abre inscri\u00e7\u00f5es nesta segunda-feira (22). O certame oferece vagas para contrata\u00e7\u00e3o imediata, mais cadastro de reserva, com remunera\u00e7\u00f5es que chegam a R$ 12,4 mil.<\/p>\n<p>O concurso est\u00e1 sob organiza\u00e7\u00e3o da Funda\u00e7\u00e3o Get\u00falio Vargas (FGV).\u00a0<a href=\"https:\/\/www.clickpb.com.br\/media\/filer_public\/04\/40\/04408007-0484-49fd-83ac-e07dfccaadda\/edital-publicado-trt-pb.pdf\">Confira aqui o edital.<\/a><br \/>\nO certame oferece vagas para:<\/p>\n<ul>\n<li>Analista Judici\u00e1rio na \u00c1rea Judici\u00e1ria (1 vaga)<\/li>\n<li>T\u00e9cnico Judici\u00e1rio na \u00c1rea Administrativa (2 vagas)<\/li>\n<li>T\u00e9cnico Judici\u00e1rio na \u00c1rea de Tecnologia da Informa\u00e7\u00e3o (1 vaga)<\/li>\n<\/ul>\n<p>&nbsp;<\/p>\n<p><span style=\"color: #1f1f1f; font-family: PT Serif, serif;\"><strong>Inscri\u00e7\u00f5es\u00a0<\/strong><\/span><\/p>\n<p><span style=\"color: #1f1f1f; font-family: PT Serif, serif;\"><a href=\"https:\/\/conhecimento.fgv.br\/concursos\/trt13\">As inscri\u00e7\u00f5es devem ser feitas no site da organizadora<\/a>, a partir das 16h de hoje at\u00e9 as 16h do dia 20 de setembro. A taxa de inscri\u00e7\u00e3o custa R$ 95 para os cargos da \u00e1rea de analista judici\u00e1rio, e R$ 75 para os cargos da \u00e1rea de t\u00e9cnico judici\u00e1rio.<\/span><\/p>\n<p><span style=\"color: #1f1f1f; font-family: PT Serif, serif;\">A remunera\u00e7\u00e3o para os cargos da \u00e1rea de analista judici\u00e1rio \u00e9 de R$ 12,4 mil, sendo quase R$ 5,2 mil de vencimentos e R$ 7,2 mil de gratifica\u00e7\u00e3o de atividade judici\u00e1ria. Nos cargos de t\u00e9cnico judici\u00e1rio, a remunera\u00e7\u00e3o \u00e9 de R$ 7,5 mil, sendo R$ 3,1 mil de vencimentos mais R$ 4,4 mil de gratifica\u00e7\u00e3o.<\/span><\/p>\n<p><span style=\"color: #1f1f1f; font-family: PT Serif, serif;\"><strong>Concurso do TRT da Para\u00edba<\/strong><br \/>\n<\/span><\/p>\n<ul>\n<li>Vagas: 4 (mais cadastro de reserva)<\/li>\n<li>N\u00edveis: m\u00e9dio e superior<\/li>\n<li>Prazo de Inscri\u00e7\u00e3o: 22 de agosto a 20 de setembro<\/li>\n<li>Local da inscri\u00e7\u00e3o:\u00a0<a href=\"https:\/\/conhecimento.fgv.br\/concursos\/trt13\">site da organizadora, a FGV<\/a><\/li>\n<li>Taxas de inscri\u00e7\u00e3o: R$ 75 e R$ 95<\/li>\n<li>Remunera\u00e7\u00f5es: R$ 7,5 mil a R$ 12,4 mil<\/li>\n<li>Provas: 27 de novembro<\/li>\n<li><a href=\"https:\/\/www.clickpb.com.br\/media\/filer_public\/40\/e4\/40e484ce-d1dd-41e5-a895-d4660a5b9f29\/edital-publicado-trt-pb.pdf\">Edital do concurso do TRT da Para\u00edba<\/a><\/li>\n<\/ul>\n<p>Em v\u00eddeo, o presidente do Regional, desembargador Leonardo Trajano, enfatizou que, do total de cargos para cadastro de reserva, 13 s\u00e3o para o n\u00edvel superior e quatro para o n\u00edvel m\u00e9dio de escolaridade.<\/p>\n<div class=\"video-container\">\n<div class=\"videoContainer\"><iframe class=\"\" src=\"https:\/\/www.youtube.com\/embed\/dpZjp3d19MY\" width=\"500\" height=\"281\" frameborder=\"0\" allowfullscreen=\"allowfullscreen\" data-mce-fragment=\"1\"><\/iframe><\/div>\n<\/div>\n<\/div>\n<\/div>\n<div class=\"c-comment\">\n<div id=\"fb-root\" class=\" fb_reset\">\n<div>\n<div><strong>Noticias em Destaque<\/strong><\/div>\n<div style=\"text-align: right;\"><em>Fonte: Click PB<\/em><\/div>\n<\/div>\n<\/div>\n<\/div>\n","protected":false},"excerpt":{"rendered":"<p>O concurso p\u00fablico do Tribunal Regional Eleitoral da Para\u00edba (TRT 13\u00aa Regi\u00e3o) abre inscri\u00e7\u00f5es nesta segunda-feira (22). O certame oferece vagas para contrata\u00e7\u00e3o imediata, mais cadastro de reserva, com remunera\u00e7\u00f5es que chegam a R$ 12,4 mil. O concurso est\u00e1 sob organiza\u00e7\u00e3o da Funda\u00e7\u00e3o Get\u00falio Vargas (FGV).\u00a0Confira aqui o edital. O certame oferece vagas para: Analista Judici\u00e1rio na \u00c1rea Judici\u00e1ria (1 vaga) T\u00e9cnico Judici\u00e1rio na \u00c1rea Administrativa (2 vagas) T\u00e9cnico Judici\u00e1rio na \u00c1rea de Tecnologia da Informa\u00e7\u00e3o (1 vaga) &nbsp; Inscri\u00e7\u00f5es\u00a0 As inscri\u00e7\u00f5es devem ser feitas no site da organizadora, a partir das 16h de hoje at\u00e9 as 16h do dia 20 de setembro. A taxa de inscri\u00e7\u00e3o custa R$ 95 para os cargos da \u00e1rea de analista judici\u00e1rio, e R$ 75 para os cargos da \u00e1rea de t\u00e9cnico judici\u00e1rio. A remunera\u00e7\u00e3o para os cargos da \u00e1rea de analista judici\u00e1rio \u00e9 de R$ 12,4 mil, sendo quase R$ 5,2 mil de vencimentos e R$ 7,2 mil de gratifica\u00e7\u00e3o de atividade judici\u00e1ria. Nos cargos de t\u00e9cnico judici\u00e1rio, a remunera\u00e7\u00e3o \u00e9 de R$ 7,5 mil, sendo R$ 3,1 mil de vencimentos mais R$ 4,4 mil de gratifica\u00e7\u00e3o. Concurso do TRT da Para\u00edba Vagas: 4 (mais cadastro de reserva) N\u00edveis: m\u00e9dio e superior Prazo de Inscri\u00e7\u00e3o: 22 de agosto a 20 de setembro Local da inscri\u00e7\u00e3o:\u00a0site da organizadora, a FGV Taxas de inscri\u00e7\u00e3o: R$ 75 e R$ 95 Remunera\u00e7\u00f5es: R$ 7,5 mil a R$ 12,4 mil Provas: 27 de novembro Edital do concurso do TRT da Para\u00edba Em v\u00eddeo, o presidente do Regional, desembargador Leonardo Trajano, enfatizou que, do total de cargos para cadastro de reserva, 13 s\u00e3o para o n\u00edvel superior e quatro para o n\u00edvel m\u00e9dio de escolaridade. Noticias em Destaque Fonte: Click PB<\/p>\n","protected":false},"author":2,"featured_media":42052,"comment_status":"closed","ping_status":"open","sticky":false,"template":"","format":"standard","meta":{"_eb_attr":"","_jetpack_memberships_contains_paid_content":false,"footnotes":""},"categories":[12],"tags":[],"class_list":["post-42051","post","type-post","status-publish","format-standard","has-post-thumbnail","hentry","category-geral"],"yoast_head":"<!-- This site is optimized with the Yoast SEO plugin v26.5 - https:\/\/yoast.com\/wordpress\/plugins\/seo\/ -->\n<title>Concurso do TRT da Para\u00edba com sal\u00e1rios de at\u00e9 R$ 12,4 mil abre inscri\u00e7\u00f5es nesta segunda-feira - Not&iacute;cias em Destaque<\/title>\n<meta name=\"robots\" content=\"index, follow, max-snippet:-1, max-image-preview:large, max-video-preview:-1\" \/>\n<link rel=\"canonical\" href=\"https:\/\/noticiasemdestaque.com\/cd\/?p=42051\" \/>\n<meta property=\"og:locale\" content=\"pt_BR\" \/>\n<meta property=\"og:type\" content=\"article\" \/>\n<meta property=\"og:title\" content=\"Concurso do TRT da Para\u00edba com sal\u00e1rios de at\u00e9 R$ 12,4 mil abre inscri\u00e7\u00f5es nesta segunda-feira - Not&iacute;cias em Destaque\" \/>\n<meta property=\"og:description\" content=\"O concurso p\u00fablico do Tribunal Regional Eleitoral da Para\u00edba (TRT 13\u00aa Regi\u00e3o) abre inscri\u00e7\u00f5es nesta segunda-feira (22). O certame oferece vagas para contrata\u00e7\u00e3o imediata, mais cadastro de reserva, com remunera\u00e7\u00f5es que chegam a R$ 12,4 mil. O concurso est\u00e1 sob organiza\u00e7\u00e3o da Funda\u00e7\u00e3o Get\u00falio Vargas (FGV).\u00a0Confira aqui o edital. O certame oferece vagas para: Analista Judici\u00e1rio na \u00c1rea Judici\u00e1ria (1 vaga) T\u00e9cnico Judici\u00e1rio na \u00c1rea Administrativa (2 vagas) T\u00e9cnico Judici\u00e1rio na \u00c1rea de Tecnologia da Informa\u00e7\u00e3o (1 vaga) &nbsp; Inscri\u00e7\u00f5es\u00a0 As inscri\u00e7\u00f5es devem ser feitas no site da organizadora, a partir das 16h de hoje at\u00e9 as 16h do dia 20 de setembro. A taxa de inscri\u00e7\u00e3o custa R$ 95 para os cargos da \u00e1rea de analista judici\u00e1rio, e R$ 75 para os cargos da \u00e1rea de t\u00e9cnico judici\u00e1rio. A remunera\u00e7\u00e3o para os cargos da \u00e1rea de analista judici\u00e1rio \u00e9 de R$ 12,4 mil, sendo quase R$ 5,2 mil de vencimentos e R$ 7,2 mil de gratifica\u00e7\u00e3o de atividade judici\u00e1ria. Nos cargos de t\u00e9cnico judici\u00e1rio, a remunera\u00e7\u00e3o \u00e9 de R$ 7,5 mil, sendo R$ 3,1 mil de vencimentos mais R$ 4,4 mil de gratifica\u00e7\u00e3o. Concurso do TRT da Para\u00edba Vagas: 4 (mais cadastro de reserva) N\u00edveis: m\u00e9dio e superior Prazo de Inscri\u00e7\u00e3o: 22 de agosto a 20 de setembro Local da inscri\u00e7\u00e3o:\u00a0site da organizadora, a FGV Taxas de inscri\u00e7\u00e3o: R$ 75 e R$ 95 Remunera\u00e7\u00f5es: R$ 7,5 mil a R$ 12,4 mil Provas: 27 de novembro Edital do concurso do TRT da Para\u00edba Em v\u00eddeo, o presidente do Regional, desembargador Leonardo Trajano, enfatizou que, do total de cargos para cadastro de reserva, 13 s\u00e3o para o n\u00edvel superior e quatro para o n\u00edvel m\u00e9dio de escolaridade. Noticias em Destaque Fonte: Click PB\" \/>\n<meta property=\"og:url\" content=\"https:\/\/noticiasemdestaque.com\/cd\/?p=42051\" \/>\n<meta property=\"og:site_name\" content=\"Not&iacute;cias em Destaque\" \/>\n<meta property=\"article:published_time\" content=\"2022-08-22T12:06:40+00:00\" \/>\n<meta property=\"article:modified_time\" content=\"2022-08-22T12:08:29+00:00\" \/>\n<meta property=\"og:image\" content=\"https:\/\/noticiasemdestaque.com\/cd\/wp-content\/uploads\/2022\/08\/trt-pb.jpg\" \/>\n\t<meta property=\"og:image:width\" content=\"876\" \/>\n\t<meta property=\"og:image:height\" content=\"585\" \/>\n\t<meta property=\"og:image:type\" content=\"image\/jpeg\" \/>\n<meta name=\"author\" content=\"Not\u00edcias em Destaque\" \/>\n<meta name=\"twitter:card\" content=\"summary_large_image\" \/>\n<meta name=\"twitter:label1\" content=\"Escrito por\" \/>\n\t<meta name=\"twitter:data1\" content=\"Not\u00edcias em Destaque\" \/>\n\t<meta name=\"twitter:label2\" content=\"Est. tempo de leitura\" \/>\n\t<meta name=\"twitter:data2\" content=\"2 minutos\" \/>\n<script type=\"application\/ld+json\" class=\"yoast-schema-graph\">{\"@context\":\"https:\/\/schema.org\",\"@graph\":[{\"@type\":\"Article\",\"@id\":\"https:\/\/noticiasemdestaque.com\/cd\/?p=42051#article\",\"isPartOf\":{\"@id\":\"https:\/\/noticiasemdestaque.com\/cd\/?p=42051\"},\"author\":{\"name\":\"Not\u00edcias em Destaque\",\"@id\":\"https:\/\/noticiasemdestaque.com\/cd\/#\/schema\/person\/4a81fb71f77579d059c3045891fa1786\"},\"headline\":\"Concurso do TRT da Para\u00edba com sal\u00e1rios de at\u00e9 R$ 12,4 mil abre inscri\u00e7\u00f5es nesta segunda-feira\",\"datePublished\":\"2022-08-22T12:06:40+00:00\",\"dateModified\":\"2022-08-22T12:08:29+00:00\",\"mainEntityOfPage\":{\"@id\":\"https:\/\/noticiasemdestaque.com\/cd\/?p=42051\"},\"wordCount\":319,\"publisher\":{\"@id\":\"https:\/\/noticiasemdestaque.com\/cd\/#organization\"},\"image\":{\"@id\":\"https:\/\/noticiasemdestaque.com\/cd\/?p=42051#primaryimage\"},\"thumbnailUrl\":\"https:\/\/noticiasemdestaque.com\/cd\/wp-content\/uploads\/2022\/08\/trt-pb.jpg\",\"articleSection\":[\"Geral\"],\"inLanguage\":\"pt-BR\"},{\"@type\":\"WebPage\",\"@id\":\"https:\/\/noticiasemdestaque.com\/cd\/?p=42051\",\"url\":\"https:\/\/noticiasemdestaque.com\/cd\/?p=42051\",\"name\":\"Concurso do TRT da Para\u00edba com sal\u00e1rios de at\u00e9 R$ 12,4 mil abre inscri\u00e7\u00f5es nesta segunda-feira - Not&iacute;cias em Destaque\",\"isPartOf\":{\"@id\":\"https:\/\/noticiasemdestaque.com\/cd\/#website\"},\"primaryImageOfPage\":{\"@id\":\"https:\/\/noticiasemdestaque.com\/cd\/?p=42051#primaryimage\"},\"image\":{\"@id\":\"https:\/\/noticiasemdestaque.com\/cd\/?p=42051#primaryimage\"},\"thumbnailUrl\":\"https:\/\/noticiasemdestaque.com\/cd\/wp-content\/uploads\/2022\/08\/trt-pb.jpg\",\"datePublished\":\"2022-08-22T12:06:40+00:00\",\"dateModified\":\"2022-08-22T12:08:29+00:00\",\"breadcrumb\":{\"@id\":\"https:\/\/noticiasemdestaque.com\/cd\/?p=42051#breadcrumb\"},\"inLanguage\":\"pt-BR\",\"potentialAction\":[{\"@type\":\"ReadAction\",\"target\":[\"https:\/\/noticiasemdestaque.com\/cd\/?p=42051\"]}]},{\"@type\":\"ImageObject\",\"inLanguage\":\"pt-BR\",\"@id\":\"https:\/\/noticiasemdestaque.com\/cd\/?p=42051#primaryimage\",\"url\":\"https:\/\/noticiasemdestaque.com\/cd\/wp-content\/uploads\/2022\/08\/trt-pb.jpg\",\"contentUrl\":\"https:\/\/noticiasemdestaque.com\/cd\/wp-content\/uploads\/2022\/08\/trt-pb.jpg\",\"width\":876,\"height\":585},{\"@type\":\"BreadcrumbList\",\"@id\":\"https:\/\/noticiasemdestaque.com\/cd\/?p=42051#breadcrumb\",\"itemListElement\":[{\"@type\":\"ListItem\",\"position\":1,\"name\":\"In\u00edcio\",\"item\":\"https:\/\/noticiasemdestaque.com\/cd\/\"},{\"@type\":\"ListItem\",\"position\":2,\"name\":\"Concurso do TRT da Para\u00edba com sal\u00e1rios de at\u00e9 R$ 12,4 mil abre inscri\u00e7\u00f5es nesta segunda-feira\"}]},{\"@type\":\"WebSite\",\"@id\":\"https:\/\/noticiasemdestaque.com\/cd\/#website\",\"url\":\"https:\/\/noticiasemdestaque.com\/cd\/\",\"name\":\"Not&iacute;cias em Destaque\",\"description\":\"\",\"publisher\":{\"@id\":\"https:\/\/noticiasemdestaque.com\/cd\/#organization\"},\"potentialAction\":[{\"@type\":\"SearchAction\",\"target\":{\"@type\":\"EntryPoint\",\"urlTemplate\":\"https:\/\/noticiasemdestaque.com\/cd\/?s={search_term_string}\"},\"query-input\":{\"@type\":\"PropertyValueSpecification\",\"valueRequired\":true,\"valueName\":\"search_term_string\"}}],\"inLanguage\":\"pt-BR\"},{\"@type\":\"Organization\",\"@id\":\"https:\/\/noticiasemdestaque.com\/cd\/#organization\",\"name\":\"Not\u00edcias em Destaque\",\"url\":\"https:\/\/noticiasemdestaque.com\/cd\/\",\"logo\":{\"@type\":\"ImageObject\",\"inLanguage\":\"pt-BR\",\"@id\":\"https:\/\/noticiasemdestaque.com\/cd\/#\/schema\/logo\/image\/\",\"url\":\"https:\/\/noticiasemdestaque.com\/cd\/wp-content\/uploads\/2022\/05\/imagem-base-noticiasemdestaque.png\",\"contentUrl\":\"https:\/\/noticiasemdestaque.com\/cd\/wp-content\/uploads\/2022\/05\/imagem-base-noticiasemdestaque.png\",\"width\":1200,\"height\":630,\"caption\":\"Not\u00edcias em Destaque\"},\"image\":{\"@id\":\"https:\/\/noticiasemdestaque.com\/cd\/#\/schema\/logo\/image\/\"}},{\"@type\":\"Person\",\"@id\":\"https:\/\/noticiasemdestaque.com\/cd\/#\/schema\/person\/4a81fb71f77579d059c3045891fa1786\",\"name\":\"Not\u00edcias em Destaque\",\"url\":\"https:\/\/noticiasemdestaque.com\/cd\/?author=2\"}]}<\/script>\n<!-- \/ Yoast SEO plugin. -->","yoast_head_json":{"title":"Concurso do TRT da Para\u00edba com sal\u00e1rios de at\u00e9 R$ 12,4 mil abre inscri\u00e7\u00f5es nesta segunda-feira - Not&iacute;cias em Destaque","robots":{"index":"index","follow":"follow","max-snippet":"max-snippet:-1","max-image-preview":"max-image-preview:large","max-video-preview":"max-video-preview:-1"},"canonical":"https:\/\/noticiasemdestaque.com\/cd\/?p=42051","og_locale":"pt_BR","og_type":"article","og_title":"Concurso do TRT da Para\u00edba com sal\u00e1rios de at\u00e9 R$ 12,4 mil abre inscri\u00e7\u00f5es nesta segunda-feira - Not&iacute;cias em Destaque","og_description":"O concurso p\u00fablico do Tribunal Regional Eleitoral da Para\u00edba (TRT 13\u00aa Regi\u00e3o) abre inscri\u00e7\u00f5es nesta segunda-feira (22). O certame oferece vagas para contrata\u00e7\u00e3o imediata, mais cadastro de reserva, com remunera\u00e7\u00f5es que chegam a R$ 12,4 mil. O concurso est\u00e1 sob organiza\u00e7\u00e3o da Funda\u00e7\u00e3o Get\u00falio Vargas (FGV).\u00a0Confira aqui o edital. O certame oferece vagas para: Analista Judici\u00e1rio na \u00c1rea Judici\u00e1ria (1 vaga) T\u00e9cnico Judici\u00e1rio na \u00c1rea Administrativa (2 vagas) T\u00e9cnico Judici\u00e1rio na \u00c1rea de Tecnologia da Informa\u00e7\u00e3o (1 vaga) &nbsp; Inscri\u00e7\u00f5es\u00a0 As inscri\u00e7\u00f5es devem ser feitas no site da organizadora, a partir das 16h de hoje at\u00e9 as 16h do dia 20 de setembro. A taxa de inscri\u00e7\u00e3o custa R$ 95 para os cargos da \u00e1rea de analista judici\u00e1rio, e R$ 75 para os cargos da \u00e1rea de t\u00e9cnico judici\u00e1rio. A remunera\u00e7\u00e3o para os cargos da \u00e1rea de analista judici\u00e1rio \u00e9 de R$ 12,4 mil, sendo quase R$ 5,2 mil de vencimentos e R$ 7,2 mil de gratifica\u00e7\u00e3o de atividade judici\u00e1ria. Nos cargos de t\u00e9cnico judici\u00e1rio, a remunera\u00e7\u00e3o \u00e9 de R$ 7,5 mil, sendo R$ 3,1 mil de vencimentos mais R$ 4,4 mil de gratifica\u00e7\u00e3o. Concurso do TRT da Para\u00edba Vagas: 4 (mais cadastro de reserva) N\u00edveis: m\u00e9dio e superior Prazo de Inscri\u00e7\u00e3o: 22 de agosto a 20 de setembro Local da inscri\u00e7\u00e3o:\u00a0site da organizadora, a FGV Taxas de inscri\u00e7\u00e3o: R$ 75 e R$ 95 Remunera\u00e7\u00f5es: R$ 7,5 mil a R$ 12,4 mil Provas: 27 de novembro Edital do concurso do TRT da Para\u00edba Em v\u00eddeo, o presidente do Regional, desembargador Leonardo Trajano, enfatizou que, do total de cargos para cadastro de reserva, 13 s\u00e3o para o n\u00edvel superior e quatro para o n\u00edvel m\u00e9dio de escolaridade. Noticias em Destaque Fonte: Click PB","og_url":"https:\/\/noticiasemdestaque.com\/cd\/?p=42051","og_site_name":"Not&iacute;cias em Destaque","article_published_time":"2022-08-22T12:06:40+00:00","article_modified_time":"2022-08-22T12:08:29+00:00","og_image":[{"width":876,"height":585,"url":"https:\/\/noticiasemdestaque.com\/cd\/wp-content\/uploads\/2022\/08\/trt-pb.jpg","type":"image\/jpeg"}],"author":"Not\u00edcias em Destaque","twitter_card":"summary_large_image","twitter_misc":{"Escrito por":"Not\u00edcias em Destaque","Est. tempo de leitura":"2 minutos"},"schema":{"@context":"https:\/\/schema.org","@graph":[{"@type":"Article","@id":"https:\/\/noticiasemdestaque.com\/cd\/?p=42051#article","isPartOf":{"@id":"https:\/\/noticiasemdestaque.com\/cd\/?p=42051"},"author":{"name":"Not\u00edcias em Destaque","@id":"https:\/\/noticiasemdestaque.com\/cd\/#\/schema\/person\/4a81fb71f77579d059c3045891fa1786"},"headline":"Concurso do TRT da Para\u00edba com sal\u00e1rios de at\u00e9 R$ 12,4 mil abre inscri\u00e7\u00f5es nesta segunda-feira","datePublished":"2022-08-22T12:06:40+00:00","dateModified":"2022-08-22T12:08:29+00:00","mainEntityOfPage":{"@id":"https:\/\/noticiasemdestaque.com\/cd\/?p=42051"},"wordCount":319,"publisher":{"@id":"https:\/\/noticiasemdestaque.com\/cd\/#organization"},"image":{"@id":"https:\/\/noticiasemdestaque.com\/cd\/?p=42051#primaryimage"},"thumbnailUrl":"https:\/\/noticiasemdestaque.com\/cd\/wp-content\/uploads\/2022\/08\/trt-pb.jpg","articleSection":["Geral"],"inLanguage":"pt-BR"},{"@type":"WebPage","@id":"https:\/\/noticiasemdestaque.com\/cd\/?p=42051","url":"https:\/\/noticiasemdestaque.com\/cd\/?p=42051","name":"Concurso do TRT da Para\u00edba com sal\u00e1rios de at\u00e9 R$ 12,4 mil abre inscri\u00e7\u00f5es nesta segunda-feira - Not&iacute;cias em Destaque","isPartOf":{"@id":"https:\/\/noticiasemdestaque.com\/cd\/#website"},"primaryImageOfPage":{"@id":"https:\/\/noticiasemdestaque.com\/cd\/?p=42051#primaryimage"},"image":{"@id":"https:\/\/noticiasemdestaque.com\/cd\/?p=42051#primaryimage"},"thumbnailUrl":"https:\/\/noticiasemdestaque.com\/cd\/wp-content\/uploads\/2022\/08\/trt-pb.jpg","datePublished":"2022-08-22T12:06:40+00:00","dateModified":"2022-08-22T12:08:29+00:00","breadcrumb":{"@id":"https:\/\/noticiasemdestaque.com\/cd\/?p=42051#breadcrumb"},"inLanguage":"pt-BR","potentialAction":[{"@type":"ReadAction","target":["https:\/\/noticiasemdestaque.com\/cd\/?p=42051"]}]},{"@type":"ImageObject","inLanguage":"pt-BR","@id":"https:\/\/noticiasemdestaque.com\/cd\/?p=42051#primaryimage","url":"https:\/\/noticiasemdestaque.com\/cd\/wp-content\/uploads\/2022\/08\/trt-pb.jpg","contentUrl":"https:\/\/noticiasemdestaque.com\/cd\/wp-content\/uploads\/2022\/08\/trt-pb.jpg","width":876,"height":585},{"@type":"BreadcrumbList","@id":"https:\/\/noticiasemdestaque.com\/cd\/?p=42051#breadcrumb","itemListElement":[{"@type":"ListItem","position":1,"name":"In\u00edcio","item":"https:\/\/noticiasemdestaque.com\/cd\/"},{"@type":"ListItem","position":2,"name":"Concurso do TRT da Para\u00edba com sal\u00e1rios de at\u00e9 R$ 12,4 mil abre inscri\u00e7\u00f5es nesta segunda-feira"}]},{"@type":"WebSite","@id":"https:\/\/noticiasemdestaque.com\/cd\/#website","url":"https:\/\/noticiasemdestaque.com\/cd\/","name":"Not&iacute;cias em Destaque","description":"","publisher":{"@id":"https:\/\/noticiasemdestaque.com\/cd\/#organization"},"potentialAction":[{"@type":"SearchAction","target":{"@type":"EntryPoint","urlTemplate":"https:\/\/noticiasemdestaque.com\/cd\/?s={search_term_string}"},"query-input":{"@type":"PropertyValueSpecification","valueRequired":true,"valueName":"search_term_string"}}],"inLanguage":"pt-BR"},{"@type":"Organization","@id":"https:\/\/noticiasemdestaque.com\/cd\/#organization","name":"Not\u00edcias em Destaque","url":"https:\/\/noticiasemdestaque.com\/cd\/","logo":{"@type":"ImageObject","inLanguage":"pt-BR","@id":"https:\/\/noticiasemdestaque.com\/cd\/#\/schema\/logo\/image\/","url":"https:\/\/noticiasemdestaque.com\/cd\/wp-content\/uploads\/2022\/05\/imagem-base-noticiasemdestaque.png","contentUrl":"https:\/\/noticiasemdestaque.com\/cd\/wp-content\/uploads\/2022\/05\/imagem-base-noticiasemdestaque.png","width":1200,"height":630,"caption":"Not\u00edcias em Destaque"},"image":{"@id":"https:\/\/noticiasemdestaque.com\/cd\/#\/schema\/logo\/image\/"}},{"@type":"Person","@id":"https:\/\/noticiasemdestaque.com\/cd\/#\/schema\/person\/4a81fb71f77579d059c3045891fa1786","name":"Not\u00edcias em Destaque","url":"https:\/\/noticiasemdestaque.com\/cd\/?author=2"}]}},"jetpack_featured_media_url":"https:\/\/noticiasemdestaque.com\/cd\/wp-content\/uploads\/2022\/08\/trt-pb.jpg","jetpack_sharing_enabled":true,"_links":{"self":[{"href":"https:\/\/noticiasemdestaque.com\/cd\/index.php?rest_route=\/wp\/v2\/posts\/42051","targetHints":{"allow":["GET"]}}],"collection":[{"href":"https:\/\/noticiasemdestaque.com\/cd\/index.php?rest_route=\/wp\/v2\/posts"}],"about":[{"href":"https:\/\/noticiasemdestaque.com\/cd\/index.php?rest_route=\/wp\/v2\/types\/post"}],"author":[{"embeddable":true,"href":"https:\/\/noticiasemdestaque.com\/cd\/index.php?rest_route=\/wp\/v2\/users\/2"}],"replies":[{"embeddable":true,"href":"https:\/\/noticiasemdestaque.com\/cd\/index.php?rest_route=%2Fwp%2Fv2%2Fcomments&post=42051"}],"version-history":[{"count":2,"href":"https:\/\/noticiasemdestaque.com\/cd\/index.php?rest_route=\/wp\/v2\/posts\/42051\/revisions"}],"predecessor-version":[{"id":42054,"href":"https:\/\/noticiasemdestaque.com\/cd\/index.php?rest_route=\/wp\/v2\/posts\/42051\/revisions\/42054"}],"wp:featuredmedia":[{"embeddable":true,"href":"https:\/\/noticiasemdestaque.com\/cd\/index.php?rest_route=\/wp\/v2\/media\/42052"}],"wp:attachment":[{"href":"https:\/\/noticiasemdestaque.com\/cd\/index.php?rest_route=%2Fwp%2Fv2%2Fmedia&parent=42051"}],"wp:term":[{"taxonomy":"category","embeddable":true,"href":"https:\/\/noticiasemdestaque.com\/cd\/index.php?rest_route=%2Fwp%2Fv2%2Fcategories&post=42051"},{"taxonomy":"post_tag","embeddable":true,"href":"https:\/\/noticiasemdestaque.com\/cd\/index.php?rest_route=%2Fwp%2Fv2%2Ftags&post=42051"}],"curies":[{"name":"wp","href":"https:\/\/api.w.org\/{rel}","templated":true}]}}