{"id":42031,"date":"2022-08-20T13:16:16","date_gmt":"2022-08-20T16:16:16","guid":{"rendered":"https:\/\/noticiasemdestaque.com\/cd\/?p=42031"},"modified":"2022-08-20T13:16:16","modified_gmt":"2022-08-20T16:16:16","slug":"sao-paulo-obra-no-sistema-cantareira-pode-deixar-5-milhoes-sem-agua","status":"publish","type":"post","link":"https:\/\/noticiasemdestaque.com\/cd\/?p=42031","title":{"rendered":"S\u00e3o Paulo: obra no Sistema Cantareira pode deixar 5 milh\u00f5es sem \u00e1gua"},"content":{"rendered":"<p><a href=\"https:\/\/noticiasemdestaque.com\/cd\/wp-content\/uploads\/2022\/08\/cantareira_bombas.jpg\"><img fetchpriority=\"high\" decoding=\"async\" class=\"alignnone  wp-image-42032\" src=\"https:\/\/noticiasemdestaque.com\/cd\/wp-content\/uploads\/2022\/08\/cantareira_bombas-300x179.jpg\" alt=\"\" width=\"845\" height=\"504\" srcset=\"https:\/\/noticiasemdestaque.com\/cd\/wp-content\/uploads\/2022\/08\/cantareira_bombas-300x179.jpg 300w, https:\/\/noticiasemdestaque.com\/cd\/wp-content\/uploads\/2022\/08\/cantareira_bombas-768x459.jpg 768w, https:\/\/noticiasemdestaque.com\/cd\/wp-content\/uploads\/2022\/08\/cantareira_bombas-18x12.jpg 18w\" sizes=\"(max-width: 845px) 100vw, 845px\" \/><\/a><\/p>\n<p>Cerca de 5 milh\u00f5es de moradores das cidades de S\u00e3o Paulo, Guarulhos, Osasco, Franco da Rocha, Francisco Morato, Caieiras, Cajamar e S\u00e3o Caetano do Sul podem enfrentar problemas de abastecimento de \u00e1gua neste final de semana, por causa de uma obra que ser\u00e1 realizada no Sistema Cantareira. A informa\u00e7\u00e3o \u00e9 da Companhia de Saneamento B\u00e1sico do Estado de S\u00e3o Paulo (Sabesp).<img decoding=\"async\" src=\"https:\/\/agenciabrasil.ebc.com.br\/ebc.png?id=1477814&amp;o=node\" \/><img decoding=\"async\" src=\"https:\/\/agenciabrasil.ebc.com.br\/ebc.gif?id=1477814&amp;o=node\" \/><\/p>\n<p>Segundo a companhia, a esta\u00e7\u00e3o de tratamento Guara\u00fa, que \u00e9 respons\u00e1vel pela produ\u00e7\u00e3o de \u00e1gua do Sistema Cantareira, ser\u00e1 paralisada para adequa\u00e7\u00e3o da estrutura e obras de manuten\u00e7\u00e3o preventiva. Essa interven\u00e7\u00e3o ocorrer\u00e1 a partir de 18h de hoje (20) at\u00e9 6h de amanh\u00e3 (21).<\/p>\n<p>Entre os trabalhos de preven\u00e7\u00e3o est\u00e1 a adequa\u00e7\u00e3o da estrutura de chegada de \u00e1gua na esta\u00e7\u00e3o de tratamento e a substitui\u00e7\u00e3o de uma grande v\u00e1lvula na Esta\u00e7\u00e3o Elevat\u00f3ria Santa In\u00eas, que envia \u00e1gua para tratamento na Guara\u00fa.<\/p>\n<p>O equipamento, com 1,1 metro de di\u00e2metro, pesa 16 toneladas e ser\u00e1 substitu\u00eddo por outro id\u00eantico, informou a Sabesp. Tamb\u00e9m est\u00e1 prevista a manuten\u00e7\u00e3o preventiva de todo o sistema el\u00e9trico da esta\u00e7\u00e3o de tratamento, entre outros reparos.<\/p>\n<p>A companhia informou que 250 profissionais estar\u00e3o envolvidos nesse trabalho. A \u00faltima vez que houve uma manuten\u00e7\u00e3o semelhante, que provocou parada no Sistema Cantareira, foi em 2016.<\/p>\n<h2>Uso consciente<\/h2>\n<p>Durante esse per\u00edodo, a Sabesp orienta a popula\u00e7\u00e3o da Grande S\u00e3o Paulo a fazer uso consciente da \u00e1gua armazenada nas caixas d&#8217;\u00e1gua dos im\u00f3veis at\u00e9 a conclus\u00e3o do servi\u00e7o. O sistema dever\u00e1 ser normalizado somente na segunda-feira (22).<\/p>\n<p>Para diminuir os impactos na falta de abastecimento, a Sabesp informou que vai acionar a flexibiliza\u00e7\u00e3o do Sistema Integrado da Regi\u00e3o Metropolitana de S\u00e3o Paulo, que permitir\u00e1 que regi\u00f5es normalmente atendidas pelo Cantareira recebam \u00e1gua de outros sistemas, momentaneamente.<\/p>\n<p>O abastecimento em regi\u00f5es com servi\u00e7os essenciais, como hospitais, ser\u00e1 redirecionado para que n\u00e3o haja intermit\u00eancia na presta\u00e7\u00e3o do servi\u00e7o. Caminh\u00f5es-tanque tamb\u00e9m ser\u00e3o disponibilizados para situa\u00e7\u00f5es de emerg\u00eancia.<\/p>\n<p><strong>Noticias em Destaque<\/strong><\/p>\n<p style=\"text-align: right;\"><em>Fonte: Agencia Brasil<\/em><\/p>\n","protected":false},"excerpt":{"rendered":"<p>Cerca de 5 milh\u00f5es de moradores das cidades de S\u00e3o Paulo, Guarulhos, Osasco, Franco da Rocha, Francisco Morato, Caieiras, Cajamar e S\u00e3o Caetano do Sul podem enfrentar problemas de abastecimento de \u00e1gua neste final de semana, por causa de uma obra que ser\u00e1 realizada no Sistema Cantareira. A informa\u00e7\u00e3o \u00e9 da Companhia de Saneamento B\u00e1sico do Estado de S\u00e3o Paulo (Sabesp). Segundo a companhia, a esta\u00e7\u00e3o de tratamento Guara\u00fa, que \u00e9 respons\u00e1vel pela produ\u00e7\u00e3o de \u00e1gua do Sistema Cantareira, ser\u00e1 paralisada para adequa\u00e7\u00e3o da estrutura e obras de manuten\u00e7\u00e3o preventiva. Essa interven\u00e7\u00e3o ocorrer\u00e1 a partir de 18h de hoje (20) at\u00e9 6h de amanh\u00e3 (21). Entre os trabalhos de preven\u00e7\u00e3o est\u00e1 a adequa\u00e7\u00e3o da estrutura de chegada de \u00e1gua na esta\u00e7\u00e3o de tratamento e a substitui\u00e7\u00e3o de uma grande v\u00e1lvula na Esta\u00e7\u00e3o Elevat\u00f3ria Santa In\u00eas, que envia \u00e1gua para tratamento na Guara\u00fa. O equipamento, com 1,1 metro de di\u00e2metro, pesa 16 toneladas e ser\u00e1 substitu\u00eddo por outro id\u00eantico, informou a Sabesp. Tamb\u00e9m est\u00e1 prevista a manuten\u00e7\u00e3o preventiva de todo o sistema el\u00e9trico da esta\u00e7\u00e3o de tratamento, entre outros reparos. A companhia informou que 250 profissionais estar\u00e3o envolvidos nesse trabalho. A \u00faltima vez que houve uma manuten\u00e7\u00e3o semelhante, que provocou parada no Sistema Cantareira, foi em 2016. Uso consciente Durante esse per\u00edodo, a Sabesp orienta a popula\u00e7\u00e3o da Grande S\u00e3o Paulo a fazer uso consciente da \u00e1gua armazenada nas caixas d&#8217;\u00e1gua dos im\u00f3veis at\u00e9 a conclus\u00e3o do servi\u00e7o. O sistema dever\u00e1 ser normalizado somente na segunda-feira (22). Para diminuir os impactos na falta de abastecimento, a Sabesp informou que vai acionar a flexibiliza\u00e7\u00e3o do Sistema Integrado da Regi\u00e3o Metropolitana de S\u00e3o Paulo, que permitir\u00e1 que regi\u00f5es normalmente atendidas pelo Cantareira recebam \u00e1gua de outros sistemas, momentaneamente. O abastecimento em regi\u00f5es com servi\u00e7os essenciais, como hospitais, ser\u00e1 redirecionado para que n\u00e3o haja intermit\u00eancia na presta\u00e7\u00e3o do servi\u00e7o. Caminh\u00f5es-tanque tamb\u00e9m ser\u00e3o disponibilizados para situa\u00e7\u00f5es de emerg\u00eancia. Noticias em Destaque Fonte: Agencia Brasil<\/p>\n","protected":false},"author":2,"featured_media":42032,"comment_status":"closed","ping_status":"open","sticky":false,"template":"","format":"standard","meta":{"_eb_attr":"","_jetpack_memberships_contains_paid_content":false,"footnotes":""},"categories":[3],"tags":[],"class_list":["post-42031","post","type-post","status-publish","format-standard","has-post-thumbnail","hentry","category-cidades"],"yoast_head":"<!-- This site is optimized with the Yoast SEO plugin v26.5 - https:\/\/yoast.com\/wordpress\/plugins\/seo\/ -->\n<title>S\u00e3o Paulo: obra no Sistema Cantareira pode deixar 5 milh\u00f5es sem \u00e1gua - Not&iacute;cias em Destaque<\/title>\n<meta name=\"robots\" content=\"index, follow, max-snippet:-1, max-image-preview:large, max-video-preview:-1\" \/>\n<link rel=\"canonical\" href=\"https:\/\/noticiasemdestaque.com\/cd\/?p=42031\" \/>\n<meta property=\"og:locale\" content=\"pt_BR\" \/>\n<meta property=\"og:type\" content=\"article\" \/>\n<meta property=\"og:title\" content=\"S\u00e3o Paulo: obra no Sistema Cantareira pode deixar 5 milh\u00f5es sem \u00e1gua - Not&iacute;cias em Destaque\" \/>\n<meta property=\"og:description\" content=\"Cerca de 5 milh\u00f5es de moradores das cidades de S\u00e3o Paulo, Guarulhos, Osasco, Franco da Rocha, Francisco Morato, Caieiras, Cajamar e S\u00e3o Caetano do Sul podem enfrentar problemas de abastecimento de \u00e1gua neste final de semana, por causa de uma obra que ser\u00e1 realizada no Sistema Cantareira. A informa\u00e7\u00e3o \u00e9 da Companhia de Saneamento B\u00e1sico do Estado de S\u00e3o Paulo (Sabesp). Segundo a companhia, a esta\u00e7\u00e3o de tratamento Guara\u00fa, que \u00e9 respons\u00e1vel pela produ\u00e7\u00e3o de \u00e1gua do Sistema Cantareira, ser\u00e1 paralisada para adequa\u00e7\u00e3o da estrutura e obras de manuten\u00e7\u00e3o preventiva. Essa interven\u00e7\u00e3o ocorrer\u00e1 a partir de 18h de hoje (20) at\u00e9 6h de amanh\u00e3 (21). Entre os trabalhos de preven\u00e7\u00e3o est\u00e1 a adequa\u00e7\u00e3o da estrutura de chegada de \u00e1gua na esta\u00e7\u00e3o de tratamento e a substitui\u00e7\u00e3o de uma grande v\u00e1lvula na Esta\u00e7\u00e3o Elevat\u00f3ria Santa In\u00eas, que envia \u00e1gua para tratamento na Guara\u00fa. O equipamento, com 1,1 metro de di\u00e2metro, pesa 16 toneladas e ser\u00e1 substitu\u00eddo por outro id\u00eantico, informou a Sabesp. Tamb\u00e9m est\u00e1 prevista a manuten\u00e7\u00e3o preventiva de todo o sistema el\u00e9trico da esta\u00e7\u00e3o de tratamento, entre outros reparos. A companhia informou que 250 profissionais estar\u00e3o envolvidos nesse trabalho. A \u00faltima vez que houve uma manuten\u00e7\u00e3o semelhante, que provocou parada no Sistema Cantareira, foi em 2016. Uso consciente Durante esse per\u00edodo, a Sabesp orienta a popula\u00e7\u00e3o da Grande S\u00e3o Paulo a fazer uso consciente da \u00e1gua armazenada nas caixas d&#8217;\u00e1gua dos im\u00f3veis at\u00e9 a conclus\u00e3o do servi\u00e7o. O sistema dever\u00e1 ser normalizado somente na segunda-feira (22). Para diminuir os impactos na falta de abastecimento, a Sabesp informou que vai acionar a flexibiliza\u00e7\u00e3o do Sistema Integrado da Regi\u00e3o Metropolitana de S\u00e3o Paulo, que permitir\u00e1 que regi\u00f5es normalmente atendidas pelo Cantareira recebam \u00e1gua de outros sistemas, momentaneamente. O abastecimento em regi\u00f5es com servi\u00e7os essenciais, como hospitais, ser\u00e1 redirecionado para que n\u00e3o haja intermit\u00eancia na presta\u00e7\u00e3o do servi\u00e7o. Caminh\u00f5es-tanque tamb\u00e9m ser\u00e3o disponibilizados para situa\u00e7\u00f5es de emerg\u00eancia. Noticias em Destaque Fonte: Agencia Brasil\" \/>\n<meta property=\"og:url\" content=\"https:\/\/noticiasemdestaque.com\/cd\/?p=42031\" \/>\n<meta property=\"og:site_name\" content=\"Not&iacute;cias em Destaque\" \/>\n<meta property=\"article:published_time\" content=\"2022-08-20T16:16:16+00:00\" \/>\n<meta property=\"og:image\" content=\"https:\/\/noticiasemdestaque.com\/cd\/wp-content\/uploads\/2022\/08\/cantareira_bombas.jpg\" \/>\n\t<meta property=\"og:image:width\" content=\"1170\" \/>\n\t<meta property=\"og:image:height\" content=\"700\" \/>\n\t<meta property=\"og:image:type\" content=\"image\/jpeg\" \/>\n<meta name=\"author\" content=\"Not\u00edcias em Destaque\" \/>\n<meta name=\"twitter:card\" content=\"summary_large_image\" \/>\n<meta name=\"twitter:label1\" content=\"Escrito por\" \/>\n\t<meta name=\"twitter:data1\" content=\"Not\u00edcias em Destaque\" \/>\n\t<meta name=\"twitter:label2\" content=\"Est. tempo de leitura\" \/>\n\t<meta name=\"twitter:data2\" content=\"3 minutos\" \/>\n<script type=\"application\/ld+json\" class=\"yoast-schema-graph\">{\"@context\":\"https:\/\/schema.org\",\"@graph\":[{\"@type\":\"Article\",\"@id\":\"https:\/\/noticiasemdestaque.com\/cd\/?p=42031#article\",\"isPartOf\":{\"@id\":\"https:\/\/noticiasemdestaque.com\/cd\/?p=42031\"},\"author\":{\"name\":\"Not\u00edcias em Destaque\",\"@id\":\"https:\/\/noticiasemdestaque.com\/cd\/#\/schema\/person\/4a81fb71f77579d059c3045891fa1786\"},\"headline\":\"S\u00e3o Paulo: obra no Sistema Cantareira pode deixar 5 milh\u00f5es sem \u00e1gua\",\"datePublished\":\"2022-08-20T16:16:16+00:00\",\"mainEntityOfPage\":{\"@id\":\"https:\/\/noticiasemdestaque.com\/cd\/?p=42031\"},\"wordCount\":373,\"publisher\":{\"@id\":\"https:\/\/noticiasemdestaque.com\/cd\/#organization\"},\"image\":{\"@id\":\"https:\/\/noticiasemdestaque.com\/cd\/?p=42031#primaryimage\"},\"thumbnailUrl\":\"https:\/\/noticiasemdestaque.com\/cd\/wp-content\/uploads\/2022\/08\/cantareira_bombas.jpg\",\"articleSection\":[\"Cidades\"],\"inLanguage\":\"pt-BR\"},{\"@type\":\"WebPage\",\"@id\":\"https:\/\/noticiasemdestaque.com\/cd\/?p=42031\",\"url\":\"https:\/\/noticiasemdestaque.com\/cd\/?p=42031\",\"name\":\"S\u00e3o Paulo: obra no Sistema Cantareira pode deixar 5 milh\u00f5es sem \u00e1gua - Not&iacute;cias em Destaque\",\"isPartOf\":{\"@id\":\"https:\/\/noticiasemdestaque.com\/cd\/#website\"},\"primaryImageOfPage\":{\"@id\":\"https:\/\/noticiasemdestaque.com\/cd\/?p=42031#primaryimage\"},\"image\":{\"@id\":\"https:\/\/noticiasemdestaque.com\/cd\/?p=42031#primaryimage\"},\"thumbnailUrl\":\"https:\/\/noticiasemdestaque.com\/cd\/wp-content\/uploads\/2022\/08\/cantareira_bombas.jpg\",\"datePublished\":\"2022-08-20T16:16:16+00:00\",\"breadcrumb\":{\"@id\":\"https:\/\/noticiasemdestaque.com\/cd\/?p=42031#breadcrumb\"},\"inLanguage\":\"pt-BR\",\"potentialAction\":[{\"@type\":\"ReadAction\",\"target\":[\"https:\/\/noticiasemdestaque.com\/cd\/?p=42031\"]}]},{\"@type\":\"ImageObject\",\"inLanguage\":\"pt-BR\",\"@id\":\"https:\/\/noticiasemdestaque.com\/cd\/?p=42031#primaryimage\",\"url\":\"https:\/\/noticiasemdestaque.com\/cd\/wp-content\/uploads\/2022\/08\/cantareira_bombas.jpg\",\"contentUrl\":\"https:\/\/noticiasemdestaque.com\/cd\/wp-content\/uploads\/2022\/08\/cantareira_bombas.jpg\",\"width\":1170,\"height\":700},{\"@type\":\"BreadcrumbList\",\"@id\":\"https:\/\/noticiasemdestaque.com\/cd\/?p=42031#breadcrumb\",\"itemListElement\":[{\"@type\":\"ListItem\",\"position\":1,\"name\":\"In\u00edcio\",\"item\":\"https:\/\/noticiasemdestaque.com\/cd\/\"},{\"@type\":\"ListItem\",\"position\":2,\"name\":\"S\u00e3o Paulo: obra no Sistema Cantareira pode deixar 5 milh\u00f5es sem \u00e1gua\"}]},{\"@type\":\"WebSite\",\"@id\":\"https:\/\/noticiasemdestaque.com\/cd\/#website\",\"url\":\"https:\/\/noticiasemdestaque.com\/cd\/\",\"name\":\"Not&iacute;cias em Destaque\",\"description\":\"\",\"publisher\":{\"@id\":\"https:\/\/noticiasemdestaque.com\/cd\/#organization\"},\"potentialAction\":[{\"@type\":\"SearchAction\",\"target\":{\"@type\":\"EntryPoint\",\"urlTemplate\":\"https:\/\/noticiasemdestaque.com\/cd\/?s={search_term_string}\"},\"query-input\":{\"@type\":\"PropertyValueSpecification\",\"valueRequired\":true,\"valueName\":\"search_term_string\"}}],\"inLanguage\":\"pt-BR\"},{\"@type\":\"Organization\",\"@id\":\"https:\/\/noticiasemdestaque.com\/cd\/#organization\",\"name\":\"Not\u00edcias em Destaque\",\"url\":\"https:\/\/noticiasemdestaque.com\/cd\/\",\"logo\":{\"@type\":\"ImageObject\",\"inLanguage\":\"pt-BR\",\"@id\":\"https:\/\/noticiasemdestaque.com\/cd\/#\/schema\/logo\/image\/\",\"url\":\"https:\/\/noticiasemdestaque.com\/cd\/wp-content\/uploads\/2022\/05\/imagem-base-noticiasemdestaque.png\",\"contentUrl\":\"https:\/\/noticiasemdestaque.com\/cd\/wp-content\/uploads\/2022\/05\/imagem-base-noticiasemdestaque.png\",\"width\":1200,\"height\":630,\"caption\":\"Not\u00edcias em Destaque\"},\"image\":{\"@id\":\"https:\/\/noticiasemdestaque.com\/cd\/#\/schema\/logo\/image\/\"}},{\"@type\":\"Person\",\"@id\":\"https:\/\/noticiasemdestaque.com\/cd\/#\/schema\/person\/4a81fb71f77579d059c3045891fa1786\",\"name\":\"Not\u00edcias em Destaque\",\"url\":\"https:\/\/noticiasemdestaque.com\/cd\/?author=2\"}]}<\/script>\n<!-- \/ Yoast SEO plugin. -->","yoast_head_json":{"title":"S\u00e3o Paulo: obra no Sistema Cantareira pode deixar 5 milh\u00f5es sem \u00e1gua - Not&iacute;cias em Destaque","robots":{"index":"index","follow":"follow","max-snippet":"max-snippet:-1","max-image-preview":"max-image-preview:large","max-video-preview":"max-video-preview:-1"},"canonical":"https:\/\/noticiasemdestaque.com\/cd\/?p=42031","og_locale":"pt_BR","og_type":"article","og_title":"S\u00e3o Paulo: obra no Sistema Cantareira pode deixar 5 milh\u00f5es sem \u00e1gua - Not&iacute;cias em Destaque","og_description":"Cerca de 5 milh\u00f5es de moradores das cidades de S\u00e3o Paulo, Guarulhos, Osasco, Franco da Rocha, Francisco Morato, Caieiras, Cajamar e S\u00e3o Caetano do Sul podem enfrentar problemas de abastecimento de \u00e1gua neste final de semana, por causa de uma obra que ser\u00e1 realizada no Sistema Cantareira. A informa\u00e7\u00e3o \u00e9 da Companhia de Saneamento B\u00e1sico do Estado de S\u00e3o Paulo (Sabesp). Segundo a companhia, a esta\u00e7\u00e3o de tratamento Guara\u00fa, que \u00e9 respons\u00e1vel pela produ\u00e7\u00e3o de \u00e1gua do Sistema Cantareira, ser\u00e1 paralisada para adequa\u00e7\u00e3o da estrutura e obras de manuten\u00e7\u00e3o preventiva. Essa interven\u00e7\u00e3o ocorrer\u00e1 a partir de 18h de hoje (20) at\u00e9 6h de amanh\u00e3 (21). Entre os trabalhos de preven\u00e7\u00e3o est\u00e1 a adequa\u00e7\u00e3o da estrutura de chegada de \u00e1gua na esta\u00e7\u00e3o de tratamento e a substitui\u00e7\u00e3o de uma grande v\u00e1lvula na Esta\u00e7\u00e3o Elevat\u00f3ria Santa In\u00eas, que envia \u00e1gua para tratamento na Guara\u00fa. O equipamento, com 1,1 metro de di\u00e2metro, pesa 16 toneladas e ser\u00e1 substitu\u00eddo por outro id\u00eantico, informou a Sabesp. Tamb\u00e9m est\u00e1 prevista a manuten\u00e7\u00e3o preventiva de todo o sistema el\u00e9trico da esta\u00e7\u00e3o de tratamento, entre outros reparos. A companhia informou que 250 profissionais estar\u00e3o envolvidos nesse trabalho. A \u00faltima vez que houve uma manuten\u00e7\u00e3o semelhante, que provocou parada no Sistema Cantareira, foi em 2016. Uso consciente Durante esse per\u00edodo, a Sabesp orienta a popula\u00e7\u00e3o da Grande S\u00e3o Paulo a fazer uso consciente da \u00e1gua armazenada nas caixas d&#8217;\u00e1gua dos im\u00f3veis at\u00e9 a conclus\u00e3o do servi\u00e7o. O sistema dever\u00e1 ser normalizado somente na segunda-feira (22). Para diminuir os impactos na falta de abastecimento, a Sabesp informou que vai acionar a flexibiliza\u00e7\u00e3o do Sistema Integrado da Regi\u00e3o Metropolitana de S\u00e3o Paulo, que permitir\u00e1 que regi\u00f5es normalmente atendidas pelo Cantareira recebam \u00e1gua de outros sistemas, momentaneamente. O abastecimento em regi\u00f5es com servi\u00e7os essenciais, como hospitais, ser\u00e1 redirecionado para que n\u00e3o haja intermit\u00eancia na presta\u00e7\u00e3o do servi\u00e7o. Caminh\u00f5es-tanque tamb\u00e9m ser\u00e3o disponibilizados para situa\u00e7\u00f5es de emerg\u00eancia. Noticias em Destaque Fonte: Agencia Brasil","og_url":"https:\/\/noticiasemdestaque.com\/cd\/?p=42031","og_site_name":"Not&iacute;cias em Destaque","article_published_time":"2022-08-20T16:16:16+00:00","og_image":[{"width":1170,"height":700,"url":"https:\/\/noticiasemdestaque.com\/cd\/wp-content\/uploads\/2022\/08\/cantareira_bombas.jpg","type":"image\/jpeg"}],"author":"Not\u00edcias em Destaque","twitter_card":"summary_large_image","twitter_misc":{"Escrito por":"Not\u00edcias em Destaque","Est. tempo de leitura":"3 minutos"},"schema":{"@context":"https:\/\/schema.org","@graph":[{"@type":"Article","@id":"https:\/\/noticiasemdestaque.com\/cd\/?p=42031#article","isPartOf":{"@id":"https:\/\/noticiasemdestaque.com\/cd\/?p=42031"},"author":{"name":"Not\u00edcias em Destaque","@id":"https:\/\/noticiasemdestaque.com\/cd\/#\/schema\/person\/4a81fb71f77579d059c3045891fa1786"},"headline":"S\u00e3o Paulo: obra no Sistema Cantareira pode deixar 5 milh\u00f5es sem \u00e1gua","datePublished":"2022-08-20T16:16:16+00:00","mainEntityOfPage":{"@id":"https:\/\/noticiasemdestaque.com\/cd\/?p=42031"},"wordCount":373,"publisher":{"@id":"https:\/\/noticiasemdestaque.com\/cd\/#organization"},"image":{"@id":"https:\/\/noticiasemdestaque.com\/cd\/?p=42031#primaryimage"},"thumbnailUrl":"https:\/\/noticiasemdestaque.com\/cd\/wp-content\/uploads\/2022\/08\/cantareira_bombas.jpg","articleSection":["Cidades"],"inLanguage":"pt-BR"},{"@type":"WebPage","@id":"https:\/\/noticiasemdestaque.com\/cd\/?p=42031","url":"https:\/\/noticiasemdestaque.com\/cd\/?p=42031","name":"S\u00e3o Paulo: obra no Sistema Cantareira pode deixar 5 milh\u00f5es sem \u00e1gua - Not&iacute;cias em Destaque","isPartOf":{"@id":"https:\/\/noticiasemdestaque.com\/cd\/#website"},"primaryImageOfPage":{"@id":"https:\/\/noticiasemdestaque.com\/cd\/?p=42031#primaryimage"},"image":{"@id":"https:\/\/noticiasemdestaque.com\/cd\/?p=42031#primaryimage"},"thumbnailUrl":"https:\/\/noticiasemdestaque.com\/cd\/wp-content\/uploads\/2022\/08\/cantareira_bombas.jpg","datePublished":"2022-08-20T16:16:16+00:00","breadcrumb":{"@id":"https:\/\/noticiasemdestaque.com\/cd\/?p=42031#breadcrumb"},"inLanguage":"pt-BR","potentialAction":[{"@type":"ReadAction","target":["https:\/\/noticiasemdestaque.com\/cd\/?p=42031"]}]},{"@type":"ImageObject","inLanguage":"pt-BR","@id":"https:\/\/noticiasemdestaque.com\/cd\/?p=42031#primaryimage","url":"https:\/\/noticiasemdestaque.com\/cd\/wp-content\/uploads\/2022\/08\/cantareira_bombas.jpg","contentUrl":"https:\/\/noticiasemdestaque.com\/cd\/wp-content\/uploads\/2022\/08\/cantareira_bombas.jpg","width":1170,"height":700},{"@type":"BreadcrumbList","@id":"https:\/\/noticiasemdestaque.com\/cd\/?p=42031#breadcrumb","itemListElement":[{"@type":"ListItem","position":1,"name":"In\u00edcio","item":"https:\/\/noticiasemdestaque.com\/cd\/"},{"@type":"ListItem","position":2,"name":"S\u00e3o Paulo: obra no Sistema Cantareira pode deixar 5 milh\u00f5es sem \u00e1gua"}]},{"@type":"WebSite","@id":"https:\/\/noticiasemdestaque.com\/cd\/#website","url":"https:\/\/noticiasemdestaque.com\/cd\/","name":"Not&iacute;cias em Destaque","description":"","publisher":{"@id":"https:\/\/noticiasemdestaque.com\/cd\/#organization"},"potentialAction":[{"@type":"SearchAction","target":{"@type":"EntryPoint","urlTemplate":"https:\/\/noticiasemdestaque.com\/cd\/?s={search_term_string}"},"query-input":{"@type":"PropertyValueSpecification","valueRequired":true,"valueName":"search_term_string"}}],"inLanguage":"pt-BR"},{"@type":"Organization","@id":"https:\/\/noticiasemdestaque.com\/cd\/#organization","name":"Not\u00edcias em Destaque","url":"https:\/\/noticiasemdestaque.com\/cd\/","logo":{"@type":"ImageObject","inLanguage":"pt-BR","@id":"https:\/\/noticiasemdestaque.com\/cd\/#\/schema\/logo\/image\/","url":"https:\/\/noticiasemdestaque.com\/cd\/wp-content\/uploads\/2022\/05\/imagem-base-noticiasemdestaque.png","contentUrl":"https:\/\/noticiasemdestaque.com\/cd\/wp-content\/uploads\/2022\/05\/imagem-base-noticiasemdestaque.png","width":1200,"height":630,"caption":"Not\u00edcias em Destaque"},"image":{"@id":"https:\/\/noticiasemdestaque.com\/cd\/#\/schema\/logo\/image\/"}},{"@type":"Person","@id":"https:\/\/noticiasemdestaque.com\/cd\/#\/schema\/person\/4a81fb71f77579d059c3045891fa1786","name":"Not\u00edcias em Destaque","url":"https:\/\/noticiasemdestaque.com\/cd\/?author=2"}]}},"jetpack_featured_media_url":"https:\/\/noticiasemdestaque.com\/cd\/wp-content\/uploads\/2022\/08\/cantareira_bombas.jpg","jetpack_sharing_enabled":true,"_links":{"self":[{"href":"https:\/\/noticiasemdestaque.com\/cd\/index.php?rest_route=\/wp\/v2\/posts\/42031","targetHints":{"allow":["GET"]}}],"collection":[{"href":"https:\/\/noticiasemdestaque.com\/cd\/index.php?rest_route=\/wp\/v2\/posts"}],"about":[{"href":"https:\/\/noticiasemdestaque.com\/cd\/index.php?rest_route=\/wp\/v2\/types\/post"}],"author":[{"embeddable":true,"href":"https:\/\/noticiasemdestaque.com\/cd\/index.php?rest_route=\/wp\/v2\/users\/2"}],"replies":[{"embeddable":true,"href":"https:\/\/noticiasemdestaque.com\/cd\/index.php?rest_route=%2Fwp%2Fv2%2Fcomments&post=42031"}],"version-history":[{"count":1,"href":"https:\/\/noticiasemdestaque.com\/cd\/index.php?rest_route=\/wp\/v2\/posts\/42031\/revisions"}],"predecessor-version":[{"id":42033,"href":"https:\/\/noticiasemdestaque.com\/cd\/index.php?rest_route=\/wp\/v2\/posts\/42031\/revisions\/42033"}],"wp:featuredmedia":[{"embeddable":true,"href":"https:\/\/noticiasemdestaque.com\/cd\/index.php?rest_route=\/wp\/v2\/media\/42032"}],"wp:attachment":[{"href":"https:\/\/noticiasemdestaque.com\/cd\/index.php?rest_route=%2Fwp%2Fv2%2Fmedia&parent=42031"}],"wp:term":[{"taxonomy":"category","embeddable":true,"href":"https:\/\/noticiasemdestaque.com\/cd\/index.php?rest_route=%2Fwp%2Fv2%2Fcategories&post=42031"},{"taxonomy":"post_tag","embeddable":true,"href":"https:\/\/noticiasemdestaque.com\/cd\/index.php?rest_route=%2Fwp%2Fv2%2Ftags&post=42031"}],"curies":[{"name":"wp","href":"https:\/\/api.w.org\/{rel}","templated":true}]}}