{"id":4200,"date":"2017-09-11T19:52:24","date_gmt":"2017-09-11T22:52:24","guid":{"rendered":"http:\/\/caririemdestaque.com\/cd\/?p=4200"},"modified":"2017-09-11T21:38:53","modified_gmt":"2017-09-12T00:38:53","slug":"prefeito-eden-faz-entrega-de-30-novas-barracas-aos-feirantes-da-agricultura-familiar","status":"publish","type":"post","link":"https:\/\/noticiasemdestaque.com\/cd\/?p=4200","title":{"rendered":"Prefeito \u00c9den faz entrega de 30 novas barracas aos feirantes da Agricultura Familiar"},"content":{"rendered":"<p><a href=\"http:\/\/caririemdestaque.com\/cd\/wp-content\/uploads\/2017\/09\/DSC_0085.jpg\"><img fetchpriority=\"high\" decoding=\"async\" class=\"alignleft wp-image-4202 size-medium\" src=\"http:\/\/caririemdestaque.com\/cd\/wp-content\/uploads\/2017\/09\/DSC_0085-300x218.jpg\" alt=\"\" width=\"300\" height=\"218\" srcset=\"https:\/\/noticiasemdestaque.com\/cd\/wp-content\/uploads\/2017\/09\/DSC_0085-300x218.jpg 300w, https:\/\/noticiasemdestaque.com\/cd\/wp-content\/uploads\/2017\/09\/DSC_0085-768x559.jpg 768w, https:\/\/noticiasemdestaque.com\/cd\/wp-content\/uploads\/2017\/09\/DSC_0085.jpg 1024w\" sizes=\"(max-width: 300px) 100vw, 300px\" \/><\/a><\/p>\n<p>A solenidade aconteceu no Mercado P\u00fablico e contou com a presen\u00e7a dos feirantes, dos vereadores Br\u00edgida Xavier, Daniel L\u00eala, Ant\u00f4nio Carlos Sarmento, Nilson Brito e Bomba, dos secret\u00e1rios Isca Viana (Obras e Agricultura) Tanniery L\u00eala (Assist\u00eancia Social), Odilon Ara\u00fajo (Educa\u00e7\u00e3o), Alessandra Regina (Sa\u00fade) e demais membros do governo.<\/p>\n<p>A entrega das barracas \u00e9 mais uma a\u00e7\u00e3o da administra\u00e7\u00e3o do prefeito \u00c9den Duarte para fortalecer a agricultura familiar e melhorar a vida do homem no campo. Ele informou que est\u00e1 priorizando tamb\u00e9m a conclus\u00e3o da cobertura da feira agroecol\u00f3gica para dar um ambiente mais confort\u00e1vel e adequado aos feirantes e consumidores, assim como organizar melhor a \u00e1rea do Mercado P\u00fablico.<\/p>\n<p>\u00c9den lembrou que a parceria da Prefeitura com o Governo do Estado tem possibilitado a entrega de grandes projetos<\/p>\n<p><a href=\"http:\/\/caririemdestaque.com\/cd\/wp-content\/uploads\/2017\/09\/DSC_0086.jpg\"><img decoding=\"async\" class=\"size-thumbnail wp-image-4203 alignright\" src=\"http:\/\/caririemdestaque.com\/cd\/wp-content\/uploads\/2017\/09\/DSC_0086-150x150.jpg\" alt=\"\" width=\"150\" height=\"150\" \/><\/a><\/p>\n<p>para o Munic\u00edpio de Sum\u00e9, a exemplo da conclus\u00e3o recente de 20 barragens subterr\u00e2neas e de mais 30 tecnologias sociais, como barreiros-trincheira e cisternas cal\u00e7ad\u00e3o.<\/p>\n<p>Na ocasi\u00e3o, o prefeito visitou a Central de Distribui\u00e7\u00e3o do PAA do Mercado P\u00fablico, onde estavam sendo entregues 166 kg de queijo de coalho e de manteiga pelo programa.<\/p>\n<p>Nesta ter\u00e7a-feira (11), o prefeito \u00c9den far\u00e1 a entrega de outros novos projetos para o munic\u00edpio. Ele estar\u00e1 entregando o pr\u00e9dio do Programa de Aquisi\u00e7\u00e3o de Alimentos da V\u00e1rzea Redonda, a nova sede dos Servi\u00e7os de Conviv\u00eancia e Fortalecimento de V\u00ednculos, a conclus\u00e3o da reforma do pr\u00e9dio onde funciona o CRAS, lan\u00e7ando o Programa Crian\u00e7a Feliz e o Projeto M\u00f4nica.<\/p>\n<p><strong>Cariri em Destaque<\/strong><\/p>\n<p>Ascom<\/p>\n","protected":false},"excerpt":{"rendered":"<p>A solenidade aconteceu no Mercado P\u00fablico e contou com a presen\u00e7a dos feirantes, dos vereadores Br\u00edgida Xavier, Daniel L\u00eala, Ant\u00f4nio Carlos Sarmento, Nilson Brito e Bomba, dos secret\u00e1rios Isca Viana (Obras e Agricultura) Tanniery L\u00eala (Assist\u00eancia Social), Odilon Ara\u00fajo (Educa\u00e7\u00e3o), Alessandra Regina (Sa\u00fade) e demais membros do governo. A entrega das barracas \u00e9 mais uma a\u00e7\u00e3o da administra\u00e7\u00e3o do prefeito \u00c9den Duarte para fortalecer a agricultura familiar e melhorar a vida do homem no campo. Ele informou que est\u00e1 priorizando tamb\u00e9m a conclus\u00e3o da cobertura da feira agroecol\u00f3gica para dar um ambiente mais confort\u00e1vel e adequado aos feirantes e consumidores, assim como organizar melhor a \u00e1rea do Mercado P\u00fablico. \u00c9den lembrou que a parceria da Prefeitura com o Governo do Estado tem possibilitado a entrega de grandes projetos para o Munic\u00edpio de Sum\u00e9, a exemplo da conclus\u00e3o recente de 20 barragens subterr\u00e2neas e de mais 30 tecnologias sociais, como barreiros-trincheira e cisternas cal\u00e7ad\u00e3o. Na ocasi\u00e3o, o prefeito visitou a Central de Distribui\u00e7\u00e3o do PAA do Mercado P\u00fablico, onde estavam sendo entregues 166 kg de queijo de coalho e de manteiga pelo programa. Nesta ter\u00e7a-feira (11), o prefeito \u00c9den far\u00e1 a entrega de outros novos projetos para o munic\u00edpio. Ele estar\u00e1 entregando o pr\u00e9dio do Programa de Aquisi\u00e7\u00e3o de Alimentos da V\u00e1rzea Redonda, a nova sede dos Servi\u00e7os de Conviv\u00eancia e Fortalecimento de V\u00ednculos, a conclus\u00e3o da reforma do pr\u00e9dio onde funciona o CRAS, lan\u00e7ando o Programa Crian\u00e7a Feliz e o Projeto M\u00f4nica. Cariri em Destaque Ascom<\/p>\n","protected":false},"author":2,"featured_media":4201,"comment_status":"closed","ping_status":"open","sticky":false,"template":"","format":"standard","meta":{"_eb_attr":"","_jetpack_memberships_contains_paid_content":false,"footnotes":""},"categories":[3],"tags":[],"class_list":["post-4200","post","type-post","status-publish","format-standard","has-post-thumbnail","hentry","category-cidades"],"yoast_head":"<!-- This site is optimized with the Yoast SEO plugin v26.5 - https:\/\/yoast.com\/wordpress\/plugins\/seo\/ -->\n<title>Prefeito \u00c9den faz entrega de 30 novas barracas aos feirantes da Agricultura Familiar - Not&iacute;cias em Destaque<\/title>\n<meta name=\"robots\" content=\"index, follow, max-snippet:-1, max-image-preview:large, max-video-preview:-1\" \/>\n<link rel=\"canonical\" href=\"https:\/\/noticiasemdestaque.com\/cd\/?p=4200\" \/>\n<meta property=\"og:locale\" content=\"pt_BR\" \/>\n<meta property=\"og:type\" content=\"article\" \/>\n<meta property=\"og:title\" content=\"Prefeito \u00c9den faz entrega de 30 novas barracas aos feirantes da Agricultura Familiar - Not&iacute;cias em Destaque\" \/>\n<meta property=\"og:description\" content=\"A solenidade aconteceu no Mercado P\u00fablico e contou com a presen\u00e7a dos feirantes, dos vereadores Br\u00edgida Xavier, Daniel L\u00eala, Ant\u00f4nio Carlos Sarmento, Nilson Brito e Bomba, dos secret\u00e1rios Isca Viana (Obras e Agricultura) Tanniery L\u00eala (Assist\u00eancia Social), Odilon Ara\u00fajo (Educa\u00e7\u00e3o), Alessandra Regina (Sa\u00fade) e demais membros do governo. A entrega das barracas \u00e9 mais uma a\u00e7\u00e3o da administra\u00e7\u00e3o do prefeito \u00c9den Duarte para fortalecer a agricultura familiar e melhorar a vida do homem no campo. Ele informou que est\u00e1 priorizando tamb\u00e9m a conclus\u00e3o da cobertura da feira agroecol\u00f3gica para dar um ambiente mais confort\u00e1vel e adequado aos feirantes e consumidores, assim como organizar melhor a \u00e1rea do Mercado P\u00fablico. \u00c9den lembrou que a parceria da Prefeitura com o Governo do Estado tem possibilitado a entrega de grandes projetos para o Munic\u00edpio de Sum\u00e9, a exemplo da conclus\u00e3o recente de 20 barragens subterr\u00e2neas e de mais 30 tecnologias sociais, como barreiros-trincheira e cisternas cal\u00e7ad\u00e3o. Na ocasi\u00e3o, o prefeito visitou a Central de Distribui\u00e7\u00e3o do PAA do Mercado P\u00fablico, onde estavam sendo entregues 166 kg de queijo de coalho e de manteiga pelo programa. Nesta ter\u00e7a-feira (11), o prefeito \u00c9den far\u00e1 a entrega de outros novos projetos para o munic\u00edpio. Ele estar\u00e1 entregando o pr\u00e9dio do Programa de Aquisi\u00e7\u00e3o de Alimentos da V\u00e1rzea Redonda, a nova sede dos Servi\u00e7os de Conviv\u00eancia e Fortalecimento de V\u00ednculos, a conclus\u00e3o da reforma do pr\u00e9dio onde funciona o CRAS, lan\u00e7ando o Programa Crian\u00e7a Feliz e o Projeto M\u00f4nica. Cariri em Destaque Ascom\" \/>\n<meta property=\"og:url\" content=\"https:\/\/noticiasemdestaque.com\/cd\/?p=4200\" \/>\n<meta property=\"og:site_name\" content=\"Not&iacute;cias em Destaque\" \/>\n<meta property=\"article:published_time\" content=\"2017-09-11T22:52:24+00:00\" \/>\n<meta property=\"article:modified_time\" content=\"2017-09-12T00:38:53+00:00\" \/>\n<meta property=\"og:image\" content=\"https:\/\/noticiasemdestaque.com\/cd\/wp-content\/uploads\/2017\/09\/21462961_868569306638996_5207874615874488970_n.jpg\" \/>\n\t<meta property=\"og:image:width\" content=\"600\" \/>\n\t<meta property=\"og:image:height\" content=\"338\" \/>\n\t<meta property=\"og:image:type\" content=\"image\/jpeg\" \/>\n<meta name=\"author\" content=\"Not\u00edcias em Destaque\" \/>\n<meta name=\"twitter:card\" content=\"summary_large_image\" \/>\n<meta name=\"twitter:label1\" content=\"Escrito por\" \/>\n\t<meta name=\"twitter:data1\" content=\"Not\u00edcias em Destaque\" \/>\n\t<meta name=\"twitter:label2\" content=\"Est. tempo de leitura\" \/>\n\t<meta name=\"twitter:data2\" content=\"1 minuto\" \/>\n<script type=\"application\/ld+json\" class=\"yoast-schema-graph\">{\"@context\":\"https:\/\/schema.org\",\"@graph\":[{\"@type\":\"Article\",\"@id\":\"https:\/\/noticiasemdestaque.com\/cd\/?p=4200#article\",\"isPartOf\":{\"@id\":\"https:\/\/noticiasemdestaque.com\/cd\/?p=4200\"},\"author\":{\"name\":\"Not\u00edcias em Destaque\",\"@id\":\"https:\/\/noticiasemdestaque.com\/cd\/#\/schema\/person\/21320b03a7e8bb90128938dafc9b908a\"},\"headline\":\"Prefeito \u00c9den faz entrega de 30 novas barracas aos feirantes da Agricultura Familiar\",\"datePublished\":\"2017-09-11T22:52:24+00:00\",\"dateModified\":\"2017-09-12T00:38:53+00:00\",\"mainEntityOfPage\":{\"@id\":\"https:\/\/noticiasemdestaque.com\/cd\/?p=4200\"},\"wordCount\":292,\"publisher\":{\"@id\":\"https:\/\/noticiasemdestaque.com\/cd\/#organization\"},\"image\":{\"@id\":\"https:\/\/noticiasemdestaque.com\/cd\/?p=4200#primaryimage\"},\"thumbnailUrl\":\"https:\/\/noticiasemdestaque.com\/cd\/wp-content\/uploads\/2017\/09\/21462961_868569306638996_5207874615874488970_n.jpg\",\"articleSection\":[\"Cidades\"],\"inLanguage\":\"pt-BR\"},{\"@type\":\"WebPage\",\"@id\":\"https:\/\/noticiasemdestaque.com\/cd\/?p=4200\",\"url\":\"https:\/\/noticiasemdestaque.com\/cd\/?p=4200\",\"name\":\"Prefeito \u00c9den faz entrega de 30 novas barracas aos feirantes da Agricultura Familiar - Not&iacute;cias em Destaque\",\"isPartOf\":{\"@id\":\"https:\/\/noticiasemdestaque.com\/cd\/#website\"},\"primaryImageOfPage\":{\"@id\":\"https:\/\/noticiasemdestaque.com\/cd\/?p=4200#primaryimage\"},\"image\":{\"@id\":\"https:\/\/noticiasemdestaque.com\/cd\/?p=4200#primaryimage\"},\"thumbnailUrl\":\"https:\/\/noticiasemdestaque.com\/cd\/wp-content\/uploads\/2017\/09\/21462961_868569306638996_5207874615874488970_n.jpg\",\"datePublished\":\"2017-09-11T22:52:24+00:00\",\"dateModified\":\"2017-09-12T00:38:53+00:00\",\"breadcrumb\":{\"@id\":\"https:\/\/noticiasemdestaque.com\/cd\/?p=4200#breadcrumb\"},\"inLanguage\":\"pt-BR\",\"potentialAction\":[{\"@type\":\"ReadAction\",\"target\":[\"https:\/\/noticiasemdestaque.com\/cd\/?p=4200\"]}]},{\"@type\":\"ImageObject\",\"inLanguage\":\"pt-BR\",\"@id\":\"https:\/\/noticiasemdestaque.com\/cd\/?p=4200#primaryimage\",\"url\":\"https:\/\/noticiasemdestaque.com\/cd\/wp-content\/uploads\/2017\/09\/21462961_868569306638996_5207874615874488970_n.jpg\",\"contentUrl\":\"https:\/\/noticiasemdestaque.com\/cd\/wp-content\/uploads\/2017\/09\/21462961_868569306638996_5207874615874488970_n.jpg\",\"width\":600,\"height\":338},{\"@type\":\"BreadcrumbList\",\"@id\":\"https:\/\/noticiasemdestaque.com\/cd\/?p=4200#breadcrumb\",\"itemListElement\":[{\"@type\":\"ListItem\",\"position\":1,\"name\":\"In\u00edcio\",\"item\":\"https:\/\/noticiasemdestaque.com\/cd\/\"},{\"@type\":\"ListItem\",\"position\":2,\"name\":\"Prefeito \u00c9den faz entrega de 30 novas barracas aos feirantes da Agricultura Familiar\"}]},{\"@type\":\"WebSite\",\"@id\":\"https:\/\/noticiasemdestaque.com\/cd\/#website\",\"url\":\"https:\/\/noticiasemdestaque.com\/cd\/\",\"name\":\"Not&iacute;cias em Destaque\",\"description\":\"\",\"publisher\":{\"@id\":\"https:\/\/noticiasemdestaque.com\/cd\/#organization\"},\"potentialAction\":[{\"@type\":\"SearchAction\",\"target\":{\"@type\":\"EntryPoint\",\"urlTemplate\":\"https:\/\/noticiasemdestaque.com\/cd\/?s={search_term_string}\"},\"query-input\":{\"@type\":\"PropertyValueSpecification\",\"valueRequired\":true,\"valueName\":\"search_term_string\"}}],\"inLanguage\":\"pt-BR\"},{\"@type\":\"Organization\",\"@id\":\"https:\/\/noticiasemdestaque.com\/cd\/#organization\",\"name\":\"Not\u00edcias em Destaque\",\"url\":\"https:\/\/noticiasemdestaque.com\/cd\/\",\"logo\":{\"@type\":\"ImageObject\",\"inLanguage\":\"pt-BR\",\"@id\":\"https:\/\/noticiasemdestaque.com\/cd\/#\/schema\/logo\/image\/\",\"url\":\"https:\/\/noticiasemdestaque.com\/cd\/wp-content\/uploads\/2022\/05\/imagem-base-noticiasemdestaque.png\",\"contentUrl\":\"https:\/\/noticiasemdestaque.com\/cd\/wp-content\/uploads\/2022\/05\/imagem-base-noticiasemdestaque.png\",\"width\":1200,\"height\":630,\"caption\":\"Not\u00edcias em Destaque\"},\"image\":{\"@id\":\"https:\/\/noticiasemdestaque.com\/cd\/#\/schema\/logo\/image\/\"}},{\"@type\":\"Person\",\"@id\":\"https:\/\/noticiasemdestaque.com\/cd\/#\/schema\/person\/21320b03a7e8bb90128938dafc9b908a\",\"name\":\"Not\u00edcias em Destaque\",\"url\":\"https:\/\/noticiasemdestaque.com\/cd\/?author=2\"}]}<\/script>\n<!-- \/ Yoast SEO plugin. -->","yoast_head_json":{"title":"Prefeito \u00c9den faz entrega de 30 novas barracas aos feirantes da Agricultura Familiar - Not&iacute;cias em Destaque","robots":{"index":"index","follow":"follow","max-snippet":"max-snippet:-1","max-image-preview":"max-image-preview:large","max-video-preview":"max-video-preview:-1"},"canonical":"https:\/\/noticiasemdestaque.com\/cd\/?p=4200","og_locale":"pt_BR","og_type":"article","og_title":"Prefeito \u00c9den faz entrega de 30 novas barracas aos feirantes da Agricultura Familiar - Not&iacute;cias em Destaque","og_description":"A solenidade aconteceu no Mercado P\u00fablico e contou com a presen\u00e7a dos feirantes, dos vereadores Br\u00edgida Xavier, Daniel L\u00eala, Ant\u00f4nio Carlos Sarmento, Nilson Brito e Bomba, dos secret\u00e1rios Isca Viana (Obras e Agricultura) Tanniery L\u00eala (Assist\u00eancia Social), Odilon Ara\u00fajo (Educa\u00e7\u00e3o), Alessandra Regina (Sa\u00fade) e demais membros do governo. A entrega das barracas \u00e9 mais uma a\u00e7\u00e3o da administra\u00e7\u00e3o do prefeito \u00c9den Duarte para fortalecer a agricultura familiar e melhorar a vida do homem no campo. Ele informou que est\u00e1 priorizando tamb\u00e9m a conclus\u00e3o da cobertura da feira agroecol\u00f3gica para dar um ambiente mais confort\u00e1vel e adequado aos feirantes e consumidores, assim como organizar melhor a \u00e1rea do Mercado P\u00fablico. \u00c9den lembrou que a parceria da Prefeitura com o Governo do Estado tem possibilitado a entrega de grandes projetos para o Munic\u00edpio de Sum\u00e9, a exemplo da conclus\u00e3o recente de 20 barragens subterr\u00e2neas e de mais 30 tecnologias sociais, como barreiros-trincheira e cisternas cal\u00e7ad\u00e3o. Na ocasi\u00e3o, o prefeito visitou a Central de Distribui\u00e7\u00e3o do PAA do Mercado P\u00fablico, onde estavam sendo entregues 166 kg de queijo de coalho e de manteiga pelo programa. Nesta ter\u00e7a-feira (11), o prefeito \u00c9den far\u00e1 a entrega de outros novos projetos para o munic\u00edpio. Ele estar\u00e1 entregando o pr\u00e9dio do Programa de Aquisi\u00e7\u00e3o de Alimentos da V\u00e1rzea Redonda, a nova sede dos Servi\u00e7os de Conviv\u00eancia e Fortalecimento de V\u00ednculos, a conclus\u00e3o da reforma do pr\u00e9dio onde funciona o CRAS, lan\u00e7ando o Programa Crian\u00e7a Feliz e o Projeto M\u00f4nica. Cariri em Destaque Ascom","og_url":"https:\/\/noticiasemdestaque.com\/cd\/?p=4200","og_site_name":"Not&iacute;cias em Destaque","article_published_time":"2017-09-11T22:52:24+00:00","article_modified_time":"2017-09-12T00:38:53+00:00","og_image":[{"width":600,"height":338,"url":"https:\/\/noticiasemdestaque.com\/cd\/wp-content\/uploads\/2017\/09\/21462961_868569306638996_5207874615874488970_n.jpg","type":"image\/jpeg"}],"author":"Not\u00edcias em Destaque","twitter_card":"summary_large_image","twitter_misc":{"Escrito por":"Not\u00edcias em Destaque","Est. tempo de leitura":"1 minuto"},"schema":{"@context":"https:\/\/schema.org","@graph":[{"@type":"Article","@id":"https:\/\/noticiasemdestaque.com\/cd\/?p=4200#article","isPartOf":{"@id":"https:\/\/noticiasemdestaque.com\/cd\/?p=4200"},"author":{"name":"Not\u00edcias em Destaque","@id":"https:\/\/noticiasemdestaque.com\/cd\/#\/schema\/person\/21320b03a7e8bb90128938dafc9b908a"},"headline":"Prefeito \u00c9den faz entrega de 30 novas barracas aos feirantes da Agricultura Familiar","datePublished":"2017-09-11T22:52:24+00:00","dateModified":"2017-09-12T00:38:53+00:00","mainEntityOfPage":{"@id":"https:\/\/noticiasemdestaque.com\/cd\/?p=4200"},"wordCount":292,"publisher":{"@id":"https:\/\/noticiasemdestaque.com\/cd\/#organization"},"image":{"@id":"https:\/\/noticiasemdestaque.com\/cd\/?p=4200#primaryimage"},"thumbnailUrl":"https:\/\/noticiasemdestaque.com\/cd\/wp-content\/uploads\/2017\/09\/21462961_868569306638996_5207874615874488970_n.jpg","articleSection":["Cidades"],"inLanguage":"pt-BR"},{"@type":"WebPage","@id":"https:\/\/noticiasemdestaque.com\/cd\/?p=4200","url":"https:\/\/noticiasemdestaque.com\/cd\/?p=4200","name":"Prefeito \u00c9den faz entrega de 30 novas barracas aos feirantes da Agricultura Familiar - Not&iacute;cias em Destaque","isPartOf":{"@id":"https:\/\/noticiasemdestaque.com\/cd\/#website"},"primaryImageOfPage":{"@id":"https:\/\/noticiasemdestaque.com\/cd\/?p=4200#primaryimage"},"image":{"@id":"https:\/\/noticiasemdestaque.com\/cd\/?p=4200#primaryimage"},"thumbnailUrl":"https:\/\/noticiasemdestaque.com\/cd\/wp-content\/uploads\/2017\/09\/21462961_868569306638996_5207874615874488970_n.jpg","datePublished":"2017-09-11T22:52:24+00:00","dateModified":"2017-09-12T00:38:53+00:00","breadcrumb":{"@id":"https:\/\/noticiasemdestaque.com\/cd\/?p=4200#breadcrumb"},"inLanguage":"pt-BR","potentialAction":[{"@type":"ReadAction","target":["https:\/\/noticiasemdestaque.com\/cd\/?p=4200"]}]},{"@type":"ImageObject","inLanguage":"pt-BR","@id":"https:\/\/noticiasemdestaque.com\/cd\/?p=4200#primaryimage","url":"https:\/\/noticiasemdestaque.com\/cd\/wp-content\/uploads\/2017\/09\/21462961_868569306638996_5207874615874488970_n.jpg","contentUrl":"https:\/\/noticiasemdestaque.com\/cd\/wp-content\/uploads\/2017\/09\/21462961_868569306638996_5207874615874488970_n.jpg","width":600,"height":338},{"@type":"BreadcrumbList","@id":"https:\/\/noticiasemdestaque.com\/cd\/?p=4200#breadcrumb","itemListElement":[{"@type":"ListItem","position":1,"name":"In\u00edcio","item":"https:\/\/noticiasemdestaque.com\/cd\/"},{"@type":"ListItem","position":2,"name":"Prefeito \u00c9den faz entrega de 30 novas barracas aos feirantes da Agricultura Familiar"}]},{"@type":"WebSite","@id":"https:\/\/noticiasemdestaque.com\/cd\/#website","url":"https:\/\/noticiasemdestaque.com\/cd\/","name":"Not&iacute;cias em Destaque","description":"","publisher":{"@id":"https:\/\/noticiasemdestaque.com\/cd\/#organization"},"potentialAction":[{"@type":"SearchAction","target":{"@type":"EntryPoint","urlTemplate":"https:\/\/noticiasemdestaque.com\/cd\/?s={search_term_string}"},"query-input":{"@type":"PropertyValueSpecification","valueRequired":true,"valueName":"search_term_string"}}],"inLanguage":"pt-BR"},{"@type":"Organization","@id":"https:\/\/noticiasemdestaque.com\/cd\/#organization","name":"Not\u00edcias em Destaque","url":"https:\/\/noticiasemdestaque.com\/cd\/","logo":{"@type":"ImageObject","inLanguage":"pt-BR","@id":"https:\/\/noticiasemdestaque.com\/cd\/#\/schema\/logo\/image\/","url":"https:\/\/noticiasemdestaque.com\/cd\/wp-content\/uploads\/2022\/05\/imagem-base-noticiasemdestaque.png","contentUrl":"https:\/\/noticiasemdestaque.com\/cd\/wp-content\/uploads\/2022\/05\/imagem-base-noticiasemdestaque.png","width":1200,"height":630,"caption":"Not\u00edcias em Destaque"},"image":{"@id":"https:\/\/noticiasemdestaque.com\/cd\/#\/schema\/logo\/image\/"}},{"@type":"Person","@id":"https:\/\/noticiasemdestaque.com\/cd\/#\/schema\/person\/21320b03a7e8bb90128938dafc9b908a","name":"Not\u00edcias em Destaque","url":"https:\/\/noticiasemdestaque.com\/cd\/?author=2"}]}},"jetpack_featured_media_url":"https:\/\/noticiasemdestaque.com\/cd\/wp-content\/uploads\/2017\/09\/21462961_868569306638996_5207874615874488970_n.jpg","jetpack_sharing_enabled":true,"_links":{"self":[{"href":"https:\/\/noticiasemdestaque.com\/cd\/index.php?rest_route=\/wp\/v2\/posts\/4200","targetHints":{"allow":["GET"]}}],"collection":[{"href":"https:\/\/noticiasemdestaque.com\/cd\/index.php?rest_route=\/wp\/v2\/posts"}],"about":[{"href":"https:\/\/noticiasemdestaque.com\/cd\/index.php?rest_route=\/wp\/v2\/types\/post"}],"author":[{"embeddable":true,"href":"https:\/\/noticiasemdestaque.com\/cd\/index.php?rest_route=\/wp\/v2\/users\/2"}],"replies":[{"embeddable":true,"href":"https:\/\/noticiasemdestaque.com\/cd\/index.php?rest_route=%2Fwp%2Fv2%2Fcomments&post=4200"}],"version-history":[{"count":2,"href":"https:\/\/noticiasemdestaque.com\/cd\/index.php?rest_route=\/wp\/v2\/posts\/4200\/revisions"}],"predecessor-version":[{"id":4232,"href":"https:\/\/noticiasemdestaque.com\/cd\/index.php?rest_route=\/wp\/v2\/posts\/4200\/revisions\/4232"}],"wp:featuredmedia":[{"embeddable":true,"href":"https:\/\/noticiasemdestaque.com\/cd\/index.php?rest_route=\/wp\/v2\/media\/4201"}],"wp:attachment":[{"href":"https:\/\/noticiasemdestaque.com\/cd\/index.php?rest_route=%2Fwp%2Fv2%2Fmedia&parent=4200"}],"wp:term":[{"taxonomy":"category","embeddable":true,"href":"https:\/\/noticiasemdestaque.com\/cd\/index.php?rest_route=%2Fwp%2Fv2%2Fcategories&post=4200"},{"taxonomy":"post_tag","embeddable":true,"href":"https:\/\/noticiasemdestaque.com\/cd\/index.php?rest_route=%2Fwp%2Fv2%2Ftags&post=4200"}],"curies":[{"name":"wp","href":"https:\/\/api.w.org\/{rel}","templated":true}]}}