{"id":4189,"date":"2017-09-10T11:44:08","date_gmt":"2017-09-10T14:44:08","guid":{"rendered":"http:\/\/caririemdestaque.com\/cd\/?p=4189"},"modified":"2017-09-10T11:44:08","modified_gmt":"2017-09-10T14:44:08","slug":"provocado-pelo-procurador-janot-ministro-fachin-manda-prender-joesley-e-saud","status":"publish","type":"post","link":"https:\/\/noticiasemdestaque.com\/cd\/?p=4189","title":{"rendered":"Provocado pelo Procurador Janot, ministro Fachin manda prender Joesley e Saud"},"content":{"rendered":"<p><a href=\"http:\/\/caririemdestaque.com\/cd\/wp-content\/uploads\/2017\/09\/joesley-batista20170815_0001.jpg\"><img decoding=\"async\" class=\"size-thumbnail wp-image-4190 alignleft\" src=\"http:\/\/caririemdestaque.com\/cd\/wp-content\/uploads\/2017\/09\/joesley-batista20170815_0001-150x150.jpg\" alt=\"\" width=\"150\" height=\"150\" srcset=\"https:\/\/noticiasemdestaque.com\/cd\/wp-content\/uploads\/2017\/09\/joesley-batista20170815_0001-150x150.jpg 150w, https:\/\/noticiasemdestaque.com\/cd\/wp-content\/uploads\/2017\/09\/joesley-batista20170815_0001-266x266.jpg 266w\" sizes=\"(max-width: 150px) 100vw, 150px\" \/><\/a>O ministro Edson Fachin, do Supremo Tribunal Federal, determinou a pris\u00e3o dos empres\u00e1rios Joesley Batista e Ricardo Saud, delatores da JBS. Fachin negou o pedido de pris\u00e3o do ex-procurador Marcello Miler.<\/p>\n<p>A ordem de Fachin n\u00e3o significa que as pris\u00f5es ocorrer\u00e3o na manh\u00e3 deste domingo (10), como, normalmente, acontece com as execu\u00e7\u00f5es realizadas pela Pol\u00edcia Federal (PF). As pris\u00f5es podem ocorrer ao longo do dia ou at\u00e9 mesmo nesta segunda-feira (11).<\/p>\n<p>Em rela\u00e7\u00e3o aos delatores, a pris\u00e3o foi autorizada porque eles s\u00e3o suspeitos de omitir informa\u00e7\u00f5es dos investigadores, o que quebra cl\u00e1usulas do acordo. No caso de Marcello Miller, a suspeita \u00e9 de que ele teve uma conduta criminosa ao atuar para a J&amp;F enquanto ainda integrava o Minist\u00e9rio P\u00fablico.<\/p>\n<p>Na sexta-feira, Janot pediu ao Supremo, por meio de uma a\u00e7\u00e3o cautelar, as pris\u00f5es do empres\u00e1rio Joesley Batista \u2013 um dos donos do frigor\u00edfico JBS \u2013, do diretor de Rela\u00e7\u00f5es Institucionais da J&amp;F, Ricardo Saud, e do ex-procurador da Rep\u00fablica Marcello Miller.<\/p>\n<p>Com as pris\u00f5es de Joesley e Saud, o acordo de dela\u00e7\u00e3o premiada firmado entre a J&amp;F e a Procuradoria Geral da Rep\u00fablica deve ser revisado. O termo de dela\u00e7\u00e3o prev\u00ea que o acordo perder\u00e1 efeito se, por exemplo, o colaborador mentiu ou omitiu, se sonegou ou destruiu provas.<\/p>\n<p><strong><em>Cariri em Destaque<\/em><\/strong><\/p>\n<p>Com Veja<\/p>\n","protected":false},"excerpt":{"rendered":"<p>O ministro Edson Fachin, do Supremo Tribunal Federal, determinou a pris\u00e3o dos empres\u00e1rios Joesley Batista e Ricardo Saud, delatores da JBS. Fachin negou o pedido de pris\u00e3o do ex-procurador Marcello Miler. A ordem de Fachin n\u00e3o significa que as pris\u00f5es ocorrer\u00e3o na manh\u00e3 deste domingo (10), como, normalmente, acontece com as execu\u00e7\u00f5es realizadas pela Pol\u00edcia Federal (PF). As pris\u00f5es podem ocorrer ao longo do dia ou at\u00e9 mesmo nesta segunda-feira (11). Em rela\u00e7\u00e3o aos delatores, a pris\u00e3o foi autorizada porque eles s\u00e3o suspeitos de omitir informa\u00e7\u00f5es dos investigadores, o que quebra cl\u00e1usulas do acordo. No caso de Marcello Miller, a suspeita \u00e9 de que ele teve uma conduta criminosa ao atuar para a J&amp;F enquanto ainda integrava o Minist\u00e9rio P\u00fablico. Na sexta-feira, Janot pediu ao Supremo, por meio de uma a\u00e7\u00e3o cautelar, as pris\u00f5es do empres\u00e1rio Joesley Batista \u2013 um dos donos do frigor\u00edfico JBS \u2013, do diretor de Rela\u00e7\u00f5es Institucionais da J&amp;F, Ricardo Saud, e do ex-procurador da Rep\u00fablica Marcello Miller. Com as pris\u00f5es de Joesley e Saud, o acordo de dela\u00e7\u00e3o premiada firmado entre a J&amp;F e a Procuradoria Geral da Rep\u00fablica deve ser revisado. O termo de dela\u00e7\u00e3o prev\u00ea que o acordo perder\u00e1 efeito se, por exemplo, o colaborador mentiu ou omitiu, se sonegou ou destruiu provas. Cariri em Destaque Com Veja<\/p>\n","protected":false},"author":2,"featured_media":4190,"comment_status":"closed","ping_status":"open","sticky":false,"template":"","format":"standard","meta":{"_eb_attr":"","_jetpack_memberships_contains_paid_content":false,"footnotes":""},"categories":[3],"tags":[],"class_list":["post-4189","post","type-post","status-publish","format-standard","has-post-thumbnail","hentry","category-cidades"],"yoast_head":"<!-- This site is optimized with the Yoast SEO plugin v26.5 - https:\/\/yoast.com\/wordpress\/plugins\/seo\/ -->\n<title>Provocado pelo Procurador Janot, ministro Fachin manda prender Joesley e Saud - Not&iacute;cias em Destaque<\/title>\n<meta name=\"robots\" content=\"index, follow, max-snippet:-1, max-image-preview:large, max-video-preview:-1\" \/>\n<link rel=\"canonical\" href=\"https:\/\/noticiasemdestaque.com\/cd\/?p=4189\" \/>\n<meta property=\"og:locale\" content=\"pt_BR\" \/>\n<meta property=\"og:type\" content=\"article\" \/>\n<meta property=\"og:title\" content=\"Provocado pelo Procurador Janot, ministro Fachin manda prender Joesley e Saud - Not&iacute;cias em Destaque\" \/>\n<meta property=\"og:description\" content=\"O ministro Edson Fachin, do Supremo Tribunal Federal, determinou a pris\u00e3o dos empres\u00e1rios Joesley Batista e Ricardo Saud, delatores da JBS. Fachin negou o pedido de pris\u00e3o do ex-procurador Marcello Miler. A ordem de Fachin n\u00e3o significa que as pris\u00f5es ocorrer\u00e3o na manh\u00e3 deste domingo (10), como, normalmente, acontece com as execu\u00e7\u00f5es realizadas pela Pol\u00edcia Federal (PF). As pris\u00f5es podem ocorrer ao longo do dia ou at\u00e9 mesmo nesta segunda-feira (11). Em rela\u00e7\u00e3o aos delatores, a pris\u00e3o foi autorizada porque eles s\u00e3o suspeitos de omitir informa\u00e7\u00f5es dos investigadores, o que quebra cl\u00e1usulas do acordo. No caso de Marcello Miller, a suspeita \u00e9 de que ele teve uma conduta criminosa ao atuar para a J&amp;F enquanto ainda integrava o Minist\u00e9rio P\u00fablico. Na sexta-feira, Janot pediu ao Supremo, por meio de uma a\u00e7\u00e3o cautelar, as pris\u00f5es do empres\u00e1rio Joesley Batista \u2013 um dos donos do frigor\u00edfico JBS \u2013, do diretor de Rela\u00e7\u00f5es Institucionais da J&amp;F, Ricardo Saud, e do ex-procurador da Rep\u00fablica Marcello Miller. Com as pris\u00f5es de Joesley e Saud, o acordo de dela\u00e7\u00e3o premiada firmado entre a J&amp;F e a Procuradoria Geral da Rep\u00fablica deve ser revisado. O termo de dela\u00e7\u00e3o prev\u00ea que o acordo perder\u00e1 efeito se, por exemplo, o colaborador mentiu ou omitiu, se sonegou ou destruiu provas. Cariri em Destaque Com Veja\" \/>\n<meta property=\"og:url\" content=\"https:\/\/noticiasemdestaque.com\/cd\/?p=4189\" \/>\n<meta property=\"og:site_name\" content=\"Not&iacute;cias em Destaque\" \/>\n<meta property=\"article:published_time\" content=\"2017-09-10T14:44:08+00:00\" \/>\n<meta property=\"og:image\" content=\"https:\/\/noticiasemdestaque.com\/cd\/wp-content\/uploads\/2017\/09\/joesley-batista20170815_0001.jpg\" \/>\n\t<meta property=\"og:image:width\" content=\"1000\" \/>\n\t<meta property=\"og:image:height\" content=\"666\" \/>\n\t<meta property=\"og:image:type\" content=\"image\/jpeg\" \/>\n<meta name=\"author\" content=\"Not\u00edcias em Destaque\" \/>\n<meta name=\"twitter:card\" content=\"summary_large_image\" \/>\n<meta name=\"twitter:label1\" content=\"Escrito por\" \/>\n\t<meta name=\"twitter:data1\" content=\"Not\u00edcias em Destaque\" \/>\n\t<meta name=\"twitter:label2\" content=\"Est. tempo de leitura\" \/>\n\t<meta name=\"twitter:data2\" content=\"1 minuto\" \/>\n<script type=\"application\/ld+json\" class=\"yoast-schema-graph\">{\"@context\":\"https:\/\/schema.org\",\"@graph\":[{\"@type\":\"Article\",\"@id\":\"https:\/\/noticiasemdestaque.com\/cd\/?p=4189#article\",\"isPartOf\":{\"@id\":\"https:\/\/noticiasemdestaque.com\/cd\/?p=4189\"},\"author\":{\"name\":\"Not\u00edcias em Destaque\",\"@id\":\"https:\/\/noticiasemdestaque.com\/cd\/#\/schema\/person\/21320b03a7e8bb90128938dafc9b908a\"},\"headline\":\"Provocado pelo Procurador Janot, ministro Fachin manda prender Joesley e Saud\",\"datePublished\":\"2017-09-10T14:44:08+00:00\",\"mainEntityOfPage\":{\"@id\":\"https:\/\/noticiasemdestaque.com\/cd\/?p=4189\"},\"wordCount\":253,\"publisher\":{\"@id\":\"https:\/\/noticiasemdestaque.com\/cd\/#organization\"},\"image\":{\"@id\":\"https:\/\/noticiasemdestaque.com\/cd\/?p=4189#primaryimage\"},\"thumbnailUrl\":\"https:\/\/noticiasemdestaque.com\/cd\/wp-content\/uploads\/2017\/09\/joesley-batista20170815_0001.jpg\",\"articleSection\":[\"Cidades\"],\"inLanguage\":\"pt-BR\"},{\"@type\":\"WebPage\",\"@id\":\"https:\/\/noticiasemdestaque.com\/cd\/?p=4189\",\"url\":\"https:\/\/noticiasemdestaque.com\/cd\/?p=4189\",\"name\":\"Provocado pelo Procurador Janot, ministro Fachin manda prender Joesley e Saud - Not&iacute;cias em Destaque\",\"isPartOf\":{\"@id\":\"https:\/\/noticiasemdestaque.com\/cd\/#website\"},\"primaryImageOfPage\":{\"@id\":\"https:\/\/noticiasemdestaque.com\/cd\/?p=4189#primaryimage\"},\"image\":{\"@id\":\"https:\/\/noticiasemdestaque.com\/cd\/?p=4189#primaryimage\"},\"thumbnailUrl\":\"https:\/\/noticiasemdestaque.com\/cd\/wp-content\/uploads\/2017\/09\/joesley-batista20170815_0001.jpg\",\"datePublished\":\"2017-09-10T14:44:08+00:00\",\"breadcrumb\":{\"@id\":\"https:\/\/noticiasemdestaque.com\/cd\/?p=4189#breadcrumb\"},\"inLanguage\":\"pt-BR\",\"potentialAction\":[{\"@type\":\"ReadAction\",\"target\":[\"https:\/\/noticiasemdestaque.com\/cd\/?p=4189\"]}]},{\"@type\":\"ImageObject\",\"inLanguage\":\"pt-BR\",\"@id\":\"https:\/\/noticiasemdestaque.com\/cd\/?p=4189#primaryimage\",\"url\":\"https:\/\/noticiasemdestaque.com\/cd\/wp-content\/uploads\/2017\/09\/joesley-batista20170815_0001.jpg\",\"contentUrl\":\"https:\/\/noticiasemdestaque.com\/cd\/wp-content\/uploads\/2017\/09\/joesley-batista20170815_0001.jpg\",\"width\":1000,\"height\":666},{\"@type\":\"BreadcrumbList\",\"@id\":\"https:\/\/noticiasemdestaque.com\/cd\/?p=4189#breadcrumb\",\"itemListElement\":[{\"@type\":\"ListItem\",\"position\":1,\"name\":\"In\u00edcio\",\"item\":\"https:\/\/noticiasemdestaque.com\/cd\/\"},{\"@type\":\"ListItem\",\"position\":2,\"name\":\"Provocado pelo Procurador Janot, ministro Fachin manda prender Joesley e Saud\"}]},{\"@type\":\"WebSite\",\"@id\":\"https:\/\/noticiasemdestaque.com\/cd\/#website\",\"url\":\"https:\/\/noticiasemdestaque.com\/cd\/\",\"name\":\"Not&iacute;cias em Destaque\",\"description\":\"\",\"publisher\":{\"@id\":\"https:\/\/noticiasemdestaque.com\/cd\/#organization\"},\"potentialAction\":[{\"@type\":\"SearchAction\",\"target\":{\"@type\":\"EntryPoint\",\"urlTemplate\":\"https:\/\/noticiasemdestaque.com\/cd\/?s={search_term_string}\"},\"query-input\":{\"@type\":\"PropertyValueSpecification\",\"valueRequired\":true,\"valueName\":\"search_term_string\"}}],\"inLanguage\":\"pt-BR\"},{\"@type\":\"Organization\",\"@id\":\"https:\/\/noticiasemdestaque.com\/cd\/#organization\",\"name\":\"Not\u00edcias em Destaque\",\"url\":\"https:\/\/noticiasemdestaque.com\/cd\/\",\"logo\":{\"@type\":\"ImageObject\",\"inLanguage\":\"pt-BR\",\"@id\":\"https:\/\/noticiasemdestaque.com\/cd\/#\/schema\/logo\/image\/\",\"url\":\"https:\/\/noticiasemdestaque.com\/cd\/wp-content\/uploads\/2022\/05\/imagem-base-noticiasemdestaque.png\",\"contentUrl\":\"https:\/\/noticiasemdestaque.com\/cd\/wp-content\/uploads\/2022\/05\/imagem-base-noticiasemdestaque.png\",\"width\":1200,\"height\":630,\"caption\":\"Not\u00edcias em Destaque\"},\"image\":{\"@id\":\"https:\/\/noticiasemdestaque.com\/cd\/#\/schema\/logo\/image\/\"}},{\"@type\":\"Person\",\"@id\":\"https:\/\/noticiasemdestaque.com\/cd\/#\/schema\/person\/21320b03a7e8bb90128938dafc9b908a\",\"name\":\"Not\u00edcias em Destaque\",\"url\":\"https:\/\/noticiasemdestaque.com\/cd\/?author=2\"}]}<\/script>\n<!-- \/ Yoast SEO plugin. -->","yoast_head_json":{"title":"Provocado pelo Procurador Janot, ministro Fachin manda prender Joesley e Saud - Not&iacute;cias em Destaque","robots":{"index":"index","follow":"follow","max-snippet":"max-snippet:-1","max-image-preview":"max-image-preview:large","max-video-preview":"max-video-preview:-1"},"canonical":"https:\/\/noticiasemdestaque.com\/cd\/?p=4189","og_locale":"pt_BR","og_type":"article","og_title":"Provocado pelo Procurador Janot, ministro Fachin manda prender Joesley e Saud - Not&iacute;cias em Destaque","og_description":"O ministro Edson Fachin, do Supremo Tribunal Federal, determinou a pris\u00e3o dos empres\u00e1rios Joesley Batista e Ricardo Saud, delatores da JBS. Fachin negou o pedido de pris\u00e3o do ex-procurador Marcello Miler. A ordem de Fachin n\u00e3o significa que as pris\u00f5es ocorrer\u00e3o na manh\u00e3 deste domingo (10), como, normalmente, acontece com as execu\u00e7\u00f5es realizadas pela Pol\u00edcia Federal (PF). As pris\u00f5es podem ocorrer ao longo do dia ou at\u00e9 mesmo nesta segunda-feira (11). Em rela\u00e7\u00e3o aos delatores, a pris\u00e3o foi autorizada porque eles s\u00e3o suspeitos de omitir informa\u00e7\u00f5es dos investigadores, o que quebra cl\u00e1usulas do acordo. No caso de Marcello Miller, a suspeita \u00e9 de que ele teve uma conduta criminosa ao atuar para a J&amp;F enquanto ainda integrava o Minist\u00e9rio P\u00fablico. Na sexta-feira, Janot pediu ao Supremo, por meio de uma a\u00e7\u00e3o cautelar, as pris\u00f5es do empres\u00e1rio Joesley Batista \u2013 um dos donos do frigor\u00edfico JBS \u2013, do diretor de Rela\u00e7\u00f5es Institucionais da J&amp;F, Ricardo Saud, e do ex-procurador da Rep\u00fablica Marcello Miller. Com as pris\u00f5es de Joesley e Saud, o acordo de dela\u00e7\u00e3o premiada firmado entre a J&amp;F e a Procuradoria Geral da Rep\u00fablica deve ser revisado. O termo de dela\u00e7\u00e3o prev\u00ea que o acordo perder\u00e1 efeito se, por exemplo, o colaborador mentiu ou omitiu, se sonegou ou destruiu provas. Cariri em Destaque Com Veja","og_url":"https:\/\/noticiasemdestaque.com\/cd\/?p=4189","og_site_name":"Not&iacute;cias em Destaque","article_published_time":"2017-09-10T14:44:08+00:00","og_image":[{"width":1000,"height":666,"url":"https:\/\/noticiasemdestaque.com\/cd\/wp-content\/uploads\/2017\/09\/joesley-batista20170815_0001.jpg","type":"image\/jpeg"}],"author":"Not\u00edcias em Destaque","twitter_card":"summary_large_image","twitter_misc":{"Escrito por":"Not\u00edcias em Destaque","Est. tempo de leitura":"1 minuto"},"schema":{"@context":"https:\/\/schema.org","@graph":[{"@type":"Article","@id":"https:\/\/noticiasemdestaque.com\/cd\/?p=4189#article","isPartOf":{"@id":"https:\/\/noticiasemdestaque.com\/cd\/?p=4189"},"author":{"name":"Not\u00edcias em Destaque","@id":"https:\/\/noticiasemdestaque.com\/cd\/#\/schema\/person\/21320b03a7e8bb90128938dafc9b908a"},"headline":"Provocado pelo Procurador Janot, ministro Fachin manda prender Joesley e Saud","datePublished":"2017-09-10T14:44:08+00:00","mainEntityOfPage":{"@id":"https:\/\/noticiasemdestaque.com\/cd\/?p=4189"},"wordCount":253,"publisher":{"@id":"https:\/\/noticiasemdestaque.com\/cd\/#organization"},"image":{"@id":"https:\/\/noticiasemdestaque.com\/cd\/?p=4189#primaryimage"},"thumbnailUrl":"https:\/\/noticiasemdestaque.com\/cd\/wp-content\/uploads\/2017\/09\/joesley-batista20170815_0001.jpg","articleSection":["Cidades"],"inLanguage":"pt-BR"},{"@type":"WebPage","@id":"https:\/\/noticiasemdestaque.com\/cd\/?p=4189","url":"https:\/\/noticiasemdestaque.com\/cd\/?p=4189","name":"Provocado pelo Procurador Janot, ministro Fachin manda prender Joesley e Saud - Not&iacute;cias em Destaque","isPartOf":{"@id":"https:\/\/noticiasemdestaque.com\/cd\/#website"},"primaryImageOfPage":{"@id":"https:\/\/noticiasemdestaque.com\/cd\/?p=4189#primaryimage"},"image":{"@id":"https:\/\/noticiasemdestaque.com\/cd\/?p=4189#primaryimage"},"thumbnailUrl":"https:\/\/noticiasemdestaque.com\/cd\/wp-content\/uploads\/2017\/09\/joesley-batista20170815_0001.jpg","datePublished":"2017-09-10T14:44:08+00:00","breadcrumb":{"@id":"https:\/\/noticiasemdestaque.com\/cd\/?p=4189#breadcrumb"},"inLanguage":"pt-BR","potentialAction":[{"@type":"ReadAction","target":["https:\/\/noticiasemdestaque.com\/cd\/?p=4189"]}]},{"@type":"ImageObject","inLanguage":"pt-BR","@id":"https:\/\/noticiasemdestaque.com\/cd\/?p=4189#primaryimage","url":"https:\/\/noticiasemdestaque.com\/cd\/wp-content\/uploads\/2017\/09\/joesley-batista20170815_0001.jpg","contentUrl":"https:\/\/noticiasemdestaque.com\/cd\/wp-content\/uploads\/2017\/09\/joesley-batista20170815_0001.jpg","width":1000,"height":666},{"@type":"BreadcrumbList","@id":"https:\/\/noticiasemdestaque.com\/cd\/?p=4189#breadcrumb","itemListElement":[{"@type":"ListItem","position":1,"name":"In\u00edcio","item":"https:\/\/noticiasemdestaque.com\/cd\/"},{"@type":"ListItem","position":2,"name":"Provocado pelo Procurador Janot, ministro Fachin manda prender Joesley e Saud"}]},{"@type":"WebSite","@id":"https:\/\/noticiasemdestaque.com\/cd\/#website","url":"https:\/\/noticiasemdestaque.com\/cd\/","name":"Not&iacute;cias em Destaque","description":"","publisher":{"@id":"https:\/\/noticiasemdestaque.com\/cd\/#organization"},"potentialAction":[{"@type":"SearchAction","target":{"@type":"EntryPoint","urlTemplate":"https:\/\/noticiasemdestaque.com\/cd\/?s={search_term_string}"},"query-input":{"@type":"PropertyValueSpecification","valueRequired":true,"valueName":"search_term_string"}}],"inLanguage":"pt-BR"},{"@type":"Organization","@id":"https:\/\/noticiasemdestaque.com\/cd\/#organization","name":"Not\u00edcias em Destaque","url":"https:\/\/noticiasemdestaque.com\/cd\/","logo":{"@type":"ImageObject","inLanguage":"pt-BR","@id":"https:\/\/noticiasemdestaque.com\/cd\/#\/schema\/logo\/image\/","url":"https:\/\/noticiasemdestaque.com\/cd\/wp-content\/uploads\/2022\/05\/imagem-base-noticiasemdestaque.png","contentUrl":"https:\/\/noticiasemdestaque.com\/cd\/wp-content\/uploads\/2022\/05\/imagem-base-noticiasemdestaque.png","width":1200,"height":630,"caption":"Not\u00edcias em Destaque"},"image":{"@id":"https:\/\/noticiasemdestaque.com\/cd\/#\/schema\/logo\/image\/"}},{"@type":"Person","@id":"https:\/\/noticiasemdestaque.com\/cd\/#\/schema\/person\/21320b03a7e8bb90128938dafc9b908a","name":"Not\u00edcias em Destaque","url":"https:\/\/noticiasemdestaque.com\/cd\/?author=2"}]}},"jetpack_featured_media_url":"https:\/\/noticiasemdestaque.com\/cd\/wp-content\/uploads\/2017\/09\/joesley-batista20170815_0001.jpg","jetpack_sharing_enabled":true,"_links":{"self":[{"href":"https:\/\/noticiasemdestaque.com\/cd\/index.php?rest_route=\/wp\/v2\/posts\/4189","targetHints":{"allow":["GET"]}}],"collection":[{"href":"https:\/\/noticiasemdestaque.com\/cd\/index.php?rest_route=\/wp\/v2\/posts"}],"about":[{"href":"https:\/\/noticiasemdestaque.com\/cd\/index.php?rest_route=\/wp\/v2\/types\/post"}],"author":[{"embeddable":true,"href":"https:\/\/noticiasemdestaque.com\/cd\/index.php?rest_route=\/wp\/v2\/users\/2"}],"replies":[{"embeddable":true,"href":"https:\/\/noticiasemdestaque.com\/cd\/index.php?rest_route=%2Fwp%2Fv2%2Fcomments&post=4189"}],"version-history":[{"count":1,"href":"https:\/\/noticiasemdestaque.com\/cd\/index.php?rest_route=\/wp\/v2\/posts\/4189\/revisions"}],"predecessor-version":[{"id":4191,"href":"https:\/\/noticiasemdestaque.com\/cd\/index.php?rest_route=\/wp\/v2\/posts\/4189\/revisions\/4191"}],"wp:featuredmedia":[{"embeddable":true,"href":"https:\/\/noticiasemdestaque.com\/cd\/index.php?rest_route=\/wp\/v2\/media\/4190"}],"wp:attachment":[{"href":"https:\/\/noticiasemdestaque.com\/cd\/index.php?rest_route=%2Fwp%2Fv2%2Fmedia&parent=4189"}],"wp:term":[{"taxonomy":"category","embeddable":true,"href":"https:\/\/noticiasemdestaque.com\/cd\/index.php?rest_route=%2Fwp%2Fv2%2Fcategories&post=4189"},{"taxonomy":"post_tag","embeddable":true,"href":"https:\/\/noticiasemdestaque.com\/cd\/index.php?rest_route=%2Fwp%2Fv2%2Ftags&post=4189"}],"curies":[{"name":"wp","href":"https:\/\/api.w.org\/{rel}","templated":true}]}}