{"id":4170,"date":"2017-09-10T10:42:10","date_gmt":"2017-09-10T13:42:10","guid":{"rendered":"http:\/\/caririemdestaque.com\/cd\/?p=4170"},"modified":"2017-09-10T10:42:53","modified_gmt":"2017-09-10T13:42:53","slug":"desigualdade-de-renda-no-brasil-nao-caiu-entre-2001-e-2015-revela-estudo","status":"publish","type":"post","link":"https:\/\/noticiasemdestaque.com\/cd\/?p=4170","title":{"rendered":"Desigualdade de renda no Brasil n\u00e3o caiu entre 2001 e 2015, revela estudo"},"content":{"rendered":"<p><a href=\"http:\/\/caririemdestaque.com\/cd\/wp-content\/uploads\/2017\/09\/simpatia-dinheiro.jpg\"><img decoding=\"async\" class=\"size-thumbnail wp-image-4171\" src=\"http:\/\/caririemdestaque.com\/cd\/wp-content\/uploads\/2017\/09\/simpatia-dinheiro-150x150.jpg\" alt=\"\" width=\"150\" height=\"150\" srcset=\"https:\/\/noticiasemdestaque.com\/cd\/wp-content\/uploads\/2017\/09\/simpatia-dinheiro-150x150.jpg 150w, https:\/\/noticiasemdestaque.com\/cd\/wp-content\/uploads\/2017\/09\/simpatia-dinheiro-266x266.jpg 266w\" sizes=\"(max-width: 150px) 100vw, 150px\" \/><\/a><\/p>\n<p>Segundo o World Wealth and Income Database, as transfer\u00eancias sociais foram retiradas do levantamento para facilitar a an\u00e1lise da estrutura da economia. Essa medida, conforme a equipe respons\u00e1vel pelo estudo, permite estimar quanto da renda nacional vem do capital e quanto vem do trabalho.<\/p><\/div>\n<p>Para chegar \u00e0 distribui\u00e7\u00e3o da renda nacional, os autores usaram dados da Pesquisa Nacional de Amostra por Domic\u00edlios (PNAD) do Instituto Brasileiro de Geografia e Estat\u00edstica (IBGE) que analisa o padr\u00e3o de vida e a renda das fam\u00edlias mais pobres. Os dados sobre a parcela mais rica da popula\u00e7\u00e3o vieram de informa\u00e7\u00f5es sobre a Declara\u00e7\u00e3o do Imposto de Renda Pessoa F\u00edsica, enviados pela Receita Federal com a preserva\u00e7\u00e3o do sigilo fiscal dos contribuintes.<\/p>\n<p>Para acrescentar a participa\u00e7\u00e3o do capital e as rendas n\u00e3o tribut\u00e1veis, o estudo usou as Contas Econ\u00f4micas Integradas, de 2000 a 2014, e as Contas Nacionais Trimestrais do IBGE de 2015. Juntando as tr\u00eas bases de dados, os economistas elaboraram a s\u00e9rie hist\u00f3rica dos \u00faltimos 15 anos da renda nacional com a participa\u00e7\u00e3o de cada faixa de renda da popula\u00e7\u00e3o.<\/p>\n<p>Dividendos<\/p>\n<p>A inclus\u00e3o das contas do IBGE permitiu aos pesquisadores estimar os impactos sobre a economia da isen\u00e7\u00e3o de Imposto de Renda sobre lucros e dividendos, em vigor desde 1995. De acordo com o estudo, a desigualdade na renda do trabalho (de quem ganha sal\u00e1rios) diminuiu de 2001 a 2015, mas esse efeito pode ser mascarado por profissionais aut\u00f4nomos que recorrem a instrumentos como participa\u00e7\u00e3o nos lucros e distribui\u00e7\u00e3o de dividendos para pagarem menos impostos.<\/p>\n<p>\u201cNum contexto em que lucros distribu\u00eddos s\u00e3o isentos de Imposto de Renda, enquanto as rendas mais altas do trabalho s\u00e3o taxadas com a al\u00edquota m\u00e1xima de 27,5%, esse tipo de comportamento n\u00e3o pode ser descartado, especialmente como parece ser comum entre os brasileiros envolvidos em atividades aut\u00f4nomas\u201d, destacou o estudo.<\/p>\n<p><em><strong>Cariri em Destaque<\/strong><\/em><\/p>\n<p>Com EBC<\/p>\n","protected":false},"excerpt":{"rendered":"<p>Segundo o World Wealth and Income Database, as transfer\u00eancias sociais foram retiradas do levantamento para facilitar a an\u00e1lise da estrutura da economia. Essa medida, conforme a equipe respons\u00e1vel pelo estudo, permite estimar quanto da renda nacional vem do capital e quanto vem do trabalho. Para chegar \u00e0 distribui\u00e7\u00e3o da renda nacional, os autores usaram dados da Pesquisa Nacional de Amostra por Domic\u00edlios (PNAD) do Instituto Brasileiro de Geografia e Estat\u00edstica (IBGE) que analisa o padr\u00e3o de vida e a renda das fam\u00edlias mais pobres. Os dados sobre a parcela mais rica da popula\u00e7\u00e3o vieram de informa\u00e7\u00f5es sobre a Declara\u00e7\u00e3o do Imposto de Renda Pessoa F\u00edsica, enviados pela Receita Federal com a preserva\u00e7\u00e3o do sigilo fiscal dos contribuintes. Para acrescentar a participa\u00e7\u00e3o do capital e as rendas n\u00e3o tribut\u00e1veis, o estudo usou as Contas Econ\u00f4micas Integradas, de 2000 a 2014, e as Contas Nacionais Trimestrais do IBGE de 2015. Juntando as tr\u00eas bases de dados, os economistas elaboraram a s\u00e9rie hist\u00f3rica dos \u00faltimos 15 anos da renda nacional com a participa\u00e7\u00e3o de cada faixa de renda da popula\u00e7\u00e3o. Dividendos A inclus\u00e3o das contas do IBGE permitiu aos pesquisadores estimar os impactos sobre a economia da isen\u00e7\u00e3o de Imposto de Renda sobre lucros e dividendos, em vigor desde 1995. De acordo com o estudo, a desigualdade na renda do trabalho (de quem ganha sal\u00e1rios) diminuiu de 2001 a 2015, mas esse efeito pode ser mascarado por profissionais aut\u00f4nomos que recorrem a instrumentos como participa\u00e7\u00e3o nos lucros e distribui\u00e7\u00e3o de dividendos para pagarem menos impostos. \u201cNum contexto em que lucros distribu\u00eddos s\u00e3o isentos de Imposto de Renda, enquanto as rendas mais altas do trabalho s\u00e3o taxadas com a al\u00edquota m\u00e1xima de 27,5%, esse tipo de comportamento n\u00e3o pode ser descartado, especialmente como parece ser comum entre os brasileiros envolvidos em atividades aut\u00f4nomas\u201d, destacou o estudo. Cariri em Destaque Com EBC<\/p>\n","protected":false},"author":2,"featured_media":4171,"comment_status":"closed","ping_status":"open","sticky":false,"template":"","format":"standard","meta":{"_eb_attr":"","_jetpack_memberships_contains_paid_content":false,"footnotes":""},"categories":[11],"tags":[],"class_list":["post-4170","post","type-post","status-publish","format-standard","has-post-thumbnail","hentry","category-economia"],"yoast_head":"<!-- This site is optimized with the Yoast SEO plugin v26.5 - https:\/\/yoast.com\/wordpress\/plugins\/seo\/ -->\n<title>Desigualdade de renda no Brasil n\u00e3o caiu entre 2001 e 2015, revela estudo - Not&iacute;cias em Destaque<\/title>\n<meta name=\"robots\" content=\"index, follow, max-snippet:-1, max-image-preview:large, max-video-preview:-1\" \/>\n<link rel=\"canonical\" href=\"https:\/\/noticiasemdestaque.com\/cd\/?p=4170\" \/>\n<meta property=\"og:locale\" content=\"pt_BR\" \/>\n<meta property=\"og:type\" content=\"article\" \/>\n<meta property=\"og:title\" content=\"Desigualdade de renda no Brasil n\u00e3o caiu entre 2001 e 2015, revela estudo - Not&iacute;cias em Destaque\" \/>\n<meta property=\"og:description\" content=\"Segundo o World Wealth and Income Database, as transfer\u00eancias sociais foram retiradas do levantamento para facilitar a an\u00e1lise da estrutura da economia. Essa medida, conforme a equipe respons\u00e1vel pelo estudo, permite estimar quanto da renda nacional vem do capital e quanto vem do trabalho. Para chegar \u00e0 distribui\u00e7\u00e3o da renda nacional, os autores usaram dados da Pesquisa Nacional de Amostra por Domic\u00edlios (PNAD) do Instituto Brasileiro de Geografia e Estat\u00edstica (IBGE) que analisa o padr\u00e3o de vida e a renda das fam\u00edlias mais pobres. Os dados sobre a parcela mais rica da popula\u00e7\u00e3o vieram de informa\u00e7\u00f5es sobre a Declara\u00e7\u00e3o do Imposto de Renda Pessoa F\u00edsica, enviados pela Receita Federal com a preserva\u00e7\u00e3o do sigilo fiscal dos contribuintes. Para acrescentar a participa\u00e7\u00e3o do capital e as rendas n\u00e3o tribut\u00e1veis, o estudo usou as Contas Econ\u00f4micas Integradas, de 2000 a 2014, e as Contas Nacionais Trimestrais do IBGE de 2015. Juntando as tr\u00eas bases de dados, os economistas elaboraram a s\u00e9rie hist\u00f3rica dos \u00faltimos 15 anos da renda nacional com a participa\u00e7\u00e3o de cada faixa de renda da popula\u00e7\u00e3o. Dividendos A inclus\u00e3o das contas do IBGE permitiu aos pesquisadores estimar os impactos sobre a economia da isen\u00e7\u00e3o de Imposto de Renda sobre lucros e dividendos, em vigor desde 1995. De acordo com o estudo, a desigualdade na renda do trabalho (de quem ganha sal\u00e1rios) diminuiu de 2001 a 2015, mas esse efeito pode ser mascarado por profissionais aut\u00f4nomos que recorrem a instrumentos como participa\u00e7\u00e3o nos lucros e distribui\u00e7\u00e3o de dividendos para pagarem menos impostos. \u201cNum contexto em que lucros distribu\u00eddos s\u00e3o isentos de Imposto de Renda, enquanto as rendas mais altas do trabalho s\u00e3o taxadas com a al\u00edquota m\u00e1xima de 27,5%, esse tipo de comportamento n\u00e3o pode ser descartado, especialmente como parece ser comum entre os brasileiros envolvidos em atividades aut\u00f4nomas\u201d, destacou o estudo. Cariri em Destaque Com EBC\" \/>\n<meta property=\"og:url\" content=\"https:\/\/noticiasemdestaque.com\/cd\/?p=4170\" \/>\n<meta property=\"og:site_name\" content=\"Not&iacute;cias em Destaque\" \/>\n<meta property=\"article:published_time\" content=\"2017-09-10T13:42:10+00:00\" \/>\n<meta property=\"article:modified_time\" content=\"2017-09-10T13:42:53+00:00\" \/>\n<meta property=\"og:image\" content=\"https:\/\/noticiasemdestaque.com\/cd\/wp-content\/uploads\/2017\/09\/simpatia-dinheiro.jpg\" \/>\n\t<meta property=\"og:image:width\" content=\"2808\" \/>\n\t<meta property=\"og:image:height\" content=\"1872\" \/>\n\t<meta property=\"og:image:type\" content=\"image\/jpeg\" \/>\n<meta name=\"author\" content=\"Not\u00edcias em Destaque\" \/>\n<meta name=\"twitter:card\" content=\"summary_large_image\" \/>\n<meta name=\"twitter:label1\" content=\"Escrito por\" \/>\n\t<meta name=\"twitter:data1\" content=\"Not\u00edcias em Destaque\" \/>\n\t<meta name=\"twitter:label2\" content=\"Est. tempo de leitura\" \/>\n\t<meta name=\"twitter:data2\" content=\"2 minutos\" \/>\n<script type=\"application\/ld+json\" class=\"yoast-schema-graph\">{\"@context\":\"https:\/\/schema.org\",\"@graph\":[{\"@type\":\"Article\",\"@id\":\"https:\/\/noticiasemdestaque.com\/cd\/?p=4170#article\",\"isPartOf\":{\"@id\":\"https:\/\/noticiasemdestaque.com\/cd\/?p=4170\"},\"author\":{\"name\":\"Not\u00edcias em Destaque\",\"@id\":\"https:\/\/noticiasemdestaque.com\/cd\/#\/schema\/person\/21320b03a7e8bb90128938dafc9b908a\"},\"headline\":\"Desigualdade de renda no Brasil n\u00e3o caiu entre 2001 e 2015, revela estudo\",\"datePublished\":\"2017-09-10T13:42:10+00:00\",\"dateModified\":\"2017-09-10T13:42:53+00:00\",\"mainEntityOfPage\":{\"@id\":\"https:\/\/noticiasemdestaque.com\/cd\/?p=4170\"},\"wordCount\":345,\"publisher\":{\"@id\":\"https:\/\/noticiasemdestaque.com\/cd\/#organization\"},\"image\":{\"@id\":\"https:\/\/noticiasemdestaque.com\/cd\/?p=4170#primaryimage\"},\"thumbnailUrl\":\"https:\/\/noticiasemdestaque.com\/cd\/wp-content\/uploads\/2017\/09\/simpatia-dinheiro.jpg\",\"articleSection\":[\"Economia\"],\"inLanguage\":\"pt-BR\"},{\"@type\":\"WebPage\",\"@id\":\"https:\/\/noticiasemdestaque.com\/cd\/?p=4170\",\"url\":\"https:\/\/noticiasemdestaque.com\/cd\/?p=4170\",\"name\":\"Desigualdade de renda no Brasil n\u00e3o caiu entre 2001 e 2015, revela estudo - Not&iacute;cias em Destaque\",\"isPartOf\":{\"@id\":\"https:\/\/noticiasemdestaque.com\/cd\/#website\"},\"primaryImageOfPage\":{\"@id\":\"https:\/\/noticiasemdestaque.com\/cd\/?p=4170#primaryimage\"},\"image\":{\"@id\":\"https:\/\/noticiasemdestaque.com\/cd\/?p=4170#primaryimage\"},\"thumbnailUrl\":\"https:\/\/noticiasemdestaque.com\/cd\/wp-content\/uploads\/2017\/09\/simpatia-dinheiro.jpg\",\"datePublished\":\"2017-09-10T13:42:10+00:00\",\"dateModified\":\"2017-09-10T13:42:53+00:00\",\"breadcrumb\":{\"@id\":\"https:\/\/noticiasemdestaque.com\/cd\/?p=4170#breadcrumb\"},\"inLanguage\":\"pt-BR\",\"potentialAction\":[{\"@type\":\"ReadAction\",\"target\":[\"https:\/\/noticiasemdestaque.com\/cd\/?p=4170\"]}]},{\"@type\":\"ImageObject\",\"inLanguage\":\"pt-BR\",\"@id\":\"https:\/\/noticiasemdestaque.com\/cd\/?p=4170#primaryimage\",\"url\":\"https:\/\/noticiasemdestaque.com\/cd\/wp-content\/uploads\/2017\/09\/simpatia-dinheiro.jpg\",\"contentUrl\":\"https:\/\/noticiasemdestaque.com\/cd\/wp-content\/uploads\/2017\/09\/simpatia-dinheiro.jpg\",\"width\":2808,\"height\":1872,\"caption\":\"Business man showing you brazilian money.\"},{\"@type\":\"BreadcrumbList\",\"@id\":\"https:\/\/noticiasemdestaque.com\/cd\/?p=4170#breadcrumb\",\"itemListElement\":[{\"@type\":\"ListItem\",\"position\":1,\"name\":\"In\u00edcio\",\"item\":\"https:\/\/noticiasemdestaque.com\/cd\/\"},{\"@type\":\"ListItem\",\"position\":2,\"name\":\"Desigualdade de renda no Brasil n\u00e3o caiu entre 2001 e 2015, revela estudo\"}]},{\"@type\":\"WebSite\",\"@id\":\"https:\/\/noticiasemdestaque.com\/cd\/#website\",\"url\":\"https:\/\/noticiasemdestaque.com\/cd\/\",\"name\":\"Not&iacute;cias em Destaque\",\"description\":\"\",\"publisher\":{\"@id\":\"https:\/\/noticiasemdestaque.com\/cd\/#organization\"},\"potentialAction\":[{\"@type\":\"SearchAction\",\"target\":{\"@type\":\"EntryPoint\",\"urlTemplate\":\"https:\/\/noticiasemdestaque.com\/cd\/?s={search_term_string}\"},\"query-input\":{\"@type\":\"PropertyValueSpecification\",\"valueRequired\":true,\"valueName\":\"search_term_string\"}}],\"inLanguage\":\"pt-BR\"},{\"@type\":\"Organization\",\"@id\":\"https:\/\/noticiasemdestaque.com\/cd\/#organization\",\"name\":\"Not\u00edcias em Destaque\",\"url\":\"https:\/\/noticiasemdestaque.com\/cd\/\",\"logo\":{\"@type\":\"ImageObject\",\"inLanguage\":\"pt-BR\",\"@id\":\"https:\/\/noticiasemdestaque.com\/cd\/#\/schema\/logo\/image\/\",\"url\":\"https:\/\/noticiasemdestaque.com\/cd\/wp-content\/uploads\/2022\/05\/imagem-base-noticiasemdestaque.png\",\"contentUrl\":\"https:\/\/noticiasemdestaque.com\/cd\/wp-content\/uploads\/2022\/05\/imagem-base-noticiasemdestaque.png\",\"width\":1200,\"height\":630,\"caption\":\"Not\u00edcias em Destaque\"},\"image\":{\"@id\":\"https:\/\/noticiasemdestaque.com\/cd\/#\/schema\/logo\/image\/\"}},{\"@type\":\"Person\",\"@id\":\"https:\/\/noticiasemdestaque.com\/cd\/#\/schema\/person\/21320b03a7e8bb90128938dafc9b908a\",\"name\":\"Not\u00edcias em Destaque\",\"url\":\"https:\/\/noticiasemdestaque.com\/cd\/?author=2\"}]}<\/script>\n<!-- \/ Yoast SEO plugin. -->","yoast_head_json":{"title":"Desigualdade de renda no Brasil n\u00e3o caiu entre 2001 e 2015, revela estudo - Not&iacute;cias em Destaque","robots":{"index":"index","follow":"follow","max-snippet":"max-snippet:-1","max-image-preview":"max-image-preview:large","max-video-preview":"max-video-preview:-1"},"canonical":"https:\/\/noticiasemdestaque.com\/cd\/?p=4170","og_locale":"pt_BR","og_type":"article","og_title":"Desigualdade de renda no Brasil n\u00e3o caiu entre 2001 e 2015, revela estudo - Not&iacute;cias em Destaque","og_description":"Segundo o World Wealth and Income Database, as transfer\u00eancias sociais foram retiradas do levantamento para facilitar a an\u00e1lise da estrutura da economia. Essa medida, conforme a equipe respons\u00e1vel pelo estudo, permite estimar quanto da renda nacional vem do capital e quanto vem do trabalho. Para chegar \u00e0 distribui\u00e7\u00e3o da renda nacional, os autores usaram dados da Pesquisa Nacional de Amostra por Domic\u00edlios (PNAD) do Instituto Brasileiro de Geografia e Estat\u00edstica (IBGE) que analisa o padr\u00e3o de vida e a renda das fam\u00edlias mais pobres. Os dados sobre a parcela mais rica da popula\u00e7\u00e3o vieram de informa\u00e7\u00f5es sobre a Declara\u00e7\u00e3o do Imposto de Renda Pessoa F\u00edsica, enviados pela Receita Federal com a preserva\u00e7\u00e3o do sigilo fiscal dos contribuintes. Para acrescentar a participa\u00e7\u00e3o do capital e as rendas n\u00e3o tribut\u00e1veis, o estudo usou as Contas Econ\u00f4micas Integradas, de 2000 a 2014, e as Contas Nacionais Trimestrais do IBGE de 2015. Juntando as tr\u00eas bases de dados, os economistas elaboraram a s\u00e9rie hist\u00f3rica dos \u00faltimos 15 anos da renda nacional com a participa\u00e7\u00e3o de cada faixa de renda da popula\u00e7\u00e3o. Dividendos A inclus\u00e3o das contas do IBGE permitiu aos pesquisadores estimar os impactos sobre a economia da isen\u00e7\u00e3o de Imposto de Renda sobre lucros e dividendos, em vigor desde 1995. De acordo com o estudo, a desigualdade na renda do trabalho (de quem ganha sal\u00e1rios) diminuiu de 2001 a 2015, mas esse efeito pode ser mascarado por profissionais aut\u00f4nomos que recorrem a instrumentos como participa\u00e7\u00e3o nos lucros e distribui\u00e7\u00e3o de dividendos para pagarem menos impostos. \u201cNum contexto em que lucros distribu\u00eddos s\u00e3o isentos de Imposto de Renda, enquanto as rendas mais altas do trabalho s\u00e3o taxadas com a al\u00edquota m\u00e1xima de 27,5%, esse tipo de comportamento n\u00e3o pode ser descartado, especialmente como parece ser comum entre os brasileiros envolvidos em atividades aut\u00f4nomas\u201d, destacou o estudo. Cariri em Destaque Com EBC","og_url":"https:\/\/noticiasemdestaque.com\/cd\/?p=4170","og_site_name":"Not&iacute;cias em Destaque","article_published_time":"2017-09-10T13:42:10+00:00","article_modified_time":"2017-09-10T13:42:53+00:00","og_image":[{"width":2808,"height":1872,"url":"https:\/\/noticiasemdestaque.com\/cd\/wp-content\/uploads\/2017\/09\/simpatia-dinheiro.jpg","type":"image\/jpeg"}],"author":"Not\u00edcias em Destaque","twitter_card":"summary_large_image","twitter_misc":{"Escrito por":"Not\u00edcias em Destaque","Est. tempo de leitura":"2 minutos"},"schema":{"@context":"https:\/\/schema.org","@graph":[{"@type":"Article","@id":"https:\/\/noticiasemdestaque.com\/cd\/?p=4170#article","isPartOf":{"@id":"https:\/\/noticiasemdestaque.com\/cd\/?p=4170"},"author":{"name":"Not\u00edcias em Destaque","@id":"https:\/\/noticiasemdestaque.com\/cd\/#\/schema\/person\/21320b03a7e8bb90128938dafc9b908a"},"headline":"Desigualdade de renda no Brasil n\u00e3o caiu entre 2001 e 2015, revela estudo","datePublished":"2017-09-10T13:42:10+00:00","dateModified":"2017-09-10T13:42:53+00:00","mainEntityOfPage":{"@id":"https:\/\/noticiasemdestaque.com\/cd\/?p=4170"},"wordCount":345,"publisher":{"@id":"https:\/\/noticiasemdestaque.com\/cd\/#organization"},"image":{"@id":"https:\/\/noticiasemdestaque.com\/cd\/?p=4170#primaryimage"},"thumbnailUrl":"https:\/\/noticiasemdestaque.com\/cd\/wp-content\/uploads\/2017\/09\/simpatia-dinheiro.jpg","articleSection":["Economia"],"inLanguage":"pt-BR"},{"@type":"WebPage","@id":"https:\/\/noticiasemdestaque.com\/cd\/?p=4170","url":"https:\/\/noticiasemdestaque.com\/cd\/?p=4170","name":"Desigualdade de renda no Brasil n\u00e3o caiu entre 2001 e 2015, revela estudo - Not&iacute;cias em Destaque","isPartOf":{"@id":"https:\/\/noticiasemdestaque.com\/cd\/#website"},"primaryImageOfPage":{"@id":"https:\/\/noticiasemdestaque.com\/cd\/?p=4170#primaryimage"},"image":{"@id":"https:\/\/noticiasemdestaque.com\/cd\/?p=4170#primaryimage"},"thumbnailUrl":"https:\/\/noticiasemdestaque.com\/cd\/wp-content\/uploads\/2017\/09\/simpatia-dinheiro.jpg","datePublished":"2017-09-10T13:42:10+00:00","dateModified":"2017-09-10T13:42:53+00:00","breadcrumb":{"@id":"https:\/\/noticiasemdestaque.com\/cd\/?p=4170#breadcrumb"},"inLanguage":"pt-BR","potentialAction":[{"@type":"ReadAction","target":["https:\/\/noticiasemdestaque.com\/cd\/?p=4170"]}]},{"@type":"ImageObject","inLanguage":"pt-BR","@id":"https:\/\/noticiasemdestaque.com\/cd\/?p=4170#primaryimage","url":"https:\/\/noticiasemdestaque.com\/cd\/wp-content\/uploads\/2017\/09\/simpatia-dinheiro.jpg","contentUrl":"https:\/\/noticiasemdestaque.com\/cd\/wp-content\/uploads\/2017\/09\/simpatia-dinheiro.jpg","width":2808,"height":1872,"caption":"Business man showing you brazilian money."},{"@type":"BreadcrumbList","@id":"https:\/\/noticiasemdestaque.com\/cd\/?p=4170#breadcrumb","itemListElement":[{"@type":"ListItem","position":1,"name":"In\u00edcio","item":"https:\/\/noticiasemdestaque.com\/cd\/"},{"@type":"ListItem","position":2,"name":"Desigualdade de renda no Brasil n\u00e3o caiu entre 2001 e 2015, revela estudo"}]},{"@type":"WebSite","@id":"https:\/\/noticiasemdestaque.com\/cd\/#website","url":"https:\/\/noticiasemdestaque.com\/cd\/","name":"Not&iacute;cias em Destaque","description":"","publisher":{"@id":"https:\/\/noticiasemdestaque.com\/cd\/#organization"},"potentialAction":[{"@type":"SearchAction","target":{"@type":"EntryPoint","urlTemplate":"https:\/\/noticiasemdestaque.com\/cd\/?s={search_term_string}"},"query-input":{"@type":"PropertyValueSpecification","valueRequired":true,"valueName":"search_term_string"}}],"inLanguage":"pt-BR"},{"@type":"Organization","@id":"https:\/\/noticiasemdestaque.com\/cd\/#organization","name":"Not\u00edcias em Destaque","url":"https:\/\/noticiasemdestaque.com\/cd\/","logo":{"@type":"ImageObject","inLanguage":"pt-BR","@id":"https:\/\/noticiasemdestaque.com\/cd\/#\/schema\/logo\/image\/","url":"https:\/\/noticiasemdestaque.com\/cd\/wp-content\/uploads\/2022\/05\/imagem-base-noticiasemdestaque.png","contentUrl":"https:\/\/noticiasemdestaque.com\/cd\/wp-content\/uploads\/2022\/05\/imagem-base-noticiasemdestaque.png","width":1200,"height":630,"caption":"Not\u00edcias em Destaque"},"image":{"@id":"https:\/\/noticiasemdestaque.com\/cd\/#\/schema\/logo\/image\/"}},{"@type":"Person","@id":"https:\/\/noticiasemdestaque.com\/cd\/#\/schema\/person\/21320b03a7e8bb90128938dafc9b908a","name":"Not\u00edcias em Destaque","url":"https:\/\/noticiasemdestaque.com\/cd\/?author=2"}]}},"jetpack_featured_media_url":"https:\/\/noticiasemdestaque.com\/cd\/wp-content\/uploads\/2017\/09\/simpatia-dinheiro.jpg","jetpack_sharing_enabled":true,"_links":{"self":[{"href":"https:\/\/noticiasemdestaque.com\/cd\/index.php?rest_route=\/wp\/v2\/posts\/4170","targetHints":{"allow":["GET"]}}],"collection":[{"href":"https:\/\/noticiasemdestaque.com\/cd\/index.php?rest_route=\/wp\/v2\/posts"}],"about":[{"href":"https:\/\/noticiasemdestaque.com\/cd\/index.php?rest_route=\/wp\/v2\/types\/post"}],"author":[{"embeddable":true,"href":"https:\/\/noticiasemdestaque.com\/cd\/index.php?rest_route=\/wp\/v2\/users\/2"}],"replies":[{"embeddable":true,"href":"https:\/\/noticiasemdestaque.com\/cd\/index.php?rest_route=%2Fwp%2Fv2%2Fcomments&post=4170"}],"version-history":[{"count":2,"href":"https:\/\/noticiasemdestaque.com\/cd\/index.php?rest_route=\/wp\/v2\/posts\/4170\/revisions"}],"predecessor-version":[{"id":4173,"href":"https:\/\/noticiasemdestaque.com\/cd\/index.php?rest_route=\/wp\/v2\/posts\/4170\/revisions\/4173"}],"wp:featuredmedia":[{"embeddable":true,"href":"https:\/\/noticiasemdestaque.com\/cd\/index.php?rest_route=\/wp\/v2\/media\/4171"}],"wp:attachment":[{"href":"https:\/\/noticiasemdestaque.com\/cd\/index.php?rest_route=%2Fwp%2Fv2%2Fmedia&parent=4170"}],"wp:term":[{"taxonomy":"category","embeddable":true,"href":"https:\/\/noticiasemdestaque.com\/cd\/index.php?rest_route=%2Fwp%2Fv2%2Fcategories&post=4170"},{"taxonomy":"post_tag","embeddable":true,"href":"https:\/\/noticiasemdestaque.com\/cd\/index.php?rest_route=%2Fwp%2Fv2%2Ftags&post=4170"}],"curies":[{"name":"wp","href":"https:\/\/api.w.org\/{rel}","templated":true}]}}