{"id":4159,"date":"2017-09-09T17:55:13","date_gmt":"2017-09-09T20:55:13","guid":{"rendered":"http:\/\/caririemdestaque.com\/cd\/?p=4159"},"modified":"2017-09-09T17:55:13","modified_gmt":"2017-09-09T20:55:13","slug":"prefeita-e-presa-por-suspeita-de-envolvimento-em-morte-de-jornalista","status":"publish","type":"post","link":"https:\/\/noticiasemdestaque.com\/cd\/?p=4159","title":{"rendered":"Prefeita \u00e9 presa por suspeita de envolvimento em morte de jornalista"},"content":{"rendered":"<p><a href=\"http:\/\/caririemdestaque.com\/cd\/wp-content\/uploads\/2017\/09\/roseli_ferreira_pimentel.jpg\"><img decoding=\"async\" class=\"size-thumbnail wp-image-4160 alignleft\" src=\"http:\/\/caririemdestaque.com\/cd\/wp-content\/uploads\/2017\/09\/roseli_ferreira_pimentel-150x150.jpg\" alt=\"\" width=\"150\" height=\"150\" srcset=\"https:\/\/noticiasemdestaque.com\/cd\/wp-content\/uploads\/2017\/09\/roseli_ferreira_pimentel-150x150.jpg 150w, https:\/\/noticiasemdestaque.com\/cd\/wp-content\/uploads\/2017\/09\/roseli_ferreira_pimentel-266x266.jpg 266w\" sizes=\"(max-width: 150px) 100vw, 150px\" \/><\/a>A prefeita de Santa Luzia, na Regi\u00e3o Metropolitana de Belo Horizonte, Roseli Ferreira Pimentel (PSB), foi presa na manh\u00e3 desta quinta-feira (7), por suspeita de envolvimento na morte de um jornalista em agosto do ano passado.<\/p>\n<p>Roseli estava em casa na hora da pris\u00e3o e foi levada para uma delegacia na capital mineira. Ela vai passou para o Instituto M\u00e9dico Legal (IML), em Belo Horizonte, para exame de corpo de delito e depois foi encaminhada a um pres\u00eddio.<\/p>\n<p>A Pol\u00edcia Civil disse que cumpriu o mandado de pris\u00e3o preventiva contra a prefeita, que foi expedido pelo desembargador da 5\u00aa C\u00e2mara Criminal do Tribunal de Justi\u00e7a de Minas Gerais, Alexandre Victor de Carvalho, ap\u00f3s parecer favor\u00e1vel do procurador de Justi\u00e7a Henrique da Cruz German.<\/p>\n<p>Ainda segundo a pol\u00edcia, durante a opera\u00e7\u00e3o tamb\u00e9m foram presos outros tr\u00eas homens suspeitos. Eles s\u00e3o investigados no inqu\u00e9rito policial instaurado em raz\u00e3o do homic\u00eddio do jornalista Maur\u00edcio Campos Rosa, do jornal O Grito, crime ocorrido em 17 de agosto do ano passado, em Santa Luzia.<\/p>\n<p>Os presos foram encaminhados ao Departamento de Investiga\u00e7\u00e3o de Homic\u00eddios e Prote\u00e7\u00e3o \u00e0 Pessoa (DHPP), onde ser\u00e3o ouvidos.<\/p>\n<p>O delegado respons\u00e1vel pelo inqu\u00e9rito policial, C\u00e9sar Matoso, ir\u00e1 se manifestar somente ap\u00f3s finalizadas as medidas sigilosas referentes \u00e0 investiga\u00e7\u00e3o.<\/p>\n<p>A assessoria de comunica\u00e7\u00e3o da Prefeitura de Santa Luzia n\u00e3o se pronunciou e informou que, por enquanto, a defesa de Roseli Pimentel n\u00e3o vai comentar a pris\u00e3o.<\/p>\n<p>Roseli teve o mandato cassado cinco vezes e ainda estava no cargo por causa de liminar. Ela e o vice-prefeito, Fernando C\u00e9sar de Almeida Nunes Rezende (PRB) s\u00e3o acusados de capta\u00e7\u00e3o ou gasto il\u00edcito de recursos financeiros na campanha eleitoral.<\/p>\n<p><strong><em>Cariri em Destaque<\/em><\/strong><\/p>\n<p>Com G1<\/p>\n","protected":false},"excerpt":{"rendered":"<p>A prefeita de Santa Luzia, na Regi\u00e3o Metropolitana de Belo Horizonte, Roseli Ferreira Pimentel (PSB), foi presa na manh\u00e3 desta quinta-feira (7), por suspeita de envolvimento na morte de um jornalista em agosto do ano passado. Roseli estava em casa na hora da pris\u00e3o e foi levada para uma delegacia na capital mineira. Ela vai passou para o Instituto M\u00e9dico Legal (IML), em Belo Horizonte, para exame de corpo de delito e depois foi encaminhada a um pres\u00eddio. A Pol\u00edcia Civil disse que cumpriu o mandado de pris\u00e3o preventiva contra a prefeita, que foi expedido pelo desembargador da 5\u00aa C\u00e2mara Criminal do Tribunal de Justi\u00e7a de Minas Gerais, Alexandre Victor de Carvalho, ap\u00f3s parecer favor\u00e1vel do procurador de Justi\u00e7a Henrique da Cruz German. Ainda segundo a pol\u00edcia, durante a opera\u00e7\u00e3o tamb\u00e9m foram presos outros tr\u00eas homens suspeitos. Eles s\u00e3o investigados no inqu\u00e9rito policial instaurado em raz\u00e3o do homic\u00eddio do jornalista Maur\u00edcio Campos Rosa, do jornal O Grito, crime ocorrido em 17 de agosto do ano passado, em Santa Luzia. Os presos foram encaminhados ao Departamento de Investiga\u00e7\u00e3o de Homic\u00eddios e Prote\u00e7\u00e3o \u00e0 Pessoa (DHPP), onde ser\u00e3o ouvidos. O delegado respons\u00e1vel pelo inqu\u00e9rito policial, C\u00e9sar Matoso, ir\u00e1 se manifestar somente ap\u00f3s finalizadas as medidas sigilosas referentes \u00e0 investiga\u00e7\u00e3o. A assessoria de comunica\u00e7\u00e3o da Prefeitura de Santa Luzia n\u00e3o se pronunciou e informou que, por enquanto, a defesa de Roseli Pimentel n\u00e3o vai comentar a pris\u00e3o. Roseli teve o mandato cassado cinco vezes e ainda estava no cargo por causa de liminar. Ela e o vice-prefeito, Fernando C\u00e9sar de Almeida Nunes Rezende (PRB) s\u00e3o acusados de capta\u00e7\u00e3o ou gasto il\u00edcito de recursos financeiros na campanha eleitoral. Cariri em Destaque Com G1<\/p>\n","protected":false},"author":2,"featured_media":4160,"comment_status":"closed","ping_status":"open","sticky":false,"template":"","format":"standard","meta":{"_eb_attr":"","_jetpack_memberships_contains_paid_content":false,"footnotes":""},"categories":[3],"tags":[],"class_list":["post-4159","post","type-post","status-publish","format-standard","has-post-thumbnail","hentry","category-cidades"],"yoast_head":"<!-- This site is optimized with the Yoast SEO plugin v26.5 - https:\/\/yoast.com\/wordpress\/plugins\/seo\/ -->\n<title>Prefeita \u00e9 presa por suspeita de envolvimento em morte de jornalista - Not&iacute;cias em Destaque<\/title>\n<meta name=\"robots\" content=\"index, follow, max-snippet:-1, max-image-preview:large, max-video-preview:-1\" \/>\n<link rel=\"canonical\" href=\"https:\/\/noticiasemdestaque.com\/cd\/?p=4159\" \/>\n<meta property=\"og:locale\" content=\"pt_BR\" \/>\n<meta property=\"og:type\" content=\"article\" \/>\n<meta property=\"og:title\" content=\"Prefeita \u00e9 presa por suspeita de envolvimento em morte de jornalista - Not&iacute;cias em Destaque\" \/>\n<meta property=\"og:description\" content=\"A prefeita de Santa Luzia, na Regi\u00e3o Metropolitana de Belo Horizonte, Roseli Ferreira Pimentel (PSB), foi presa na manh\u00e3 desta quinta-feira (7), por suspeita de envolvimento na morte de um jornalista em agosto do ano passado. Roseli estava em casa na hora da pris\u00e3o e foi levada para uma delegacia na capital mineira. Ela vai passou para o Instituto M\u00e9dico Legal (IML), em Belo Horizonte, para exame de corpo de delito e depois foi encaminhada a um pres\u00eddio. A Pol\u00edcia Civil disse que cumpriu o mandado de pris\u00e3o preventiva contra a prefeita, que foi expedido pelo desembargador da 5\u00aa C\u00e2mara Criminal do Tribunal de Justi\u00e7a de Minas Gerais, Alexandre Victor de Carvalho, ap\u00f3s parecer favor\u00e1vel do procurador de Justi\u00e7a Henrique da Cruz German. Ainda segundo a pol\u00edcia, durante a opera\u00e7\u00e3o tamb\u00e9m foram presos outros tr\u00eas homens suspeitos. Eles s\u00e3o investigados no inqu\u00e9rito policial instaurado em raz\u00e3o do homic\u00eddio do jornalista Maur\u00edcio Campos Rosa, do jornal O Grito, crime ocorrido em 17 de agosto do ano passado, em Santa Luzia. Os presos foram encaminhados ao Departamento de Investiga\u00e7\u00e3o de Homic\u00eddios e Prote\u00e7\u00e3o \u00e0 Pessoa (DHPP), onde ser\u00e3o ouvidos. O delegado respons\u00e1vel pelo inqu\u00e9rito policial, C\u00e9sar Matoso, ir\u00e1 se manifestar somente ap\u00f3s finalizadas as medidas sigilosas referentes \u00e0 investiga\u00e7\u00e3o. A assessoria de comunica\u00e7\u00e3o da Prefeitura de Santa Luzia n\u00e3o se pronunciou e informou que, por enquanto, a defesa de Roseli Pimentel n\u00e3o vai comentar a pris\u00e3o. Roseli teve o mandato cassado cinco vezes e ainda estava no cargo por causa de liminar. Ela e o vice-prefeito, Fernando C\u00e9sar de Almeida Nunes Rezende (PRB) s\u00e3o acusados de capta\u00e7\u00e3o ou gasto il\u00edcito de recursos financeiros na campanha eleitoral. Cariri em Destaque Com G1\" \/>\n<meta property=\"og:url\" content=\"https:\/\/noticiasemdestaque.com\/cd\/?p=4159\" \/>\n<meta property=\"og:site_name\" content=\"Not&iacute;cias em Destaque\" \/>\n<meta property=\"article:published_time\" content=\"2017-09-09T20:55:13+00:00\" \/>\n<meta property=\"og:image\" content=\"https:\/\/noticiasemdestaque.com\/cd\/wp-content\/uploads\/2017\/09\/roseli_ferreira_pimentel.jpg\" \/>\n\t<meta property=\"og:image:width\" content=\"1000\" \/>\n\t<meta property=\"og:image:height\" content=\"626\" \/>\n\t<meta property=\"og:image:type\" content=\"image\/jpeg\" \/>\n<meta name=\"author\" content=\"Not\u00edcias em Destaque\" \/>\n<meta name=\"twitter:card\" content=\"summary_large_image\" \/>\n<meta name=\"twitter:label1\" content=\"Escrito por\" \/>\n\t<meta name=\"twitter:data1\" content=\"Not\u00edcias em Destaque\" \/>\n\t<meta name=\"twitter:label2\" content=\"Est. tempo de leitura\" \/>\n\t<meta name=\"twitter:data2\" content=\"2 minutos\" \/>\n<script type=\"application\/ld+json\" class=\"yoast-schema-graph\">{\"@context\":\"https:\/\/schema.org\",\"@graph\":[{\"@type\":\"Article\",\"@id\":\"https:\/\/noticiasemdestaque.com\/cd\/?p=4159#article\",\"isPartOf\":{\"@id\":\"https:\/\/noticiasemdestaque.com\/cd\/?p=4159\"},\"author\":{\"name\":\"Not\u00edcias em Destaque\",\"@id\":\"https:\/\/noticiasemdestaque.com\/cd\/#\/schema\/person\/21320b03a7e8bb90128938dafc9b908a\"},\"headline\":\"Prefeita \u00e9 presa por suspeita de envolvimento em morte de jornalista\",\"datePublished\":\"2017-09-09T20:55:13+00:00\",\"mainEntityOfPage\":{\"@id\":\"https:\/\/noticiasemdestaque.com\/cd\/?p=4159\"},\"wordCount\":321,\"publisher\":{\"@id\":\"https:\/\/noticiasemdestaque.com\/cd\/#organization\"},\"image\":{\"@id\":\"https:\/\/noticiasemdestaque.com\/cd\/?p=4159#primaryimage\"},\"thumbnailUrl\":\"https:\/\/noticiasemdestaque.com\/cd\/wp-content\/uploads\/2017\/09\/roseli_ferreira_pimentel.jpg\",\"articleSection\":[\"Cidades\"],\"inLanguage\":\"pt-BR\"},{\"@type\":\"WebPage\",\"@id\":\"https:\/\/noticiasemdestaque.com\/cd\/?p=4159\",\"url\":\"https:\/\/noticiasemdestaque.com\/cd\/?p=4159\",\"name\":\"Prefeita \u00e9 presa por suspeita de envolvimento em morte de jornalista - Not&iacute;cias em Destaque\",\"isPartOf\":{\"@id\":\"https:\/\/noticiasemdestaque.com\/cd\/#website\"},\"primaryImageOfPage\":{\"@id\":\"https:\/\/noticiasemdestaque.com\/cd\/?p=4159#primaryimage\"},\"image\":{\"@id\":\"https:\/\/noticiasemdestaque.com\/cd\/?p=4159#primaryimage\"},\"thumbnailUrl\":\"https:\/\/noticiasemdestaque.com\/cd\/wp-content\/uploads\/2017\/09\/roseli_ferreira_pimentel.jpg\",\"datePublished\":\"2017-09-09T20:55:13+00:00\",\"breadcrumb\":{\"@id\":\"https:\/\/noticiasemdestaque.com\/cd\/?p=4159#breadcrumb\"},\"inLanguage\":\"pt-BR\",\"potentialAction\":[{\"@type\":\"ReadAction\",\"target\":[\"https:\/\/noticiasemdestaque.com\/cd\/?p=4159\"]}]},{\"@type\":\"ImageObject\",\"inLanguage\":\"pt-BR\",\"@id\":\"https:\/\/noticiasemdestaque.com\/cd\/?p=4159#primaryimage\",\"url\":\"https:\/\/noticiasemdestaque.com\/cd\/wp-content\/uploads\/2017\/09\/roseli_ferreira_pimentel.jpg\",\"contentUrl\":\"https:\/\/noticiasemdestaque.com\/cd\/wp-content\/uploads\/2017\/09\/roseli_ferreira_pimentel.jpg\",\"width\":1000,\"height\":626},{\"@type\":\"BreadcrumbList\",\"@id\":\"https:\/\/noticiasemdestaque.com\/cd\/?p=4159#breadcrumb\",\"itemListElement\":[{\"@type\":\"ListItem\",\"position\":1,\"name\":\"In\u00edcio\",\"item\":\"https:\/\/noticiasemdestaque.com\/cd\/\"},{\"@type\":\"ListItem\",\"position\":2,\"name\":\"Prefeita \u00e9 presa por suspeita de envolvimento em morte de jornalista\"}]},{\"@type\":\"WebSite\",\"@id\":\"https:\/\/noticiasemdestaque.com\/cd\/#website\",\"url\":\"https:\/\/noticiasemdestaque.com\/cd\/\",\"name\":\"Not&iacute;cias em Destaque\",\"description\":\"\",\"publisher\":{\"@id\":\"https:\/\/noticiasemdestaque.com\/cd\/#organization\"},\"potentialAction\":[{\"@type\":\"SearchAction\",\"target\":{\"@type\":\"EntryPoint\",\"urlTemplate\":\"https:\/\/noticiasemdestaque.com\/cd\/?s={search_term_string}\"},\"query-input\":{\"@type\":\"PropertyValueSpecification\",\"valueRequired\":true,\"valueName\":\"search_term_string\"}}],\"inLanguage\":\"pt-BR\"},{\"@type\":\"Organization\",\"@id\":\"https:\/\/noticiasemdestaque.com\/cd\/#organization\",\"name\":\"Not\u00edcias em Destaque\",\"url\":\"https:\/\/noticiasemdestaque.com\/cd\/\",\"logo\":{\"@type\":\"ImageObject\",\"inLanguage\":\"pt-BR\",\"@id\":\"https:\/\/noticiasemdestaque.com\/cd\/#\/schema\/logo\/image\/\",\"url\":\"https:\/\/noticiasemdestaque.com\/cd\/wp-content\/uploads\/2022\/05\/imagem-base-noticiasemdestaque.png\",\"contentUrl\":\"https:\/\/noticiasemdestaque.com\/cd\/wp-content\/uploads\/2022\/05\/imagem-base-noticiasemdestaque.png\",\"width\":1200,\"height\":630,\"caption\":\"Not\u00edcias em Destaque\"},\"image\":{\"@id\":\"https:\/\/noticiasemdestaque.com\/cd\/#\/schema\/logo\/image\/\"}},{\"@type\":\"Person\",\"@id\":\"https:\/\/noticiasemdestaque.com\/cd\/#\/schema\/person\/21320b03a7e8bb90128938dafc9b908a\",\"name\":\"Not\u00edcias em Destaque\",\"url\":\"https:\/\/noticiasemdestaque.com\/cd\/?author=2\"}]}<\/script>\n<!-- \/ Yoast SEO plugin. -->","yoast_head_json":{"title":"Prefeita \u00e9 presa por suspeita de envolvimento em morte de jornalista - Not&iacute;cias em Destaque","robots":{"index":"index","follow":"follow","max-snippet":"max-snippet:-1","max-image-preview":"max-image-preview:large","max-video-preview":"max-video-preview:-1"},"canonical":"https:\/\/noticiasemdestaque.com\/cd\/?p=4159","og_locale":"pt_BR","og_type":"article","og_title":"Prefeita \u00e9 presa por suspeita de envolvimento em morte de jornalista - Not&iacute;cias em Destaque","og_description":"A prefeita de Santa Luzia, na Regi\u00e3o Metropolitana de Belo Horizonte, Roseli Ferreira Pimentel (PSB), foi presa na manh\u00e3 desta quinta-feira (7), por suspeita de envolvimento na morte de um jornalista em agosto do ano passado. Roseli estava em casa na hora da pris\u00e3o e foi levada para uma delegacia na capital mineira. Ela vai passou para o Instituto M\u00e9dico Legal (IML), em Belo Horizonte, para exame de corpo de delito e depois foi encaminhada a um pres\u00eddio. A Pol\u00edcia Civil disse que cumpriu o mandado de pris\u00e3o preventiva contra a prefeita, que foi expedido pelo desembargador da 5\u00aa C\u00e2mara Criminal do Tribunal de Justi\u00e7a de Minas Gerais, Alexandre Victor de Carvalho, ap\u00f3s parecer favor\u00e1vel do procurador de Justi\u00e7a Henrique da Cruz German. Ainda segundo a pol\u00edcia, durante a opera\u00e7\u00e3o tamb\u00e9m foram presos outros tr\u00eas homens suspeitos. Eles s\u00e3o investigados no inqu\u00e9rito policial instaurado em raz\u00e3o do homic\u00eddio do jornalista Maur\u00edcio Campos Rosa, do jornal O Grito, crime ocorrido em 17 de agosto do ano passado, em Santa Luzia. Os presos foram encaminhados ao Departamento de Investiga\u00e7\u00e3o de Homic\u00eddios e Prote\u00e7\u00e3o \u00e0 Pessoa (DHPP), onde ser\u00e3o ouvidos. O delegado respons\u00e1vel pelo inqu\u00e9rito policial, C\u00e9sar Matoso, ir\u00e1 se manifestar somente ap\u00f3s finalizadas as medidas sigilosas referentes \u00e0 investiga\u00e7\u00e3o. A assessoria de comunica\u00e7\u00e3o da Prefeitura de Santa Luzia n\u00e3o se pronunciou e informou que, por enquanto, a defesa de Roseli Pimentel n\u00e3o vai comentar a pris\u00e3o. Roseli teve o mandato cassado cinco vezes e ainda estava no cargo por causa de liminar. Ela e o vice-prefeito, Fernando C\u00e9sar de Almeida Nunes Rezende (PRB) s\u00e3o acusados de capta\u00e7\u00e3o ou gasto il\u00edcito de recursos financeiros na campanha eleitoral. Cariri em Destaque Com G1","og_url":"https:\/\/noticiasemdestaque.com\/cd\/?p=4159","og_site_name":"Not&iacute;cias em Destaque","article_published_time":"2017-09-09T20:55:13+00:00","og_image":[{"width":1000,"height":626,"url":"https:\/\/noticiasemdestaque.com\/cd\/wp-content\/uploads\/2017\/09\/roseli_ferreira_pimentel.jpg","type":"image\/jpeg"}],"author":"Not\u00edcias em Destaque","twitter_card":"summary_large_image","twitter_misc":{"Escrito por":"Not\u00edcias em Destaque","Est. tempo de leitura":"2 minutos"},"schema":{"@context":"https:\/\/schema.org","@graph":[{"@type":"Article","@id":"https:\/\/noticiasemdestaque.com\/cd\/?p=4159#article","isPartOf":{"@id":"https:\/\/noticiasemdestaque.com\/cd\/?p=4159"},"author":{"name":"Not\u00edcias em Destaque","@id":"https:\/\/noticiasemdestaque.com\/cd\/#\/schema\/person\/21320b03a7e8bb90128938dafc9b908a"},"headline":"Prefeita \u00e9 presa por suspeita de envolvimento em morte de jornalista","datePublished":"2017-09-09T20:55:13+00:00","mainEntityOfPage":{"@id":"https:\/\/noticiasemdestaque.com\/cd\/?p=4159"},"wordCount":321,"publisher":{"@id":"https:\/\/noticiasemdestaque.com\/cd\/#organization"},"image":{"@id":"https:\/\/noticiasemdestaque.com\/cd\/?p=4159#primaryimage"},"thumbnailUrl":"https:\/\/noticiasemdestaque.com\/cd\/wp-content\/uploads\/2017\/09\/roseli_ferreira_pimentel.jpg","articleSection":["Cidades"],"inLanguage":"pt-BR"},{"@type":"WebPage","@id":"https:\/\/noticiasemdestaque.com\/cd\/?p=4159","url":"https:\/\/noticiasemdestaque.com\/cd\/?p=4159","name":"Prefeita \u00e9 presa por suspeita de envolvimento em morte de jornalista - Not&iacute;cias em Destaque","isPartOf":{"@id":"https:\/\/noticiasemdestaque.com\/cd\/#website"},"primaryImageOfPage":{"@id":"https:\/\/noticiasemdestaque.com\/cd\/?p=4159#primaryimage"},"image":{"@id":"https:\/\/noticiasemdestaque.com\/cd\/?p=4159#primaryimage"},"thumbnailUrl":"https:\/\/noticiasemdestaque.com\/cd\/wp-content\/uploads\/2017\/09\/roseli_ferreira_pimentel.jpg","datePublished":"2017-09-09T20:55:13+00:00","breadcrumb":{"@id":"https:\/\/noticiasemdestaque.com\/cd\/?p=4159#breadcrumb"},"inLanguage":"pt-BR","potentialAction":[{"@type":"ReadAction","target":["https:\/\/noticiasemdestaque.com\/cd\/?p=4159"]}]},{"@type":"ImageObject","inLanguage":"pt-BR","@id":"https:\/\/noticiasemdestaque.com\/cd\/?p=4159#primaryimage","url":"https:\/\/noticiasemdestaque.com\/cd\/wp-content\/uploads\/2017\/09\/roseli_ferreira_pimentel.jpg","contentUrl":"https:\/\/noticiasemdestaque.com\/cd\/wp-content\/uploads\/2017\/09\/roseli_ferreira_pimentel.jpg","width":1000,"height":626},{"@type":"BreadcrumbList","@id":"https:\/\/noticiasemdestaque.com\/cd\/?p=4159#breadcrumb","itemListElement":[{"@type":"ListItem","position":1,"name":"In\u00edcio","item":"https:\/\/noticiasemdestaque.com\/cd\/"},{"@type":"ListItem","position":2,"name":"Prefeita \u00e9 presa por suspeita de envolvimento em morte de jornalista"}]},{"@type":"WebSite","@id":"https:\/\/noticiasemdestaque.com\/cd\/#website","url":"https:\/\/noticiasemdestaque.com\/cd\/","name":"Not&iacute;cias em Destaque","description":"","publisher":{"@id":"https:\/\/noticiasemdestaque.com\/cd\/#organization"},"potentialAction":[{"@type":"SearchAction","target":{"@type":"EntryPoint","urlTemplate":"https:\/\/noticiasemdestaque.com\/cd\/?s={search_term_string}"},"query-input":{"@type":"PropertyValueSpecification","valueRequired":true,"valueName":"search_term_string"}}],"inLanguage":"pt-BR"},{"@type":"Organization","@id":"https:\/\/noticiasemdestaque.com\/cd\/#organization","name":"Not\u00edcias em Destaque","url":"https:\/\/noticiasemdestaque.com\/cd\/","logo":{"@type":"ImageObject","inLanguage":"pt-BR","@id":"https:\/\/noticiasemdestaque.com\/cd\/#\/schema\/logo\/image\/","url":"https:\/\/noticiasemdestaque.com\/cd\/wp-content\/uploads\/2022\/05\/imagem-base-noticiasemdestaque.png","contentUrl":"https:\/\/noticiasemdestaque.com\/cd\/wp-content\/uploads\/2022\/05\/imagem-base-noticiasemdestaque.png","width":1200,"height":630,"caption":"Not\u00edcias em Destaque"},"image":{"@id":"https:\/\/noticiasemdestaque.com\/cd\/#\/schema\/logo\/image\/"}},{"@type":"Person","@id":"https:\/\/noticiasemdestaque.com\/cd\/#\/schema\/person\/21320b03a7e8bb90128938dafc9b908a","name":"Not\u00edcias em Destaque","url":"https:\/\/noticiasemdestaque.com\/cd\/?author=2"}]}},"jetpack_featured_media_url":"https:\/\/noticiasemdestaque.com\/cd\/wp-content\/uploads\/2017\/09\/roseli_ferreira_pimentel.jpg","jetpack_sharing_enabled":true,"_links":{"self":[{"href":"https:\/\/noticiasemdestaque.com\/cd\/index.php?rest_route=\/wp\/v2\/posts\/4159","targetHints":{"allow":["GET"]}}],"collection":[{"href":"https:\/\/noticiasemdestaque.com\/cd\/index.php?rest_route=\/wp\/v2\/posts"}],"about":[{"href":"https:\/\/noticiasemdestaque.com\/cd\/index.php?rest_route=\/wp\/v2\/types\/post"}],"author":[{"embeddable":true,"href":"https:\/\/noticiasemdestaque.com\/cd\/index.php?rest_route=\/wp\/v2\/users\/2"}],"replies":[{"embeddable":true,"href":"https:\/\/noticiasemdestaque.com\/cd\/index.php?rest_route=%2Fwp%2Fv2%2Fcomments&post=4159"}],"version-history":[{"count":1,"href":"https:\/\/noticiasemdestaque.com\/cd\/index.php?rest_route=\/wp\/v2\/posts\/4159\/revisions"}],"predecessor-version":[{"id":4161,"href":"https:\/\/noticiasemdestaque.com\/cd\/index.php?rest_route=\/wp\/v2\/posts\/4159\/revisions\/4161"}],"wp:featuredmedia":[{"embeddable":true,"href":"https:\/\/noticiasemdestaque.com\/cd\/index.php?rest_route=\/wp\/v2\/media\/4160"}],"wp:attachment":[{"href":"https:\/\/noticiasemdestaque.com\/cd\/index.php?rest_route=%2Fwp%2Fv2%2Fmedia&parent=4159"}],"wp:term":[{"taxonomy":"category","embeddable":true,"href":"https:\/\/noticiasemdestaque.com\/cd\/index.php?rest_route=%2Fwp%2Fv2%2Fcategories&post=4159"},{"taxonomy":"post_tag","embeddable":true,"href":"https:\/\/noticiasemdestaque.com\/cd\/index.php?rest_route=%2Fwp%2Fv2%2Ftags&post=4159"}],"curies":[{"name":"wp","href":"https:\/\/api.w.org\/{rel}","templated":true}]}}