{"id":41524,"date":"2022-07-30T19:28:45","date_gmt":"2022-07-30T22:28:45","guid":{"rendered":"https:\/\/noticiasemdestaque.com\/cd\/?p=41524"},"modified":"2022-07-30T19:28:45","modified_gmt":"2022-07-30T22:28:45","slug":"inmet-alerta-para-chuvas-no-litoral-e-agreste-paraibano-neste-sabado","status":"publish","type":"post","link":"https:\/\/noticiasemdestaque.com\/cd\/?p=41524","title":{"rendered":"Inmet alerta para chuvas no litoral e agreste paraibano neste s\u00e1bado"},"content":{"rendered":"<p><a href=\"https:\/\/noticiasemdestaque.com\/cd\/wp-content\/uploads\/2022\/07\/coisas-pra-ajeitar.webp\"><img fetchpriority=\"high\" decoding=\"async\" class=\"alignnone  wp-image-41526\" src=\"https:\/\/noticiasemdestaque.com\/cd\/wp-content\/uploads\/2022\/07\/coisas-pra-ajeitar-300x169.webp\" alt=\"\" width=\"809\" height=\"456\" srcset=\"https:\/\/noticiasemdestaque.com\/cd\/wp-content\/uploads\/2022\/07\/coisas-pra-ajeitar-300x169.webp 300w, https:\/\/noticiasemdestaque.com\/cd\/wp-content\/uploads\/2022\/07\/coisas-pra-ajeitar-768x432.webp 768w, https:\/\/noticiasemdestaque.com\/cd\/wp-content\/uploads\/2022\/07\/coisas-pra-ajeitar-18x10.webp 18w, https:\/\/noticiasemdestaque.com\/cd\/wp-content\/uploads\/2022\/07\/coisas-pra-ajeitar.webp 800w\" sizes=\"(max-width: 809px) 100vw, 809px\" \/><\/a><\/p>\n<p>O Instituto Nacional de Meteorologia (Inmet) sinalizou, neste s\u00e1bado (30), um alerta amarelo para a regi\u00e3o do litoral e agreste paraibano, assim como para os litorais pernambucanos e potiguares. A expectativa \u00e9 de que a chuva tenha um volume entre 20 e 50 mm\/h, com baixo risco de alagamentos e deslizamentos em cidades de risco.<\/p>\n<p>Apesar do alerta amarelo, que mostra um volume menos moderado de chuvas, o Inmet recomenda que os cidad\u00e3os evitem o confronto com o mau tempo, prestem aten\u00e7\u00e3o nas encostas \u2013 a fim de evitar um deslizamento \u2013 e tentem n\u00e3o usar aparelhos eletr\u00f4nicos na tomada.<\/p>\n<p>Al\u00e9m disso, todos podem buscar informa\u00e7\u00f5es e ajuda junto \u00e0 Defesa Civil, atrav\u00e9s do telefone 199, e do Corpo de Bombeiros, que tamb\u00e9m estar\u00e3o a postos para o aux\u00edlio, atrav\u00e9s do telefone 193.<\/p>\n<p>Confira todas as cidades da Para\u00edba que est\u00e3o em perigo potencial:<\/p>\n<div class=\"bloco-texto my-4\">\n<ol type=\"1\">\n<li>Alagoinha<\/li>\n<li>Alhandra<\/li>\n<li>Ara\u00e7agi<\/li>\n<li>Ba\u00eda da Trai\u00e7\u00e3o<\/li>\n<li>Bananeiras<\/li>\n<li>Bayeux<\/li>\n<li>Bel\u00e9m<\/li>\n<li>Caapor\u00e3<\/li>\n<li>Cabedelo<\/li>\n<li>Cai\u00e7ara<\/li>\n<li>Caldas Brand\u00e3o<\/li>\n<li>Capim<\/li>\n<li>Conde<\/li>\n<li>Cruz do Esp\u00edrito Santo<\/li>\n<li>Cuit\u00e9 de Mamanguape<\/li>\n<li>Cuitegi<\/li>\n<li>Curral de Cima<\/li>\n<li>Duas Estradas<\/li>\n<li>Guarabira<\/li>\n<li>Gurinh\u00e9m<\/li>\n<li>Itabaiana<\/li>\n<li>Itapororoca<\/li>\n<li>Jacara\u00fa<\/li>\n<li>Jo\u00e3o Pessoa<\/li>\n<li>Juripiranga<\/li>\n<li>Lagoa de Dentro<\/li>\n<li>Logradouro<\/li>\n<li>Lucena<\/li>\n<li>Mamanguape<\/li>\n<li>Marca\u00e7\u00e3o<\/li>\n<li>Mari<\/li>\n<li>Mataraca<\/li>\n<li>Mogeiro<\/li>\n<li>Mulungu<\/li>\n<li>Pedras de Fogo<\/li>\n<li>Pedro R\u00e9gis<\/li>\n<li>Pilar<\/li>\n<li>Pirpirituba<\/li>\n<li>Pitimbu<\/li>\n<li>Riach\u00e3o do Po\u00e7o<\/li>\n<li>Rio Tinto<\/li>\n<li>Salgado de S\u00e3o F\u00e9lix<\/li>\n<li>Santa Rita<\/li>\n<li>S\u00e3o Jos\u00e9 dos Ramos<\/li>\n<li>S\u00e3o Miguel de Taipu<\/li>\n<li>Sap\u00e9<\/li>\n<li>Serra da Raiz<\/li>\n<li>Sert\u00e3ozinho<\/li>\n<li>Sobrado<\/li>\n<li>Tacima<\/li>\n<\/ol>\n<p><strong>Noticias em Destaque<\/strong><\/p>\n<p style=\"text-align: right;\"><em>Fonte: Mais PB<\/em><\/p>\n<\/div>\n","protected":false},"excerpt":{"rendered":"<p>O Instituto Nacional de Meteorologia (Inmet) sinalizou, neste s\u00e1bado (30), um alerta amarelo para a regi\u00e3o do litoral e agreste paraibano, assim como para os litorais pernambucanos e potiguares. A expectativa \u00e9 de que a chuva tenha um volume entre 20 e 50 mm\/h, com baixo risco de alagamentos e deslizamentos em cidades de risco. Apesar do alerta amarelo, que mostra um volume menos moderado de chuvas, o Inmet recomenda que os cidad\u00e3os evitem o confronto com o mau tempo, prestem aten\u00e7\u00e3o nas encostas \u2013 a fim de evitar um deslizamento \u2013 e tentem n\u00e3o usar aparelhos eletr\u00f4nicos na tomada. Al\u00e9m disso, todos podem buscar informa\u00e7\u00f5es e ajuda junto \u00e0 Defesa Civil, atrav\u00e9s do telefone 199, e do Corpo de Bombeiros, que tamb\u00e9m estar\u00e3o a postos para o aux\u00edlio, atrav\u00e9s do telefone 193. Confira todas as cidades da Para\u00edba que est\u00e3o em perigo potencial: Alagoinha Alhandra Ara\u00e7agi Ba\u00eda da Trai\u00e7\u00e3o Bananeiras Bayeux Bel\u00e9m Caapor\u00e3 Cabedelo Cai\u00e7ara Caldas Brand\u00e3o Capim Conde Cruz do Esp\u00edrito Santo Cuit\u00e9 de Mamanguape Cuitegi Curral de Cima Duas Estradas Guarabira Gurinh\u00e9m Itabaiana Itapororoca Jacara\u00fa Jo\u00e3o Pessoa Juripiranga Lagoa de Dentro Logradouro Lucena Mamanguape Marca\u00e7\u00e3o Mari Mataraca Mogeiro Mulungu Pedras de Fogo Pedro R\u00e9gis Pilar Pirpirituba Pitimbu Riach\u00e3o do Po\u00e7o Rio Tinto Salgado de S\u00e3o F\u00e9lix Santa Rita S\u00e3o Jos\u00e9 dos Ramos S\u00e3o Miguel de Taipu Sap\u00e9 Serra da Raiz Sert\u00e3ozinho Sobrado Tacima Noticias em Destaque Fonte: Mais PB<\/p>\n","protected":false},"author":2,"featured_media":41526,"comment_status":"closed","ping_status":"open","sticky":false,"template":"","format":"standard","meta":{"_eb_attr":"","_jetpack_memberships_contains_paid_content":false,"footnotes":""},"categories":[3],"tags":[],"class_list":["post-41524","post","type-post","status-publish","format-standard","has-post-thumbnail","hentry","category-cidades"],"yoast_head":"<!-- This site is optimized with the Yoast SEO plugin v26.5 - https:\/\/yoast.com\/wordpress\/plugins\/seo\/ -->\n<title>Inmet alerta para chuvas no litoral e agreste paraibano neste s\u00e1bado - Not&iacute;cias em Destaque<\/title>\n<meta name=\"robots\" content=\"index, follow, max-snippet:-1, max-image-preview:large, max-video-preview:-1\" \/>\n<link rel=\"canonical\" href=\"https:\/\/noticiasemdestaque.com\/cd\/?p=41524\" \/>\n<meta property=\"og:locale\" content=\"pt_BR\" \/>\n<meta property=\"og:type\" content=\"article\" \/>\n<meta property=\"og:title\" content=\"Inmet alerta para chuvas no litoral e agreste paraibano neste s\u00e1bado - Not&iacute;cias em Destaque\" \/>\n<meta property=\"og:description\" content=\"O Instituto Nacional de Meteorologia (Inmet) sinalizou, neste s\u00e1bado (30), um alerta amarelo para a regi\u00e3o do litoral e agreste paraibano, assim como para os litorais pernambucanos e potiguares. A expectativa \u00e9 de que a chuva tenha um volume entre 20 e 50 mm\/h, com baixo risco de alagamentos e deslizamentos em cidades de risco. Apesar do alerta amarelo, que mostra um volume menos moderado de chuvas, o Inmet recomenda que os cidad\u00e3os evitem o confronto com o mau tempo, prestem aten\u00e7\u00e3o nas encostas \u2013 a fim de evitar um deslizamento \u2013 e tentem n\u00e3o usar aparelhos eletr\u00f4nicos na tomada. Al\u00e9m disso, todos podem buscar informa\u00e7\u00f5es e ajuda junto \u00e0 Defesa Civil, atrav\u00e9s do telefone 199, e do Corpo de Bombeiros, que tamb\u00e9m estar\u00e3o a postos para o aux\u00edlio, atrav\u00e9s do telefone 193. Confira todas as cidades da Para\u00edba que est\u00e3o em perigo potencial: Alagoinha Alhandra Ara\u00e7agi Ba\u00eda da Trai\u00e7\u00e3o Bananeiras Bayeux Bel\u00e9m Caapor\u00e3 Cabedelo Cai\u00e7ara Caldas Brand\u00e3o Capim Conde Cruz do Esp\u00edrito Santo Cuit\u00e9 de Mamanguape Cuitegi Curral de Cima Duas Estradas Guarabira Gurinh\u00e9m Itabaiana Itapororoca Jacara\u00fa Jo\u00e3o Pessoa Juripiranga Lagoa de Dentro Logradouro Lucena Mamanguape Marca\u00e7\u00e3o Mari Mataraca Mogeiro Mulungu Pedras de Fogo Pedro R\u00e9gis Pilar Pirpirituba Pitimbu Riach\u00e3o do Po\u00e7o Rio Tinto Salgado de S\u00e3o F\u00e9lix Santa Rita S\u00e3o Jos\u00e9 dos Ramos S\u00e3o Miguel de Taipu Sap\u00e9 Serra da Raiz Sert\u00e3ozinho Sobrado Tacima Noticias em Destaque Fonte: Mais PB\" \/>\n<meta property=\"og:url\" content=\"https:\/\/noticiasemdestaque.com\/cd\/?p=41524\" \/>\n<meta property=\"og:site_name\" content=\"Not&iacute;cias em Destaque\" \/>\n<meta property=\"article:published_time\" content=\"2022-07-30T22:28:45+00:00\" \/>\n<meta property=\"og:image\" content=\"https:\/\/noticiasemdestaque.com\/cd\/wp-content\/uploads\/2022\/07\/coisas-pra-ajeitar.webp\" \/>\n\t<meta property=\"og:image:width\" content=\"800\" \/>\n\t<meta property=\"og:image:height\" content=\"450\" \/>\n\t<meta property=\"og:image:type\" content=\"image\/webp\" \/>\n<meta name=\"author\" content=\"Not\u00edcias em Destaque\" \/>\n<meta name=\"twitter:card\" content=\"summary_large_image\" \/>\n<meta name=\"twitter:label1\" content=\"Escrito por\" \/>\n\t<meta name=\"twitter:data1\" content=\"Not\u00edcias em Destaque\" \/>\n\t<meta name=\"twitter:label2\" content=\"Est. tempo de leitura\" \/>\n\t<meta name=\"twitter:data2\" content=\"2 minutos\" \/>\n<script type=\"application\/ld+json\" class=\"yoast-schema-graph\">{\"@context\":\"https:\/\/schema.org\",\"@graph\":[{\"@type\":\"Article\",\"@id\":\"https:\/\/noticiasemdestaque.com\/cd\/?p=41524#article\",\"isPartOf\":{\"@id\":\"https:\/\/noticiasemdestaque.com\/cd\/?p=41524\"},\"author\":{\"name\":\"Not\u00edcias em Destaque\",\"@id\":\"https:\/\/noticiasemdestaque.com\/cd\/#\/schema\/person\/45ca272b3e1246ef14ebb78a48dbb218\"},\"headline\":\"Inmet alerta para chuvas no litoral e agreste paraibano neste s\u00e1bado\",\"datePublished\":\"2022-07-30T22:28:45+00:00\",\"mainEntityOfPage\":{\"@id\":\"https:\/\/noticiasemdestaque.com\/cd\/?p=41524\"},\"wordCount\":269,\"publisher\":{\"@id\":\"https:\/\/noticiasemdestaque.com\/cd\/#organization\"},\"image\":{\"@id\":\"https:\/\/noticiasemdestaque.com\/cd\/?p=41524#primaryimage\"},\"thumbnailUrl\":\"https:\/\/noticiasemdestaque.com\/cd\/wp-content\/uploads\/2022\/07\/coisas-pra-ajeitar.webp\",\"articleSection\":[\"Cidades\"],\"inLanguage\":\"pt-BR\"},{\"@type\":\"WebPage\",\"@id\":\"https:\/\/noticiasemdestaque.com\/cd\/?p=41524\",\"url\":\"https:\/\/noticiasemdestaque.com\/cd\/?p=41524\",\"name\":\"Inmet alerta para chuvas no litoral e agreste paraibano neste s\u00e1bado - Not&iacute;cias em Destaque\",\"isPartOf\":{\"@id\":\"https:\/\/noticiasemdestaque.com\/cd\/#website\"},\"primaryImageOfPage\":{\"@id\":\"https:\/\/noticiasemdestaque.com\/cd\/?p=41524#primaryimage\"},\"image\":{\"@id\":\"https:\/\/noticiasemdestaque.com\/cd\/?p=41524#primaryimage\"},\"thumbnailUrl\":\"https:\/\/noticiasemdestaque.com\/cd\/wp-content\/uploads\/2022\/07\/coisas-pra-ajeitar.webp\",\"datePublished\":\"2022-07-30T22:28:45+00:00\",\"breadcrumb\":{\"@id\":\"https:\/\/noticiasemdestaque.com\/cd\/?p=41524#breadcrumb\"},\"inLanguage\":\"pt-BR\",\"potentialAction\":[{\"@type\":\"ReadAction\",\"target\":[\"https:\/\/noticiasemdestaque.com\/cd\/?p=41524\"]}]},{\"@type\":\"ImageObject\",\"inLanguage\":\"pt-BR\",\"@id\":\"https:\/\/noticiasemdestaque.com\/cd\/?p=41524#primaryimage\",\"url\":\"https:\/\/noticiasemdestaque.com\/cd\/wp-content\/uploads\/2022\/07\/coisas-pra-ajeitar.webp\",\"contentUrl\":\"https:\/\/noticiasemdestaque.com\/cd\/wp-content\/uploads\/2022\/07\/coisas-pra-ajeitar.webp\",\"width\":800,\"height\":450},{\"@type\":\"BreadcrumbList\",\"@id\":\"https:\/\/noticiasemdestaque.com\/cd\/?p=41524#breadcrumb\",\"itemListElement\":[{\"@type\":\"ListItem\",\"position\":1,\"name\":\"In\u00edcio\",\"item\":\"https:\/\/noticiasemdestaque.com\/cd\/\"},{\"@type\":\"ListItem\",\"position\":2,\"name\":\"Inmet alerta para chuvas no litoral e agreste paraibano neste s\u00e1bado\"}]},{\"@type\":\"WebSite\",\"@id\":\"https:\/\/noticiasemdestaque.com\/cd\/#website\",\"url\":\"https:\/\/noticiasemdestaque.com\/cd\/\",\"name\":\"Not&iacute;cias em Destaque\",\"description\":\"\",\"publisher\":{\"@id\":\"https:\/\/noticiasemdestaque.com\/cd\/#organization\"},\"potentialAction\":[{\"@type\":\"SearchAction\",\"target\":{\"@type\":\"EntryPoint\",\"urlTemplate\":\"https:\/\/noticiasemdestaque.com\/cd\/?s={search_term_string}\"},\"query-input\":{\"@type\":\"PropertyValueSpecification\",\"valueRequired\":true,\"valueName\":\"search_term_string\"}}],\"inLanguage\":\"pt-BR\"},{\"@type\":\"Organization\",\"@id\":\"https:\/\/noticiasemdestaque.com\/cd\/#organization\",\"name\":\"Not\u00edcias em Destaque\",\"url\":\"https:\/\/noticiasemdestaque.com\/cd\/\",\"logo\":{\"@type\":\"ImageObject\",\"inLanguage\":\"pt-BR\",\"@id\":\"https:\/\/noticiasemdestaque.com\/cd\/#\/schema\/logo\/image\/\",\"url\":\"https:\/\/noticiasemdestaque.com\/cd\/wp-content\/uploads\/2022\/05\/imagem-base-noticiasemdestaque.png\",\"contentUrl\":\"https:\/\/noticiasemdestaque.com\/cd\/wp-content\/uploads\/2022\/05\/imagem-base-noticiasemdestaque.png\",\"width\":1200,\"height\":630,\"caption\":\"Not\u00edcias em Destaque\"},\"image\":{\"@id\":\"https:\/\/noticiasemdestaque.com\/cd\/#\/schema\/logo\/image\/\"}},{\"@type\":\"Person\",\"@id\":\"https:\/\/noticiasemdestaque.com\/cd\/#\/schema\/person\/45ca272b3e1246ef14ebb78a48dbb218\",\"name\":\"Not\u00edcias em Destaque\",\"url\":\"https:\/\/noticiasemdestaque.com\/cd\/?author=2\"}]}<\/script>\n<!-- \/ Yoast SEO plugin. -->","yoast_head_json":{"title":"Inmet alerta para chuvas no litoral e agreste paraibano neste s\u00e1bado - Not&iacute;cias em Destaque","robots":{"index":"index","follow":"follow","max-snippet":"max-snippet:-1","max-image-preview":"max-image-preview:large","max-video-preview":"max-video-preview:-1"},"canonical":"https:\/\/noticiasemdestaque.com\/cd\/?p=41524","og_locale":"pt_BR","og_type":"article","og_title":"Inmet alerta para chuvas no litoral e agreste paraibano neste s\u00e1bado - Not&iacute;cias em Destaque","og_description":"O Instituto Nacional de Meteorologia (Inmet) sinalizou, neste s\u00e1bado (30), um alerta amarelo para a regi\u00e3o do litoral e agreste paraibano, assim como para os litorais pernambucanos e potiguares. A expectativa \u00e9 de que a chuva tenha um volume entre 20 e 50 mm\/h, com baixo risco de alagamentos e deslizamentos em cidades de risco. Apesar do alerta amarelo, que mostra um volume menos moderado de chuvas, o Inmet recomenda que os cidad\u00e3os evitem o confronto com o mau tempo, prestem aten\u00e7\u00e3o nas encostas \u2013 a fim de evitar um deslizamento \u2013 e tentem n\u00e3o usar aparelhos eletr\u00f4nicos na tomada. Al\u00e9m disso, todos podem buscar informa\u00e7\u00f5es e ajuda junto \u00e0 Defesa Civil, atrav\u00e9s do telefone 199, e do Corpo de Bombeiros, que tamb\u00e9m estar\u00e3o a postos para o aux\u00edlio, atrav\u00e9s do telefone 193. Confira todas as cidades da Para\u00edba que est\u00e3o em perigo potencial: Alagoinha Alhandra Ara\u00e7agi Ba\u00eda da Trai\u00e7\u00e3o Bananeiras Bayeux Bel\u00e9m Caapor\u00e3 Cabedelo Cai\u00e7ara Caldas Brand\u00e3o Capim Conde Cruz do Esp\u00edrito Santo Cuit\u00e9 de Mamanguape Cuitegi Curral de Cima Duas Estradas Guarabira Gurinh\u00e9m Itabaiana Itapororoca Jacara\u00fa Jo\u00e3o Pessoa Juripiranga Lagoa de Dentro Logradouro Lucena Mamanguape Marca\u00e7\u00e3o Mari Mataraca Mogeiro Mulungu Pedras de Fogo Pedro R\u00e9gis Pilar Pirpirituba Pitimbu Riach\u00e3o do Po\u00e7o Rio Tinto Salgado de S\u00e3o F\u00e9lix Santa Rita S\u00e3o Jos\u00e9 dos Ramos S\u00e3o Miguel de Taipu Sap\u00e9 Serra da Raiz Sert\u00e3ozinho Sobrado Tacima Noticias em Destaque Fonte: Mais PB","og_url":"https:\/\/noticiasemdestaque.com\/cd\/?p=41524","og_site_name":"Not&iacute;cias em Destaque","article_published_time":"2022-07-30T22:28:45+00:00","og_image":[{"width":800,"height":450,"url":"https:\/\/noticiasemdestaque.com\/cd\/wp-content\/uploads\/2022\/07\/coisas-pra-ajeitar.webp","type":"image\/webp"}],"author":"Not\u00edcias em Destaque","twitter_card":"summary_large_image","twitter_misc":{"Escrito por":"Not\u00edcias em Destaque","Est. tempo de leitura":"2 minutos"},"schema":{"@context":"https:\/\/schema.org","@graph":[{"@type":"Article","@id":"https:\/\/noticiasemdestaque.com\/cd\/?p=41524#article","isPartOf":{"@id":"https:\/\/noticiasemdestaque.com\/cd\/?p=41524"},"author":{"name":"Not\u00edcias em Destaque","@id":"https:\/\/noticiasemdestaque.com\/cd\/#\/schema\/person\/45ca272b3e1246ef14ebb78a48dbb218"},"headline":"Inmet alerta para chuvas no litoral e agreste paraibano neste s\u00e1bado","datePublished":"2022-07-30T22:28:45+00:00","mainEntityOfPage":{"@id":"https:\/\/noticiasemdestaque.com\/cd\/?p=41524"},"wordCount":269,"publisher":{"@id":"https:\/\/noticiasemdestaque.com\/cd\/#organization"},"image":{"@id":"https:\/\/noticiasemdestaque.com\/cd\/?p=41524#primaryimage"},"thumbnailUrl":"https:\/\/noticiasemdestaque.com\/cd\/wp-content\/uploads\/2022\/07\/coisas-pra-ajeitar.webp","articleSection":["Cidades"],"inLanguage":"pt-BR"},{"@type":"WebPage","@id":"https:\/\/noticiasemdestaque.com\/cd\/?p=41524","url":"https:\/\/noticiasemdestaque.com\/cd\/?p=41524","name":"Inmet alerta para chuvas no litoral e agreste paraibano neste s\u00e1bado - Not&iacute;cias em Destaque","isPartOf":{"@id":"https:\/\/noticiasemdestaque.com\/cd\/#website"},"primaryImageOfPage":{"@id":"https:\/\/noticiasemdestaque.com\/cd\/?p=41524#primaryimage"},"image":{"@id":"https:\/\/noticiasemdestaque.com\/cd\/?p=41524#primaryimage"},"thumbnailUrl":"https:\/\/noticiasemdestaque.com\/cd\/wp-content\/uploads\/2022\/07\/coisas-pra-ajeitar.webp","datePublished":"2022-07-30T22:28:45+00:00","breadcrumb":{"@id":"https:\/\/noticiasemdestaque.com\/cd\/?p=41524#breadcrumb"},"inLanguage":"pt-BR","potentialAction":[{"@type":"ReadAction","target":["https:\/\/noticiasemdestaque.com\/cd\/?p=41524"]}]},{"@type":"ImageObject","inLanguage":"pt-BR","@id":"https:\/\/noticiasemdestaque.com\/cd\/?p=41524#primaryimage","url":"https:\/\/noticiasemdestaque.com\/cd\/wp-content\/uploads\/2022\/07\/coisas-pra-ajeitar.webp","contentUrl":"https:\/\/noticiasemdestaque.com\/cd\/wp-content\/uploads\/2022\/07\/coisas-pra-ajeitar.webp","width":800,"height":450},{"@type":"BreadcrumbList","@id":"https:\/\/noticiasemdestaque.com\/cd\/?p=41524#breadcrumb","itemListElement":[{"@type":"ListItem","position":1,"name":"In\u00edcio","item":"https:\/\/noticiasemdestaque.com\/cd\/"},{"@type":"ListItem","position":2,"name":"Inmet alerta para chuvas no litoral e agreste paraibano neste s\u00e1bado"}]},{"@type":"WebSite","@id":"https:\/\/noticiasemdestaque.com\/cd\/#website","url":"https:\/\/noticiasemdestaque.com\/cd\/","name":"Not&iacute;cias em Destaque","description":"","publisher":{"@id":"https:\/\/noticiasemdestaque.com\/cd\/#organization"},"potentialAction":[{"@type":"SearchAction","target":{"@type":"EntryPoint","urlTemplate":"https:\/\/noticiasemdestaque.com\/cd\/?s={search_term_string}"},"query-input":{"@type":"PropertyValueSpecification","valueRequired":true,"valueName":"search_term_string"}}],"inLanguage":"pt-BR"},{"@type":"Organization","@id":"https:\/\/noticiasemdestaque.com\/cd\/#organization","name":"Not\u00edcias em Destaque","url":"https:\/\/noticiasemdestaque.com\/cd\/","logo":{"@type":"ImageObject","inLanguage":"pt-BR","@id":"https:\/\/noticiasemdestaque.com\/cd\/#\/schema\/logo\/image\/","url":"https:\/\/noticiasemdestaque.com\/cd\/wp-content\/uploads\/2022\/05\/imagem-base-noticiasemdestaque.png","contentUrl":"https:\/\/noticiasemdestaque.com\/cd\/wp-content\/uploads\/2022\/05\/imagem-base-noticiasemdestaque.png","width":1200,"height":630,"caption":"Not\u00edcias em Destaque"},"image":{"@id":"https:\/\/noticiasemdestaque.com\/cd\/#\/schema\/logo\/image\/"}},{"@type":"Person","@id":"https:\/\/noticiasemdestaque.com\/cd\/#\/schema\/person\/45ca272b3e1246ef14ebb78a48dbb218","name":"Not\u00edcias em Destaque","url":"https:\/\/noticiasemdestaque.com\/cd\/?author=2"}]}},"jetpack_featured_media_url":"https:\/\/noticiasemdestaque.com\/cd\/wp-content\/uploads\/2022\/07\/coisas-pra-ajeitar.webp","jetpack_sharing_enabled":true,"_links":{"self":[{"href":"https:\/\/noticiasemdestaque.com\/cd\/index.php?rest_route=\/wp\/v2\/posts\/41524","targetHints":{"allow":["GET"]}}],"collection":[{"href":"https:\/\/noticiasemdestaque.com\/cd\/index.php?rest_route=\/wp\/v2\/posts"}],"about":[{"href":"https:\/\/noticiasemdestaque.com\/cd\/index.php?rest_route=\/wp\/v2\/types\/post"}],"author":[{"embeddable":true,"href":"https:\/\/noticiasemdestaque.com\/cd\/index.php?rest_route=\/wp\/v2\/users\/2"}],"replies":[{"embeddable":true,"href":"https:\/\/noticiasemdestaque.com\/cd\/index.php?rest_route=%2Fwp%2Fv2%2Fcomments&post=41524"}],"version-history":[{"count":2,"href":"https:\/\/noticiasemdestaque.com\/cd\/index.php?rest_route=\/wp\/v2\/posts\/41524\/revisions"}],"predecessor-version":[{"id":41527,"href":"https:\/\/noticiasemdestaque.com\/cd\/index.php?rest_route=\/wp\/v2\/posts\/41524\/revisions\/41527"}],"wp:featuredmedia":[{"embeddable":true,"href":"https:\/\/noticiasemdestaque.com\/cd\/index.php?rest_route=\/wp\/v2\/media\/41526"}],"wp:attachment":[{"href":"https:\/\/noticiasemdestaque.com\/cd\/index.php?rest_route=%2Fwp%2Fv2%2Fmedia&parent=41524"}],"wp:term":[{"taxonomy":"category","embeddable":true,"href":"https:\/\/noticiasemdestaque.com\/cd\/index.php?rest_route=%2Fwp%2Fv2%2Fcategories&post=41524"},{"taxonomy":"post_tag","embeddable":true,"href":"https:\/\/noticiasemdestaque.com\/cd\/index.php?rest_route=%2Fwp%2Fv2%2Ftags&post=41524"}],"curies":[{"name":"wp","href":"https:\/\/api.w.org\/{rel}","templated":true}]}}