{"id":4116,"date":"2017-09-07T08:43:38","date_gmt":"2017-09-07T11:43:38","guid":{"rendered":"http:\/\/caririemdestaque.com\/cd\/?p=4116"},"modified":"2017-09-07T08:43:38","modified_gmt":"2017-09-07T11:43:38","slug":"assembleia-legislativa-e-onu-discutem-desenvolvimento-sustentavel-da-pb","status":"publish","type":"post","link":"https:\/\/noticiasemdestaque.com\/cd\/?p=4116","title":{"rendered":"Assembleia Legislativa e ONU discutem desenvolvimento sustent\u00e1vel da PB"},"content":{"rendered":"<p><a href=\"http:\/\/caririemdestaque.com\/cd\/wp-content\/uploads\/2017\/09\/9a5c0a86-8ca5-40e7-bfc9-55906aba8b3f-300x200.jpeg\"><img fetchpriority=\"high\" decoding=\"async\" class=\"wp-image-4117 size-medium alignleft\" src=\"http:\/\/caririemdestaque.com\/cd\/wp-content\/uploads\/2017\/09\/9a5c0a86-8ca5-40e7-bfc9-55906aba8b3f-300x200-300x200.jpeg\" alt=\"\" width=\"300\" height=\"200\" \/><\/a>O presidente da Assembleia Legislativa da Para\u00edba (ALPB), deputado Gerv\u00e1sio Maia, recebeu nesta quarta-feira (6), a assessora de Desenvolvimento Territorial do Programa das Na\u00e7\u00f5es Unidas para o Desenvolvimento (PNUD), Ieva Lazareviciute, para tratar da Agenda de Objetivos de Desenvolvimentos Sustent\u00e1veis (AODS) 2030. O secret\u00e1rio de Estado do Desenvolvimento e da Articula\u00e7\u00e3o Municipal (Sedam), Buba Germano, tamb\u00e9m esteve presente na reuni\u00e3o.<\/p>\n<p>De acordo com o presidente Gerv\u00e1sio Maia, a Assembleia Legislativa da Para\u00edba tem papel fundamental na divulga\u00e7\u00e3o das a\u00e7\u00f5es do PNUD. \u201cS\u00e3o a\u00e7\u00f5es em prol do desenvolvimento sustent\u00e1vel em todo o mundo, a exemplo da erradica\u00e7\u00e3o da pobreza, da garantia de alimenta\u00e7\u00e3o saud\u00e1vel para a popula\u00e7\u00e3o, atrav\u00e9s de uma agricultura sustent\u00e1vel, da redu\u00e7\u00e3o da desigualdade entre as cidades e do incentivo \u00e0 produ\u00e7\u00e3o e o consumo de forma sustent\u00e1veis. Na Para\u00edba, o PNUD j\u00e1 vem atuando em conjunto com o Governo do Estado e \u00e9 nosso papel enquanto parlamentar, disseminar e criar legisla\u00e7\u00e3o que contribua com o processo de acelera\u00e7\u00e3o da implementa\u00e7\u00e3o dos Objetivos do Desenvolvimento Sustent\u00e1vel\u201d, afirmou o parlamentar.<\/p>\n<p>Para a assessora do PNUD, \u00e9 fundamental que os objetivos do Programa sejam estadualizados e municipalizados. \u201cN\u00e3o adianta apenas assumir o compromisso no \u00e2mibito nacional se n\u00e3o for implementado este mesmo compromisso nos \u00e2mbitos estaduais e municipais, e esse \u00e9 justamente o nosso objetivo em parceria com o Governo do Estado e com a Assembleia Legislativa\u201d, comentou.<\/p>\n<p>O secretario de Estado de Desenvolvimento e da Articula\u00e7\u00e3o Municipal, Buba Germano, ressaltou que a Assembleia, atuando em conjunto com o Governo do Estado, buscar\u00e1 desenvolver a\u00e7\u00f5es sustent\u00e1veis. O secret\u00e1rio destacou que a gest\u00e3o estadual, desde de fevereiro deste ano, quando assinou o Memorando de Entendimento com o PNUD, j\u00e1 atua com pol\u00edticas p\u00fablicas que possibilitam o cumprimento destas a\u00e7\u00f5es.<\/p>\n<p>\u201cN\u00f3s vamos desenvolver as a\u00e7\u00f5es de desenvolvimento sustent\u00e1vel, que comp\u00f5e 17 objetivos, e em alguns j\u00e1 estamos bastante avan\u00e7ados, a exemplo do Or\u00e7amento Democr\u00e1tico\u201d, declarou. Buba disse que na Assembleia cada parlamentar poder\u00e1 atuar em atividades voltadas \u00e0s a\u00e7\u00f5es de desenvolvimento. \u201cNa Comiss\u00e3o de Educa\u00e7\u00e3o h\u00e1 um objetivo espec\u00edfico, existem as Comiss\u00f5es da Sa\u00fade, da Educa\u00e7\u00e3o, do Meio Ambiente. A agenda \u00e9 important\u00edssima e ir\u00e1 fazer com que possamos alinhar todas as pol\u00edticas p\u00fablicas de desenvolvimento. Ficamos muito felizes em poder dar essa contribui\u00e7\u00e3o\u201d, argumentou.<\/p>\n<p>Com MaisPB<\/p>\n","protected":false},"excerpt":{"rendered":"<p>O presidente da Assembleia Legislativa da Para\u00edba (ALPB), deputado Gerv\u00e1sio Maia, recebeu nesta quarta-feira (6), a assessora de Desenvolvimento Territorial do Programa das Na\u00e7\u00f5es Unidas para o Desenvolvimento (PNUD), Ieva Lazareviciute, para tratar da Agenda de Objetivos de Desenvolvimentos Sustent\u00e1veis (AODS) 2030. O secret\u00e1rio de Estado do Desenvolvimento e da Articula\u00e7\u00e3o Municipal (Sedam), Buba Germano, tamb\u00e9m esteve presente na reuni\u00e3o. De acordo com o presidente Gerv\u00e1sio Maia, a Assembleia Legislativa da Para\u00edba tem papel fundamental na divulga\u00e7\u00e3o das a\u00e7\u00f5es do PNUD. \u201cS\u00e3o a\u00e7\u00f5es em prol do desenvolvimento sustent\u00e1vel em todo o mundo, a exemplo da erradica\u00e7\u00e3o da pobreza, da garantia de alimenta\u00e7\u00e3o saud\u00e1vel para a popula\u00e7\u00e3o, atrav\u00e9s de uma agricultura sustent\u00e1vel, da redu\u00e7\u00e3o da desigualdade entre as cidades e do incentivo \u00e0 produ\u00e7\u00e3o e o consumo de forma sustent\u00e1veis. Na Para\u00edba, o PNUD j\u00e1 vem atuando em conjunto com o Governo do Estado e \u00e9 nosso papel enquanto parlamentar, disseminar e criar legisla\u00e7\u00e3o que contribua com o processo de acelera\u00e7\u00e3o da implementa\u00e7\u00e3o dos Objetivos do Desenvolvimento Sustent\u00e1vel\u201d, afirmou o parlamentar. Para a assessora do PNUD, \u00e9 fundamental que os objetivos do Programa sejam estadualizados e municipalizados. \u201cN\u00e3o adianta apenas assumir o compromisso no \u00e2mibito nacional se n\u00e3o for implementado este mesmo compromisso nos \u00e2mbitos estaduais e municipais, e esse \u00e9 justamente o nosso objetivo em parceria com o Governo do Estado e com a Assembleia Legislativa\u201d, comentou. O secretario de Estado de Desenvolvimento e da Articula\u00e7\u00e3o Municipal, Buba Germano, ressaltou que a Assembleia, atuando em conjunto com o Governo do Estado, buscar\u00e1 desenvolver a\u00e7\u00f5es sustent\u00e1veis. O secret\u00e1rio destacou que a gest\u00e3o estadual, desde de fevereiro deste ano, quando assinou o Memorando de Entendimento com o PNUD, j\u00e1 atua com pol\u00edticas p\u00fablicas que possibilitam o cumprimento destas a\u00e7\u00f5es. \u201cN\u00f3s vamos desenvolver as a\u00e7\u00f5es de desenvolvimento sustent\u00e1vel, que comp\u00f5e 17 objetivos, e em alguns j\u00e1 estamos bastante avan\u00e7ados, a exemplo do Or\u00e7amento Democr\u00e1tico\u201d, declarou. Buba disse que na Assembleia cada parlamentar poder\u00e1 atuar em atividades voltadas \u00e0s a\u00e7\u00f5es de desenvolvimento. \u201cNa Comiss\u00e3o de Educa\u00e7\u00e3o h\u00e1 um objetivo espec\u00edfico, existem as Comiss\u00f5es da Sa\u00fade, da Educa\u00e7\u00e3o, do Meio Ambiente. A agenda \u00e9 important\u00edssima e ir\u00e1 fazer com que possamos alinhar todas as pol\u00edticas p\u00fablicas de desenvolvimento. Ficamos muito felizes em poder dar essa contribui\u00e7\u00e3o\u201d, argumentou. Com MaisPB<\/p>\n","protected":false},"author":2,"featured_media":4117,"comment_status":"closed","ping_status":"open","sticky":false,"template":"","format":"standard","meta":{"_eb_attr":"","_jetpack_memberships_contains_paid_content":false,"footnotes":""},"categories":[4],"tags":[],"class_list":["post-4116","post","type-post","status-publish","format-standard","has-post-thumbnail","hentry","category-politica"],"yoast_head":"<!-- This site is optimized with the Yoast SEO plugin v26.5 - https:\/\/yoast.com\/wordpress\/plugins\/seo\/ -->\n<title>Assembleia Legislativa e ONU discutem desenvolvimento sustent\u00e1vel da PB - Not&iacute;cias em Destaque<\/title>\n<meta name=\"robots\" content=\"index, follow, max-snippet:-1, max-image-preview:large, max-video-preview:-1\" \/>\n<link rel=\"canonical\" href=\"https:\/\/noticiasemdestaque.com\/cd\/?p=4116\" \/>\n<meta property=\"og:locale\" content=\"pt_BR\" \/>\n<meta property=\"og:type\" content=\"article\" \/>\n<meta property=\"og:title\" content=\"Assembleia Legislativa e ONU discutem desenvolvimento sustent\u00e1vel da PB - Not&iacute;cias em Destaque\" \/>\n<meta property=\"og:description\" content=\"O presidente da Assembleia Legislativa da Para\u00edba (ALPB), deputado Gerv\u00e1sio Maia, recebeu nesta quarta-feira (6), a assessora de Desenvolvimento Territorial do Programa das Na\u00e7\u00f5es Unidas para o Desenvolvimento (PNUD), Ieva Lazareviciute, para tratar da Agenda de Objetivos de Desenvolvimentos Sustent\u00e1veis (AODS) 2030. O secret\u00e1rio de Estado do Desenvolvimento e da Articula\u00e7\u00e3o Municipal (Sedam), Buba Germano, tamb\u00e9m esteve presente na reuni\u00e3o. De acordo com o presidente Gerv\u00e1sio Maia, a Assembleia Legislativa da Para\u00edba tem papel fundamental na divulga\u00e7\u00e3o das a\u00e7\u00f5es do PNUD. \u201cS\u00e3o a\u00e7\u00f5es em prol do desenvolvimento sustent\u00e1vel em todo o mundo, a exemplo da erradica\u00e7\u00e3o da pobreza, da garantia de alimenta\u00e7\u00e3o saud\u00e1vel para a popula\u00e7\u00e3o, atrav\u00e9s de uma agricultura sustent\u00e1vel, da redu\u00e7\u00e3o da desigualdade entre as cidades e do incentivo \u00e0 produ\u00e7\u00e3o e o consumo de forma sustent\u00e1veis. Na Para\u00edba, o PNUD j\u00e1 vem atuando em conjunto com o Governo do Estado e \u00e9 nosso papel enquanto parlamentar, disseminar e criar legisla\u00e7\u00e3o que contribua com o processo de acelera\u00e7\u00e3o da implementa\u00e7\u00e3o dos Objetivos do Desenvolvimento Sustent\u00e1vel\u201d, afirmou o parlamentar. Para a assessora do PNUD, \u00e9 fundamental que os objetivos do Programa sejam estadualizados e municipalizados. \u201cN\u00e3o adianta apenas assumir o compromisso no \u00e2mibito nacional se n\u00e3o for implementado este mesmo compromisso nos \u00e2mbitos estaduais e municipais, e esse \u00e9 justamente o nosso objetivo em parceria com o Governo do Estado e com a Assembleia Legislativa\u201d, comentou. O secretario de Estado de Desenvolvimento e da Articula\u00e7\u00e3o Municipal, Buba Germano, ressaltou que a Assembleia, atuando em conjunto com o Governo do Estado, buscar\u00e1 desenvolver a\u00e7\u00f5es sustent\u00e1veis. O secret\u00e1rio destacou que a gest\u00e3o estadual, desde de fevereiro deste ano, quando assinou o Memorando de Entendimento com o PNUD, j\u00e1 atua com pol\u00edticas p\u00fablicas que possibilitam o cumprimento destas a\u00e7\u00f5es. \u201cN\u00f3s vamos desenvolver as a\u00e7\u00f5es de desenvolvimento sustent\u00e1vel, que comp\u00f5e 17 objetivos, e em alguns j\u00e1 estamos bastante avan\u00e7ados, a exemplo do Or\u00e7amento Democr\u00e1tico\u201d, declarou. Buba disse que na Assembleia cada parlamentar poder\u00e1 atuar em atividades voltadas \u00e0s a\u00e7\u00f5es de desenvolvimento. \u201cNa Comiss\u00e3o de Educa\u00e7\u00e3o h\u00e1 um objetivo espec\u00edfico, existem as Comiss\u00f5es da Sa\u00fade, da Educa\u00e7\u00e3o, do Meio Ambiente. A agenda \u00e9 important\u00edssima e ir\u00e1 fazer com que possamos alinhar todas as pol\u00edticas p\u00fablicas de desenvolvimento. Ficamos muito felizes em poder dar essa contribui\u00e7\u00e3o\u201d, argumentou. Com MaisPB\" \/>\n<meta property=\"og:url\" content=\"https:\/\/noticiasemdestaque.com\/cd\/?p=4116\" \/>\n<meta property=\"og:site_name\" content=\"Not&iacute;cias em Destaque\" \/>\n<meta property=\"article:published_time\" content=\"2017-09-07T11:43:38+00:00\" \/>\n<meta property=\"og:image\" content=\"https:\/\/noticiasemdestaque.com\/cd\/wp-content\/uploads\/2017\/09\/9a5c0a86-8ca5-40e7-bfc9-55906aba8b3f-300x200.jpeg\" \/>\n\t<meta property=\"og:image:width\" content=\"300\" \/>\n\t<meta property=\"og:image:height\" content=\"200\" \/>\n\t<meta property=\"og:image:type\" content=\"image\/jpeg\" \/>\n<meta name=\"author\" content=\"Not\u00edcias em Destaque\" \/>\n<meta name=\"twitter:card\" content=\"summary_large_image\" \/>\n<meta name=\"twitter:label1\" content=\"Escrito por\" \/>\n\t<meta name=\"twitter:data1\" content=\"Not\u00edcias em Destaque\" \/>\n\t<meta name=\"twitter:label2\" content=\"Est. tempo de leitura\" \/>\n\t<meta name=\"twitter:data2\" content=\"2 minutos\" \/>\n<script type=\"application\/ld+json\" class=\"yoast-schema-graph\">{\"@context\":\"https:\/\/schema.org\",\"@graph\":[{\"@type\":\"Article\",\"@id\":\"https:\/\/noticiasemdestaque.com\/cd\/?p=4116#article\",\"isPartOf\":{\"@id\":\"https:\/\/noticiasemdestaque.com\/cd\/?p=4116\"},\"author\":{\"name\":\"Not\u00edcias em Destaque\",\"@id\":\"https:\/\/noticiasemdestaque.com\/cd\/#\/schema\/person\/21320b03a7e8bb90128938dafc9b908a\"},\"headline\":\"Assembleia Legislativa e ONU discutem desenvolvimento sustent\u00e1vel da PB\",\"datePublished\":\"2017-09-07T11:43:38+00:00\",\"mainEntityOfPage\":{\"@id\":\"https:\/\/noticiasemdestaque.com\/cd\/?p=4116\"},\"wordCount\":433,\"publisher\":{\"@id\":\"https:\/\/noticiasemdestaque.com\/cd\/#organization\"},\"image\":{\"@id\":\"https:\/\/noticiasemdestaque.com\/cd\/?p=4116#primaryimage\"},\"thumbnailUrl\":\"https:\/\/noticiasemdestaque.com\/cd\/wp-content\/uploads\/2017\/09\/9a5c0a86-8ca5-40e7-bfc9-55906aba8b3f-300x200.jpeg\",\"articleSection\":[\"Pol\u00edtica\"],\"inLanguage\":\"pt-BR\"},{\"@type\":\"WebPage\",\"@id\":\"https:\/\/noticiasemdestaque.com\/cd\/?p=4116\",\"url\":\"https:\/\/noticiasemdestaque.com\/cd\/?p=4116\",\"name\":\"Assembleia Legislativa e ONU discutem desenvolvimento sustent\u00e1vel da PB - Not&iacute;cias em Destaque\",\"isPartOf\":{\"@id\":\"https:\/\/noticiasemdestaque.com\/cd\/#website\"},\"primaryImageOfPage\":{\"@id\":\"https:\/\/noticiasemdestaque.com\/cd\/?p=4116#primaryimage\"},\"image\":{\"@id\":\"https:\/\/noticiasemdestaque.com\/cd\/?p=4116#primaryimage\"},\"thumbnailUrl\":\"https:\/\/noticiasemdestaque.com\/cd\/wp-content\/uploads\/2017\/09\/9a5c0a86-8ca5-40e7-bfc9-55906aba8b3f-300x200.jpeg\",\"datePublished\":\"2017-09-07T11:43:38+00:00\",\"breadcrumb\":{\"@id\":\"https:\/\/noticiasemdestaque.com\/cd\/?p=4116#breadcrumb\"},\"inLanguage\":\"pt-BR\",\"potentialAction\":[{\"@type\":\"ReadAction\",\"target\":[\"https:\/\/noticiasemdestaque.com\/cd\/?p=4116\"]}]},{\"@type\":\"ImageObject\",\"inLanguage\":\"pt-BR\",\"@id\":\"https:\/\/noticiasemdestaque.com\/cd\/?p=4116#primaryimage\",\"url\":\"https:\/\/noticiasemdestaque.com\/cd\/wp-content\/uploads\/2017\/09\/9a5c0a86-8ca5-40e7-bfc9-55906aba8b3f-300x200.jpeg\",\"contentUrl\":\"https:\/\/noticiasemdestaque.com\/cd\/wp-content\/uploads\/2017\/09\/9a5c0a86-8ca5-40e7-bfc9-55906aba8b3f-300x200.jpeg\",\"width\":300,\"height\":200},{\"@type\":\"BreadcrumbList\",\"@id\":\"https:\/\/noticiasemdestaque.com\/cd\/?p=4116#breadcrumb\",\"itemListElement\":[{\"@type\":\"ListItem\",\"position\":1,\"name\":\"In\u00edcio\",\"item\":\"https:\/\/noticiasemdestaque.com\/cd\/\"},{\"@type\":\"ListItem\",\"position\":2,\"name\":\"Assembleia Legislativa e ONU discutem desenvolvimento sustent\u00e1vel da PB\"}]},{\"@type\":\"WebSite\",\"@id\":\"https:\/\/noticiasemdestaque.com\/cd\/#website\",\"url\":\"https:\/\/noticiasemdestaque.com\/cd\/\",\"name\":\"Not&iacute;cias em Destaque\",\"description\":\"\",\"publisher\":{\"@id\":\"https:\/\/noticiasemdestaque.com\/cd\/#organization\"},\"potentialAction\":[{\"@type\":\"SearchAction\",\"target\":{\"@type\":\"EntryPoint\",\"urlTemplate\":\"https:\/\/noticiasemdestaque.com\/cd\/?s={search_term_string}\"},\"query-input\":{\"@type\":\"PropertyValueSpecification\",\"valueRequired\":true,\"valueName\":\"search_term_string\"}}],\"inLanguage\":\"pt-BR\"},{\"@type\":\"Organization\",\"@id\":\"https:\/\/noticiasemdestaque.com\/cd\/#organization\",\"name\":\"Not\u00edcias em Destaque\",\"url\":\"https:\/\/noticiasemdestaque.com\/cd\/\",\"logo\":{\"@type\":\"ImageObject\",\"inLanguage\":\"pt-BR\",\"@id\":\"https:\/\/noticiasemdestaque.com\/cd\/#\/schema\/logo\/image\/\",\"url\":\"https:\/\/noticiasemdestaque.com\/cd\/wp-content\/uploads\/2022\/05\/imagem-base-noticiasemdestaque.png\",\"contentUrl\":\"https:\/\/noticiasemdestaque.com\/cd\/wp-content\/uploads\/2022\/05\/imagem-base-noticiasemdestaque.png\",\"width\":1200,\"height\":630,\"caption\":\"Not\u00edcias em Destaque\"},\"image\":{\"@id\":\"https:\/\/noticiasemdestaque.com\/cd\/#\/schema\/logo\/image\/\"}},{\"@type\":\"Person\",\"@id\":\"https:\/\/noticiasemdestaque.com\/cd\/#\/schema\/person\/21320b03a7e8bb90128938dafc9b908a\",\"name\":\"Not\u00edcias em Destaque\",\"url\":\"https:\/\/noticiasemdestaque.com\/cd\/?author=2\"}]}<\/script>\n<!-- \/ Yoast SEO plugin. -->","yoast_head_json":{"title":"Assembleia Legislativa e ONU discutem desenvolvimento sustent\u00e1vel da PB - Not&iacute;cias em Destaque","robots":{"index":"index","follow":"follow","max-snippet":"max-snippet:-1","max-image-preview":"max-image-preview:large","max-video-preview":"max-video-preview:-1"},"canonical":"https:\/\/noticiasemdestaque.com\/cd\/?p=4116","og_locale":"pt_BR","og_type":"article","og_title":"Assembleia Legislativa e ONU discutem desenvolvimento sustent\u00e1vel da PB - Not&iacute;cias em Destaque","og_description":"O presidente da Assembleia Legislativa da Para\u00edba (ALPB), deputado Gerv\u00e1sio Maia, recebeu nesta quarta-feira (6), a assessora de Desenvolvimento Territorial do Programa das Na\u00e7\u00f5es Unidas para o Desenvolvimento (PNUD), Ieva Lazareviciute, para tratar da Agenda de Objetivos de Desenvolvimentos Sustent\u00e1veis (AODS) 2030. O secret\u00e1rio de Estado do Desenvolvimento e da Articula\u00e7\u00e3o Municipal (Sedam), Buba Germano, tamb\u00e9m esteve presente na reuni\u00e3o. De acordo com o presidente Gerv\u00e1sio Maia, a Assembleia Legislativa da Para\u00edba tem papel fundamental na divulga\u00e7\u00e3o das a\u00e7\u00f5es do PNUD. \u201cS\u00e3o a\u00e7\u00f5es em prol do desenvolvimento sustent\u00e1vel em todo o mundo, a exemplo da erradica\u00e7\u00e3o da pobreza, da garantia de alimenta\u00e7\u00e3o saud\u00e1vel para a popula\u00e7\u00e3o, atrav\u00e9s de uma agricultura sustent\u00e1vel, da redu\u00e7\u00e3o da desigualdade entre as cidades e do incentivo \u00e0 produ\u00e7\u00e3o e o consumo de forma sustent\u00e1veis. Na Para\u00edba, o PNUD j\u00e1 vem atuando em conjunto com o Governo do Estado e \u00e9 nosso papel enquanto parlamentar, disseminar e criar legisla\u00e7\u00e3o que contribua com o processo de acelera\u00e7\u00e3o da implementa\u00e7\u00e3o dos Objetivos do Desenvolvimento Sustent\u00e1vel\u201d, afirmou o parlamentar. Para a assessora do PNUD, \u00e9 fundamental que os objetivos do Programa sejam estadualizados e municipalizados. \u201cN\u00e3o adianta apenas assumir o compromisso no \u00e2mibito nacional se n\u00e3o for implementado este mesmo compromisso nos \u00e2mbitos estaduais e municipais, e esse \u00e9 justamente o nosso objetivo em parceria com o Governo do Estado e com a Assembleia Legislativa\u201d, comentou. O secretario de Estado de Desenvolvimento e da Articula\u00e7\u00e3o Municipal, Buba Germano, ressaltou que a Assembleia, atuando em conjunto com o Governo do Estado, buscar\u00e1 desenvolver a\u00e7\u00f5es sustent\u00e1veis. O secret\u00e1rio destacou que a gest\u00e3o estadual, desde de fevereiro deste ano, quando assinou o Memorando de Entendimento com o PNUD, j\u00e1 atua com pol\u00edticas p\u00fablicas que possibilitam o cumprimento destas a\u00e7\u00f5es. \u201cN\u00f3s vamos desenvolver as a\u00e7\u00f5es de desenvolvimento sustent\u00e1vel, que comp\u00f5e 17 objetivos, e em alguns j\u00e1 estamos bastante avan\u00e7ados, a exemplo do Or\u00e7amento Democr\u00e1tico\u201d, declarou. Buba disse que na Assembleia cada parlamentar poder\u00e1 atuar em atividades voltadas \u00e0s a\u00e7\u00f5es de desenvolvimento. \u201cNa Comiss\u00e3o de Educa\u00e7\u00e3o h\u00e1 um objetivo espec\u00edfico, existem as Comiss\u00f5es da Sa\u00fade, da Educa\u00e7\u00e3o, do Meio Ambiente. A agenda \u00e9 important\u00edssima e ir\u00e1 fazer com que possamos alinhar todas as pol\u00edticas p\u00fablicas de desenvolvimento. Ficamos muito felizes em poder dar essa contribui\u00e7\u00e3o\u201d, argumentou. Com MaisPB","og_url":"https:\/\/noticiasemdestaque.com\/cd\/?p=4116","og_site_name":"Not&iacute;cias em Destaque","article_published_time":"2017-09-07T11:43:38+00:00","og_image":[{"width":300,"height":200,"url":"https:\/\/noticiasemdestaque.com\/cd\/wp-content\/uploads\/2017\/09\/9a5c0a86-8ca5-40e7-bfc9-55906aba8b3f-300x200.jpeg","type":"image\/jpeg"}],"author":"Not\u00edcias em Destaque","twitter_card":"summary_large_image","twitter_misc":{"Escrito por":"Not\u00edcias em Destaque","Est. tempo de leitura":"2 minutos"},"schema":{"@context":"https:\/\/schema.org","@graph":[{"@type":"Article","@id":"https:\/\/noticiasemdestaque.com\/cd\/?p=4116#article","isPartOf":{"@id":"https:\/\/noticiasemdestaque.com\/cd\/?p=4116"},"author":{"name":"Not\u00edcias em Destaque","@id":"https:\/\/noticiasemdestaque.com\/cd\/#\/schema\/person\/21320b03a7e8bb90128938dafc9b908a"},"headline":"Assembleia Legislativa e ONU discutem desenvolvimento sustent\u00e1vel da PB","datePublished":"2017-09-07T11:43:38+00:00","mainEntityOfPage":{"@id":"https:\/\/noticiasemdestaque.com\/cd\/?p=4116"},"wordCount":433,"publisher":{"@id":"https:\/\/noticiasemdestaque.com\/cd\/#organization"},"image":{"@id":"https:\/\/noticiasemdestaque.com\/cd\/?p=4116#primaryimage"},"thumbnailUrl":"https:\/\/noticiasemdestaque.com\/cd\/wp-content\/uploads\/2017\/09\/9a5c0a86-8ca5-40e7-bfc9-55906aba8b3f-300x200.jpeg","articleSection":["Pol\u00edtica"],"inLanguage":"pt-BR"},{"@type":"WebPage","@id":"https:\/\/noticiasemdestaque.com\/cd\/?p=4116","url":"https:\/\/noticiasemdestaque.com\/cd\/?p=4116","name":"Assembleia Legislativa e ONU discutem desenvolvimento sustent\u00e1vel da PB - Not&iacute;cias em Destaque","isPartOf":{"@id":"https:\/\/noticiasemdestaque.com\/cd\/#website"},"primaryImageOfPage":{"@id":"https:\/\/noticiasemdestaque.com\/cd\/?p=4116#primaryimage"},"image":{"@id":"https:\/\/noticiasemdestaque.com\/cd\/?p=4116#primaryimage"},"thumbnailUrl":"https:\/\/noticiasemdestaque.com\/cd\/wp-content\/uploads\/2017\/09\/9a5c0a86-8ca5-40e7-bfc9-55906aba8b3f-300x200.jpeg","datePublished":"2017-09-07T11:43:38+00:00","breadcrumb":{"@id":"https:\/\/noticiasemdestaque.com\/cd\/?p=4116#breadcrumb"},"inLanguage":"pt-BR","potentialAction":[{"@type":"ReadAction","target":["https:\/\/noticiasemdestaque.com\/cd\/?p=4116"]}]},{"@type":"ImageObject","inLanguage":"pt-BR","@id":"https:\/\/noticiasemdestaque.com\/cd\/?p=4116#primaryimage","url":"https:\/\/noticiasemdestaque.com\/cd\/wp-content\/uploads\/2017\/09\/9a5c0a86-8ca5-40e7-bfc9-55906aba8b3f-300x200.jpeg","contentUrl":"https:\/\/noticiasemdestaque.com\/cd\/wp-content\/uploads\/2017\/09\/9a5c0a86-8ca5-40e7-bfc9-55906aba8b3f-300x200.jpeg","width":300,"height":200},{"@type":"BreadcrumbList","@id":"https:\/\/noticiasemdestaque.com\/cd\/?p=4116#breadcrumb","itemListElement":[{"@type":"ListItem","position":1,"name":"In\u00edcio","item":"https:\/\/noticiasemdestaque.com\/cd\/"},{"@type":"ListItem","position":2,"name":"Assembleia Legislativa e ONU discutem desenvolvimento sustent\u00e1vel da PB"}]},{"@type":"WebSite","@id":"https:\/\/noticiasemdestaque.com\/cd\/#website","url":"https:\/\/noticiasemdestaque.com\/cd\/","name":"Not&iacute;cias em Destaque","description":"","publisher":{"@id":"https:\/\/noticiasemdestaque.com\/cd\/#organization"},"potentialAction":[{"@type":"SearchAction","target":{"@type":"EntryPoint","urlTemplate":"https:\/\/noticiasemdestaque.com\/cd\/?s={search_term_string}"},"query-input":{"@type":"PropertyValueSpecification","valueRequired":true,"valueName":"search_term_string"}}],"inLanguage":"pt-BR"},{"@type":"Organization","@id":"https:\/\/noticiasemdestaque.com\/cd\/#organization","name":"Not\u00edcias em Destaque","url":"https:\/\/noticiasemdestaque.com\/cd\/","logo":{"@type":"ImageObject","inLanguage":"pt-BR","@id":"https:\/\/noticiasemdestaque.com\/cd\/#\/schema\/logo\/image\/","url":"https:\/\/noticiasemdestaque.com\/cd\/wp-content\/uploads\/2022\/05\/imagem-base-noticiasemdestaque.png","contentUrl":"https:\/\/noticiasemdestaque.com\/cd\/wp-content\/uploads\/2022\/05\/imagem-base-noticiasemdestaque.png","width":1200,"height":630,"caption":"Not\u00edcias em Destaque"},"image":{"@id":"https:\/\/noticiasemdestaque.com\/cd\/#\/schema\/logo\/image\/"}},{"@type":"Person","@id":"https:\/\/noticiasemdestaque.com\/cd\/#\/schema\/person\/21320b03a7e8bb90128938dafc9b908a","name":"Not\u00edcias em Destaque","url":"https:\/\/noticiasemdestaque.com\/cd\/?author=2"}]}},"jetpack_featured_media_url":"https:\/\/noticiasemdestaque.com\/cd\/wp-content\/uploads\/2017\/09\/9a5c0a86-8ca5-40e7-bfc9-55906aba8b3f-300x200.jpeg","jetpack_sharing_enabled":true,"_links":{"self":[{"href":"https:\/\/noticiasemdestaque.com\/cd\/index.php?rest_route=\/wp\/v2\/posts\/4116","targetHints":{"allow":["GET"]}}],"collection":[{"href":"https:\/\/noticiasemdestaque.com\/cd\/index.php?rest_route=\/wp\/v2\/posts"}],"about":[{"href":"https:\/\/noticiasemdestaque.com\/cd\/index.php?rest_route=\/wp\/v2\/types\/post"}],"author":[{"embeddable":true,"href":"https:\/\/noticiasemdestaque.com\/cd\/index.php?rest_route=\/wp\/v2\/users\/2"}],"replies":[{"embeddable":true,"href":"https:\/\/noticiasemdestaque.com\/cd\/index.php?rest_route=%2Fwp%2Fv2%2Fcomments&post=4116"}],"version-history":[{"count":1,"href":"https:\/\/noticiasemdestaque.com\/cd\/index.php?rest_route=\/wp\/v2\/posts\/4116\/revisions"}],"predecessor-version":[{"id":4118,"href":"https:\/\/noticiasemdestaque.com\/cd\/index.php?rest_route=\/wp\/v2\/posts\/4116\/revisions\/4118"}],"wp:featuredmedia":[{"embeddable":true,"href":"https:\/\/noticiasemdestaque.com\/cd\/index.php?rest_route=\/wp\/v2\/media\/4117"}],"wp:attachment":[{"href":"https:\/\/noticiasemdestaque.com\/cd\/index.php?rest_route=%2Fwp%2Fv2%2Fmedia&parent=4116"}],"wp:term":[{"taxonomy":"category","embeddable":true,"href":"https:\/\/noticiasemdestaque.com\/cd\/index.php?rest_route=%2Fwp%2Fv2%2Fcategories&post=4116"},{"taxonomy":"post_tag","embeddable":true,"href":"https:\/\/noticiasemdestaque.com\/cd\/index.php?rest_route=%2Fwp%2Fv2%2Ftags&post=4116"}],"curies":[{"name":"wp","href":"https:\/\/api.w.org\/{rel}","templated":true}]}}