{"id":4110,"date":"2017-09-07T08:37:18","date_gmt":"2017-09-07T11:37:18","guid":{"rendered":"http:\/\/caririemdestaque.com\/cd\/?p=4110"},"modified":"2017-09-07T08:39:08","modified_gmt":"2017-09-07T11:39:08","slug":"transportes-escolares-dos-municipios-do-cariri-serao-vistoriados","status":"publish","type":"post","link":"https:\/\/noticiasemdestaque.com\/cd\/?p=4110","title":{"rendered":"Transportes escolares dos munic\u00edpios do Cariri ser\u00e3o vistoriados"},"content":{"rendered":"<p><a href=\"http:\/\/caririemdestaque.com\/cd\/wp-content\/uploads\/2017\/09\/center_227962_1000.jpg\"><img fetchpriority=\"high\" decoding=\"async\" class=\"wp-image-4113 size-medium alignleft\" src=\"http:\/\/caririemdestaque.com\/cd\/wp-content\/uploads\/2017\/09\/center_227962_1000-300x180.jpg\" alt=\"\" width=\"300\" height=\"180\" srcset=\"https:\/\/noticiasemdestaque.com\/cd\/wp-content\/uploads\/2017\/09\/center_227962_1000-300x180.jpg 300w, https:\/\/noticiasemdestaque.com\/cd\/wp-content\/uploads\/2017\/09\/center_227962_1000-768x461.jpg 768w, https:\/\/noticiasemdestaque.com\/cd\/wp-content\/uploads\/2017\/09\/center_227962_1000.jpg 900w\" sizes=\"(max-width: 300px) 100vw, 300px\" \/><\/a>A coordena\u00e7\u00e3o do Centro de Apoio Operacional de Defesa da Crian\u00e7a e do Adolescente e da Educa\u00e7\u00e3o (Caop) do Minist\u00e9rio P\u00fablico do Estado da Para\u00edba (MPPB) e o Departamento Estadual de Tr\u00e2nsito da Para\u00edba (Detran-PB) divulgaram o calend\u00e1rio de vistoria no transporte escolar do Estado, que ser\u00e1 realizada no pr\u00f3ximo dia 16, em 47 munic\u00edpios do Cariri paraibano. Todas as vistorias ocorrer\u00e3o a partir das 7h.<\/p>\n<p>Na 7\u00aa Circunscri\u00e7\u00e3o Regional de Tr\u00e2nsito (Ciretran), em Monteiro, ser\u00e3o fiscalizados os ve\u00edculos escolares de Monteiro, Camala\u00fa, S\u00e3o Sebasti\u00e3o do Umbuzeiro, S\u00e3o Jo\u00e3o do Tigre, Zabel\u00ea, Sum\u00e9, Amparo, Congo, Prata, Ouro Velho, Serra Branca, Coxixola, S\u00e3o Jos\u00e9 dos Cordeiros e Parari.<\/p>\n<p>Na 18\u00aa Ciretran, em Cabeceiras, a equipe vai inspecionar os transporte dos munic\u00edpios de Cabaceiras, Barra de S\u00e3o Miguel, S\u00e3o Domingos do Cariri, S\u00e3o Jo\u00e3o do Cariri, Cara\u00fabas, Gurj\u00e3o, Boqueir\u00e3o, Alcantil, Barra de Santana, Riacho de Santo Ant\u00f4nio. Tamb\u00e9m ser\u00e3o fiscalizados os \u00f4nibus escolares dos munic\u00edpios de Soledade, Olivedos, Cubati, S\u00e3o Vicente do Serid\u00f3, Juazeirinho, Santo Andr\u00e9 e Ten\u00f3rio, no Posto de Tr\u00e2nsito de Soledade.<\/p>\n<p>J\u00e1 na 23\u00aa Ciretran, em Santa Luzia, a fiscaliza\u00e7\u00e3o ser\u00e1 nos transporte de Santa Luzia, Junco do Serid\u00f3, S\u00e3o Jos\u00e9 de Sabugi, V\u00e1rzea, S\u00e3o Mamede, Passagem, Areia de Bara\u00fanas, Tapero\u00e1, Assun\u00e7\u00e3o, Livramento e Salgadinho. E em Picu\u00ed, na 26\u00aa Ciretran, ser\u00e3o vistoriados os ve\u00edculos escolares de Picu\u00ed, Bara\u00fana, Frei Martinho, Nova Palmeira e Pedra Lavrada.<\/p>\n<p>O Caop da Crian\u00e7a e do Adolescente e da Educa\u00e7\u00e3o \u00e9 coordenado pelo promotor de Justi\u00e7a Alley Escorel. Em 2017, o MPPB e o Detran est\u00e3o adotando um novo formato de vistorias do transporte escolar. Elas ocorrem de forma regionalizada em quatro finais de semanas, compreendendo quatro regi\u00f5es do Estado (sert\u00e3o, cariri, agreste e litoral), ocorrendo simultaneamente nos munic\u00edpios de cada regi\u00e3o naquela data definida. J\u00e1 foram realizadas as vistorias nos munic\u00edpios do sert\u00e3o e do agreste.<\/p>\n<p>&nbsp;<\/p>\n","protected":false},"excerpt":{"rendered":"<p>A coordena\u00e7\u00e3o do Centro de Apoio Operacional de Defesa da Crian\u00e7a e do Adolescente e da Educa\u00e7\u00e3o (Caop) do Minist\u00e9rio P\u00fablico do Estado da Para\u00edba (MPPB) e o Departamento Estadual de Tr\u00e2nsito da Para\u00edba (Detran-PB) divulgaram o calend\u00e1rio de vistoria no transporte escolar do Estado, que ser\u00e1 realizada no pr\u00f3ximo dia 16, em 47 munic\u00edpios do Cariri paraibano. Todas as vistorias ocorrer\u00e3o a partir das 7h. Na 7\u00aa Circunscri\u00e7\u00e3o Regional de Tr\u00e2nsito (Ciretran), em Monteiro, ser\u00e3o fiscalizados os ve\u00edculos escolares de Monteiro, Camala\u00fa, S\u00e3o Sebasti\u00e3o do Umbuzeiro, S\u00e3o Jo\u00e3o do Tigre, Zabel\u00ea, Sum\u00e9, Amparo, Congo, Prata, Ouro Velho, Serra Branca, Coxixola, S\u00e3o Jos\u00e9 dos Cordeiros e Parari. Na 18\u00aa Ciretran, em Cabeceiras, a equipe vai inspecionar os transporte dos munic\u00edpios de Cabaceiras, Barra de S\u00e3o Miguel, S\u00e3o Domingos do Cariri, S\u00e3o Jo\u00e3o do Cariri, Cara\u00fabas, Gurj\u00e3o, Boqueir\u00e3o, Alcantil, Barra de Santana, Riacho de Santo Ant\u00f4nio. Tamb\u00e9m ser\u00e3o fiscalizados os \u00f4nibus escolares dos munic\u00edpios de Soledade, Olivedos, Cubati, S\u00e3o Vicente do Serid\u00f3, Juazeirinho, Santo Andr\u00e9 e Ten\u00f3rio, no Posto de Tr\u00e2nsito de Soledade. J\u00e1 na 23\u00aa Ciretran, em Santa Luzia, a fiscaliza\u00e7\u00e3o ser\u00e1 nos transporte de Santa Luzia, Junco do Serid\u00f3, S\u00e3o Jos\u00e9 de Sabugi, V\u00e1rzea, S\u00e3o Mamede, Passagem, Areia de Bara\u00fanas, Tapero\u00e1, Assun\u00e7\u00e3o, Livramento e Salgadinho. E em Picu\u00ed, na 26\u00aa Ciretran, ser\u00e3o vistoriados os ve\u00edculos escolares de Picu\u00ed, Bara\u00fana, Frei Martinho, Nova Palmeira e Pedra Lavrada. O Caop da Crian\u00e7a e do Adolescente e da Educa\u00e7\u00e3o \u00e9 coordenado pelo promotor de Justi\u00e7a Alley Escorel. Em 2017, o MPPB e o Detran est\u00e3o adotando um novo formato de vistorias do transporte escolar. Elas ocorrem de forma regionalizada em quatro finais de semanas, compreendendo quatro regi\u00f5es do Estado (sert\u00e3o, cariri, agreste e litoral), ocorrendo simultaneamente nos munic\u00edpios de cada regi\u00e3o naquela data definida. J\u00e1 foram realizadas as vistorias nos munic\u00edpios do sert\u00e3o e do agreste. &nbsp;<\/p>\n","protected":false},"author":2,"featured_media":4113,"comment_status":"closed","ping_status":"open","sticky":false,"template":"","format":"standard","meta":{"_eb_attr":"","_jetpack_memberships_contains_paid_content":false,"footnotes":""},"categories":[6],"tags":[],"class_list":["post-4110","post","type-post","status-publish","format-standard","has-post-thumbnail","hentry","category-educacao"],"yoast_head":"<!-- This site is optimized with the Yoast SEO plugin v26.5 - https:\/\/yoast.com\/wordpress\/plugins\/seo\/ -->\n<title>Transportes escolares dos munic\u00edpios do Cariri ser\u00e3o vistoriados - Not&iacute;cias em Destaque<\/title>\n<meta name=\"robots\" content=\"index, follow, max-snippet:-1, max-image-preview:large, max-video-preview:-1\" \/>\n<link rel=\"canonical\" href=\"https:\/\/noticiasemdestaque.com\/cd\/?p=4110\" \/>\n<meta property=\"og:locale\" content=\"pt_BR\" \/>\n<meta property=\"og:type\" content=\"article\" \/>\n<meta property=\"og:title\" content=\"Transportes escolares dos munic\u00edpios do Cariri ser\u00e3o vistoriados - Not&iacute;cias em Destaque\" \/>\n<meta property=\"og:description\" content=\"A coordena\u00e7\u00e3o do Centro de Apoio Operacional de Defesa da Crian\u00e7a e do Adolescente e da Educa\u00e7\u00e3o (Caop) do Minist\u00e9rio P\u00fablico do Estado da Para\u00edba (MPPB) e o Departamento Estadual de Tr\u00e2nsito da Para\u00edba (Detran-PB) divulgaram o calend\u00e1rio de vistoria no transporte escolar do Estado, que ser\u00e1 realizada no pr\u00f3ximo dia 16, em 47 munic\u00edpios do Cariri paraibano. Todas as vistorias ocorrer\u00e3o a partir das 7h. Na 7\u00aa Circunscri\u00e7\u00e3o Regional de Tr\u00e2nsito (Ciretran), em Monteiro, ser\u00e3o fiscalizados os ve\u00edculos escolares de Monteiro, Camala\u00fa, S\u00e3o Sebasti\u00e3o do Umbuzeiro, S\u00e3o Jo\u00e3o do Tigre, Zabel\u00ea, Sum\u00e9, Amparo, Congo, Prata, Ouro Velho, Serra Branca, Coxixola, S\u00e3o Jos\u00e9 dos Cordeiros e Parari. Na 18\u00aa Ciretran, em Cabeceiras, a equipe vai inspecionar os transporte dos munic\u00edpios de Cabaceiras, Barra de S\u00e3o Miguel, S\u00e3o Domingos do Cariri, S\u00e3o Jo\u00e3o do Cariri, Cara\u00fabas, Gurj\u00e3o, Boqueir\u00e3o, Alcantil, Barra de Santana, Riacho de Santo Ant\u00f4nio. Tamb\u00e9m ser\u00e3o fiscalizados os \u00f4nibus escolares dos munic\u00edpios de Soledade, Olivedos, Cubati, S\u00e3o Vicente do Serid\u00f3, Juazeirinho, Santo Andr\u00e9 e Ten\u00f3rio, no Posto de Tr\u00e2nsito de Soledade. J\u00e1 na 23\u00aa Ciretran, em Santa Luzia, a fiscaliza\u00e7\u00e3o ser\u00e1 nos transporte de Santa Luzia, Junco do Serid\u00f3, S\u00e3o Jos\u00e9 de Sabugi, V\u00e1rzea, S\u00e3o Mamede, Passagem, Areia de Bara\u00fanas, Tapero\u00e1, Assun\u00e7\u00e3o, Livramento e Salgadinho. E em Picu\u00ed, na 26\u00aa Ciretran, ser\u00e3o vistoriados os ve\u00edculos escolares de Picu\u00ed, Bara\u00fana, Frei Martinho, Nova Palmeira e Pedra Lavrada. O Caop da Crian\u00e7a e do Adolescente e da Educa\u00e7\u00e3o \u00e9 coordenado pelo promotor de Justi\u00e7a Alley Escorel. Em 2017, o MPPB e o Detran est\u00e3o adotando um novo formato de vistorias do transporte escolar. Elas ocorrem de forma regionalizada em quatro finais de semanas, compreendendo quatro regi\u00f5es do Estado (sert\u00e3o, cariri, agreste e litoral), ocorrendo simultaneamente nos munic\u00edpios de cada regi\u00e3o naquela data definida. J\u00e1 foram realizadas as vistorias nos munic\u00edpios do sert\u00e3o e do agreste. &nbsp;\" \/>\n<meta property=\"og:url\" content=\"https:\/\/noticiasemdestaque.com\/cd\/?p=4110\" \/>\n<meta property=\"og:site_name\" content=\"Not&iacute;cias em Destaque\" \/>\n<meta property=\"article:published_time\" content=\"2017-09-07T11:37:18+00:00\" \/>\n<meta property=\"article:modified_time\" content=\"2017-09-07T11:39:08+00:00\" \/>\n<meta property=\"og:image\" content=\"https:\/\/noticiasemdestaque.com\/cd\/wp-content\/uploads\/2017\/09\/center_227962_1000.jpg\" \/>\n\t<meta property=\"og:image:width\" content=\"900\" \/>\n\t<meta property=\"og:image:height\" content=\"540\" \/>\n\t<meta property=\"og:image:type\" content=\"image\/jpeg\" \/>\n<meta name=\"author\" content=\"Not\u00edcias em Destaque\" \/>\n<meta name=\"twitter:card\" content=\"summary_large_image\" \/>\n<meta name=\"twitter:label1\" content=\"Escrito por\" \/>\n\t<meta name=\"twitter:data1\" content=\"Not\u00edcias em Destaque\" \/>\n\t<meta name=\"twitter:label2\" content=\"Est. tempo de leitura\" \/>\n\t<meta name=\"twitter:data2\" content=\"2 minutos\" \/>\n<script type=\"application\/ld+json\" class=\"yoast-schema-graph\">{\"@context\":\"https:\/\/schema.org\",\"@graph\":[{\"@type\":\"Article\",\"@id\":\"https:\/\/noticiasemdestaque.com\/cd\/?p=4110#article\",\"isPartOf\":{\"@id\":\"https:\/\/noticiasemdestaque.com\/cd\/?p=4110\"},\"author\":{\"name\":\"Not\u00edcias em Destaque\",\"@id\":\"https:\/\/noticiasemdestaque.com\/cd\/#\/schema\/person\/21320b03a7e8bb90128938dafc9b908a\"},\"headline\":\"Transportes escolares dos munic\u00edpios do Cariri ser\u00e3o vistoriados\",\"datePublished\":\"2017-09-07T11:37:18+00:00\",\"dateModified\":\"2017-09-07T11:39:08+00:00\",\"mainEntityOfPage\":{\"@id\":\"https:\/\/noticiasemdestaque.com\/cd\/?p=4110\"},\"wordCount\":362,\"publisher\":{\"@id\":\"https:\/\/noticiasemdestaque.com\/cd\/#organization\"},\"image\":{\"@id\":\"https:\/\/noticiasemdestaque.com\/cd\/?p=4110#primaryimage\"},\"thumbnailUrl\":\"https:\/\/noticiasemdestaque.com\/cd\/wp-content\/uploads\/2017\/09\/center_227962_1000.jpg\",\"articleSection\":[\"Educa\u00e7\u00e3o\"],\"inLanguage\":\"pt-BR\"},{\"@type\":\"WebPage\",\"@id\":\"https:\/\/noticiasemdestaque.com\/cd\/?p=4110\",\"url\":\"https:\/\/noticiasemdestaque.com\/cd\/?p=4110\",\"name\":\"Transportes escolares dos munic\u00edpios do Cariri ser\u00e3o vistoriados - Not&iacute;cias em Destaque\",\"isPartOf\":{\"@id\":\"https:\/\/noticiasemdestaque.com\/cd\/#website\"},\"primaryImageOfPage\":{\"@id\":\"https:\/\/noticiasemdestaque.com\/cd\/?p=4110#primaryimage\"},\"image\":{\"@id\":\"https:\/\/noticiasemdestaque.com\/cd\/?p=4110#primaryimage\"},\"thumbnailUrl\":\"https:\/\/noticiasemdestaque.com\/cd\/wp-content\/uploads\/2017\/09\/center_227962_1000.jpg\",\"datePublished\":\"2017-09-07T11:37:18+00:00\",\"dateModified\":\"2017-09-07T11:39:08+00:00\",\"breadcrumb\":{\"@id\":\"https:\/\/noticiasemdestaque.com\/cd\/?p=4110#breadcrumb\"},\"inLanguage\":\"pt-BR\",\"potentialAction\":[{\"@type\":\"ReadAction\",\"target\":[\"https:\/\/noticiasemdestaque.com\/cd\/?p=4110\"]}]},{\"@type\":\"ImageObject\",\"inLanguage\":\"pt-BR\",\"@id\":\"https:\/\/noticiasemdestaque.com\/cd\/?p=4110#primaryimage\",\"url\":\"https:\/\/noticiasemdestaque.com\/cd\/wp-content\/uploads\/2017\/09\/center_227962_1000.jpg\",\"contentUrl\":\"https:\/\/noticiasemdestaque.com\/cd\/wp-content\/uploads\/2017\/09\/center_227962_1000.jpg\",\"width\":900,\"height\":540},{\"@type\":\"BreadcrumbList\",\"@id\":\"https:\/\/noticiasemdestaque.com\/cd\/?p=4110#breadcrumb\",\"itemListElement\":[{\"@type\":\"ListItem\",\"position\":1,\"name\":\"In\u00edcio\",\"item\":\"https:\/\/noticiasemdestaque.com\/cd\/\"},{\"@type\":\"ListItem\",\"position\":2,\"name\":\"Transportes escolares dos munic\u00edpios do Cariri ser\u00e3o vistoriados\"}]},{\"@type\":\"WebSite\",\"@id\":\"https:\/\/noticiasemdestaque.com\/cd\/#website\",\"url\":\"https:\/\/noticiasemdestaque.com\/cd\/\",\"name\":\"Not&iacute;cias em Destaque\",\"description\":\"\",\"publisher\":{\"@id\":\"https:\/\/noticiasemdestaque.com\/cd\/#organization\"},\"potentialAction\":[{\"@type\":\"SearchAction\",\"target\":{\"@type\":\"EntryPoint\",\"urlTemplate\":\"https:\/\/noticiasemdestaque.com\/cd\/?s={search_term_string}\"},\"query-input\":{\"@type\":\"PropertyValueSpecification\",\"valueRequired\":true,\"valueName\":\"search_term_string\"}}],\"inLanguage\":\"pt-BR\"},{\"@type\":\"Organization\",\"@id\":\"https:\/\/noticiasemdestaque.com\/cd\/#organization\",\"name\":\"Not\u00edcias em Destaque\",\"url\":\"https:\/\/noticiasemdestaque.com\/cd\/\",\"logo\":{\"@type\":\"ImageObject\",\"inLanguage\":\"pt-BR\",\"@id\":\"https:\/\/noticiasemdestaque.com\/cd\/#\/schema\/logo\/image\/\",\"url\":\"https:\/\/noticiasemdestaque.com\/cd\/wp-content\/uploads\/2022\/05\/imagem-base-noticiasemdestaque.png\",\"contentUrl\":\"https:\/\/noticiasemdestaque.com\/cd\/wp-content\/uploads\/2022\/05\/imagem-base-noticiasemdestaque.png\",\"width\":1200,\"height\":630,\"caption\":\"Not\u00edcias em Destaque\"},\"image\":{\"@id\":\"https:\/\/noticiasemdestaque.com\/cd\/#\/schema\/logo\/image\/\"}},{\"@type\":\"Person\",\"@id\":\"https:\/\/noticiasemdestaque.com\/cd\/#\/schema\/person\/21320b03a7e8bb90128938dafc9b908a\",\"name\":\"Not\u00edcias em Destaque\",\"url\":\"https:\/\/noticiasemdestaque.com\/cd\/?author=2\"}]}<\/script>\n<!-- \/ Yoast SEO plugin. -->","yoast_head_json":{"title":"Transportes escolares dos munic\u00edpios do Cariri ser\u00e3o vistoriados - Not&iacute;cias em Destaque","robots":{"index":"index","follow":"follow","max-snippet":"max-snippet:-1","max-image-preview":"max-image-preview:large","max-video-preview":"max-video-preview:-1"},"canonical":"https:\/\/noticiasemdestaque.com\/cd\/?p=4110","og_locale":"pt_BR","og_type":"article","og_title":"Transportes escolares dos munic\u00edpios do Cariri ser\u00e3o vistoriados - Not&iacute;cias em Destaque","og_description":"A coordena\u00e7\u00e3o do Centro de Apoio Operacional de Defesa da Crian\u00e7a e do Adolescente e da Educa\u00e7\u00e3o (Caop) do Minist\u00e9rio P\u00fablico do Estado da Para\u00edba (MPPB) e o Departamento Estadual de Tr\u00e2nsito da Para\u00edba (Detran-PB) divulgaram o calend\u00e1rio de vistoria no transporte escolar do Estado, que ser\u00e1 realizada no pr\u00f3ximo dia 16, em 47 munic\u00edpios do Cariri paraibano. Todas as vistorias ocorrer\u00e3o a partir das 7h. Na 7\u00aa Circunscri\u00e7\u00e3o Regional de Tr\u00e2nsito (Ciretran), em Monteiro, ser\u00e3o fiscalizados os ve\u00edculos escolares de Monteiro, Camala\u00fa, S\u00e3o Sebasti\u00e3o do Umbuzeiro, S\u00e3o Jo\u00e3o do Tigre, Zabel\u00ea, Sum\u00e9, Amparo, Congo, Prata, Ouro Velho, Serra Branca, Coxixola, S\u00e3o Jos\u00e9 dos Cordeiros e Parari. Na 18\u00aa Ciretran, em Cabeceiras, a equipe vai inspecionar os transporte dos munic\u00edpios de Cabaceiras, Barra de S\u00e3o Miguel, S\u00e3o Domingos do Cariri, S\u00e3o Jo\u00e3o do Cariri, Cara\u00fabas, Gurj\u00e3o, Boqueir\u00e3o, Alcantil, Barra de Santana, Riacho de Santo Ant\u00f4nio. Tamb\u00e9m ser\u00e3o fiscalizados os \u00f4nibus escolares dos munic\u00edpios de Soledade, Olivedos, Cubati, S\u00e3o Vicente do Serid\u00f3, Juazeirinho, Santo Andr\u00e9 e Ten\u00f3rio, no Posto de Tr\u00e2nsito de Soledade. J\u00e1 na 23\u00aa Ciretran, em Santa Luzia, a fiscaliza\u00e7\u00e3o ser\u00e1 nos transporte de Santa Luzia, Junco do Serid\u00f3, S\u00e3o Jos\u00e9 de Sabugi, V\u00e1rzea, S\u00e3o Mamede, Passagem, Areia de Bara\u00fanas, Tapero\u00e1, Assun\u00e7\u00e3o, Livramento e Salgadinho. E em Picu\u00ed, na 26\u00aa Ciretran, ser\u00e3o vistoriados os ve\u00edculos escolares de Picu\u00ed, Bara\u00fana, Frei Martinho, Nova Palmeira e Pedra Lavrada. O Caop da Crian\u00e7a e do Adolescente e da Educa\u00e7\u00e3o \u00e9 coordenado pelo promotor de Justi\u00e7a Alley Escorel. Em 2017, o MPPB e o Detran est\u00e3o adotando um novo formato de vistorias do transporte escolar. Elas ocorrem de forma regionalizada em quatro finais de semanas, compreendendo quatro regi\u00f5es do Estado (sert\u00e3o, cariri, agreste e litoral), ocorrendo simultaneamente nos munic\u00edpios de cada regi\u00e3o naquela data definida. J\u00e1 foram realizadas as vistorias nos munic\u00edpios do sert\u00e3o e do agreste. &nbsp;","og_url":"https:\/\/noticiasemdestaque.com\/cd\/?p=4110","og_site_name":"Not&iacute;cias em Destaque","article_published_time":"2017-09-07T11:37:18+00:00","article_modified_time":"2017-09-07T11:39:08+00:00","og_image":[{"width":900,"height":540,"url":"https:\/\/noticiasemdestaque.com\/cd\/wp-content\/uploads\/2017\/09\/center_227962_1000.jpg","type":"image\/jpeg"}],"author":"Not\u00edcias em Destaque","twitter_card":"summary_large_image","twitter_misc":{"Escrito por":"Not\u00edcias em Destaque","Est. tempo de leitura":"2 minutos"},"schema":{"@context":"https:\/\/schema.org","@graph":[{"@type":"Article","@id":"https:\/\/noticiasemdestaque.com\/cd\/?p=4110#article","isPartOf":{"@id":"https:\/\/noticiasemdestaque.com\/cd\/?p=4110"},"author":{"name":"Not\u00edcias em Destaque","@id":"https:\/\/noticiasemdestaque.com\/cd\/#\/schema\/person\/21320b03a7e8bb90128938dafc9b908a"},"headline":"Transportes escolares dos munic\u00edpios do Cariri ser\u00e3o vistoriados","datePublished":"2017-09-07T11:37:18+00:00","dateModified":"2017-09-07T11:39:08+00:00","mainEntityOfPage":{"@id":"https:\/\/noticiasemdestaque.com\/cd\/?p=4110"},"wordCount":362,"publisher":{"@id":"https:\/\/noticiasemdestaque.com\/cd\/#organization"},"image":{"@id":"https:\/\/noticiasemdestaque.com\/cd\/?p=4110#primaryimage"},"thumbnailUrl":"https:\/\/noticiasemdestaque.com\/cd\/wp-content\/uploads\/2017\/09\/center_227962_1000.jpg","articleSection":["Educa\u00e7\u00e3o"],"inLanguage":"pt-BR"},{"@type":"WebPage","@id":"https:\/\/noticiasemdestaque.com\/cd\/?p=4110","url":"https:\/\/noticiasemdestaque.com\/cd\/?p=4110","name":"Transportes escolares dos munic\u00edpios do Cariri ser\u00e3o vistoriados - Not&iacute;cias em Destaque","isPartOf":{"@id":"https:\/\/noticiasemdestaque.com\/cd\/#website"},"primaryImageOfPage":{"@id":"https:\/\/noticiasemdestaque.com\/cd\/?p=4110#primaryimage"},"image":{"@id":"https:\/\/noticiasemdestaque.com\/cd\/?p=4110#primaryimage"},"thumbnailUrl":"https:\/\/noticiasemdestaque.com\/cd\/wp-content\/uploads\/2017\/09\/center_227962_1000.jpg","datePublished":"2017-09-07T11:37:18+00:00","dateModified":"2017-09-07T11:39:08+00:00","breadcrumb":{"@id":"https:\/\/noticiasemdestaque.com\/cd\/?p=4110#breadcrumb"},"inLanguage":"pt-BR","potentialAction":[{"@type":"ReadAction","target":["https:\/\/noticiasemdestaque.com\/cd\/?p=4110"]}]},{"@type":"ImageObject","inLanguage":"pt-BR","@id":"https:\/\/noticiasemdestaque.com\/cd\/?p=4110#primaryimage","url":"https:\/\/noticiasemdestaque.com\/cd\/wp-content\/uploads\/2017\/09\/center_227962_1000.jpg","contentUrl":"https:\/\/noticiasemdestaque.com\/cd\/wp-content\/uploads\/2017\/09\/center_227962_1000.jpg","width":900,"height":540},{"@type":"BreadcrumbList","@id":"https:\/\/noticiasemdestaque.com\/cd\/?p=4110#breadcrumb","itemListElement":[{"@type":"ListItem","position":1,"name":"In\u00edcio","item":"https:\/\/noticiasemdestaque.com\/cd\/"},{"@type":"ListItem","position":2,"name":"Transportes escolares dos munic\u00edpios do Cariri ser\u00e3o vistoriados"}]},{"@type":"WebSite","@id":"https:\/\/noticiasemdestaque.com\/cd\/#website","url":"https:\/\/noticiasemdestaque.com\/cd\/","name":"Not&iacute;cias em Destaque","description":"","publisher":{"@id":"https:\/\/noticiasemdestaque.com\/cd\/#organization"},"potentialAction":[{"@type":"SearchAction","target":{"@type":"EntryPoint","urlTemplate":"https:\/\/noticiasemdestaque.com\/cd\/?s={search_term_string}"},"query-input":{"@type":"PropertyValueSpecification","valueRequired":true,"valueName":"search_term_string"}}],"inLanguage":"pt-BR"},{"@type":"Organization","@id":"https:\/\/noticiasemdestaque.com\/cd\/#organization","name":"Not\u00edcias em Destaque","url":"https:\/\/noticiasemdestaque.com\/cd\/","logo":{"@type":"ImageObject","inLanguage":"pt-BR","@id":"https:\/\/noticiasemdestaque.com\/cd\/#\/schema\/logo\/image\/","url":"https:\/\/noticiasemdestaque.com\/cd\/wp-content\/uploads\/2022\/05\/imagem-base-noticiasemdestaque.png","contentUrl":"https:\/\/noticiasemdestaque.com\/cd\/wp-content\/uploads\/2022\/05\/imagem-base-noticiasemdestaque.png","width":1200,"height":630,"caption":"Not\u00edcias em Destaque"},"image":{"@id":"https:\/\/noticiasemdestaque.com\/cd\/#\/schema\/logo\/image\/"}},{"@type":"Person","@id":"https:\/\/noticiasemdestaque.com\/cd\/#\/schema\/person\/21320b03a7e8bb90128938dafc9b908a","name":"Not\u00edcias em Destaque","url":"https:\/\/noticiasemdestaque.com\/cd\/?author=2"}]}},"jetpack_featured_media_url":"https:\/\/noticiasemdestaque.com\/cd\/wp-content\/uploads\/2017\/09\/center_227962_1000.jpg","jetpack_sharing_enabled":true,"_links":{"self":[{"href":"https:\/\/noticiasemdestaque.com\/cd\/index.php?rest_route=\/wp\/v2\/posts\/4110","targetHints":{"allow":["GET"]}}],"collection":[{"href":"https:\/\/noticiasemdestaque.com\/cd\/index.php?rest_route=\/wp\/v2\/posts"}],"about":[{"href":"https:\/\/noticiasemdestaque.com\/cd\/index.php?rest_route=\/wp\/v2\/types\/post"}],"author":[{"embeddable":true,"href":"https:\/\/noticiasemdestaque.com\/cd\/index.php?rest_route=\/wp\/v2\/users\/2"}],"replies":[{"embeddable":true,"href":"https:\/\/noticiasemdestaque.com\/cd\/index.php?rest_route=%2Fwp%2Fv2%2Fcomments&post=4110"}],"version-history":[{"count":3,"href":"https:\/\/noticiasemdestaque.com\/cd\/index.php?rest_route=\/wp\/v2\/posts\/4110\/revisions"}],"predecessor-version":[{"id":4115,"href":"https:\/\/noticiasemdestaque.com\/cd\/index.php?rest_route=\/wp\/v2\/posts\/4110\/revisions\/4115"}],"wp:featuredmedia":[{"embeddable":true,"href":"https:\/\/noticiasemdestaque.com\/cd\/index.php?rest_route=\/wp\/v2\/media\/4113"}],"wp:attachment":[{"href":"https:\/\/noticiasemdestaque.com\/cd\/index.php?rest_route=%2Fwp%2Fv2%2Fmedia&parent=4110"}],"wp:term":[{"taxonomy":"category","embeddable":true,"href":"https:\/\/noticiasemdestaque.com\/cd\/index.php?rest_route=%2Fwp%2Fv2%2Fcategories&post=4110"},{"taxonomy":"post_tag","embeddable":true,"href":"https:\/\/noticiasemdestaque.com\/cd\/index.php?rest_route=%2Fwp%2Fv2%2Ftags&post=4110"}],"curies":[{"name":"wp","href":"https:\/\/api.w.org\/{rel}","templated":true}]}}