{"id":41079,"date":"2022-07-16T14:23:53","date_gmt":"2022-07-16T17:23:53","guid":{"rendered":"https:\/\/noticiasemdestaque.com\/cd\/?p=41079"},"modified":"2022-07-16T14:23:53","modified_gmt":"2022-07-16T17:23:53","slug":"amparo-cabra-fest-chapeu-de-palha-cezinha-atrevido-e-limao-com-mel-sao-as-atracoes-de-hoje","status":"publish","type":"post","link":"https:\/\/noticiasemdestaque.com\/cd\/?p=41079","title":{"rendered":"Amparo Cabra Fest:\u00a0 Chap\u00e9u de Palha. Cezinha Atrevido e Lim\u00e3o com Mel s\u00e3o as atra\u00e7\u00f5es de hoje"},"content":{"rendered":"<p><a href=\"https:\/\/noticiasemdestaque.com\/cd\/wp-content\/uploads\/2022\/07\/WhatsApp-Image-2022-07-16-at-11.47.11.jpeg\"><img fetchpriority=\"high\" decoding=\"async\" class=\"size-medium wp-image-41080 aligncenter\" src=\"https:\/\/noticiasemdestaque.com\/cd\/wp-content\/uploads\/2022\/07\/WhatsApp-Image-2022-07-16-at-11.47.11-240x300.jpeg\" alt=\"\" width=\"240\" height=\"300\" srcset=\"https:\/\/noticiasemdestaque.com\/cd\/wp-content\/uploads\/2022\/07\/WhatsApp-Image-2022-07-16-at-11.47.11-240x300.jpeg 240w, https:\/\/noticiasemdestaque.com\/cd\/wp-content\/uploads\/2022\/07\/WhatsApp-Image-2022-07-16-at-11.47.11-818x1024.jpeg 818w, https:\/\/noticiasemdestaque.com\/cd\/wp-content\/uploads\/2022\/07\/WhatsApp-Image-2022-07-16-at-11.47.11-768x961.jpeg 768w, https:\/\/noticiasemdestaque.com\/cd\/wp-content\/uploads\/2022\/07\/WhatsApp-Image-2022-07-16-at-11.47.11-10x12.jpeg 10w, https:\/\/noticiasemdestaque.com\/cd\/wp-content\/uploads\/2022\/07\/WhatsApp-Image-2022-07-16-at-11.47.11.jpeg 1023w\" sizes=\"(max-width: 240px) 100vw, 240px\" \/><\/a><\/p>\n<p>A Prefeitura de Amparo, na gest\u00e3o do prefeito In\u00e1cio N\u00f3brega, est\u00e1 realizando a 4\u00aa edi\u00e7\u00e3o da Amparo Cabra Fest.<\/p>\n<p><a href=\"https:\/\/noticiasemdestaque.com\/cd\/wp-content\/uploads\/2022\/07\/WhatsApp-Image-2021-08-04-at-17.29.05.jpeg\"><img decoding=\"async\" class=\"size-medium wp-image-41081 aligncenter\" src=\"https:\/\/noticiasemdestaque.com\/cd\/wp-content\/uploads\/2022\/07\/WhatsApp-Image-2021-08-04-at-17.29.05-300x246.jpeg\" alt=\"\" width=\"300\" height=\"246\" srcset=\"https:\/\/noticiasemdestaque.com\/cd\/wp-content\/uploads\/2022\/07\/WhatsApp-Image-2021-08-04-at-17.29.05-300x246.jpeg 300w, https:\/\/noticiasemdestaque.com\/cd\/wp-content\/uploads\/2022\/07\/WhatsApp-Image-2021-08-04-at-17.29.05-15x12.jpeg 15w, https:\/\/noticiasemdestaque.com\/cd\/wp-content\/uploads\/2022\/07\/WhatsApp-Image-2021-08-04-at-17.29.05.jpeg 730w\" sizes=\"(max-width: 300px) 100vw, 300px\" \/><\/a><\/p>\n<p>Na noite desta sexta-feira (15), aconteceram apresenta\u00e7\u00f5es de Boy Vaqueiro, Nanado Alves e Jonas Esticado.<\/p>\n<p>Neste s\u00e1bado, dia 16, tem os shows de Chap\u00e9u de Palha, Cezinha Atrevido e Lim\u00e3o com Mel.<\/p>\n<p>E encerrando no domingo, a partir das 12h00min, Forr\u00f3 Trio Rock, Vitinho Tornado, Forroz\u00e3o T\u00e1 nas Bases e Marquinhos da Serrinha.<\/p>\n<p>O prefeito In\u00e1cio N\u00f3brega refor\u00e7ou o convite para o evento.\u201d Esperamos contar com a presen\u00e7a de um grande p\u00fablico n\u00e3o s\u00f3 nas festas, mas tamb\u00e9m durante todos os dias da exposi\u00e7\u00e3o\u201d, afirmou.<\/p>\n<p><strong>Not\u00edcias em Destaque<\/strong><\/p>\n","protected":false},"excerpt":{"rendered":"<p>A Prefeitura de Amparo, na gest\u00e3o do prefeito In\u00e1cio N\u00f3brega, est\u00e1 realizando a 4\u00aa edi\u00e7\u00e3o da Amparo Cabra Fest. Na noite desta sexta-feira (15), aconteceram apresenta\u00e7\u00f5es de Boy Vaqueiro, Nanado Alves e Jonas Esticado. Neste s\u00e1bado, dia 16, tem os shows de Chap\u00e9u de Palha, Cezinha Atrevido e Lim\u00e3o com Mel. E encerrando no domingo, a partir das 12h00min, Forr\u00f3 Trio Rock, Vitinho Tornado, Forroz\u00e3o T\u00e1 nas Bases e Marquinhos da Serrinha. O prefeito In\u00e1cio N\u00f3brega refor\u00e7ou o convite para o evento.\u201d Esperamos contar com a presen\u00e7a de um grande p\u00fablico n\u00e3o s\u00f3 nas festas, mas tamb\u00e9m durante todos os dias da exposi\u00e7\u00e3o\u201d, afirmou. Not\u00edcias em Destaque<\/p>\n","protected":false},"author":2,"featured_media":41080,"comment_status":"closed","ping_status":"open","sticky":false,"template":"","format":"standard","meta":{"_eb_attr":"","_jetpack_memberships_contains_paid_content":false,"footnotes":""},"categories":[3],"tags":[],"class_list":["post-41079","post","type-post","status-publish","format-standard","has-post-thumbnail","hentry","category-cidades"],"yoast_head":"<!-- This site is optimized with the Yoast SEO plugin v26.5 - https:\/\/yoast.com\/wordpress\/plugins\/seo\/ -->\n<title>Amparo Cabra Fest:\u00a0 Chap\u00e9u de Palha. Cezinha Atrevido e Lim\u00e3o com Mel s\u00e3o as atra\u00e7\u00f5es de hoje - Not&iacute;cias em Destaque<\/title>\n<meta name=\"robots\" content=\"index, follow, max-snippet:-1, max-image-preview:large, max-video-preview:-1\" \/>\n<link rel=\"canonical\" href=\"https:\/\/noticiasemdestaque.com\/cd\/?p=41079\" \/>\n<meta property=\"og:locale\" content=\"pt_BR\" \/>\n<meta property=\"og:type\" content=\"article\" \/>\n<meta property=\"og:title\" content=\"Amparo Cabra Fest:\u00a0 Chap\u00e9u de Palha. Cezinha Atrevido e Lim\u00e3o com Mel s\u00e3o as atra\u00e7\u00f5es de hoje - Not&iacute;cias em Destaque\" \/>\n<meta property=\"og:description\" content=\"A Prefeitura de Amparo, na gest\u00e3o do prefeito In\u00e1cio N\u00f3brega, est\u00e1 realizando a 4\u00aa edi\u00e7\u00e3o da Amparo Cabra Fest. Na noite desta sexta-feira (15), aconteceram apresenta\u00e7\u00f5es de Boy Vaqueiro, Nanado Alves e Jonas Esticado. Neste s\u00e1bado, dia 16, tem os shows de Chap\u00e9u de Palha, Cezinha Atrevido e Lim\u00e3o com Mel. E encerrando no domingo, a partir das 12h00min, Forr\u00f3 Trio Rock, Vitinho Tornado, Forroz\u00e3o T\u00e1 nas Bases e Marquinhos da Serrinha. O prefeito In\u00e1cio N\u00f3brega refor\u00e7ou o convite para o evento.\u201d Esperamos contar com a presen\u00e7a de um grande p\u00fablico n\u00e3o s\u00f3 nas festas, mas tamb\u00e9m durante todos os dias da exposi\u00e7\u00e3o\u201d, afirmou. Not\u00edcias em Destaque\" \/>\n<meta property=\"og:url\" content=\"https:\/\/noticiasemdestaque.com\/cd\/?p=41079\" \/>\n<meta property=\"og:site_name\" content=\"Not&iacute;cias em Destaque\" \/>\n<meta property=\"article:published_time\" content=\"2022-07-16T17:23:53+00:00\" \/>\n<meta property=\"og:image\" content=\"https:\/\/noticiasemdestaque.com\/cd\/wp-content\/uploads\/2022\/07\/WhatsApp-Image-2022-07-16-at-11.47.11.jpeg\" \/>\n\t<meta property=\"og:image:width\" content=\"1023\" \/>\n\t<meta property=\"og:image:height\" content=\"1280\" \/>\n\t<meta property=\"og:image:type\" content=\"image\/jpeg\" \/>\n<meta name=\"author\" content=\"Not\u00edcias em Destaque\" \/>\n<meta name=\"twitter:card\" content=\"summary_large_image\" \/>\n<meta name=\"twitter:label1\" content=\"Escrito por\" \/>\n\t<meta name=\"twitter:data1\" content=\"Not\u00edcias em Destaque\" \/>\n\t<meta name=\"twitter:label2\" content=\"Est. tempo de leitura\" \/>\n\t<meta name=\"twitter:data2\" content=\"1 minuto\" \/>\n<script type=\"application\/ld+json\" class=\"yoast-schema-graph\">{\"@context\":\"https:\/\/schema.org\",\"@graph\":[{\"@type\":\"Article\",\"@id\":\"https:\/\/noticiasemdestaque.com\/cd\/?p=41079#article\",\"isPartOf\":{\"@id\":\"https:\/\/noticiasemdestaque.com\/cd\/?p=41079\"},\"author\":{\"name\":\"Not\u00edcias em Destaque\",\"@id\":\"https:\/\/noticiasemdestaque.com\/cd\/#\/schema\/person\/45ca272b3e1246ef14ebb78a48dbb218\"},\"headline\":\"Amparo Cabra Fest:\u00a0 Chap\u00e9u de Palha. Cezinha Atrevido e Lim\u00e3o com Mel s\u00e3o as atra\u00e7\u00f5es de hoje\",\"datePublished\":\"2022-07-16T17:23:53+00:00\",\"mainEntityOfPage\":{\"@id\":\"https:\/\/noticiasemdestaque.com\/cd\/?p=41079\"},\"wordCount\":144,\"publisher\":{\"@id\":\"https:\/\/noticiasemdestaque.com\/cd\/#organization\"},\"image\":{\"@id\":\"https:\/\/noticiasemdestaque.com\/cd\/?p=41079#primaryimage\"},\"thumbnailUrl\":\"https:\/\/noticiasemdestaque.com\/cd\/wp-content\/uploads\/2022\/07\/WhatsApp-Image-2022-07-16-at-11.47.11.jpeg\",\"articleSection\":[\"Cidades\"],\"inLanguage\":\"pt-BR\"},{\"@type\":\"WebPage\",\"@id\":\"https:\/\/noticiasemdestaque.com\/cd\/?p=41079\",\"url\":\"https:\/\/noticiasemdestaque.com\/cd\/?p=41079\",\"name\":\"Amparo Cabra Fest:\u00a0 Chap\u00e9u de Palha. Cezinha Atrevido e Lim\u00e3o com Mel s\u00e3o as atra\u00e7\u00f5es de hoje - Not&iacute;cias em Destaque\",\"isPartOf\":{\"@id\":\"https:\/\/noticiasemdestaque.com\/cd\/#website\"},\"primaryImageOfPage\":{\"@id\":\"https:\/\/noticiasemdestaque.com\/cd\/?p=41079#primaryimage\"},\"image\":{\"@id\":\"https:\/\/noticiasemdestaque.com\/cd\/?p=41079#primaryimage\"},\"thumbnailUrl\":\"https:\/\/noticiasemdestaque.com\/cd\/wp-content\/uploads\/2022\/07\/WhatsApp-Image-2022-07-16-at-11.47.11.jpeg\",\"datePublished\":\"2022-07-16T17:23:53+00:00\",\"breadcrumb\":{\"@id\":\"https:\/\/noticiasemdestaque.com\/cd\/?p=41079#breadcrumb\"},\"inLanguage\":\"pt-BR\",\"potentialAction\":[{\"@type\":\"ReadAction\",\"target\":[\"https:\/\/noticiasemdestaque.com\/cd\/?p=41079\"]}]},{\"@type\":\"ImageObject\",\"inLanguage\":\"pt-BR\",\"@id\":\"https:\/\/noticiasemdestaque.com\/cd\/?p=41079#primaryimage\",\"url\":\"https:\/\/noticiasemdestaque.com\/cd\/wp-content\/uploads\/2022\/07\/WhatsApp-Image-2022-07-16-at-11.47.11.jpeg\",\"contentUrl\":\"https:\/\/noticiasemdestaque.com\/cd\/wp-content\/uploads\/2022\/07\/WhatsApp-Image-2022-07-16-at-11.47.11.jpeg\",\"width\":1023,\"height\":1280},{\"@type\":\"BreadcrumbList\",\"@id\":\"https:\/\/noticiasemdestaque.com\/cd\/?p=41079#breadcrumb\",\"itemListElement\":[{\"@type\":\"ListItem\",\"position\":1,\"name\":\"In\u00edcio\",\"item\":\"https:\/\/noticiasemdestaque.com\/cd\/\"},{\"@type\":\"ListItem\",\"position\":2,\"name\":\"Amparo Cabra Fest:\u00a0 Chap\u00e9u de Palha. Cezinha Atrevido e Lim\u00e3o com Mel s\u00e3o as atra\u00e7\u00f5es de hoje\"}]},{\"@type\":\"WebSite\",\"@id\":\"https:\/\/noticiasemdestaque.com\/cd\/#website\",\"url\":\"https:\/\/noticiasemdestaque.com\/cd\/\",\"name\":\"Not&iacute;cias em Destaque\",\"description\":\"\",\"publisher\":{\"@id\":\"https:\/\/noticiasemdestaque.com\/cd\/#organization\"},\"potentialAction\":[{\"@type\":\"SearchAction\",\"target\":{\"@type\":\"EntryPoint\",\"urlTemplate\":\"https:\/\/noticiasemdestaque.com\/cd\/?s={search_term_string}\"},\"query-input\":{\"@type\":\"PropertyValueSpecification\",\"valueRequired\":true,\"valueName\":\"search_term_string\"}}],\"inLanguage\":\"pt-BR\"},{\"@type\":\"Organization\",\"@id\":\"https:\/\/noticiasemdestaque.com\/cd\/#organization\",\"name\":\"Not\u00edcias em Destaque\",\"url\":\"https:\/\/noticiasemdestaque.com\/cd\/\",\"logo\":{\"@type\":\"ImageObject\",\"inLanguage\":\"pt-BR\",\"@id\":\"https:\/\/noticiasemdestaque.com\/cd\/#\/schema\/logo\/image\/\",\"url\":\"https:\/\/noticiasemdestaque.com\/cd\/wp-content\/uploads\/2022\/05\/imagem-base-noticiasemdestaque.png\",\"contentUrl\":\"https:\/\/noticiasemdestaque.com\/cd\/wp-content\/uploads\/2022\/05\/imagem-base-noticiasemdestaque.png\",\"width\":1200,\"height\":630,\"caption\":\"Not\u00edcias em Destaque\"},\"image\":{\"@id\":\"https:\/\/noticiasemdestaque.com\/cd\/#\/schema\/logo\/image\/\"}},{\"@type\":\"Person\",\"@id\":\"https:\/\/noticiasemdestaque.com\/cd\/#\/schema\/person\/45ca272b3e1246ef14ebb78a48dbb218\",\"name\":\"Not\u00edcias em Destaque\",\"url\":\"https:\/\/noticiasemdestaque.com\/cd\/?author=2\"}]}<\/script>\n<!-- \/ Yoast SEO plugin. -->","yoast_head_json":{"title":"Amparo Cabra Fest:\u00a0 Chap\u00e9u de Palha. Cezinha Atrevido e Lim\u00e3o com Mel s\u00e3o as atra\u00e7\u00f5es de hoje - Not&iacute;cias em Destaque","robots":{"index":"index","follow":"follow","max-snippet":"max-snippet:-1","max-image-preview":"max-image-preview:large","max-video-preview":"max-video-preview:-1"},"canonical":"https:\/\/noticiasemdestaque.com\/cd\/?p=41079","og_locale":"pt_BR","og_type":"article","og_title":"Amparo Cabra Fest:\u00a0 Chap\u00e9u de Palha. Cezinha Atrevido e Lim\u00e3o com Mel s\u00e3o as atra\u00e7\u00f5es de hoje - Not&iacute;cias em Destaque","og_description":"A Prefeitura de Amparo, na gest\u00e3o do prefeito In\u00e1cio N\u00f3brega, est\u00e1 realizando a 4\u00aa edi\u00e7\u00e3o da Amparo Cabra Fest. Na noite desta sexta-feira (15), aconteceram apresenta\u00e7\u00f5es de Boy Vaqueiro, Nanado Alves e Jonas Esticado. Neste s\u00e1bado, dia 16, tem os shows de Chap\u00e9u de Palha, Cezinha Atrevido e Lim\u00e3o com Mel. E encerrando no domingo, a partir das 12h00min, Forr\u00f3 Trio Rock, Vitinho Tornado, Forroz\u00e3o T\u00e1 nas Bases e Marquinhos da Serrinha. O prefeito In\u00e1cio N\u00f3brega refor\u00e7ou o convite para o evento.\u201d Esperamos contar com a presen\u00e7a de um grande p\u00fablico n\u00e3o s\u00f3 nas festas, mas tamb\u00e9m durante todos os dias da exposi\u00e7\u00e3o\u201d, afirmou. Not\u00edcias em Destaque","og_url":"https:\/\/noticiasemdestaque.com\/cd\/?p=41079","og_site_name":"Not&iacute;cias em Destaque","article_published_time":"2022-07-16T17:23:53+00:00","og_image":[{"width":1023,"height":1280,"url":"https:\/\/noticiasemdestaque.com\/cd\/wp-content\/uploads\/2022\/07\/WhatsApp-Image-2022-07-16-at-11.47.11.jpeg","type":"image\/jpeg"}],"author":"Not\u00edcias em Destaque","twitter_card":"summary_large_image","twitter_misc":{"Escrito por":"Not\u00edcias em Destaque","Est. tempo de leitura":"1 minuto"},"schema":{"@context":"https:\/\/schema.org","@graph":[{"@type":"Article","@id":"https:\/\/noticiasemdestaque.com\/cd\/?p=41079#article","isPartOf":{"@id":"https:\/\/noticiasemdestaque.com\/cd\/?p=41079"},"author":{"name":"Not\u00edcias em Destaque","@id":"https:\/\/noticiasemdestaque.com\/cd\/#\/schema\/person\/45ca272b3e1246ef14ebb78a48dbb218"},"headline":"Amparo Cabra Fest:\u00a0 Chap\u00e9u de Palha. Cezinha Atrevido e Lim\u00e3o com Mel s\u00e3o as atra\u00e7\u00f5es de hoje","datePublished":"2022-07-16T17:23:53+00:00","mainEntityOfPage":{"@id":"https:\/\/noticiasemdestaque.com\/cd\/?p=41079"},"wordCount":144,"publisher":{"@id":"https:\/\/noticiasemdestaque.com\/cd\/#organization"},"image":{"@id":"https:\/\/noticiasemdestaque.com\/cd\/?p=41079#primaryimage"},"thumbnailUrl":"https:\/\/noticiasemdestaque.com\/cd\/wp-content\/uploads\/2022\/07\/WhatsApp-Image-2022-07-16-at-11.47.11.jpeg","articleSection":["Cidades"],"inLanguage":"pt-BR"},{"@type":"WebPage","@id":"https:\/\/noticiasemdestaque.com\/cd\/?p=41079","url":"https:\/\/noticiasemdestaque.com\/cd\/?p=41079","name":"Amparo Cabra Fest:\u00a0 Chap\u00e9u de Palha. Cezinha Atrevido e Lim\u00e3o com Mel s\u00e3o as atra\u00e7\u00f5es de hoje - Not&iacute;cias em Destaque","isPartOf":{"@id":"https:\/\/noticiasemdestaque.com\/cd\/#website"},"primaryImageOfPage":{"@id":"https:\/\/noticiasemdestaque.com\/cd\/?p=41079#primaryimage"},"image":{"@id":"https:\/\/noticiasemdestaque.com\/cd\/?p=41079#primaryimage"},"thumbnailUrl":"https:\/\/noticiasemdestaque.com\/cd\/wp-content\/uploads\/2022\/07\/WhatsApp-Image-2022-07-16-at-11.47.11.jpeg","datePublished":"2022-07-16T17:23:53+00:00","breadcrumb":{"@id":"https:\/\/noticiasemdestaque.com\/cd\/?p=41079#breadcrumb"},"inLanguage":"pt-BR","potentialAction":[{"@type":"ReadAction","target":["https:\/\/noticiasemdestaque.com\/cd\/?p=41079"]}]},{"@type":"ImageObject","inLanguage":"pt-BR","@id":"https:\/\/noticiasemdestaque.com\/cd\/?p=41079#primaryimage","url":"https:\/\/noticiasemdestaque.com\/cd\/wp-content\/uploads\/2022\/07\/WhatsApp-Image-2022-07-16-at-11.47.11.jpeg","contentUrl":"https:\/\/noticiasemdestaque.com\/cd\/wp-content\/uploads\/2022\/07\/WhatsApp-Image-2022-07-16-at-11.47.11.jpeg","width":1023,"height":1280},{"@type":"BreadcrumbList","@id":"https:\/\/noticiasemdestaque.com\/cd\/?p=41079#breadcrumb","itemListElement":[{"@type":"ListItem","position":1,"name":"In\u00edcio","item":"https:\/\/noticiasemdestaque.com\/cd\/"},{"@type":"ListItem","position":2,"name":"Amparo Cabra Fest:\u00a0 Chap\u00e9u de Palha. Cezinha Atrevido e Lim\u00e3o com Mel s\u00e3o as atra\u00e7\u00f5es de hoje"}]},{"@type":"WebSite","@id":"https:\/\/noticiasemdestaque.com\/cd\/#website","url":"https:\/\/noticiasemdestaque.com\/cd\/","name":"Not&iacute;cias em Destaque","description":"","publisher":{"@id":"https:\/\/noticiasemdestaque.com\/cd\/#organization"},"potentialAction":[{"@type":"SearchAction","target":{"@type":"EntryPoint","urlTemplate":"https:\/\/noticiasemdestaque.com\/cd\/?s={search_term_string}"},"query-input":{"@type":"PropertyValueSpecification","valueRequired":true,"valueName":"search_term_string"}}],"inLanguage":"pt-BR"},{"@type":"Organization","@id":"https:\/\/noticiasemdestaque.com\/cd\/#organization","name":"Not\u00edcias em Destaque","url":"https:\/\/noticiasemdestaque.com\/cd\/","logo":{"@type":"ImageObject","inLanguage":"pt-BR","@id":"https:\/\/noticiasemdestaque.com\/cd\/#\/schema\/logo\/image\/","url":"https:\/\/noticiasemdestaque.com\/cd\/wp-content\/uploads\/2022\/05\/imagem-base-noticiasemdestaque.png","contentUrl":"https:\/\/noticiasemdestaque.com\/cd\/wp-content\/uploads\/2022\/05\/imagem-base-noticiasemdestaque.png","width":1200,"height":630,"caption":"Not\u00edcias em Destaque"},"image":{"@id":"https:\/\/noticiasemdestaque.com\/cd\/#\/schema\/logo\/image\/"}},{"@type":"Person","@id":"https:\/\/noticiasemdestaque.com\/cd\/#\/schema\/person\/45ca272b3e1246ef14ebb78a48dbb218","name":"Not\u00edcias em Destaque","url":"https:\/\/noticiasemdestaque.com\/cd\/?author=2"}]}},"jetpack_featured_media_url":"https:\/\/noticiasemdestaque.com\/cd\/wp-content\/uploads\/2022\/07\/WhatsApp-Image-2022-07-16-at-11.47.11.jpeg","jetpack_sharing_enabled":true,"_links":{"self":[{"href":"https:\/\/noticiasemdestaque.com\/cd\/index.php?rest_route=\/wp\/v2\/posts\/41079","targetHints":{"allow":["GET"]}}],"collection":[{"href":"https:\/\/noticiasemdestaque.com\/cd\/index.php?rest_route=\/wp\/v2\/posts"}],"about":[{"href":"https:\/\/noticiasemdestaque.com\/cd\/index.php?rest_route=\/wp\/v2\/types\/post"}],"author":[{"embeddable":true,"href":"https:\/\/noticiasemdestaque.com\/cd\/index.php?rest_route=\/wp\/v2\/users\/2"}],"replies":[{"embeddable":true,"href":"https:\/\/noticiasemdestaque.com\/cd\/index.php?rest_route=%2Fwp%2Fv2%2Fcomments&post=41079"}],"version-history":[{"count":1,"href":"https:\/\/noticiasemdestaque.com\/cd\/index.php?rest_route=\/wp\/v2\/posts\/41079\/revisions"}],"predecessor-version":[{"id":41082,"href":"https:\/\/noticiasemdestaque.com\/cd\/index.php?rest_route=\/wp\/v2\/posts\/41079\/revisions\/41082"}],"wp:featuredmedia":[{"embeddable":true,"href":"https:\/\/noticiasemdestaque.com\/cd\/index.php?rest_route=\/wp\/v2\/media\/41080"}],"wp:attachment":[{"href":"https:\/\/noticiasemdestaque.com\/cd\/index.php?rest_route=%2Fwp%2Fv2%2Fmedia&parent=41079"}],"wp:term":[{"taxonomy":"category","embeddable":true,"href":"https:\/\/noticiasemdestaque.com\/cd\/index.php?rest_route=%2Fwp%2Fv2%2Fcategories&post=41079"},{"taxonomy":"post_tag","embeddable":true,"href":"https:\/\/noticiasemdestaque.com\/cd\/index.php?rest_route=%2Fwp%2Fv2%2Ftags&post=41079"}],"curies":[{"name":"wp","href":"https:\/\/api.w.org\/{rel}","templated":true}]}}