{"id":41038,"date":"2022-07-15T10:20:49","date_gmt":"2022-07-15T13:20:49","guid":{"rendered":"https:\/\/noticiasemdestaque.com\/cd\/?p=41038"},"modified":"2022-07-15T10:20:49","modified_gmt":"2022-07-15T13:20:49","slug":"deu-inicio-a-recuperacao-e-ampliacao-do-sistema-de-esgotamento-em-prata","status":"publish","type":"post","link":"https:\/\/noticiasemdestaque.com\/cd\/?p=41038","title":{"rendered":"Deu in\u00edcio a recupera\u00e7\u00e3o e amplia\u00e7\u00e3o do sistema de esgotamento em Prata"},"content":{"rendered":"<article class=\"my-wrapz\">\n<div class=\"post-detail\">\n<div id=\"post-body-5497686490257886500\" class=\"post-body entry-content\">\n<p><a href=\"https:\/\/noticiasemdestaque.com\/cd\/wp-content\/uploads\/2022\/07\/sistema-de-esgotamento-obra-prata.jpg\"><img fetchpriority=\"high\" decoding=\"async\" class=\"alignnone  wp-image-41039\" src=\"https:\/\/noticiasemdestaque.com\/cd\/wp-content\/uploads\/2022\/07\/sistema-de-esgotamento-obra-prata-300x135.jpg\" alt=\"\" width=\"813\" height=\"366\" srcset=\"https:\/\/noticiasemdestaque.com\/cd\/wp-content\/uploads\/2022\/07\/sistema-de-esgotamento-obra-prata-300x135.jpg 300w, https:\/\/noticiasemdestaque.com\/cd\/wp-content\/uploads\/2022\/07\/sistema-de-esgotamento-obra-prata-1024x461.jpg 1024w, https:\/\/noticiasemdestaque.com\/cd\/wp-content\/uploads\/2022\/07\/sistema-de-esgotamento-obra-prata-768x346.jpg 768w, https:\/\/noticiasemdestaque.com\/cd\/wp-content\/uploads\/2022\/07\/sistema-de-esgotamento-obra-prata-1536x691.jpg 1536w, https:\/\/noticiasemdestaque.com\/cd\/wp-content\/uploads\/2022\/07\/sistema-de-esgotamento-obra-prata-18x8.jpg 18w, https:\/\/noticiasemdestaque.com\/cd\/wp-content\/uploads\/2022\/07\/sistema-de-esgotamento-obra-prata.jpg 1600w\" sizes=\"(max-width: 813px) 100vw, 813px\" \/><\/a><\/p>\n<p>A Companhia de \u00c1gua e Esgotos da Para\u00edba (Cagepa) j\u00e1 iniciou a recupera\u00e7\u00e3o e amplia\u00e7\u00e3o do sistema de esgotamento no munic\u00edpio da Prata. A prefeitura de Prata vinha a mais de anos nessa luta para conseguir com a Cagepa essa realiza\u00e7\u00e3o toda recupera\u00e7\u00e3o das lagoas de Decanta\u00e7\u00e3o, torre de eleva\u00e7\u00e3o e extens\u00e3o de rede.<\/p>\n<div class=\"separator\"><a href=\"https:\/\/blogger.googleusercontent.com\/img\/b\/R29vZ2xl\/AVvXsEgzFH61ljDwb59m2JblwiJDMAsiIgrUk3KSlFnpZXiR0V_7R3cQK-GkDuFLybQ1qKS-9yskS_VmoThLRDFwpsth-ms5UyCscRxrTyFLe64HMQKTYWKdn3USIMUR6r6NUV_M5lzk_LnbpH57Q6JDzAFUL8gBDs-BKBApwqd7xlNQj5rYpLd0yPCvVsLhzA\/s4624\/IMG_20220714_101849.jpg\"><img decoding=\"async\" src=\"https:\/\/blogger.googleusercontent.com\/img\/b\/R29vZ2xl\/AVvXsEgzFH61ljDwb59m2JblwiJDMAsiIgrUk3KSlFnpZXiR0V_7R3cQK-GkDuFLybQ1qKS-9yskS_VmoThLRDFwpsth-ms5UyCscRxrTyFLe64HMQKTYWKdn3USIMUR6r6NUV_M5lzk_LnbpH57Q6JDzAFUL8gBDs-BKBApwqd7xlNQj5rYpLd0yPCvVsLhzA\/s320\/IMG_20220714_101849.jpg\" width=\"320\" height=\"144\" border=\"0\" data-original-height=\"2080\" data-original-width=\"4624\" \/><\/a><\/div>\n<p>As a\u00e7\u00f5es desse investimento chega a mais de 2 milh\u00f5es , isso gra\u00e7as ao Governador Jo\u00e3o Azevedo.<\/p>\n<div class=\"separator\"><iframe id=\"BLOGGER-video-c1df5676c4f16b1d-103\" class=\"b-hbp-video b-uploaded\" src=\"https:\/\/www.blogger.com\/video.g?token=AD6v5dx-MnskVMQSO_zrsJybpBZWkCs3hwYcFdB1qKHFT05f0QmWDRUVKYLPJ73-j-5rXbLaBPSjc42trytmBL2FTVzHyZqDp_LOGusLzQeeBXT6BwVoQ9Ui_LWXpOzaGzBFmFfXHw\" width=\"320\" height=\"266\" frameborder=\"0\" allowfullscreen=\"allowfullscreen\" data-mce-fragment=\"1\"><\/iframe><\/div>\n<p>O prefeito Genivaldo Temb\u00f3rio agradece mais uma vez pelo Governador Jo\u00e3o Azevedo por ter atendido\u00a0 todas as nossas demandas para nosso munic\u00edpio.<\/p>\n<\/div>\n<\/div>\n<\/article>\n<div><strong>Noticias em Destaque<\/strong><\/div>\n<div style=\"text-align: right;\"><em>Fonte: Portal Cariri PB<\/em><\/div>\n","protected":false},"excerpt":{"rendered":"<p>A Companhia de \u00c1gua e Esgotos da Para\u00edba (Cagepa) j\u00e1 iniciou a recupera\u00e7\u00e3o e amplia\u00e7\u00e3o do sistema de esgotamento no munic\u00edpio da Prata. A prefeitura de Prata vinha a mais de anos nessa luta para conseguir com a Cagepa essa realiza\u00e7\u00e3o toda recupera\u00e7\u00e3o das lagoas de Decanta\u00e7\u00e3o, torre de eleva\u00e7\u00e3o e extens\u00e3o de rede. As a\u00e7\u00f5es desse investimento chega a mais de 2 milh\u00f5es , isso gra\u00e7as ao Governador Jo\u00e3o Azevedo. O prefeito Genivaldo Temb\u00f3rio agradece mais uma vez pelo Governador Jo\u00e3o Azevedo por ter atendido\u00a0 todas as nossas demandas para nosso munic\u00edpio. Noticias em Destaque Fonte: Portal Cariri PB<\/p>\n","protected":false},"author":2,"featured_media":41039,"comment_status":"closed","ping_status":"open","sticky":false,"template":"","format":"standard","meta":{"_eb_attr":"","_jetpack_memberships_contains_paid_content":false,"footnotes":""},"categories":[3],"tags":[],"class_list":["post-41038","post","type-post","status-publish","format-standard","has-post-thumbnail","hentry","category-cidades"],"yoast_head":"<!-- This site is optimized with the Yoast SEO plugin v26.5 - https:\/\/yoast.com\/wordpress\/plugins\/seo\/ -->\n<title>Deu in\u00edcio a recupera\u00e7\u00e3o e amplia\u00e7\u00e3o do sistema de esgotamento em Prata - Not&iacute;cias em Destaque<\/title>\n<meta name=\"robots\" content=\"index, follow, max-snippet:-1, max-image-preview:large, max-video-preview:-1\" \/>\n<link rel=\"canonical\" href=\"https:\/\/noticiasemdestaque.com\/cd\/?p=41038\" \/>\n<meta property=\"og:locale\" content=\"pt_BR\" \/>\n<meta property=\"og:type\" content=\"article\" \/>\n<meta property=\"og:title\" content=\"Deu in\u00edcio a recupera\u00e7\u00e3o e amplia\u00e7\u00e3o do sistema de esgotamento em Prata - Not&iacute;cias em Destaque\" \/>\n<meta property=\"og:description\" content=\"A Companhia de \u00c1gua e Esgotos da Para\u00edba (Cagepa) j\u00e1 iniciou a recupera\u00e7\u00e3o e amplia\u00e7\u00e3o do sistema de esgotamento no munic\u00edpio da Prata. A prefeitura de Prata vinha a mais de anos nessa luta para conseguir com a Cagepa essa realiza\u00e7\u00e3o toda recupera\u00e7\u00e3o das lagoas de Decanta\u00e7\u00e3o, torre de eleva\u00e7\u00e3o e extens\u00e3o de rede. As a\u00e7\u00f5es desse investimento chega a mais de 2 milh\u00f5es , isso gra\u00e7as ao Governador Jo\u00e3o Azevedo. O prefeito Genivaldo Temb\u00f3rio agradece mais uma vez pelo Governador Jo\u00e3o Azevedo por ter atendido\u00a0 todas as nossas demandas para nosso munic\u00edpio. Noticias em Destaque Fonte: Portal Cariri PB\" \/>\n<meta property=\"og:url\" content=\"https:\/\/noticiasemdestaque.com\/cd\/?p=41038\" \/>\n<meta property=\"og:site_name\" content=\"Not&iacute;cias em Destaque\" \/>\n<meta property=\"article:published_time\" content=\"2022-07-15T13:20:49+00:00\" \/>\n<meta property=\"og:image\" content=\"https:\/\/noticiasemdestaque.com\/cd\/wp-content\/uploads\/2022\/07\/sistema-de-esgotamento-obra-prata.jpg\" \/>\n\t<meta property=\"og:image:width\" content=\"1600\" \/>\n\t<meta property=\"og:image:height\" content=\"720\" \/>\n\t<meta property=\"og:image:type\" content=\"image\/jpeg\" \/>\n<meta name=\"author\" content=\"Not\u00edcias em Destaque\" \/>\n<meta name=\"twitter:card\" content=\"summary_large_image\" \/>\n<meta name=\"twitter:label1\" content=\"Escrito por\" \/>\n\t<meta name=\"twitter:data1\" content=\"Not\u00edcias em Destaque\" \/>\n\t<meta name=\"twitter:label2\" content=\"Est. tempo de leitura\" \/>\n\t<meta name=\"twitter:data2\" content=\"1 minuto\" \/>\n<script type=\"application\/ld+json\" class=\"yoast-schema-graph\">{\"@context\":\"https:\/\/schema.org\",\"@graph\":[{\"@type\":\"Article\",\"@id\":\"https:\/\/noticiasemdestaque.com\/cd\/?p=41038#article\",\"isPartOf\":{\"@id\":\"https:\/\/noticiasemdestaque.com\/cd\/?p=41038\"},\"author\":{\"name\":\"Not\u00edcias em Destaque\",\"@id\":\"https:\/\/noticiasemdestaque.com\/cd\/#\/schema\/person\/45ca272b3e1246ef14ebb78a48dbb218\"},\"headline\":\"Deu in\u00edcio a recupera\u00e7\u00e3o e amplia\u00e7\u00e3o do sistema de esgotamento em Prata\",\"datePublished\":\"2022-07-15T13:20:49+00:00\",\"mainEntityOfPage\":{\"@id\":\"https:\/\/noticiasemdestaque.com\/cd\/?p=41038\"},\"wordCount\":129,\"publisher\":{\"@id\":\"https:\/\/noticiasemdestaque.com\/cd\/#organization\"},\"image\":{\"@id\":\"https:\/\/noticiasemdestaque.com\/cd\/?p=41038#primaryimage\"},\"thumbnailUrl\":\"https:\/\/noticiasemdestaque.com\/cd\/wp-content\/uploads\/2022\/07\/sistema-de-esgotamento-obra-prata.jpg\",\"articleSection\":[\"Cidades\"],\"inLanguage\":\"pt-BR\"},{\"@type\":\"WebPage\",\"@id\":\"https:\/\/noticiasemdestaque.com\/cd\/?p=41038\",\"url\":\"https:\/\/noticiasemdestaque.com\/cd\/?p=41038\",\"name\":\"Deu in\u00edcio a recupera\u00e7\u00e3o e amplia\u00e7\u00e3o do sistema de esgotamento em Prata - Not&iacute;cias em Destaque\",\"isPartOf\":{\"@id\":\"https:\/\/noticiasemdestaque.com\/cd\/#website\"},\"primaryImageOfPage\":{\"@id\":\"https:\/\/noticiasemdestaque.com\/cd\/?p=41038#primaryimage\"},\"image\":{\"@id\":\"https:\/\/noticiasemdestaque.com\/cd\/?p=41038#primaryimage\"},\"thumbnailUrl\":\"https:\/\/noticiasemdestaque.com\/cd\/wp-content\/uploads\/2022\/07\/sistema-de-esgotamento-obra-prata.jpg\",\"datePublished\":\"2022-07-15T13:20:49+00:00\",\"breadcrumb\":{\"@id\":\"https:\/\/noticiasemdestaque.com\/cd\/?p=41038#breadcrumb\"},\"inLanguage\":\"pt-BR\",\"potentialAction\":[{\"@type\":\"ReadAction\",\"target\":[\"https:\/\/noticiasemdestaque.com\/cd\/?p=41038\"]}]},{\"@type\":\"ImageObject\",\"inLanguage\":\"pt-BR\",\"@id\":\"https:\/\/noticiasemdestaque.com\/cd\/?p=41038#primaryimage\",\"url\":\"https:\/\/noticiasemdestaque.com\/cd\/wp-content\/uploads\/2022\/07\/sistema-de-esgotamento-obra-prata.jpg\",\"contentUrl\":\"https:\/\/noticiasemdestaque.com\/cd\/wp-content\/uploads\/2022\/07\/sistema-de-esgotamento-obra-prata.jpg\",\"width\":1600,\"height\":720},{\"@type\":\"BreadcrumbList\",\"@id\":\"https:\/\/noticiasemdestaque.com\/cd\/?p=41038#breadcrumb\",\"itemListElement\":[{\"@type\":\"ListItem\",\"position\":1,\"name\":\"In\u00edcio\",\"item\":\"https:\/\/noticiasemdestaque.com\/cd\/\"},{\"@type\":\"ListItem\",\"position\":2,\"name\":\"Deu in\u00edcio a recupera\u00e7\u00e3o e amplia\u00e7\u00e3o do sistema de esgotamento em Prata\"}]},{\"@type\":\"WebSite\",\"@id\":\"https:\/\/noticiasemdestaque.com\/cd\/#website\",\"url\":\"https:\/\/noticiasemdestaque.com\/cd\/\",\"name\":\"Not&iacute;cias em Destaque\",\"description\":\"\",\"publisher\":{\"@id\":\"https:\/\/noticiasemdestaque.com\/cd\/#organization\"},\"potentialAction\":[{\"@type\":\"SearchAction\",\"target\":{\"@type\":\"EntryPoint\",\"urlTemplate\":\"https:\/\/noticiasemdestaque.com\/cd\/?s={search_term_string}\"},\"query-input\":{\"@type\":\"PropertyValueSpecification\",\"valueRequired\":true,\"valueName\":\"search_term_string\"}}],\"inLanguage\":\"pt-BR\"},{\"@type\":\"Organization\",\"@id\":\"https:\/\/noticiasemdestaque.com\/cd\/#organization\",\"name\":\"Not\u00edcias em Destaque\",\"url\":\"https:\/\/noticiasemdestaque.com\/cd\/\",\"logo\":{\"@type\":\"ImageObject\",\"inLanguage\":\"pt-BR\",\"@id\":\"https:\/\/noticiasemdestaque.com\/cd\/#\/schema\/logo\/image\/\",\"url\":\"https:\/\/noticiasemdestaque.com\/cd\/wp-content\/uploads\/2022\/05\/imagem-base-noticiasemdestaque.png\",\"contentUrl\":\"https:\/\/noticiasemdestaque.com\/cd\/wp-content\/uploads\/2022\/05\/imagem-base-noticiasemdestaque.png\",\"width\":1200,\"height\":630,\"caption\":\"Not\u00edcias em Destaque\"},\"image\":{\"@id\":\"https:\/\/noticiasemdestaque.com\/cd\/#\/schema\/logo\/image\/\"}},{\"@type\":\"Person\",\"@id\":\"https:\/\/noticiasemdestaque.com\/cd\/#\/schema\/person\/45ca272b3e1246ef14ebb78a48dbb218\",\"name\":\"Not\u00edcias em Destaque\",\"url\":\"https:\/\/noticiasemdestaque.com\/cd\/?author=2\"}]}<\/script>\n<!-- \/ Yoast SEO plugin. -->","yoast_head_json":{"title":"Deu in\u00edcio a recupera\u00e7\u00e3o e amplia\u00e7\u00e3o do sistema de esgotamento em Prata - Not&iacute;cias em Destaque","robots":{"index":"index","follow":"follow","max-snippet":"max-snippet:-1","max-image-preview":"max-image-preview:large","max-video-preview":"max-video-preview:-1"},"canonical":"https:\/\/noticiasemdestaque.com\/cd\/?p=41038","og_locale":"pt_BR","og_type":"article","og_title":"Deu in\u00edcio a recupera\u00e7\u00e3o e amplia\u00e7\u00e3o do sistema de esgotamento em Prata - Not&iacute;cias em Destaque","og_description":"A Companhia de \u00c1gua e Esgotos da Para\u00edba (Cagepa) j\u00e1 iniciou a recupera\u00e7\u00e3o e amplia\u00e7\u00e3o do sistema de esgotamento no munic\u00edpio da Prata. A prefeitura de Prata vinha a mais de anos nessa luta para conseguir com a Cagepa essa realiza\u00e7\u00e3o toda recupera\u00e7\u00e3o das lagoas de Decanta\u00e7\u00e3o, torre de eleva\u00e7\u00e3o e extens\u00e3o de rede. As a\u00e7\u00f5es desse investimento chega a mais de 2 milh\u00f5es , isso gra\u00e7as ao Governador Jo\u00e3o Azevedo. O prefeito Genivaldo Temb\u00f3rio agradece mais uma vez pelo Governador Jo\u00e3o Azevedo por ter atendido\u00a0 todas as nossas demandas para nosso munic\u00edpio. Noticias em Destaque Fonte: Portal Cariri PB","og_url":"https:\/\/noticiasemdestaque.com\/cd\/?p=41038","og_site_name":"Not&iacute;cias em Destaque","article_published_time":"2022-07-15T13:20:49+00:00","og_image":[{"width":1600,"height":720,"url":"https:\/\/noticiasemdestaque.com\/cd\/wp-content\/uploads\/2022\/07\/sistema-de-esgotamento-obra-prata.jpg","type":"image\/jpeg"}],"author":"Not\u00edcias em Destaque","twitter_card":"summary_large_image","twitter_misc":{"Escrito por":"Not\u00edcias em Destaque","Est. tempo de leitura":"1 minuto"},"schema":{"@context":"https:\/\/schema.org","@graph":[{"@type":"Article","@id":"https:\/\/noticiasemdestaque.com\/cd\/?p=41038#article","isPartOf":{"@id":"https:\/\/noticiasemdestaque.com\/cd\/?p=41038"},"author":{"name":"Not\u00edcias em Destaque","@id":"https:\/\/noticiasemdestaque.com\/cd\/#\/schema\/person\/45ca272b3e1246ef14ebb78a48dbb218"},"headline":"Deu in\u00edcio a recupera\u00e7\u00e3o e amplia\u00e7\u00e3o do sistema de esgotamento em Prata","datePublished":"2022-07-15T13:20:49+00:00","mainEntityOfPage":{"@id":"https:\/\/noticiasemdestaque.com\/cd\/?p=41038"},"wordCount":129,"publisher":{"@id":"https:\/\/noticiasemdestaque.com\/cd\/#organization"},"image":{"@id":"https:\/\/noticiasemdestaque.com\/cd\/?p=41038#primaryimage"},"thumbnailUrl":"https:\/\/noticiasemdestaque.com\/cd\/wp-content\/uploads\/2022\/07\/sistema-de-esgotamento-obra-prata.jpg","articleSection":["Cidades"],"inLanguage":"pt-BR"},{"@type":"WebPage","@id":"https:\/\/noticiasemdestaque.com\/cd\/?p=41038","url":"https:\/\/noticiasemdestaque.com\/cd\/?p=41038","name":"Deu in\u00edcio a recupera\u00e7\u00e3o e amplia\u00e7\u00e3o do sistema de esgotamento em Prata - Not&iacute;cias em Destaque","isPartOf":{"@id":"https:\/\/noticiasemdestaque.com\/cd\/#website"},"primaryImageOfPage":{"@id":"https:\/\/noticiasemdestaque.com\/cd\/?p=41038#primaryimage"},"image":{"@id":"https:\/\/noticiasemdestaque.com\/cd\/?p=41038#primaryimage"},"thumbnailUrl":"https:\/\/noticiasemdestaque.com\/cd\/wp-content\/uploads\/2022\/07\/sistema-de-esgotamento-obra-prata.jpg","datePublished":"2022-07-15T13:20:49+00:00","breadcrumb":{"@id":"https:\/\/noticiasemdestaque.com\/cd\/?p=41038#breadcrumb"},"inLanguage":"pt-BR","potentialAction":[{"@type":"ReadAction","target":["https:\/\/noticiasemdestaque.com\/cd\/?p=41038"]}]},{"@type":"ImageObject","inLanguage":"pt-BR","@id":"https:\/\/noticiasemdestaque.com\/cd\/?p=41038#primaryimage","url":"https:\/\/noticiasemdestaque.com\/cd\/wp-content\/uploads\/2022\/07\/sistema-de-esgotamento-obra-prata.jpg","contentUrl":"https:\/\/noticiasemdestaque.com\/cd\/wp-content\/uploads\/2022\/07\/sistema-de-esgotamento-obra-prata.jpg","width":1600,"height":720},{"@type":"BreadcrumbList","@id":"https:\/\/noticiasemdestaque.com\/cd\/?p=41038#breadcrumb","itemListElement":[{"@type":"ListItem","position":1,"name":"In\u00edcio","item":"https:\/\/noticiasemdestaque.com\/cd\/"},{"@type":"ListItem","position":2,"name":"Deu in\u00edcio a recupera\u00e7\u00e3o e amplia\u00e7\u00e3o do sistema de esgotamento em Prata"}]},{"@type":"WebSite","@id":"https:\/\/noticiasemdestaque.com\/cd\/#website","url":"https:\/\/noticiasemdestaque.com\/cd\/","name":"Not&iacute;cias em Destaque","description":"","publisher":{"@id":"https:\/\/noticiasemdestaque.com\/cd\/#organization"},"potentialAction":[{"@type":"SearchAction","target":{"@type":"EntryPoint","urlTemplate":"https:\/\/noticiasemdestaque.com\/cd\/?s={search_term_string}"},"query-input":{"@type":"PropertyValueSpecification","valueRequired":true,"valueName":"search_term_string"}}],"inLanguage":"pt-BR"},{"@type":"Organization","@id":"https:\/\/noticiasemdestaque.com\/cd\/#organization","name":"Not\u00edcias em Destaque","url":"https:\/\/noticiasemdestaque.com\/cd\/","logo":{"@type":"ImageObject","inLanguage":"pt-BR","@id":"https:\/\/noticiasemdestaque.com\/cd\/#\/schema\/logo\/image\/","url":"https:\/\/noticiasemdestaque.com\/cd\/wp-content\/uploads\/2022\/05\/imagem-base-noticiasemdestaque.png","contentUrl":"https:\/\/noticiasemdestaque.com\/cd\/wp-content\/uploads\/2022\/05\/imagem-base-noticiasemdestaque.png","width":1200,"height":630,"caption":"Not\u00edcias em Destaque"},"image":{"@id":"https:\/\/noticiasemdestaque.com\/cd\/#\/schema\/logo\/image\/"}},{"@type":"Person","@id":"https:\/\/noticiasemdestaque.com\/cd\/#\/schema\/person\/45ca272b3e1246ef14ebb78a48dbb218","name":"Not\u00edcias em Destaque","url":"https:\/\/noticiasemdestaque.com\/cd\/?author=2"}]}},"jetpack_featured_media_url":"https:\/\/noticiasemdestaque.com\/cd\/wp-content\/uploads\/2022\/07\/sistema-de-esgotamento-obra-prata.jpg","jetpack_sharing_enabled":true,"_links":{"self":[{"href":"https:\/\/noticiasemdestaque.com\/cd\/index.php?rest_route=\/wp\/v2\/posts\/41038","targetHints":{"allow":["GET"]}}],"collection":[{"href":"https:\/\/noticiasemdestaque.com\/cd\/index.php?rest_route=\/wp\/v2\/posts"}],"about":[{"href":"https:\/\/noticiasemdestaque.com\/cd\/index.php?rest_route=\/wp\/v2\/types\/post"}],"author":[{"embeddable":true,"href":"https:\/\/noticiasemdestaque.com\/cd\/index.php?rest_route=\/wp\/v2\/users\/2"}],"replies":[{"embeddable":true,"href":"https:\/\/noticiasemdestaque.com\/cd\/index.php?rest_route=%2Fwp%2Fv2%2Fcomments&post=41038"}],"version-history":[{"count":1,"href":"https:\/\/noticiasemdestaque.com\/cd\/index.php?rest_route=\/wp\/v2\/posts\/41038\/revisions"}],"predecessor-version":[{"id":41040,"href":"https:\/\/noticiasemdestaque.com\/cd\/index.php?rest_route=\/wp\/v2\/posts\/41038\/revisions\/41040"}],"wp:featuredmedia":[{"embeddable":true,"href":"https:\/\/noticiasemdestaque.com\/cd\/index.php?rest_route=\/wp\/v2\/media\/41039"}],"wp:attachment":[{"href":"https:\/\/noticiasemdestaque.com\/cd\/index.php?rest_route=%2Fwp%2Fv2%2Fmedia&parent=41038"}],"wp:term":[{"taxonomy":"category","embeddable":true,"href":"https:\/\/noticiasemdestaque.com\/cd\/index.php?rest_route=%2Fwp%2Fv2%2Fcategories&post=41038"},{"taxonomy":"post_tag","embeddable":true,"href":"https:\/\/noticiasemdestaque.com\/cd\/index.php?rest_route=%2Fwp%2Fv2%2Ftags&post=41038"}],"curies":[{"name":"wp","href":"https:\/\/api.w.org\/{rel}","templated":true}]}}