{"id":4101,"date":"2017-09-07T08:24:13","date_gmt":"2017-09-07T11:24:13","guid":{"rendered":"http:\/\/caririemdestaque.com\/cd\/?p=4101"},"modified":"2017-09-07T08:34:52","modified_gmt":"2017-09-07T11:34:52","slug":"tce-pb-bloqueia-contas-bancarias-de-duas-prefeituras-e-duas-camaras-municipais","status":"publish","type":"post","link":"https:\/\/noticiasemdestaque.com\/cd\/?p=4101","title":{"rendered":"TCE-PB bloqueia contas banc\u00e1rias de duas Prefeituras e duas C\u00e2maras Municipais"},"content":{"rendered":"<p><a href=\"http:\/\/caririemdestaque.com\/cd\/wp-content\/uploads\/2017\/09\/tce-300x225.jpg\"><img fetchpriority=\"high\" decoding=\"async\" class=\"wp-image-4102 size-medium alignleft\" src=\"http:\/\/caririemdestaque.com\/cd\/wp-content\/uploads\/2017\/09\/tce-300x225-300x225.jpg\" alt=\"\" width=\"300\" height=\"225\" \/><\/a>O Tribunal de Contas da Para\u00edba determinou, na manh\u00e3 desta quarta-feira (06), o bloqueio das contas banc\u00e1rias das prefeituras de Jeric\u00f3 e S\u00e3o Jos\u00e9 do Brejo do Cruz, por n\u00e3o terem enviado \u00e0 Corte, no prazo determinado, seus balancetes referentes ao m\u00eas de julho\/2017. A medida tamb\u00e9m alcan\u00e7a, pela mesma raz\u00e3o, as C\u00e2maras Municipais de Pil\u00f5es e Quixaba.<\/p>\n<p>O prazo para entrega da documenta\u00e7\u00e3o se expirou na quinta-feira passada, 31 de agosto. Cada balancete mensal das unidades gestoras deve ser entregue ao Tribunal at\u00e9 o final do m\u00eas subseq\u00fcente, conforme lembrou o conselheiro presidente do TCE, Andr\u00e9 Carlo Torres, ao comunicar o bloqueio aos demais conselheiros, durante a sess\u00e3o do Pleno.<\/p>\n<p>Os of\u00edcios encaminhados pela presid\u00eancia da Corte \u00e0s superintend\u00eancias, no estado, do Banco do Brasil e da Caixa Econ\u00f4mica Federal, ressaltam que o bloqueio implica \u201ca total impossibilidade de movimenta\u00e7\u00e3o da conta, atrav\u00e9s de cheques ou qualquer outro documento h\u00e1bil\u201d.<\/p>\n<p>Fica autorizada, por\u00e9m, conforme os comunicados, apenas \u201ca realiza\u00e7\u00e3o de dep\u00f3sitos ou transfer\u00eancias para aplica\u00e7\u00e3o financeira que preserve o poder aquisitivo dos recursos\u201d. E advertem que a suspens\u00e3o dos bloqueios respectivos s\u00f3 poder\u00e1 ser feita com autoriza\u00e7\u00e3o do Tribunal.<\/p>\n<p>Ascom-TCE<\/p>\n","protected":false},"excerpt":{"rendered":"<p>O Tribunal de Contas da Para\u00edba determinou, na manh\u00e3 desta quarta-feira (06), o bloqueio das contas banc\u00e1rias das prefeituras de Jeric\u00f3 e S\u00e3o Jos\u00e9 do Brejo do Cruz, por n\u00e3o terem enviado \u00e0 Corte, no prazo determinado, seus balancetes referentes ao m\u00eas de julho\/2017. A medida tamb\u00e9m alcan\u00e7a, pela mesma raz\u00e3o, as C\u00e2maras Municipais de Pil\u00f5es e Quixaba. O prazo para entrega da documenta\u00e7\u00e3o se expirou na quinta-feira passada, 31 de agosto. Cada balancete mensal das unidades gestoras deve ser entregue ao Tribunal at\u00e9 o final do m\u00eas subseq\u00fcente, conforme lembrou o conselheiro presidente do TCE, Andr\u00e9 Carlo Torres, ao comunicar o bloqueio aos demais conselheiros, durante a sess\u00e3o do Pleno. Os of\u00edcios encaminhados pela presid\u00eancia da Corte \u00e0s superintend\u00eancias, no estado, do Banco do Brasil e da Caixa Econ\u00f4mica Federal, ressaltam que o bloqueio implica \u201ca total impossibilidade de movimenta\u00e7\u00e3o da conta, atrav\u00e9s de cheques ou qualquer outro documento h\u00e1bil\u201d. Fica autorizada, por\u00e9m, conforme os comunicados, apenas \u201ca realiza\u00e7\u00e3o de dep\u00f3sitos ou transfer\u00eancias para aplica\u00e7\u00e3o financeira que preserve o poder aquisitivo dos recursos\u201d. E advertem que a suspens\u00e3o dos bloqueios respectivos s\u00f3 poder\u00e1 ser feita com autoriza\u00e7\u00e3o do Tribunal. Ascom-TCE<\/p>\n","protected":false},"author":2,"featured_media":3995,"comment_status":"closed","ping_status":"open","sticky":false,"template":"","format":"standard","meta":{"_eb_attr":"","_jetpack_memberships_contains_paid_content":false,"footnotes":""},"categories":[3],"tags":[],"class_list":["post-4101","post","type-post","status-publish","format-standard","has-post-thumbnail","hentry","category-cidades"],"yoast_head":"<!-- This site is optimized with the Yoast SEO plugin v26.5 - https:\/\/yoast.com\/wordpress\/plugins\/seo\/ -->\n<title>TCE-PB bloqueia contas banc\u00e1rias de duas Prefeituras e duas C\u00e2maras Municipais - Not&iacute;cias em Destaque<\/title>\n<meta name=\"robots\" content=\"index, follow, max-snippet:-1, max-image-preview:large, max-video-preview:-1\" \/>\n<link rel=\"canonical\" href=\"https:\/\/noticiasemdestaque.com\/cd\/?p=4101\" \/>\n<meta property=\"og:locale\" content=\"pt_BR\" \/>\n<meta property=\"og:type\" content=\"article\" \/>\n<meta property=\"og:title\" content=\"TCE-PB bloqueia contas banc\u00e1rias de duas Prefeituras e duas C\u00e2maras Municipais - Not&iacute;cias em Destaque\" \/>\n<meta property=\"og:description\" content=\"O Tribunal de Contas da Para\u00edba determinou, na manh\u00e3 desta quarta-feira (06), o bloqueio das contas banc\u00e1rias das prefeituras de Jeric\u00f3 e S\u00e3o Jos\u00e9 do Brejo do Cruz, por n\u00e3o terem enviado \u00e0 Corte, no prazo determinado, seus balancetes referentes ao m\u00eas de julho\/2017. A medida tamb\u00e9m alcan\u00e7a, pela mesma raz\u00e3o, as C\u00e2maras Municipais de Pil\u00f5es e Quixaba. O prazo para entrega da documenta\u00e7\u00e3o se expirou na quinta-feira passada, 31 de agosto. Cada balancete mensal das unidades gestoras deve ser entregue ao Tribunal at\u00e9 o final do m\u00eas subseq\u00fcente, conforme lembrou o conselheiro presidente do TCE, Andr\u00e9 Carlo Torres, ao comunicar o bloqueio aos demais conselheiros, durante a sess\u00e3o do Pleno. Os of\u00edcios encaminhados pela presid\u00eancia da Corte \u00e0s superintend\u00eancias, no estado, do Banco do Brasil e da Caixa Econ\u00f4mica Federal, ressaltam que o bloqueio implica \u201ca total impossibilidade de movimenta\u00e7\u00e3o da conta, atrav\u00e9s de cheques ou qualquer outro documento h\u00e1bil\u201d. Fica autorizada, por\u00e9m, conforme os comunicados, apenas \u201ca realiza\u00e7\u00e3o de dep\u00f3sitos ou transfer\u00eancias para aplica\u00e7\u00e3o financeira que preserve o poder aquisitivo dos recursos\u201d. E advertem que a suspens\u00e3o dos bloqueios respectivos s\u00f3 poder\u00e1 ser feita com autoriza\u00e7\u00e3o do Tribunal. Ascom-TCE\" \/>\n<meta property=\"og:url\" content=\"https:\/\/noticiasemdestaque.com\/cd\/?p=4101\" \/>\n<meta property=\"og:site_name\" content=\"Not&iacute;cias em Destaque\" \/>\n<meta property=\"article:published_time\" content=\"2017-09-07T11:24:13+00:00\" \/>\n<meta property=\"article:modified_time\" content=\"2017-09-07T11:34:52+00:00\" \/>\n<meta property=\"og:image\" content=\"https:\/\/noticiasemdestaque.com\/cd\/wp-content\/uploads\/2017\/09\/tce-3-556x417-2.jpg\" \/>\n\t<meta property=\"og:image:width\" content=\"556\" \/>\n\t<meta property=\"og:image:height\" content=\"417\" \/>\n\t<meta property=\"og:image:type\" content=\"image\/jpeg\" \/>\n<meta name=\"author\" content=\"Not\u00edcias em Destaque\" \/>\n<meta name=\"twitter:card\" content=\"summary_large_image\" \/>\n<meta name=\"twitter:label1\" content=\"Escrito por\" \/>\n\t<meta name=\"twitter:data1\" content=\"Not\u00edcias em Destaque\" \/>\n\t<meta name=\"twitter:label2\" content=\"Est. tempo de leitura\" \/>\n\t<meta name=\"twitter:data2\" content=\"1 minuto\" \/>\n<script type=\"application\/ld+json\" class=\"yoast-schema-graph\">{\"@context\":\"https:\/\/schema.org\",\"@graph\":[{\"@type\":\"Article\",\"@id\":\"https:\/\/noticiasemdestaque.com\/cd\/?p=4101#article\",\"isPartOf\":{\"@id\":\"https:\/\/noticiasemdestaque.com\/cd\/?p=4101\"},\"author\":{\"name\":\"Not\u00edcias em Destaque\",\"@id\":\"https:\/\/noticiasemdestaque.com\/cd\/#\/schema\/person\/21320b03a7e8bb90128938dafc9b908a\"},\"headline\":\"TCE-PB bloqueia contas banc\u00e1rias de duas Prefeituras e duas C\u00e2maras Municipais\",\"datePublished\":\"2017-09-07T11:24:13+00:00\",\"dateModified\":\"2017-09-07T11:34:52+00:00\",\"mainEntityOfPage\":{\"@id\":\"https:\/\/noticiasemdestaque.com\/cd\/?p=4101\"},\"wordCount\":229,\"publisher\":{\"@id\":\"https:\/\/noticiasemdestaque.com\/cd\/#organization\"},\"image\":{\"@id\":\"https:\/\/noticiasemdestaque.com\/cd\/?p=4101#primaryimage\"},\"thumbnailUrl\":\"https:\/\/noticiasemdestaque.com\/cd\/wp-content\/uploads\/2017\/09\/tce-3-556x417-2.jpg\",\"articleSection\":[\"Cidades\"],\"inLanguage\":\"pt-BR\"},{\"@type\":\"WebPage\",\"@id\":\"https:\/\/noticiasemdestaque.com\/cd\/?p=4101\",\"url\":\"https:\/\/noticiasemdestaque.com\/cd\/?p=4101\",\"name\":\"TCE-PB bloqueia contas banc\u00e1rias de duas Prefeituras e duas C\u00e2maras Municipais - Not&iacute;cias em Destaque\",\"isPartOf\":{\"@id\":\"https:\/\/noticiasemdestaque.com\/cd\/#website\"},\"primaryImageOfPage\":{\"@id\":\"https:\/\/noticiasemdestaque.com\/cd\/?p=4101#primaryimage\"},\"image\":{\"@id\":\"https:\/\/noticiasemdestaque.com\/cd\/?p=4101#primaryimage\"},\"thumbnailUrl\":\"https:\/\/noticiasemdestaque.com\/cd\/wp-content\/uploads\/2017\/09\/tce-3-556x417-2.jpg\",\"datePublished\":\"2017-09-07T11:24:13+00:00\",\"dateModified\":\"2017-09-07T11:34:52+00:00\",\"breadcrumb\":{\"@id\":\"https:\/\/noticiasemdestaque.com\/cd\/?p=4101#breadcrumb\"},\"inLanguage\":\"pt-BR\",\"potentialAction\":[{\"@type\":\"ReadAction\",\"target\":[\"https:\/\/noticiasemdestaque.com\/cd\/?p=4101\"]}]},{\"@type\":\"ImageObject\",\"inLanguage\":\"pt-BR\",\"@id\":\"https:\/\/noticiasemdestaque.com\/cd\/?p=4101#primaryimage\",\"url\":\"https:\/\/noticiasemdestaque.com\/cd\/wp-content\/uploads\/2017\/09\/tce-3-556x417-2.jpg\",\"contentUrl\":\"https:\/\/noticiasemdestaque.com\/cd\/wp-content\/uploads\/2017\/09\/tce-3-556x417-2.jpg\",\"width\":556,\"height\":417},{\"@type\":\"BreadcrumbList\",\"@id\":\"https:\/\/noticiasemdestaque.com\/cd\/?p=4101#breadcrumb\",\"itemListElement\":[{\"@type\":\"ListItem\",\"position\":1,\"name\":\"In\u00edcio\",\"item\":\"https:\/\/noticiasemdestaque.com\/cd\/\"},{\"@type\":\"ListItem\",\"position\":2,\"name\":\"TCE-PB bloqueia contas banc\u00e1rias de duas Prefeituras e duas C\u00e2maras Municipais\"}]},{\"@type\":\"WebSite\",\"@id\":\"https:\/\/noticiasemdestaque.com\/cd\/#website\",\"url\":\"https:\/\/noticiasemdestaque.com\/cd\/\",\"name\":\"Not&iacute;cias em Destaque\",\"description\":\"\",\"publisher\":{\"@id\":\"https:\/\/noticiasemdestaque.com\/cd\/#organization\"},\"potentialAction\":[{\"@type\":\"SearchAction\",\"target\":{\"@type\":\"EntryPoint\",\"urlTemplate\":\"https:\/\/noticiasemdestaque.com\/cd\/?s={search_term_string}\"},\"query-input\":{\"@type\":\"PropertyValueSpecification\",\"valueRequired\":true,\"valueName\":\"search_term_string\"}}],\"inLanguage\":\"pt-BR\"},{\"@type\":\"Organization\",\"@id\":\"https:\/\/noticiasemdestaque.com\/cd\/#organization\",\"name\":\"Not\u00edcias em Destaque\",\"url\":\"https:\/\/noticiasemdestaque.com\/cd\/\",\"logo\":{\"@type\":\"ImageObject\",\"inLanguage\":\"pt-BR\",\"@id\":\"https:\/\/noticiasemdestaque.com\/cd\/#\/schema\/logo\/image\/\",\"url\":\"https:\/\/noticiasemdestaque.com\/cd\/wp-content\/uploads\/2022\/05\/imagem-base-noticiasemdestaque.png\",\"contentUrl\":\"https:\/\/noticiasemdestaque.com\/cd\/wp-content\/uploads\/2022\/05\/imagem-base-noticiasemdestaque.png\",\"width\":1200,\"height\":630,\"caption\":\"Not\u00edcias em Destaque\"},\"image\":{\"@id\":\"https:\/\/noticiasemdestaque.com\/cd\/#\/schema\/logo\/image\/\"}},{\"@type\":\"Person\",\"@id\":\"https:\/\/noticiasemdestaque.com\/cd\/#\/schema\/person\/21320b03a7e8bb90128938dafc9b908a\",\"name\":\"Not\u00edcias em Destaque\",\"url\":\"https:\/\/noticiasemdestaque.com\/cd\/?author=2\"}]}<\/script>\n<!-- \/ Yoast SEO plugin. -->","yoast_head_json":{"title":"TCE-PB bloqueia contas banc\u00e1rias de duas Prefeituras e duas C\u00e2maras Municipais - Not&iacute;cias em Destaque","robots":{"index":"index","follow":"follow","max-snippet":"max-snippet:-1","max-image-preview":"max-image-preview:large","max-video-preview":"max-video-preview:-1"},"canonical":"https:\/\/noticiasemdestaque.com\/cd\/?p=4101","og_locale":"pt_BR","og_type":"article","og_title":"TCE-PB bloqueia contas banc\u00e1rias de duas Prefeituras e duas C\u00e2maras Municipais - Not&iacute;cias em Destaque","og_description":"O Tribunal de Contas da Para\u00edba determinou, na manh\u00e3 desta quarta-feira (06), o bloqueio das contas banc\u00e1rias das prefeituras de Jeric\u00f3 e S\u00e3o Jos\u00e9 do Brejo do Cruz, por n\u00e3o terem enviado \u00e0 Corte, no prazo determinado, seus balancetes referentes ao m\u00eas de julho\/2017. A medida tamb\u00e9m alcan\u00e7a, pela mesma raz\u00e3o, as C\u00e2maras Municipais de Pil\u00f5es e Quixaba. O prazo para entrega da documenta\u00e7\u00e3o se expirou na quinta-feira passada, 31 de agosto. Cada balancete mensal das unidades gestoras deve ser entregue ao Tribunal at\u00e9 o final do m\u00eas subseq\u00fcente, conforme lembrou o conselheiro presidente do TCE, Andr\u00e9 Carlo Torres, ao comunicar o bloqueio aos demais conselheiros, durante a sess\u00e3o do Pleno. Os of\u00edcios encaminhados pela presid\u00eancia da Corte \u00e0s superintend\u00eancias, no estado, do Banco do Brasil e da Caixa Econ\u00f4mica Federal, ressaltam que o bloqueio implica \u201ca total impossibilidade de movimenta\u00e7\u00e3o da conta, atrav\u00e9s de cheques ou qualquer outro documento h\u00e1bil\u201d. Fica autorizada, por\u00e9m, conforme os comunicados, apenas \u201ca realiza\u00e7\u00e3o de dep\u00f3sitos ou transfer\u00eancias para aplica\u00e7\u00e3o financeira que preserve o poder aquisitivo dos recursos\u201d. E advertem que a suspens\u00e3o dos bloqueios respectivos s\u00f3 poder\u00e1 ser feita com autoriza\u00e7\u00e3o do Tribunal. Ascom-TCE","og_url":"https:\/\/noticiasemdestaque.com\/cd\/?p=4101","og_site_name":"Not&iacute;cias em Destaque","article_published_time":"2017-09-07T11:24:13+00:00","article_modified_time":"2017-09-07T11:34:52+00:00","og_image":[{"width":556,"height":417,"url":"https:\/\/noticiasemdestaque.com\/cd\/wp-content\/uploads\/2017\/09\/tce-3-556x417-2.jpg","type":"image\/jpeg"}],"author":"Not\u00edcias em Destaque","twitter_card":"summary_large_image","twitter_misc":{"Escrito por":"Not\u00edcias em Destaque","Est. tempo de leitura":"1 minuto"},"schema":{"@context":"https:\/\/schema.org","@graph":[{"@type":"Article","@id":"https:\/\/noticiasemdestaque.com\/cd\/?p=4101#article","isPartOf":{"@id":"https:\/\/noticiasemdestaque.com\/cd\/?p=4101"},"author":{"name":"Not\u00edcias em Destaque","@id":"https:\/\/noticiasemdestaque.com\/cd\/#\/schema\/person\/21320b03a7e8bb90128938dafc9b908a"},"headline":"TCE-PB bloqueia contas banc\u00e1rias de duas Prefeituras e duas C\u00e2maras Municipais","datePublished":"2017-09-07T11:24:13+00:00","dateModified":"2017-09-07T11:34:52+00:00","mainEntityOfPage":{"@id":"https:\/\/noticiasemdestaque.com\/cd\/?p=4101"},"wordCount":229,"publisher":{"@id":"https:\/\/noticiasemdestaque.com\/cd\/#organization"},"image":{"@id":"https:\/\/noticiasemdestaque.com\/cd\/?p=4101#primaryimage"},"thumbnailUrl":"https:\/\/noticiasemdestaque.com\/cd\/wp-content\/uploads\/2017\/09\/tce-3-556x417-2.jpg","articleSection":["Cidades"],"inLanguage":"pt-BR"},{"@type":"WebPage","@id":"https:\/\/noticiasemdestaque.com\/cd\/?p=4101","url":"https:\/\/noticiasemdestaque.com\/cd\/?p=4101","name":"TCE-PB bloqueia contas banc\u00e1rias de duas Prefeituras e duas C\u00e2maras Municipais - Not&iacute;cias em Destaque","isPartOf":{"@id":"https:\/\/noticiasemdestaque.com\/cd\/#website"},"primaryImageOfPage":{"@id":"https:\/\/noticiasemdestaque.com\/cd\/?p=4101#primaryimage"},"image":{"@id":"https:\/\/noticiasemdestaque.com\/cd\/?p=4101#primaryimage"},"thumbnailUrl":"https:\/\/noticiasemdestaque.com\/cd\/wp-content\/uploads\/2017\/09\/tce-3-556x417-2.jpg","datePublished":"2017-09-07T11:24:13+00:00","dateModified":"2017-09-07T11:34:52+00:00","breadcrumb":{"@id":"https:\/\/noticiasemdestaque.com\/cd\/?p=4101#breadcrumb"},"inLanguage":"pt-BR","potentialAction":[{"@type":"ReadAction","target":["https:\/\/noticiasemdestaque.com\/cd\/?p=4101"]}]},{"@type":"ImageObject","inLanguage":"pt-BR","@id":"https:\/\/noticiasemdestaque.com\/cd\/?p=4101#primaryimage","url":"https:\/\/noticiasemdestaque.com\/cd\/wp-content\/uploads\/2017\/09\/tce-3-556x417-2.jpg","contentUrl":"https:\/\/noticiasemdestaque.com\/cd\/wp-content\/uploads\/2017\/09\/tce-3-556x417-2.jpg","width":556,"height":417},{"@type":"BreadcrumbList","@id":"https:\/\/noticiasemdestaque.com\/cd\/?p=4101#breadcrumb","itemListElement":[{"@type":"ListItem","position":1,"name":"In\u00edcio","item":"https:\/\/noticiasemdestaque.com\/cd\/"},{"@type":"ListItem","position":2,"name":"TCE-PB bloqueia contas banc\u00e1rias de duas Prefeituras e duas C\u00e2maras Municipais"}]},{"@type":"WebSite","@id":"https:\/\/noticiasemdestaque.com\/cd\/#website","url":"https:\/\/noticiasemdestaque.com\/cd\/","name":"Not&iacute;cias em Destaque","description":"","publisher":{"@id":"https:\/\/noticiasemdestaque.com\/cd\/#organization"},"potentialAction":[{"@type":"SearchAction","target":{"@type":"EntryPoint","urlTemplate":"https:\/\/noticiasemdestaque.com\/cd\/?s={search_term_string}"},"query-input":{"@type":"PropertyValueSpecification","valueRequired":true,"valueName":"search_term_string"}}],"inLanguage":"pt-BR"},{"@type":"Organization","@id":"https:\/\/noticiasemdestaque.com\/cd\/#organization","name":"Not\u00edcias em Destaque","url":"https:\/\/noticiasemdestaque.com\/cd\/","logo":{"@type":"ImageObject","inLanguage":"pt-BR","@id":"https:\/\/noticiasemdestaque.com\/cd\/#\/schema\/logo\/image\/","url":"https:\/\/noticiasemdestaque.com\/cd\/wp-content\/uploads\/2022\/05\/imagem-base-noticiasemdestaque.png","contentUrl":"https:\/\/noticiasemdestaque.com\/cd\/wp-content\/uploads\/2022\/05\/imagem-base-noticiasemdestaque.png","width":1200,"height":630,"caption":"Not\u00edcias em Destaque"},"image":{"@id":"https:\/\/noticiasemdestaque.com\/cd\/#\/schema\/logo\/image\/"}},{"@type":"Person","@id":"https:\/\/noticiasemdestaque.com\/cd\/#\/schema\/person\/21320b03a7e8bb90128938dafc9b908a","name":"Not\u00edcias em Destaque","url":"https:\/\/noticiasemdestaque.com\/cd\/?author=2"}]}},"jetpack_featured_media_url":"https:\/\/noticiasemdestaque.com\/cd\/wp-content\/uploads\/2017\/09\/tce-3-556x417-2.jpg","jetpack_sharing_enabled":true,"_links":{"self":[{"href":"https:\/\/noticiasemdestaque.com\/cd\/index.php?rest_route=\/wp\/v2\/posts\/4101","targetHints":{"allow":["GET"]}}],"collection":[{"href":"https:\/\/noticiasemdestaque.com\/cd\/index.php?rest_route=\/wp\/v2\/posts"}],"about":[{"href":"https:\/\/noticiasemdestaque.com\/cd\/index.php?rest_route=\/wp\/v2\/types\/post"}],"author":[{"embeddable":true,"href":"https:\/\/noticiasemdestaque.com\/cd\/index.php?rest_route=\/wp\/v2\/users\/2"}],"replies":[{"embeddable":true,"href":"https:\/\/noticiasemdestaque.com\/cd\/index.php?rest_route=%2Fwp%2Fv2%2Fcomments&post=4101"}],"version-history":[{"count":1,"href":"https:\/\/noticiasemdestaque.com\/cd\/index.php?rest_route=\/wp\/v2\/posts\/4101\/revisions"}],"predecessor-version":[{"id":4103,"href":"https:\/\/noticiasemdestaque.com\/cd\/index.php?rest_route=\/wp\/v2\/posts\/4101\/revisions\/4103"}],"wp:featuredmedia":[{"embeddable":true,"href":"https:\/\/noticiasemdestaque.com\/cd\/index.php?rest_route=\/wp\/v2\/media\/3995"}],"wp:attachment":[{"href":"https:\/\/noticiasemdestaque.com\/cd\/index.php?rest_route=%2Fwp%2Fv2%2Fmedia&parent=4101"}],"wp:term":[{"taxonomy":"category","embeddable":true,"href":"https:\/\/noticiasemdestaque.com\/cd\/index.php?rest_route=%2Fwp%2Fv2%2Fcategories&post=4101"},{"taxonomy":"post_tag","embeddable":true,"href":"https:\/\/noticiasemdestaque.com\/cd\/index.php?rest_route=%2Fwp%2Fv2%2Ftags&post=4101"}],"curies":[{"name":"wp","href":"https:\/\/api.w.org\/{rel}","templated":true}]}}