{"id":41,"date":"2017-05-25T19:33:45","date_gmt":"2017-05-25T22:33:45","guid":{"rendered":"http:\/\/caririemdestaque.com\/cd\/?p=41"},"modified":"2017-06-06T08:50:07","modified_gmt":"2017-06-06T11:50:07","slug":"inep-divulga-resultados-preliminares-da-avaliacao-de-alfabetizacao-para-escolas","status":"publish","type":"post","link":"https:\/\/noticiasemdestaque.com\/cd\/?p=41","title":{"rendered":"Inep divulga resultados preliminares da avalia\u00e7\u00e3o de alfabetiza\u00e7\u00e3o para escolas"},"content":{"rendered":"<p><a href=\"http:\/\/caririemdestaque.com\/cd\/wp-content\/uploads\/2017\/05\/sala-de-aula.jpg\"><img decoding=\"async\" class=\"size-medium wp-image-42 aligncenter\" src=\"http:\/\/caririemdestaque.com\/cd\/wp-content\/uploads\/2017\/05\/sala-de-aula-300x147.jpg\" alt=\"\" width=\"300\" height=\"147\" srcset=\"https:\/\/noticiasemdestaque.com\/cd\/wp-content\/uploads\/2017\/05\/sala-de-aula-300x147.jpg 300w, https:\/\/noticiasemdestaque.com\/cd\/wp-content\/uploads\/2017\/05\/sala-de-aula.jpg 470w\" sizes=\"(max-width: 300px) 100vw, 300px\" \/><\/a>As escolas poder\u00e3o consultar a partir de hoje (22) os resultados preliminares dos estudantes na Avalia\u00e7\u00e3o Nacional da Alfabetiza\u00e7\u00e3o (ANA) e, caso discordem, poder\u00e3o interpor recurso at\u00e9 o dia 5 de junho. A divulga\u00e7\u00e3o dos resultados finais ser\u00e1 em agosto, quando a imprensa, os gestores p\u00fablicos e demais interessados ter\u00e3o acesso aos dados da avalia\u00e7\u00e3o.<\/p>\n<p>A ANA avalia os n\u00edveis de alfabetiza\u00e7\u00e3o e letramento em l\u00edngua portuguesa, a alfabetiza\u00e7\u00e3o em matem\u00e1tica e as condi\u00e7\u00f5es de oferta do Ciclo de Alfabetiza\u00e7\u00e3o das redes p\u00fablicas. Passam pela avalia\u00e7\u00e3o todos os estudantes do 3\u00ba ano do ensino fundamental matriculados nas escolas p\u00fablicas no ano da aplica\u00e7\u00e3o da avalia\u00e7\u00e3o. No ano passado, os testes foram aplicados para 2,5 milh\u00f5es de estudantes, de 50 mil escolas e 100 mil turmas.<\/p>\n<p>Ter\u00e3o acesso aos resultados apenas as institui\u00e7\u00f5es de ensino com, no m\u00ednimo, 10 estudantes matriculados no momento da avalia\u00e7\u00e3o e que tiveram taxa de participa\u00e7\u00e3o de 80% dos matriculados no 3\u00ba ano, de acordo com os dados do Censo Escolar 2016. As escolas t\u00eam de manter atualizado o cadastrono Instituto Nacional de Estudos e Pesquisas Educacionais An\u00edsio Teixeira (Inep) para receber os resultados.<\/p>\n<p><strong>\u00daltimos resultados<\/strong><\/p>\n<p>Os \u00faltimos resultados da avalia\u00e7\u00e3o, de 2014, mostram que pouco mais de 56% dos estudantes do 3\u00ba ano do ensino fundamental de escolas p\u00fablicas n\u00e3o conseguiram superar os dois primeiros n\u00edveis do aprendizado de matem\u00e1tica, ou seja, n\u00e3o conseguem, por exemplo, resolver alguns tipos de problemas com n\u00famero naturais maiores que 20 e ler horas em rel\u00f3gio anal\u00f3gico (de ponteiro).<\/p>\n<p>Em leitura, a maioria dos alunos (55%) ficou nos dois piores n\u00edveis, dentre quatro, significando que eles n\u00e3o conseguem localizar informa\u00e7\u00e3o expl\u00edcita em textos de maior extens\u00e3o e identificar a quem se refere um pronome pessoal.<\/p>\n<p>No caso da escrita, que tem cinco n\u00edveis, cerca de 65% dos alunos alcan\u00e7aram os dois melhores patamares da avalia\u00e7\u00e3o, o que significa que t\u00eam capacidade de escrever palavras com diferentes estruturas sil\u00e1bicas e textos correto e coerentes.<\/p>\n<p><strong>Ag\u00eancia Brasil<\/strong><\/p>\n","protected":false},"excerpt":{"rendered":"<p>As escolas poder\u00e3o consultar a partir de hoje (22) os resultados preliminares dos estudantes na Avalia\u00e7\u00e3o Nacional da Alfabetiza\u00e7\u00e3o (ANA) e, caso discordem, poder\u00e3o interpor recurso at\u00e9 o dia 5 de junho. A divulga\u00e7\u00e3o dos resultados finais ser\u00e1 em agosto, quando a imprensa, os gestores p\u00fablicos e demais interessados ter\u00e3o acesso aos dados da avalia\u00e7\u00e3o. A ANA avalia os n\u00edveis de alfabetiza\u00e7\u00e3o e letramento em l\u00edngua portuguesa, a alfabetiza\u00e7\u00e3o em matem\u00e1tica e as condi\u00e7\u00f5es de oferta do Ciclo de Alfabetiza\u00e7\u00e3o das redes p\u00fablicas. Passam pela avalia\u00e7\u00e3o todos os estudantes do 3\u00ba ano do ensino fundamental matriculados nas escolas p\u00fablicas no ano da aplica\u00e7\u00e3o da avalia\u00e7\u00e3o. No ano passado, os testes foram aplicados para 2,5 milh\u00f5es de estudantes, de 50 mil escolas e 100 mil turmas. Ter\u00e3o acesso aos resultados apenas as institui\u00e7\u00f5es de ensino com, no m\u00ednimo, 10 estudantes matriculados no momento da avalia\u00e7\u00e3o e que tiveram taxa de participa\u00e7\u00e3o de 80% dos matriculados no 3\u00ba ano, de acordo com os dados do Censo Escolar 2016. As escolas t\u00eam de manter atualizado o cadastrono Instituto Nacional de Estudos e Pesquisas Educacionais An\u00edsio Teixeira (Inep) para receber os resultados. \u00daltimos resultados Os \u00faltimos resultados da avalia\u00e7\u00e3o, de 2014, mostram que pouco mais de 56% dos estudantes do 3\u00ba ano do ensino fundamental de escolas p\u00fablicas n\u00e3o conseguiram superar os dois primeiros n\u00edveis do aprendizado de matem\u00e1tica, ou seja, n\u00e3o conseguem, por exemplo, resolver alguns tipos de problemas com n\u00famero naturais maiores que 20 e ler horas em rel\u00f3gio anal\u00f3gico (de ponteiro). Em leitura, a maioria dos alunos (55%) ficou nos dois piores n\u00edveis, dentre quatro, significando que eles n\u00e3o conseguem localizar informa\u00e7\u00e3o expl\u00edcita em textos de maior extens\u00e3o e identificar a quem se refere um pronome pessoal. No caso da escrita, que tem cinco n\u00edveis, cerca de 65% dos alunos alcan\u00e7aram os dois melhores patamares da avalia\u00e7\u00e3o, o que significa que t\u00eam capacidade de escrever palavras com diferentes estruturas sil\u00e1bicas e textos correto e coerentes. Ag\u00eancia Brasil<\/p>\n","protected":false},"author":2,"featured_media":42,"comment_status":"closed","ping_status":"closed","sticky":false,"template":"","format":"standard","meta":{"_eb_attr":"","_jetpack_memberships_contains_paid_content":false,"footnotes":""},"categories":[6],"tags":[],"class_list":["post-41","post","type-post","status-publish","format-standard","has-post-thumbnail","hentry","category-educacao"],"yoast_head":"<!-- This site is optimized with the Yoast SEO plugin v26.5 - https:\/\/yoast.com\/wordpress\/plugins\/seo\/ -->\n<title>Inep divulga resultados preliminares da avalia\u00e7\u00e3o de alfabetiza\u00e7\u00e3o para escolas - Not&iacute;cias em Destaque<\/title>\n<meta name=\"robots\" content=\"index, follow, max-snippet:-1, max-image-preview:large, max-video-preview:-1\" \/>\n<link rel=\"canonical\" href=\"https:\/\/noticiasemdestaque.com\/cd\/?p=41\" \/>\n<meta property=\"og:locale\" content=\"pt_BR\" \/>\n<meta property=\"og:type\" content=\"article\" \/>\n<meta property=\"og:title\" content=\"Inep divulga resultados preliminares da avalia\u00e7\u00e3o de alfabetiza\u00e7\u00e3o para escolas - Not&iacute;cias em Destaque\" \/>\n<meta property=\"og:description\" content=\"As escolas poder\u00e3o consultar a partir de hoje (22) os resultados preliminares dos estudantes na Avalia\u00e7\u00e3o Nacional da Alfabetiza\u00e7\u00e3o (ANA) e, caso discordem, poder\u00e3o interpor recurso at\u00e9 o dia 5 de junho. A divulga\u00e7\u00e3o dos resultados finais ser\u00e1 em agosto, quando a imprensa, os gestores p\u00fablicos e demais interessados ter\u00e3o acesso aos dados da avalia\u00e7\u00e3o. A ANA avalia os n\u00edveis de alfabetiza\u00e7\u00e3o e letramento em l\u00edngua portuguesa, a alfabetiza\u00e7\u00e3o em matem\u00e1tica e as condi\u00e7\u00f5es de oferta do Ciclo de Alfabetiza\u00e7\u00e3o das redes p\u00fablicas. Passam pela avalia\u00e7\u00e3o todos os estudantes do 3\u00ba ano do ensino fundamental matriculados nas escolas p\u00fablicas no ano da aplica\u00e7\u00e3o da avalia\u00e7\u00e3o. No ano passado, os testes foram aplicados para 2,5 milh\u00f5es de estudantes, de 50 mil escolas e 100 mil turmas. Ter\u00e3o acesso aos resultados apenas as institui\u00e7\u00f5es de ensino com, no m\u00ednimo, 10 estudantes matriculados no momento da avalia\u00e7\u00e3o e que tiveram taxa de participa\u00e7\u00e3o de 80% dos matriculados no 3\u00ba ano, de acordo com os dados do Censo Escolar 2016. As escolas t\u00eam de manter atualizado o cadastrono Instituto Nacional de Estudos e Pesquisas Educacionais An\u00edsio Teixeira (Inep) para receber os resultados. \u00daltimos resultados Os \u00faltimos resultados da avalia\u00e7\u00e3o, de 2014, mostram que pouco mais de 56% dos estudantes do 3\u00ba ano do ensino fundamental de escolas p\u00fablicas n\u00e3o conseguiram superar os dois primeiros n\u00edveis do aprendizado de matem\u00e1tica, ou seja, n\u00e3o conseguem, por exemplo, resolver alguns tipos de problemas com n\u00famero naturais maiores que 20 e ler horas em rel\u00f3gio anal\u00f3gico (de ponteiro). Em leitura, a maioria dos alunos (55%) ficou nos dois piores n\u00edveis, dentre quatro, significando que eles n\u00e3o conseguem localizar informa\u00e7\u00e3o expl\u00edcita em textos de maior extens\u00e3o e identificar a quem se refere um pronome pessoal. No caso da escrita, que tem cinco n\u00edveis, cerca de 65% dos alunos alcan\u00e7aram os dois melhores patamares da avalia\u00e7\u00e3o, o que significa que t\u00eam capacidade de escrever palavras com diferentes estruturas sil\u00e1bicas e textos correto e coerentes. Ag\u00eancia Brasil\" \/>\n<meta property=\"og:url\" content=\"https:\/\/noticiasemdestaque.com\/cd\/?p=41\" \/>\n<meta property=\"og:site_name\" content=\"Not&iacute;cias em Destaque\" \/>\n<meta property=\"article:published_time\" content=\"2017-05-25T22:33:45+00:00\" \/>\n<meta property=\"article:modified_time\" content=\"2017-06-06T11:50:07+00:00\" \/>\n<meta property=\"og:image\" content=\"https:\/\/noticiasemdestaque.com\/cd\/wp-content\/uploads\/2017\/05\/sala-de-aula.jpg\" \/>\n\t<meta property=\"og:image:width\" content=\"470\" \/>\n\t<meta property=\"og:image:height\" content=\"230\" \/>\n\t<meta property=\"og:image:type\" content=\"image\/jpeg\" \/>\n<meta name=\"author\" content=\"Not\u00edcias em Destaque\" \/>\n<meta name=\"twitter:card\" content=\"summary_large_image\" \/>\n<meta name=\"twitter:label1\" content=\"Escrito por\" \/>\n\t<meta name=\"twitter:data1\" content=\"Not\u00edcias em Destaque\" \/>\n\t<meta name=\"twitter:label2\" content=\"Est. tempo de leitura\" \/>\n\t<meta name=\"twitter:data2\" content=\"2 minutos\" \/>\n<script type=\"application\/ld+json\" class=\"yoast-schema-graph\">{\"@context\":\"https:\/\/schema.org\",\"@graph\":[{\"@type\":\"Article\",\"@id\":\"https:\/\/noticiasemdestaque.com\/cd\/?p=41#article\",\"isPartOf\":{\"@id\":\"https:\/\/noticiasemdestaque.com\/cd\/?p=41\"},\"author\":{\"name\":\"Not\u00edcias em Destaque\",\"@id\":\"https:\/\/noticiasemdestaque.com\/cd\/#\/schema\/person\/47f7d4f55eec17c6b2ca036c5500f6ce\"},\"headline\":\"Inep divulga resultados preliminares da avalia\u00e7\u00e3o de alfabetiza\u00e7\u00e3o para escolas\",\"datePublished\":\"2017-05-25T22:33:45+00:00\",\"dateModified\":\"2017-06-06T11:50:07+00:00\",\"mainEntityOfPage\":{\"@id\":\"https:\/\/noticiasemdestaque.com\/cd\/?p=41\"},\"wordCount\":370,\"publisher\":{\"@id\":\"https:\/\/noticiasemdestaque.com\/cd\/#organization\"},\"image\":{\"@id\":\"https:\/\/noticiasemdestaque.com\/cd\/?p=41#primaryimage\"},\"thumbnailUrl\":\"https:\/\/noticiasemdestaque.com\/cd\/wp-content\/uploads\/2017\/05\/sala-de-aula.jpg\",\"articleSection\":[\"Educa\u00e7\u00e3o\"],\"inLanguage\":\"pt-BR\"},{\"@type\":\"WebPage\",\"@id\":\"https:\/\/noticiasemdestaque.com\/cd\/?p=41\",\"url\":\"https:\/\/noticiasemdestaque.com\/cd\/?p=41\",\"name\":\"Inep divulga resultados preliminares da avalia\u00e7\u00e3o de alfabetiza\u00e7\u00e3o para escolas - Not&iacute;cias em Destaque\",\"isPartOf\":{\"@id\":\"https:\/\/noticiasemdestaque.com\/cd\/#website\"},\"primaryImageOfPage\":{\"@id\":\"https:\/\/noticiasemdestaque.com\/cd\/?p=41#primaryimage\"},\"image\":{\"@id\":\"https:\/\/noticiasemdestaque.com\/cd\/?p=41#primaryimage\"},\"thumbnailUrl\":\"https:\/\/noticiasemdestaque.com\/cd\/wp-content\/uploads\/2017\/05\/sala-de-aula.jpg\",\"datePublished\":\"2017-05-25T22:33:45+00:00\",\"dateModified\":\"2017-06-06T11:50:07+00:00\",\"breadcrumb\":{\"@id\":\"https:\/\/noticiasemdestaque.com\/cd\/?p=41#breadcrumb\"},\"inLanguage\":\"pt-BR\",\"potentialAction\":[{\"@type\":\"ReadAction\",\"target\":[\"https:\/\/noticiasemdestaque.com\/cd\/?p=41\"]}]},{\"@type\":\"ImageObject\",\"inLanguage\":\"pt-BR\",\"@id\":\"https:\/\/noticiasemdestaque.com\/cd\/?p=41#primaryimage\",\"url\":\"https:\/\/noticiasemdestaque.com\/cd\/wp-content\/uploads\/2017\/05\/sala-de-aula.jpg\",\"contentUrl\":\"https:\/\/noticiasemdestaque.com\/cd\/wp-content\/uploads\/2017\/05\/sala-de-aula.jpg\",\"width\":470,\"height\":230},{\"@type\":\"BreadcrumbList\",\"@id\":\"https:\/\/noticiasemdestaque.com\/cd\/?p=41#breadcrumb\",\"itemListElement\":[{\"@type\":\"ListItem\",\"position\":1,\"name\":\"In\u00edcio\",\"item\":\"https:\/\/noticiasemdestaque.com\/cd\/\"},{\"@type\":\"ListItem\",\"position\":2,\"name\":\"Inep divulga resultados preliminares da avalia\u00e7\u00e3o de alfabetiza\u00e7\u00e3o para escolas\"}]},{\"@type\":\"WebSite\",\"@id\":\"https:\/\/noticiasemdestaque.com\/cd\/#website\",\"url\":\"https:\/\/noticiasemdestaque.com\/cd\/\",\"name\":\"Not&iacute;cias em Destaque\",\"description\":\"\",\"publisher\":{\"@id\":\"https:\/\/noticiasemdestaque.com\/cd\/#organization\"},\"potentialAction\":[{\"@type\":\"SearchAction\",\"target\":{\"@type\":\"EntryPoint\",\"urlTemplate\":\"https:\/\/noticiasemdestaque.com\/cd\/?s={search_term_string}\"},\"query-input\":{\"@type\":\"PropertyValueSpecification\",\"valueRequired\":true,\"valueName\":\"search_term_string\"}}],\"inLanguage\":\"pt-BR\"},{\"@type\":\"Organization\",\"@id\":\"https:\/\/noticiasemdestaque.com\/cd\/#organization\",\"name\":\"Not\u00edcias em Destaque\",\"url\":\"https:\/\/noticiasemdestaque.com\/cd\/\",\"logo\":{\"@type\":\"ImageObject\",\"inLanguage\":\"pt-BR\",\"@id\":\"https:\/\/noticiasemdestaque.com\/cd\/#\/schema\/logo\/image\/\",\"url\":\"https:\/\/noticiasemdestaque.com\/cd\/wp-content\/uploads\/2022\/05\/imagem-base-noticiasemdestaque.png\",\"contentUrl\":\"https:\/\/noticiasemdestaque.com\/cd\/wp-content\/uploads\/2022\/05\/imagem-base-noticiasemdestaque.png\",\"width\":1200,\"height\":630,\"caption\":\"Not\u00edcias em Destaque\"},\"image\":{\"@id\":\"https:\/\/noticiasemdestaque.com\/cd\/#\/schema\/logo\/image\/\"}},{\"@type\":\"Person\",\"@id\":\"https:\/\/noticiasemdestaque.com\/cd\/#\/schema\/person\/47f7d4f55eec17c6b2ca036c5500f6ce\",\"name\":\"Not\u00edcias em Destaque\",\"url\":\"https:\/\/noticiasemdestaque.com\/cd\/?author=2\"}]}<\/script>\n<!-- \/ Yoast SEO plugin. -->","yoast_head_json":{"title":"Inep divulga resultados preliminares da avalia\u00e7\u00e3o de alfabetiza\u00e7\u00e3o para escolas - Not&iacute;cias em Destaque","robots":{"index":"index","follow":"follow","max-snippet":"max-snippet:-1","max-image-preview":"max-image-preview:large","max-video-preview":"max-video-preview:-1"},"canonical":"https:\/\/noticiasemdestaque.com\/cd\/?p=41","og_locale":"pt_BR","og_type":"article","og_title":"Inep divulga resultados preliminares da avalia\u00e7\u00e3o de alfabetiza\u00e7\u00e3o para escolas - Not&iacute;cias em Destaque","og_description":"As escolas poder\u00e3o consultar a partir de hoje (22) os resultados preliminares dos estudantes na Avalia\u00e7\u00e3o Nacional da Alfabetiza\u00e7\u00e3o (ANA) e, caso discordem, poder\u00e3o interpor recurso at\u00e9 o dia 5 de junho. A divulga\u00e7\u00e3o dos resultados finais ser\u00e1 em agosto, quando a imprensa, os gestores p\u00fablicos e demais interessados ter\u00e3o acesso aos dados da avalia\u00e7\u00e3o. A ANA avalia os n\u00edveis de alfabetiza\u00e7\u00e3o e letramento em l\u00edngua portuguesa, a alfabetiza\u00e7\u00e3o em matem\u00e1tica e as condi\u00e7\u00f5es de oferta do Ciclo de Alfabetiza\u00e7\u00e3o das redes p\u00fablicas. Passam pela avalia\u00e7\u00e3o todos os estudantes do 3\u00ba ano do ensino fundamental matriculados nas escolas p\u00fablicas no ano da aplica\u00e7\u00e3o da avalia\u00e7\u00e3o. No ano passado, os testes foram aplicados para 2,5 milh\u00f5es de estudantes, de 50 mil escolas e 100 mil turmas. Ter\u00e3o acesso aos resultados apenas as institui\u00e7\u00f5es de ensino com, no m\u00ednimo, 10 estudantes matriculados no momento da avalia\u00e7\u00e3o e que tiveram taxa de participa\u00e7\u00e3o de 80% dos matriculados no 3\u00ba ano, de acordo com os dados do Censo Escolar 2016. As escolas t\u00eam de manter atualizado o cadastrono Instituto Nacional de Estudos e Pesquisas Educacionais An\u00edsio Teixeira (Inep) para receber os resultados. \u00daltimos resultados Os \u00faltimos resultados da avalia\u00e7\u00e3o, de 2014, mostram que pouco mais de 56% dos estudantes do 3\u00ba ano do ensino fundamental de escolas p\u00fablicas n\u00e3o conseguiram superar os dois primeiros n\u00edveis do aprendizado de matem\u00e1tica, ou seja, n\u00e3o conseguem, por exemplo, resolver alguns tipos de problemas com n\u00famero naturais maiores que 20 e ler horas em rel\u00f3gio anal\u00f3gico (de ponteiro). Em leitura, a maioria dos alunos (55%) ficou nos dois piores n\u00edveis, dentre quatro, significando que eles n\u00e3o conseguem localizar informa\u00e7\u00e3o expl\u00edcita em textos de maior extens\u00e3o e identificar a quem se refere um pronome pessoal. No caso da escrita, que tem cinco n\u00edveis, cerca de 65% dos alunos alcan\u00e7aram os dois melhores patamares da avalia\u00e7\u00e3o, o que significa que t\u00eam capacidade de escrever palavras com diferentes estruturas sil\u00e1bicas e textos correto e coerentes. Ag\u00eancia Brasil","og_url":"https:\/\/noticiasemdestaque.com\/cd\/?p=41","og_site_name":"Not&iacute;cias em Destaque","article_published_time":"2017-05-25T22:33:45+00:00","article_modified_time":"2017-06-06T11:50:07+00:00","og_image":[{"width":470,"height":230,"url":"https:\/\/noticiasemdestaque.com\/cd\/wp-content\/uploads\/2017\/05\/sala-de-aula.jpg","type":"image\/jpeg"}],"author":"Not\u00edcias em Destaque","twitter_card":"summary_large_image","twitter_misc":{"Escrito por":"Not\u00edcias em Destaque","Est. tempo de leitura":"2 minutos"},"schema":{"@context":"https:\/\/schema.org","@graph":[{"@type":"Article","@id":"https:\/\/noticiasemdestaque.com\/cd\/?p=41#article","isPartOf":{"@id":"https:\/\/noticiasemdestaque.com\/cd\/?p=41"},"author":{"name":"Not\u00edcias em Destaque","@id":"https:\/\/noticiasemdestaque.com\/cd\/#\/schema\/person\/47f7d4f55eec17c6b2ca036c5500f6ce"},"headline":"Inep divulga resultados preliminares da avalia\u00e7\u00e3o de alfabetiza\u00e7\u00e3o para escolas","datePublished":"2017-05-25T22:33:45+00:00","dateModified":"2017-06-06T11:50:07+00:00","mainEntityOfPage":{"@id":"https:\/\/noticiasemdestaque.com\/cd\/?p=41"},"wordCount":370,"publisher":{"@id":"https:\/\/noticiasemdestaque.com\/cd\/#organization"},"image":{"@id":"https:\/\/noticiasemdestaque.com\/cd\/?p=41#primaryimage"},"thumbnailUrl":"https:\/\/noticiasemdestaque.com\/cd\/wp-content\/uploads\/2017\/05\/sala-de-aula.jpg","articleSection":["Educa\u00e7\u00e3o"],"inLanguage":"pt-BR"},{"@type":"WebPage","@id":"https:\/\/noticiasemdestaque.com\/cd\/?p=41","url":"https:\/\/noticiasemdestaque.com\/cd\/?p=41","name":"Inep divulga resultados preliminares da avalia\u00e7\u00e3o de alfabetiza\u00e7\u00e3o para escolas - Not&iacute;cias em Destaque","isPartOf":{"@id":"https:\/\/noticiasemdestaque.com\/cd\/#website"},"primaryImageOfPage":{"@id":"https:\/\/noticiasemdestaque.com\/cd\/?p=41#primaryimage"},"image":{"@id":"https:\/\/noticiasemdestaque.com\/cd\/?p=41#primaryimage"},"thumbnailUrl":"https:\/\/noticiasemdestaque.com\/cd\/wp-content\/uploads\/2017\/05\/sala-de-aula.jpg","datePublished":"2017-05-25T22:33:45+00:00","dateModified":"2017-06-06T11:50:07+00:00","breadcrumb":{"@id":"https:\/\/noticiasemdestaque.com\/cd\/?p=41#breadcrumb"},"inLanguage":"pt-BR","potentialAction":[{"@type":"ReadAction","target":["https:\/\/noticiasemdestaque.com\/cd\/?p=41"]}]},{"@type":"ImageObject","inLanguage":"pt-BR","@id":"https:\/\/noticiasemdestaque.com\/cd\/?p=41#primaryimage","url":"https:\/\/noticiasemdestaque.com\/cd\/wp-content\/uploads\/2017\/05\/sala-de-aula.jpg","contentUrl":"https:\/\/noticiasemdestaque.com\/cd\/wp-content\/uploads\/2017\/05\/sala-de-aula.jpg","width":470,"height":230},{"@type":"BreadcrumbList","@id":"https:\/\/noticiasemdestaque.com\/cd\/?p=41#breadcrumb","itemListElement":[{"@type":"ListItem","position":1,"name":"In\u00edcio","item":"https:\/\/noticiasemdestaque.com\/cd\/"},{"@type":"ListItem","position":2,"name":"Inep divulga resultados preliminares da avalia\u00e7\u00e3o de alfabetiza\u00e7\u00e3o para escolas"}]},{"@type":"WebSite","@id":"https:\/\/noticiasemdestaque.com\/cd\/#website","url":"https:\/\/noticiasemdestaque.com\/cd\/","name":"Not&iacute;cias em Destaque","description":"","publisher":{"@id":"https:\/\/noticiasemdestaque.com\/cd\/#organization"},"potentialAction":[{"@type":"SearchAction","target":{"@type":"EntryPoint","urlTemplate":"https:\/\/noticiasemdestaque.com\/cd\/?s={search_term_string}"},"query-input":{"@type":"PropertyValueSpecification","valueRequired":true,"valueName":"search_term_string"}}],"inLanguage":"pt-BR"},{"@type":"Organization","@id":"https:\/\/noticiasemdestaque.com\/cd\/#organization","name":"Not\u00edcias em Destaque","url":"https:\/\/noticiasemdestaque.com\/cd\/","logo":{"@type":"ImageObject","inLanguage":"pt-BR","@id":"https:\/\/noticiasemdestaque.com\/cd\/#\/schema\/logo\/image\/","url":"https:\/\/noticiasemdestaque.com\/cd\/wp-content\/uploads\/2022\/05\/imagem-base-noticiasemdestaque.png","contentUrl":"https:\/\/noticiasemdestaque.com\/cd\/wp-content\/uploads\/2022\/05\/imagem-base-noticiasemdestaque.png","width":1200,"height":630,"caption":"Not\u00edcias em Destaque"},"image":{"@id":"https:\/\/noticiasemdestaque.com\/cd\/#\/schema\/logo\/image\/"}},{"@type":"Person","@id":"https:\/\/noticiasemdestaque.com\/cd\/#\/schema\/person\/47f7d4f55eec17c6b2ca036c5500f6ce","name":"Not\u00edcias em Destaque","url":"https:\/\/noticiasemdestaque.com\/cd\/?author=2"}]}},"jetpack_featured_media_url":"https:\/\/noticiasemdestaque.com\/cd\/wp-content\/uploads\/2017\/05\/sala-de-aula.jpg","jetpack_sharing_enabled":true,"_links":{"self":[{"href":"https:\/\/noticiasemdestaque.com\/cd\/index.php?rest_route=\/wp\/v2\/posts\/41","targetHints":{"allow":["GET"]}}],"collection":[{"href":"https:\/\/noticiasemdestaque.com\/cd\/index.php?rest_route=\/wp\/v2\/posts"}],"about":[{"href":"https:\/\/noticiasemdestaque.com\/cd\/index.php?rest_route=\/wp\/v2\/types\/post"}],"author":[{"embeddable":true,"href":"https:\/\/noticiasemdestaque.com\/cd\/index.php?rest_route=\/wp\/v2\/users\/2"}],"replies":[{"embeddable":true,"href":"https:\/\/noticiasemdestaque.com\/cd\/index.php?rest_route=%2Fwp%2Fv2%2Fcomments&post=41"}],"version-history":[{"count":1,"href":"https:\/\/noticiasemdestaque.com\/cd\/index.php?rest_route=\/wp\/v2\/posts\/41\/revisions"}],"predecessor-version":[{"id":43,"href":"https:\/\/noticiasemdestaque.com\/cd\/index.php?rest_route=\/wp\/v2\/posts\/41\/revisions\/43"}],"wp:featuredmedia":[{"embeddable":true,"href":"https:\/\/noticiasemdestaque.com\/cd\/index.php?rest_route=\/wp\/v2\/media\/42"}],"wp:attachment":[{"href":"https:\/\/noticiasemdestaque.com\/cd\/index.php?rest_route=%2Fwp%2Fv2%2Fmedia&parent=41"}],"wp:term":[{"taxonomy":"category","embeddable":true,"href":"https:\/\/noticiasemdestaque.com\/cd\/index.php?rest_route=%2Fwp%2Fv2%2Fcategories&post=41"},{"taxonomy":"post_tag","embeddable":true,"href":"https:\/\/noticiasemdestaque.com\/cd\/index.php?rest_route=%2Fwp%2Fv2%2Ftags&post=41"}],"curies":[{"name":"wp","href":"https:\/\/api.w.org\/{rel}","templated":true}]}}