{"id":40824,"date":"2022-07-09T10:14:13","date_gmt":"2022-07-09T13:14:13","guid":{"rendered":"https:\/\/noticiasemdestaque.com\/cd\/?p=40824"},"modified":"2022-07-09T10:14:13","modified_gmt":"2022-07-09T13:14:13","slug":"jovem-de-18-anos-e-assassinado-em-cidade-do-cariri","status":"publish","type":"post","link":"https:\/\/noticiasemdestaque.com\/cd\/?p=40824","title":{"rendered":"Jovem de 18 anos \u00e9 assassinado em cidade do Cariri"},"content":{"rendered":"<p><a href=\"https:\/\/noticiasemdestaque.com\/cd\/wp-content\/uploads\/2022\/07\/SIRENE-GIF.gif\"><img fetchpriority=\"high\" decoding=\"async\" class=\"wp-image-40825 aligncenter\" src=\"https:\/\/noticiasemdestaque.com\/cd\/wp-content\/uploads\/2022\/07\/SIRENE-GIF-300x200.gif\" alt=\"\" width=\"721\" height=\"480\" srcset=\"https:\/\/noticiasemdestaque.com\/cd\/wp-content\/uploads\/2022\/07\/SIRENE-GIF-300x200.gif 300w, https:\/\/noticiasemdestaque.com\/cd\/wp-content\/uploads\/2022\/07\/SIRENE-GIF-18x12.gif 18w\" sizes=\"(max-width: 721px) 100vw, 721px\" \/><\/a><\/p>\n<p style=\"font-weight: 400;\">Um jovem de apenas 18 anos, foi executado com v\u00e1rios disparos de arma de fogo na cabe\u00e7a e no pesco\u00e7o na madrugada desta sexta-feira (8), em Assun\u00e7\u00e3o, no Cariri paraibano.<\/p>\n<p style=\"font-weight: 400;\">De acordo com informa\u00e7\u00f5es, o jovem havia sa\u00eddo da cadeia havia poucos dias. O crime ocorreu por volta das 00h30 em uma rua paralela a rua Joana M\u00aa da Concei\u00e7\u00e3o, antigo \u201crabo da gata\u201d.<\/p>\n<p style=\"font-weight: 400;\">At\u00e9 o momento, ningu\u00e9m foi preso e os motivos do crime brutal ainda s\u00e3o desconhecidos. O IML foi acionado e o corpo conduzido para per\u00edcia.<\/p>\n<p style=\"font-weight: 400;\">A Pol\u00edcia Civil (PC) investiga o homic\u00eddio a partir de agora.<\/p>\n<p><strong>Noticias em Destaque<\/strong><\/p>\n<p style=\"font-weight: 400; text-align: right;\"><em>Fonte: Heleno Lima<\/em><\/p>\n","protected":false},"excerpt":{"rendered":"<p>Um jovem de apenas 18 anos, foi executado com v\u00e1rios disparos de arma de fogo na cabe\u00e7a e no pesco\u00e7o na madrugada desta sexta-feira (8), em Assun\u00e7\u00e3o, no Cariri paraibano. De acordo com informa\u00e7\u00f5es, o jovem havia sa\u00eddo da cadeia havia poucos dias. O crime ocorreu por volta das 00h30 em uma rua paralela a rua Joana M\u00aa da Concei\u00e7\u00e3o, antigo \u201crabo da gata\u201d. At\u00e9 o momento, ningu\u00e9m foi preso e os motivos do crime brutal ainda s\u00e3o desconhecidos. O IML foi acionado e o corpo conduzido para per\u00edcia. A Pol\u00edcia Civil (PC) investiga o homic\u00eddio a partir de agora. Noticias em Destaque Fonte: Heleno Lima<\/p>\n","protected":false},"author":2,"featured_media":40825,"comment_status":"closed","ping_status":"open","sticky":false,"template":"","format":"standard","meta":{"_eb_attr":"","_jetpack_memberships_contains_paid_content":false,"footnotes":""},"categories":[20],"tags":[],"class_list":["post-40824","post","type-post","status-publish","format-standard","has-post-thumbnail","hentry","category-policia"],"yoast_head":"<!-- This site is optimized with the Yoast SEO plugin v26.5 - https:\/\/yoast.com\/wordpress\/plugins\/seo\/ -->\n<title>Jovem de 18 anos \u00e9 assassinado em cidade do Cariri - Not&iacute;cias em Destaque<\/title>\n<meta name=\"robots\" content=\"index, follow, max-snippet:-1, max-image-preview:large, max-video-preview:-1\" \/>\n<link rel=\"canonical\" href=\"https:\/\/noticiasemdestaque.com\/cd\/?p=40824\" \/>\n<meta property=\"og:locale\" content=\"pt_BR\" \/>\n<meta property=\"og:type\" content=\"article\" \/>\n<meta property=\"og:title\" content=\"Jovem de 18 anos \u00e9 assassinado em cidade do Cariri - Not&iacute;cias em Destaque\" \/>\n<meta property=\"og:description\" content=\"Um jovem de apenas 18 anos, foi executado com v\u00e1rios disparos de arma de fogo na cabe\u00e7a e no pesco\u00e7o na madrugada desta sexta-feira (8), em Assun\u00e7\u00e3o, no Cariri paraibano. De acordo com informa\u00e7\u00f5es, o jovem havia sa\u00eddo da cadeia havia poucos dias. O crime ocorreu por volta das 00h30 em uma rua paralela a rua Joana M\u00aa da Concei\u00e7\u00e3o, antigo \u201crabo da gata\u201d. At\u00e9 o momento, ningu\u00e9m foi preso e os motivos do crime brutal ainda s\u00e3o desconhecidos. O IML foi acionado e o corpo conduzido para per\u00edcia. A Pol\u00edcia Civil (PC) investiga o homic\u00eddio a partir de agora. Noticias em Destaque Fonte: Heleno Lima\" \/>\n<meta property=\"og:url\" content=\"https:\/\/noticiasemdestaque.com\/cd\/?p=40824\" \/>\n<meta property=\"og:site_name\" content=\"Not&iacute;cias em Destaque\" \/>\n<meta property=\"article:published_time\" content=\"2022-07-09T13:14:13+00:00\" \/>\n<meta property=\"og:image\" content=\"https:\/\/noticiasemdestaque.com\/cd\/wp-content\/uploads\/2022\/07\/SIRENE-GIF.gif\" \/>\n\t<meta property=\"og:image:width\" content=\"400\" \/>\n\t<meta property=\"og:image:height\" content=\"266\" \/>\n\t<meta property=\"og:image:type\" content=\"image\/gif\" \/>\n<meta name=\"author\" content=\"Not\u00edcias em Destaque\" \/>\n<meta name=\"twitter:card\" content=\"summary_large_image\" \/>\n<meta name=\"twitter:label1\" content=\"Escrito por\" \/>\n\t<meta name=\"twitter:data1\" content=\"Not\u00edcias em Destaque\" \/>\n\t<meta name=\"twitter:label2\" content=\"Est. tempo de leitura\" \/>\n\t<meta name=\"twitter:data2\" content=\"1 minuto\" \/>\n<script type=\"application\/ld+json\" class=\"yoast-schema-graph\">{\"@context\":\"https:\/\/schema.org\",\"@graph\":[{\"@type\":\"Article\",\"@id\":\"https:\/\/noticiasemdestaque.com\/cd\/?p=40824#article\",\"isPartOf\":{\"@id\":\"https:\/\/noticiasemdestaque.com\/cd\/?p=40824\"},\"author\":{\"name\":\"Not\u00edcias em Destaque\",\"@id\":\"https:\/\/noticiasemdestaque.com\/cd\/#\/schema\/person\/4a81fb71f77579d059c3045891fa1786\"},\"headline\":\"Jovem de 18 anos \u00e9 assassinado em cidade do Cariri\",\"datePublished\":\"2022-07-09T13:14:13+00:00\",\"mainEntityOfPage\":{\"@id\":\"https:\/\/noticiasemdestaque.com\/cd\/?p=40824\"},\"wordCount\":124,\"publisher\":{\"@id\":\"https:\/\/noticiasemdestaque.com\/cd\/#organization\"},\"image\":{\"@id\":\"https:\/\/noticiasemdestaque.com\/cd\/?p=40824#primaryimage\"},\"thumbnailUrl\":\"https:\/\/noticiasemdestaque.com\/cd\/wp-content\/uploads\/2022\/07\/SIRENE-GIF.gif\",\"articleSection\":[\"Pol\u00edcia\"],\"inLanguage\":\"pt-BR\"},{\"@type\":\"WebPage\",\"@id\":\"https:\/\/noticiasemdestaque.com\/cd\/?p=40824\",\"url\":\"https:\/\/noticiasemdestaque.com\/cd\/?p=40824\",\"name\":\"Jovem de 18 anos \u00e9 assassinado em cidade do Cariri - Not&iacute;cias em Destaque\",\"isPartOf\":{\"@id\":\"https:\/\/noticiasemdestaque.com\/cd\/#website\"},\"primaryImageOfPage\":{\"@id\":\"https:\/\/noticiasemdestaque.com\/cd\/?p=40824#primaryimage\"},\"image\":{\"@id\":\"https:\/\/noticiasemdestaque.com\/cd\/?p=40824#primaryimage\"},\"thumbnailUrl\":\"https:\/\/noticiasemdestaque.com\/cd\/wp-content\/uploads\/2022\/07\/SIRENE-GIF.gif\",\"datePublished\":\"2022-07-09T13:14:13+00:00\",\"breadcrumb\":{\"@id\":\"https:\/\/noticiasemdestaque.com\/cd\/?p=40824#breadcrumb\"},\"inLanguage\":\"pt-BR\",\"potentialAction\":[{\"@type\":\"ReadAction\",\"target\":[\"https:\/\/noticiasemdestaque.com\/cd\/?p=40824\"]}]},{\"@type\":\"ImageObject\",\"inLanguage\":\"pt-BR\",\"@id\":\"https:\/\/noticiasemdestaque.com\/cd\/?p=40824#primaryimage\",\"url\":\"https:\/\/noticiasemdestaque.com\/cd\/wp-content\/uploads\/2022\/07\/SIRENE-GIF.gif\",\"contentUrl\":\"https:\/\/noticiasemdestaque.com\/cd\/wp-content\/uploads\/2022\/07\/SIRENE-GIF.gif\",\"width\":400,\"height\":266},{\"@type\":\"BreadcrumbList\",\"@id\":\"https:\/\/noticiasemdestaque.com\/cd\/?p=40824#breadcrumb\",\"itemListElement\":[{\"@type\":\"ListItem\",\"position\":1,\"name\":\"In\u00edcio\",\"item\":\"https:\/\/noticiasemdestaque.com\/cd\/\"},{\"@type\":\"ListItem\",\"position\":2,\"name\":\"Jovem de 18 anos \u00e9 assassinado em cidade do Cariri\"}]},{\"@type\":\"WebSite\",\"@id\":\"https:\/\/noticiasemdestaque.com\/cd\/#website\",\"url\":\"https:\/\/noticiasemdestaque.com\/cd\/\",\"name\":\"Not&iacute;cias em Destaque\",\"description\":\"\",\"publisher\":{\"@id\":\"https:\/\/noticiasemdestaque.com\/cd\/#organization\"},\"potentialAction\":[{\"@type\":\"SearchAction\",\"target\":{\"@type\":\"EntryPoint\",\"urlTemplate\":\"https:\/\/noticiasemdestaque.com\/cd\/?s={search_term_string}\"},\"query-input\":{\"@type\":\"PropertyValueSpecification\",\"valueRequired\":true,\"valueName\":\"search_term_string\"}}],\"inLanguage\":\"pt-BR\"},{\"@type\":\"Organization\",\"@id\":\"https:\/\/noticiasemdestaque.com\/cd\/#organization\",\"name\":\"Not\u00edcias em Destaque\",\"url\":\"https:\/\/noticiasemdestaque.com\/cd\/\",\"logo\":{\"@type\":\"ImageObject\",\"inLanguage\":\"pt-BR\",\"@id\":\"https:\/\/noticiasemdestaque.com\/cd\/#\/schema\/logo\/image\/\",\"url\":\"https:\/\/noticiasemdestaque.com\/cd\/wp-content\/uploads\/2022\/05\/imagem-base-noticiasemdestaque.png\",\"contentUrl\":\"https:\/\/noticiasemdestaque.com\/cd\/wp-content\/uploads\/2022\/05\/imagem-base-noticiasemdestaque.png\",\"width\":1200,\"height\":630,\"caption\":\"Not\u00edcias em Destaque\"},\"image\":{\"@id\":\"https:\/\/noticiasemdestaque.com\/cd\/#\/schema\/logo\/image\/\"}},{\"@type\":\"Person\",\"@id\":\"https:\/\/noticiasemdestaque.com\/cd\/#\/schema\/person\/4a81fb71f77579d059c3045891fa1786\",\"name\":\"Not\u00edcias em Destaque\",\"url\":\"https:\/\/noticiasemdestaque.com\/cd\/?author=2\"}]}<\/script>\n<!-- \/ Yoast SEO plugin. -->","yoast_head_json":{"title":"Jovem de 18 anos \u00e9 assassinado em cidade do Cariri - Not&iacute;cias em Destaque","robots":{"index":"index","follow":"follow","max-snippet":"max-snippet:-1","max-image-preview":"max-image-preview:large","max-video-preview":"max-video-preview:-1"},"canonical":"https:\/\/noticiasemdestaque.com\/cd\/?p=40824","og_locale":"pt_BR","og_type":"article","og_title":"Jovem de 18 anos \u00e9 assassinado em cidade do Cariri - Not&iacute;cias em Destaque","og_description":"Um jovem de apenas 18 anos, foi executado com v\u00e1rios disparos de arma de fogo na cabe\u00e7a e no pesco\u00e7o na madrugada desta sexta-feira (8), em Assun\u00e7\u00e3o, no Cariri paraibano. De acordo com informa\u00e7\u00f5es, o jovem havia sa\u00eddo da cadeia havia poucos dias. O crime ocorreu por volta das 00h30 em uma rua paralela a rua Joana M\u00aa da Concei\u00e7\u00e3o, antigo \u201crabo da gata\u201d. At\u00e9 o momento, ningu\u00e9m foi preso e os motivos do crime brutal ainda s\u00e3o desconhecidos. O IML foi acionado e o corpo conduzido para per\u00edcia. A Pol\u00edcia Civil (PC) investiga o homic\u00eddio a partir de agora. Noticias em Destaque Fonte: Heleno Lima","og_url":"https:\/\/noticiasemdestaque.com\/cd\/?p=40824","og_site_name":"Not&iacute;cias em Destaque","article_published_time":"2022-07-09T13:14:13+00:00","og_image":[{"width":400,"height":266,"url":"https:\/\/noticiasemdestaque.com\/cd\/wp-content\/uploads\/2022\/07\/SIRENE-GIF.gif","type":"image\/gif"}],"author":"Not\u00edcias em Destaque","twitter_card":"summary_large_image","twitter_misc":{"Escrito por":"Not\u00edcias em Destaque","Est. tempo de leitura":"1 minuto"},"schema":{"@context":"https:\/\/schema.org","@graph":[{"@type":"Article","@id":"https:\/\/noticiasemdestaque.com\/cd\/?p=40824#article","isPartOf":{"@id":"https:\/\/noticiasemdestaque.com\/cd\/?p=40824"},"author":{"name":"Not\u00edcias em Destaque","@id":"https:\/\/noticiasemdestaque.com\/cd\/#\/schema\/person\/4a81fb71f77579d059c3045891fa1786"},"headline":"Jovem de 18 anos \u00e9 assassinado em cidade do Cariri","datePublished":"2022-07-09T13:14:13+00:00","mainEntityOfPage":{"@id":"https:\/\/noticiasemdestaque.com\/cd\/?p=40824"},"wordCount":124,"publisher":{"@id":"https:\/\/noticiasemdestaque.com\/cd\/#organization"},"image":{"@id":"https:\/\/noticiasemdestaque.com\/cd\/?p=40824#primaryimage"},"thumbnailUrl":"https:\/\/noticiasemdestaque.com\/cd\/wp-content\/uploads\/2022\/07\/SIRENE-GIF.gif","articleSection":["Pol\u00edcia"],"inLanguage":"pt-BR"},{"@type":"WebPage","@id":"https:\/\/noticiasemdestaque.com\/cd\/?p=40824","url":"https:\/\/noticiasemdestaque.com\/cd\/?p=40824","name":"Jovem de 18 anos \u00e9 assassinado em cidade do Cariri - Not&iacute;cias em Destaque","isPartOf":{"@id":"https:\/\/noticiasemdestaque.com\/cd\/#website"},"primaryImageOfPage":{"@id":"https:\/\/noticiasemdestaque.com\/cd\/?p=40824#primaryimage"},"image":{"@id":"https:\/\/noticiasemdestaque.com\/cd\/?p=40824#primaryimage"},"thumbnailUrl":"https:\/\/noticiasemdestaque.com\/cd\/wp-content\/uploads\/2022\/07\/SIRENE-GIF.gif","datePublished":"2022-07-09T13:14:13+00:00","breadcrumb":{"@id":"https:\/\/noticiasemdestaque.com\/cd\/?p=40824#breadcrumb"},"inLanguage":"pt-BR","potentialAction":[{"@type":"ReadAction","target":["https:\/\/noticiasemdestaque.com\/cd\/?p=40824"]}]},{"@type":"ImageObject","inLanguage":"pt-BR","@id":"https:\/\/noticiasemdestaque.com\/cd\/?p=40824#primaryimage","url":"https:\/\/noticiasemdestaque.com\/cd\/wp-content\/uploads\/2022\/07\/SIRENE-GIF.gif","contentUrl":"https:\/\/noticiasemdestaque.com\/cd\/wp-content\/uploads\/2022\/07\/SIRENE-GIF.gif","width":400,"height":266},{"@type":"BreadcrumbList","@id":"https:\/\/noticiasemdestaque.com\/cd\/?p=40824#breadcrumb","itemListElement":[{"@type":"ListItem","position":1,"name":"In\u00edcio","item":"https:\/\/noticiasemdestaque.com\/cd\/"},{"@type":"ListItem","position":2,"name":"Jovem de 18 anos \u00e9 assassinado em cidade do Cariri"}]},{"@type":"WebSite","@id":"https:\/\/noticiasemdestaque.com\/cd\/#website","url":"https:\/\/noticiasemdestaque.com\/cd\/","name":"Not&iacute;cias em Destaque","description":"","publisher":{"@id":"https:\/\/noticiasemdestaque.com\/cd\/#organization"},"potentialAction":[{"@type":"SearchAction","target":{"@type":"EntryPoint","urlTemplate":"https:\/\/noticiasemdestaque.com\/cd\/?s={search_term_string}"},"query-input":{"@type":"PropertyValueSpecification","valueRequired":true,"valueName":"search_term_string"}}],"inLanguage":"pt-BR"},{"@type":"Organization","@id":"https:\/\/noticiasemdestaque.com\/cd\/#organization","name":"Not\u00edcias em Destaque","url":"https:\/\/noticiasemdestaque.com\/cd\/","logo":{"@type":"ImageObject","inLanguage":"pt-BR","@id":"https:\/\/noticiasemdestaque.com\/cd\/#\/schema\/logo\/image\/","url":"https:\/\/noticiasemdestaque.com\/cd\/wp-content\/uploads\/2022\/05\/imagem-base-noticiasemdestaque.png","contentUrl":"https:\/\/noticiasemdestaque.com\/cd\/wp-content\/uploads\/2022\/05\/imagem-base-noticiasemdestaque.png","width":1200,"height":630,"caption":"Not\u00edcias em Destaque"},"image":{"@id":"https:\/\/noticiasemdestaque.com\/cd\/#\/schema\/logo\/image\/"}},{"@type":"Person","@id":"https:\/\/noticiasemdestaque.com\/cd\/#\/schema\/person\/4a81fb71f77579d059c3045891fa1786","name":"Not\u00edcias em Destaque","url":"https:\/\/noticiasemdestaque.com\/cd\/?author=2"}]}},"jetpack_featured_media_url":"https:\/\/noticiasemdestaque.com\/cd\/wp-content\/uploads\/2022\/07\/SIRENE-GIF.gif","jetpack_sharing_enabled":true,"_links":{"self":[{"href":"https:\/\/noticiasemdestaque.com\/cd\/index.php?rest_route=\/wp\/v2\/posts\/40824","targetHints":{"allow":["GET"]}}],"collection":[{"href":"https:\/\/noticiasemdestaque.com\/cd\/index.php?rest_route=\/wp\/v2\/posts"}],"about":[{"href":"https:\/\/noticiasemdestaque.com\/cd\/index.php?rest_route=\/wp\/v2\/types\/post"}],"author":[{"embeddable":true,"href":"https:\/\/noticiasemdestaque.com\/cd\/index.php?rest_route=\/wp\/v2\/users\/2"}],"replies":[{"embeddable":true,"href":"https:\/\/noticiasemdestaque.com\/cd\/index.php?rest_route=%2Fwp%2Fv2%2Fcomments&post=40824"}],"version-history":[{"count":1,"href":"https:\/\/noticiasemdestaque.com\/cd\/index.php?rest_route=\/wp\/v2\/posts\/40824\/revisions"}],"predecessor-version":[{"id":40826,"href":"https:\/\/noticiasemdestaque.com\/cd\/index.php?rest_route=\/wp\/v2\/posts\/40824\/revisions\/40826"}],"wp:featuredmedia":[{"embeddable":true,"href":"https:\/\/noticiasemdestaque.com\/cd\/index.php?rest_route=\/wp\/v2\/media\/40825"}],"wp:attachment":[{"href":"https:\/\/noticiasemdestaque.com\/cd\/index.php?rest_route=%2Fwp%2Fv2%2Fmedia&parent=40824"}],"wp:term":[{"taxonomy":"category","embeddable":true,"href":"https:\/\/noticiasemdestaque.com\/cd\/index.php?rest_route=%2Fwp%2Fv2%2Fcategories&post=40824"},{"taxonomy":"post_tag","embeddable":true,"href":"https:\/\/noticiasemdestaque.com\/cd\/index.php?rest_route=%2Fwp%2Fv2%2Ftags&post=40824"}],"curies":[{"name":"wp","href":"https:\/\/api.w.org\/{rel}","templated":true}]}}