{"id":40820,"date":"2022-07-09T10:03:24","date_gmt":"2022-07-09T13:03:24","guid":{"rendered":"https:\/\/noticiasemdestaque.com\/cd\/?p=40820"},"modified":"2022-07-09T10:04:04","modified_gmt":"2022-07-09T13:04:04","slug":"willian-arao-nao-joga-mais-pelo-flamengo-e-se-despede-do-elenco-neste-sabado","status":"publish","type":"post","link":"https:\/\/noticiasemdestaque.com\/cd\/?p=40820","title":{"rendered":"Willian Ar\u00e3o n\u00e3o joga mais pelo Flamengo e se despede do elenco neste s\u00e1bado"},"content":{"rendered":"<section class=\"xpa-switch-article\">\n<div class=\"news-paragraph text-1\">\n<section class=\"xpa-switch-article\">\n<div class=\"news-paragraph text-1\">\n<p><a href=\"https:\/\/noticiasemdestaque.com\/cd\/wp-content\/uploads\/2022\/07\/arao.webp\"><img fetchpriority=\"high\" decoding=\"async\" class=\"alignnone wp-image-40821\" src=\"https:\/\/noticiasemdestaque.com\/cd\/wp-content\/uploads\/2022\/07\/arao-300x200.webp\" alt=\"\" width=\"798\" height=\"532\" srcset=\"https:\/\/noticiasemdestaque.com\/cd\/wp-content\/uploads\/2022\/07\/arao-300x200.webp 300w, https:\/\/noticiasemdestaque.com\/cd\/wp-content\/uploads\/2022\/07\/arao-768x512.webp 768w, https:\/\/noticiasemdestaque.com\/cd\/wp-content\/uploads\/2022\/07\/arao-18x12.webp 18w, https:\/\/noticiasemdestaque.com\/cd\/wp-content\/uploads\/2022\/07\/arao.webp 846w\" sizes=\"(max-width: 798px) 100vw, 798px\" \/><\/a><\/p>\n<p>Este s\u00e1bado (09) \u00e9 o \u00faltimo dia de\u00a0<a href=\"https:\/\/colunadofla.com\/2022\/07\/flamengo-vende-willian-arao-ao-fenerbahce\/\" target=\"_blank\" rel=\"noopener noreferrer\">Willian Ar\u00e3o<\/a>\u00a0no elenco do\u00a0<a href=\"http:\/\/colunadofla.com\/\" target=\"_blank\" rel=\"noopener noreferrer\">Flamengo<\/a>. O volante foi vendido ao Fenerbah\u00e7e (TUR) e j\u00e1 n\u00e3o joga mais pelo Rubro-Negro. Dessa forma, o camisa 5 sequer enfrenta o\u00a0<a href=\"https:\/\/colunadofla.com\/2022\/07\/flamengo-esta-invicto-na-arena-do-corinthians-desde-2018\/\" target=\"_blank\" rel=\"noopener noreferrer\">Corinthians<\/a>, no domingo (10), em uma partida que marcaria uma esp\u00e9cie de despedida do atleta. A v\u00e9spera do confronto, ent\u00e3o, servir\u00e1 como o \u201cdia do adeus\u201d do atleta.<\/p>\n<\/div>\n<\/section>\n<\/div>\n<\/section>\n<section class=\"xpa-switch-article\">\n<div class=\"news-paragraph text-1\">\n<p>A urg\u00eancia para Willian Ar\u00e3o se apresentar no Fenerbah\u00e7e \u00e9 grande, isso porque, o treinador Jorge Jesus insiste em contar com mais um volante ainda na pr\u00e9-temporada. Al\u00e9m do fator t\u00e9cnico, a ida \u00e0s pressas para o clube de Istambul \u00e9 causada pelo prazo de inscri\u00e7\u00e3o para as fases preliminares da Champions League, que se encerra em 14 de julho. Informa\u00e7\u00f5es publicadas primeiramente pelo portal UOL.<\/p>\n<\/div>\n<\/section>\n<section class=\"xpa-switch-article\">\n<div class=\"news-paragraph text-1\">\n<p>Para tirar Willian Ar\u00e3o do <a href=\"http:\/\/colunadofla.com\/\" target=\"_blank\" rel=\"noopener noreferrer\">Flamengo<\/a>, o Fenerbah\u00e7e vai pagar 3 milh\u00f5es de euros (cerca de R$ 16 milh\u00f5es) ao Mais Querido, com o pagamento sendo parcelado em tr\u00eas vezes: uma neste m\u00eas de julho, outra em novembro de 2022 e a \u00faltima em outubro de 2023. A diretoria rubro-negra viu como uma excelente oportunidade de neg\u00f3cio o interesse da equipe turca, visto que o jogador de 30 anos j\u00e1 n\u00e3o estava mais no auge t\u00e9cnico.<\/p>\n<\/div>\n<\/section>\n<section class=\"xpa-switch-article\">\n<div class=\"news-paragraph text-1\">\n<p>Ar\u00e3o \u00e9 desejo antigo do t\u00e9cnico ex-<a href=\"http:\/\/colunadofla.com\/\" target=\"_blank\" rel=\"noopener noreferrer\">Flamengo<\/a>, que pediu a contrata\u00e7\u00e3o do camisa 5 rubro-negro assim que chegou \u00e0 Turquia para conhecer o plantel. A princ\u00edpio, o Fenerbah\u00e7e se mostrou relutante para contratar o atleta, mas Jorge Jesus conseguiu convencer o time turco de investir a quantia no volante.<\/p>\n<\/div>\n<\/section>\n<section class=\"xpa-switch-article\">\n<div class=\"news-paragraph text-1\">\n<p>No\u00a0<a href=\"http:\/\/colunadofla.com\/\" target=\"_blank\" rel=\"noopener noreferrer\">Flamengo<\/a>\u00a0desde janeiro de 2016, Willian Ar\u00e3o era o atleta mais longevo do atual elenco rubro-negro. Ao todo, o volante disputou 377 partidas com o Manto Sagrado, marcou 35 gols e conquistou dez t\u00edtulos. Dentre as principais conquistas, est\u00e3o: quatro Campeonatos Carioca, dois Brasileir\u00f5es, duas Supercopas do Brasil, uma Libertadores e uma Recopa Sul-Americana.<\/p>\n<p><strong>Noticias em Destaque<\/strong><\/p>\n<p style=\"text-align: right;\"><em>Fonte: One Football<\/em><\/p>\n<\/div>\n<\/section>\n","protected":false},"excerpt":{"rendered":"<p>Este s\u00e1bado (09) \u00e9 o \u00faltimo dia de\u00a0Willian Ar\u00e3o\u00a0no elenco do\u00a0Flamengo. O volante foi vendido ao Fenerbah\u00e7e (TUR) e j\u00e1 n\u00e3o joga mais pelo Rubro-Negro. Dessa forma, o camisa 5 sequer enfrenta o\u00a0Corinthians, no domingo (10), em uma partida que marcaria uma esp\u00e9cie de despedida do atleta. A v\u00e9spera do confronto, ent\u00e3o, servir\u00e1 como o \u201cdia do adeus\u201d do atleta. A urg\u00eancia para Willian Ar\u00e3o se apresentar no Fenerbah\u00e7e \u00e9 grande, isso porque, o treinador Jorge Jesus insiste em contar com mais um volante ainda na pr\u00e9-temporada. Al\u00e9m do fator t\u00e9cnico, a ida \u00e0s pressas para o clube de Istambul \u00e9 causada pelo prazo de inscri\u00e7\u00e3o para as fases preliminares da Champions League, que se encerra em 14 de julho. Informa\u00e7\u00f5es publicadas primeiramente pelo portal UOL. Para tirar Willian Ar\u00e3o do Flamengo, o Fenerbah\u00e7e vai pagar 3 milh\u00f5es de euros (cerca de R$ 16 milh\u00f5es) ao Mais Querido, com o pagamento sendo parcelado em tr\u00eas vezes: uma neste m\u00eas de julho, outra em novembro de 2022 e a \u00faltima em outubro de 2023. A diretoria rubro-negra viu como uma excelente oportunidade de neg\u00f3cio o interesse da equipe turca, visto que o jogador de 30 anos j\u00e1 n\u00e3o estava mais no auge t\u00e9cnico. Ar\u00e3o \u00e9 desejo antigo do t\u00e9cnico ex-Flamengo, que pediu a contrata\u00e7\u00e3o do camisa 5 rubro-negro assim que chegou \u00e0 Turquia para conhecer o plantel. A princ\u00edpio, o Fenerbah\u00e7e se mostrou relutante para contratar o atleta, mas Jorge Jesus conseguiu convencer o time turco de investir a quantia no volante. No\u00a0Flamengo\u00a0desde janeiro de 2016, Willian Ar\u00e3o era o atleta mais longevo do atual elenco rubro-negro. Ao todo, o volante disputou 377 partidas com o Manto Sagrado, marcou 35 gols e conquistou dez t\u00edtulos. Dentre as principais conquistas, est\u00e3o: quatro Campeonatos Carioca, dois Brasileir\u00f5es, duas Supercopas do Brasil, uma Libertadores e uma Recopa Sul-Americana. Noticias em Destaque Fonte: One Football<\/p>\n","protected":false},"author":2,"featured_media":40821,"comment_status":"closed","ping_status":"open","sticky":false,"template":"","format":"standard","meta":{"_eb_attr":"","_jetpack_memberships_contains_paid_content":false,"footnotes":""},"categories":[15],"tags":[],"class_list":["post-40820","post","type-post","status-publish","format-standard","has-post-thumbnail","hentry","category-esporte"],"yoast_head":"<!-- This site is optimized with the Yoast SEO plugin v26.5 - https:\/\/yoast.com\/wordpress\/plugins\/seo\/ -->\n<title>Willian Ar\u00e3o n\u00e3o joga mais pelo Flamengo e se despede do elenco neste s\u00e1bado - Not&iacute;cias em Destaque<\/title>\n<meta name=\"robots\" content=\"index, follow, max-snippet:-1, max-image-preview:large, max-video-preview:-1\" \/>\n<link rel=\"canonical\" href=\"https:\/\/noticiasemdestaque.com\/cd\/?p=40820\" \/>\n<meta property=\"og:locale\" content=\"pt_BR\" \/>\n<meta property=\"og:type\" content=\"article\" \/>\n<meta property=\"og:title\" content=\"Willian Ar\u00e3o n\u00e3o joga mais pelo Flamengo e se despede do elenco neste s\u00e1bado - Not&iacute;cias em Destaque\" \/>\n<meta property=\"og:description\" content=\"Este s\u00e1bado (09) \u00e9 o \u00faltimo dia de\u00a0Willian Ar\u00e3o\u00a0no elenco do\u00a0Flamengo. O volante foi vendido ao Fenerbah\u00e7e (TUR) e j\u00e1 n\u00e3o joga mais pelo Rubro-Negro. Dessa forma, o camisa 5 sequer enfrenta o\u00a0Corinthians, no domingo (10), em uma partida que marcaria uma esp\u00e9cie de despedida do atleta. A v\u00e9spera do confronto, ent\u00e3o, servir\u00e1 como o \u201cdia do adeus\u201d do atleta. A urg\u00eancia para Willian Ar\u00e3o se apresentar no Fenerbah\u00e7e \u00e9 grande, isso porque, o treinador Jorge Jesus insiste em contar com mais um volante ainda na pr\u00e9-temporada. Al\u00e9m do fator t\u00e9cnico, a ida \u00e0s pressas para o clube de Istambul \u00e9 causada pelo prazo de inscri\u00e7\u00e3o para as fases preliminares da Champions League, que se encerra em 14 de julho. Informa\u00e7\u00f5es publicadas primeiramente pelo portal UOL. Para tirar Willian Ar\u00e3o do Flamengo, o Fenerbah\u00e7e vai pagar 3 milh\u00f5es de euros (cerca de R$ 16 milh\u00f5es) ao Mais Querido, com o pagamento sendo parcelado em tr\u00eas vezes: uma neste m\u00eas de julho, outra em novembro de 2022 e a \u00faltima em outubro de 2023. A diretoria rubro-negra viu como uma excelente oportunidade de neg\u00f3cio o interesse da equipe turca, visto que o jogador de 30 anos j\u00e1 n\u00e3o estava mais no auge t\u00e9cnico. Ar\u00e3o \u00e9 desejo antigo do t\u00e9cnico ex-Flamengo, que pediu a contrata\u00e7\u00e3o do camisa 5 rubro-negro assim que chegou \u00e0 Turquia para conhecer o plantel. A princ\u00edpio, o Fenerbah\u00e7e se mostrou relutante para contratar o atleta, mas Jorge Jesus conseguiu convencer o time turco de investir a quantia no volante. No\u00a0Flamengo\u00a0desde janeiro de 2016, Willian Ar\u00e3o era o atleta mais longevo do atual elenco rubro-negro. Ao todo, o volante disputou 377 partidas com o Manto Sagrado, marcou 35 gols e conquistou dez t\u00edtulos. Dentre as principais conquistas, est\u00e3o: quatro Campeonatos Carioca, dois Brasileir\u00f5es, duas Supercopas do Brasil, uma Libertadores e uma Recopa Sul-Americana. Noticias em Destaque Fonte: One Football\" \/>\n<meta property=\"og:url\" content=\"https:\/\/noticiasemdestaque.com\/cd\/?p=40820\" \/>\n<meta property=\"og:site_name\" content=\"Not&iacute;cias em Destaque\" \/>\n<meta property=\"article:published_time\" content=\"2022-07-09T13:03:24+00:00\" \/>\n<meta property=\"article:modified_time\" content=\"2022-07-09T13:04:04+00:00\" \/>\n<meta property=\"og:image\" content=\"https:\/\/noticiasemdestaque.com\/cd\/wp-content\/uploads\/2022\/07\/arao.webp\" \/>\n\t<meta property=\"og:image:width\" content=\"846\" \/>\n\t<meta property=\"og:image:height\" content=\"564\" \/>\n\t<meta property=\"og:image:type\" content=\"image\/webp\" \/>\n<meta name=\"author\" content=\"Not\u00edcias em Destaque\" \/>\n<meta name=\"twitter:card\" content=\"summary_large_image\" \/>\n<meta name=\"twitter:label1\" content=\"Escrito por\" \/>\n\t<meta name=\"twitter:data1\" content=\"Not\u00edcias em Destaque\" \/>\n\t<meta name=\"twitter:label2\" content=\"Est. tempo de leitura\" \/>\n\t<meta name=\"twitter:data2\" content=\"2 minutos\" \/>\n<script type=\"application\/ld+json\" class=\"yoast-schema-graph\">{\"@context\":\"https:\/\/schema.org\",\"@graph\":[{\"@type\":\"Article\",\"@id\":\"https:\/\/noticiasemdestaque.com\/cd\/?p=40820#article\",\"isPartOf\":{\"@id\":\"https:\/\/noticiasemdestaque.com\/cd\/?p=40820\"},\"author\":{\"name\":\"Not\u00edcias em Destaque\",\"@id\":\"https:\/\/noticiasemdestaque.com\/cd\/#\/schema\/person\/4a81fb71f77579d059c3045891fa1786\"},\"headline\":\"Willian Ar\u00e3o n\u00e3o joga mais pelo Flamengo e se despede do elenco neste s\u00e1bado\",\"datePublished\":\"2022-07-09T13:03:24+00:00\",\"dateModified\":\"2022-07-09T13:04:04+00:00\",\"mainEntityOfPage\":{\"@id\":\"https:\/\/noticiasemdestaque.com\/cd\/?p=40820\"},\"wordCount\":348,\"publisher\":{\"@id\":\"https:\/\/noticiasemdestaque.com\/cd\/#organization\"},\"image\":{\"@id\":\"https:\/\/noticiasemdestaque.com\/cd\/?p=40820#primaryimage\"},\"thumbnailUrl\":\"https:\/\/noticiasemdestaque.com\/cd\/wp-content\/uploads\/2022\/07\/arao.webp\",\"articleSection\":[\"Esporte\"],\"inLanguage\":\"pt-BR\"},{\"@type\":\"WebPage\",\"@id\":\"https:\/\/noticiasemdestaque.com\/cd\/?p=40820\",\"url\":\"https:\/\/noticiasemdestaque.com\/cd\/?p=40820\",\"name\":\"Willian Ar\u00e3o n\u00e3o joga mais pelo Flamengo e se despede do elenco neste s\u00e1bado - Not&iacute;cias em Destaque\",\"isPartOf\":{\"@id\":\"https:\/\/noticiasemdestaque.com\/cd\/#website\"},\"primaryImageOfPage\":{\"@id\":\"https:\/\/noticiasemdestaque.com\/cd\/?p=40820#primaryimage\"},\"image\":{\"@id\":\"https:\/\/noticiasemdestaque.com\/cd\/?p=40820#primaryimage\"},\"thumbnailUrl\":\"https:\/\/noticiasemdestaque.com\/cd\/wp-content\/uploads\/2022\/07\/arao.webp\",\"datePublished\":\"2022-07-09T13:03:24+00:00\",\"dateModified\":\"2022-07-09T13:04:04+00:00\",\"breadcrumb\":{\"@id\":\"https:\/\/noticiasemdestaque.com\/cd\/?p=40820#breadcrumb\"},\"inLanguage\":\"pt-BR\",\"potentialAction\":[{\"@type\":\"ReadAction\",\"target\":[\"https:\/\/noticiasemdestaque.com\/cd\/?p=40820\"]}]},{\"@type\":\"ImageObject\",\"inLanguage\":\"pt-BR\",\"@id\":\"https:\/\/noticiasemdestaque.com\/cd\/?p=40820#primaryimage\",\"url\":\"https:\/\/noticiasemdestaque.com\/cd\/wp-content\/uploads\/2022\/07\/arao.webp\",\"contentUrl\":\"https:\/\/noticiasemdestaque.com\/cd\/wp-content\/uploads\/2022\/07\/arao.webp\",\"width\":846,\"height\":564},{\"@type\":\"BreadcrumbList\",\"@id\":\"https:\/\/noticiasemdestaque.com\/cd\/?p=40820#breadcrumb\",\"itemListElement\":[{\"@type\":\"ListItem\",\"position\":1,\"name\":\"In\u00edcio\",\"item\":\"https:\/\/noticiasemdestaque.com\/cd\/\"},{\"@type\":\"ListItem\",\"position\":2,\"name\":\"Willian Ar\u00e3o n\u00e3o joga mais pelo Flamengo e se despede do elenco neste s\u00e1bado\"}]},{\"@type\":\"WebSite\",\"@id\":\"https:\/\/noticiasemdestaque.com\/cd\/#website\",\"url\":\"https:\/\/noticiasemdestaque.com\/cd\/\",\"name\":\"Not&iacute;cias em Destaque\",\"description\":\"\",\"publisher\":{\"@id\":\"https:\/\/noticiasemdestaque.com\/cd\/#organization\"},\"potentialAction\":[{\"@type\":\"SearchAction\",\"target\":{\"@type\":\"EntryPoint\",\"urlTemplate\":\"https:\/\/noticiasemdestaque.com\/cd\/?s={search_term_string}\"},\"query-input\":{\"@type\":\"PropertyValueSpecification\",\"valueRequired\":true,\"valueName\":\"search_term_string\"}}],\"inLanguage\":\"pt-BR\"},{\"@type\":\"Organization\",\"@id\":\"https:\/\/noticiasemdestaque.com\/cd\/#organization\",\"name\":\"Not\u00edcias em Destaque\",\"url\":\"https:\/\/noticiasemdestaque.com\/cd\/\",\"logo\":{\"@type\":\"ImageObject\",\"inLanguage\":\"pt-BR\",\"@id\":\"https:\/\/noticiasemdestaque.com\/cd\/#\/schema\/logo\/image\/\",\"url\":\"https:\/\/noticiasemdestaque.com\/cd\/wp-content\/uploads\/2022\/05\/imagem-base-noticiasemdestaque.png\",\"contentUrl\":\"https:\/\/noticiasemdestaque.com\/cd\/wp-content\/uploads\/2022\/05\/imagem-base-noticiasemdestaque.png\",\"width\":1200,\"height\":630,\"caption\":\"Not\u00edcias em Destaque\"},\"image\":{\"@id\":\"https:\/\/noticiasemdestaque.com\/cd\/#\/schema\/logo\/image\/\"}},{\"@type\":\"Person\",\"@id\":\"https:\/\/noticiasemdestaque.com\/cd\/#\/schema\/person\/4a81fb71f77579d059c3045891fa1786\",\"name\":\"Not\u00edcias em Destaque\",\"url\":\"https:\/\/noticiasemdestaque.com\/cd\/?author=2\"}]}<\/script>\n<!-- \/ Yoast SEO plugin. -->","yoast_head_json":{"title":"Willian Ar\u00e3o n\u00e3o joga mais pelo Flamengo e se despede do elenco neste s\u00e1bado - Not&iacute;cias em Destaque","robots":{"index":"index","follow":"follow","max-snippet":"max-snippet:-1","max-image-preview":"max-image-preview:large","max-video-preview":"max-video-preview:-1"},"canonical":"https:\/\/noticiasemdestaque.com\/cd\/?p=40820","og_locale":"pt_BR","og_type":"article","og_title":"Willian Ar\u00e3o n\u00e3o joga mais pelo Flamengo e se despede do elenco neste s\u00e1bado - Not&iacute;cias em Destaque","og_description":"Este s\u00e1bado (09) \u00e9 o \u00faltimo dia de\u00a0Willian Ar\u00e3o\u00a0no elenco do\u00a0Flamengo. O volante foi vendido ao Fenerbah\u00e7e (TUR) e j\u00e1 n\u00e3o joga mais pelo Rubro-Negro. Dessa forma, o camisa 5 sequer enfrenta o\u00a0Corinthians, no domingo (10), em uma partida que marcaria uma esp\u00e9cie de despedida do atleta. A v\u00e9spera do confronto, ent\u00e3o, servir\u00e1 como o \u201cdia do adeus\u201d do atleta. A urg\u00eancia para Willian Ar\u00e3o se apresentar no Fenerbah\u00e7e \u00e9 grande, isso porque, o treinador Jorge Jesus insiste em contar com mais um volante ainda na pr\u00e9-temporada. Al\u00e9m do fator t\u00e9cnico, a ida \u00e0s pressas para o clube de Istambul \u00e9 causada pelo prazo de inscri\u00e7\u00e3o para as fases preliminares da Champions League, que se encerra em 14 de julho. Informa\u00e7\u00f5es publicadas primeiramente pelo portal UOL. Para tirar Willian Ar\u00e3o do Flamengo, o Fenerbah\u00e7e vai pagar 3 milh\u00f5es de euros (cerca de R$ 16 milh\u00f5es) ao Mais Querido, com o pagamento sendo parcelado em tr\u00eas vezes: uma neste m\u00eas de julho, outra em novembro de 2022 e a \u00faltima em outubro de 2023. A diretoria rubro-negra viu como uma excelente oportunidade de neg\u00f3cio o interesse da equipe turca, visto que o jogador de 30 anos j\u00e1 n\u00e3o estava mais no auge t\u00e9cnico. Ar\u00e3o \u00e9 desejo antigo do t\u00e9cnico ex-Flamengo, que pediu a contrata\u00e7\u00e3o do camisa 5 rubro-negro assim que chegou \u00e0 Turquia para conhecer o plantel. A princ\u00edpio, o Fenerbah\u00e7e se mostrou relutante para contratar o atleta, mas Jorge Jesus conseguiu convencer o time turco de investir a quantia no volante. No\u00a0Flamengo\u00a0desde janeiro de 2016, Willian Ar\u00e3o era o atleta mais longevo do atual elenco rubro-negro. Ao todo, o volante disputou 377 partidas com o Manto Sagrado, marcou 35 gols e conquistou dez t\u00edtulos. Dentre as principais conquistas, est\u00e3o: quatro Campeonatos Carioca, dois Brasileir\u00f5es, duas Supercopas do Brasil, uma Libertadores e uma Recopa Sul-Americana. Noticias em Destaque Fonte: One Football","og_url":"https:\/\/noticiasemdestaque.com\/cd\/?p=40820","og_site_name":"Not&iacute;cias em Destaque","article_published_time":"2022-07-09T13:03:24+00:00","article_modified_time":"2022-07-09T13:04:04+00:00","og_image":[{"width":846,"height":564,"url":"https:\/\/noticiasemdestaque.com\/cd\/wp-content\/uploads\/2022\/07\/arao.webp","type":"image\/webp"}],"author":"Not\u00edcias em Destaque","twitter_card":"summary_large_image","twitter_misc":{"Escrito por":"Not\u00edcias em Destaque","Est. tempo de leitura":"2 minutos"},"schema":{"@context":"https:\/\/schema.org","@graph":[{"@type":"Article","@id":"https:\/\/noticiasemdestaque.com\/cd\/?p=40820#article","isPartOf":{"@id":"https:\/\/noticiasemdestaque.com\/cd\/?p=40820"},"author":{"name":"Not\u00edcias em Destaque","@id":"https:\/\/noticiasemdestaque.com\/cd\/#\/schema\/person\/4a81fb71f77579d059c3045891fa1786"},"headline":"Willian Ar\u00e3o n\u00e3o joga mais pelo Flamengo e se despede do elenco neste s\u00e1bado","datePublished":"2022-07-09T13:03:24+00:00","dateModified":"2022-07-09T13:04:04+00:00","mainEntityOfPage":{"@id":"https:\/\/noticiasemdestaque.com\/cd\/?p=40820"},"wordCount":348,"publisher":{"@id":"https:\/\/noticiasemdestaque.com\/cd\/#organization"},"image":{"@id":"https:\/\/noticiasemdestaque.com\/cd\/?p=40820#primaryimage"},"thumbnailUrl":"https:\/\/noticiasemdestaque.com\/cd\/wp-content\/uploads\/2022\/07\/arao.webp","articleSection":["Esporte"],"inLanguage":"pt-BR"},{"@type":"WebPage","@id":"https:\/\/noticiasemdestaque.com\/cd\/?p=40820","url":"https:\/\/noticiasemdestaque.com\/cd\/?p=40820","name":"Willian Ar\u00e3o n\u00e3o joga mais pelo Flamengo e se despede do elenco neste s\u00e1bado - Not&iacute;cias em Destaque","isPartOf":{"@id":"https:\/\/noticiasemdestaque.com\/cd\/#website"},"primaryImageOfPage":{"@id":"https:\/\/noticiasemdestaque.com\/cd\/?p=40820#primaryimage"},"image":{"@id":"https:\/\/noticiasemdestaque.com\/cd\/?p=40820#primaryimage"},"thumbnailUrl":"https:\/\/noticiasemdestaque.com\/cd\/wp-content\/uploads\/2022\/07\/arao.webp","datePublished":"2022-07-09T13:03:24+00:00","dateModified":"2022-07-09T13:04:04+00:00","breadcrumb":{"@id":"https:\/\/noticiasemdestaque.com\/cd\/?p=40820#breadcrumb"},"inLanguage":"pt-BR","potentialAction":[{"@type":"ReadAction","target":["https:\/\/noticiasemdestaque.com\/cd\/?p=40820"]}]},{"@type":"ImageObject","inLanguage":"pt-BR","@id":"https:\/\/noticiasemdestaque.com\/cd\/?p=40820#primaryimage","url":"https:\/\/noticiasemdestaque.com\/cd\/wp-content\/uploads\/2022\/07\/arao.webp","contentUrl":"https:\/\/noticiasemdestaque.com\/cd\/wp-content\/uploads\/2022\/07\/arao.webp","width":846,"height":564},{"@type":"BreadcrumbList","@id":"https:\/\/noticiasemdestaque.com\/cd\/?p=40820#breadcrumb","itemListElement":[{"@type":"ListItem","position":1,"name":"In\u00edcio","item":"https:\/\/noticiasemdestaque.com\/cd\/"},{"@type":"ListItem","position":2,"name":"Willian Ar\u00e3o n\u00e3o joga mais pelo Flamengo e se despede do elenco neste s\u00e1bado"}]},{"@type":"WebSite","@id":"https:\/\/noticiasemdestaque.com\/cd\/#website","url":"https:\/\/noticiasemdestaque.com\/cd\/","name":"Not&iacute;cias em Destaque","description":"","publisher":{"@id":"https:\/\/noticiasemdestaque.com\/cd\/#organization"},"potentialAction":[{"@type":"SearchAction","target":{"@type":"EntryPoint","urlTemplate":"https:\/\/noticiasemdestaque.com\/cd\/?s={search_term_string}"},"query-input":{"@type":"PropertyValueSpecification","valueRequired":true,"valueName":"search_term_string"}}],"inLanguage":"pt-BR"},{"@type":"Organization","@id":"https:\/\/noticiasemdestaque.com\/cd\/#organization","name":"Not\u00edcias em Destaque","url":"https:\/\/noticiasemdestaque.com\/cd\/","logo":{"@type":"ImageObject","inLanguage":"pt-BR","@id":"https:\/\/noticiasemdestaque.com\/cd\/#\/schema\/logo\/image\/","url":"https:\/\/noticiasemdestaque.com\/cd\/wp-content\/uploads\/2022\/05\/imagem-base-noticiasemdestaque.png","contentUrl":"https:\/\/noticiasemdestaque.com\/cd\/wp-content\/uploads\/2022\/05\/imagem-base-noticiasemdestaque.png","width":1200,"height":630,"caption":"Not\u00edcias em Destaque"},"image":{"@id":"https:\/\/noticiasemdestaque.com\/cd\/#\/schema\/logo\/image\/"}},{"@type":"Person","@id":"https:\/\/noticiasemdestaque.com\/cd\/#\/schema\/person\/4a81fb71f77579d059c3045891fa1786","name":"Not\u00edcias em Destaque","url":"https:\/\/noticiasemdestaque.com\/cd\/?author=2"}]}},"jetpack_featured_media_url":"https:\/\/noticiasemdestaque.com\/cd\/wp-content\/uploads\/2022\/07\/arao.webp","jetpack_sharing_enabled":true,"_links":{"self":[{"href":"https:\/\/noticiasemdestaque.com\/cd\/index.php?rest_route=\/wp\/v2\/posts\/40820","targetHints":{"allow":["GET"]}}],"collection":[{"href":"https:\/\/noticiasemdestaque.com\/cd\/index.php?rest_route=\/wp\/v2\/posts"}],"about":[{"href":"https:\/\/noticiasemdestaque.com\/cd\/index.php?rest_route=\/wp\/v2\/types\/post"}],"author":[{"embeddable":true,"href":"https:\/\/noticiasemdestaque.com\/cd\/index.php?rest_route=\/wp\/v2\/users\/2"}],"replies":[{"embeddable":true,"href":"https:\/\/noticiasemdestaque.com\/cd\/index.php?rest_route=%2Fwp%2Fv2%2Fcomments&post=40820"}],"version-history":[{"count":2,"href":"https:\/\/noticiasemdestaque.com\/cd\/index.php?rest_route=\/wp\/v2\/posts\/40820\/revisions"}],"predecessor-version":[{"id":40823,"href":"https:\/\/noticiasemdestaque.com\/cd\/index.php?rest_route=\/wp\/v2\/posts\/40820\/revisions\/40823"}],"wp:featuredmedia":[{"embeddable":true,"href":"https:\/\/noticiasemdestaque.com\/cd\/index.php?rest_route=\/wp\/v2\/media\/40821"}],"wp:attachment":[{"href":"https:\/\/noticiasemdestaque.com\/cd\/index.php?rest_route=%2Fwp%2Fv2%2Fmedia&parent=40820"}],"wp:term":[{"taxonomy":"category","embeddable":true,"href":"https:\/\/noticiasemdestaque.com\/cd\/index.php?rest_route=%2Fwp%2Fv2%2Fcategories&post=40820"},{"taxonomy":"post_tag","embeddable":true,"href":"https:\/\/noticiasemdestaque.com\/cd\/index.php?rest_route=%2Fwp%2Fv2%2Ftags&post=40820"}],"curies":[{"name":"wp","href":"https:\/\/api.w.org\/{rel}","templated":true}]}}