{"id":4082,"date":"2017-09-06T09:25:07","date_gmt":"2017-09-06T12:25:07","guid":{"rendered":"http:\/\/caririemdestaque.com\/cd\/?p=4082"},"modified":"2017-09-06T09:25:07","modified_gmt":"2017-09-06T12:25:07","slug":"empregadores-domesticos-tem-ate-hoje-para-pagar-guia-de-agosto-do-esocial","status":"publish","type":"post","link":"https:\/\/noticiasemdestaque.com\/cd\/?p=4082","title":{"rendered":"Empregadores dom\u00e9sticos t\u00eam at\u00e9 hoje para pagar guia de agosto do eSocial"},"content":{"rendered":"<p><a href=\"http:\/\/caririemdestaque.com\/cd\/wp-content\/uploads\/2017\/09\/1395755267729-esocial.jpg\"><img fetchpriority=\"high\" decoding=\"async\" class=\"wp-image-4083 size-medium alignleft\" src=\"http:\/\/caririemdestaque.com\/cd\/wp-content\/uploads\/2017\/09\/1395755267729-esocial-300x169.jpg\" alt=\"\" width=\"300\" height=\"169\" srcset=\"https:\/\/noticiasemdestaque.com\/cd\/wp-content\/uploads\/2017\/09\/1395755267729-esocial-300x169.jpg 300w, https:\/\/noticiasemdestaque.com\/cd\/wp-content\/uploads\/2017\/09\/1395755267729-esocial.jpg 470w\" sizes=\"(max-width: 300px) 100vw, 300px\" \/><\/a>O prazo para os empregadores dom\u00e9sticos pagarem o Documento de Arrecada\u00e7\u00e3o do eSocial (DAE) referente a agosto termina nesta quarta-feira (6). Como o dia 7, tradicionalmente usado como data-limite para o pagamento da guia, cai no feriado da Independ\u00eancia, o prazo foi antecipado em um dia.<\/p>\n<p>O Simples Dom\u00e9stico re\u00fane em uma \u00fanica guia as contribui\u00e7\u00f5es fiscais, trabalhistas e previdenci\u00e1rias que devem ser recolhidas. Para a emiss\u00e3o da guia unificada, o empregador deve acessar a p\u00e1gina do eSocial na internet . Se n\u00e3o for recolhido no prazo, o empregador paga multa de 0,33% ao dia, limitada a 20% do total.<\/p>\n<p>No eSocial, o empregador recolhe, em documento \u00fanico, a contribui\u00e7\u00e3o previdenci\u00e1ria, que varia de 8% a 11% da remunera\u00e7\u00e3o do trabalhador e paga 8% de contribui\u00e7\u00e3o patronal para a Previd\u00eancia. A guia inclui 8% de Fundo de Garantia do Tempo de Servi\u00e7o (FGTS), 0,8% de seguro contra acidentes de trabalho, 3,2% de indeniza\u00e7\u00e3o compensat\u00f3ria (multa do FGTS) e Imposto de Renda para quem recebe acima da faixa de isen\u00e7\u00e3o (R$ 1.903,98).<\/p>\n<p>Desde a ado\u00e7\u00e3o do programa, em novembro de 2015, foram cadastrados mais de 1,25 milh\u00e3o de trabalhadores dom\u00e9sticos para mais de 1,18 milh\u00e3o de empregadores \u2013 alguns empregadores contratam mais de um empregado.<\/p>\n<p>Com EBC<\/p>\n","protected":false},"excerpt":{"rendered":"<p>O prazo para os empregadores dom\u00e9sticos pagarem o Documento de Arrecada\u00e7\u00e3o do eSocial (DAE) referente a agosto termina nesta quarta-feira (6). Como o dia 7, tradicionalmente usado como data-limite para o pagamento da guia, cai no feriado da Independ\u00eancia, o prazo foi antecipado em um dia. O Simples Dom\u00e9stico re\u00fane em uma \u00fanica guia as contribui\u00e7\u00f5es fiscais, trabalhistas e previdenci\u00e1rias que devem ser recolhidas. Para a emiss\u00e3o da guia unificada, o empregador deve acessar a p\u00e1gina do eSocial na internet . Se n\u00e3o for recolhido no prazo, o empregador paga multa de 0,33% ao dia, limitada a 20% do total. No eSocial, o empregador recolhe, em documento \u00fanico, a contribui\u00e7\u00e3o previdenci\u00e1ria, que varia de 8% a 11% da remunera\u00e7\u00e3o do trabalhador e paga 8% de contribui\u00e7\u00e3o patronal para a Previd\u00eancia. A guia inclui 8% de Fundo de Garantia do Tempo de Servi\u00e7o (FGTS), 0,8% de seguro contra acidentes de trabalho, 3,2% de indeniza\u00e7\u00e3o compensat\u00f3ria (multa do FGTS) e Imposto de Renda para quem recebe acima da faixa de isen\u00e7\u00e3o (R$ 1.903,98). Desde a ado\u00e7\u00e3o do programa, em novembro de 2015, foram cadastrados mais de 1,25 milh\u00e3o de trabalhadores dom\u00e9sticos para mais de 1,18 milh\u00e3o de empregadores \u2013 alguns empregadores contratam mais de um empregado. Com EBC<\/p>\n","protected":false},"author":2,"featured_media":4083,"comment_status":"closed","ping_status":"open","sticky":false,"template":"","format":"standard","meta":{"_eb_attr":"","_jetpack_memberships_contains_paid_content":false,"footnotes":""},"categories":[11],"tags":[],"class_list":["post-4082","post","type-post","status-publish","format-standard","has-post-thumbnail","hentry","category-economia"],"yoast_head":"<!-- This site is optimized with the Yoast SEO plugin v26.5 - https:\/\/yoast.com\/wordpress\/plugins\/seo\/ -->\n<title>Empregadores dom\u00e9sticos t\u00eam at\u00e9 hoje para pagar guia de agosto do eSocial - Not&iacute;cias em Destaque<\/title>\n<meta name=\"robots\" content=\"index, follow, max-snippet:-1, max-image-preview:large, max-video-preview:-1\" \/>\n<link rel=\"canonical\" href=\"https:\/\/noticiasemdestaque.com\/cd\/?p=4082\" \/>\n<meta property=\"og:locale\" content=\"pt_BR\" \/>\n<meta property=\"og:type\" content=\"article\" \/>\n<meta property=\"og:title\" content=\"Empregadores dom\u00e9sticos t\u00eam at\u00e9 hoje para pagar guia de agosto do eSocial - Not&iacute;cias em Destaque\" \/>\n<meta property=\"og:description\" content=\"O prazo para os empregadores dom\u00e9sticos pagarem o Documento de Arrecada\u00e7\u00e3o do eSocial (DAE) referente a agosto termina nesta quarta-feira (6). Como o dia 7, tradicionalmente usado como data-limite para o pagamento da guia, cai no feriado da Independ\u00eancia, o prazo foi antecipado em um dia. O Simples Dom\u00e9stico re\u00fane em uma \u00fanica guia as contribui\u00e7\u00f5es fiscais, trabalhistas e previdenci\u00e1rias que devem ser recolhidas. Para a emiss\u00e3o da guia unificada, o empregador deve acessar a p\u00e1gina do eSocial na internet . Se n\u00e3o for recolhido no prazo, o empregador paga multa de 0,33% ao dia, limitada a 20% do total. No eSocial, o empregador recolhe, em documento \u00fanico, a contribui\u00e7\u00e3o previdenci\u00e1ria, que varia de 8% a 11% da remunera\u00e7\u00e3o do trabalhador e paga 8% de contribui\u00e7\u00e3o patronal para a Previd\u00eancia. A guia inclui 8% de Fundo de Garantia do Tempo de Servi\u00e7o (FGTS), 0,8% de seguro contra acidentes de trabalho, 3,2% de indeniza\u00e7\u00e3o compensat\u00f3ria (multa do FGTS) e Imposto de Renda para quem recebe acima da faixa de isen\u00e7\u00e3o (R$ 1.903,98). Desde a ado\u00e7\u00e3o do programa, em novembro de 2015, foram cadastrados mais de 1,25 milh\u00e3o de trabalhadores dom\u00e9sticos para mais de 1,18 milh\u00e3o de empregadores \u2013 alguns empregadores contratam mais de um empregado. Com EBC\" \/>\n<meta property=\"og:url\" content=\"https:\/\/noticiasemdestaque.com\/cd\/?p=4082\" \/>\n<meta property=\"og:site_name\" content=\"Not&iacute;cias em Destaque\" \/>\n<meta property=\"article:published_time\" content=\"2017-09-06T12:25:07+00:00\" \/>\n<meta property=\"og:image\" content=\"https:\/\/noticiasemdestaque.com\/cd\/wp-content\/uploads\/2017\/09\/1395755267729-esocial.jpg\" \/>\n\t<meta property=\"og:image:width\" content=\"470\" \/>\n\t<meta property=\"og:image:height\" content=\"264\" \/>\n\t<meta property=\"og:image:type\" content=\"image\/jpeg\" \/>\n<meta name=\"author\" content=\"Not\u00edcias em Destaque\" \/>\n<meta name=\"twitter:card\" content=\"summary_large_image\" \/>\n<meta name=\"twitter:label1\" content=\"Escrito por\" \/>\n\t<meta name=\"twitter:data1\" content=\"Not\u00edcias em Destaque\" \/>\n\t<meta name=\"twitter:label2\" content=\"Est. tempo de leitura\" \/>\n\t<meta name=\"twitter:data2\" content=\"1 minuto\" \/>\n<script type=\"application\/ld+json\" class=\"yoast-schema-graph\">{\"@context\":\"https:\/\/schema.org\",\"@graph\":[{\"@type\":\"Article\",\"@id\":\"https:\/\/noticiasemdestaque.com\/cd\/?p=4082#article\",\"isPartOf\":{\"@id\":\"https:\/\/noticiasemdestaque.com\/cd\/?p=4082\"},\"author\":{\"name\":\"Not\u00edcias em Destaque\",\"@id\":\"https:\/\/noticiasemdestaque.com\/cd\/#\/schema\/person\/21320b03a7e8bb90128938dafc9b908a\"},\"headline\":\"Empregadores dom\u00e9sticos t\u00eam at\u00e9 hoje para pagar guia de agosto do eSocial\",\"datePublished\":\"2017-09-06T12:25:07+00:00\",\"mainEntityOfPage\":{\"@id\":\"https:\/\/noticiasemdestaque.com\/cd\/?p=4082\"},\"wordCount\":227,\"publisher\":{\"@id\":\"https:\/\/noticiasemdestaque.com\/cd\/#organization\"},\"image\":{\"@id\":\"https:\/\/noticiasemdestaque.com\/cd\/?p=4082#primaryimage\"},\"thumbnailUrl\":\"https:\/\/noticiasemdestaque.com\/cd\/wp-content\/uploads\/2017\/09\/1395755267729-esocial.jpg\",\"articleSection\":[\"Economia\"],\"inLanguage\":\"pt-BR\"},{\"@type\":\"WebPage\",\"@id\":\"https:\/\/noticiasemdestaque.com\/cd\/?p=4082\",\"url\":\"https:\/\/noticiasemdestaque.com\/cd\/?p=4082\",\"name\":\"Empregadores dom\u00e9sticos t\u00eam at\u00e9 hoje para pagar guia de agosto do eSocial - Not&iacute;cias em Destaque\",\"isPartOf\":{\"@id\":\"https:\/\/noticiasemdestaque.com\/cd\/#website\"},\"primaryImageOfPage\":{\"@id\":\"https:\/\/noticiasemdestaque.com\/cd\/?p=4082#primaryimage\"},\"image\":{\"@id\":\"https:\/\/noticiasemdestaque.com\/cd\/?p=4082#primaryimage\"},\"thumbnailUrl\":\"https:\/\/noticiasemdestaque.com\/cd\/wp-content\/uploads\/2017\/09\/1395755267729-esocial.jpg\",\"datePublished\":\"2017-09-06T12:25:07+00:00\",\"breadcrumb\":{\"@id\":\"https:\/\/noticiasemdestaque.com\/cd\/?p=4082#breadcrumb\"},\"inLanguage\":\"pt-BR\",\"potentialAction\":[{\"@type\":\"ReadAction\",\"target\":[\"https:\/\/noticiasemdestaque.com\/cd\/?p=4082\"]}]},{\"@type\":\"ImageObject\",\"inLanguage\":\"pt-BR\",\"@id\":\"https:\/\/noticiasemdestaque.com\/cd\/?p=4082#primaryimage\",\"url\":\"https:\/\/noticiasemdestaque.com\/cd\/wp-content\/uploads\/2017\/09\/1395755267729-esocial.jpg\",\"contentUrl\":\"https:\/\/noticiasemdestaque.com\/cd\/wp-content\/uploads\/2017\/09\/1395755267729-esocial.jpg\",\"width\":470,\"height\":264},{\"@type\":\"BreadcrumbList\",\"@id\":\"https:\/\/noticiasemdestaque.com\/cd\/?p=4082#breadcrumb\",\"itemListElement\":[{\"@type\":\"ListItem\",\"position\":1,\"name\":\"In\u00edcio\",\"item\":\"https:\/\/noticiasemdestaque.com\/cd\/\"},{\"@type\":\"ListItem\",\"position\":2,\"name\":\"Empregadores dom\u00e9sticos t\u00eam at\u00e9 hoje para pagar guia de agosto do eSocial\"}]},{\"@type\":\"WebSite\",\"@id\":\"https:\/\/noticiasemdestaque.com\/cd\/#website\",\"url\":\"https:\/\/noticiasemdestaque.com\/cd\/\",\"name\":\"Not&iacute;cias em Destaque\",\"description\":\"\",\"publisher\":{\"@id\":\"https:\/\/noticiasemdestaque.com\/cd\/#organization\"},\"potentialAction\":[{\"@type\":\"SearchAction\",\"target\":{\"@type\":\"EntryPoint\",\"urlTemplate\":\"https:\/\/noticiasemdestaque.com\/cd\/?s={search_term_string}\"},\"query-input\":{\"@type\":\"PropertyValueSpecification\",\"valueRequired\":true,\"valueName\":\"search_term_string\"}}],\"inLanguage\":\"pt-BR\"},{\"@type\":\"Organization\",\"@id\":\"https:\/\/noticiasemdestaque.com\/cd\/#organization\",\"name\":\"Not\u00edcias em Destaque\",\"url\":\"https:\/\/noticiasemdestaque.com\/cd\/\",\"logo\":{\"@type\":\"ImageObject\",\"inLanguage\":\"pt-BR\",\"@id\":\"https:\/\/noticiasemdestaque.com\/cd\/#\/schema\/logo\/image\/\",\"url\":\"https:\/\/noticiasemdestaque.com\/cd\/wp-content\/uploads\/2022\/05\/imagem-base-noticiasemdestaque.png\",\"contentUrl\":\"https:\/\/noticiasemdestaque.com\/cd\/wp-content\/uploads\/2022\/05\/imagem-base-noticiasemdestaque.png\",\"width\":1200,\"height\":630,\"caption\":\"Not\u00edcias em Destaque\"},\"image\":{\"@id\":\"https:\/\/noticiasemdestaque.com\/cd\/#\/schema\/logo\/image\/\"}},{\"@type\":\"Person\",\"@id\":\"https:\/\/noticiasemdestaque.com\/cd\/#\/schema\/person\/21320b03a7e8bb90128938dafc9b908a\",\"name\":\"Not\u00edcias em Destaque\",\"url\":\"https:\/\/noticiasemdestaque.com\/cd\/?author=2\"}]}<\/script>\n<!-- \/ Yoast SEO plugin. -->","yoast_head_json":{"title":"Empregadores dom\u00e9sticos t\u00eam at\u00e9 hoje para pagar guia de agosto do eSocial - Not&iacute;cias em Destaque","robots":{"index":"index","follow":"follow","max-snippet":"max-snippet:-1","max-image-preview":"max-image-preview:large","max-video-preview":"max-video-preview:-1"},"canonical":"https:\/\/noticiasemdestaque.com\/cd\/?p=4082","og_locale":"pt_BR","og_type":"article","og_title":"Empregadores dom\u00e9sticos t\u00eam at\u00e9 hoje para pagar guia de agosto do eSocial - Not&iacute;cias em Destaque","og_description":"O prazo para os empregadores dom\u00e9sticos pagarem o Documento de Arrecada\u00e7\u00e3o do eSocial (DAE) referente a agosto termina nesta quarta-feira (6). Como o dia 7, tradicionalmente usado como data-limite para o pagamento da guia, cai no feriado da Independ\u00eancia, o prazo foi antecipado em um dia. O Simples Dom\u00e9stico re\u00fane em uma \u00fanica guia as contribui\u00e7\u00f5es fiscais, trabalhistas e previdenci\u00e1rias que devem ser recolhidas. Para a emiss\u00e3o da guia unificada, o empregador deve acessar a p\u00e1gina do eSocial na internet . Se n\u00e3o for recolhido no prazo, o empregador paga multa de 0,33% ao dia, limitada a 20% do total. No eSocial, o empregador recolhe, em documento \u00fanico, a contribui\u00e7\u00e3o previdenci\u00e1ria, que varia de 8% a 11% da remunera\u00e7\u00e3o do trabalhador e paga 8% de contribui\u00e7\u00e3o patronal para a Previd\u00eancia. A guia inclui 8% de Fundo de Garantia do Tempo de Servi\u00e7o (FGTS), 0,8% de seguro contra acidentes de trabalho, 3,2% de indeniza\u00e7\u00e3o compensat\u00f3ria (multa do FGTS) e Imposto de Renda para quem recebe acima da faixa de isen\u00e7\u00e3o (R$ 1.903,98). Desde a ado\u00e7\u00e3o do programa, em novembro de 2015, foram cadastrados mais de 1,25 milh\u00e3o de trabalhadores dom\u00e9sticos para mais de 1,18 milh\u00e3o de empregadores \u2013 alguns empregadores contratam mais de um empregado. Com EBC","og_url":"https:\/\/noticiasemdestaque.com\/cd\/?p=4082","og_site_name":"Not&iacute;cias em Destaque","article_published_time":"2017-09-06T12:25:07+00:00","og_image":[{"width":470,"height":264,"url":"https:\/\/noticiasemdestaque.com\/cd\/wp-content\/uploads\/2017\/09\/1395755267729-esocial.jpg","type":"image\/jpeg"}],"author":"Not\u00edcias em Destaque","twitter_card":"summary_large_image","twitter_misc":{"Escrito por":"Not\u00edcias em Destaque","Est. tempo de leitura":"1 minuto"},"schema":{"@context":"https:\/\/schema.org","@graph":[{"@type":"Article","@id":"https:\/\/noticiasemdestaque.com\/cd\/?p=4082#article","isPartOf":{"@id":"https:\/\/noticiasemdestaque.com\/cd\/?p=4082"},"author":{"name":"Not\u00edcias em Destaque","@id":"https:\/\/noticiasemdestaque.com\/cd\/#\/schema\/person\/21320b03a7e8bb90128938dafc9b908a"},"headline":"Empregadores dom\u00e9sticos t\u00eam at\u00e9 hoje para pagar guia de agosto do eSocial","datePublished":"2017-09-06T12:25:07+00:00","mainEntityOfPage":{"@id":"https:\/\/noticiasemdestaque.com\/cd\/?p=4082"},"wordCount":227,"publisher":{"@id":"https:\/\/noticiasemdestaque.com\/cd\/#organization"},"image":{"@id":"https:\/\/noticiasemdestaque.com\/cd\/?p=4082#primaryimage"},"thumbnailUrl":"https:\/\/noticiasemdestaque.com\/cd\/wp-content\/uploads\/2017\/09\/1395755267729-esocial.jpg","articleSection":["Economia"],"inLanguage":"pt-BR"},{"@type":"WebPage","@id":"https:\/\/noticiasemdestaque.com\/cd\/?p=4082","url":"https:\/\/noticiasemdestaque.com\/cd\/?p=4082","name":"Empregadores dom\u00e9sticos t\u00eam at\u00e9 hoje para pagar guia de agosto do eSocial - Not&iacute;cias em Destaque","isPartOf":{"@id":"https:\/\/noticiasemdestaque.com\/cd\/#website"},"primaryImageOfPage":{"@id":"https:\/\/noticiasemdestaque.com\/cd\/?p=4082#primaryimage"},"image":{"@id":"https:\/\/noticiasemdestaque.com\/cd\/?p=4082#primaryimage"},"thumbnailUrl":"https:\/\/noticiasemdestaque.com\/cd\/wp-content\/uploads\/2017\/09\/1395755267729-esocial.jpg","datePublished":"2017-09-06T12:25:07+00:00","breadcrumb":{"@id":"https:\/\/noticiasemdestaque.com\/cd\/?p=4082#breadcrumb"},"inLanguage":"pt-BR","potentialAction":[{"@type":"ReadAction","target":["https:\/\/noticiasemdestaque.com\/cd\/?p=4082"]}]},{"@type":"ImageObject","inLanguage":"pt-BR","@id":"https:\/\/noticiasemdestaque.com\/cd\/?p=4082#primaryimage","url":"https:\/\/noticiasemdestaque.com\/cd\/wp-content\/uploads\/2017\/09\/1395755267729-esocial.jpg","contentUrl":"https:\/\/noticiasemdestaque.com\/cd\/wp-content\/uploads\/2017\/09\/1395755267729-esocial.jpg","width":470,"height":264},{"@type":"BreadcrumbList","@id":"https:\/\/noticiasemdestaque.com\/cd\/?p=4082#breadcrumb","itemListElement":[{"@type":"ListItem","position":1,"name":"In\u00edcio","item":"https:\/\/noticiasemdestaque.com\/cd\/"},{"@type":"ListItem","position":2,"name":"Empregadores dom\u00e9sticos t\u00eam at\u00e9 hoje para pagar guia de agosto do eSocial"}]},{"@type":"WebSite","@id":"https:\/\/noticiasemdestaque.com\/cd\/#website","url":"https:\/\/noticiasemdestaque.com\/cd\/","name":"Not&iacute;cias em Destaque","description":"","publisher":{"@id":"https:\/\/noticiasemdestaque.com\/cd\/#organization"},"potentialAction":[{"@type":"SearchAction","target":{"@type":"EntryPoint","urlTemplate":"https:\/\/noticiasemdestaque.com\/cd\/?s={search_term_string}"},"query-input":{"@type":"PropertyValueSpecification","valueRequired":true,"valueName":"search_term_string"}}],"inLanguage":"pt-BR"},{"@type":"Organization","@id":"https:\/\/noticiasemdestaque.com\/cd\/#organization","name":"Not\u00edcias em Destaque","url":"https:\/\/noticiasemdestaque.com\/cd\/","logo":{"@type":"ImageObject","inLanguage":"pt-BR","@id":"https:\/\/noticiasemdestaque.com\/cd\/#\/schema\/logo\/image\/","url":"https:\/\/noticiasemdestaque.com\/cd\/wp-content\/uploads\/2022\/05\/imagem-base-noticiasemdestaque.png","contentUrl":"https:\/\/noticiasemdestaque.com\/cd\/wp-content\/uploads\/2022\/05\/imagem-base-noticiasemdestaque.png","width":1200,"height":630,"caption":"Not\u00edcias em Destaque"},"image":{"@id":"https:\/\/noticiasemdestaque.com\/cd\/#\/schema\/logo\/image\/"}},{"@type":"Person","@id":"https:\/\/noticiasemdestaque.com\/cd\/#\/schema\/person\/21320b03a7e8bb90128938dafc9b908a","name":"Not\u00edcias em Destaque","url":"https:\/\/noticiasemdestaque.com\/cd\/?author=2"}]}},"jetpack_featured_media_url":"https:\/\/noticiasemdestaque.com\/cd\/wp-content\/uploads\/2017\/09\/1395755267729-esocial.jpg","jetpack_sharing_enabled":true,"_links":{"self":[{"href":"https:\/\/noticiasemdestaque.com\/cd\/index.php?rest_route=\/wp\/v2\/posts\/4082","targetHints":{"allow":["GET"]}}],"collection":[{"href":"https:\/\/noticiasemdestaque.com\/cd\/index.php?rest_route=\/wp\/v2\/posts"}],"about":[{"href":"https:\/\/noticiasemdestaque.com\/cd\/index.php?rest_route=\/wp\/v2\/types\/post"}],"author":[{"embeddable":true,"href":"https:\/\/noticiasemdestaque.com\/cd\/index.php?rest_route=\/wp\/v2\/users\/2"}],"replies":[{"embeddable":true,"href":"https:\/\/noticiasemdestaque.com\/cd\/index.php?rest_route=%2Fwp%2Fv2%2Fcomments&post=4082"}],"version-history":[{"count":1,"href":"https:\/\/noticiasemdestaque.com\/cd\/index.php?rest_route=\/wp\/v2\/posts\/4082\/revisions"}],"predecessor-version":[{"id":4084,"href":"https:\/\/noticiasemdestaque.com\/cd\/index.php?rest_route=\/wp\/v2\/posts\/4082\/revisions\/4084"}],"wp:featuredmedia":[{"embeddable":true,"href":"https:\/\/noticiasemdestaque.com\/cd\/index.php?rest_route=\/wp\/v2\/media\/4083"}],"wp:attachment":[{"href":"https:\/\/noticiasemdestaque.com\/cd\/index.php?rest_route=%2Fwp%2Fv2%2Fmedia&parent=4082"}],"wp:term":[{"taxonomy":"category","embeddable":true,"href":"https:\/\/noticiasemdestaque.com\/cd\/index.php?rest_route=%2Fwp%2Fv2%2Fcategories&post=4082"},{"taxonomy":"post_tag","embeddable":true,"href":"https:\/\/noticiasemdestaque.com\/cd\/index.php?rest_route=%2Fwp%2Fv2%2Ftags&post=4082"}],"curies":[{"name":"wp","href":"https:\/\/api.w.org\/{rel}","templated":true}]}}