{"id":40817,"date":"2022-07-09T09:40:03","date_gmt":"2022-07-09T12:40:03","guid":{"rendered":"https:\/\/noticiasemdestaque.com\/cd\/?p=40817"},"modified":"2022-07-09T09:40:03","modified_gmt":"2022-07-09T12:40:03","slug":"em-despedida-de-fred-fluminense-recebe-o-ceara-no-maracana","status":"publish","type":"post","link":"https:\/\/noticiasemdestaque.com\/cd\/?p=40817","title":{"rendered":"Em despedida de Fred, Fluminense recebe o Cear\u00e1 no Maracan\u00e3"},"content":{"rendered":"<p><a href=\"https:\/\/noticiasemdestaque.com\/cd\/wp-content\/uploads\/2022\/07\/51297470208_b2f1166c23_k.jpg\"><img fetchpriority=\"high\" decoding=\"async\" class=\"alignnone  wp-image-40818\" src=\"https:\/\/noticiasemdestaque.com\/cd\/wp-content\/uploads\/2022\/07\/51297470208_b2f1166c23_k-300x179.jpg\" alt=\"\" width=\"799\" height=\"477\" srcset=\"https:\/\/noticiasemdestaque.com\/cd\/wp-content\/uploads\/2022\/07\/51297470208_b2f1166c23_k-300x179.jpg 300w, https:\/\/noticiasemdestaque.com\/cd\/wp-content\/uploads\/2022\/07\/51297470208_b2f1166c23_k-1024x613.jpg 1024w, https:\/\/noticiasemdestaque.com\/cd\/wp-content\/uploads\/2022\/07\/51297470208_b2f1166c23_k-768x459.jpg 768w, https:\/\/noticiasemdestaque.com\/cd\/wp-content\/uploads\/2022\/07\/51297470208_b2f1166c23_k-18x12.jpg 18w, https:\/\/noticiasemdestaque.com\/cd\/wp-content\/uploads\/2022\/07\/51297470208_b2f1166c23_k.jpg 1170w\" sizes=\"(max-width: 799px) 100vw, 799px\" \/><\/a><\/p>\n<p>O Fluminense mede for\u00e7as com o Cear\u00e1, a partir das 19h (hor\u00e1rio de Bras\u00edlia) deste s\u00e1bado (9), em jogo da 16\u00aa rodada do Campeonato Brasileiro que entrar\u00e1 para a hist\u00f3ria por ser o \u00faltimo da carreira do atacante Fred. A\u00a0<strong>R\u00e1dio Nacional<\/strong>\u00a0transmite a partida ao vivo.<img decoding=\"async\" src=\"https:\/\/agenciabrasil.ebc.com.br\/ebc.png?id=1470045&amp;o=node\" \/><img decoding=\"async\" src=\"https:\/\/agenciabrasil.ebc.com.br\/ebc.gif?id=1470045&amp;o=node\" \/><\/p>\n<p>Apesar de toda a expectativa envolvendo o adeus ao camisa 9, o Tricolor sabe que vencer \u00e9 fundamental para continuar subindo na classifica\u00e7\u00e3o da competi\u00e7\u00e3o. A equipe comandada pelo t\u00e9cnico Fernando Diniz chega ao confronto em \u00f3timo momento, ocupando a 6\u00aa posi\u00e7\u00e3o com 24 pontos e tentando chegar \u00e0 quinta vit\u00f3ria consecutiva (ap\u00f3s tr\u00eas triunfos pelo Brasileiro e um pela Copa do Brasil).<\/p>\n<div class=\"twitter-tweet twitter-tweet-rendered\"><iframe id=\"twitter-widget-0\" class=\"\" title=\"Twitter Tweet\" src=\"https:\/\/platform.twitter.com\/embed\/Tweet.html?creatorScreenName=agenciabrasil&amp;dnt=false&amp;embedId=twitter-widget-0&amp;features=eyJ0ZndfdHdlZXRfZWRpdF9iYWNrZW5kIjp7ImJ1Y2tldCI6Im9mZiIsInZlcnNpb24iOm51bGx9LCJ0ZndfcmVmc3JjX3Nlc3Npb24iOnsiYnVja2V0Ijoib2ZmIiwidmVyc2lvbiI6bnVsbH0sInRmd190d2VldF9yZXN1bHRfbWlncmF0aW9uXzEzOTc5Ijp7ImJ1Y2tldCI6InR3ZWV0X3Jlc3VsdCIsInZlcnNpb24iOm51bGx9LCJ0Zndfc2Vuc2l0aXZlX21lZGlhX2ludGVyc3RpdGlhbF8xMzk2MyI6eyJidWNrZXQiOiJpbnRlcnN0aXRpYWwiLCJ2ZXJzaW9uIjpudWxsfSwidGZ3X2V4cGVyaW1lbnRzX2Nvb2tpZV9leHBpcmF0aW9uIjp7ImJ1Y2tldCI6MTIwOTYwMCwidmVyc2lvbiI6bnVsbH0sInRmd19kdXBsaWNhdGVfc2NyaWJlc190b19zZXR0aW5ncyI6eyJidWNrZXQiOiJvZmYiLCJ2ZXJzaW9uIjpudWxsfSwidGZ3X3VzZXJfZm9sbG93X2ludGVudF8xNDQwNiI6eyJidWNrZXQiOiJmb2xsb3ciLCJ2ZXJzaW9uIjpudWxsfSwidGZ3X3R3ZWV0X2VkaXRfZnJvbnRlbmQiOnsiYnVja2V0Ijoib2ZmIiwidmVyc2lvbiI6bnVsbH19&amp;frame=false&amp;hideCard=false&amp;hideThread=true&amp;id=1545482370698121218&amp;lang=pt&amp;origin=https%3A%2F%2Fagenciabrasil.ebc.com.br%2Fesportes%2Fnoticia%2F2022-07%2Fem-despedida-de-fred-fluminense-recebe-o-ceara-no-maracana&amp;sessionId=d3e71c514b4853bac406d8be90fe77ed3cd6a49d&amp;siteScreenName=agenciabrasil&amp;theme=light&amp;widgetsVersion=b45a03c79d4c1%3A1654150928467&amp;width=550px\" frameborder=\"0\" scrolling=\"no\" allowfullscreen=\"allowfullscreen\" data-tweet-id=\"1545482370698121218\" data-mce-fragment=\"1\"><\/iframe><\/div>\n<p>Tendo uma semana cheia para trabalhar e sem problemas de les\u00e3o ou de suspens\u00e3o, a expectativa \u00e9 que o comandante do Tricolor repita a equipe que goleou o Corinthians por 4 a 0 no \u00faltimo s\u00e1bado, tendo como \u00fanica novidade o retorno do volante Nonato, que cumpriu suspens\u00e3o: F\u00e1bio; Samuel Xavier, Nino, Manoel e Caio Paulista; Andr\u00e9, Nonato (Martinelli), Ganso e Arias; Matheus Martins e Cano.<\/p>\n<p>Uma poss\u00edvel presen\u00e7a de Fred entre os titulares seria uma surpresa, principalmente se for considerado que ele entraria no lugar do artilheiro do Fluminense na temporada, Cano. Mas Diniz deixou a possibilidade no ar em entrevista coletiva: \u201cO jogo vale tr\u00eas pontos. O Fred entrou e fez gol [contra o Corinthians] n\u00e3o \u00e9 porque est\u00e1 em casa descansando. Ele est\u00e1 h\u00e1 um m\u00eas se preparando para esse momento. Ent\u00e3o ele \u00e9 uma op\u00e7\u00e3o\u201d.<\/p>\n<p>Se para o Fluminense o jogo tem um car\u00e1ter festivo, para o Cear\u00e1 (que \u00e9 o 15\u00ba com 18 pontos) \u00e9 uma oportunidade para tentar se afastar da zona do rebaixamento da competi\u00e7\u00e3o. Para isto, o Voz\u00e3o tem que retomar o caminho das vit\u00f3rias (ap\u00f3s cinco empates consecutivos).<\/p>\n<div class=\"twitter-tweet twitter-tweet-rendered\"><iframe id=\"twitter-widget-1\" class=\"\" title=\"Twitter Tweet\" src=\"https:\/\/platform.twitter.com\/embed\/Tweet.html?creatorScreenName=agenciabrasil&amp;dnt=false&amp;embedId=twitter-widget-1&amp;features=eyJ0ZndfdHdlZXRfZWRpdF9iYWNrZW5kIjp7ImJ1Y2tldCI6Im9mZiIsInZlcnNpb24iOm51bGx9LCJ0ZndfcmVmc3JjX3Nlc3Npb24iOnsiYnVja2V0Ijoib2ZmIiwidmVyc2lvbiI6bnVsbH0sInRmd190d2VldF9yZXN1bHRfbWlncmF0aW9uXzEzOTc5Ijp7ImJ1Y2tldCI6InR3ZWV0X3Jlc3VsdCIsInZlcnNpb24iOm51bGx9LCJ0Zndfc2Vuc2l0aXZlX21lZGlhX2ludGVyc3RpdGlhbF8xMzk2MyI6eyJidWNrZXQiOiJpbnRlcnN0aXRpYWwiLCJ2ZXJzaW9uIjpudWxsfSwidGZ3X2V4cGVyaW1lbnRzX2Nvb2tpZV9leHBpcmF0aW9uIjp7ImJ1Y2tldCI6MTIwOTYwMCwidmVyc2lvbiI6bnVsbH0sInRmd19kdXBsaWNhdGVfc2NyaWJlc190b19zZXR0aW5ncyI6eyJidWNrZXQiOiJvZmYiLCJ2ZXJzaW9uIjpudWxsfSwidGZ3X3VzZXJfZm9sbG93X2ludGVudF8xNDQwNiI6eyJidWNrZXQiOiJmb2xsb3ciLCJ2ZXJzaW9uIjpudWxsfSwidGZ3X3R3ZWV0X2VkaXRfZnJvbnRlbmQiOnsiYnVja2V0Ijoib2ZmIiwidmVyc2lvbiI6bnVsbH19&amp;frame=false&amp;hideCard=false&amp;hideThread=false&amp;id=1545167046270492677&amp;lang=pt&amp;origin=https%3A%2F%2Fagenciabrasil.ebc.com.br%2Fesportes%2Fnoticia%2F2022-07%2Fem-despedida-de-fred-fluminense-recebe-o-ceara-no-maracana&amp;sessionId=d3e71c514b4853bac406d8be90fe77ed3cd6a49d&amp;siteScreenName=agenciabrasil&amp;theme=light&amp;widgetsVersion=b45a03c79d4c1%3A1654150928467&amp;width=550px\" frameborder=\"0\" scrolling=\"no\" allowfullscreen=\"allowfullscreen\" data-tweet-id=\"1545167046270492677\" data-mce-fragment=\"1\"><\/iframe><\/div>\n<p>\u201cEst\u00e1 tudo muito embolado e n\u00f3s n\u00e3o podemos baixar a guarda. Um trope\u00e7o pode nos complicar e uma vit\u00f3ria pode nos colocar na primeira parte da tabela. Erramos em alguns jogos, poder\u00edamos estar mais acima na classifica\u00e7\u00e3o, mas agora \u00e9 buscar essa vit\u00f3ria para buscar a melhor coloca\u00e7\u00e3o poss\u00edvel na tabela de classifica\u00e7\u00e3o\u201d, declarou o meio-campista Lima.<\/p>\n<p>Uma inspira\u00e7\u00e3o para a equipe comandada pelo t\u00e9cnico Marquinhos Santos \u00e9 a campanha do pr\u00f3prio Cear\u00e1 na Sul-Americana, onde alcan\u00e7ou as quartas de final esta semana ap\u00f3s derrotar o The Strongest (Bol\u00edvia) por 3 a 0 na \u00faltima quarta-feira (6).<\/p>\n<p><strong>Noticias em Destaque<\/strong><\/p>\n<p style=\"text-align: right;\"><em>Fonte: Agencia Brasil<\/em><\/p>\n","protected":false},"excerpt":{"rendered":"<p>O Fluminense mede for\u00e7as com o Cear\u00e1, a partir das 19h (hor\u00e1rio de Bras\u00edlia) deste s\u00e1bado (9), em jogo da 16\u00aa rodada do Campeonato Brasileiro que entrar\u00e1 para a hist\u00f3ria por ser o \u00faltimo da carreira do atacante Fred. A\u00a0R\u00e1dio Nacional\u00a0transmite a partida ao vivo. Apesar de toda a expectativa envolvendo o adeus ao camisa 9, o Tricolor sabe que vencer \u00e9 fundamental para continuar subindo na classifica\u00e7\u00e3o da competi\u00e7\u00e3o. A equipe comandada pelo t\u00e9cnico Fernando Diniz chega ao confronto em \u00f3timo momento, ocupando a 6\u00aa posi\u00e7\u00e3o com 24 pontos e tentando chegar \u00e0 quinta vit\u00f3ria consecutiva (ap\u00f3s tr\u00eas triunfos pelo Brasileiro e um pela Copa do Brasil). Tendo uma semana cheia para trabalhar e sem problemas de les\u00e3o ou de suspens\u00e3o, a expectativa \u00e9 que o comandante do Tricolor repita a equipe que goleou o Corinthians por 4 a 0 no \u00faltimo s\u00e1bado, tendo como \u00fanica novidade o retorno do volante Nonato, que cumpriu suspens\u00e3o: F\u00e1bio; Samuel Xavier, Nino, Manoel e Caio Paulista; Andr\u00e9, Nonato (Martinelli), Ganso e Arias; Matheus Martins e Cano. Uma poss\u00edvel presen\u00e7a de Fred entre os titulares seria uma surpresa, principalmente se for considerado que ele entraria no lugar do artilheiro do Fluminense na temporada, Cano. Mas Diniz deixou a possibilidade no ar em entrevista coletiva: \u201cO jogo vale tr\u00eas pontos. O Fred entrou e fez gol [contra o Corinthians] n\u00e3o \u00e9 porque est\u00e1 em casa descansando. Ele est\u00e1 h\u00e1 um m\u00eas se preparando para esse momento. Ent\u00e3o ele \u00e9 uma op\u00e7\u00e3o\u201d. Se para o Fluminense o jogo tem um car\u00e1ter festivo, para o Cear\u00e1 (que \u00e9 o 15\u00ba com 18 pontos) \u00e9 uma oportunidade para tentar se afastar da zona do rebaixamento da competi\u00e7\u00e3o. Para isto, o Voz\u00e3o tem que retomar o caminho das vit\u00f3rias (ap\u00f3s cinco empates consecutivos). \u201cEst\u00e1 tudo muito embolado e n\u00f3s n\u00e3o podemos baixar a guarda. Um trope\u00e7o pode nos complicar e uma vit\u00f3ria pode nos colocar na primeira parte da tabela. Erramos em alguns jogos, poder\u00edamos estar mais acima na classifica\u00e7\u00e3o, mas agora \u00e9 buscar essa vit\u00f3ria para buscar a melhor coloca\u00e7\u00e3o poss\u00edvel na tabela de classifica\u00e7\u00e3o\u201d, declarou o meio-campista Lima. Uma inspira\u00e7\u00e3o para a equipe comandada pelo t\u00e9cnico Marquinhos Santos \u00e9 a campanha do pr\u00f3prio Cear\u00e1 na Sul-Americana, onde alcan\u00e7ou as quartas de final esta semana ap\u00f3s derrotar o The Strongest (Bol\u00edvia) por 3 a 0 na \u00faltima quarta-feira (6). Noticias em Destaque Fonte: Agencia Brasil<\/p>\n","protected":false},"author":2,"featured_media":40818,"comment_status":"closed","ping_status":"open","sticky":false,"template":"","format":"standard","meta":{"_eb_attr":"","_jetpack_memberships_contains_paid_content":false,"footnotes":""},"categories":[15],"tags":[],"class_list":["post-40817","post","type-post","status-publish","format-standard","has-post-thumbnail","hentry","category-esporte"],"yoast_head":"<!-- This site is optimized with the Yoast SEO plugin v26.5 - https:\/\/yoast.com\/wordpress\/plugins\/seo\/ -->\n<title>Em despedida de Fred, Fluminense recebe o Cear\u00e1 no Maracan\u00e3 - Not&iacute;cias em Destaque<\/title>\n<meta name=\"robots\" content=\"index, follow, max-snippet:-1, max-image-preview:large, max-video-preview:-1\" \/>\n<link rel=\"canonical\" href=\"https:\/\/noticiasemdestaque.com\/cd\/?p=40817\" \/>\n<meta property=\"og:locale\" content=\"pt_BR\" \/>\n<meta property=\"og:type\" content=\"article\" \/>\n<meta property=\"og:title\" content=\"Em despedida de Fred, Fluminense recebe o Cear\u00e1 no Maracan\u00e3 - Not&iacute;cias em Destaque\" \/>\n<meta property=\"og:description\" content=\"O Fluminense mede for\u00e7as com o Cear\u00e1, a partir das 19h (hor\u00e1rio de Bras\u00edlia) deste s\u00e1bado (9), em jogo da 16\u00aa rodada do Campeonato Brasileiro que entrar\u00e1 para a hist\u00f3ria por ser o \u00faltimo da carreira do atacante Fred. A\u00a0R\u00e1dio Nacional\u00a0transmite a partida ao vivo. Apesar de toda a expectativa envolvendo o adeus ao camisa 9, o Tricolor sabe que vencer \u00e9 fundamental para continuar subindo na classifica\u00e7\u00e3o da competi\u00e7\u00e3o. A equipe comandada pelo t\u00e9cnico Fernando Diniz chega ao confronto em \u00f3timo momento, ocupando a 6\u00aa posi\u00e7\u00e3o com 24 pontos e tentando chegar \u00e0 quinta vit\u00f3ria consecutiva (ap\u00f3s tr\u00eas triunfos pelo Brasileiro e um pela Copa do Brasil). Tendo uma semana cheia para trabalhar e sem problemas de les\u00e3o ou de suspens\u00e3o, a expectativa \u00e9 que o comandante do Tricolor repita a equipe que goleou o Corinthians por 4 a 0 no \u00faltimo s\u00e1bado, tendo como \u00fanica novidade o retorno do volante Nonato, que cumpriu suspens\u00e3o: F\u00e1bio; Samuel Xavier, Nino, Manoel e Caio Paulista; Andr\u00e9, Nonato (Martinelli), Ganso e Arias; Matheus Martins e Cano. Uma poss\u00edvel presen\u00e7a de Fred entre os titulares seria uma surpresa, principalmente se for considerado que ele entraria no lugar do artilheiro do Fluminense na temporada, Cano. Mas Diniz deixou a possibilidade no ar em entrevista coletiva: \u201cO jogo vale tr\u00eas pontos. O Fred entrou e fez gol [contra o Corinthians] n\u00e3o \u00e9 porque est\u00e1 em casa descansando. Ele est\u00e1 h\u00e1 um m\u00eas se preparando para esse momento. Ent\u00e3o ele \u00e9 uma op\u00e7\u00e3o\u201d. Se para o Fluminense o jogo tem um car\u00e1ter festivo, para o Cear\u00e1 (que \u00e9 o 15\u00ba com 18 pontos) \u00e9 uma oportunidade para tentar se afastar da zona do rebaixamento da competi\u00e7\u00e3o. Para isto, o Voz\u00e3o tem que retomar o caminho das vit\u00f3rias (ap\u00f3s cinco empates consecutivos). \u201cEst\u00e1 tudo muito embolado e n\u00f3s n\u00e3o podemos baixar a guarda. Um trope\u00e7o pode nos complicar e uma vit\u00f3ria pode nos colocar na primeira parte da tabela. Erramos em alguns jogos, poder\u00edamos estar mais acima na classifica\u00e7\u00e3o, mas agora \u00e9 buscar essa vit\u00f3ria para buscar a melhor coloca\u00e7\u00e3o poss\u00edvel na tabela de classifica\u00e7\u00e3o\u201d, declarou o meio-campista Lima. Uma inspira\u00e7\u00e3o para a equipe comandada pelo t\u00e9cnico Marquinhos Santos \u00e9 a campanha do pr\u00f3prio Cear\u00e1 na Sul-Americana, onde alcan\u00e7ou as quartas de final esta semana ap\u00f3s derrotar o The Strongest (Bol\u00edvia) por 3 a 0 na \u00faltima quarta-feira (6). Noticias em Destaque Fonte: Agencia Brasil\" \/>\n<meta property=\"og:url\" content=\"https:\/\/noticiasemdestaque.com\/cd\/?p=40817\" \/>\n<meta property=\"og:site_name\" content=\"Not&iacute;cias em Destaque\" \/>\n<meta property=\"article:published_time\" content=\"2022-07-09T12:40:03+00:00\" \/>\n<meta property=\"og:image\" content=\"https:\/\/noticiasemdestaque.com\/cd\/wp-content\/uploads\/2022\/07\/51297470208_b2f1166c23_k.jpg\" \/>\n\t<meta property=\"og:image:width\" content=\"1170\" \/>\n\t<meta property=\"og:image:height\" content=\"700\" \/>\n\t<meta property=\"og:image:type\" content=\"image\/jpeg\" \/>\n<meta name=\"author\" content=\"Not\u00edcias em Destaque\" \/>\n<meta name=\"twitter:card\" content=\"summary_large_image\" \/>\n<meta name=\"twitter:label1\" content=\"Escrito por\" \/>\n\t<meta name=\"twitter:data1\" content=\"Not\u00edcias em Destaque\" \/>\n\t<meta name=\"twitter:label2\" content=\"Est. tempo de leitura\" \/>\n\t<meta name=\"twitter:data2\" content=\"3 minutos\" \/>\n<script type=\"application\/ld+json\" class=\"yoast-schema-graph\">{\"@context\":\"https:\/\/schema.org\",\"@graph\":[{\"@type\":\"Article\",\"@id\":\"https:\/\/noticiasemdestaque.com\/cd\/?p=40817#article\",\"isPartOf\":{\"@id\":\"https:\/\/noticiasemdestaque.com\/cd\/?p=40817\"},\"author\":{\"name\":\"Not\u00edcias em Destaque\",\"@id\":\"https:\/\/noticiasemdestaque.com\/cd\/#\/schema\/person\/4a81fb71f77579d059c3045891fa1786\"},\"headline\":\"Em despedida de Fred, Fluminense recebe o Cear\u00e1 no Maracan\u00e3\",\"datePublished\":\"2022-07-09T12:40:03+00:00\",\"mainEntityOfPage\":{\"@id\":\"https:\/\/noticiasemdestaque.com\/cd\/?p=40817\"},\"wordCount\":435,\"publisher\":{\"@id\":\"https:\/\/noticiasemdestaque.com\/cd\/#organization\"},\"image\":{\"@id\":\"https:\/\/noticiasemdestaque.com\/cd\/?p=40817#primaryimage\"},\"thumbnailUrl\":\"https:\/\/noticiasemdestaque.com\/cd\/wp-content\/uploads\/2022\/07\/51297470208_b2f1166c23_k.jpg\",\"articleSection\":[\"Esporte\"],\"inLanguage\":\"pt-BR\"},{\"@type\":\"WebPage\",\"@id\":\"https:\/\/noticiasemdestaque.com\/cd\/?p=40817\",\"url\":\"https:\/\/noticiasemdestaque.com\/cd\/?p=40817\",\"name\":\"Em despedida de Fred, Fluminense recebe o Cear\u00e1 no Maracan\u00e3 - Not&iacute;cias em Destaque\",\"isPartOf\":{\"@id\":\"https:\/\/noticiasemdestaque.com\/cd\/#website\"},\"primaryImageOfPage\":{\"@id\":\"https:\/\/noticiasemdestaque.com\/cd\/?p=40817#primaryimage\"},\"image\":{\"@id\":\"https:\/\/noticiasemdestaque.com\/cd\/?p=40817#primaryimage\"},\"thumbnailUrl\":\"https:\/\/noticiasemdestaque.com\/cd\/wp-content\/uploads\/2022\/07\/51297470208_b2f1166c23_k.jpg\",\"datePublished\":\"2022-07-09T12:40:03+00:00\",\"breadcrumb\":{\"@id\":\"https:\/\/noticiasemdestaque.com\/cd\/?p=40817#breadcrumb\"},\"inLanguage\":\"pt-BR\",\"potentialAction\":[{\"@type\":\"ReadAction\",\"target\":[\"https:\/\/noticiasemdestaque.com\/cd\/?p=40817\"]}]},{\"@type\":\"ImageObject\",\"inLanguage\":\"pt-BR\",\"@id\":\"https:\/\/noticiasemdestaque.com\/cd\/?p=40817#primaryimage\",\"url\":\"https:\/\/noticiasemdestaque.com\/cd\/wp-content\/uploads\/2022\/07\/51297470208_b2f1166c23_k.jpg\",\"contentUrl\":\"https:\/\/noticiasemdestaque.com\/cd\/wp-content\/uploads\/2022\/07\/51297470208_b2f1166c23_k.jpg\",\"width\":1170,\"height\":700},{\"@type\":\"BreadcrumbList\",\"@id\":\"https:\/\/noticiasemdestaque.com\/cd\/?p=40817#breadcrumb\",\"itemListElement\":[{\"@type\":\"ListItem\",\"position\":1,\"name\":\"In\u00edcio\",\"item\":\"https:\/\/noticiasemdestaque.com\/cd\/\"},{\"@type\":\"ListItem\",\"position\":2,\"name\":\"Em despedida de Fred, Fluminense recebe o Cear\u00e1 no Maracan\u00e3\"}]},{\"@type\":\"WebSite\",\"@id\":\"https:\/\/noticiasemdestaque.com\/cd\/#website\",\"url\":\"https:\/\/noticiasemdestaque.com\/cd\/\",\"name\":\"Not&iacute;cias em Destaque\",\"description\":\"\",\"publisher\":{\"@id\":\"https:\/\/noticiasemdestaque.com\/cd\/#organization\"},\"potentialAction\":[{\"@type\":\"SearchAction\",\"target\":{\"@type\":\"EntryPoint\",\"urlTemplate\":\"https:\/\/noticiasemdestaque.com\/cd\/?s={search_term_string}\"},\"query-input\":{\"@type\":\"PropertyValueSpecification\",\"valueRequired\":true,\"valueName\":\"search_term_string\"}}],\"inLanguage\":\"pt-BR\"},{\"@type\":\"Organization\",\"@id\":\"https:\/\/noticiasemdestaque.com\/cd\/#organization\",\"name\":\"Not\u00edcias em Destaque\",\"url\":\"https:\/\/noticiasemdestaque.com\/cd\/\",\"logo\":{\"@type\":\"ImageObject\",\"inLanguage\":\"pt-BR\",\"@id\":\"https:\/\/noticiasemdestaque.com\/cd\/#\/schema\/logo\/image\/\",\"url\":\"https:\/\/noticiasemdestaque.com\/cd\/wp-content\/uploads\/2022\/05\/imagem-base-noticiasemdestaque.png\",\"contentUrl\":\"https:\/\/noticiasemdestaque.com\/cd\/wp-content\/uploads\/2022\/05\/imagem-base-noticiasemdestaque.png\",\"width\":1200,\"height\":630,\"caption\":\"Not\u00edcias em Destaque\"},\"image\":{\"@id\":\"https:\/\/noticiasemdestaque.com\/cd\/#\/schema\/logo\/image\/\"}},{\"@type\":\"Person\",\"@id\":\"https:\/\/noticiasemdestaque.com\/cd\/#\/schema\/person\/4a81fb71f77579d059c3045891fa1786\",\"name\":\"Not\u00edcias em Destaque\",\"url\":\"https:\/\/noticiasemdestaque.com\/cd\/?author=2\"}]}<\/script>\n<!-- \/ Yoast SEO plugin. -->","yoast_head_json":{"title":"Em despedida de Fred, Fluminense recebe o Cear\u00e1 no Maracan\u00e3 - Not&iacute;cias em Destaque","robots":{"index":"index","follow":"follow","max-snippet":"max-snippet:-1","max-image-preview":"max-image-preview:large","max-video-preview":"max-video-preview:-1"},"canonical":"https:\/\/noticiasemdestaque.com\/cd\/?p=40817","og_locale":"pt_BR","og_type":"article","og_title":"Em despedida de Fred, Fluminense recebe o Cear\u00e1 no Maracan\u00e3 - Not&iacute;cias em Destaque","og_description":"O Fluminense mede for\u00e7as com o Cear\u00e1, a partir das 19h (hor\u00e1rio de Bras\u00edlia) deste s\u00e1bado (9), em jogo da 16\u00aa rodada do Campeonato Brasileiro que entrar\u00e1 para a hist\u00f3ria por ser o \u00faltimo da carreira do atacante Fred. A\u00a0R\u00e1dio Nacional\u00a0transmite a partida ao vivo. Apesar de toda a expectativa envolvendo o adeus ao camisa 9, o Tricolor sabe que vencer \u00e9 fundamental para continuar subindo na classifica\u00e7\u00e3o da competi\u00e7\u00e3o. A equipe comandada pelo t\u00e9cnico Fernando Diniz chega ao confronto em \u00f3timo momento, ocupando a 6\u00aa posi\u00e7\u00e3o com 24 pontos e tentando chegar \u00e0 quinta vit\u00f3ria consecutiva (ap\u00f3s tr\u00eas triunfos pelo Brasileiro e um pela Copa do Brasil). Tendo uma semana cheia para trabalhar e sem problemas de les\u00e3o ou de suspens\u00e3o, a expectativa \u00e9 que o comandante do Tricolor repita a equipe que goleou o Corinthians por 4 a 0 no \u00faltimo s\u00e1bado, tendo como \u00fanica novidade o retorno do volante Nonato, que cumpriu suspens\u00e3o: F\u00e1bio; Samuel Xavier, Nino, Manoel e Caio Paulista; Andr\u00e9, Nonato (Martinelli), Ganso e Arias; Matheus Martins e Cano. Uma poss\u00edvel presen\u00e7a de Fred entre os titulares seria uma surpresa, principalmente se for considerado que ele entraria no lugar do artilheiro do Fluminense na temporada, Cano. Mas Diniz deixou a possibilidade no ar em entrevista coletiva: \u201cO jogo vale tr\u00eas pontos. O Fred entrou e fez gol [contra o Corinthians] n\u00e3o \u00e9 porque est\u00e1 em casa descansando. Ele est\u00e1 h\u00e1 um m\u00eas se preparando para esse momento. Ent\u00e3o ele \u00e9 uma op\u00e7\u00e3o\u201d. Se para o Fluminense o jogo tem um car\u00e1ter festivo, para o Cear\u00e1 (que \u00e9 o 15\u00ba com 18 pontos) \u00e9 uma oportunidade para tentar se afastar da zona do rebaixamento da competi\u00e7\u00e3o. Para isto, o Voz\u00e3o tem que retomar o caminho das vit\u00f3rias (ap\u00f3s cinco empates consecutivos). \u201cEst\u00e1 tudo muito embolado e n\u00f3s n\u00e3o podemos baixar a guarda. Um trope\u00e7o pode nos complicar e uma vit\u00f3ria pode nos colocar na primeira parte da tabela. Erramos em alguns jogos, poder\u00edamos estar mais acima na classifica\u00e7\u00e3o, mas agora \u00e9 buscar essa vit\u00f3ria para buscar a melhor coloca\u00e7\u00e3o poss\u00edvel na tabela de classifica\u00e7\u00e3o\u201d, declarou o meio-campista Lima. Uma inspira\u00e7\u00e3o para a equipe comandada pelo t\u00e9cnico Marquinhos Santos \u00e9 a campanha do pr\u00f3prio Cear\u00e1 na Sul-Americana, onde alcan\u00e7ou as quartas de final esta semana ap\u00f3s derrotar o The Strongest (Bol\u00edvia) por 3 a 0 na \u00faltima quarta-feira (6). Noticias em Destaque Fonte: Agencia Brasil","og_url":"https:\/\/noticiasemdestaque.com\/cd\/?p=40817","og_site_name":"Not&iacute;cias em Destaque","article_published_time":"2022-07-09T12:40:03+00:00","og_image":[{"width":1170,"height":700,"url":"https:\/\/noticiasemdestaque.com\/cd\/wp-content\/uploads\/2022\/07\/51297470208_b2f1166c23_k.jpg","type":"image\/jpeg"}],"author":"Not\u00edcias em Destaque","twitter_card":"summary_large_image","twitter_misc":{"Escrito por":"Not\u00edcias em Destaque","Est. tempo de leitura":"3 minutos"},"schema":{"@context":"https:\/\/schema.org","@graph":[{"@type":"Article","@id":"https:\/\/noticiasemdestaque.com\/cd\/?p=40817#article","isPartOf":{"@id":"https:\/\/noticiasemdestaque.com\/cd\/?p=40817"},"author":{"name":"Not\u00edcias em Destaque","@id":"https:\/\/noticiasemdestaque.com\/cd\/#\/schema\/person\/4a81fb71f77579d059c3045891fa1786"},"headline":"Em despedida de Fred, Fluminense recebe o Cear\u00e1 no Maracan\u00e3","datePublished":"2022-07-09T12:40:03+00:00","mainEntityOfPage":{"@id":"https:\/\/noticiasemdestaque.com\/cd\/?p=40817"},"wordCount":435,"publisher":{"@id":"https:\/\/noticiasemdestaque.com\/cd\/#organization"},"image":{"@id":"https:\/\/noticiasemdestaque.com\/cd\/?p=40817#primaryimage"},"thumbnailUrl":"https:\/\/noticiasemdestaque.com\/cd\/wp-content\/uploads\/2022\/07\/51297470208_b2f1166c23_k.jpg","articleSection":["Esporte"],"inLanguage":"pt-BR"},{"@type":"WebPage","@id":"https:\/\/noticiasemdestaque.com\/cd\/?p=40817","url":"https:\/\/noticiasemdestaque.com\/cd\/?p=40817","name":"Em despedida de Fred, Fluminense recebe o Cear\u00e1 no Maracan\u00e3 - Not&iacute;cias em Destaque","isPartOf":{"@id":"https:\/\/noticiasemdestaque.com\/cd\/#website"},"primaryImageOfPage":{"@id":"https:\/\/noticiasemdestaque.com\/cd\/?p=40817#primaryimage"},"image":{"@id":"https:\/\/noticiasemdestaque.com\/cd\/?p=40817#primaryimage"},"thumbnailUrl":"https:\/\/noticiasemdestaque.com\/cd\/wp-content\/uploads\/2022\/07\/51297470208_b2f1166c23_k.jpg","datePublished":"2022-07-09T12:40:03+00:00","breadcrumb":{"@id":"https:\/\/noticiasemdestaque.com\/cd\/?p=40817#breadcrumb"},"inLanguage":"pt-BR","potentialAction":[{"@type":"ReadAction","target":["https:\/\/noticiasemdestaque.com\/cd\/?p=40817"]}]},{"@type":"ImageObject","inLanguage":"pt-BR","@id":"https:\/\/noticiasemdestaque.com\/cd\/?p=40817#primaryimage","url":"https:\/\/noticiasemdestaque.com\/cd\/wp-content\/uploads\/2022\/07\/51297470208_b2f1166c23_k.jpg","contentUrl":"https:\/\/noticiasemdestaque.com\/cd\/wp-content\/uploads\/2022\/07\/51297470208_b2f1166c23_k.jpg","width":1170,"height":700},{"@type":"BreadcrumbList","@id":"https:\/\/noticiasemdestaque.com\/cd\/?p=40817#breadcrumb","itemListElement":[{"@type":"ListItem","position":1,"name":"In\u00edcio","item":"https:\/\/noticiasemdestaque.com\/cd\/"},{"@type":"ListItem","position":2,"name":"Em despedida de Fred, Fluminense recebe o Cear\u00e1 no Maracan\u00e3"}]},{"@type":"WebSite","@id":"https:\/\/noticiasemdestaque.com\/cd\/#website","url":"https:\/\/noticiasemdestaque.com\/cd\/","name":"Not&iacute;cias em Destaque","description":"","publisher":{"@id":"https:\/\/noticiasemdestaque.com\/cd\/#organization"},"potentialAction":[{"@type":"SearchAction","target":{"@type":"EntryPoint","urlTemplate":"https:\/\/noticiasemdestaque.com\/cd\/?s={search_term_string}"},"query-input":{"@type":"PropertyValueSpecification","valueRequired":true,"valueName":"search_term_string"}}],"inLanguage":"pt-BR"},{"@type":"Organization","@id":"https:\/\/noticiasemdestaque.com\/cd\/#organization","name":"Not\u00edcias em Destaque","url":"https:\/\/noticiasemdestaque.com\/cd\/","logo":{"@type":"ImageObject","inLanguage":"pt-BR","@id":"https:\/\/noticiasemdestaque.com\/cd\/#\/schema\/logo\/image\/","url":"https:\/\/noticiasemdestaque.com\/cd\/wp-content\/uploads\/2022\/05\/imagem-base-noticiasemdestaque.png","contentUrl":"https:\/\/noticiasemdestaque.com\/cd\/wp-content\/uploads\/2022\/05\/imagem-base-noticiasemdestaque.png","width":1200,"height":630,"caption":"Not\u00edcias em Destaque"},"image":{"@id":"https:\/\/noticiasemdestaque.com\/cd\/#\/schema\/logo\/image\/"}},{"@type":"Person","@id":"https:\/\/noticiasemdestaque.com\/cd\/#\/schema\/person\/4a81fb71f77579d059c3045891fa1786","name":"Not\u00edcias em Destaque","url":"https:\/\/noticiasemdestaque.com\/cd\/?author=2"}]}},"jetpack_featured_media_url":"https:\/\/noticiasemdestaque.com\/cd\/wp-content\/uploads\/2022\/07\/51297470208_b2f1166c23_k.jpg","jetpack_sharing_enabled":true,"_links":{"self":[{"href":"https:\/\/noticiasemdestaque.com\/cd\/index.php?rest_route=\/wp\/v2\/posts\/40817","targetHints":{"allow":["GET"]}}],"collection":[{"href":"https:\/\/noticiasemdestaque.com\/cd\/index.php?rest_route=\/wp\/v2\/posts"}],"about":[{"href":"https:\/\/noticiasemdestaque.com\/cd\/index.php?rest_route=\/wp\/v2\/types\/post"}],"author":[{"embeddable":true,"href":"https:\/\/noticiasemdestaque.com\/cd\/index.php?rest_route=\/wp\/v2\/users\/2"}],"replies":[{"embeddable":true,"href":"https:\/\/noticiasemdestaque.com\/cd\/index.php?rest_route=%2Fwp%2Fv2%2Fcomments&post=40817"}],"version-history":[{"count":1,"href":"https:\/\/noticiasemdestaque.com\/cd\/index.php?rest_route=\/wp\/v2\/posts\/40817\/revisions"}],"predecessor-version":[{"id":40819,"href":"https:\/\/noticiasemdestaque.com\/cd\/index.php?rest_route=\/wp\/v2\/posts\/40817\/revisions\/40819"}],"wp:featuredmedia":[{"embeddable":true,"href":"https:\/\/noticiasemdestaque.com\/cd\/index.php?rest_route=\/wp\/v2\/media\/40818"}],"wp:attachment":[{"href":"https:\/\/noticiasemdestaque.com\/cd\/index.php?rest_route=%2Fwp%2Fv2%2Fmedia&parent=40817"}],"wp:term":[{"taxonomy":"category","embeddable":true,"href":"https:\/\/noticiasemdestaque.com\/cd\/index.php?rest_route=%2Fwp%2Fv2%2Fcategories&post=40817"},{"taxonomy":"post_tag","embeddable":true,"href":"https:\/\/noticiasemdestaque.com\/cd\/index.php?rest_route=%2Fwp%2Fv2%2Ftags&post=40817"}],"curies":[{"name":"wp","href":"https:\/\/api.w.org\/{rel}","templated":true}]}}