{"id":40805,"date":"2022-07-08T20:21:49","date_gmt":"2022-07-08T23:21:49","guid":{"rendered":"https:\/\/noticiasemdestaque.com\/cd\/?p=40805"},"modified":"2022-07-08T20:21:49","modified_gmt":"2022-07-08T23:21:49","slug":"conmebol-define-datas-e-horarios-das-quartas-de-final-da-sul-americana-confira","status":"publish","type":"post","link":"https:\/\/noticiasemdestaque.com\/cd\/?p=40805","title":{"rendered":"CONMEBOL define datas e hor\u00e1rios das quartas de final da Sul-Americana; confira:"},"content":{"rendered":"<section class=\"xpa-switch-article\">\n<div class=\"news-paragraph text-1\">\n<p><a href=\"https:\/\/noticiasemdestaque.com\/cd\/wp-content\/uploads\/2022\/07\/https___esportenewsmundo.com_.br_wp-content_uploads_2022_07_20220708_171131-scaled-1.jpg\"><img fetchpriority=\"high\" decoding=\"async\" class=\"alignnone  wp-image-40806\" src=\"https:\/\/noticiasemdestaque.com\/cd\/wp-content\/uploads\/2022\/07\/https___esportenewsmundo.com_.br_wp-content_uploads_2022_07_20220708_171131-scaled-1-300x225.jpg\" alt=\"\" width=\"807\" height=\"605\" srcset=\"https:\/\/noticiasemdestaque.com\/cd\/wp-content\/uploads\/2022\/07\/https___esportenewsmundo.com_.br_wp-content_uploads_2022_07_20220708_171131-scaled-1-300x225.jpg 300w, https:\/\/noticiasemdestaque.com\/cd\/wp-content\/uploads\/2022\/07\/https___esportenewsmundo.com_.br_wp-content_uploads_2022_07_20220708_171131-scaled-1-1024x768.jpg 1024w, https:\/\/noticiasemdestaque.com\/cd\/wp-content\/uploads\/2022\/07\/https___esportenewsmundo.com_.br_wp-content_uploads_2022_07_20220708_171131-scaled-1-768x576.jpg 768w, https:\/\/noticiasemdestaque.com\/cd\/wp-content\/uploads\/2022\/07\/https___esportenewsmundo.com_.br_wp-content_uploads_2022_07_20220708_171131-scaled-1-1536x1152.jpg 1536w, https:\/\/noticiasemdestaque.com\/cd\/wp-content\/uploads\/2022\/07\/https___esportenewsmundo.com_.br_wp-content_uploads_2022_07_20220708_171131-scaled-1-16x12.jpg 16w, https:\/\/noticiasemdestaque.com\/cd\/wp-content\/uploads\/2022\/07\/https___esportenewsmundo.com_.br_wp-content_uploads_2022_07_20220708_171131-scaled-1.jpg 1680w\" sizes=\"(max-width: 807px) 100vw, 807px\" \/><\/a><\/p>\n<p>Nesta sexta-feira, 8, a CONMEBOL divulgou os hor\u00e1rios e datas definidos para os confrontos das quartas de final da competi\u00e7\u00e3o internacional. Contando com quatro equipes brasileiras, Internacional e S\u00e3o Paulo buscam o bicampeonato, enquanto Cear\u00e1 e Atl\u00e9tico Goianiense buscam o trof\u00e9u in\u00e9dito.<\/p>\n<\/div>\n<\/section>\n<section class=\"xpa-switch-article\">\n<div class=\"news-paragraph text-1\">\n<p>Por fim, Nacional do Uruguai , Deportivo T\u00e1chira da Venezuela, Independiente del Valle do Equador e Melgar do Peru, completam os oito melhores colocados.<\/p>\n<\/div>\n<\/section>\n<section class=\"xpa-switch-article\">\n<div class=\"news-paragraph text-1\">\n<p>Os jogos ocorrem na primeira e segunda semana de agosto e todos ter\u00e3o transmiss\u00e3o exclusiva da CONMEBOL TV. Confira abaixo os detalhes:<\/p>\n<\/div>\n<\/section>\n<section class=\"xpa-switch-article\">\n<div class=\"news-paragraph text-1\">\n<p><strong>Partidas de ida:<\/strong><\/p>\n<\/div>\n<\/section>\n<section class=\"xpa-switch-article\">\n<div class=\"news-paragraph text-1\">\n<p>02\/08 \u2013 Gran Parque Central \u2013 19:15 \u2013 Nacional x Atl\u00e9tico Goianiense<\/p>\n<\/div>\n<\/section>\n<section class=\"xpa-switch-article\">\n<div class=\"news-paragraph text-1\">\n<p>02\/08 \u2013 Polideportivo de Pueblo Nuevo \u2013 21:30 Deportivo T\u00e1chira x Independiente del Valle<\/p>\n<\/div>\n<\/section>\n<section class=\"xpa-switch-article\">\n<div class=\"news-paragraph text-1\">\n<p>03\/08 \u2013 Morumbi \u2013 19:15 S\u00e3o Paulo x Cear\u00e1<\/p>\n<\/div>\n<\/section>\n<section class=\"xpa-switch-article\">\n<div class=\"news-paragraph text-1\">\n<p>04\/08 \u2013 Monumental de la UNSA \u2013 19:15 \u2013 Melgar x Internacional<\/p>\n<\/div>\n<\/section>\n<section class=\"xpa-switch-article\">\n<div class=\"news-paragraph text-1\">\n<p><strong>Partidas de volta<\/strong><\/p>\n<\/div>\n<\/section>\n<section class=\"xpa-switch-article\">\n<div class=\"news-paragraph text-1\">\n<p>09\/08 \u2013 Serra Dourada \u2013 19:15 \u2013 Atl\u00e9tico Goianiense x Nacional<\/p>\n<\/div>\n<\/section>\n<section class=\"xpa-switch-article\">\n<div class=\"news-paragraph text-1\">\n<p>09\/08 \u2013 Rodrigo Paz Delgado \u2013 21:30 \u2013 Independiente del Valle x Deportivo T\u00e1chira<\/p>\n<\/div>\n<\/section>\n<section class=\"xpa-switch-article\">\n<div class=\"news-paragraph text-1\">\n<p>10\/08 \u2013 Arena Castel\u00e3o \u2013 19:15 \u2013 Cear\u00e1 x S\u00e3o Paulo<\/p>\n<\/div>\n<\/section>\n<section class=\"xpa-switch-article\">\n<div class=\"news-paragraph text-1\">\n<p>11\/08 \u2013 Beira-Rio \u2013 19:15 \u2013 Internacional x Melgar<\/p>\n<p>Todos os hor\u00e1rios acima s\u00e3o correspondentes ao hor\u00e1rio de Bras\u00edlia.<\/p>\n<p><strong>Noticias em Destaque<\/strong><\/p>\n<p style=\"text-align: right;\"><em>Fonte: One Football<\/em><\/p>\n<\/div>\n<\/section>\n","protected":false},"excerpt":{"rendered":"<p>Nesta sexta-feira, 8, a CONMEBOL divulgou os hor\u00e1rios e datas definidos para os confrontos das quartas de final da competi\u00e7\u00e3o internacional. Contando com quatro equipes brasileiras, Internacional e S\u00e3o Paulo buscam o bicampeonato, enquanto Cear\u00e1 e Atl\u00e9tico Goianiense buscam o trof\u00e9u in\u00e9dito. Por fim, Nacional do Uruguai , Deportivo T\u00e1chira da Venezuela, Independiente del Valle do Equador e Melgar do Peru, completam os oito melhores colocados. Os jogos ocorrem na primeira e segunda semana de agosto e todos ter\u00e3o transmiss\u00e3o exclusiva da CONMEBOL TV. Confira abaixo os detalhes: Partidas de ida: 02\/08 \u2013 Gran Parque Central \u2013 19:15 \u2013 Nacional x Atl\u00e9tico Goianiense 02\/08 \u2013 Polideportivo de Pueblo Nuevo \u2013 21:30 Deportivo T\u00e1chira x Independiente del Valle 03\/08 \u2013 Morumbi \u2013 19:15 S\u00e3o Paulo x Cear\u00e1 04\/08 \u2013 Monumental de la UNSA \u2013 19:15 \u2013 Melgar x Internacional Partidas de volta 09\/08 \u2013 Serra Dourada \u2013 19:15 \u2013 Atl\u00e9tico Goianiense x Nacional 09\/08 \u2013 Rodrigo Paz Delgado \u2013 21:30 \u2013 Independiente del Valle x Deportivo T\u00e1chira 10\/08 \u2013 Arena Castel\u00e3o \u2013 19:15 \u2013 Cear\u00e1 x S\u00e3o Paulo 11\/08 \u2013 Beira-Rio \u2013 19:15 \u2013 Internacional x Melgar Todos os hor\u00e1rios acima s\u00e3o correspondentes ao hor\u00e1rio de Bras\u00edlia. Noticias em Destaque Fonte: One Football<\/p>\n","protected":false},"author":2,"featured_media":40806,"comment_status":"closed","ping_status":"open","sticky":false,"template":"","format":"standard","meta":{"_eb_attr":"","_jetpack_memberships_contains_paid_content":false,"footnotes":""},"categories":[15],"tags":[],"class_list":["post-40805","post","type-post","status-publish","format-standard","has-post-thumbnail","hentry","category-esporte"],"yoast_head":"<!-- This site is optimized with the Yoast SEO plugin v26.5 - https:\/\/yoast.com\/wordpress\/plugins\/seo\/ -->\n<title>CONMEBOL define datas e hor\u00e1rios das quartas de final da Sul-Americana; confira: - Not&iacute;cias em Destaque<\/title>\n<meta name=\"robots\" content=\"index, follow, max-snippet:-1, max-image-preview:large, max-video-preview:-1\" \/>\n<link rel=\"canonical\" href=\"https:\/\/noticiasemdestaque.com\/cd\/?p=40805\" \/>\n<meta property=\"og:locale\" content=\"pt_BR\" \/>\n<meta property=\"og:type\" content=\"article\" \/>\n<meta property=\"og:title\" content=\"CONMEBOL define datas e hor\u00e1rios das quartas de final da Sul-Americana; confira: - Not&iacute;cias em Destaque\" \/>\n<meta property=\"og:description\" content=\"Nesta sexta-feira, 8, a CONMEBOL divulgou os hor\u00e1rios e datas definidos para os confrontos das quartas de final da competi\u00e7\u00e3o internacional. Contando com quatro equipes brasileiras, Internacional e S\u00e3o Paulo buscam o bicampeonato, enquanto Cear\u00e1 e Atl\u00e9tico Goianiense buscam o trof\u00e9u in\u00e9dito. Por fim, Nacional do Uruguai , Deportivo T\u00e1chira da Venezuela, Independiente del Valle do Equador e Melgar do Peru, completam os oito melhores colocados. Os jogos ocorrem na primeira e segunda semana de agosto e todos ter\u00e3o transmiss\u00e3o exclusiva da CONMEBOL TV. Confira abaixo os detalhes: Partidas de ida: 02\/08 \u2013 Gran Parque Central \u2013 19:15 \u2013 Nacional x Atl\u00e9tico Goianiense 02\/08 \u2013 Polideportivo de Pueblo Nuevo \u2013 21:30 Deportivo T\u00e1chira x Independiente del Valle 03\/08 \u2013 Morumbi \u2013 19:15 S\u00e3o Paulo x Cear\u00e1 04\/08 \u2013 Monumental de la UNSA \u2013 19:15 \u2013 Melgar x Internacional Partidas de volta 09\/08 \u2013 Serra Dourada \u2013 19:15 \u2013 Atl\u00e9tico Goianiense x Nacional 09\/08 \u2013 Rodrigo Paz Delgado \u2013 21:30 \u2013 Independiente del Valle x Deportivo T\u00e1chira 10\/08 \u2013 Arena Castel\u00e3o \u2013 19:15 \u2013 Cear\u00e1 x S\u00e3o Paulo 11\/08 \u2013 Beira-Rio \u2013 19:15 \u2013 Internacional x Melgar Todos os hor\u00e1rios acima s\u00e3o correspondentes ao hor\u00e1rio de Bras\u00edlia. Noticias em Destaque Fonte: One Football\" \/>\n<meta property=\"og:url\" content=\"https:\/\/noticiasemdestaque.com\/cd\/?p=40805\" \/>\n<meta property=\"og:site_name\" content=\"Not&iacute;cias em Destaque\" \/>\n<meta property=\"article:published_time\" content=\"2022-07-08T23:21:49+00:00\" \/>\n<meta property=\"og:image\" content=\"https:\/\/noticiasemdestaque.com\/cd\/wp-content\/uploads\/2022\/07\/https___esportenewsmundo.com_.br_wp-content_uploads_2022_07_20220708_171131-scaled-1.jpg\" \/>\n\t<meta property=\"og:image:width\" content=\"1680\" \/>\n\t<meta property=\"og:image:height\" content=\"1260\" \/>\n\t<meta property=\"og:image:type\" content=\"image\/jpeg\" \/>\n<meta name=\"author\" content=\"Not\u00edcias em Destaque\" \/>\n<meta name=\"twitter:card\" content=\"summary_large_image\" \/>\n<meta name=\"twitter:label1\" content=\"Escrito por\" \/>\n\t<meta name=\"twitter:data1\" content=\"Not\u00edcias em Destaque\" \/>\n\t<meta name=\"twitter:label2\" content=\"Est. tempo de leitura\" \/>\n\t<meta name=\"twitter:data2\" content=\"2 minutos\" \/>\n<script type=\"application\/ld+json\" class=\"yoast-schema-graph\">{\"@context\":\"https:\/\/schema.org\",\"@graph\":[{\"@type\":\"Article\",\"@id\":\"https:\/\/noticiasemdestaque.com\/cd\/?p=40805#article\",\"isPartOf\":{\"@id\":\"https:\/\/noticiasemdestaque.com\/cd\/?p=40805\"},\"author\":{\"name\":\"Not\u00edcias em Destaque\",\"@id\":\"https:\/\/noticiasemdestaque.com\/cd\/#\/schema\/person\/4a81fb71f77579d059c3045891fa1786\"},\"headline\":\"CONMEBOL define datas e hor\u00e1rios das quartas de final da Sul-Americana; confira:\",\"datePublished\":\"2022-07-08T23:21:49+00:00\",\"mainEntityOfPage\":{\"@id\":\"https:\/\/noticiasemdestaque.com\/cd\/?p=40805\"},\"wordCount\":195,\"publisher\":{\"@id\":\"https:\/\/noticiasemdestaque.com\/cd\/#organization\"},\"image\":{\"@id\":\"https:\/\/noticiasemdestaque.com\/cd\/?p=40805#primaryimage\"},\"thumbnailUrl\":\"https:\/\/noticiasemdestaque.com\/cd\/wp-content\/uploads\/2022\/07\/https___esportenewsmundo.com_.br_wp-content_uploads_2022_07_20220708_171131-scaled-1.jpg\",\"articleSection\":[\"Esporte\"],\"inLanguage\":\"pt-BR\"},{\"@type\":\"WebPage\",\"@id\":\"https:\/\/noticiasemdestaque.com\/cd\/?p=40805\",\"url\":\"https:\/\/noticiasemdestaque.com\/cd\/?p=40805\",\"name\":\"CONMEBOL define datas e hor\u00e1rios das quartas de final da Sul-Americana; confira: - Not&iacute;cias em Destaque\",\"isPartOf\":{\"@id\":\"https:\/\/noticiasemdestaque.com\/cd\/#website\"},\"primaryImageOfPage\":{\"@id\":\"https:\/\/noticiasemdestaque.com\/cd\/?p=40805#primaryimage\"},\"image\":{\"@id\":\"https:\/\/noticiasemdestaque.com\/cd\/?p=40805#primaryimage\"},\"thumbnailUrl\":\"https:\/\/noticiasemdestaque.com\/cd\/wp-content\/uploads\/2022\/07\/https___esportenewsmundo.com_.br_wp-content_uploads_2022_07_20220708_171131-scaled-1.jpg\",\"datePublished\":\"2022-07-08T23:21:49+00:00\",\"breadcrumb\":{\"@id\":\"https:\/\/noticiasemdestaque.com\/cd\/?p=40805#breadcrumb\"},\"inLanguage\":\"pt-BR\",\"potentialAction\":[{\"@type\":\"ReadAction\",\"target\":[\"https:\/\/noticiasemdestaque.com\/cd\/?p=40805\"]}]},{\"@type\":\"ImageObject\",\"inLanguage\":\"pt-BR\",\"@id\":\"https:\/\/noticiasemdestaque.com\/cd\/?p=40805#primaryimage\",\"url\":\"https:\/\/noticiasemdestaque.com\/cd\/wp-content\/uploads\/2022\/07\/https___esportenewsmundo.com_.br_wp-content_uploads_2022_07_20220708_171131-scaled-1.jpg\",\"contentUrl\":\"https:\/\/noticiasemdestaque.com\/cd\/wp-content\/uploads\/2022\/07\/https___esportenewsmundo.com_.br_wp-content_uploads_2022_07_20220708_171131-scaled-1.jpg\",\"width\":1680,\"height\":1260},{\"@type\":\"BreadcrumbList\",\"@id\":\"https:\/\/noticiasemdestaque.com\/cd\/?p=40805#breadcrumb\",\"itemListElement\":[{\"@type\":\"ListItem\",\"position\":1,\"name\":\"In\u00edcio\",\"item\":\"https:\/\/noticiasemdestaque.com\/cd\/\"},{\"@type\":\"ListItem\",\"position\":2,\"name\":\"CONMEBOL define datas e hor\u00e1rios das quartas de final da Sul-Americana; confira:\"}]},{\"@type\":\"WebSite\",\"@id\":\"https:\/\/noticiasemdestaque.com\/cd\/#website\",\"url\":\"https:\/\/noticiasemdestaque.com\/cd\/\",\"name\":\"Not&iacute;cias em Destaque\",\"description\":\"\",\"publisher\":{\"@id\":\"https:\/\/noticiasemdestaque.com\/cd\/#organization\"},\"potentialAction\":[{\"@type\":\"SearchAction\",\"target\":{\"@type\":\"EntryPoint\",\"urlTemplate\":\"https:\/\/noticiasemdestaque.com\/cd\/?s={search_term_string}\"},\"query-input\":{\"@type\":\"PropertyValueSpecification\",\"valueRequired\":true,\"valueName\":\"search_term_string\"}}],\"inLanguage\":\"pt-BR\"},{\"@type\":\"Organization\",\"@id\":\"https:\/\/noticiasemdestaque.com\/cd\/#organization\",\"name\":\"Not\u00edcias em Destaque\",\"url\":\"https:\/\/noticiasemdestaque.com\/cd\/\",\"logo\":{\"@type\":\"ImageObject\",\"inLanguage\":\"pt-BR\",\"@id\":\"https:\/\/noticiasemdestaque.com\/cd\/#\/schema\/logo\/image\/\",\"url\":\"https:\/\/noticiasemdestaque.com\/cd\/wp-content\/uploads\/2022\/05\/imagem-base-noticiasemdestaque.png\",\"contentUrl\":\"https:\/\/noticiasemdestaque.com\/cd\/wp-content\/uploads\/2022\/05\/imagem-base-noticiasemdestaque.png\",\"width\":1200,\"height\":630,\"caption\":\"Not\u00edcias em Destaque\"},\"image\":{\"@id\":\"https:\/\/noticiasemdestaque.com\/cd\/#\/schema\/logo\/image\/\"}},{\"@type\":\"Person\",\"@id\":\"https:\/\/noticiasemdestaque.com\/cd\/#\/schema\/person\/4a81fb71f77579d059c3045891fa1786\",\"name\":\"Not\u00edcias em Destaque\",\"url\":\"https:\/\/noticiasemdestaque.com\/cd\/?author=2\"}]}<\/script>\n<!-- \/ Yoast SEO plugin. -->","yoast_head_json":{"title":"CONMEBOL define datas e hor\u00e1rios das quartas de final da Sul-Americana; confira: - Not&iacute;cias em Destaque","robots":{"index":"index","follow":"follow","max-snippet":"max-snippet:-1","max-image-preview":"max-image-preview:large","max-video-preview":"max-video-preview:-1"},"canonical":"https:\/\/noticiasemdestaque.com\/cd\/?p=40805","og_locale":"pt_BR","og_type":"article","og_title":"CONMEBOL define datas e hor\u00e1rios das quartas de final da Sul-Americana; confira: - Not&iacute;cias em Destaque","og_description":"Nesta sexta-feira, 8, a CONMEBOL divulgou os hor\u00e1rios e datas definidos para os confrontos das quartas de final da competi\u00e7\u00e3o internacional. Contando com quatro equipes brasileiras, Internacional e S\u00e3o Paulo buscam o bicampeonato, enquanto Cear\u00e1 e Atl\u00e9tico Goianiense buscam o trof\u00e9u in\u00e9dito. Por fim, Nacional do Uruguai , Deportivo T\u00e1chira da Venezuela, Independiente del Valle do Equador e Melgar do Peru, completam os oito melhores colocados. Os jogos ocorrem na primeira e segunda semana de agosto e todos ter\u00e3o transmiss\u00e3o exclusiva da CONMEBOL TV. Confira abaixo os detalhes: Partidas de ida: 02\/08 \u2013 Gran Parque Central \u2013 19:15 \u2013 Nacional x Atl\u00e9tico Goianiense 02\/08 \u2013 Polideportivo de Pueblo Nuevo \u2013 21:30 Deportivo T\u00e1chira x Independiente del Valle 03\/08 \u2013 Morumbi \u2013 19:15 S\u00e3o Paulo x Cear\u00e1 04\/08 \u2013 Monumental de la UNSA \u2013 19:15 \u2013 Melgar x Internacional Partidas de volta 09\/08 \u2013 Serra Dourada \u2013 19:15 \u2013 Atl\u00e9tico Goianiense x Nacional 09\/08 \u2013 Rodrigo Paz Delgado \u2013 21:30 \u2013 Independiente del Valle x Deportivo T\u00e1chira 10\/08 \u2013 Arena Castel\u00e3o \u2013 19:15 \u2013 Cear\u00e1 x S\u00e3o Paulo 11\/08 \u2013 Beira-Rio \u2013 19:15 \u2013 Internacional x Melgar Todos os hor\u00e1rios acima s\u00e3o correspondentes ao hor\u00e1rio de Bras\u00edlia. Noticias em Destaque Fonte: One Football","og_url":"https:\/\/noticiasemdestaque.com\/cd\/?p=40805","og_site_name":"Not&iacute;cias em Destaque","article_published_time":"2022-07-08T23:21:49+00:00","og_image":[{"width":1680,"height":1260,"url":"https:\/\/noticiasemdestaque.com\/cd\/wp-content\/uploads\/2022\/07\/https___esportenewsmundo.com_.br_wp-content_uploads_2022_07_20220708_171131-scaled-1.jpg","type":"image\/jpeg"}],"author":"Not\u00edcias em Destaque","twitter_card":"summary_large_image","twitter_misc":{"Escrito por":"Not\u00edcias em Destaque","Est. tempo de leitura":"2 minutos"},"schema":{"@context":"https:\/\/schema.org","@graph":[{"@type":"Article","@id":"https:\/\/noticiasemdestaque.com\/cd\/?p=40805#article","isPartOf":{"@id":"https:\/\/noticiasemdestaque.com\/cd\/?p=40805"},"author":{"name":"Not\u00edcias em Destaque","@id":"https:\/\/noticiasemdestaque.com\/cd\/#\/schema\/person\/4a81fb71f77579d059c3045891fa1786"},"headline":"CONMEBOL define datas e hor\u00e1rios das quartas de final da Sul-Americana; confira:","datePublished":"2022-07-08T23:21:49+00:00","mainEntityOfPage":{"@id":"https:\/\/noticiasemdestaque.com\/cd\/?p=40805"},"wordCount":195,"publisher":{"@id":"https:\/\/noticiasemdestaque.com\/cd\/#organization"},"image":{"@id":"https:\/\/noticiasemdestaque.com\/cd\/?p=40805#primaryimage"},"thumbnailUrl":"https:\/\/noticiasemdestaque.com\/cd\/wp-content\/uploads\/2022\/07\/https___esportenewsmundo.com_.br_wp-content_uploads_2022_07_20220708_171131-scaled-1.jpg","articleSection":["Esporte"],"inLanguage":"pt-BR"},{"@type":"WebPage","@id":"https:\/\/noticiasemdestaque.com\/cd\/?p=40805","url":"https:\/\/noticiasemdestaque.com\/cd\/?p=40805","name":"CONMEBOL define datas e hor\u00e1rios das quartas de final da Sul-Americana; confira: - Not&iacute;cias em Destaque","isPartOf":{"@id":"https:\/\/noticiasemdestaque.com\/cd\/#website"},"primaryImageOfPage":{"@id":"https:\/\/noticiasemdestaque.com\/cd\/?p=40805#primaryimage"},"image":{"@id":"https:\/\/noticiasemdestaque.com\/cd\/?p=40805#primaryimage"},"thumbnailUrl":"https:\/\/noticiasemdestaque.com\/cd\/wp-content\/uploads\/2022\/07\/https___esportenewsmundo.com_.br_wp-content_uploads_2022_07_20220708_171131-scaled-1.jpg","datePublished":"2022-07-08T23:21:49+00:00","breadcrumb":{"@id":"https:\/\/noticiasemdestaque.com\/cd\/?p=40805#breadcrumb"},"inLanguage":"pt-BR","potentialAction":[{"@type":"ReadAction","target":["https:\/\/noticiasemdestaque.com\/cd\/?p=40805"]}]},{"@type":"ImageObject","inLanguage":"pt-BR","@id":"https:\/\/noticiasemdestaque.com\/cd\/?p=40805#primaryimage","url":"https:\/\/noticiasemdestaque.com\/cd\/wp-content\/uploads\/2022\/07\/https___esportenewsmundo.com_.br_wp-content_uploads_2022_07_20220708_171131-scaled-1.jpg","contentUrl":"https:\/\/noticiasemdestaque.com\/cd\/wp-content\/uploads\/2022\/07\/https___esportenewsmundo.com_.br_wp-content_uploads_2022_07_20220708_171131-scaled-1.jpg","width":1680,"height":1260},{"@type":"BreadcrumbList","@id":"https:\/\/noticiasemdestaque.com\/cd\/?p=40805#breadcrumb","itemListElement":[{"@type":"ListItem","position":1,"name":"In\u00edcio","item":"https:\/\/noticiasemdestaque.com\/cd\/"},{"@type":"ListItem","position":2,"name":"CONMEBOL define datas e hor\u00e1rios das quartas de final da Sul-Americana; confira:"}]},{"@type":"WebSite","@id":"https:\/\/noticiasemdestaque.com\/cd\/#website","url":"https:\/\/noticiasemdestaque.com\/cd\/","name":"Not&iacute;cias em Destaque","description":"","publisher":{"@id":"https:\/\/noticiasemdestaque.com\/cd\/#organization"},"potentialAction":[{"@type":"SearchAction","target":{"@type":"EntryPoint","urlTemplate":"https:\/\/noticiasemdestaque.com\/cd\/?s={search_term_string}"},"query-input":{"@type":"PropertyValueSpecification","valueRequired":true,"valueName":"search_term_string"}}],"inLanguage":"pt-BR"},{"@type":"Organization","@id":"https:\/\/noticiasemdestaque.com\/cd\/#organization","name":"Not\u00edcias em Destaque","url":"https:\/\/noticiasemdestaque.com\/cd\/","logo":{"@type":"ImageObject","inLanguage":"pt-BR","@id":"https:\/\/noticiasemdestaque.com\/cd\/#\/schema\/logo\/image\/","url":"https:\/\/noticiasemdestaque.com\/cd\/wp-content\/uploads\/2022\/05\/imagem-base-noticiasemdestaque.png","contentUrl":"https:\/\/noticiasemdestaque.com\/cd\/wp-content\/uploads\/2022\/05\/imagem-base-noticiasemdestaque.png","width":1200,"height":630,"caption":"Not\u00edcias em Destaque"},"image":{"@id":"https:\/\/noticiasemdestaque.com\/cd\/#\/schema\/logo\/image\/"}},{"@type":"Person","@id":"https:\/\/noticiasemdestaque.com\/cd\/#\/schema\/person\/4a81fb71f77579d059c3045891fa1786","name":"Not\u00edcias em Destaque","url":"https:\/\/noticiasemdestaque.com\/cd\/?author=2"}]}},"jetpack_featured_media_url":"https:\/\/noticiasemdestaque.com\/cd\/wp-content\/uploads\/2022\/07\/https___esportenewsmundo.com_.br_wp-content_uploads_2022_07_20220708_171131-scaled-1.jpg","jetpack_sharing_enabled":true,"_links":{"self":[{"href":"https:\/\/noticiasemdestaque.com\/cd\/index.php?rest_route=\/wp\/v2\/posts\/40805","targetHints":{"allow":["GET"]}}],"collection":[{"href":"https:\/\/noticiasemdestaque.com\/cd\/index.php?rest_route=\/wp\/v2\/posts"}],"about":[{"href":"https:\/\/noticiasemdestaque.com\/cd\/index.php?rest_route=\/wp\/v2\/types\/post"}],"author":[{"embeddable":true,"href":"https:\/\/noticiasemdestaque.com\/cd\/index.php?rest_route=\/wp\/v2\/users\/2"}],"replies":[{"embeddable":true,"href":"https:\/\/noticiasemdestaque.com\/cd\/index.php?rest_route=%2Fwp%2Fv2%2Fcomments&post=40805"}],"version-history":[{"count":1,"href":"https:\/\/noticiasemdestaque.com\/cd\/index.php?rest_route=\/wp\/v2\/posts\/40805\/revisions"}],"predecessor-version":[{"id":40807,"href":"https:\/\/noticiasemdestaque.com\/cd\/index.php?rest_route=\/wp\/v2\/posts\/40805\/revisions\/40807"}],"wp:featuredmedia":[{"embeddable":true,"href":"https:\/\/noticiasemdestaque.com\/cd\/index.php?rest_route=\/wp\/v2\/media\/40806"}],"wp:attachment":[{"href":"https:\/\/noticiasemdestaque.com\/cd\/index.php?rest_route=%2Fwp%2Fv2%2Fmedia&parent=40805"}],"wp:term":[{"taxonomy":"category","embeddable":true,"href":"https:\/\/noticiasemdestaque.com\/cd\/index.php?rest_route=%2Fwp%2Fv2%2Fcategories&post=40805"},{"taxonomy":"post_tag","embeddable":true,"href":"https:\/\/noticiasemdestaque.com\/cd\/index.php?rest_route=%2Fwp%2Fv2%2Ftags&post=40805"}],"curies":[{"name":"wp","href":"https:\/\/api.w.org\/{rel}","templated":true}]}}