{"id":40802,"date":"2022-07-08T19:57:05","date_gmt":"2022-07-08T22:57:05","guid":{"rendered":"https:\/\/noticiasemdestaque.com\/cd\/?p=40802"},"modified":"2022-07-08T19:57:05","modified_gmt":"2022-07-08T22:57:05","slug":"confira-datas-e-horarios-das-quartas-de-final-da-copa-libertadores","status":"publish","type":"post","link":"https:\/\/noticiasemdestaque.com\/cd\/?p=40802","title":{"rendered":"Confira datas e hor\u00e1rios das quartas de final da Copa Libertadores"},"content":{"rendered":"<section class=\"xpa-switch-article\">\n<div class=\"news-paragraph text-1\">\n<p><a href=\"https:\/\/noticiasemdestaque.com\/cd\/wp-content\/uploads\/2022\/05\/libertadores.jpg\"><img fetchpriority=\"high\" decoding=\"async\" class=\"alignnone  wp-image-39328\" src=\"https:\/\/noticiasemdestaque.com\/cd\/wp-content\/uploads\/2022\/05\/libertadores-300x206.jpg\" alt=\"\" width=\"805\" height=\"553\" srcset=\"https:\/\/noticiasemdestaque.com\/cd\/wp-content\/uploads\/2022\/05\/libertadores-300x206.jpg 300w, https:\/\/noticiasemdestaque.com\/cd\/wp-content\/uploads\/2022\/05\/libertadores.jpg 640w\" sizes=\"(max-width: 805px) 100vw, 805px\" \/><\/a><\/p>\n<p>A Conmebol divulgou na tarde desta sexta-feira as datas e hor\u00e1rios das quartas de final da\u00a0<a href=\"https:\/\/www.gazetaesportiva.com\/campeonatos\/libertadores-da-america\/\" target=\"_blank\" rel=\"noopener noreferrer\"><strong>Copa Libertadores<\/strong><\/a>.\u00a0<a href=\"https:\/\/www.gazetaesportiva.com\/times\/corinthians\/\" target=\"_blank\" rel=\"noopener noreferrer\"><strong>Corinthians<\/strong><\/a>,\u00a0<a href=\"https:\/\/www.gazetaesportiva.com\/times\/palmeiras\/\" target=\"_blank\" rel=\"noopener noreferrer\"><strong>Palmeiras<\/strong><\/a>,\u00a0<a href=\"https:\/\/www.gazetaesportiva.com\/times\/flamengo\/\" target=\"_blank\" rel=\"noopener noreferrer\"><strong>Flamengo<\/strong><\/a>,\u00a0<a href=\"https:\/\/www.gazetaesportiva.com\/times\/atletico-mg\/\" target=\"_blank\" rel=\"noopener noreferrer\"><strong>Atl\u00e9tico-MG<\/strong><\/a>,\u00a0<a href=\"https:\/\/www.gazetaesportiva.com\/times\/athletico-paranaense\/\" target=\"_blank\" rel=\"noopener noreferrer\"><strong>Athletico-PR<\/strong><\/a>, Estudiantes, Talleres e V\u00e9lez Sarsfield ainda est\u00e3o vivos no torneio.<\/p>\n<\/div>\n<\/section>\n<section class=\"xpa-switch-article\">\n<div class=\"news-paragraph text-1\">\n<p>O cl\u00e1ssico nacional entre Corinthians e Flamengo tem sua ida, em Itaquera, programada para o dia 2 de agosto (ter\u00e7a-feira). A volta, no Maracan\u00e3, ser\u00e1 no dia 9, na ter\u00e7a seguinte. Ambas as partidas ser\u00e3o \u00e0s 21h30 (de Bras\u00edlia).<\/p>\n<\/div>\n<\/section>\n<section class=\"xpa-switch-article\">\n<div class=\"news-paragraph text-1\">\n<p>J\u00e1 a primeira partida entre Palmeiras e Atl\u00e9tico-MG, que ser\u00e1 no Mineir\u00e3o, tem data para acontecer no dia 3 (quarta-feira), enquanto a volta ser\u00e1 no dia 10, outra quarta. Assim como no outro confronto brasileiro, os dois jogos ser\u00e3o \u00e0s 21h30.<\/p>\n<\/div>\n<\/section>\n<section class=\"xpa-switch-article\">\n<div class=\"news-paragraph text-1\">\n<p><strong>Confira datas e hor\u00e1rios das quartas de final da Copa Libertadores:<\/strong><\/p>\n<\/div>\n<\/section>\n<section class=\"xpa-switch-article\">\n<div class=\"news-paragraph text-1\">\n<p><strong>IDA:<\/strong><\/p>\n<\/div>\n<\/section>\n<section class=\"xpa-switch-article\">\n<div class=\"news-paragraph text-1\">\n<p>Corinthians x Flamengo\u00a0 \u2013 Ter\u00e7a (2\/8) \u2013 21h30<\/p>\n<\/div>\n<\/section>\n<section class=\"xpa-switch-article\">\n<div class=\"news-paragraph text-1\">\n<p>Atl\u00e9tico Mineiro x Palmeiras \u2013 Quarta (3\/8) \u2013 21h30<\/p>\n<\/div>\n<\/section>\n<section class=\"xpa-switch-article\">\n<div class=\"news-paragraph text-1\">\n<p>V\u00e9lez Sarsfield x Talleres \u2013 Quarta (3\/8) \u2013 21h30<\/p>\n<\/div>\n<\/section>\n<section class=\"xpa-switch-article\">\n<div class=\"news-paragraph text-1\">\n<p>Athletico-PR x Estudiantes \u2013 Quinta (4\/8) \u2013 21h30<\/p>\n<\/div>\n<\/section>\n<section class=\"xpa-switch-article\">\n<div class=\"news-paragraph text-1\">\n<p><strong>VOLTA:<\/strong><\/p>\n<\/div>\n<\/section>\n<section class=\"xpa-switch-article\">\n<div class=\"news-paragraph text-1\">\n<p>Flamengo x Corinthians \u2013 Ter\u00e7a (9\/8) \u2013 21h30 \u2013<\/p>\n<\/div>\n<\/section>\n<section class=\"xpa-switch-article\">\n<div class=\"news-paragraph text-1\">\n<p>Palmeiras x Atl\u00e9tico-MG \u2013 Quarta (10\/8) \u2013 21h30<\/p>\n<\/div>\n<\/section>\n<section class=\"xpa-switch-article\">\n<div class=\"news-paragraph text-1\">\n<p>Talleres x V\u00e9lez Sarsfield \u2013 Quarta (10\/8) \u2013 21h30<\/p>\n<\/div>\n<\/section>\n<section class=\"xpa-switch-article\">\n<div class=\"news-paragraph text-1\">\n<p>Estudiantes x Athletico-PR \u2013 Quinta (11\/8) \u2013 21h30<\/p>\n<p><strong>Noticias em Destaque<\/strong><\/p>\n<p style=\"text-align: right;\"><em>Fonte: One Football<\/em><\/p>\n<\/div>\n<\/section>\n","protected":false},"excerpt":{"rendered":"<p>A Conmebol divulgou na tarde desta sexta-feira as datas e hor\u00e1rios das quartas de final da\u00a0Copa Libertadores.\u00a0Corinthians,\u00a0Palmeiras,\u00a0Flamengo,\u00a0Atl\u00e9tico-MG,\u00a0Athletico-PR, Estudiantes, Talleres e V\u00e9lez Sarsfield ainda est\u00e3o vivos no torneio. O cl\u00e1ssico nacional entre Corinthians e Flamengo tem sua ida, em Itaquera, programada para o dia 2 de agosto (ter\u00e7a-feira). A volta, no Maracan\u00e3, ser\u00e1 no dia 9, na ter\u00e7a seguinte. Ambas as partidas ser\u00e3o \u00e0s 21h30 (de Bras\u00edlia). J\u00e1 a primeira partida entre Palmeiras e Atl\u00e9tico-MG, que ser\u00e1 no Mineir\u00e3o, tem data para acontecer no dia 3 (quarta-feira), enquanto a volta ser\u00e1 no dia 10, outra quarta. Assim como no outro confronto brasileiro, os dois jogos ser\u00e3o \u00e0s 21h30. Confira datas e hor\u00e1rios das quartas de final da Copa Libertadores: IDA: Corinthians x Flamengo\u00a0 \u2013 Ter\u00e7a (2\/8) \u2013 21h30 Atl\u00e9tico Mineiro x Palmeiras \u2013 Quarta (3\/8) \u2013 21h30 V\u00e9lez Sarsfield x Talleres \u2013 Quarta (3\/8) \u2013 21h30 Athletico-PR x Estudiantes \u2013 Quinta (4\/8) \u2013 21h30 VOLTA: Flamengo x Corinthians \u2013 Ter\u00e7a (9\/8) \u2013 21h30 \u2013 Palmeiras x Atl\u00e9tico-MG \u2013 Quarta (10\/8) \u2013 21h30 Talleres x V\u00e9lez Sarsfield \u2013 Quarta (10\/8) \u2013 21h30 Estudiantes x Athletico-PR \u2013 Quinta (11\/8) \u2013 21h30 Noticias em Destaque Fonte: One Football<\/p>\n","protected":false},"author":2,"featured_media":23663,"comment_status":"closed","ping_status":"open","sticky":false,"template":"","format":"standard","meta":{"_eb_attr":"","_jetpack_memberships_contains_paid_content":false,"footnotes":""},"categories":[15],"tags":[],"class_list":["post-40802","post","type-post","status-publish","format-standard","has-post-thumbnail","hentry","category-esporte"],"yoast_head":"<!-- This site is optimized with the Yoast SEO plugin v26.5 - https:\/\/yoast.com\/wordpress\/plugins\/seo\/ -->\n<title>Confira datas e hor\u00e1rios das quartas de final da Copa Libertadores - Not&iacute;cias em Destaque<\/title>\n<meta name=\"robots\" content=\"index, follow, max-snippet:-1, max-image-preview:large, max-video-preview:-1\" \/>\n<link rel=\"canonical\" href=\"https:\/\/noticiasemdestaque.com\/cd\/?p=40802\" \/>\n<meta property=\"og:locale\" content=\"pt_BR\" \/>\n<meta property=\"og:type\" content=\"article\" \/>\n<meta property=\"og:title\" content=\"Confira datas e hor\u00e1rios das quartas de final da Copa Libertadores - Not&iacute;cias em Destaque\" \/>\n<meta property=\"og:description\" content=\"A Conmebol divulgou na tarde desta sexta-feira as datas e hor\u00e1rios das quartas de final da\u00a0Copa Libertadores.\u00a0Corinthians,\u00a0Palmeiras,\u00a0Flamengo,\u00a0Atl\u00e9tico-MG,\u00a0Athletico-PR, Estudiantes, Talleres e V\u00e9lez Sarsfield ainda est\u00e3o vivos no torneio. O cl\u00e1ssico nacional entre Corinthians e Flamengo tem sua ida, em Itaquera, programada para o dia 2 de agosto (ter\u00e7a-feira). A volta, no Maracan\u00e3, ser\u00e1 no dia 9, na ter\u00e7a seguinte. Ambas as partidas ser\u00e3o \u00e0s 21h30 (de Bras\u00edlia). J\u00e1 a primeira partida entre Palmeiras e Atl\u00e9tico-MG, que ser\u00e1 no Mineir\u00e3o, tem data para acontecer no dia 3 (quarta-feira), enquanto a volta ser\u00e1 no dia 10, outra quarta. Assim como no outro confronto brasileiro, os dois jogos ser\u00e3o \u00e0s 21h30. Confira datas e hor\u00e1rios das quartas de final da Copa Libertadores: IDA: Corinthians x Flamengo\u00a0 \u2013 Ter\u00e7a (2\/8) \u2013 21h30 Atl\u00e9tico Mineiro x Palmeiras \u2013 Quarta (3\/8) \u2013 21h30 V\u00e9lez Sarsfield x Talleres \u2013 Quarta (3\/8) \u2013 21h30 Athletico-PR x Estudiantes \u2013 Quinta (4\/8) \u2013 21h30 VOLTA: Flamengo x Corinthians \u2013 Ter\u00e7a (9\/8) \u2013 21h30 \u2013 Palmeiras x Atl\u00e9tico-MG \u2013 Quarta (10\/8) \u2013 21h30 Talleres x V\u00e9lez Sarsfield \u2013 Quarta (10\/8) \u2013 21h30 Estudiantes x Athletico-PR \u2013 Quinta (11\/8) \u2013 21h30 Noticias em Destaque Fonte: One Football\" \/>\n<meta property=\"og:url\" content=\"https:\/\/noticiasemdestaque.com\/cd\/?p=40802\" \/>\n<meta property=\"og:site_name\" content=\"Not&iacute;cias em Destaque\" \/>\n<meta property=\"article:published_time\" content=\"2022-07-08T22:57:05+00:00\" \/>\n<meta property=\"og:image\" content=\"https:\/\/noticiasemdestaque.com\/cd\/wp-content\/uploads\/2020\/03\/libertadores.jpg\" \/>\n\t<meta property=\"og:image:width\" content=\"622\" \/>\n\t<meta property=\"og:image:height\" content=\"350\" \/>\n\t<meta property=\"og:image:type\" content=\"image\/jpeg\" \/>\n<meta name=\"author\" content=\"Not\u00edcias em Destaque\" \/>\n<meta name=\"twitter:card\" content=\"summary_large_image\" \/>\n<meta name=\"twitter:label1\" content=\"Escrito por\" \/>\n\t<meta name=\"twitter:data1\" content=\"Not\u00edcias em Destaque\" \/>\n\t<meta name=\"twitter:label2\" content=\"Est. tempo de leitura\" \/>\n\t<meta name=\"twitter:data2\" content=\"2 minutos\" \/>\n<script type=\"application\/ld+json\" class=\"yoast-schema-graph\">{\"@context\":\"https:\/\/schema.org\",\"@graph\":[{\"@type\":\"Article\",\"@id\":\"https:\/\/noticiasemdestaque.com\/cd\/?p=40802#article\",\"isPartOf\":{\"@id\":\"https:\/\/noticiasemdestaque.com\/cd\/?p=40802\"},\"author\":{\"name\":\"Not\u00edcias em Destaque\",\"@id\":\"https:\/\/noticiasemdestaque.com\/cd\/#\/schema\/person\/4a81fb71f77579d059c3045891fa1786\"},\"headline\":\"Confira datas e hor\u00e1rios das quartas de final da Copa Libertadores\",\"datePublished\":\"2022-07-08T22:57:05+00:00\",\"mainEntityOfPage\":{\"@id\":\"https:\/\/noticiasemdestaque.com\/cd\/?p=40802\"},\"wordCount\":202,\"publisher\":{\"@id\":\"https:\/\/noticiasemdestaque.com\/cd\/#organization\"},\"image\":{\"@id\":\"https:\/\/noticiasemdestaque.com\/cd\/?p=40802#primaryimage\"},\"thumbnailUrl\":\"https:\/\/noticiasemdestaque.com\/cd\/wp-content\/uploads\/2020\/03\/libertadores.jpg\",\"articleSection\":[\"Esporte\"],\"inLanguage\":\"pt-BR\"},{\"@type\":\"WebPage\",\"@id\":\"https:\/\/noticiasemdestaque.com\/cd\/?p=40802\",\"url\":\"https:\/\/noticiasemdestaque.com\/cd\/?p=40802\",\"name\":\"Confira datas e hor\u00e1rios das quartas de final da Copa Libertadores - Not&iacute;cias em Destaque\",\"isPartOf\":{\"@id\":\"https:\/\/noticiasemdestaque.com\/cd\/#website\"},\"primaryImageOfPage\":{\"@id\":\"https:\/\/noticiasemdestaque.com\/cd\/?p=40802#primaryimage\"},\"image\":{\"@id\":\"https:\/\/noticiasemdestaque.com\/cd\/?p=40802#primaryimage\"},\"thumbnailUrl\":\"https:\/\/noticiasemdestaque.com\/cd\/wp-content\/uploads\/2020\/03\/libertadores.jpg\",\"datePublished\":\"2022-07-08T22:57:05+00:00\",\"breadcrumb\":{\"@id\":\"https:\/\/noticiasemdestaque.com\/cd\/?p=40802#breadcrumb\"},\"inLanguage\":\"pt-BR\",\"potentialAction\":[{\"@type\":\"ReadAction\",\"target\":[\"https:\/\/noticiasemdestaque.com\/cd\/?p=40802\"]}]},{\"@type\":\"ImageObject\",\"inLanguage\":\"pt-BR\",\"@id\":\"https:\/\/noticiasemdestaque.com\/cd\/?p=40802#primaryimage\",\"url\":\"https:\/\/noticiasemdestaque.com\/cd\/wp-content\/uploads\/2020\/03\/libertadores.jpg\",\"contentUrl\":\"https:\/\/noticiasemdestaque.com\/cd\/wp-content\/uploads\/2020\/03\/libertadores.jpg\",\"width\":622,\"height\":350},{\"@type\":\"BreadcrumbList\",\"@id\":\"https:\/\/noticiasemdestaque.com\/cd\/?p=40802#breadcrumb\",\"itemListElement\":[{\"@type\":\"ListItem\",\"position\":1,\"name\":\"In\u00edcio\",\"item\":\"https:\/\/noticiasemdestaque.com\/cd\/\"},{\"@type\":\"ListItem\",\"position\":2,\"name\":\"Confira datas e hor\u00e1rios das quartas de final da Copa Libertadores\"}]},{\"@type\":\"WebSite\",\"@id\":\"https:\/\/noticiasemdestaque.com\/cd\/#website\",\"url\":\"https:\/\/noticiasemdestaque.com\/cd\/\",\"name\":\"Not&iacute;cias em Destaque\",\"description\":\"\",\"publisher\":{\"@id\":\"https:\/\/noticiasemdestaque.com\/cd\/#organization\"},\"potentialAction\":[{\"@type\":\"SearchAction\",\"target\":{\"@type\":\"EntryPoint\",\"urlTemplate\":\"https:\/\/noticiasemdestaque.com\/cd\/?s={search_term_string}\"},\"query-input\":{\"@type\":\"PropertyValueSpecification\",\"valueRequired\":true,\"valueName\":\"search_term_string\"}}],\"inLanguage\":\"pt-BR\"},{\"@type\":\"Organization\",\"@id\":\"https:\/\/noticiasemdestaque.com\/cd\/#organization\",\"name\":\"Not\u00edcias em Destaque\",\"url\":\"https:\/\/noticiasemdestaque.com\/cd\/\",\"logo\":{\"@type\":\"ImageObject\",\"inLanguage\":\"pt-BR\",\"@id\":\"https:\/\/noticiasemdestaque.com\/cd\/#\/schema\/logo\/image\/\",\"url\":\"https:\/\/noticiasemdestaque.com\/cd\/wp-content\/uploads\/2022\/05\/imagem-base-noticiasemdestaque.png\",\"contentUrl\":\"https:\/\/noticiasemdestaque.com\/cd\/wp-content\/uploads\/2022\/05\/imagem-base-noticiasemdestaque.png\",\"width\":1200,\"height\":630,\"caption\":\"Not\u00edcias em Destaque\"},\"image\":{\"@id\":\"https:\/\/noticiasemdestaque.com\/cd\/#\/schema\/logo\/image\/\"}},{\"@type\":\"Person\",\"@id\":\"https:\/\/noticiasemdestaque.com\/cd\/#\/schema\/person\/4a81fb71f77579d059c3045891fa1786\",\"name\":\"Not\u00edcias em Destaque\",\"url\":\"https:\/\/noticiasemdestaque.com\/cd\/?author=2\"}]}<\/script>\n<!-- \/ Yoast SEO plugin. -->","yoast_head_json":{"title":"Confira datas e hor\u00e1rios das quartas de final da Copa Libertadores - Not&iacute;cias em Destaque","robots":{"index":"index","follow":"follow","max-snippet":"max-snippet:-1","max-image-preview":"max-image-preview:large","max-video-preview":"max-video-preview:-1"},"canonical":"https:\/\/noticiasemdestaque.com\/cd\/?p=40802","og_locale":"pt_BR","og_type":"article","og_title":"Confira datas e hor\u00e1rios das quartas de final da Copa Libertadores - Not&iacute;cias em Destaque","og_description":"A Conmebol divulgou na tarde desta sexta-feira as datas e hor\u00e1rios das quartas de final da\u00a0Copa Libertadores.\u00a0Corinthians,\u00a0Palmeiras,\u00a0Flamengo,\u00a0Atl\u00e9tico-MG,\u00a0Athletico-PR, Estudiantes, Talleres e V\u00e9lez Sarsfield ainda est\u00e3o vivos no torneio. O cl\u00e1ssico nacional entre Corinthians e Flamengo tem sua ida, em Itaquera, programada para o dia 2 de agosto (ter\u00e7a-feira). A volta, no Maracan\u00e3, ser\u00e1 no dia 9, na ter\u00e7a seguinte. Ambas as partidas ser\u00e3o \u00e0s 21h30 (de Bras\u00edlia). J\u00e1 a primeira partida entre Palmeiras e Atl\u00e9tico-MG, que ser\u00e1 no Mineir\u00e3o, tem data para acontecer no dia 3 (quarta-feira), enquanto a volta ser\u00e1 no dia 10, outra quarta. Assim como no outro confronto brasileiro, os dois jogos ser\u00e3o \u00e0s 21h30. Confira datas e hor\u00e1rios das quartas de final da Copa Libertadores: IDA: Corinthians x Flamengo\u00a0 \u2013 Ter\u00e7a (2\/8) \u2013 21h30 Atl\u00e9tico Mineiro x Palmeiras \u2013 Quarta (3\/8) \u2013 21h30 V\u00e9lez Sarsfield x Talleres \u2013 Quarta (3\/8) \u2013 21h30 Athletico-PR x Estudiantes \u2013 Quinta (4\/8) \u2013 21h30 VOLTA: Flamengo x Corinthians \u2013 Ter\u00e7a (9\/8) \u2013 21h30 \u2013 Palmeiras x Atl\u00e9tico-MG \u2013 Quarta (10\/8) \u2013 21h30 Talleres x V\u00e9lez Sarsfield \u2013 Quarta (10\/8) \u2013 21h30 Estudiantes x Athletico-PR \u2013 Quinta (11\/8) \u2013 21h30 Noticias em Destaque Fonte: One Football","og_url":"https:\/\/noticiasemdestaque.com\/cd\/?p=40802","og_site_name":"Not&iacute;cias em Destaque","article_published_time":"2022-07-08T22:57:05+00:00","og_image":[{"width":622,"height":350,"url":"https:\/\/noticiasemdestaque.com\/cd\/wp-content\/uploads\/2020\/03\/libertadores.jpg","type":"image\/jpeg"}],"author":"Not\u00edcias em Destaque","twitter_card":"summary_large_image","twitter_misc":{"Escrito por":"Not\u00edcias em Destaque","Est. tempo de leitura":"2 minutos"},"schema":{"@context":"https:\/\/schema.org","@graph":[{"@type":"Article","@id":"https:\/\/noticiasemdestaque.com\/cd\/?p=40802#article","isPartOf":{"@id":"https:\/\/noticiasemdestaque.com\/cd\/?p=40802"},"author":{"name":"Not\u00edcias em Destaque","@id":"https:\/\/noticiasemdestaque.com\/cd\/#\/schema\/person\/4a81fb71f77579d059c3045891fa1786"},"headline":"Confira datas e hor\u00e1rios das quartas de final da Copa Libertadores","datePublished":"2022-07-08T22:57:05+00:00","mainEntityOfPage":{"@id":"https:\/\/noticiasemdestaque.com\/cd\/?p=40802"},"wordCount":202,"publisher":{"@id":"https:\/\/noticiasemdestaque.com\/cd\/#organization"},"image":{"@id":"https:\/\/noticiasemdestaque.com\/cd\/?p=40802#primaryimage"},"thumbnailUrl":"https:\/\/noticiasemdestaque.com\/cd\/wp-content\/uploads\/2020\/03\/libertadores.jpg","articleSection":["Esporte"],"inLanguage":"pt-BR"},{"@type":"WebPage","@id":"https:\/\/noticiasemdestaque.com\/cd\/?p=40802","url":"https:\/\/noticiasemdestaque.com\/cd\/?p=40802","name":"Confira datas e hor\u00e1rios das quartas de final da Copa Libertadores - Not&iacute;cias em Destaque","isPartOf":{"@id":"https:\/\/noticiasemdestaque.com\/cd\/#website"},"primaryImageOfPage":{"@id":"https:\/\/noticiasemdestaque.com\/cd\/?p=40802#primaryimage"},"image":{"@id":"https:\/\/noticiasemdestaque.com\/cd\/?p=40802#primaryimage"},"thumbnailUrl":"https:\/\/noticiasemdestaque.com\/cd\/wp-content\/uploads\/2020\/03\/libertadores.jpg","datePublished":"2022-07-08T22:57:05+00:00","breadcrumb":{"@id":"https:\/\/noticiasemdestaque.com\/cd\/?p=40802#breadcrumb"},"inLanguage":"pt-BR","potentialAction":[{"@type":"ReadAction","target":["https:\/\/noticiasemdestaque.com\/cd\/?p=40802"]}]},{"@type":"ImageObject","inLanguage":"pt-BR","@id":"https:\/\/noticiasemdestaque.com\/cd\/?p=40802#primaryimage","url":"https:\/\/noticiasemdestaque.com\/cd\/wp-content\/uploads\/2020\/03\/libertadores.jpg","contentUrl":"https:\/\/noticiasemdestaque.com\/cd\/wp-content\/uploads\/2020\/03\/libertadores.jpg","width":622,"height":350},{"@type":"BreadcrumbList","@id":"https:\/\/noticiasemdestaque.com\/cd\/?p=40802#breadcrumb","itemListElement":[{"@type":"ListItem","position":1,"name":"In\u00edcio","item":"https:\/\/noticiasemdestaque.com\/cd\/"},{"@type":"ListItem","position":2,"name":"Confira datas e hor\u00e1rios das quartas de final da Copa Libertadores"}]},{"@type":"WebSite","@id":"https:\/\/noticiasemdestaque.com\/cd\/#website","url":"https:\/\/noticiasemdestaque.com\/cd\/","name":"Not&iacute;cias em Destaque","description":"","publisher":{"@id":"https:\/\/noticiasemdestaque.com\/cd\/#organization"},"potentialAction":[{"@type":"SearchAction","target":{"@type":"EntryPoint","urlTemplate":"https:\/\/noticiasemdestaque.com\/cd\/?s={search_term_string}"},"query-input":{"@type":"PropertyValueSpecification","valueRequired":true,"valueName":"search_term_string"}}],"inLanguage":"pt-BR"},{"@type":"Organization","@id":"https:\/\/noticiasemdestaque.com\/cd\/#organization","name":"Not\u00edcias em Destaque","url":"https:\/\/noticiasemdestaque.com\/cd\/","logo":{"@type":"ImageObject","inLanguage":"pt-BR","@id":"https:\/\/noticiasemdestaque.com\/cd\/#\/schema\/logo\/image\/","url":"https:\/\/noticiasemdestaque.com\/cd\/wp-content\/uploads\/2022\/05\/imagem-base-noticiasemdestaque.png","contentUrl":"https:\/\/noticiasemdestaque.com\/cd\/wp-content\/uploads\/2022\/05\/imagem-base-noticiasemdestaque.png","width":1200,"height":630,"caption":"Not\u00edcias em Destaque"},"image":{"@id":"https:\/\/noticiasemdestaque.com\/cd\/#\/schema\/logo\/image\/"}},{"@type":"Person","@id":"https:\/\/noticiasemdestaque.com\/cd\/#\/schema\/person\/4a81fb71f77579d059c3045891fa1786","name":"Not\u00edcias em Destaque","url":"https:\/\/noticiasemdestaque.com\/cd\/?author=2"}]}},"jetpack_featured_media_url":"https:\/\/noticiasemdestaque.com\/cd\/wp-content\/uploads\/2020\/03\/libertadores.jpg","jetpack_sharing_enabled":true,"_links":{"self":[{"href":"https:\/\/noticiasemdestaque.com\/cd\/index.php?rest_route=\/wp\/v2\/posts\/40802","targetHints":{"allow":["GET"]}}],"collection":[{"href":"https:\/\/noticiasemdestaque.com\/cd\/index.php?rest_route=\/wp\/v2\/posts"}],"about":[{"href":"https:\/\/noticiasemdestaque.com\/cd\/index.php?rest_route=\/wp\/v2\/types\/post"}],"author":[{"embeddable":true,"href":"https:\/\/noticiasemdestaque.com\/cd\/index.php?rest_route=\/wp\/v2\/users\/2"}],"replies":[{"embeddable":true,"href":"https:\/\/noticiasemdestaque.com\/cd\/index.php?rest_route=%2Fwp%2Fv2%2Fcomments&post=40802"}],"version-history":[{"count":2,"href":"https:\/\/noticiasemdestaque.com\/cd\/index.php?rest_route=\/wp\/v2\/posts\/40802\/revisions"}],"predecessor-version":[{"id":40804,"href":"https:\/\/noticiasemdestaque.com\/cd\/index.php?rest_route=\/wp\/v2\/posts\/40802\/revisions\/40804"}],"wp:featuredmedia":[{"embeddable":true,"href":"https:\/\/noticiasemdestaque.com\/cd\/index.php?rest_route=\/wp\/v2\/media\/23663"}],"wp:attachment":[{"href":"https:\/\/noticiasemdestaque.com\/cd\/index.php?rest_route=%2Fwp%2Fv2%2Fmedia&parent=40802"}],"wp:term":[{"taxonomy":"category","embeddable":true,"href":"https:\/\/noticiasemdestaque.com\/cd\/index.php?rest_route=%2Fwp%2Fv2%2Fcategories&post=40802"},{"taxonomy":"post_tag","embeddable":true,"href":"https:\/\/noticiasemdestaque.com\/cd\/index.php?rest_route=%2Fwp%2Fv2%2Ftags&post=40802"}],"curies":[{"name":"wp","href":"https:\/\/api.w.org\/{rel}","templated":true}]}}