{"id":40796,"date":"2022-07-08T19:44:38","date_gmt":"2022-07-08T22:44:38","guid":{"rendered":"https:\/\/noticiasemdestaque.com\/cd\/?p=40796"},"modified":"2022-07-08T19:44:38","modified_gmt":"2022-07-08T22:44:38","slug":"fortes-chuvas-deixam-ruas-alagadas-e-vias-interditadas-na-paraiba","status":"publish","type":"post","link":"https:\/\/noticiasemdestaque.com\/cd\/?p=40796","title":{"rendered":"Fortes chuvas deixam ruas alagadas e vias interditadas na Para\u00edba"},"content":{"rendered":"<p><a href=\"https:\/\/noticiasemdestaque.com\/cd\/wp-content\/uploads\/2022\/07\/Chuva.webp\"><img fetchpriority=\"high\" decoding=\"async\" class=\"alignnone  wp-image-40797\" src=\"https:\/\/noticiasemdestaque.com\/cd\/wp-content\/uploads\/2022\/07\/Chuva-300x200.webp\" alt=\"\" width=\"794\" height=\"529\" srcset=\"https:\/\/noticiasemdestaque.com\/cd\/wp-content\/uploads\/2022\/07\/Chuva-300x200.webp 300w, https:\/\/noticiasemdestaque.com\/cd\/wp-content\/uploads\/2022\/07\/Chuva-768x512.webp 768w, https:\/\/noticiasemdestaque.com\/cd\/wp-content\/uploads\/2022\/07\/Chuva-18x12.webp 18w, https:\/\/noticiasemdestaque.com\/cd\/wp-content\/uploads\/2022\/07\/Chuva.webp 800w\" sizes=\"(max-width: 794px) 100vw, 794px\" \/><\/a><\/p>\n<p>Choveu mais de 100 mil\u00edmetros em alguns bairros de Jo\u00e3o Pessoa entre essa quinta-feira e madrugada desta sexta-feira (8). Os bairros com maior precipita\u00e7\u00e3o foram o Cui\u00e1, com 105 mil\u00edmetros, e Grot\u00e3o, com 104,6 mil\u00edmetros.<\/p>\n<p>Por conta das chuvas, houve um novo deslizamento de terra na barreira que fica \u00e0s margens da BR-230, no bairro Castelo Branco. O barro atingiu parte de uma das faixas da rodovia no sentido Jo\u00e3o Pessoa \u2013 Cabedelo, o que requer maior aten\u00e7\u00e3o dos motoristas.<\/p>\n<p>O trecho foi parcialmente interditado pela Pol\u00edcia Rodovi\u00e1ria Federal e o tr\u00e2nsito est\u00e1 fluindo pela faixa do lado esquerdo.<\/p>\n<p>J\u00e1 na BR 101, Km 165 (Canguaretama \u2013 Rio Grande do Norte), o Rio Curimata\u00fa transbordou e interditou a pista no sentido Natal \u2013 Jo\u00e3o Pessoa. H\u00e1 um desvio no local e est\u00e1 sendo realizada orienta\u00e7\u00e3o de tr\u00e2nsito pela PRF.<\/p>\n<p>Em Mandacaru, um jovem ficou ferido ap\u00f3s o muro da casa onde ele mora desabar. Tamb\u00e9m ocorreu a queda de uma \u00e1rvore na ladeira que liga os bairros do Cabo Branco e Altiplano, no sentido subindo, provocando o bloqueio total. A Sedurb foi acionada para remover a \u00e1rvore.<\/p>\n<div id=\"attachment_613228\" class=\"wp-caption aligncenter\"><img decoding=\"async\" class=\" wp-image-613228\" style=\"box-sizing: border-box; outline: none !important; border: 0px; vertical-align: middle; height: auto; margin: 0px; max-width: 100%; padding: 0px; width: 800px;\" src=\"https:\/\/i0.wp.com\/www.maispb.com.br\/wp-content\/uploads\/2022\/07\/WhatsApp-Image-2022-07-08-at-06.29.49.jpeg?resize=477%2C439&amp;quality=90&amp;strip=all&amp;ssl=1\" sizes=\"(max-width: 477px) 100vw, 477px\" srcset=\"https:\/\/i0.wp.com\/www.maispb.com.br\/wp-content\/uploads\/2022\/07\/WhatsApp-Image-2022-07-08-at-06.29.49.jpeg?resize=300%2C276&amp;quality=90&amp;strip=all&amp;ssl=1 300w, https:\/\/i0.wp.com\/www.maispb.com.br\/wp-content\/uploads\/2022\/07\/WhatsApp-Image-2022-07-08-at-06.29.49.jpeg?resize=800%2C737&amp;quality=90&amp;strip=all&amp;ssl=1 800w, https:\/\/i0.wp.com\/www.maispb.com.br\/wp-content\/uploads\/2022\/07\/WhatsApp-Image-2022-07-08-at-06.29.49.jpeg?w=1080&amp;quality=90&amp;strip=all&amp;ssl=1 1080w\" alt=\"\" width=\"477\" height=\"439\" data-attachment-id=\"613228\" data-permalink=\"https:\/\/www.maispb.com.br\/613221\/chove-mais-de-100-milimetros-em-bairros-de-joao-pessoa-cidade-tem-deslizamentos.html\/whatsapp-image-2022-07-08-at-06-29-49\" data-orig-file=\"https:\/\/i0.wp.com\/www.maispb.com.br\/wp-content\/uploads\/2022\/07\/WhatsApp-Image-2022-07-08-at-06.29.49.jpeg?fit=1080%2C995&amp;quality=90&amp;strip=all&amp;ssl=1\" data-orig-size=\"1080,995\" data-comments-opened=\"0\" data-image-meta=\"{&quot;aperture&quot;:&quot;0&quot;,&quot;credit&quot;:&quot;&quot;,&quot;camera&quot;:&quot;&quot;,&quot;caption&quot;:&quot;&quot;,&quot;created_timestamp&quot;:&quot;0&quot;,&quot;copyright&quot;:&quot;&quot;,&quot;focal_length&quot;:&quot;0&quot;,&quot;iso&quot;:&quot;0&quot;,&quot;shutter_speed&quot;:&quot;0&quot;,&quot;title&quot;:&quot;&quot;,&quot;orientation&quot;:&quot;0&quot;}\" data-image-title=\"WhatsApp Image 2022-07-08 at 06.29.49\" data-image-description=\"\" data-image-caption=\"&lt;p&gt;Queda de \u00e1rvore bloqueia via no Altiplano (Foto: Semob-JP)&lt;\/p&gt;\n\" data-medium-file=\"https:\/\/i0.wp.com\/www.maispb.com.br\/wp-content\/uploads\/2022\/07\/WhatsApp-Image-2022-07-08-at-06.29.49.jpeg?fit=300%2C276&amp;quality=90&amp;strip=all&amp;ssl=1\" data-large-file=\"https:\/\/i0.wp.com\/www.maispb.com.br\/wp-content\/uploads\/2022\/07\/WhatsApp-Image-2022-07-08-at-06.29.49.jpeg?fit=590%2C544&amp;quality=90&amp;strip=all&amp;ssl=1\" data-recalc-dims=\"1\" \/><\/p>\n<p class=\"wp-caption-text\">Queda de \u00e1rvore bloqueia via no Altiplano (Foto: Semob-JP)<\/p>\n<\/div>\n<p><strong>Como acionar a\u00a0<span class=\"il\">Defesa<\/span>\u00a0<span class=\"il\">Civil<\/span><\/strong>\u00a0\u2013 Em caso de ocorr\u00eancia, a popula\u00e7\u00e3o deve acionar a\u00a0<span class=\"il\">Defesa<\/span>\u00a0<span class=\"il\">Civil<\/span>\u00a0pelos n\u00fameros 0800-285-9020 ou 98831-6885 (WhatsApp). O servi\u00e7o funciona 24 horas. A Compdec-JP est\u00e1 presente em todas as a\u00e7\u00f5es de prote\u00e7\u00e3o e assist\u00eancia \u00e0s comunidades, especialmente nos per\u00edodos de maior intensidade de chuvas.<\/p>\n<p><strong>Noticias em Destaque<\/strong><\/p>\n<p style=\"text-align: right;\"><em>Fonte: Mais PB<\/em><\/p>\n","protected":false},"excerpt":{"rendered":"<p>Choveu mais de 100 mil\u00edmetros em alguns bairros de Jo\u00e3o Pessoa entre essa quinta-feira e madrugada desta sexta-feira (8). Os bairros com maior precipita\u00e7\u00e3o foram o Cui\u00e1, com 105 mil\u00edmetros, e Grot\u00e3o, com 104,6 mil\u00edmetros. Por conta das chuvas, houve um novo deslizamento de terra na barreira que fica \u00e0s margens da BR-230, no bairro Castelo Branco. O barro atingiu parte de uma das faixas da rodovia no sentido Jo\u00e3o Pessoa \u2013 Cabedelo, o que requer maior aten\u00e7\u00e3o dos motoristas. O trecho foi parcialmente interditado pela Pol\u00edcia Rodovi\u00e1ria Federal e o tr\u00e2nsito est\u00e1 fluindo pela faixa do lado esquerdo. J\u00e1 na BR 101, Km 165 (Canguaretama \u2013 Rio Grande do Norte), o Rio Curimata\u00fa transbordou e interditou a pista no sentido Natal \u2013 Jo\u00e3o Pessoa. H\u00e1 um desvio no local e est\u00e1 sendo realizada orienta\u00e7\u00e3o de tr\u00e2nsito pela PRF. Em Mandacaru, um jovem ficou ferido ap\u00f3s o muro da casa onde ele mora desabar. Tamb\u00e9m ocorreu a queda de uma \u00e1rvore na ladeira que liga os bairros do Cabo Branco e Altiplano, no sentido subindo, provocando o bloqueio total. A Sedurb foi acionada para remover a \u00e1rvore. Queda de \u00e1rvore bloqueia via no Altiplano (Foto: Semob-JP) Como acionar a\u00a0Defesa\u00a0Civil\u00a0\u2013 Em caso de ocorr\u00eancia, a popula\u00e7\u00e3o deve acionar a\u00a0Defesa\u00a0Civil\u00a0pelos n\u00fameros 0800-285-9020 ou 98831-6885 (WhatsApp). O servi\u00e7o funciona 24 horas. A Compdec-JP est\u00e1 presente em todas as a\u00e7\u00f5es de prote\u00e7\u00e3o e assist\u00eancia \u00e0s comunidades, especialmente nos per\u00edodos de maior intensidade de chuvas. Noticias em Destaque Fonte: Mais PB<\/p>\n","protected":false},"author":2,"featured_media":40797,"comment_status":"closed","ping_status":"open","sticky":false,"template":"","format":"standard","meta":{"_eb_attr":"","_jetpack_memberships_contains_paid_content":false,"footnotes":""},"categories":[3],"tags":[],"class_list":["post-40796","post","type-post","status-publish","format-standard","has-post-thumbnail","hentry","category-cidades"],"yoast_head":"<!-- This site is optimized with the Yoast SEO plugin v26.5 - https:\/\/yoast.com\/wordpress\/plugins\/seo\/ -->\n<title>Fortes chuvas deixam ruas alagadas e vias interditadas na Para\u00edba - Not&iacute;cias em Destaque<\/title>\n<meta name=\"robots\" content=\"index, follow, max-snippet:-1, max-image-preview:large, max-video-preview:-1\" \/>\n<link rel=\"canonical\" href=\"https:\/\/noticiasemdestaque.com\/cd\/?p=40796\" \/>\n<meta property=\"og:locale\" content=\"pt_BR\" \/>\n<meta property=\"og:type\" content=\"article\" \/>\n<meta property=\"og:title\" content=\"Fortes chuvas deixam ruas alagadas e vias interditadas na Para\u00edba - Not&iacute;cias em Destaque\" \/>\n<meta property=\"og:description\" content=\"Choveu mais de 100 mil\u00edmetros em alguns bairros de Jo\u00e3o Pessoa entre essa quinta-feira e madrugada desta sexta-feira (8). Os bairros com maior precipita\u00e7\u00e3o foram o Cui\u00e1, com 105 mil\u00edmetros, e Grot\u00e3o, com 104,6 mil\u00edmetros. Por conta das chuvas, houve um novo deslizamento de terra na barreira que fica \u00e0s margens da BR-230, no bairro Castelo Branco. O barro atingiu parte de uma das faixas da rodovia no sentido Jo\u00e3o Pessoa \u2013 Cabedelo, o que requer maior aten\u00e7\u00e3o dos motoristas. O trecho foi parcialmente interditado pela Pol\u00edcia Rodovi\u00e1ria Federal e o tr\u00e2nsito est\u00e1 fluindo pela faixa do lado esquerdo. J\u00e1 na BR 101, Km 165 (Canguaretama \u2013 Rio Grande do Norte), o Rio Curimata\u00fa transbordou e interditou a pista no sentido Natal \u2013 Jo\u00e3o Pessoa. H\u00e1 um desvio no local e est\u00e1 sendo realizada orienta\u00e7\u00e3o de tr\u00e2nsito pela PRF. Em Mandacaru, um jovem ficou ferido ap\u00f3s o muro da casa onde ele mora desabar. Tamb\u00e9m ocorreu a queda de uma \u00e1rvore na ladeira que liga os bairros do Cabo Branco e Altiplano, no sentido subindo, provocando o bloqueio total. A Sedurb foi acionada para remover a \u00e1rvore. Queda de \u00e1rvore bloqueia via no Altiplano (Foto: Semob-JP) Como acionar a\u00a0Defesa\u00a0Civil\u00a0\u2013 Em caso de ocorr\u00eancia, a popula\u00e7\u00e3o deve acionar a\u00a0Defesa\u00a0Civil\u00a0pelos n\u00fameros 0800-285-9020 ou 98831-6885 (WhatsApp). O servi\u00e7o funciona 24 horas. A Compdec-JP est\u00e1 presente em todas as a\u00e7\u00f5es de prote\u00e7\u00e3o e assist\u00eancia \u00e0s comunidades, especialmente nos per\u00edodos de maior intensidade de chuvas. Noticias em Destaque Fonte: Mais PB\" \/>\n<meta property=\"og:url\" content=\"https:\/\/noticiasemdestaque.com\/cd\/?p=40796\" \/>\n<meta property=\"og:site_name\" content=\"Not&iacute;cias em Destaque\" \/>\n<meta property=\"article:published_time\" content=\"2022-07-08T22:44:38+00:00\" \/>\n<meta property=\"og:image\" content=\"https:\/\/noticiasemdestaque.com\/cd\/wp-content\/uploads\/2022\/07\/Chuva.webp\" \/>\n\t<meta property=\"og:image:width\" content=\"800\" \/>\n\t<meta property=\"og:image:height\" content=\"533\" \/>\n\t<meta property=\"og:image:type\" content=\"image\/webp\" \/>\n<meta name=\"author\" content=\"Not\u00edcias em Destaque\" \/>\n<meta name=\"twitter:card\" content=\"summary_large_image\" \/>\n<meta name=\"twitter:label1\" content=\"Escrito por\" \/>\n\t<meta name=\"twitter:data1\" content=\"Not\u00edcias em Destaque\" \/>\n\t<meta name=\"twitter:label2\" content=\"Est. tempo de leitura\" \/>\n\t<meta name=\"twitter:data2\" content=\"2 minutos\" \/>\n<script type=\"application\/ld+json\" class=\"yoast-schema-graph\">{\"@context\":\"https:\/\/schema.org\",\"@graph\":[{\"@type\":\"Article\",\"@id\":\"https:\/\/noticiasemdestaque.com\/cd\/?p=40796#article\",\"isPartOf\":{\"@id\":\"https:\/\/noticiasemdestaque.com\/cd\/?p=40796\"},\"author\":{\"name\":\"Not\u00edcias em Destaque\",\"@id\":\"https:\/\/noticiasemdestaque.com\/cd\/#\/schema\/person\/4a81fb71f77579d059c3045891fa1786\"},\"headline\":\"Fortes chuvas deixam ruas alagadas e vias interditadas na Para\u00edba\",\"datePublished\":\"2022-07-08T22:44:38+00:00\",\"mainEntityOfPage\":{\"@id\":\"https:\/\/noticiasemdestaque.com\/cd\/?p=40796\"},\"wordCount\":277,\"publisher\":{\"@id\":\"https:\/\/noticiasemdestaque.com\/cd\/#organization\"},\"image\":{\"@id\":\"https:\/\/noticiasemdestaque.com\/cd\/?p=40796#primaryimage\"},\"thumbnailUrl\":\"https:\/\/noticiasemdestaque.com\/cd\/wp-content\/uploads\/2022\/07\/Chuva.webp\",\"articleSection\":[\"Cidades\"],\"inLanguage\":\"pt-BR\"},{\"@type\":\"WebPage\",\"@id\":\"https:\/\/noticiasemdestaque.com\/cd\/?p=40796\",\"url\":\"https:\/\/noticiasemdestaque.com\/cd\/?p=40796\",\"name\":\"Fortes chuvas deixam ruas alagadas e vias interditadas na Para\u00edba - Not&iacute;cias em Destaque\",\"isPartOf\":{\"@id\":\"https:\/\/noticiasemdestaque.com\/cd\/#website\"},\"primaryImageOfPage\":{\"@id\":\"https:\/\/noticiasemdestaque.com\/cd\/?p=40796#primaryimage\"},\"image\":{\"@id\":\"https:\/\/noticiasemdestaque.com\/cd\/?p=40796#primaryimage\"},\"thumbnailUrl\":\"https:\/\/noticiasemdestaque.com\/cd\/wp-content\/uploads\/2022\/07\/Chuva.webp\",\"datePublished\":\"2022-07-08T22:44:38+00:00\",\"breadcrumb\":{\"@id\":\"https:\/\/noticiasemdestaque.com\/cd\/?p=40796#breadcrumb\"},\"inLanguage\":\"pt-BR\",\"potentialAction\":[{\"@type\":\"ReadAction\",\"target\":[\"https:\/\/noticiasemdestaque.com\/cd\/?p=40796\"]}]},{\"@type\":\"ImageObject\",\"inLanguage\":\"pt-BR\",\"@id\":\"https:\/\/noticiasemdestaque.com\/cd\/?p=40796#primaryimage\",\"url\":\"https:\/\/noticiasemdestaque.com\/cd\/wp-content\/uploads\/2022\/07\/Chuva.webp\",\"contentUrl\":\"https:\/\/noticiasemdestaque.com\/cd\/wp-content\/uploads\/2022\/07\/Chuva.webp\",\"width\":800,\"height\":533},{\"@type\":\"BreadcrumbList\",\"@id\":\"https:\/\/noticiasemdestaque.com\/cd\/?p=40796#breadcrumb\",\"itemListElement\":[{\"@type\":\"ListItem\",\"position\":1,\"name\":\"In\u00edcio\",\"item\":\"https:\/\/noticiasemdestaque.com\/cd\/\"},{\"@type\":\"ListItem\",\"position\":2,\"name\":\"Fortes chuvas deixam ruas alagadas e vias interditadas na Para\u00edba\"}]},{\"@type\":\"WebSite\",\"@id\":\"https:\/\/noticiasemdestaque.com\/cd\/#website\",\"url\":\"https:\/\/noticiasemdestaque.com\/cd\/\",\"name\":\"Not&iacute;cias em Destaque\",\"description\":\"\",\"publisher\":{\"@id\":\"https:\/\/noticiasemdestaque.com\/cd\/#organization\"},\"potentialAction\":[{\"@type\":\"SearchAction\",\"target\":{\"@type\":\"EntryPoint\",\"urlTemplate\":\"https:\/\/noticiasemdestaque.com\/cd\/?s={search_term_string}\"},\"query-input\":{\"@type\":\"PropertyValueSpecification\",\"valueRequired\":true,\"valueName\":\"search_term_string\"}}],\"inLanguage\":\"pt-BR\"},{\"@type\":\"Organization\",\"@id\":\"https:\/\/noticiasemdestaque.com\/cd\/#organization\",\"name\":\"Not\u00edcias em Destaque\",\"url\":\"https:\/\/noticiasemdestaque.com\/cd\/\",\"logo\":{\"@type\":\"ImageObject\",\"inLanguage\":\"pt-BR\",\"@id\":\"https:\/\/noticiasemdestaque.com\/cd\/#\/schema\/logo\/image\/\",\"url\":\"https:\/\/noticiasemdestaque.com\/cd\/wp-content\/uploads\/2022\/05\/imagem-base-noticiasemdestaque.png\",\"contentUrl\":\"https:\/\/noticiasemdestaque.com\/cd\/wp-content\/uploads\/2022\/05\/imagem-base-noticiasemdestaque.png\",\"width\":1200,\"height\":630,\"caption\":\"Not\u00edcias em Destaque\"},\"image\":{\"@id\":\"https:\/\/noticiasemdestaque.com\/cd\/#\/schema\/logo\/image\/\"}},{\"@type\":\"Person\",\"@id\":\"https:\/\/noticiasemdestaque.com\/cd\/#\/schema\/person\/4a81fb71f77579d059c3045891fa1786\",\"name\":\"Not\u00edcias em Destaque\",\"url\":\"https:\/\/noticiasemdestaque.com\/cd\/?author=2\"}]}<\/script>\n<!-- \/ Yoast SEO plugin. -->","yoast_head_json":{"title":"Fortes chuvas deixam ruas alagadas e vias interditadas na Para\u00edba - Not&iacute;cias em Destaque","robots":{"index":"index","follow":"follow","max-snippet":"max-snippet:-1","max-image-preview":"max-image-preview:large","max-video-preview":"max-video-preview:-1"},"canonical":"https:\/\/noticiasemdestaque.com\/cd\/?p=40796","og_locale":"pt_BR","og_type":"article","og_title":"Fortes chuvas deixam ruas alagadas e vias interditadas na Para\u00edba - Not&iacute;cias em Destaque","og_description":"Choveu mais de 100 mil\u00edmetros em alguns bairros de Jo\u00e3o Pessoa entre essa quinta-feira e madrugada desta sexta-feira (8). Os bairros com maior precipita\u00e7\u00e3o foram o Cui\u00e1, com 105 mil\u00edmetros, e Grot\u00e3o, com 104,6 mil\u00edmetros. Por conta das chuvas, houve um novo deslizamento de terra na barreira que fica \u00e0s margens da BR-230, no bairro Castelo Branco. O barro atingiu parte de uma das faixas da rodovia no sentido Jo\u00e3o Pessoa \u2013 Cabedelo, o que requer maior aten\u00e7\u00e3o dos motoristas. O trecho foi parcialmente interditado pela Pol\u00edcia Rodovi\u00e1ria Federal e o tr\u00e2nsito est\u00e1 fluindo pela faixa do lado esquerdo. J\u00e1 na BR 101, Km 165 (Canguaretama \u2013 Rio Grande do Norte), o Rio Curimata\u00fa transbordou e interditou a pista no sentido Natal \u2013 Jo\u00e3o Pessoa. H\u00e1 um desvio no local e est\u00e1 sendo realizada orienta\u00e7\u00e3o de tr\u00e2nsito pela PRF. Em Mandacaru, um jovem ficou ferido ap\u00f3s o muro da casa onde ele mora desabar. Tamb\u00e9m ocorreu a queda de uma \u00e1rvore na ladeira que liga os bairros do Cabo Branco e Altiplano, no sentido subindo, provocando o bloqueio total. A Sedurb foi acionada para remover a \u00e1rvore. Queda de \u00e1rvore bloqueia via no Altiplano (Foto: Semob-JP) Como acionar a\u00a0Defesa\u00a0Civil\u00a0\u2013 Em caso de ocorr\u00eancia, a popula\u00e7\u00e3o deve acionar a\u00a0Defesa\u00a0Civil\u00a0pelos n\u00fameros 0800-285-9020 ou 98831-6885 (WhatsApp). O servi\u00e7o funciona 24 horas. A Compdec-JP est\u00e1 presente em todas as a\u00e7\u00f5es de prote\u00e7\u00e3o e assist\u00eancia \u00e0s comunidades, especialmente nos per\u00edodos de maior intensidade de chuvas. Noticias em Destaque Fonte: Mais PB","og_url":"https:\/\/noticiasemdestaque.com\/cd\/?p=40796","og_site_name":"Not&iacute;cias em Destaque","article_published_time":"2022-07-08T22:44:38+00:00","og_image":[{"width":800,"height":533,"url":"https:\/\/noticiasemdestaque.com\/cd\/wp-content\/uploads\/2022\/07\/Chuva.webp","type":"image\/webp"}],"author":"Not\u00edcias em Destaque","twitter_card":"summary_large_image","twitter_misc":{"Escrito por":"Not\u00edcias em Destaque","Est. tempo de leitura":"2 minutos"},"schema":{"@context":"https:\/\/schema.org","@graph":[{"@type":"Article","@id":"https:\/\/noticiasemdestaque.com\/cd\/?p=40796#article","isPartOf":{"@id":"https:\/\/noticiasemdestaque.com\/cd\/?p=40796"},"author":{"name":"Not\u00edcias em Destaque","@id":"https:\/\/noticiasemdestaque.com\/cd\/#\/schema\/person\/4a81fb71f77579d059c3045891fa1786"},"headline":"Fortes chuvas deixam ruas alagadas e vias interditadas na Para\u00edba","datePublished":"2022-07-08T22:44:38+00:00","mainEntityOfPage":{"@id":"https:\/\/noticiasemdestaque.com\/cd\/?p=40796"},"wordCount":277,"publisher":{"@id":"https:\/\/noticiasemdestaque.com\/cd\/#organization"},"image":{"@id":"https:\/\/noticiasemdestaque.com\/cd\/?p=40796#primaryimage"},"thumbnailUrl":"https:\/\/noticiasemdestaque.com\/cd\/wp-content\/uploads\/2022\/07\/Chuva.webp","articleSection":["Cidades"],"inLanguage":"pt-BR"},{"@type":"WebPage","@id":"https:\/\/noticiasemdestaque.com\/cd\/?p=40796","url":"https:\/\/noticiasemdestaque.com\/cd\/?p=40796","name":"Fortes chuvas deixam ruas alagadas e vias interditadas na Para\u00edba - Not&iacute;cias em Destaque","isPartOf":{"@id":"https:\/\/noticiasemdestaque.com\/cd\/#website"},"primaryImageOfPage":{"@id":"https:\/\/noticiasemdestaque.com\/cd\/?p=40796#primaryimage"},"image":{"@id":"https:\/\/noticiasemdestaque.com\/cd\/?p=40796#primaryimage"},"thumbnailUrl":"https:\/\/noticiasemdestaque.com\/cd\/wp-content\/uploads\/2022\/07\/Chuva.webp","datePublished":"2022-07-08T22:44:38+00:00","breadcrumb":{"@id":"https:\/\/noticiasemdestaque.com\/cd\/?p=40796#breadcrumb"},"inLanguage":"pt-BR","potentialAction":[{"@type":"ReadAction","target":["https:\/\/noticiasemdestaque.com\/cd\/?p=40796"]}]},{"@type":"ImageObject","inLanguage":"pt-BR","@id":"https:\/\/noticiasemdestaque.com\/cd\/?p=40796#primaryimage","url":"https:\/\/noticiasemdestaque.com\/cd\/wp-content\/uploads\/2022\/07\/Chuva.webp","contentUrl":"https:\/\/noticiasemdestaque.com\/cd\/wp-content\/uploads\/2022\/07\/Chuva.webp","width":800,"height":533},{"@type":"BreadcrumbList","@id":"https:\/\/noticiasemdestaque.com\/cd\/?p=40796#breadcrumb","itemListElement":[{"@type":"ListItem","position":1,"name":"In\u00edcio","item":"https:\/\/noticiasemdestaque.com\/cd\/"},{"@type":"ListItem","position":2,"name":"Fortes chuvas deixam ruas alagadas e vias interditadas na Para\u00edba"}]},{"@type":"WebSite","@id":"https:\/\/noticiasemdestaque.com\/cd\/#website","url":"https:\/\/noticiasemdestaque.com\/cd\/","name":"Not&iacute;cias em Destaque","description":"","publisher":{"@id":"https:\/\/noticiasemdestaque.com\/cd\/#organization"},"potentialAction":[{"@type":"SearchAction","target":{"@type":"EntryPoint","urlTemplate":"https:\/\/noticiasemdestaque.com\/cd\/?s={search_term_string}"},"query-input":{"@type":"PropertyValueSpecification","valueRequired":true,"valueName":"search_term_string"}}],"inLanguage":"pt-BR"},{"@type":"Organization","@id":"https:\/\/noticiasemdestaque.com\/cd\/#organization","name":"Not\u00edcias em Destaque","url":"https:\/\/noticiasemdestaque.com\/cd\/","logo":{"@type":"ImageObject","inLanguage":"pt-BR","@id":"https:\/\/noticiasemdestaque.com\/cd\/#\/schema\/logo\/image\/","url":"https:\/\/noticiasemdestaque.com\/cd\/wp-content\/uploads\/2022\/05\/imagem-base-noticiasemdestaque.png","contentUrl":"https:\/\/noticiasemdestaque.com\/cd\/wp-content\/uploads\/2022\/05\/imagem-base-noticiasemdestaque.png","width":1200,"height":630,"caption":"Not\u00edcias em Destaque"},"image":{"@id":"https:\/\/noticiasemdestaque.com\/cd\/#\/schema\/logo\/image\/"}},{"@type":"Person","@id":"https:\/\/noticiasemdestaque.com\/cd\/#\/schema\/person\/4a81fb71f77579d059c3045891fa1786","name":"Not\u00edcias em Destaque","url":"https:\/\/noticiasemdestaque.com\/cd\/?author=2"}]}},"jetpack_featured_media_url":"https:\/\/noticiasemdestaque.com\/cd\/wp-content\/uploads\/2022\/07\/Chuva.webp","jetpack_sharing_enabled":true,"_links":{"self":[{"href":"https:\/\/noticiasemdestaque.com\/cd\/index.php?rest_route=\/wp\/v2\/posts\/40796","targetHints":{"allow":["GET"]}}],"collection":[{"href":"https:\/\/noticiasemdestaque.com\/cd\/index.php?rest_route=\/wp\/v2\/posts"}],"about":[{"href":"https:\/\/noticiasemdestaque.com\/cd\/index.php?rest_route=\/wp\/v2\/types\/post"}],"author":[{"embeddable":true,"href":"https:\/\/noticiasemdestaque.com\/cd\/index.php?rest_route=\/wp\/v2\/users\/2"}],"replies":[{"embeddable":true,"href":"https:\/\/noticiasemdestaque.com\/cd\/index.php?rest_route=%2Fwp%2Fv2%2Fcomments&post=40796"}],"version-history":[{"count":1,"href":"https:\/\/noticiasemdestaque.com\/cd\/index.php?rest_route=\/wp\/v2\/posts\/40796\/revisions"}],"predecessor-version":[{"id":40798,"href":"https:\/\/noticiasemdestaque.com\/cd\/index.php?rest_route=\/wp\/v2\/posts\/40796\/revisions\/40798"}],"wp:featuredmedia":[{"embeddable":true,"href":"https:\/\/noticiasemdestaque.com\/cd\/index.php?rest_route=\/wp\/v2\/media\/40797"}],"wp:attachment":[{"href":"https:\/\/noticiasemdestaque.com\/cd\/index.php?rest_route=%2Fwp%2Fv2%2Fmedia&parent=40796"}],"wp:term":[{"taxonomy":"category","embeddable":true,"href":"https:\/\/noticiasemdestaque.com\/cd\/index.php?rest_route=%2Fwp%2Fv2%2Fcategories&post=40796"},{"taxonomy":"post_tag","embeddable":true,"href":"https:\/\/noticiasemdestaque.com\/cd\/index.php?rest_route=%2Fwp%2Fv2%2Ftags&post=40796"}],"curies":[{"name":"wp","href":"https:\/\/api.w.org\/{rel}","templated":true}]}}